{"id":55519,"date":"2024-07-22T11:13:45","date_gmt":"2024-07-22T09:13:45","guid":{"rendered":"https:\/\/progettotouring.it\/radiotouring104\/?p=55519"},"modified":"2024-07-22T11:16:26","modified_gmt":"2024-07-22T09:16:26","slug":"miss-italia-calabria-ha-incoronato-miss-miramare","status":"publish","type":"post","link":"https:\/\/progettotouring.it\/radiotouring104\/2024\/07\/22\/miss-italia-calabria-ha-incoronato-miss-miramare\/","title":{"rendered":"Miss Italia Calabria ha incoronato Miss Miramare"},"content":{"rendered":"<div>\n<p style=\"text-align: justify\" align=\"center\"><em style=\"font-family: 'times new roman', serif\">&#8220;Miss Miramare<\/em><span style=\"font-family: 'times new roman', serif\">&#8220;<\/span><strong style=\"font-family: 'times new roman', serif\"> \u00e8 Chiara Carlomagno<\/strong><span style=\"font-family: 'times new roman', serif\"> di Villapiana<\/span><strong style=\"font-family: 'times new roman', serif\">. Seconda classificata,<\/strong><span style=\"font-family: 'times new roman', serif\"> con la fascia di &#8220;Miss Rocchetta Bellezza&#8221; <\/span><strong style=\"font-family: 'times new roman', serif\">Roberta Mazza.<\/strong><span style=\"font-family: 'times new roman', serif\"> Terza classificata, con la fascia di Miss Framesi Giada Mazzuca. Quarta classificata Greta Tassiello. Quinta classificata Francesca Romano. Sesta classificata Elisa D\u2019Andrea.<\/span><\/p>\n<\/div>\n<div>\n<p style=\"text-align: justify\"><span style=\"font-family: times new roman, serif\"><strong>Linda Suriano e Carmelo Ambrogio, esclusivisti di Miss Italia Calabria e titolari della Carli Fashion Agency:<\/strong> \u00ab<em>Ringraziamo le colonne portanti di questa serata: Maria Rusciani, Roberto Bongiorno e Carmela Perla. Ci auguriamo che sia la prima di una lunga serie. Abbiamo un tour lunghissimo che ci porter\u00e0 alla scoperta della nostra meravigliosa Regione. Ringraziamo la nostra squadra di professionisti, le aspiranti miss e le loro famiglie per l\u2019incessante supporto. Un grande in bocca al lupo a tutte le concorrenti. Rivolgiamo un caloroso invito a tutte le ragazze calabresi: iscrivetevi alle selezioni sul sito ufficiale di Miss Italia e unitevi a noi in questa straordinaria avventura!\u00bb.<\/em><\/span><\/p>\n<p style=\"text-align: justify\"><span style=\"font-family: times new roman, serif\"><strong>Ad ospitare la quinta tappa di Miss Italia Calabria \u00e8 stata la sala ricevimenti Miramare<\/strong>, situata sulle colline di Roseto Capo Spulico, con vista sul Mar Ionio. Il Comune di Roseto Capo Spulico \u00e8 un gioiello della Calabria capace di coniugare passato e presente in un affascinante racconto di cultura e bellezza. Roseto, originariamente una delle citt\u00e0 satellite di Sibari durante l&#8217;epoca della Magna Grecia, era rinomata per la coltivazione di rose. Il nome Roseto, derivante dal latino \u201crosetum\u201d, affonda le radici nella tradizione greco-romana della coltura delle rose. Nell&#8217;antichit\u00e0, i petali venivano utilizzati per riempire i guanciali delle principesse sibarite, conferendo alla citt\u00e0 un legame storico con l\u2019eleganza e la raffinatezza. Nel 1970, il Comune assunse ufficialmente il nome di Roseto Capo Spulico, in omaggio alla sua vicinanza al Capo Spulico, noto nell\u2019antichit\u00e0 come Akron Spylik\u00f2n (\u0386\u03ba\u03c1\u03bf\u03bd \u03a3\u03c0\u03c5\u03bb\u03b9\u03ba\u03cc\u03bd in greco). La Roseto moderna risale al X secolo d.C., con la costruzione del Castrum Roseti tra il 1058 e il 1085 per mano del principe Roberto il Guiscardo. Il periodo di massimo splendore si raggiunse nel 1260 con la costruzione del Castrum Petrae Roseti, noto come Castello Federiciano. Costruita su un sito di culto pagano, la fortezza \u00e8 stata testimone della presenza di Federico II di Svevia, lo \u201cStupor Mundi\u201d, che lasci\u00f2 tracce indelebili, tra cui l&#8217;Onfale con segni della Passione di Cristo e numerosi altri segni lapidei custoditi tra le mura del maniero. Il cuore di Roseto Capo Spulico pulsa attraverso il suo centro storico, un luogo ricco di storia e splendore. La Chiesa Madre di San Nicola di Myra, il Palazzo Baronale e la suggestiva Chiesetta dell\u2019Immacolata Concezione, conosciuta anche come \u201cSanto Totaro\u201d sono solo alcuni dei luoghi di pregio che arricchiscono il borgo. Una delle gemme pi\u00f9 celebri del centro storico \u00e8 la \u201cVinella degli innamorati\u201d, il vicolo pi\u00f9 stretto d\u2019Europa. Questo angolo romantico, dove gli innamorati si incontravano per un bacio rubato e promesse d\u2019amore, \u00e8 ancora oggi considerato simbolo di buon augurio per relazioni durature. Ad oggi, Roseto Capo Spulico continua a incantare visitatori e residenti con la sua ricca eredit\u00e0 storica.<\/span><\/p>\n<p style=\"text-align: justify\"><span style=\"font-family: times new roman, serif\">Ogni dettaglio di Miss Italia Calabria 2024 \u00e8 pensato per esaltare le meraviglie senza tempo della nostra Regione. Le storie e le tradizioni della Calabria sono messe in primo piano, rendendo omaggio a una terra ricca di cultura, storia e bellezze naturali. Le partecipanti al concorso, oltre a sfoggiare la loro bellezza, diventano ambasciatrici di un patrimonio inestimabile, condividendo con il pubblico la magia della nostra terra. Il tema scelto per quest&#8217;edizione, \u201cCalabria tra storie e tradizioni \u2013 un viaggio d\u2019incanto\u201d, cattura l&#8217;essenza autentica delle nostre radici, trasformando ogni tappa del concorso in un&#8217;esperienza indimenticabile. Con la direzione artistica di Linda Suriano, i testi curati da Francesca Marchese e le impeccabili coreografie di Lia Molinaro, lo spettacolo diventa un omaggio vivo e pulsante alla nostra terra. L&#8217;Accademia New Style- Scuola di moda e design di Cosenza, guidata da Franca Trozzo, ha rivisitato con creativit\u00e0 e modernit\u00e0 i tradizionali abiti calabresi, riuscendo a unire passato e presente in un armonioso dialogo di stili e significati. Ad accompagnare le selezioni di Miss Italia Calabria \u00e8 la sigla esclusiva \u201cImmagina la bellezza\u201d, ideata dal cantautore Roberto Bozzo che riflette lo spirito vivace e autentico del concorso. Katia Giannini, esperta in dinamiche dell\u2019inconscio e mental coach, ha portato per la prima volta nel concorso il suo \u201cMetodo Soulfullness\u00ae\u201d, per aiutare le partecipanti a perseguire il sogno della fascia con maggiore consapevolezza e fiducia in s\u00e9 stesse. Sul palcoscenico, le aspiranti miss hanno messo in luce il loro talento e la loro personalit\u00e0, determinate a portare a casa il prestigioso titolo.<\/span><\/p>\n<p style=\"text-align: justify\"><span style=\"font-family: times new roman, serif\">La quinta tappa del concorso \u00e8 stata condotta con grinta dalle carismatiche presentatrici Linda Suriano e Larissa Volpentesta. Grazie alla loro energia e alla loro professionalit\u00e0, l&#8217;evento \u00e8 stato reso ancora pi\u00f9 coinvolgente, mantenendo alto l&#8217;entusiasmo del pubblico e delle partecipanti. L&#8217;atmosfera magica della serata \u00e8 stata ulteriormente arricchita dall&#8217;ospite musicale Elisa Pristeri che, sotto il cielo stellato, ha eseguito brani toccanti come \u201cIl peso del coraggio\u201d di Fiorella Mannoia, \u201cValentine\u201d e \u201cLa paura del buio\u201d dei M\u00e5neskin.<\/span><\/p>\n<p style=\"text-align: justify\"><span style=\"font-family: times new roman, serif\">Maria Rusciani (event planner) e Carmela Perla (Alba Demar B&amp;B) hanno evidenziato l&#8217;importanza di ospitare manifestazioni come Miss Italia Calabria che puntano non soltanto alla valorizzazione dei talenti e della bellezza delle giovani calabresi ma anche alla promozione del territorio e delle sue bellezze storiche e artistiche: \u00abAbbiamo scelto di ospitare Miss Italia a Roseto Capo Spulico per far conoscere ancora di pi\u00f9 il nostro bellissimo Comune. Abbiamo associato la bellezza delle ragazze che ci rappresentano in tutta Italia al fascino di questi luoghi. Ringraziamo i nostri partner per averci consentito di organizzare questo meraviglioso evento. Facciamo un grande in bocca al lupo alle aspiranti miss\u00bb.<\/span><\/p>\n<p style=\"text-align: justify\"><span style=\"font-family: times new roman, serif\">A proclamare la vincitrice della quinta tappa di Miss Italia Calabria \u00e8 stata la giuria composta da: Maria Rusciani (event planner), Sabrina Franco (vicesindaco Comune di Roseto Capo Spulico), Daniela De Titta (Miramare), Alessandra Perla (presidente Associazione Anas), Rocco Franco (Carabiniere), Salvatore Garbato (make-up artist delle dive), Alessia D\u2019Angelo, Francesco Vigiano (Fevi frutta), Daniele Saturnino (Framesi), Antonella Rugiano (Miluna). A seguito dell\u2019incoronazione, Miss Miramare ha confessato di essere: \u00abContenta di questa vittoria inaspettata. \u00c8 stata una serata bellissima. La porter\u00f2 sempre con me. Vorrei dedicare questa fascia a mia nonna, scomparsa da poco. Mi ha sempre incoraggiato a partecipare al concorso\u00bb.<\/span><\/p>\n<p style=\"text-align: justify\"><span style=\"font-family: times new roman, serif\">Il prossimo appuntamento \u00e8 il 23 luglio a Nocera Terinese, dove si terr\u00e0 l&#8217;elezione di Miss Citt\u00e0 di Nocera Terinese. Prosegue cos\u00ec il viaggio di Miss Italia Calabria, portando con s\u00e9 la magia di una Regione ricca di storia e bellezza, in cui ogni tappa diventa un\u2019occasione unica per celebrare la bellezza, la cultura e le sue tradizioni.<\/span><\/p>\n<\/div>\n","protected":false},"excerpt":{"rendered":"<p>&#8220;Miss Miramare&#8220; \u00e8 Chiara Carlomagno di Villapiana. Seconda classificata, con la fascia di &#8220;Miss Rocchetta Bellezza&#8221; Roberta Mazza. Terza classificata, con la fascia di Miss Framesi Giada Mazzuca. Quarta classificata&hellip;<\/p>\n","protected":false},"author":12,"featured_media":55520,"comment_status":"closed","ping_status":"open","sticky":false,"template":"","format":"standard","meta":{"_jetpack_memberships_contains_paid_content":false,"footnotes":"","jetpack_publicize_message":"","jetpack_publicize_feature_enabled":true,"jetpack_social_post_already_shared":false,"jetpack_social_options":{"image_generator_settings":{"template":"highway","default_image_id":0,"font":"","enabled":false},"version":2}},"categories":[142,921,196],"tags":[34087,34086,2341,34088],"class_list":["post-55519","post","type-post","status-publish","format-standard","has-post-thumbnail","hentry","category-calabria","category-home","category-news","tag-chiara-carlomagno","tag-incoronata-miss-moramare","tag-miss-italia-calabria","tag-seconda-classificata-roberta-mazza"],"yoast_head":"<!-- This site is optimized with the Yoast SEO plugin v27.2 - https:\/\/yoast.com\/product\/yoast-seo-wordpress\/ -->\n<title>Miss Italia Calabria ha incoronato Miss Miramare<\/title>\n<meta name=\"description\" content=\"Miss Miramare \u00e8 Chiara Carlomagno di Villapiana. Seconda classificata, con la fascia di Miss Rocchetta Bellezza, Roberta Mazza.\" \/>\n<meta name=\"robots\" content=\"index, follow, max-snippet:-1, max-image-preview:large, max-video-preview:-1\" \/>\n<link rel=\"canonical\" href=\"https:\/\/progettotouring.it\/radiotouring104\/2024\/07\/22\/miss-italia-calabria-ha-incoronato-miss-miramare\/\" \/>\n<meta property=\"og:locale\" content=\"it_IT\" \/>\n<meta property=\"og:type\" content=\"article\" \/>\n<meta property=\"og:title\" content=\"Miss Italia Calabria ha incoronato Miss Miramare\" \/>\n<meta property=\"og:description\" content=\"Miss Miramare \u00e8 Chiara Carlomagno di Villapiana. Seconda classificata, con la fascia di Miss Rocchetta Bellezza, Roberta Mazza.\" \/>\n<meta property=\"og:url\" content=\"https:\/\/progettotouring.it\/radiotouring104\/2024\/07\/22\/miss-italia-calabria-ha-incoronato-miss-miramare\/\" \/>\n<meta property=\"og:site_name\" content=\"Radio Touring 104\" \/>\n<meta property=\"article:published_time\" content=\"2024-07-22T09:13:45+00:00\" \/>\n<meta property=\"article:modified_time\" content=\"2024-07-22T09:16:26+00:00\" \/>\n<meta property=\"og:image\" content=\"https:\/\/progettotouring.it\/radiotouring104\/wp-content\/uploads\/sites\/6\/2024\/07\/MISS-MIRAMARE-CHIARA-CARLOMAGNO.jpeg\" \/>\n\t<meta property=\"og:image:width\" content=\"1200\" \/>\n\t<meta property=\"og:image:height\" content=\"1600\" \/>\n\t<meta property=\"og:image:type\" content=\"image\/jpeg\" \/>\n<meta name=\"author\" content=\"Sebastiano Plutino\" \/>\n<meta name=\"twitter:card\" content=\"summary_large_image\" \/>\n<meta name=\"twitter:label1\" content=\"Scritto da\" \/>\n\t<meta name=\"twitter:data1\" content=\"Sebastiano Plutino\" \/>\n\t<meta name=\"twitter:label2\" content=\"Tempo di lettura stimato\" \/>\n\t<meta name=\"twitter:data2\" content=\"5 minuti\" \/>\n<script type=\"application\/ld+json\" class=\"yoast-schema-graph\">{\"@context\":\"https:\/\/schema.org\",\"@graph\":[{\"@type\":\"Article\",\"@id\":\"https:\/\/progettotouring.it\/radiotouring104\/2024\/07\/22\/miss-italia-calabria-ha-incoronato-miss-miramare\/#article\",\"isPartOf\":{\"@id\":\"https:\/\/progettotouring.it\/radiotouring104\/2024\/07\/22\/miss-italia-calabria-ha-incoronato-miss-miramare\/\"},\"author\":{\"name\":\"Sebastiano Plutino\",\"@id\":\"https:\/\/progettotouring.it\/radiotouring104\/#\/schema\/person\/78613917f1851f041f7483f5af1d422e\"},\"headline\":\"Miss Italia Calabria ha incoronato Miss Miramare\",\"datePublished\":\"2024-07-22T09:13:45+00:00\",\"dateModified\":\"2024-07-22T09:16:26+00:00\",\"mainEntityOfPage\":{\"@id\":\"https:\/\/progettotouring.it\/radiotouring104\/2024\/07\/22\/miss-italia-calabria-ha-incoronato-miss-miramare\/\"},\"wordCount\":1092,\"publisher\":{\"@id\":\"https:\/\/progettotouring.it\/radiotouring104\/#organization\"},\"image\":{\"@id\":\"https:\/\/progettotouring.it\/radiotouring104\/2024\/07\/22\/miss-italia-calabria-ha-incoronato-miss-miramare\/#primaryimage\"},\"thumbnailUrl\":\"https:\/\/progettotouring.it\/radiotouring104\/wp-content\/uploads\/sites\/6\/2024\/07\/MISS-MIRAMARE-CHIARA-CARLOMAGNO.jpeg\",\"keywords\":[\"Chiara Carlomagno\",\"incoronata Miss Moramare\",\"Miss Italia Calabria\",\"Seconda classificata Roberta Mazza.\"],\"articleSection\":[\"Calabria\",\"Home\",\"News\"],\"inLanguage\":\"it-IT\"},{\"@type\":\"WebPage\",\"@id\":\"https:\/\/progettotouring.it\/radiotouring104\/2024\/07\/22\/miss-italia-calabria-ha-incoronato-miss-miramare\/\",\"url\":\"https:\/\/progettotouring.it\/radiotouring104\/2024\/07\/22\/miss-italia-calabria-ha-incoronato-miss-miramare\/\",\"name\":\"Miss Italia Calabria ha incoronato Miss Miramare\",\"isPartOf\":{\"@id\":\"https:\/\/progettotouring.it\/radiotouring104\/#website\"},\"primaryImageOfPage\":{\"@id\":\"https:\/\/progettotouring.it\/radiotouring104\/2024\/07\/22\/miss-italia-calabria-ha-incoronato-miss-miramare\/#primaryimage\"},\"image\":{\"@id\":\"https:\/\/progettotouring.it\/radiotouring104\/2024\/07\/22\/miss-italia-calabria-ha-incoronato-miss-miramare\/#primaryimage\"},\"thumbnailUrl\":\"https:\/\/progettotouring.it\/radiotouring104\/wp-content\/uploads\/sites\/6\/2024\/07\/MISS-MIRAMARE-CHIARA-CARLOMAGNO.jpeg\",\"datePublished\":\"2024-07-22T09:13:45+00:00\",\"dateModified\":\"2024-07-22T09:16:26+00:00\",\"description\":\"Miss Miramare \u00e8 Chiara Carlomagno di Villapiana. Seconda classificata, con la fascia di Miss Rocchetta Bellezza, Roberta Mazza.\",\"breadcrumb\":{\"@id\":\"https:\/\/progettotouring.it\/radiotouring104\/2024\/07\/22\/miss-italia-calabria-ha-incoronato-miss-miramare\/#breadcrumb\"},\"inLanguage\":\"it-IT\",\"potentialAction\":[{\"@type\":\"ReadAction\",\"target\":[\"https:\/\/progettotouring.it\/radiotouring104\/2024\/07\/22\/miss-italia-calabria-ha-incoronato-miss-miramare\/\"]}]},{\"@type\":\"ImageObject\",\"inLanguage\":\"it-IT\",\"@id\":\"https:\/\/progettotouring.it\/radiotouring104\/2024\/07\/22\/miss-italia-calabria-ha-incoronato-miss-miramare\/#primaryimage\",\"url\":\"https:\/\/progettotouring.it\/radiotouring104\/wp-content\/uploads\/sites\/6\/2024\/07\/MISS-MIRAMARE-CHIARA-CARLOMAGNO.jpeg\",\"contentUrl\":\"https:\/\/progettotouring.it\/radiotouring104\/wp-content\/uploads\/sites\/6\/2024\/07\/MISS-MIRAMARE-CHIARA-CARLOMAGNO.jpeg\",\"width\":1200,\"height\":1600},{\"@type\":\"BreadcrumbList\",\"@id\":\"https:\/\/progettotouring.it\/radiotouring104\/2024\/07\/22\/miss-italia-calabria-ha-incoronato-miss-miramare\/#breadcrumb\",\"itemListElement\":[{\"@type\":\"ListItem\",\"position\":1,\"name\":\"Home\",\"item\":\"https:\/\/progettotouring.it\/radiotouring104\/\"},{\"@type\":\"ListItem\",\"position\":2,\"name\":\"Miss Italia Calabria ha incoronato Miss Miramare\"}]},{\"@type\":\"WebSite\",\"@id\":\"https:\/\/progettotouring.it\/radiotouring104\/#website\",\"url\":\"https:\/\/progettotouring.it\/radiotouring104\/\",\"name\":\"Radio Touring 104\",\"description\":\"La prima radio Reggina\",\"publisher\":{\"@id\":\"https:\/\/progettotouring.it\/radiotouring104\/#organization\"},\"potentialAction\":[{\"@type\":\"SearchAction\",\"target\":{\"@type\":\"EntryPoint\",\"urlTemplate\":\"https:\/\/progettotouring.it\/radiotouring104\/?s={search_term_string}\"},\"query-input\":{\"@type\":\"PropertyValueSpecification\",\"valueRequired\":true,\"valueName\":\"search_term_string\"}}],\"inLanguage\":\"it-IT\"},{\"@type\":\"Organization\",\"@id\":\"https:\/\/progettotouring.it\/radiotouring104\/#organization\",\"name\":\"Radio Touring 104\",\"url\":\"https:\/\/progettotouring.it\/radiotouring104\/\",\"logo\":{\"@type\":\"ImageObject\",\"inLanguage\":\"it-IT\",\"@id\":\"https:\/\/progettotouring.it\/radiotouring104\/#\/schema\/logo\/image\/\",\"url\":\"https:\/\/progettotouring.it\/radiotouring104\/wp-content\/uploads\/sites\/6\/2022\/02\/cropped-logo-radio-touring-104.png\",\"contentUrl\":\"https:\/\/progettotouring.it\/radiotouring104\/wp-content\/uploads\/sites\/6\/2022\/02\/cropped-logo-radio-touring-104.png\",\"width\":377,\"height\":182,\"caption\":\"Radio Touring 104\"},\"image\":{\"@id\":\"https:\/\/progettotouring.it\/radiotouring104\/#\/schema\/logo\/image\/\"}},{\"@type\":\"Person\",\"@id\":\"https:\/\/progettotouring.it\/radiotouring104\/#\/schema\/person\/78613917f1851f041f7483f5af1d422e\",\"name\":\"Sebastiano Plutino\",\"image\":{\"@type\":\"ImageObject\",\"inLanguage\":\"it-IT\",\"@id\":\"https:\/\/secure.gravatar.com\/avatar\/0546ffaa9b79224faf9f2a156b67a529ae861d3287c66c1d8ccfdf909bcba78d?s=96&d=mm&r=g\",\"url\":\"https:\/\/secure.gravatar.com\/avatar\/0546ffaa9b79224faf9f2a156b67a529ae861d3287c66c1d8ccfdf909bcba78d?s=96&d=mm&r=g\",\"contentUrl\":\"https:\/\/secure.gravatar.com\/avatar\/0546ffaa9b79224faf9f2a156b67a529ae861d3287c66c1d8ccfdf909bcba78d?s=96&d=mm&r=g\",\"caption\":\"Sebastiano Plutino\"},\"url\":\"https:\/\/progettotouring.it\/radiotouring104\/author\/sebastiano\/\"}]}<\/script>\n<!-- \/ Yoast SEO plugin. -->","yoast_head_json":{"title":"Miss Italia Calabria ha incoronato Miss Miramare","description":"Miss Miramare \u00e8 Chiara Carlomagno di Villapiana. Seconda classificata, con la fascia di Miss Rocchetta Bellezza, Roberta Mazza.","robots":{"index":"index","follow":"follow","max-snippet":"max-snippet:-1","max-image-preview":"max-image-preview:large","max-video-preview":"max-video-preview:-1"},"canonical":"https:\/\/progettotouring.it\/radiotouring104\/2024\/07\/22\/miss-italia-calabria-ha-incoronato-miss-miramare\/","og_locale":"it_IT","og_type":"article","og_title":"Miss Italia Calabria ha incoronato Miss Miramare","og_description":"Miss Miramare \u00e8 Chiara Carlomagno di Villapiana. Seconda classificata, con la fascia di Miss Rocchetta Bellezza, Roberta Mazza.","og_url":"https:\/\/progettotouring.it\/radiotouring104\/2024\/07\/22\/miss-italia-calabria-ha-incoronato-miss-miramare\/","og_site_name":"Radio Touring 104","article_published_time":"2024-07-22T09:13:45+00:00","article_modified_time":"2024-07-22T09:16:26+00:00","og_image":[{"width":1200,"height":1600,"url":"https:\/\/progettotouring.it\/radiotouring104\/wp-content\/uploads\/sites\/6\/2024\/07\/MISS-MIRAMARE-CHIARA-CARLOMAGNO.jpeg","type":"image\/jpeg"}],"author":"Sebastiano Plutino","twitter_card":"summary_large_image","twitter_misc":{"Scritto da":"Sebastiano Plutino","Tempo di lettura stimato":"5 minuti"},"schema":{"@context":"https:\/\/schema.org","@graph":[{"@type":"Article","@id":"https:\/\/progettotouring.it\/radiotouring104\/2024\/07\/22\/miss-italia-calabria-ha-incoronato-miss-miramare\/#article","isPartOf":{"@id":"https:\/\/progettotouring.it\/radiotouring104\/2024\/07\/22\/miss-italia-calabria-ha-incoronato-miss-miramare\/"},"author":{"name":"Sebastiano Plutino","@id":"https:\/\/progettotouring.it\/radiotouring104\/#\/schema\/person\/78613917f1851f041f7483f5af1d422e"},"headline":"Miss Italia Calabria ha incoronato Miss Miramare","datePublished":"2024-07-22T09:13:45+00:00","dateModified":"2024-07-22T09:16:26+00:00","mainEntityOfPage":{"@id":"https:\/\/progettotouring.it\/radiotouring104\/2024\/07\/22\/miss-italia-calabria-ha-incoronato-miss-miramare\/"},"wordCount":1092,"publisher":{"@id":"https:\/\/progettotouring.it\/radiotouring104\/#organization"},"image":{"@id":"https:\/\/progettotouring.it\/radiotouring104\/2024\/07\/22\/miss-italia-calabria-ha-incoronato-miss-miramare\/#primaryimage"},"thumbnailUrl":"https:\/\/progettotouring.it\/radiotouring104\/wp-content\/uploads\/sites\/6\/2024\/07\/MISS-MIRAMARE-CHIARA-CARLOMAGNO.jpeg","keywords":["Chiara Carlomagno","incoronata Miss Moramare","Miss Italia Calabria","Seconda classificata Roberta Mazza."],"articleSection":["Calabria","Home","News"],"inLanguage":"it-IT"},{"@type":"WebPage","@id":"https:\/\/progettotouring.it\/radiotouring104\/2024\/07\/22\/miss-italia-calabria-ha-incoronato-miss-miramare\/","url":"https:\/\/progettotouring.it\/radiotouring104\/2024\/07\/22\/miss-italia-calabria-ha-incoronato-miss-miramare\/","name":"Miss Italia Calabria ha incoronato Miss Miramare","isPartOf":{"@id":"https:\/\/progettotouring.it\/radiotouring104\/#website"},"primaryImageOfPage":{"@id":"https:\/\/progettotouring.it\/radiotouring104\/2024\/07\/22\/miss-italia-calabria-ha-incoronato-miss-miramare\/#primaryimage"},"image":{"@id":"https:\/\/progettotouring.it\/radiotouring104\/2024\/07\/22\/miss-italia-calabria-ha-incoronato-miss-miramare\/#primaryimage"},"thumbnailUrl":"https:\/\/progettotouring.it\/radiotouring104\/wp-content\/uploads\/sites\/6\/2024\/07\/MISS-MIRAMARE-CHIARA-CARLOMAGNO.jpeg","datePublished":"2024-07-22T09:13:45+00:00","dateModified":"2024-07-22T09:16:26+00:00","description":"Miss Miramare \u00e8 Chiara Carlomagno di Villapiana. Seconda classificata, con la fascia di Miss Rocchetta Bellezza, Roberta Mazza.","breadcrumb":{"@id":"https:\/\/progettotouring.it\/radiotouring104\/2024\/07\/22\/miss-italia-calabria-ha-incoronato-miss-miramare\/#breadcrumb"},"inLanguage":"it-IT","potentialAction":[{"@type":"ReadAction","target":["https:\/\/progettotouring.it\/radiotouring104\/2024\/07\/22\/miss-italia-calabria-ha-incoronato-miss-miramare\/"]}]},{"@type":"ImageObject","inLanguage":"it-IT","@id":"https:\/\/progettotouring.it\/radiotouring104\/2024\/07\/22\/miss-italia-calabria-ha-incoronato-miss-miramare\/#primaryimage","url":"https:\/\/progettotouring.it\/radiotouring104\/wp-content\/uploads\/sites\/6\/2024\/07\/MISS-MIRAMARE-CHIARA-CARLOMAGNO.jpeg","contentUrl":"https:\/\/progettotouring.it\/radiotouring104\/wp-content\/uploads\/sites\/6\/2024\/07\/MISS-MIRAMARE-CHIARA-CARLOMAGNO.jpeg","width":1200,"height":1600},{"@type":"BreadcrumbList","@id":"https:\/\/progettotouring.it\/radiotouring104\/2024\/07\/22\/miss-italia-calabria-ha-incoronato-miss-miramare\/#breadcrumb","itemListElement":[{"@type":"ListItem","position":1,"name":"Home","item":"https:\/\/progettotouring.it\/radiotouring104\/"},{"@type":"ListItem","position":2,"name":"Miss Italia Calabria ha incoronato Miss Miramare"}]},{"@type":"WebSite","@id":"https:\/\/progettotouring.it\/radiotouring104\/#website","url":"https:\/\/progettotouring.it\/radiotouring104\/","name":"Radio Touring 104","description":"La prima radio Reggina","publisher":{"@id":"https:\/\/progettotouring.it\/radiotouring104\/#organization"},"potentialAction":[{"@type":"SearchAction","target":{"@type":"EntryPoint","urlTemplate":"https:\/\/progettotouring.it\/radiotouring104\/?s={search_term_string}"},"query-input":{"@type":"PropertyValueSpecification","valueRequired":true,"valueName":"search_term_string"}}],"inLanguage":"it-IT"},{"@type":"Organization","@id":"https:\/\/progettotouring.it\/radiotouring104\/#organization","name":"Radio Touring 104","url":"https:\/\/progettotouring.it\/radiotouring104\/","logo":{"@type":"ImageObject","inLanguage":"it-IT","@id":"https:\/\/progettotouring.it\/radiotouring104\/#\/schema\/logo\/image\/","url":"https:\/\/progettotouring.it\/radiotouring104\/wp-content\/uploads\/sites\/6\/2022\/02\/cropped-logo-radio-touring-104.png","contentUrl":"https:\/\/progettotouring.it\/radiotouring104\/wp-content\/uploads\/sites\/6\/2022\/02\/cropped-logo-radio-touring-104.png","width":377,"height":182,"caption":"Radio Touring 104"},"image":{"@id":"https:\/\/progettotouring.it\/radiotouring104\/#\/schema\/logo\/image\/"}},{"@type":"Person","@id":"https:\/\/progettotouring.it\/radiotouring104\/#\/schema\/person\/78613917f1851f041f7483f5af1d422e","name":"Sebastiano Plutino","image":{"@type":"ImageObject","inLanguage":"it-IT","@id":"https:\/\/secure.gravatar.com\/avatar\/0546ffaa9b79224faf9f2a156b67a529ae861d3287c66c1d8ccfdf909bcba78d?s=96&d=mm&r=g","url":"https:\/\/secure.gravatar.com\/avatar\/0546ffaa9b79224faf9f2a156b67a529ae861d3287c66c1d8ccfdf909bcba78d?s=96&d=mm&r=g","contentUrl":"https:\/\/secure.gravatar.com\/avatar\/0546ffaa9b79224faf9f2a156b67a529ae861d3287c66c1d8ccfdf909bcba78d?s=96&d=mm&r=g","caption":"Sebastiano Plutino"},"url":"https:\/\/progettotouring.it\/radiotouring104\/author\/sebastiano\/"}]}},"jetpack_publicize_connections":[],"jetpack_featured_media_url":"https:\/\/progettotouring.it\/radiotouring104\/wp-content\/uploads\/sites\/6\/2024\/07\/MISS-MIRAMARE-CHIARA-CARLOMAGNO.jpeg","jetpack_sharing_enabled":true,"_links":{"self":[{"href":"https:\/\/progettotouring.it\/radiotouring104\/wp-json\/wp\/v2\/posts\/55519","targetHints":{"allow":["GET"]}}],"collection":[{"href":"https:\/\/progettotouring.it\/radiotouring104\/wp-json\/wp\/v2\/posts"}],"about":[{"href":"https:\/\/progettotouring.it\/radiotouring104\/wp-json\/wp\/v2\/types\/post"}],"author":[{"embeddable":true,"href":"https:\/\/progettotouring.it\/radiotouring104\/wp-json\/wp\/v2\/users\/12"}],"replies":[{"embeddable":true,"href":"https:\/\/progettotouring.it\/radiotouring104\/wp-json\/wp\/v2\/comments?post=55519"}],"version-history":[{"count":2,"href":"https:\/\/progettotouring.it\/radiotouring104\/wp-json\/wp\/v2\/posts\/55519\/revisions"}],"predecessor-version":[{"id":55522,"href":"https:\/\/progettotouring.it\/radiotouring104\/wp-json\/wp\/v2\/posts\/55519\/revisions\/55522"}],"wp:featuredmedia":[{"embeddable":true,"href":"https:\/\/progettotouring.it\/radiotouring104\/wp-json\/wp\/v2\/media\/55520"}],"wp:attachment":[{"href":"https:\/\/progettotouring.it\/radiotouring104\/wp-json\/wp\/v2\/media?parent=55519"}],"wp:term":[{"taxonomy":"category","embeddable":true,"href":"https:\/\/progettotouring.it\/radiotouring104\/wp-json\/wp\/v2\/categories?post=55519"},{"taxonomy":"post_tag","embeddable":true,"href":"https:\/\/progettotouring.it\/radiotouring104\/wp-json\/wp\/v2\/tags?post=55519"}],"curies":[{"name":"wp","href":"https:\/\/api.w.org\/{rel}","templated":true}]}}