{"id":55525,"date":"2024-07-22T11:24:35","date_gmt":"2024-07-22T09:24:35","guid":{"rendered":"https:\/\/progettotouring.it\/radiotouring104\/?p=55525"},"modified":"2024-07-22T11:24:35","modified_gmt":"2024-07-22T09:24:35","slug":"autonomia-differenziata-nucera-e-olivieri-grande-opportunita-per-la-calabria","status":"publish","type":"post","link":"https:\/\/progettotouring.it\/radiotouring104\/2024\/07\/22\/autonomia-differenziata-nucera-e-olivieri-grande-opportunita-per-la-calabria\/","title":{"rendered":"Autonomia differenziata, Nucera e Olivieri: &#8220;Grande opportunit\u00e0 per la Calabria&#8221;"},"content":{"rendered":"<p style=\"text-align: justify\"><strong>Autonomia differenziata<\/strong>, l\u2019imprenditore<strong> Giuseppe Nucera<\/strong> del movimento \u2018La Calabria che vogliamo\u2019, gi\u00e0 Presidente di Confindustria Reggio Calabria,<strong> insieme all\u2019economista Matteo Olivieri si schierano convintamente a favore della legg<\/strong>e, vista come una grande opportunit\u00e0 di sviluppo per la Calabria.<\/p>\n<p style=\"text-align: justify\">\n<p style=\"text-align: justify\"><em>\u201cSono trascorsi soltanto pochi giorni dalla promulgazione della legge sulla autonomia differenziata, e dalla stampa apprendiamo che la Regione Veneto ha subito chiesto al Governo l&#8217;attribuzione delle materie concorrenti secondo quanto previsto dall&#8217;art. 117 della Costituzione. La richiesta iniziale prevede nove ambiti, tra i quali si leggono alcuni notevoli come la delega ai rapporti internazionali, il commercio con l\u2019estero e la protezione civile, la previdenza complementare e integrativa. Ad essi se ne aggiungeranno in futuro altri 14, non appena verr\u00e0 sciolta la discussione riguardante i Livelli Essenziali di Prestazioni\u201d, <\/em><strong>dichiarano Nucera e e Olivieri.<\/strong><\/p>\n<p style=\"text-align: justify\"><em>\u201cCon questa mossa il Veneto rompe gli indugi e si candida a diventare un modello da seguire per le altre regioni italiane. E la Calabria? Dopo il dietrofront del Presidente Occhiuto, che in meno di un anno \u00e8 passato dal ricoprire il ruolo di patriota della autonomia differenziata a quello di talebano nel suo stesso partito, la Calabria si trova dinanzi ad un bivio: stare a guardare alla finestra quello che fanno gli altri oppure prendere atto che l&#8217;autonomia differenziata \u00e8 ormai legge e quindi vale forse la pena provare a metterla a frutto con intelligenza a vantaggio dei calabresi?<\/em><strong>\u201d, continuano Nucera ed Oliveri<\/strong><\/p>\n<p style=\"text-align: justify\"><em>\u201cGli ambiti per i quali la legge concede autonomia alle regioni sono molti ma alcuni sembrano scritti apposta per la Calabria, considerata la presenza di numerose comunit\u00e0 di calabresi nel mondo e le tante potenzialit\u00e0 ancora inespresse della nostra terra. Tra l&#8217;altro, il Presidente del Veneto Luca Zaia ha invitato al gemellaggio con una regione del Sud e la Calabria potrebbe raccogliere tale invito per esempio lavorando gomito a gomito sul rilancio del settore termale o forestale, che sono ambiti di competenza regionale, e tanto in Veneto quanto in Calabria rappresentano due voci molto importanti del turismo, della tutela della salute e in futuro &#8211; si spera &#8211; anche della formazione tecnica e professionale. Ma la sfida del decentramento (che \u00e8 innanzitutto decisionale e riguarda la possibilit\u00e0 di prendere in mano il proprio futuro!) include anche la possibilit\u00e0 di creare aziende di credito a carattere regionale o enti di credito fondiario e agrario a carattere regionale. Riportare dopo tanti anni in Calabria un istituto di credito a carattere regionale, che investa nella crescita del territorio o nel ritorno di cervelli in fuga come parte del proprio mandato, potrebbe certamente ridare nuova linfa alle filiere agroindustriali della nostra regione ed impedire il drenaggio di risorse che annualmente lascia la nostra regione per essere investita altrove\u201d<\/em>, proseguono\u00a0la loro analisi favorevole all\u2019autonomia differenziata Nucera e Olivieri.<\/p>\n<p style=\"text-align: justify\"><em>\u201cOvviamente gi\u00e0 esiste la societ\u00e0 finanziaria Fincalabra, ma \u00e8 indubbio che le possibilit\u00e0 offerte dalla autonomia differenziata consentirebbero di andare oltre il perimetro di azione della azienda in-house, che ora \u00e8 limitato per lo pi\u00f9 alla gestione dei fondi comunitari, ma che in un prossimo futuro potrebbe ampliarsi fino a diventare un vero e proprio collettore del risparmio dei calabresi nonch\u00e9 un fondo di investimento destinato allo sviluppo di settori industriali strategici per la Calabria, sull&#8217;esempio di quanto fa Cassa Depositi e Prestiti a livello nazionale. Siamo convinti che l&#8217;autonomia differenziata possa rappresentare la scintilla in grado di far scattare nuovamente nei calabresi l&#8217;orgoglio di appartenenza, e per questo motivo riteniamo che il tempo sia maturo per avviare una discussione seria e non dogmatica sull&#8217;argomento, utile soprattutto a scardinare la mentalit\u00e0 assistenziale che ancora prevale in molte aree della nostra Calabria\u201d.<\/em> <strong>concludono la loro analisi Nucera ed Oliveri<\/strong><\/p>\n","protected":false},"excerpt":{"rendered":"<p>Autonomia differenziata, l\u2019imprenditore Giuseppe Nucera del movimento \u2018La Calabria che vogliamo\u2019, gi\u00e0 Presidente di Confindustria Reggio Calabria, insieme all\u2019economista Matteo Olivieri si schierano convintamente a favore della legge, vista come&hellip;<\/p>\n","protected":false},"author":12,"featured_media":43985,"comment_status":"closed","ping_status":"open","sticky":false,"template":"","format":"standard","meta":{"_jetpack_memberships_contains_paid_content":false,"footnotes":"","jetpack_publicize_message":"","jetpack_publicize_feature_enabled":true,"jetpack_social_post_already_shared":false,"jetpack_social_options":{"image_generator_settings":{"template":"highway","default_image_id":0,"font":"","enabled":false},"version":2}},"categories":[142,921,196],"tags":[34090,6518,8130,34089,17172],"class_list":["post-55525","post","type-post","status-publish","format-standard","has-post-thumbnail","hentry","category-calabria","category-home","category-news","tag-grande-opportunita-per-la-calabria","tag-autonomia-differenziata","tag-giuseppe-nucera","tag-matteo-olivieri","tag-movimento-la-calabria-che-vogliamo"],"yoast_head":"<!-- This site is optimized with the Yoast SEO plugin v27.2 - https:\/\/yoast.com\/product\/yoast-seo-wordpress\/ -->\n<title>Autonomia, Nucera e Olivieri: &quot;Grande opportunit\u00e0 per la Calabria&quot;<\/title>\n<meta name=\"description\" content=\"Giuseppe Nucera del movimento \u2018La Calabria che vogliamo\u2019 e dell&#039;economista Matteo Olivieri si schierano a favore della legge sull&#039;Autonomia\" \/>\n<meta name=\"robots\" content=\"index, follow, max-snippet:-1, max-image-preview:large, max-video-preview:-1\" \/>\n<link rel=\"canonical\" href=\"https:\/\/progettotouring.it\/radiotouring104\/2024\/07\/22\/autonomia-differenziata-nucera-e-olivieri-grande-opportunita-per-la-calabria\/\" \/>\n<meta property=\"og:locale\" content=\"it_IT\" \/>\n<meta property=\"og:type\" content=\"article\" \/>\n<meta property=\"og:title\" content=\"Autonomia, Nucera e Olivieri: &quot;Grande opportunit\u00e0 per la Calabria&quot;\" \/>\n<meta property=\"og:description\" content=\"Giuseppe Nucera del movimento \u2018La Calabria che vogliamo\u2019 e dell&#039;economista Matteo Olivieri si schierano a favore della legge sull&#039;Autonomia\" \/>\n<meta property=\"og:url\" content=\"https:\/\/progettotouring.it\/radiotouring104\/2024\/07\/22\/autonomia-differenziata-nucera-e-olivieri-grande-opportunita-per-la-calabria\/\" \/>\n<meta property=\"og:site_name\" content=\"Radio Touring 104\" \/>\n<meta property=\"article:published_time\" content=\"2024-07-22T09:24:35+00:00\" \/>\n<meta property=\"og:image\" content=\"https:\/\/progettotouring.it\/radiotouring104\/wp-content\/uploads\/sites\/6\/2024\/02\/giuseppe-nucera.jpg\" \/>\n\t<meta property=\"og:image:width\" content=\"640\" \/>\n\t<meta property=\"og:image:height\" content=\"494\" \/>\n\t<meta property=\"og:image:type\" content=\"image\/jpeg\" \/>\n<meta name=\"author\" content=\"Sebastiano Plutino\" \/>\n<meta name=\"twitter:card\" content=\"summary_large_image\" \/>\n<meta name=\"twitter:label1\" content=\"Scritto da\" \/>\n\t<meta name=\"twitter:data1\" content=\"Sebastiano Plutino\" \/>\n\t<meta name=\"twitter:label2\" content=\"Tempo di lettura stimato\" \/>\n\t<meta name=\"twitter:data2\" content=\"3 minuti\" \/>\n<script type=\"application\/ld+json\" class=\"yoast-schema-graph\">{\"@context\":\"https:\/\/schema.org\",\"@graph\":[{\"@type\":\"Article\",\"@id\":\"https:\/\/progettotouring.it\/radiotouring104\/2024\/07\/22\/autonomia-differenziata-nucera-e-olivieri-grande-opportunita-per-la-calabria\/#article\",\"isPartOf\":{\"@id\":\"https:\/\/progettotouring.it\/radiotouring104\/2024\/07\/22\/autonomia-differenziata-nucera-e-olivieri-grande-opportunita-per-la-calabria\/\"},\"author\":{\"name\":\"Sebastiano Plutino\",\"@id\":\"https:\/\/progettotouring.it\/radiotouring104\/#\/schema\/person\/78613917f1851f041f7483f5af1d422e\"},\"headline\":\"Autonomia differenziata, Nucera e Olivieri: &#8220;Grande opportunit\u00e0 per la Calabria&#8221;\",\"datePublished\":\"2024-07-22T09:24:35+00:00\",\"mainEntityOfPage\":{\"@id\":\"https:\/\/progettotouring.it\/radiotouring104\/2024\/07\/22\/autonomia-differenziata-nucera-e-olivieri-grande-opportunita-per-la-calabria\/\"},\"wordCount\":615,\"publisher\":{\"@id\":\"https:\/\/progettotouring.it\/radiotouring104\/#organization\"},\"image\":{\"@id\":\"https:\/\/progettotouring.it\/radiotouring104\/2024\/07\/22\/autonomia-differenziata-nucera-e-olivieri-grande-opportunita-per-la-calabria\/#primaryimage\"},\"thumbnailUrl\":\"https:\/\/progettotouring.it\/radiotouring104\/wp-content\/uploads\/sites\/6\/2024\/02\/giuseppe-nucera.jpg\",\"keywords\":[\"\\\"Grande opportunit\u00e0 per la Calabria\\\"\",\"autonomia differenziata\",\"Giuseppe Nucera\",\"Matteo Olivieri\",\"movimento \u2018La Calabria che vogliamo\u2019\"],\"articleSection\":[\"Calabria\",\"Home\",\"News\"],\"inLanguage\":\"it-IT\"},{\"@type\":\"WebPage\",\"@id\":\"https:\/\/progettotouring.it\/radiotouring104\/2024\/07\/22\/autonomia-differenziata-nucera-e-olivieri-grande-opportunita-per-la-calabria\/\",\"url\":\"https:\/\/progettotouring.it\/radiotouring104\/2024\/07\/22\/autonomia-differenziata-nucera-e-olivieri-grande-opportunita-per-la-calabria\/\",\"name\":\"Autonomia, Nucera e Olivieri: \\\"Grande opportunit\u00e0 per la Calabria\\\"\",\"isPartOf\":{\"@id\":\"https:\/\/progettotouring.it\/radiotouring104\/#website\"},\"primaryImageOfPage\":{\"@id\":\"https:\/\/progettotouring.it\/radiotouring104\/2024\/07\/22\/autonomia-differenziata-nucera-e-olivieri-grande-opportunita-per-la-calabria\/#primaryimage\"},\"image\":{\"@id\":\"https:\/\/progettotouring.it\/radiotouring104\/2024\/07\/22\/autonomia-differenziata-nucera-e-olivieri-grande-opportunita-per-la-calabria\/#primaryimage\"},\"thumbnailUrl\":\"https:\/\/progettotouring.it\/radiotouring104\/wp-content\/uploads\/sites\/6\/2024\/02\/giuseppe-nucera.jpg\",\"datePublished\":\"2024-07-22T09:24:35+00:00\",\"description\":\"Giuseppe Nucera del movimento \u2018La Calabria che vogliamo\u2019 e dell'economista Matteo Olivieri si schierano a favore della legge sull'Autonomia\",\"breadcrumb\":{\"@id\":\"https:\/\/progettotouring.it\/radiotouring104\/2024\/07\/22\/autonomia-differenziata-nucera-e-olivieri-grande-opportunita-per-la-calabria\/#breadcrumb\"},\"inLanguage\":\"it-IT\",\"potentialAction\":[{\"@type\":\"ReadAction\",\"target\":[\"https:\/\/progettotouring.it\/radiotouring104\/2024\/07\/22\/autonomia-differenziata-nucera-e-olivieri-grande-opportunita-per-la-calabria\/\"]}]},{\"@type\":\"ImageObject\",\"inLanguage\":\"it-IT\",\"@id\":\"https:\/\/progettotouring.it\/radiotouring104\/2024\/07\/22\/autonomia-differenziata-nucera-e-olivieri-grande-opportunita-per-la-calabria\/#primaryimage\",\"url\":\"https:\/\/progettotouring.it\/radiotouring104\/wp-content\/uploads\/sites\/6\/2024\/02\/giuseppe-nucera.jpg\",\"contentUrl\":\"https:\/\/progettotouring.it\/radiotouring104\/wp-content\/uploads\/sites\/6\/2024\/02\/giuseppe-nucera.jpg\",\"width\":640,\"height\":494},{\"@type\":\"BreadcrumbList\",\"@id\":\"https:\/\/progettotouring.it\/radiotouring104\/2024\/07\/22\/autonomia-differenziata-nucera-e-olivieri-grande-opportunita-per-la-calabria\/#breadcrumb\",\"itemListElement\":[{\"@type\":\"ListItem\",\"position\":1,\"name\":\"Home\",\"item\":\"https:\/\/progettotouring.it\/radiotouring104\/\"},{\"@type\":\"ListItem\",\"position\":2,\"name\":\"Autonomia differenziata, Nucera e Olivieri: &#8220;Grande opportunit\u00e0 per la Calabria&#8221;\"}]},{\"@type\":\"WebSite\",\"@id\":\"https:\/\/progettotouring.it\/radiotouring104\/#website\",\"url\":\"https:\/\/progettotouring.it\/radiotouring104\/\",\"name\":\"Radio Touring 104\",\"description\":\"La prima radio Reggina\",\"publisher\":{\"@id\":\"https:\/\/progettotouring.it\/radiotouring104\/#organization\"},\"potentialAction\":[{\"@type\":\"SearchAction\",\"target\":{\"@type\":\"EntryPoint\",\"urlTemplate\":\"https:\/\/progettotouring.it\/radiotouring104\/?s={search_term_string}\"},\"query-input\":{\"@type\":\"PropertyValueSpecification\",\"valueRequired\":true,\"valueName\":\"search_term_string\"}}],\"inLanguage\":\"it-IT\"},{\"@type\":\"Organization\",\"@id\":\"https:\/\/progettotouring.it\/radiotouring104\/#organization\",\"name\":\"Radio Touring 104\",\"url\":\"https:\/\/progettotouring.it\/radiotouring104\/\",\"logo\":{\"@type\":\"ImageObject\",\"inLanguage\":\"it-IT\",\"@id\":\"https:\/\/progettotouring.it\/radiotouring104\/#\/schema\/logo\/image\/\",\"url\":\"https:\/\/progettotouring.it\/radiotouring104\/wp-content\/uploads\/sites\/6\/2022\/02\/cropped-logo-radio-touring-104.png\",\"contentUrl\":\"https:\/\/progettotouring.it\/radiotouring104\/wp-content\/uploads\/sites\/6\/2022\/02\/cropped-logo-radio-touring-104.png\",\"width\":377,\"height\":182,\"caption\":\"Radio Touring 104\"},\"image\":{\"@id\":\"https:\/\/progettotouring.it\/radiotouring104\/#\/schema\/logo\/image\/\"}},{\"@type\":\"Person\",\"@id\":\"https:\/\/progettotouring.it\/radiotouring104\/#\/schema\/person\/78613917f1851f041f7483f5af1d422e\",\"name\":\"Sebastiano Plutino\",\"image\":{\"@type\":\"ImageObject\",\"inLanguage\":\"it-IT\",\"@id\":\"https:\/\/secure.gravatar.com\/avatar\/0546ffaa9b79224faf9f2a156b67a529ae861d3287c66c1d8ccfdf909bcba78d?s=96&d=mm&r=g\",\"url\":\"https:\/\/secure.gravatar.com\/avatar\/0546ffaa9b79224faf9f2a156b67a529ae861d3287c66c1d8ccfdf909bcba78d?s=96&d=mm&r=g\",\"contentUrl\":\"https:\/\/secure.gravatar.com\/avatar\/0546ffaa9b79224faf9f2a156b67a529ae861d3287c66c1d8ccfdf909bcba78d?s=96&d=mm&r=g\",\"caption\":\"Sebastiano Plutino\"},\"url\":\"https:\/\/progettotouring.it\/radiotouring104\/author\/sebastiano\/\"}]}<\/script>\n<!-- \/ Yoast SEO plugin. -->","yoast_head_json":{"title":"Autonomia, Nucera e Olivieri: \"Grande opportunit\u00e0 per la Calabria\"","description":"Giuseppe Nucera del movimento \u2018La Calabria che vogliamo\u2019 e dell'economista Matteo Olivieri si schierano a favore della legge sull'Autonomia","robots":{"index":"index","follow":"follow","max-snippet":"max-snippet:-1","max-image-preview":"max-image-preview:large","max-video-preview":"max-video-preview:-1"},"canonical":"https:\/\/progettotouring.it\/radiotouring104\/2024\/07\/22\/autonomia-differenziata-nucera-e-olivieri-grande-opportunita-per-la-calabria\/","og_locale":"it_IT","og_type":"article","og_title":"Autonomia, Nucera e Olivieri: \"Grande opportunit\u00e0 per la Calabria\"","og_description":"Giuseppe Nucera del movimento \u2018La Calabria che vogliamo\u2019 e dell'economista Matteo Olivieri si schierano a favore della legge sull'Autonomia","og_url":"https:\/\/progettotouring.it\/radiotouring104\/2024\/07\/22\/autonomia-differenziata-nucera-e-olivieri-grande-opportunita-per-la-calabria\/","og_site_name":"Radio Touring 104","article_published_time":"2024-07-22T09:24:35+00:00","og_image":[{"width":640,"height":494,"url":"https:\/\/progettotouring.it\/radiotouring104\/wp-content\/uploads\/sites\/6\/2024\/02\/giuseppe-nucera.jpg","type":"image\/jpeg"}],"author":"Sebastiano Plutino","twitter_card":"summary_large_image","twitter_misc":{"Scritto da":"Sebastiano Plutino","Tempo di lettura stimato":"3 minuti"},"schema":{"@context":"https:\/\/schema.org","@graph":[{"@type":"Article","@id":"https:\/\/progettotouring.it\/radiotouring104\/2024\/07\/22\/autonomia-differenziata-nucera-e-olivieri-grande-opportunita-per-la-calabria\/#article","isPartOf":{"@id":"https:\/\/progettotouring.it\/radiotouring104\/2024\/07\/22\/autonomia-differenziata-nucera-e-olivieri-grande-opportunita-per-la-calabria\/"},"author":{"name":"Sebastiano Plutino","@id":"https:\/\/progettotouring.it\/radiotouring104\/#\/schema\/person\/78613917f1851f041f7483f5af1d422e"},"headline":"Autonomia differenziata, Nucera e Olivieri: &#8220;Grande opportunit\u00e0 per la Calabria&#8221;","datePublished":"2024-07-22T09:24:35+00:00","mainEntityOfPage":{"@id":"https:\/\/progettotouring.it\/radiotouring104\/2024\/07\/22\/autonomia-differenziata-nucera-e-olivieri-grande-opportunita-per-la-calabria\/"},"wordCount":615,"publisher":{"@id":"https:\/\/progettotouring.it\/radiotouring104\/#organization"},"image":{"@id":"https:\/\/progettotouring.it\/radiotouring104\/2024\/07\/22\/autonomia-differenziata-nucera-e-olivieri-grande-opportunita-per-la-calabria\/#primaryimage"},"thumbnailUrl":"https:\/\/progettotouring.it\/radiotouring104\/wp-content\/uploads\/sites\/6\/2024\/02\/giuseppe-nucera.jpg","keywords":["\"Grande opportunit\u00e0 per la Calabria\"","autonomia differenziata","Giuseppe Nucera","Matteo Olivieri","movimento \u2018La Calabria che vogliamo\u2019"],"articleSection":["Calabria","Home","News"],"inLanguage":"it-IT"},{"@type":"WebPage","@id":"https:\/\/progettotouring.it\/radiotouring104\/2024\/07\/22\/autonomia-differenziata-nucera-e-olivieri-grande-opportunita-per-la-calabria\/","url":"https:\/\/progettotouring.it\/radiotouring104\/2024\/07\/22\/autonomia-differenziata-nucera-e-olivieri-grande-opportunita-per-la-calabria\/","name":"Autonomia, Nucera e Olivieri: \"Grande opportunit\u00e0 per la Calabria\"","isPartOf":{"@id":"https:\/\/progettotouring.it\/radiotouring104\/#website"},"primaryImageOfPage":{"@id":"https:\/\/progettotouring.it\/radiotouring104\/2024\/07\/22\/autonomia-differenziata-nucera-e-olivieri-grande-opportunita-per-la-calabria\/#primaryimage"},"image":{"@id":"https:\/\/progettotouring.it\/radiotouring104\/2024\/07\/22\/autonomia-differenziata-nucera-e-olivieri-grande-opportunita-per-la-calabria\/#primaryimage"},"thumbnailUrl":"https:\/\/progettotouring.it\/radiotouring104\/wp-content\/uploads\/sites\/6\/2024\/02\/giuseppe-nucera.jpg","datePublished":"2024-07-22T09:24:35+00:00","description":"Giuseppe Nucera del movimento \u2018La Calabria che vogliamo\u2019 e dell'economista Matteo Olivieri si schierano a favore della legge sull'Autonomia","breadcrumb":{"@id":"https:\/\/progettotouring.it\/radiotouring104\/2024\/07\/22\/autonomia-differenziata-nucera-e-olivieri-grande-opportunita-per-la-calabria\/#breadcrumb"},"inLanguage":"it-IT","potentialAction":[{"@type":"ReadAction","target":["https:\/\/progettotouring.it\/radiotouring104\/2024\/07\/22\/autonomia-differenziata-nucera-e-olivieri-grande-opportunita-per-la-calabria\/"]}]},{"@type":"ImageObject","inLanguage":"it-IT","@id":"https:\/\/progettotouring.it\/radiotouring104\/2024\/07\/22\/autonomia-differenziata-nucera-e-olivieri-grande-opportunita-per-la-calabria\/#primaryimage","url":"https:\/\/progettotouring.it\/radiotouring104\/wp-content\/uploads\/sites\/6\/2024\/02\/giuseppe-nucera.jpg","contentUrl":"https:\/\/progettotouring.it\/radiotouring104\/wp-content\/uploads\/sites\/6\/2024\/02\/giuseppe-nucera.jpg","width":640,"height":494},{"@type":"BreadcrumbList","@id":"https:\/\/progettotouring.it\/radiotouring104\/2024\/07\/22\/autonomia-differenziata-nucera-e-olivieri-grande-opportunita-per-la-calabria\/#breadcrumb","itemListElement":[{"@type":"ListItem","position":1,"name":"Home","item":"https:\/\/progettotouring.it\/radiotouring104\/"},{"@type":"ListItem","position":2,"name":"Autonomia differenziata, Nucera e Olivieri: &#8220;Grande opportunit\u00e0 per la Calabria&#8221;"}]},{"@type":"WebSite","@id":"https:\/\/progettotouring.it\/radiotouring104\/#website","url":"https:\/\/progettotouring.it\/radiotouring104\/","name":"Radio Touring 104","description":"La prima radio Reggina","publisher":{"@id":"https:\/\/progettotouring.it\/radiotouring104\/#organization"},"potentialAction":[{"@type":"SearchAction","target":{"@type":"EntryPoint","urlTemplate":"https:\/\/progettotouring.it\/radiotouring104\/?s={search_term_string}"},"query-input":{"@type":"PropertyValueSpecification","valueRequired":true,"valueName":"search_term_string"}}],"inLanguage":"it-IT"},{"@type":"Organization","@id":"https:\/\/progettotouring.it\/radiotouring104\/#organization","name":"Radio Touring 104","url":"https:\/\/progettotouring.it\/radiotouring104\/","logo":{"@type":"ImageObject","inLanguage":"it-IT","@id":"https:\/\/progettotouring.it\/radiotouring104\/#\/schema\/logo\/image\/","url":"https:\/\/progettotouring.it\/radiotouring104\/wp-content\/uploads\/sites\/6\/2022\/02\/cropped-logo-radio-touring-104.png","contentUrl":"https:\/\/progettotouring.it\/radiotouring104\/wp-content\/uploads\/sites\/6\/2022\/02\/cropped-logo-radio-touring-104.png","width":377,"height":182,"caption":"Radio Touring 104"},"image":{"@id":"https:\/\/progettotouring.it\/radiotouring104\/#\/schema\/logo\/image\/"}},{"@type":"Person","@id":"https:\/\/progettotouring.it\/radiotouring104\/#\/schema\/person\/78613917f1851f041f7483f5af1d422e","name":"Sebastiano Plutino","image":{"@type":"ImageObject","inLanguage":"it-IT","@id":"https:\/\/secure.gravatar.com\/avatar\/0546ffaa9b79224faf9f2a156b67a529ae861d3287c66c1d8ccfdf909bcba78d?s=96&d=mm&r=g","url":"https:\/\/secure.gravatar.com\/avatar\/0546ffaa9b79224faf9f2a156b67a529ae861d3287c66c1d8ccfdf909bcba78d?s=96&d=mm&r=g","contentUrl":"https:\/\/secure.gravatar.com\/avatar\/0546ffaa9b79224faf9f2a156b67a529ae861d3287c66c1d8ccfdf909bcba78d?s=96&d=mm&r=g","caption":"Sebastiano Plutino"},"url":"https:\/\/progettotouring.it\/radiotouring104\/author\/sebastiano\/"}]}},"jetpack_publicize_connections":[],"jetpack_featured_media_url":"https:\/\/progettotouring.it\/radiotouring104\/wp-content\/uploads\/sites\/6\/2024\/02\/giuseppe-nucera.jpg","jetpack_sharing_enabled":true,"_links":{"self":[{"href":"https:\/\/progettotouring.it\/radiotouring104\/wp-json\/wp\/v2\/posts\/55525","targetHints":{"allow":["GET"]}}],"collection":[{"href":"https:\/\/progettotouring.it\/radiotouring104\/wp-json\/wp\/v2\/posts"}],"about":[{"href":"https:\/\/progettotouring.it\/radiotouring104\/wp-json\/wp\/v2\/types\/post"}],"author":[{"embeddable":true,"href":"https:\/\/progettotouring.it\/radiotouring104\/wp-json\/wp\/v2\/users\/12"}],"replies":[{"embeddable":true,"href":"https:\/\/progettotouring.it\/radiotouring104\/wp-json\/wp\/v2\/comments?post=55525"}],"version-history":[{"count":1,"href":"https:\/\/progettotouring.it\/radiotouring104\/wp-json\/wp\/v2\/posts\/55525\/revisions"}],"predecessor-version":[{"id":55526,"href":"https:\/\/progettotouring.it\/radiotouring104\/wp-json\/wp\/v2\/posts\/55525\/revisions\/55526"}],"wp:featuredmedia":[{"embeddable":true,"href":"https:\/\/progettotouring.it\/radiotouring104\/wp-json\/wp\/v2\/media\/43985"}],"wp:attachment":[{"href":"https:\/\/progettotouring.it\/radiotouring104\/wp-json\/wp\/v2\/media?parent=55525"}],"wp:term":[{"taxonomy":"category","embeddable":true,"href":"https:\/\/progettotouring.it\/radiotouring104\/wp-json\/wp\/v2\/categories?post=55525"},{"taxonomy":"post_tag","embeddable":true,"href":"https:\/\/progettotouring.it\/radiotouring104\/wp-json\/wp\/v2\/tags?post=55525"}],"curies":[{"name":"wp","href":"https:\/\/api.w.org\/{rel}","templated":true}]}}