{"id":55539,"date":"2024-07-22T12:18:17","date_gmt":"2024-07-22T10:18:17","guid":{"rendered":"https:\/\/progettotouring.it\/radiotouring104\/?p=55539"},"modified":"2024-07-22T12:49:10","modified_gmt":"2024-07-22T10:49:10","slug":"reggio-falcomata-alla-consegna-dei-premi-bergafest-2024-sul-lungomare","status":"publish","type":"post","link":"https:\/\/progettotouring.it\/radiotouring104\/2024\/07\/22\/reggio-falcomata-alla-consegna-dei-premi-bergafest-2024-sul-lungomare\/","title":{"rendered":"Reggio: Falcomat\u00e0 alla consegna dei premi Bergafest 2024 sul Lungomare"},"content":{"rendered":"<div style=\"text-align: justify\"><em>\u201cIn 24 anni e 24 edizioni il Bergafest, il professore Caminiti, e tutta la \u2018Confraternita del Bergamotto\u2019 hanno ampiamente confermato quanto il legame fra le eccellenze del territorio e il territorio stesso sia indissolubile. Noi non possiamo pensare di riqualificare, rigenerare, rinnovare i nostri luoghi storici e i nostri spazi, se poi questi spazi non vengono vissuti, non vengono attraversati dalla promozione della bellezza stessa. Ecco perch\u00e9 lo scenario incantevole del Lungomare, deve ospitare questi eventi che parlano della nostra citt\u00e0. Uno di questi appuntamenti di prestigio \u00e8 sicuramente il Bergafest che peraltro ha avuto una ulteriore ribalta nazionale, nei giorni scorsi, ospite del prime time estivo di Sky Sport, nella seguitissima trasmissione \u2018Calciomercato l&#8217;originale&#8217;, che per una settimana, oltre al calcio ha mostrato a tutta l\u2019Italia le bellezze dei nostri splendidi territori<\/em>&#8220;.\u00a0<strong>Cos\u00ec il sindaco<\/strong> metropolitano di Reggio Calabria, <strong>Giuseppe Falcomat\u00e0,<\/strong> partecipando alla consegna dei premi Bergafest 2024, <strong>svolta sul Lungomare Italo Falcomat\u00e0.<\/strong><\/div>\n<div style=\"text-align: justify\"><\/div>\n<div>\n<p><em>&#8220;Questo<\/em> &#8211;<strong> ha aggiunto il sindaco parlando di fronte alla platea del sodalizio guidato da Vittorio Caminiti &#8211;<\/strong> <em>significa quanto l\u2019iniziativa privata e le istituzioni, possono fare anche per approfondire, sul piano culturale, un tema come quello dell\u2019utilizzo del bergamotto di Reggio Calabria. Le eccellenza che sono state premiate quest\u2019anno al Bergafest lo dimostrano, eccellenze che affondano le loro radici, il loro pensiero e la loro attivit\u00e0, nel campo culturale, scientifico, medico. Si tratta di una platea altamente qualificata e siamo contenti di aver promosso questa iniziativa all\u2019interno dell\u2019Estate Reggina, dando il giusto e necessario risalto a quella che \u00e8 diventata una lieta tradizione\u201d.<\/em><\/p>\n<div style=\"text-align: justify\"><\/div>\n<\/div>\n","protected":false},"excerpt":{"rendered":"<p>\u201cIn 24 anni e 24 edizioni il Bergafest, il professore Caminiti, e tutta la \u2018Confraternita del Bergamotto\u2019 hanno ampiamente confermato quanto il legame fra le eccellenze del territorio e il&hellip;<\/p>\n","protected":false},"author":12,"featured_media":55540,"comment_status":"closed","ping_status":"open","sticky":false,"template":"","format":"standard","meta":{"_jetpack_memberships_contains_paid_content":false,"footnotes":"","jetpack_publicize_message":"","jetpack_publicize_feature_enabled":true,"jetpack_social_post_already_shared":false,"jetpack_social_options":{"image_generator_settings":{"template":"highway","default_image_id":0,"font":"","enabled":false},"version":2}},"categories":[921,150,196,140],"tags":[34099,30465,304],"class_list":["post-55539","post","type-post","status-publish","format-standard","has-post-thumbnail","hentry","category-home","category-in-primo-piano","category-news","category-reggio-calabria","tag-consegna-dei-premi-bergafest-2024","tag-falcomata-giuseppe","tag-lungomare-falcomata"],"yoast_head":"<!-- This site is optimized with the Yoast SEO plugin v27.2 - https:\/\/yoast.com\/product\/yoast-seo-wordpress\/ -->\n<title>Reggio: Falcomat\u00e0 alla consegna dei premi Bergafest 2024<\/title>\n<meta name=\"description\" content=\"\u201cVentiquattro edizioni della kermesse confermano il legame indissolubile tra il bergamotto e il nostro territorio&quot;, ha dichiarato Falcomat\u00e0\" \/>\n<meta name=\"robots\" content=\"index, follow, max-snippet:-1, max-image-preview:large, max-video-preview:-1\" \/>\n<link rel=\"canonical\" href=\"https:\/\/progettotouring.it\/radiotouring104\/2024\/07\/22\/reggio-falcomata-alla-consegna-dei-premi-bergafest-2024-sul-lungomare\/\" \/>\n<meta property=\"og:locale\" content=\"it_IT\" \/>\n<meta property=\"og:type\" content=\"article\" \/>\n<meta property=\"og:title\" content=\"Reggio: Falcomat\u00e0 alla consegna dei premi Bergafest 2024\" \/>\n<meta property=\"og:description\" content=\"\u201cVentiquattro edizioni della kermesse confermano il legame indissolubile tra il bergamotto e il nostro territorio&quot;, ha dichiarato Falcomat\u00e0\" \/>\n<meta property=\"og:url\" content=\"https:\/\/progettotouring.it\/radiotouring104\/2024\/07\/22\/reggio-falcomata-alla-consegna-dei-premi-bergafest-2024-sul-lungomare\/\" \/>\n<meta property=\"og:site_name\" content=\"Radio Touring 104\" \/>\n<meta property=\"article:published_time\" content=\"2024-07-22T10:18:17+00:00\" \/>\n<meta property=\"article:modified_time\" content=\"2024-07-22T10:49:10+00:00\" \/>\n<meta property=\"og:image\" content=\"https:\/\/progettotouring.it\/radiotouring104\/wp-content\/uploads\/sites\/6\/2024\/07\/bergafest-1.jpeg\" \/>\n\t<meta property=\"og:image:width\" content=\"2000\" \/>\n\t<meta property=\"og:image:height\" content=\"900\" \/>\n\t<meta property=\"og:image:type\" content=\"image\/jpeg\" \/>\n<meta name=\"author\" content=\"Sebastiano Plutino\" \/>\n<meta name=\"twitter:card\" content=\"summary_large_image\" \/>\n<meta name=\"twitter:label1\" content=\"Scritto da\" \/>\n\t<meta name=\"twitter:data1\" content=\"Sebastiano Plutino\" \/>\n\t<meta name=\"twitter:label2\" content=\"Tempo di lettura stimato\" \/>\n\t<meta name=\"twitter:data2\" content=\"1 minuto\" \/>\n<script type=\"application\/ld+json\" class=\"yoast-schema-graph\">{\"@context\":\"https:\/\/schema.org\",\"@graph\":[{\"@type\":\"Article\",\"@id\":\"https:\/\/progettotouring.it\/radiotouring104\/2024\/07\/22\/reggio-falcomata-alla-consegna-dei-premi-bergafest-2024-sul-lungomare\/#article\",\"isPartOf\":{\"@id\":\"https:\/\/progettotouring.it\/radiotouring104\/2024\/07\/22\/reggio-falcomata-alla-consegna-dei-premi-bergafest-2024-sul-lungomare\/\"},\"author\":{\"name\":\"Sebastiano Plutino\",\"@id\":\"https:\/\/progettotouring.it\/radiotouring104\/#\/schema\/person\/78613917f1851f041f7483f5af1d422e\"},\"headline\":\"Reggio: Falcomat\u00e0 alla consegna dei premi Bergafest 2024 sul Lungomare\",\"datePublished\":\"2024-07-22T10:18:17+00:00\",\"dateModified\":\"2024-07-22T10:49:10+00:00\",\"mainEntityOfPage\":{\"@id\":\"https:\/\/progettotouring.it\/radiotouring104\/2024\/07\/22\/reggio-falcomata-alla-consegna-dei-premi-bergafest-2024-sul-lungomare\/\"},\"wordCount\":268,\"publisher\":{\"@id\":\"https:\/\/progettotouring.it\/radiotouring104\/#organization\"},\"image\":{\"@id\":\"https:\/\/progettotouring.it\/radiotouring104\/2024\/07\/22\/reggio-falcomata-alla-consegna-dei-premi-bergafest-2024-sul-lungomare\/#primaryimage\"},\"thumbnailUrl\":\"https:\/\/progettotouring.it\/radiotouring104\/wp-content\/uploads\/sites\/6\/2024\/07\/bergafest-1.jpeg\",\"keywords\":[\"consegna dei premi Bergafest 2024\",\"Falcomat\u00e0 Giuseppe\",\"lungomare falcomat\u00e0\"],\"articleSection\":[\"Home\",\"In primo piano\",\"News\",\"Reggio Calabria\"],\"inLanguage\":\"it-IT\"},{\"@type\":\"WebPage\",\"@id\":\"https:\/\/progettotouring.it\/radiotouring104\/2024\/07\/22\/reggio-falcomata-alla-consegna-dei-premi-bergafest-2024-sul-lungomare\/\",\"url\":\"https:\/\/progettotouring.it\/radiotouring104\/2024\/07\/22\/reggio-falcomata-alla-consegna-dei-premi-bergafest-2024-sul-lungomare\/\",\"name\":\"Reggio: Falcomat\u00e0 alla consegna dei premi Bergafest 2024\",\"isPartOf\":{\"@id\":\"https:\/\/progettotouring.it\/radiotouring104\/#website\"},\"primaryImageOfPage\":{\"@id\":\"https:\/\/progettotouring.it\/radiotouring104\/2024\/07\/22\/reggio-falcomata-alla-consegna-dei-premi-bergafest-2024-sul-lungomare\/#primaryimage\"},\"image\":{\"@id\":\"https:\/\/progettotouring.it\/radiotouring104\/2024\/07\/22\/reggio-falcomata-alla-consegna-dei-premi-bergafest-2024-sul-lungomare\/#primaryimage\"},\"thumbnailUrl\":\"https:\/\/progettotouring.it\/radiotouring104\/wp-content\/uploads\/sites\/6\/2024\/07\/bergafest-1.jpeg\",\"datePublished\":\"2024-07-22T10:18:17+00:00\",\"dateModified\":\"2024-07-22T10:49:10+00:00\",\"description\":\"\u201cVentiquattro edizioni della kermesse confermano il legame indissolubile tra il bergamotto e il nostro territorio\\\", ha dichiarato Falcomat\u00e0\",\"breadcrumb\":{\"@id\":\"https:\/\/progettotouring.it\/radiotouring104\/2024\/07\/22\/reggio-falcomata-alla-consegna-dei-premi-bergafest-2024-sul-lungomare\/#breadcrumb\"},\"inLanguage\":\"it-IT\",\"potentialAction\":[{\"@type\":\"ReadAction\",\"target\":[\"https:\/\/progettotouring.it\/radiotouring104\/2024\/07\/22\/reggio-falcomata-alla-consegna-dei-premi-bergafest-2024-sul-lungomare\/\"]}]},{\"@type\":\"ImageObject\",\"inLanguage\":\"it-IT\",\"@id\":\"https:\/\/progettotouring.it\/radiotouring104\/2024\/07\/22\/reggio-falcomata-alla-consegna-dei-premi-bergafest-2024-sul-lungomare\/#primaryimage\",\"url\":\"https:\/\/progettotouring.it\/radiotouring104\/wp-content\/uploads\/sites\/6\/2024\/07\/bergafest-1.jpeg\",\"contentUrl\":\"https:\/\/progettotouring.it\/radiotouring104\/wp-content\/uploads\/sites\/6\/2024\/07\/bergafest-1.jpeg\",\"width\":2000,\"height\":900},{\"@type\":\"BreadcrumbList\",\"@id\":\"https:\/\/progettotouring.it\/radiotouring104\/2024\/07\/22\/reggio-falcomata-alla-consegna-dei-premi-bergafest-2024-sul-lungomare\/#breadcrumb\",\"itemListElement\":[{\"@type\":\"ListItem\",\"position\":1,\"name\":\"Home\",\"item\":\"https:\/\/progettotouring.it\/radiotouring104\/\"},{\"@type\":\"ListItem\",\"position\":2,\"name\":\"Reggio: Falcomat\u00e0 alla consegna dei premi Bergafest 2024 sul Lungomare\"}]},{\"@type\":\"WebSite\",\"@id\":\"https:\/\/progettotouring.it\/radiotouring104\/#website\",\"url\":\"https:\/\/progettotouring.it\/radiotouring104\/\",\"name\":\"Radio Touring 104\",\"description\":\"La prima radio Reggina\",\"publisher\":{\"@id\":\"https:\/\/progettotouring.it\/radiotouring104\/#organization\"},\"potentialAction\":[{\"@type\":\"SearchAction\",\"target\":{\"@type\":\"EntryPoint\",\"urlTemplate\":\"https:\/\/progettotouring.it\/radiotouring104\/?s={search_term_string}\"},\"query-input\":{\"@type\":\"PropertyValueSpecification\",\"valueRequired\":true,\"valueName\":\"search_term_string\"}}],\"inLanguage\":\"it-IT\"},{\"@type\":\"Organization\",\"@id\":\"https:\/\/progettotouring.it\/radiotouring104\/#organization\",\"name\":\"Radio Touring 104\",\"url\":\"https:\/\/progettotouring.it\/radiotouring104\/\",\"logo\":{\"@type\":\"ImageObject\",\"inLanguage\":\"it-IT\",\"@id\":\"https:\/\/progettotouring.it\/radiotouring104\/#\/schema\/logo\/image\/\",\"url\":\"https:\/\/progettotouring.it\/radiotouring104\/wp-content\/uploads\/sites\/6\/2022\/02\/cropped-logo-radio-touring-104.png\",\"contentUrl\":\"https:\/\/progettotouring.it\/radiotouring104\/wp-content\/uploads\/sites\/6\/2022\/02\/cropped-logo-radio-touring-104.png\",\"width\":377,\"height\":182,\"caption\":\"Radio Touring 104\"},\"image\":{\"@id\":\"https:\/\/progettotouring.it\/radiotouring104\/#\/schema\/logo\/image\/\"}},{\"@type\":\"Person\",\"@id\":\"https:\/\/progettotouring.it\/radiotouring104\/#\/schema\/person\/78613917f1851f041f7483f5af1d422e\",\"name\":\"Sebastiano Plutino\",\"image\":{\"@type\":\"ImageObject\",\"inLanguage\":\"it-IT\",\"@id\":\"https:\/\/secure.gravatar.com\/avatar\/0546ffaa9b79224faf9f2a156b67a529ae861d3287c66c1d8ccfdf909bcba78d?s=96&d=mm&r=g\",\"url\":\"https:\/\/secure.gravatar.com\/avatar\/0546ffaa9b79224faf9f2a156b67a529ae861d3287c66c1d8ccfdf909bcba78d?s=96&d=mm&r=g\",\"contentUrl\":\"https:\/\/secure.gravatar.com\/avatar\/0546ffaa9b79224faf9f2a156b67a529ae861d3287c66c1d8ccfdf909bcba78d?s=96&d=mm&r=g\",\"caption\":\"Sebastiano Plutino\"},\"url\":\"https:\/\/progettotouring.it\/radiotouring104\/author\/sebastiano\/\"}]}<\/script>\n<!-- \/ Yoast SEO plugin. -->","yoast_head_json":{"title":"Reggio: Falcomat\u00e0 alla consegna dei premi Bergafest 2024","description":"\u201cVentiquattro edizioni della kermesse confermano il legame indissolubile tra il bergamotto e il nostro territorio\", ha dichiarato Falcomat\u00e0","robots":{"index":"index","follow":"follow","max-snippet":"max-snippet:-1","max-image-preview":"max-image-preview:large","max-video-preview":"max-video-preview:-1"},"canonical":"https:\/\/progettotouring.it\/radiotouring104\/2024\/07\/22\/reggio-falcomata-alla-consegna-dei-premi-bergafest-2024-sul-lungomare\/","og_locale":"it_IT","og_type":"article","og_title":"Reggio: Falcomat\u00e0 alla consegna dei premi Bergafest 2024","og_description":"\u201cVentiquattro edizioni della kermesse confermano il legame indissolubile tra il bergamotto e il nostro territorio\", ha dichiarato Falcomat\u00e0","og_url":"https:\/\/progettotouring.it\/radiotouring104\/2024\/07\/22\/reggio-falcomata-alla-consegna-dei-premi-bergafest-2024-sul-lungomare\/","og_site_name":"Radio Touring 104","article_published_time":"2024-07-22T10:18:17+00:00","article_modified_time":"2024-07-22T10:49:10+00:00","og_image":[{"width":2000,"height":900,"url":"https:\/\/progettotouring.it\/radiotouring104\/wp-content\/uploads\/sites\/6\/2024\/07\/bergafest-1.jpeg","type":"image\/jpeg"}],"author":"Sebastiano Plutino","twitter_card":"summary_large_image","twitter_misc":{"Scritto da":"Sebastiano Plutino","Tempo di lettura stimato":"1 minuto"},"schema":{"@context":"https:\/\/schema.org","@graph":[{"@type":"Article","@id":"https:\/\/progettotouring.it\/radiotouring104\/2024\/07\/22\/reggio-falcomata-alla-consegna-dei-premi-bergafest-2024-sul-lungomare\/#article","isPartOf":{"@id":"https:\/\/progettotouring.it\/radiotouring104\/2024\/07\/22\/reggio-falcomata-alla-consegna-dei-premi-bergafest-2024-sul-lungomare\/"},"author":{"name":"Sebastiano Plutino","@id":"https:\/\/progettotouring.it\/radiotouring104\/#\/schema\/person\/78613917f1851f041f7483f5af1d422e"},"headline":"Reggio: Falcomat\u00e0 alla consegna dei premi Bergafest 2024 sul Lungomare","datePublished":"2024-07-22T10:18:17+00:00","dateModified":"2024-07-22T10:49:10+00:00","mainEntityOfPage":{"@id":"https:\/\/progettotouring.it\/radiotouring104\/2024\/07\/22\/reggio-falcomata-alla-consegna-dei-premi-bergafest-2024-sul-lungomare\/"},"wordCount":268,"publisher":{"@id":"https:\/\/progettotouring.it\/radiotouring104\/#organization"},"image":{"@id":"https:\/\/progettotouring.it\/radiotouring104\/2024\/07\/22\/reggio-falcomata-alla-consegna-dei-premi-bergafest-2024-sul-lungomare\/#primaryimage"},"thumbnailUrl":"https:\/\/progettotouring.it\/radiotouring104\/wp-content\/uploads\/sites\/6\/2024\/07\/bergafest-1.jpeg","keywords":["consegna dei premi Bergafest 2024","Falcomat\u00e0 Giuseppe","lungomare falcomat\u00e0"],"articleSection":["Home","In primo piano","News","Reggio Calabria"],"inLanguage":"it-IT"},{"@type":"WebPage","@id":"https:\/\/progettotouring.it\/radiotouring104\/2024\/07\/22\/reggio-falcomata-alla-consegna-dei-premi-bergafest-2024-sul-lungomare\/","url":"https:\/\/progettotouring.it\/radiotouring104\/2024\/07\/22\/reggio-falcomata-alla-consegna-dei-premi-bergafest-2024-sul-lungomare\/","name":"Reggio: Falcomat\u00e0 alla consegna dei premi Bergafest 2024","isPartOf":{"@id":"https:\/\/progettotouring.it\/radiotouring104\/#website"},"primaryImageOfPage":{"@id":"https:\/\/progettotouring.it\/radiotouring104\/2024\/07\/22\/reggio-falcomata-alla-consegna-dei-premi-bergafest-2024-sul-lungomare\/#primaryimage"},"image":{"@id":"https:\/\/progettotouring.it\/radiotouring104\/2024\/07\/22\/reggio-falcomata-alla-consegna-dei-premi-bergafest-2024-sul-lungomare\/#primaryimage"},"thumbnailUrl":"https:\/\/progettotouring.it\/radiotouring104\/wp-content\/uploads\/sites\/6\/2024\/07\/bergafest-1.jpeg","datePublished":"2024-07-22T10:18:17+00:00","dateModified":"2024-07-22T10:49:10+00:00","description":"\u201cVentiquattro edizioni della kermesse confermano il legame indissolubile tra il bergamotto e il nostro territorio\", ha dichiarato Falcomat\u00e0","breadcrumb":{"@id":"https:\/\/progettotouring.it\/radiotouring104\/2024\/07\/22\/reggio-falcomata-alla-consegna-dei-premi-bergafest-2024-sul-lungomare\/#breadcrumb"},"inLanguage":"it-IT","potentialAction":[{"@type":"ReadAction","target":["https:\/\/progettotouring.it\/radiotouring104\/2024\/07\/22\/reggio-falcomata-alla-consegna-dei-premi-bergafest-2024-sul-lungomare\/"]}]},{"@type":"ImageObject","inLanguage":"it-IT","@id":"https:\/\/progettotouring.it\/radiotouring104\/2024\/07\/22\/reggio-falcomata-alla-consegna-dei-premi-bergafest-2024-sul-lungomare\/#primaryimage","url":"https:\/\/progettotouring.it\/radiotouring104\/wp-content\/uploads\/sites\/6\/2024\/07\/bergafest-1.jpeg","contentUrl":"https:\/\/progettotouring.it\/radiotouring104\/wp-content\/uploads\/sites\/6\/2024\/07\/bergafest-1.jpeg","width":2000,"height":900},{"@type":"BreadcrumbList","@id":"https:\/\/progettotouring.it\/radiotouring104\/2024\/07\/22\/reggio-falcomata-alla-consegna-dei-premi-bergafest-2024-sul-lungomare\/#breadcrumb","itemListElement":[{"@type":"ListItem","position":1,"name":"Home","item":"https:\/\/progettotouring.it\/radiotouring104\/"},{"@type":"ListItem","position":2,"name":"Reggio: Falcomat\u00e0 alla consegna dei premi Bergafest 2024 sul Lungomare"}]},{"@type":"WebSite","@id":"https:\/\/progettotouring.it\/radiotouring104\/#website","url":"https:\/\/progettotouring.it\/radiotouring104\/","name":"Radio Touring 104","description":"La prima radio Reggina","publisher":{"@id":"https:\/\/progettotouring.it\/radiotouring104\/#organization"},"potentialAction":[{"@type":"SearchAction","target":{"@type":"EntryPoint","urlTemplate":"https:\/\/progettotouring.it\/radiotouring104\/?s={search_term_string}"},"query-input":{"@type":"PropertyValueSpecification","valueRequired":true,"valueName":"search_term_string"}}],"inLanguage":"it-IT"},{"@type":"Organization","@id":"https:\/\/progettotouring.it\/radiotouring104\/#organization","name":"Radio Touring 104","url":"https:\/\/progettotouring.it\/radiotouring104\/","logo":{"@type":"ImageObject","inLanguage":"it-IT","@id":"https:\/\/progettotouring.it\/radiotouring104\/#\/schema\/logo\/image\/","url":"https:\/\/progettotouring.it\/radiotouring104\/wp-content\/uploads\/sites\/6\/2022\/02\/cropped-logo-radio-touring-104.png","contentUrl":"https:\/\/progettotouring.it\/radiotouring104\/wp-content\/uploads\/sites\/6\/2022\/02\/cropped-logo-radio-touring-104.png","width":377,"height":182,"caption":"Radio Touring 104"},"image":{"@id":"https:\/\/progettotouring.it\/radiotouring104\/#\/schema\/logo\/image\/"}},{"@type":"Person","@id":"https:\/\/progettotouring.it\/radiotouring104\/#\/schema\/person\/78613917f1851f041f7483f5af1d422e","name":"Sebastiano Plutino","image":{"@type":"ImageObject","inLanguage":"it-IT","@id":"https:\/\/secure.gravatar.com\/avatar\/0546ffaa9b79224faf9f2a156b67a529ae861d3287c66c1d8ccfdf909bcba78d?s=96&d=mm&r=g","url":"https:\/\/secure.gravatar.com\/avatar\/0546ffaa9b79224faf9f2a156b67a529ae861d3287c66c1d8ccfdf909bcba78d?s=96&d=mm&r=g","contentUrl":"https:\/\/secure.gravatar.com\/avatar\/0546ffaa9b79224faf9f2a156b67a529ae861d3287c66c1d8ccfdf909bcba78d?s=96&d=mm&r=g","caption":"Sebastiano Plutino"},"url":"https:\/\/progettotouring.it\/radiotouring104\/author\/sebastiano\/"}]}},"jetpack_publicize_connections":[],"jetpack_featured_media_url":"https:\/\/progettotouring.it\/radiotouring104\/wp-content\/uploads\/sites\/6\/2024\/07\/bergafest-1.jpeg","jetpack_sharing_enabled":true,"_links":{"self":[{"href":"https:\/\/progettotouring.it\/radiotouring104\/wp-json\/wp\/v2\/posts\/55539","targetHints":{"allow":["GET"]}}],"collection":[{"href":"https:\/\/progettotouring.it\/radiotouring104\/wp-json\/wp\/v2\/posts"}],"about":[{"href":"https:\/\/progettotouring.it\/radiotouring104\/wp-json\/wp\/v2\/types\/post"}],"author":[{"embeddable":true,"href":"https:\/\/progettotouring.it\/radiotouring104\/wp-json\/wp\/v2\/users\/12"}],"replies":[{"embeddable":true,"href":"https:\/\/progettotouring.it\/radiotouring104\/wp-json\/wp\/v2\/comments?post=55539"}],"version-history":[{"count":2,"href":"https:\/\/progettotouring.it\/radiotouring104\/wp-json\/wp\/v2\/posts\/55539\/revisions"}],"predecessor-version":[{"id":55547,"href":"https:\/\/progettotouring.it\/radiotouring104\/wp-json\/wp\/v2\/posts\/55539\/revisions\/55547"}],"wp:featuredmedia":[{"embeddable":true,"href":"https:\/\/progettotouring.it\/radiotouring104\/wp-json\/wp\/v2\/media\/55540"}],"wp:attachment":[{"href":"https:\/\/progettotouring.it\/radiotouring104\/wp-json\/wp\/v2\/media?parent=55539"}],"wp:term":[{"taxonomy":"category","embeddable":true,"href":"https:\/\/progettotouring.it\/radiotouring104\/wp-json\/wp\/v2\/categories?post=55539"},{"taxonomy":"post_tag","embeddable":true,"href":"https:\/\/progettotouring.it\/radiotouring104\/wp-json\/wp\/v2\/tags?post=55539"}],"curies":[{"name":"wp","href":"https:\/\/api.w.org\/{rel}","templated":true}]}}