{"id":55542,"date":"2024-07-22T12:30:50","date_gmt":"2024-07-22T10:30:50","guid":{"rendered":"https:\/\/progettotouring.it\/radiotouring104\/?p=55542"},"modified":"2024-07-22T12:30:50","modified_gmt":"2024-07-22T10:30:50","slug":"cinquefrondi-giordano-fermiamo-lo-spacca-italia","status":"publish","type":"post","link":"https:\/\/progettotouring.it\/radiotouring104\/2024\/07\/22\/cinquefrondi-giordano-fermiamo-lo-spacca-italia\/","title":{"rendered":"Cinquefrondi, Giordano: &#8220;Fermiamo lo Spacca Italia&#8221;"},"content":{"rendered":"<p class=\"xmprfx_MsoNormal\">Riceviamo e pubblichiamo il comunicato del<strong> Presidente del Consiglio Comunale di Cinquefrondi,<\/strong> <strong>Fausto Cordiano<\/strong> che invita alla manifestazione di protesta <strong>contro l&#8217;Autonomia differenziata.<\/strong><\/p>\n<p class=\"xmprfx_MsoNormal\"><em>&#8220;L\u2019Autonomia Differenziata, nonostante l\u2019impegno di forze politiche, sindacali e di movimenti in tutta Italia, \u00e8 diventata Legge dello Stato in un\u2019Italia che appare sempre pi\u00f9 divisa con servizi ancora pi\u00f9 disegualmente distribuiti.<\/em><\/p>\n<p class=\"xmprfx_MsoNormal\"><em>L\u2019Amministrazione Comunale, impegnata con forza gi\u00e0 da tempo su questo fronte, invita i cittadini Mercoled\u00ec 24 C.M. alle ore 19:00, in Piazza della Repubblica, a una manifestazione tesa a riaffermare la necessit\u00e0 della coesione territoriale e il bisogno di non vedere ulteriormente oltraggiato il nostro territorio gi\u00e0 povero anche di diritti.<\/em><\/p>\n<p class=\"xmprfx_MsoNormal\"><em>Sar\u00e0 possibile anche firmare la petizione per un referendum popolare contro questo scempio!<\/em><\/p>\n<p class=\"xmprfx_MsoNormal\"><em>Dobbiamo farlo tutti!<\/em><\/p>\n<p class=\"xmprfx_MsoNormal\"><em>Cominciamo a ribellarci mettendo la nostra firma contro questa Legge voluta dal Nord per dividere ulteriormente il nostro Paese!&#8221;<\/em><\/p>\n","protected":false},"excerpt":{"rendered":"<p>Riceviamo e pubblichiamo il comunicato del Presidente del Consiglio Comunale di Cinquefrondi, Fausto Cordiano che invita alla manifestazione di protesta contro l&#8217;Autonomia differenziata. &#8220;L\u2019Autonomia Differenziata, nonostante l\u2019impegno di forze politiche,&hellip;<\/p>\n","protected":false},"author":12,"featured_media":18145,"comment_status":"closed","ping_status":"open","sticky":false,"template":"","format":"standard","meta":{"_jetpack_memberships_contains_paid_content":false,"footnotes":"","jetpack_publicize_message":"","jetpack_publicize_feature_enabled":true,"jetpack_social_post_already_shared":false,"jetpack_social_options":{"image_generator_settings":{"template":"highway","default_image_id":0,"font":"","enabled":false},"version":2}},"categories":[921,196,140],"tags":[6518,13593,34100,1384],"class_list":["post-55542","post","type-post","status-publish","format-standard","has-post-thumbnail","hentry","category-home","category-news","category-reggio-calabria","tag-autonomia-differenziata","tag-comune-di-cinquefrondi","tag-fausto-giordano","tag-manifestazione"],"yoast_head":"<!-- This site is optimized with the Yoast SEO plugin v27.2 - https:\/\/yoast.com\/product\/yoast-seo-wordpress\/ -->\n<title>Cinquefrondi, Giordano: &quot;Fermiamo lo Spacca Italia&quot;<\/title>\n<meta name=\"description\" content=\"Il Presidente del Consiglio Comunale di Cinquefrondi invita alla manifestazione contro l&#039;Autonomia, fissata per il 24 luglio alle 19:00\" \/>\n<meta name=\"robots\" content=\"index, follow, max-snippet:-1, max-image-preview:large, max-video-preview:-1\" \/>\n<link rel=\"canonical\" href=\"https:\/\/progettotouring.it\/radiotouring104\/2024\/07\/22\/cinquefrondi-giordano-fermiamo-lo-spacca-italia\/\" \/>\n<meta property=\"og:locale\" content=\"it_IT\" \/>\n<meta property=\"og:type\" content=\"article\" \/>\n<meta property=\"og:title\" content=\"Cinquefrondi, Giordano: &quot;Fermiamo lo Spacca Italia&quot;\" \/>\n<meta property=\"og:description\" content=\"Il Presidente del Consiglio Comunale di Cinquefrondi invita alla manifestazione contro l&#039;Autonomia, fissata per il 24 luglio alle 19:00\" \/>\n<meta property=\"og:url\" content=\"https:\/\/progettotouring.it\/radiotouring104\/2024\/07\/22\/cinquefrondi-giordano-fermiamo-lo-spacca-italia\/\" \/>\n<meta property=\"og:site_name\" content=\"Radio Touring 104\" \/>\n<meta property=\"article:published_time\" content=\"2024-07-22T10:30:50+00:00\" \/>\n<meta property=\"og:image\" content=\"https:\/\/progettotouring.it\/radiotouring104\/wp-content\/uploads\/sites\/6\/2023\/02\/Cinquefrondi.jpg\" \/>\n\t<meta property=\"og:image:width\" content=\"1200\" \/>\n\t<meta property=\"og:image:height\" content=\"675\" \/>\n\t<meta property=\"og:image:type\" content=\"image\/jpeg\" \/>\n<meta name=\"author\" content=\"Sebastiano Plutino\" \/>\n<meta name=\"twitter:card\" content=\"summary_large_image\" \/>\n<meta name=\"twitter:label1\" content=\"Scritto da\" \/>\n\t<meta name=\"twitter:data1\" content=\"Sebastiano Plutino\" \/>\n\t<meta name=\"twitter:label2\" content=\"Tempo di lettura stimato\" \/>\n\t<meta name=\"twitter:data2\" content=\"1 minuto\" \/>\n<script type=\"application\/ld+json\" class=\"yoast-schema-graph\">{\"@context\":\"https:\/\/schema.org\",\"@graph\":[{\"@type\":\"Article\",\"@id\":\"https:\/\/progettotouring.it\/radiotouring104\/2024\/07\/22\/cinquefrondi-giordano-fermiamo-lo-spacca-italia\/#article\",\"isPartOf\":{\"@id\":\"https:\/\/progettotouring.it\/radiotouring104\/2024\/07\/22\/cinquefrondi-giordano-fermiamo-lo-spacca-italia\/\"},\"author\":{\"name\":\"Sebastiano Plutino\",\"@id\":\"https:\/\/progettotouring.it\/radiotouring104\/#\/schema\/person\/78613917f1851f041f7483f5af1d422e\"},\"headline\":\"Cinquefrondi, Giordano: &#8220;Fermiamo lo Spacca Italia&#8221;\",\"datePublished\":\"2024-07-22T10:30:50+00:00\",\"mainEntityOfPage\":{\"@id\":\"https:\/\/progettotouring.it\/radiotouring104\/2024\/07\/22\/cinquefrondi-giordano-fermiamo-lo-spacca-italia\/\"},\"wordCount\":149,\"publisher\":{\"@id\":\"https:\/\/progettotouring.it\/radiotouring104\/#organization\"},\"image\":{\"@id\":\"https:\/\/progettotouring.it\/radiotouring104\/2024\/07\/22\/cinquefrondi-giordano-fermiamo-lo-spacca-italia\/#primaryimage\"},\"thumbnailUrl\":\"https:\/\/progettotouring.it\/radiotouring104\/wp-content\/uploads\/sites\/6\/2023\/02\/Cinquefrondi.jpg\",\"keywords\":[\"autonomia differenziata\",\"Comune di Cinquefrondi\",\"Fausto Giordano\",\"manifestazione\"],\"articleSection\":[\"Home\",\"News\",\"Reggio Calabria\"],\"inLanguage\":\"it-IT\"},{\"@type\":\"WebPage\",\"@id\":\"https:\/\/progettotouring.it\/radiotouring104\/2024\/07\/22\/cinquefrondi-giordano-fermiamo-lo-spacca-italia\/\",\"url\":\"https:\/\/progettotouring.it\/radiotouring104\/2024\/07\/22\/cinquefrondi-giordano-fermiamo-lo-spacca-italia\/\",\"name\":\"Cinquefrondi, Giordano: \\\"Fermiamo lo Spacca Italia\\\"\",\"isPartOf\":{\"@id\":\"https:\/\/progettotouring.it\/radiotouring104\/#website\"},\"primaryImageOfPage\":{\"@id\":\"https:\/\/progettotouring.it\/radiotouring104\/2024\/07\/22\/cinquefrondi-giordano-fermiamo-lo-spacca-italia\/#primaryimage\"},\"image\":{\"@id\":\"https:\/\/progettotouring.it\/radiotouring104\/2024\/07\/22\/cinquefrondi-giordano-fermiamo-lo-spacca-italia\/#primaryimage\"},\"thumbnailUrl\":\"https:\/\/progettotouring.it\/radiotouring104\/wp-content\/uploads\/sites\/6\/2023\/02\/Cinquefrondi.jpg\",\"datePublished\":\"2024-07-22T10:30:50+00:00\",\"description\":\"Il Presidente del Consiglio Comunale di Cinquefrondi invita alla manifestazione contro l'Autonomia, fissata per il 24 luglio alle 19:00\",\"breadcrumb\":{\"@id\":\"https:\/\/progettotouring.it\/radiotouring104\/2024\/07\/22\/cinquefrondi-giordano-fermiamo-lo-spacca-italia\/#breadcrumb\"},\"inLanguage\":\"it-IT\",\"potentialAction\":[{\"@type\":\"ReadAction\",\"target\":[\"https:\/\/progettotouring.it\/radiotouring104\/2024\/07\/22\/cinquefrondi-giordano-fermiamo-lo-spacca-italia\/\"]}]},{\"@type\":\"ImageObject\",\"inLanguage\":\"it-IT\",\"@id\":\"https:\/\/progettotouring.it\/radiotouring104\/2024\/07\/22\/cinquefrondi-giordano-fermiamo-lo-spacca-italia\/#primaryimage\",\"url\":\"https:\/\/progettotouring.it\/radiotouring104\/wp-content\/uploads\/sites\/6\/2023\/02\/Cinquefrondi.jpg\",\"contentUrl\":\"https:\/\/progettotouring.it\/radiotouring104\/wp-content\/uploads\/sites\/6\/2023\/02\/Cinquefrondi.jpg\",\"width\":1200,\"height\":675},{\"@type\":\"BreadcrumbList\",\"@id\":\"https:\/\/progettotouring.it\/radiotouring104\/2024\/07\/22\/cinquefrondi-giordano-fermiamo-lo-spacca-italia\/#breadcrumb\",\"itemListElement\":[{\"@type\":\"ListItem\",\"position\":1,\"name\":\"Home\",\"item\":\"https:\/\/progettotouring.it\/radiotouring104\/\"},{\"@type\":\"ListItem\",\"position\":2,\"name\":\"Cinquefrondi, Giordano: &#8220;Fermiamo lo Spacca Italia&#8221;\"}]},{\"@type\":\"WebSite\",\"@id\":\"https:\/\/progettotouring.it\/radiotouring104\/#website\",\"url\":\"https:\/\/progettotouring.it\/radiotouring104\/\",\"name\":\"Radio Touring 104\",\"description\":\"La prima radio Reggina\",\"publisher\":{\"@id\":\"https:\/\/progettotouring.it\/radiotouring104\/#organization\"},\"potentialAction\":[{\"@type\":\"SearchAction\",\"target\":{\"@type\":\"EntryPoint\",\"urlTemplate\":\"https:\/\/progettotouring.it\/radiotouring104\/?s={search_term_string}\"},\"query-input\":{\"@type\":\"PropertyValueSpecification\",\"valueRequired\":true,\"valueName\":\"search_term_string\"}}],\"inLanguage\":\"it-IT\"},{\"@type\":\"Organization\",\"@id\":\"https:\/\/progettotouring.it\/radiotouring104\/#organization\",\"name\":\"Radio Touring 104\",\"url\":\"https:\/\/progettotouring.it\/radiotouring104\/\",\"logo\":{\"@type\":\"ImageObject\",\"inLanguage\":\"it-IT\",\"@id\":\"https:\/\/progettotouring.it\/radiotouring104\/#\/schema\/logo\/image\/\",\"url\":\"https:\/\/progettotouring.it\/radiotouring104\/wp-content\/uploads\/sites\/6\/2022\/02\/cropped-logo-radio-touring-104.png\",\"contentUrl\":\"https:\/\/progettotouring.it\/radiotouring104\/wp-content\/uploads\/sites\/6\/2022\/02\/cropped-logo-radio-touring-104.png\",\"width\":377,\"height\":182,\"caption\":\"Radio Touring 104\"},\"image\":{\"@id\":\"https:\/\/progettotouring.it\/radiotouring104\/#\/schema\/logo\/image\/\"}},{\"@type\":\"Person\",\"@id\":\"https:\/\/progettotouring.it\/radiotouring104\/#\/schema\/person\/78613917f1851f041f7483f5af1d422e\",\"name\":\"Sebastiano Plutino\",\"image\":{\"@type\":\"ImageObject\",\"inLanguage\":\"it-IT\",\"@id\":\"https:\/\/secure.gravatar.com\/avatar\/0546ffaa9b79224faf9f2a156b67a529ae861d3287c66c1d8ccfdf909bcba78d?s=96&d=mm&r=g\",\"url\":\"https:\/\/secure.gravatar.com\/avatar\/0546ffaa9b79224faf9f2a156b67a529ae861d3287c66c1d8ccfdf909bcba78d?s=96&d=mm&r=g\",\"contentUrl\":\"https:\/\/secure.gravatar.com\/avatar\/0546ffaa9b79224faf9f2a156b67a529ae861d3287c66c1d8ccfdf909bcba78d?s=96&d=mm&r=g\",\"caption\":\"Sebastiano Plutino\"},\"url\":\"https:\/\/progettotouring.it\/radiotouring104\/author\/sebastiano\/\"}]}<\/script>\n<!-- \/ Yoast SEO plugin. -->","yoast_head_json":{"title":"Cinquefrondi, Giordano: \"Fermiamo lo Spacca Italia\"","description":"Il Presidente del Consiglio Comunale di Cinquefrondi invita alla manifestazione contro l'Autonomia, fissata per il 24 luglio alle 19:00","robots":{"index":"index","follow":"follow","max-snippet":"max-snippet:-1","max-image-preview":"max-image-preview:large","max-video-preview":"max-video-preview:-1"},"canonical":"https:\/\/progettotouring.it\/radiotouring104\/2024\/07\/22\/cinquefrondi-giordano-fermiamo-lo-spacca-italia\/","og_locale":"it_IT","og_type":"article","og_title":"Cinquefrondi, Giordano: \"Fermiamo lo Spacca Italia\"","og_description":"Il Presidente del Consiglio Comunale di Cinquefrondi invita alla manifestazione contro l'Autonomia, fissata per il 24 luglio alle 19:00","og_url":"https:\/\/progettotouring.it\/radiotouring104\/2024\/07\/22\/cinquefrondi-giordano-fermiamo-lo-spacca-italia\/","og_site_name":"Radio Touring 104","article_published_time":"2024-07-22T10:30:50+00:00","og_image":[{"width":1200,"height":675,"url":"https:\/\/progettotouring.it\/radiotouring104\/wp-content\/uploads\/sites\/6\/2023\/02\/Cinquefrondi.jpg","type":"image\/jpeg"}],"author":"Sebastiano Plutino","twitter_card":"summary_large_image","twitter_misc":{"Scritto da":"Sebastiano Plutino","Tempo di lettura stimato":"1 minuto"},"schema":{"@context":"https:\/\/schema.org","@graph":[{"@type":"Article","@id":"https:\/\/progettotouring.it\/radiotouring104\/2024\/07\/22\/cinquefrondi-giordano-fermiamo-lo-spacca-italia\/#article","isPartOf":{"@id":"https:\/\/progettotouring.it\/radiotouring104\/2024\/07\/22\/cinquefrondi-giordano-fermiamo-lo-spacca-italia\/"},"author":{"name":"Sebastiano Plutino","@id":"https:\/\/progettotouring.it\/radiotouring104\/#\/schema\/person\/78613917f1851f041f7483f5af1d422e"},"headline":"Cinquefrondi, Giordano: &#8220;Fermiamo lo Spacca Italia&#8221;","datePublished":"2024-07-22T10:30:50+00:00","mainEntityOfPage":{"@id":"https:\/\/progettotouring.it\/radiotouring104\/2024\/07\/22\/cinquefrondi-giordano-fermiamo-lo-spacca-italia\/"},"wordCount":149,"publisher":{"@id":"https:\/\/progettotouring.it\/radiotouring104\/#organization"},"image":{"@id":"https:\/\/progettotouring.it\/radiotouring104\/2024\/07\/22\/cinquefrondi-giordano-fermiamo-lo-spacca-italia\/#primaryimage"},"thumbnailUrl":"https:\/\/progettotouring.it\/radiotouring104\/wp-content\/uploads\/sites\/6\/2023\/02\/Cinquefrondi.jpg","keywords":["autonomia differenziata","Comune di Cinquefrondi","Fausto Giordano","manifestazione"],"articleSection":["Home","News","Reggio Calabria"],"inLanguage":"it-IT"},{"@type":"WebPage","@id":"https:\/\/progettotouring.it\/radiotouring104\/2024\/07\/22\/cinquefrondi-giordano-fermiamo-lo-spacca-italia\/","url":"https:\/\/progettotouring.it\/radiotouring104\/2024\/07\/22\/cinquefrondi-giordano-fermiamo-lo-spacca-italia\/","name":"Cinquefrondi, Giordano: \"Fermiamo lo Spacca Italia\"","isPartOf":{"@id":"https:\/\/progettotouring.it\/radiotouring104\/#website"},"primaryImageOfPage":{"@id":"https:\/\/progettotouring.it\/radiotouring104\/2024\/07\/22\/cinquefrondi-giordano-fermiamo-lo-spacca-italia\/#primaryimage"},"image":{"@id":"https:\/\/progettotouring.it\/radiotouring104\/2024\/07\/22\/cinquefrondi-giordano-fermiamo-lo-spacca-italia\/#primaryimage"},"thumbnailUrl":"https:\/\/progettotouring.it\/radiotouring104\/wp-content\/uploads\/sites\/6\/2023\/02\/Cinquefrondi.jpg","datePublished":"2024-07-22T10:30:50+00:00","description":"Il Presidente del Consiglio Comunale di Cinquefrondi invita alla manifestazione contro l'Autonomia, fissata per il 24 luglio alle 19:00","breadcrumb":{"@id":"https:\/\/progettotouring.it\/radiotouring104\/2024\/07\/22\/cinquefrondi-giordano-fermiamo-lo-spacca-italia\/#breadcrumb"},"inLanguage":"it-IT","potentialAction":[{"@type":"ReadAction","target":["https:\/\/progettotouring.it\/radiotouring104\/2024\/07\/22\/cinquefrondi-giordano-fermiamo-lo-spacca-italia\/"]}]},{"@type":"ImageObject","inLanguage":"it-IT","@id":"https:\/\/progettotouring.it\/radiotouring104\/2024\/07\/22\/cinquefrondi-giordano-fermiamo-lo-spacca-italia\/#primaryimage","url":"https:\/\/progettotouring.it\/radiotouring104\/wp-content\/uploads\/sites\/6\/2023\/02\/Cinquefrondi.jpg","contentUrl":"https:\/\/progettotouring.it\/radiotouring104\/wp-content\/uploads\/sites\/6\/2023\/02\/Cinquefrondi.jpg","width":1200,"height":675},{"@type":"BreadcrumbList","@id":"https:\/\/progettotouring.it\/radiotouring104\/2024\/07\/22\/cinquefrondi-giordano-fermiamo-lo-spacca-italia\/#breadcrumb","itemListElement":[{"@type":"ListItem","position":1,"name":"Home","item":"https:\/\/progettotouring.it\/radiotouring104\/"},{"@type":"ListItem","position":2,"name":"Cinquefrondi, Giordano: &#8220;Fermiamo lo Spacca Italia&#8221;"}]},{"@type":"WebSite","@id":"https:\/\/progettotouring.it\/radiotouring104\/#website","url":"https:\/\/progettotouring.it\/radiotouring104\/","name":"Radio Touring 104","description":"La prima radio Reggina","publisher":{"@id":"https:\/\/progettotouring.it\/radiotouring104\/#organization"},"potentialAction":[{"@type":"SearchAction","target":{"@type":"EntryPoint","urlTemplate":"https:\/\/progettotouring.it\/radiotouring104\/?s={search_term_string}"},"query-input":{"@type":"PropertyValueSpecification","valueRequired":true,"valueName":"search_term_string"}}],"inLanguage":"it-IT"},{"@type":"Organization","@id":"https:\/\/progettotouring.it\/radiotouring104\/#organization","name":"Radio Touring 104","url":"https:\/\/progettotouring.it\/radiotouring104\/","logo":{"@type":"ImageObject","inLanguage":"it-IT","@id":"https:\/\/progettotouring.it\/radiotouring104\/#\/schema\/logo\/image\/","url":"https:\/\/progettotouring.it\/radiotouring104\/wp-content\/uploads\/sites\/6\/2022\/02\/cropped-logo-radio-touring-104.png","contentUrl":"https:\/\/progettotouring.it\/radiotouring104\/wp-content\/uploads\/sites\/6\/2022\/02\/cropped-logo-radio-touring-104.png","width":377,"height":182,"caption":"Radio Touring 104"},"image":{"@id":"https:\/\/progettotouring.it\/radiotouring104\/#\/schema\/logo\/image\/"}},{"@type":"Person","@id":"https:\/\/progettotouring.it\/radiotouring104\/#\/schema\/person\/78613917f1851f041f7483f5af1d422e","name":"Sebastiano Plutino","image":{"@type":"ImageObject","inLanguage":"it-IT","@id":"https:\/\/secure.gravatar.com\/avatar\/0546ffaa9b79224faf9f2a156b67a529ae861d3287c66c1d8ccfdf909bcba78d?s=96&d=mm&r=g","url":"https:\/\/secure.gravatar.com\/avatar\/0546ffaa9b79224faf9f2a156b67a529ae861d3287c66c1d8ccfdf909bcba78d?s=96&d=mm&r=g","contentUrl":"https:\/\/secure.gravatar.com\/avatar\/0546ffaa9b79224faf9f2a156b67a529ae861d3287c66c1d8ccfdf909bcba78d?s=96&d=mm&r=g","caption":"Sebastiano Plutino"},"url":"https:\/\/progettotouring.it\/radiotouring104\/author\/sebastiano\/"}]}},"jetpack_publicize_connections":[],"jetpack_featured_media_url":"https:\/\/progettotouring.it\/radiotouring104\/wp-content\/uploads\/sites\/6\/2023\/02\/Cinquefrondi.jpg","jetpack_sharing_enabled":true,"_links":{"self":[{"href":"https:\/\/progettotouring.it\/radiotouring104\/wp-json\/wp\/v2\/posts\/55542","targetHints":{"allow":["GET"]}}],"collection":[{"href":"https:\/\/progettotouring.it\/radiotouring104\/wp-json\/wp\/v2\/posts"}],"about":[{"href":"https:\/\/progettotouring.it\/radiotouring104\/wp-json\/wp\/v2\/types\/post"}],"author":[{"embeddable":true,"href":"https:\/\/progettotouring.it\/radiotouring104\/wp-json\/wp\/v2\/users\/12"}],"replies":[{"embeddable":true,"href":"https:\/\/progettotouring.it\/radiotouring104\/wp-json\/wp\/v2\/comments?post=55542"}],"version-history":[{"count":1,"href":"https:\/\/progettotouring.it\/radiotouring104\/wp-json\/wp\/v2\/posts\/55542\/revisions"}],"predecessor-version":[{"id":55543,"href":"https:\/\/progettotouring.it\/radiotouring104\/wp-json\/wp\/v2\/posts\/55542\/revisions\/55543"}],"wp:featuredmedia":[{"embeddable":true,"href":"https:\/\/progettotouring.it\/radiotouring104\/wp-json\/wp\/v2\/media\/18145"}],"wp:attachment":[{"href":"https:\/\/progettotouring.it\/radiotouring104\/wp-json\/wp\/v2\/media?parent=55542"}],"wp:term":[{"taxonomy":"category","embeddable":true,"href":"https:\/\/progettotouring.it\/radiotouring104\/wp-json\/wp\/v2\/categories?post=55542"},{"taxonomy":"post_tag","embeddable":true,"href":"https:\/\/progettotouring.it\/radiotouring104\/wp-json\/wp\/v2\/tags?post=55542"}],"curies":[{"name":"wp","href":"https:\/\/api.w.org\/{rel}","templated":true}]}}