{"id":55544,"date":"2024-07-22T12:43:53","date_gmt":"2024-07-22T10:43:53","guid":{"rendered":"https:\/\/progettotouring.it\/radiotouring104\/?p=55544"},"modified":"2024-07-22T12:56:56","modified_gmt":"2024-07-22T10:56:56","slug":"intimidazione-a-video-calabria-solidarieta-di-confcommercio-calabria-centrale-e-del-senatore-occhiuto","status":"publish","type":"post","link":"https:\/\/progettotouring.it\/radiotouring104\/2024\/07\/22\/intimidazione-a-video-calabria-solidarieta-di-confcommercio-calabria-centrale-e-del-senatore-occhiuto\/","title":{"rendered":"Intimidazione a Video Calabria: solidariet\u00e0 di Confcommercio Calabria Centrale, Senatore Occhiuto e Presidente Mancuso"},"content":{"rendered":"<p style=\"text-align: justify\"><strong>Confcommercio Calabria Centrale ed il senatore<\/strong> calabrese di Forza Italia <strong>Mario Occhiuto esprimono solidariet\u00e0 a Video Calabria per l&#8217;atto intimidatorio perpetrato mediante l&#8217;incendio dell&#8217;auto aziendale.\u00a0<\/strong><\/p>\n<p style=\"text-align: justify\"><em>&#8220;Confcommercio Calabria Centrale esprime la propria solidariet\u00e0 ai giornalisti, i tecnici, all\u2019editore di Video Calabria Salvatore Gaetano e alla famiglia Riga per il vile atto intimidatorio di cui l\u2019emittente \u00e8 stata vittima questa notte a Crotone.<\/em><\/p>\n<p style=\"text-align: justify\"><em>Le fiamme che hanno avvolto l\u2019auto aziendale parlano il linguaggio vessatorio contro il quale la Confcommercio da tempo \u00e8 impegnata.\u00a0 Condanniamo fermamente chi mina a intimidire le aziende e le realt\u00e0 che lavorano, specie in un territorio gi\u00e0 di per s\u00e9 aspro.\u00a0<\/em><\/p>\n<p style=\"text-align: justify\"><em>Siamo certi che il gruppo di Video Calabria non si lascer\u00e0 intimidire o piegare da quanto loro accaduto e che continuer\u00e0 a lavorare per raccontare Crotone e la Calabria come fa da oltre trent\u2019anni senza piegarsi a logiche minatorie.&#8221;, <\/em><strong>queste le parole di solidariet\u00e0 di &#8220;Confcommercio Calabria Centrale.<\/strong><\/p>\n<div style=\"text-align: justify\"><\/div>\n<h3 class=\"xmprfx_elementToProof\" style=\"text-align: justify\">Intimidazione a Video Calabria, il senatore Mario Occhiuto (Fi): &#8220;Gesto inaccettabile, fare luce al pi\u00f9 presto&#8221;<\/h3>\n<div style=\"text-align: justify\"><\/div>\n<div style=\"text-align: justify\"><em>\u201cSolidariet\u00e0 all\u2019emittente televisiva Video Calabria per la grave intimidazione subita a Crotone, dove ignoti hanno dato fuoco a un\u2019auto di servizio. Un gesto inaccettabile, che poteva provocare conseguenze anche pi\u00f9 gravi dal momento che la vettura era parcheggiata in una strada nei pressi di alcune abitazioni in centro. Auspico che il lavoro degli investigatori porti a fare luce al pi\u00f9 presto sull\u2019accaduto, assicurando i responsabili alla giustizia. Certo che il lavoro della testata televisiva andr\u00e0 avanti con ancor pi\u00f9 determinazione e coraggio, esprimo la mia totale vicinanza a tutto il corpo redazionale\u201d<\/em><strong>, scrive il senatore\u00a0Mario Occhiuto.<\/strong><\/div>\n<h4><\/h4>\n<h4><\/h4>\n<h4>Atto intimidatorio a Video Calabria, la condanna del Presidente Mancuso: &#8220;Sdegno per l&#8217;accaduto e piena solidariet\u00e0 all&#8217;editore&#8221;<\/h4>\n<div><em>\u201cSdegno per l\u2019accaduto e piena solidariet\u00e0 all\u2019editore Salvatore Gaetano e a tutto lo staff di Video Calabria. Il Consiglio regionale condanna con forza il vile atto con la speranza che i responsabili vengano presto individuati.<\/em><\/div>\n<div class=\"xmprfx_elementToProof\"><em>La libert\u00e0 di informazione \u00e8 un pilastro fondamentale di ogni democrazia e va difesa con forza e determinazione da ogni forma di minaccia\u201d,<\/em><strong> dichiara il Presidente del Consiglio Regionale della Calabria, Filippo Mancuso<\/strong><\/div>\n","protected":false},"excerpt":{"rendered":"<p>Confcommercio Calabria Centrale ed il senatore calabrese di Forza Italia Mario Occhiuto esprimono solidariet\u00e0 a Video Calabria per l&#8217;atto intimidatorio perpetrato mediante l&#8217;incendio dell&#8217;auto aziendale.\u00a0 &#8220;Confcommercio Calabria Centrale esprime la&hellip;<\/p>\n","protected":false},"author":12,"featured_media":55549,"comment_status":"closed","ping_status":"open","sticky":false,"template":"","format":"standard","meta":{"_jetpack_memberships_contains_paid_content":false,"footnotes":"","jetpack_publicize_message":"","jetpack_publicize_feature_enabled":true,"jetpack_social_post_already_shared":false,"jetpack_social_options":{"image_generator_settings":{"template":"highway","default_image_id":0,"font":"","enabled":false},"version":2}},"categories":[142,921,196],"tags":[6799,24418,34101,597,34102],"class_list":["post-55544","post","type-post","status-publish","format-standard","has-post-thumbnail","hentry","category-calabria","category-home","category-news","tag-atto-intimidatorio","tag-confcommercio-calabria-centrale","tag-occhiuto-mario","tag-solidarieta","tag-video-calabria"],"yoast_head":"<!-- This site is optimized with the Yoast SEO plugin v27.2 - https:\/\/yoast.com\/product\/yoast-seo-wordpress\/ -->\n<title>Intimidazione Video Calabria: solidariet\u00e0 di Occhiuto e Mancuso<\/title>\n<meta name=\"description\" content=\"Solidariet\u00e0 di Confcommercio Calabria Centrale, il senatore Occhiuto ed il Presidente Mancuso per l&#039;atto intimidatorio subito\" \/>\n<meta name=\"robots\" content=\"index, follow, max-snippet:-1, max-image-preview:large, max-video-preview:-1\" \/>\n<link rel=\"canonical\" href=\"https:\/\/progettotouring.it\/radiotouring104\/2024\/07\/22\/intimidazione-a-video-calabria-solidarieta-di-confcommercio-calabria-centrale-e-del-senatore-occhiuto\/\" \/>\n<meta property=\"og:locale\" content=\"it_IT\" \/>\n<meta property=\"og:type\" content=\"article\" \/>\n<meta property=\"og:title\" content=\"Intimidazione Video Calabria: solidariet\u00e0 di Occhiuto e Mancuso\" \/>\n<meta property=\"og:description\" content=\"Solidariet\u00e0 di Confcommercio Calabria Centrale, il senatore Occhiuto ed il Presidente Mancuso per l&#039;atto intimidatorio subito\" \/>\n<meta property=\"og:url\" content=\"https:\/\/progettotouring.it\/radiotouring104\/2024\/07\/22\/intimidazione-a-video-calabria-solidarieta-di-confcommercio-calabria-centrale-e-del-senatore-occhiuto\/\" \/>\n<meta property=\"og:site_name\" content=\"Radio Touring 104\" \/>\n<meta property=\"article:published_time\" content=\"2024-07-22T10:43:53+00:00\" \/>\n<meta property=\"article:modified_time\" content=\"2024-07-22T10:56:56+00:00\" \/>\n<meta property=\"og:image\" content=\"https:\/\/progettotouring.it\/radiotouring104\/wp-content\/uploads\/sites\/6\/2024\/07\/NUSDEOQUESTORE-Confocommercio-Calabria-Centrale.jpg\" \/>\n\t<meta property=\"og:image:width\" content=\"1848\" \/>\n\t<meta property=\"og:image:height\" content=\"826\" \/>\n\t<meta property=\"og:image:type\" content=\"image\/jpeg\" \/>\n<meta name=\"author\" content=\"Sebastiano Plutino\" \/>\n<meta name=\"twitter:card\" content=\"summary_large_image\" \/>\n<meta name=\"twitter:label1\" content=\"Scritto da\" \/>\n\t<meta name=\"twitter:data1\" content=\"Sebastiano Plutino\" \/>\n\t<meta name=\"twitter:label2\" content=\"Tempo di lettura stimato\" \/>\n\t<meta name=\"twitter:data2\" content=\"2 minuti\" \/>\n<script type=\"application\/ld+json\" class=\"yoast-schema-graph\">{\"@context\":\"https:\/\/schema.org\",\"@graph\":[{\"@type\":\"Article\",\"@id\":\"https:\/\/progettotouring.it\/radiotouring104\/2024\/07\/22\/intimidazione-a-video-calabria-solidarieta-di-confcommercio-calabria-centrale-e-del-senatore-occhiuto\/#article\",\"isPartOf\":{\"@id\":\"https:\/\/progettotouring.it\/radiotouring104\/2024\/07\/22\/intimidazione-a-video-calabria-solidarieta-di-confcommercio-calabria-centrale-e-del-senatore-occhiuto\/\"},\"author\":{\"name\":\"Sebastiano Plutino\",\"@id\":\"https:\/\/progettotouring.it\/radiotouring104\/#\/schema\/person\/78613917f1851f041f7483f5af1d422e\"},\"headline\":\"Intimidazione a Video Calabria: solidariet\u00e0 di Confcommercio Calabria Centrale, Senatore Occhiuto e Presidente Mancuso\",\"datePublished\":\"2024-07-22T10:43:53+00:00\",\"dateModified\":\"2024-07-22T10:56:56+00:00\",\"mainEntityOfPage\":{\"@id\":\"https:\/\/progettotouring.it\/radiotouring104\/2024\/07\/22\/intimidazione-a-video-calabria-solidarieta-di-confcommercio-calabria-centrale-e-del-senatore-occhiuto\/\"},\"wordCount\":369,\"publisher\":{\"@id\":\"https:\/\/progettotouring.it\/radiotouring104\/#organization\"},\"image\":{\"@id\":\"https:\/\/progettotouring.it\/radiotouring104\/2024\/07\/22\/intimidazione-a-video-calabria-solidarieta-di-confcommercio-calabria-centrale-e-del-senatore-occhiuto\/#primaryimage\"},\"thumbnailUrl\":\"https:\/\/progettotouring.it\/radiotouring104\/wp-content\/uploads\/sites\/6\/2024\/07\/NUSDEOQUESTORE-Confocommercio-Calabria-Centrale.jpg\",\"keywords\":[\"Atto intimidatorio\",\"Confcommercio Calabria Centrale\",\"Occhiuto Mario\",\"solidariet\u00e0\",\"video calabria\"],\"articleSection\":[\"Calabria\",\"Home\",\"News\"],\"inLanguage\":\"it-IT\"},{\"@type\":\"WebPage\",\"@id\":\"https:\/\/progettotouring.it\/radiotouring104\/2024\/07\/22\/intimidazione-a-video-calabria-solidarieta-di-confcommercio-calabria-centrale-e-del-senatore-occhiuto\/\",\"url\":\"https:\/\/progettotouring.it\/radiotouring104\/2024\/07\/22\/intimidazione-a-video-calabria-solidarieta-di-confcommercio-calabria-centrale-e-del-senatore-occhiuto\/\",\"name\":\"Intimidazione Video Calabria: solidariet\u00e0 di Occhiuto e Mancuso\",\"isPartOf\":{\"@id\":\"https:\/\/progettotouring.it\/radiotouring104\/#website\"},\"primaryImageOfPage\":{\"@id\":\"https:\/\/progettotouring.it\/radiotouring104\/2024\/07\/22\/intimidazione-a-video-calabria-solidarieta-di-confcommercio-calabria-centrale-e-del-senatore-occhiuto\/#primaryimage\"},\"image\":{\"@id\":\"https:\/\/progettotouring.it\/radiotouring104\/2024\/07\/22\/intimidazione-a-video-calabria-solidarieta-di-confcommercio-calabria-centrale-e-del-senatore-occhiuto\/#primaryimage\"},\"thumbnailUrl\":\"https:\/\/progettotouring.it\/radiotouring104\/wp-content\/uploads\/sites\/6\/2024\/07\/NUSDEOQUESTORE-Confocommercio-Calabria-Centrale.jpg\",\"datePublished\":\"2024-07-22T10:43:53+00:00\",\"dateModified\":\"2024-07-22T10:56:56+00:00\",\"description\":\"Solidariet\u00e0 di Confcommercio Calabria Centrale, il senatore Occhiuto ed il Presidente Mancuso per l'atto intimidatorio subito\",\"breadcrumb\":{\"@id\":\"https:\/\/progettotouring.it\/radiotouring104\/2024\/07\/22\/intimidazione-a-video-calabria-solidarieta-di-confcommercio-calabria-centrale-e-del-senatore-occhiuto\/#breadcrumb\"},\"inLanguage\":\"it-IT\",\"potentialAction\":[{\"@type\":\"ReadAction\",\"target\":[\"https:\/\/progettotouring.it\/radiotouring104\/2024\/07\/22\/intimidazione-a-video-calabria-solidarieta-di-confcommercio-calabria-centrale-e-del-senatore-occhiuto\/\"]}]},{\"@type\":\"ImageObject\",\"inLanguage\":\"it-IT\",\"@id\":\"https:\/\/progettotouring.it\/radiotouring104\/2024\/07\/22\/intimidazione-a-video-calabria-solidarieta-di-confcommercio-calabria-centrale-e-del-senatore-occhiuto\/#primaryimage\",\"url\":\"https:\/\/progettotouring.it\/radiotouring104\/wp-content\/uploads\/sites\/6\/2024\/07\/NUSDEOQUESTORE-Confocommercio-Calabria-Centrale.jpg\",\"contentUrl\":\"https:\/\/progettotouring.it\/radiotouring104\/wp-content\/uploads\/sites\/6\/2024\/07\/NUSDEOQUESTORE-Confocommercio-Calabria-Centrale.jpg\",\"width\":1848,\"height\":826},{\"@type\":\"BreadcrumbList\",\"@id\":\"https:\/\/progettotouring.it\/radiotouring104\/2024\/07\/22\/intimidazione-a-video-calabria-solidarieta-di-confcommercio-calabria-centrale-e-del-senatore-occhiuto\/#breadcrumb\",\"itemListElement\":[{\"@type\":\"ListItem\",\"position\":1,\"name\":\"Home\",\"item\":\"https:\/\/progettotouring.it\/radiotouring104\/\"},{\"@type\":\"ListItem\",\"position\":2,\"name\":\"Intimidazione a Video Calabria: solidariet\u00e0 di Confcommercio Calabria Centrale, Senatore Occhiuto e Presidente Mancuso\"}]},{\"@type\":\"WebSite\",\"@id\":\"https:\/\/progettotouring.it\/radiotouring104\/#website\",\"url\":\"https:\/\/progettotouring.it\/radiotouring104\/\",\"name\":\"Radio Touring 104\",\"description\":\"La prima radio Reggina\",\"publisher\":{\"@id\":\"https:\/\/progettotouring.it\/radiotouring104\/#organization\"},\"potentialAction\":[{\"@type\":\"SearchAction\",\"target\":{\"@type\":\"EntryPoint\",\"urlTemplate\":\"https:\/\/progettotouring.it\/radiotouring104\/?s={search_term_string}\"},\"query-input\":{\"@type\":\"PropertyValueSpecification\",\"valueRequired\":true,\"valueName\":\"search_term_string\"}}],\"inLanguage\":\"it-IT\"},{\"@type\":\"Organization\",\"@id\":\"https:\/\/progettotouring.it\/radiotouring104\/#organization\",\"name\":\"Radio Touring 104\",\"url\":\"https:\/\/progettotouring.it\/radiotouring104\/\",\"logo\":{\"@type\":\"ImageObject\",\"inLanguage\":\"it-IT\",\"@id\":\"https:\/\/progettotouring.it\/radiotouring104\/#\/schema\/logo\/image\/\",\"url\":\"https:\/\/progettotouring.it\/radiotouring104\/wp-content\/uploads\/sites\/6\/2022\/02\/cropped-logo-radio-touring-104.png\",\"contentUrl\":\"https:\/\/progettotouring.it\/radiotouring104\/wp-content\/uploads\/sites\/6\/2022\/02\/cropped-logo-radio-touring-104.png\",\"width\":377,\"height\":182,\"caption\":\"Radio Touring 104\"},\"image\":{\"@id\":\"https:\/\/progettotouring.it\/radiotouring104\/#\/schema\/logo\/image\/\"}},{\"@type\":\"Person\",\"@id\":\"https:\/\/progettotouring.it\/radiotouring104\/#\/schema\/person\/78613917f1851f041f7483f5af1d422e\",\"name\":\"Sebastiano Plutino\",\"image\":{\"@type\":\"ImageObject\",\"inLanguage\":\"it-IT\",\"@id\":\"https:\/\/secure.gravatar.com\/avatar\/0546ffaa9b79224faf9f2a156b67a529ae861d3287c66c1d8ccfdf909bcba78d?s=96&d=mm&r=g\",\"url\":\"https:\/\/secure.gravatar.com\/avatar\/0546ffaa9b79224faf9f2a156b67a529ae861d3287c66c1d8ccfdf909bcba78d?s=96&d=mm&r=g\",\"contentUrl\":\"https:\/\/secure.gravatar.com\/avatar\/0546ffaa9b79224faf9f2a156b67a529ae861d3287c66c1d8ccfdf909bcba78d?s=96&d=mm&r=g\",\"caption\":\"Sebastiano Plutino\"},\"url\":\"https:\/\/progettotouring.it\/radiotouring104\/author\/sebastiano\/\"}]}<\/script>\n<!-- \/ Yoast SEO plugin. -->","yoast_head_json":{"title":"Intimidazione Video Calabria: solidariet\u00e0 di Occhiuto e Mancuso","description":"Solidariet\u00e0 di Confcommercio Calabria Centrale, il senatore Occhiuto ed il Presidente Mancuso per l'atto intimidatorio subito","robots":{"index":"index","follow":"follow","max-snippet":"max-snippet:-1","max-image-preview":"max-image-preview:large","max-video-preview":"max-video-preview:-1"},"canonical":"https:\/\/progettotouring.it\/radiotouring104\/2024\/07\/22\/intimidazione-a-video-calabria-solidarieta-di-confcommercio-calabria-centrale-e-del-senatore-occhiuto\/","og_locale":"it_IT","og_type":"article","og_title":"Intimidazione Video Calabria: solidariet\u00e0 di Occhiuto e Mancuso","og_description":"Solidariet\u00e0 di Confcommercio Calabria Centrale, il senatore Occhiuto ed il Presidente Mancuso per l'atto intimidatorio subito","og_url":"https:\/\/progettotouring.it\/radiotouring104\/2024\/07\/22\/intimidazione-a-video-calabria-solidarieta-di-confcommercio-calabria-centrale-e-del-senatore-occhiuto\/","og_site_name":"Radio Touring 104","article_published_time":"2024-07-22T10:43:53+00:00","article_modified_time":"2024-07-22T10:56:56+00:00","og_image":[{"width":1848,"height":826,"url":"https:\/\/progettotouring.it\/radiotouring104\/wp-content\/uploads\/sites\/6\/2024\/07\/NUSDEOQUESTORE-Confocommercio-Calabria-Centrale.jpg","type":"image\/jpeg"}],"author":"Sebastiano Plutino","twitter_card":"summary_large_image","twitter_misc":{"Scritto da":"Sebastiano Plutino","Tempo di lettura stimato":"2 minuti"},"schema":{"@context":"https:\/\/schema.org","@graph":[{"@type":"Article","@id":"https:\/\/progettotouring.it\/radiotouring104\/2024\/07\/22\/intimidazione-a-video-calabria-solidarieta-di-confcommercio-calabria-centrale-e-del-senatore-occhiuto\/#article","isPartOf":{"@id":"https:\/\/progettotouring.it\/radiotouring104\/2024\/07\/22\/intimidazione-a-video-calabria-solidarieta-di-confcommercio-calabria-centrale-e-del-senatore-occhiuto\/"},"author":{"name":"Sebastiano Plutino","@id":"https:\/\/progettotouring.it\/radiotouring104\/#\/schema\/person\/78613917f1851f041f7483f5af1d422e"},"headline":"Intimidazione a Video Calabria: solidariet\u00e0 di Confcommercio Calabria Centrale, Senatore Occhiuto e Presidente Mancuso","datePublished":"2024-07-22T10:43:53+00:00","dateModified":"2024-07-22T10:56:56+00:00","mainEntityOfPage":{"@id":"https:\/\/progettotouring.it\/radiotouring104\/2024\/07\/22\/intimidazione-a-video-calabria-solidarieta-di-confcommercio-calabria-centrale-e-del-senatore-occhiuto\/"},"wordCount":369,"publisher":{"@id":"https:\/\/progettotouring.it\/radiotouring104\/#organization"},"image":{"@id":"https:\/\/progettotouring.it\/radiotouring104\/2024\/07\/22\/intimidazione-a-video-calabria-solidarieta-di-confcommercio-calabria-centrale-e-del-senatore-occhiuto\/#primaryimage"},"thumbnailUrl":"https:\/\/progettotouring.it\/radiotouring104\/wp-content\/uploads\/sites\/6\/2024\/07\/NUSDEOQUESTORE-Confocommercio-Calabria-Centrale.jpg","keywords":["Atto intimidatorio","Confcommercio Calabria Centrale","Occhiuto Mario","solidariet\u00e0","video calabria"],"articleSection":["Calabria","Home","News"],"inLanguage":"it-IT"},{"@type":"WebPage","@id":"https:\/\/progettotouring.it\/radiotouring104\/2024\/07\/22\/intimidazione-a-video-calabria-solidarieta-di-confcommercio-calabria-centrale-e-del-senatore-occhiuto\/","url":"https:\/\/progettotouring.it\/radiotouring104\/2024\/07\/22\/intimidazione-a-video-calabria-solidarieta-di-confcommercio-calabria-centrale-e-del-senatore-occhiuto\/","name":"Intimidazione Video Calabria: solidariet\u00e0 di Occhiuto e Mancuso","isPartOf":{"@id":"https:\/\/progettotouring.it\/radiotouring104\/#website"},"primaryImageOfPage":{"@id":"https:\/\/progettotouring.it\/radiotouring104\/2024\/07\/22\/intimidazione-a-video-calabria-solidarieta-di-confcommercio-calabria-centrale-e-del-senatore-occhiuto\/#primaryimage"},"image":{"@id":"https:\/\/progettotouring.it\/radiotouring104\/2024\/07\/22\/intimidazione-a-video-calabria-solidarieta-di-confcommercio-calabria-centrale-e-del-senatore-occhiuto\/#primaryimage"},"thumbnailUrl":"https:\/\/progettotouring.it\/radiotouring104\/wp-content\/uploads\/sites\/6\/2024\/07\/NUSDEOQUESTORE-Confocommercio-Calabria-Centrale.jpg","datePublished":"2024-07-22T10:43:53+00:00","dateModified":"2024-07-22T10:56:56+00:00","description":"Solidariet\u00e0 di Confcommercio Calabria Centrale, il senatore Occhiuto ed il Presidente Mancuso per l'atto intimidatorio subito","breadcrumb":{"@id":"https:\/\/progettotouring.it\/radiotouring104\/2024\/07\/22\/intimidazione-a-video-calabria-solidarieta-di-confcommercio-calabria-centrale-e-del-senatore-occhiuto\/#breadcrumb"},"inLanguage":"it-IT","potentialAction":[{"@type":"ReadAction","target":["https:\/\/progettotouring.it\/radiotouring104\/2024\/07\/22\/intimidazione-a-video-calabria-solidarieta-di-confcommercio-calabria-centrale-e-del-senatore-occhiuto\/"]}]},{"@type":"ImageObject","inLanguage":"it-IT","@id":"https:\/\/progettotouring.it\/radiotouring104\/2024\/07\/22\/intimidazione-a-video-calabria-solidarieta-di-confcommercio-calabria-centrale-e-del-senatore-occhiuto\/#primaryimage","url":"https:\/\/progettotouring.it\/radiotouring104\/wp-content\/uploads\/sites\/6\/2024\/07\/NUSDEOQUESTORE-Confocommercio-Calabria-Centrale.jpg","contentUrl":"https:\/\/progettotouring.it\/radiotouring104\/wp-content\/uploads\/sites\/6\/2024\/07\/NUSDEOQUESTORE-Confocommercio-Calabria-Centrale.jpg","width":1848,"height":826},{"@type":"BreadcrumbList","@id":"https:\/\/progettotouring.it\/radiotouring104\/2024\/07\/22\/intimidazione-a-video-calabria-solidarieta-di-confcommercio-calabria-centrale-e-del-senatore-occhiuto\/#breadcrumb","itemListElement":[{"@type":"ListItem","position":1,"name":"Home","item":"https:\/\/progettotouring.it\/radiotouring104\/"},{"@type":"ListItem","position":2,"name":"Intimidazione a Video Calabria: solidariet\u00e0 di Confcommercio Calabria Centrale, Senatore Occhiuto e Presidente Mancuso"}]},{"@type":"WebSite","@id":"https:\/\/progettotouring.it\/radiotouring104\/#website","url":"https:\/\/progettotouring.it\/radiotouring104\/","name":"Radio Touring 104","description":"La prima radio Reggina","publisher":{"@id":"https:\/\/progettotouring.it\/radiotouring104\/#organization"},"potentialAction":[{"@type":"SearchAction","target":{"@type":"EntryPoint","urlTemplate":"https:\/\/progettotouring.it\/radiotouring104\/?s={search_term_string}"},"query-input":{"@type":"PropertyValueSpecification","valueRequired":true,"valueName":"search_term_string"}}],"inLanguage":"it-IT"},{"@type":"Organization","@id":"https:\/\/progettotouring.it\/radiotouring104\/#organization","name":"Radio Touring 104","url":"https:\/\/progettotouring.it\/radiotouring104\/","logo":{"@type":"ImageObject","inLanguage":"it-IT","@id":"https:\/\/progettotouring.it\/radiotouring104\/#\/schema\/logo\/image\/","url":"https:\/\/progettotouring.it\/radiotouring104\/wp-content\/uploads\/sites\/6\/2022\/02\/cropped-logo-radio-touring-104.png","contentUrl":"https:\/\/progettotouring.it\/radiotouring104\/wp-content\/uploads\/sites\/6\/2022\/02\/cropped-logo-radio-touring-104.png","width":377,"height":182,"caption":"Radio Touring 104"},"image":{"@id":"https:\/\/progettotouring.it\/radiotouring104\/#\/schema\/logo\/image\/"}},{"@type":"Person","@id":"https:\/\/progettotouring.it\/radiotouring104\/#\/schema\/person\/78613917f1851f041f7483f5af1d422e","name":"Sebastiano Plutino","image":{"@type":"ImageObject","inLanguage":"it-IT","@id":"https:\/\/secure.gravatar.com\/avatar\/0546ffaa9b79224faf9f2a156b67a529ae861d3287c66c1d8ccfdf909bcba78d?s=96&d=mm&r=g","url":"https:\/\/secure.gravatar.com\/avatar\/0546ffaa9b79224faf9f2a156b67a529ae861d3287c66c1d8ccfdf909bcba78d?s=96&d=mm&r=g","contentUrl":"https:\/\/secure.gravatar.com\/avatar\/0546ffaa9b79224faf9f2a156b67a529ae861d3287c66c1d8ccfdf909bcba78d?s=96&d=mm&r=g","caption":"Sebastiano Plutino"},"url":"https:\/\/progettotouring.it\/radiotouring104\/author\/sebastiano\/"}]}},"jetpack_publicize_connections":[],"jetpack_featured_media_url":"https:\/\/progettotouring.it\/radiotouring104\/wp-content\/uploads\/sites\/6\/2024\/07\/NUSDEOQUESTORE-Confocommercio-Calabria-Centrale.jpg","jetpack_sharing_enabled":true,"_links":{"self":[{"href":"https:\/\/progettotouring.it\/radiotouring104\/wp-json\/wp\/v2\/posts\/55544","targetHints":{"allow":["GET"]}}],"collection":[{"href":"https:\/\/progettotouring.it\/radiotouring104\/wp-json\/wp\/v2\/posts"}],"about":[{"href":"https:\/\/progettotouring.it\/radiotouring104\/wp-json\/wp\/v2\/types\/post"}],"author":[{"embeddable":true,"href":"https:\/\/progettotouring.it\/radiotouring104\/wp-json\/wp\/v2\/users\/12"}],"replies":[{"embeddable":true,"href":"https:\/\/progettotouring.it\/radiotouring104\/wp-json\/wp\/v2\/comments?post=55544"}],"version-history":[{"count":3,"href":"https:\/\/progettotouring.it\/radiotouring104\/wp-json\/wp\/v2\/posts\/55544\/revisions"}],"predecessor-version":[{"id":55550,"href":"https:\/\/progettotouring.it\/radiotouring104\/wp-json\/wp\/v2\/posts\/55544\/revisions\/55550"}],"wp:featuredmedia":[{"embeddable":true,"href":"https:\/\/progettotouring.it\/radiotouring104\/wp-json\/wp\/v2\/media\/55549"}],"wp:attachment":[{"href":"https:\/\/progettotouring.it\/radiotouring104\/wp-json\/wp\/v2\/media?parent=55544"}],"wp:term":[{"taxonomy":"category","embeddable":true,"href":"https:\/\/progettotouring.it\/radiotouring104\/wp-json\/wp\/v2\/categories?post=55544"},{"taxonomy":"post_tag","embeddable":true,"href":"https:\/\/progettotouring.it\/radiotouring104\/wp-json\/wp\/v2\/tags?post=55544"}],"curies":[{"name":"wp","href":"https:\/\/api.w.org\/{rel}","templated":true}]}}