{"id":55554,"date":"2024-07-22T17:47:45","date_gmt":"2024-07-22T15:47:45","guid":{"rendered":"https:\/\/progettotouring.it\/radiotouring104\/?p=55554"},"modified":"2024-07-22T17:47:54","modified_gmt":"2024-07-22T15:47:54","slug":"aeroporto-di-reggio-calabria-chiuso-in-fiamme-un-elicottero-dei-vigili-del-fuoco","status":"publish","type":"post","link":"https:\/\/progettotouring.it\/radiotouring104\/2024\/07\/22\/aeroporto-di-reggio-calabria-chiuso-in-fiamme-un-elicottero-dei-vigili-del-fuoco\/","title":{"rendered":"Aeroporto di Reggio Calabria chiuso: in fiamme un elicottero dei Vigili del fuoco"},"content":{"rendered":"<p>Stava rientrando all&#8217;aeroporto di Reggio Calabria &#8220;Tito Minniti&#8221; dopo un&#8217;operazione su un incendio boschivo, una triste routine nel periodo estivo, quando l&#8217;elicottero dei Vigili del Fuoco <span class=\"css-1jxf684 r-bcqeeo r-1ttztb7 r-qvutc0 r-poiln3\"><strong>S<\/strong>64 \u201cGeronimo\u201d ha preso fuoco durante le manovre di atterraggio sulla pista. <\/span><\/p>\n<p><span class=\"css-1jxf684 r-bcqeeo r-1ttztb7 r-qvutc0 r-poiln3\">I due Vigili del fuoco che si trovavano a bordo sono riusciti a scendere appena in tempo, per poi essere trasportati al Grande Ospedale Metropolitano di Reggio Calabria per gli accertamenti necessari. Secondo quanto riportato da <a href=\"https:\/\/www.citynow.it\/\" target=\"_blank\" rel=\"noopener\">Citynow<\/a>, sarebbe stato accertato un ferito. Le fiamme sono state prontamente estinte dai Vigili del Fuoco presenti all&#8217;aeroporto reggino.<br \/>\n<\/span><\/p>\n<p>Ancora incertezza riguardo le cause che hanno portato all&#8217;incendio del mezzo, si ipotizza un guasto al motore ma ancora \u00e8 tutto al vaglio delle indagini delle autorit\u00e0. Nel frattempo, per ragioni di sicurezza lo scalo \u00e8 stato temporaneamente chiuso.<\/p>\n<p>[In aggiornamento]<\/p>\n","protected":false},"excerpt":{"rendered":"<p>Stava rientrando all&#8217;aeroporto di Reggio Calabria &#8220;Tito Minniti&#8221; dopo un&#8217;operazione su un incendio boschivo, una triste routine nel periodo estivo, quando l&#8217;elicottero dei Vigili del Fuoco S64 \u201cGeronimo\u201d ha preso&hellip;<\/p>\n","protected":false},"author":5,"featured_media":55555,"comment_status":"closed","ping_status":"open","sticky":false,"template":"","format":"standard","meta":{"_jetpack_memberships_contains_paid_content":false,"footnotes":"","jetpack_publicize_message":"","jetpack_publicize_feature_enabled":true,"jetpack_social_post_already_shared":false,"jetpack_social_options":{"image_generator_settings":{"template":"highway","default_image_id":0,"font":"","enabled":false},"version":2}},"categories":[150,196,140],"tags":[576,577,34103,1781,236,677],"class_list":["post-55554","post","type-post","status-publish","format-standard","has-post-thumbnail","hentry","category-in-primo-piano","category-news","category-reggio-calabria","tag-aeroporto","tag-aeroporto-tito-minniti","tag-elicottero","tag-incendio","tag-reggio-calabria","tag-vigili-del-fuoco"],"yoast_head":"<!-- This site is optimized with the Yoast SEO plugin v27.2 - https:\/\/yoast.com\/product\/yoast-seo-wordpress\/ -->\n<title>Aeroporto chiuso: in fiamme un elicottero dei Vigili del fuoco<\/title>\n<meta name=\"description\" content=\"Ancora da accertare le cause dell&#039;incendio dell&#039;elicottero, intanto \u00e8 stata disposta la chiusura dello scalo reggino\" \/>\n<meta name=\"robots\" content=\"index, follow, max-snippet:-1, max-image-preview:large, max-video-preview:-1\" \/>\n<link rel=\"canonical\" href=\"https:\/\/progettotouring.it\/radiotouring104\/2024\/07\/22\/aeroporto-di-reggio-calabria-chiuso-in-fiamme-un-elicottero-dei-vigili-del-fuoco\/\" \/>\n<meta property=\"og:locale\" content=\"it_IT\" \/>\n<meta property=\"og:type\" content=\"article\" \/>\n<meta property=\"og:title\" content=\"Aeroporto chiuso: in fiamme un elicottero dei Vigili del fuoco\" \/>\n<meta property=\"og:description\" content=\"Ancora da accertare le cause dell&#039;incendio dell&#039;elicottero, intanto \u00e8 stata disposta la chiusura dello scalo reggino\" \/>\n<meta property=\"og:url\" content=\"https:\/\/progettotouring.it\/radiotouring104\/2024\/07\/22\/aeroporto-di-reggio-calabria-chiuso-in-fiamme-un-elicottero-dei-vigili-del-fuoco\/\" \/>\n<meta property=\"og:site_name\" content=\"Radio Touring 104\" \/>\n<meta property=\"article:published_time\" content=\"2024-07-22T15:47:45+00:00\" \/>\n<meta property=\"article:modified_time\" content=\"2024-07-22T15:47:54+00:00\" \/>\n<meta property=\"og:image\" content=\"https:\/\/progettotouring.it\/radiotouring104\/wp-content\/uploads\/sites\/6\/2024\/07\/elicottero-vigili-del-fuoco.jpg\" \/>\n\t<meta property=\"og:image:width\" content=\"737\" \/>\n\t<meta property=\"og:image:height\" content=\"415\" \/>\n\t<meta property=\"og:image:type\" content=\"image\/jpeg\" \/>\n<meta name=\"author\" content=\"redazione\" \/>\n<meta name=\"twitter:card\" content=\"summary_large_image\" \/>\n<meta name=\"twitter:label1\" content=\"Scritto da\" \/>\n\t<meta name=\"twitter:data1\" content=\"redazione\" \/>\n\t<meta name=\"twitter:label2\" content=\"Tempo di lettura stimato\" \/>\n\t<meta name=\"twitter:data2\" content=\"1 minuto\" \/>\n<script type=\"application\/ld+json\" class=\"yoast-schema-graph\">{\"@context\":\"https:\/\/schema.org\",\"@graph\":[{\"@type\":\"Article\",\"@id\":\"https:\/\/progettotouring.it\/radiotouring104\/2024\/07\/22\/aeroporto-di-reggio-calabria-chiuso-in-fiamme-un-elicottero-dei-vigili-del-fuoco\/#article\",\"isPartOf\":{\"@id\":\"https:\/\/progettotouring.it\/radiotouring104\/2024\/07\/22\/aeroporto-di-reggio-calabria-chiuso-in-fiamme-un-elicottero-dei-vigili-del-fuoco\/\"},\"author\":{\"name\":\"redazione\",\"@id\":\"https:\/\/progettotouring.it\/radiotouring104\/#\/schema\/person\/1b3eb3c07c47136bc44c785c543e635f\"},\"headline\":\"Aeroporto di Reggio Calabria chiuso: in fiamme un elicottero dei Vigili del fuoco\",\"datePublished\":\"2024-07-22T15:47:45+00:00\",\"dateModified\":\"2024-07-22T15:47:54+00:00\",\"mainEntityOfPage\":{\"@id\":\"https:\/\/progettotouring.it\/radiotouring104\/2024\/07\/22\/aeroporto-di-reggio-calabria-chiuso-in-fiamme-un-elicottero-dei-vigili-del-fuoco\/\"},\"wordCount\":145,\"publisher\":{\"@id\":\"https:\/\/progettotouring.it\/radiotouring104\/#organization\"},\"image\":{\"@id\":\"https:\/\/progettotouring.it\/radiotouring104\/2024\/07\/22\/aeroporto-di-reggio-calabria-chiuso-in-fiamme-un-elicottero-dei-vigili-del-fuoco\/#primaryimage\"},\"thumbnailUrl\":\"https:\/\/progettotouring.it\/radiotouring104\/wp-content\/uploads\/sites\/6\/2024\/07\/elicottero-vigili-del-fuoco.jpg\",\"keywords\":[\"aeroporto\",\"aeroporto tito minniti\",\"elicottero\",\"incendio\",\"reggio calabria\",\"Vigili del fuoco\"],\"articleSection\":[\"In primo piano\",\"News\",\"Reggio Calabria\"],\"inLanguage\":\"it-IT\"},{\"@type\":\"WebPage\",\"@id\":\"https:\/\/progettotouring.it\/radiotouring104\/2024\/07\/22\/aeroporto-di-reggio-calabria-chiuso-in-fiamme-un-elicottero-dei-vigili-del-fuoco\/\",\"url\":\"https:\/\/progettotouring.it\/radiotouring104\/2024\/07\/22\/aeroporto-di-reggio-calabria-chiuso-in-fiamme-un-elicottero-dei-vigili-del-fuoco\/\",\"name\":\"Aeroporto chiuso: in fiamme un elicottero dei Vigili del fuoco\",\"isPartOf\":{\"@id\":\"https:\/\/progettotouring.it\/radiotouring104\/#website\"},\"primaryImageOfPage\":{\"@id\":\"https:\/\/progettotouring.it\/radiotouring104\/2024\/07\/22\/aeroporto-di-reggio-calabria-chiuso-in-fiamme-un-elicottero-dei-vigili-del-fuoco\/#primaryimage\"},\"image\":{\"@id\":\"https:\/\/progettotouring.it\/radiotouring104\/2024\/07\/22\/aeroporto-di-reggio-calabria-chiuso-in-fiamme-un-elicottero-dei-vigili-del-fuoco\/#primaryimage\"},\"thumbnailUrl\":\"https:\/\/progettotouring.it\/radiotouring104\/wp-content\/uploads\/sites\/6\/2024\/07\/elicottero-vigili-del-fuoco.jpg\",\"datePublished\":\"2024-07-22T15:47:45+00:00\",\"dateModified\":\"2024-07-22T15:47:54+00:00\",\"description\":\"Ancora da accertare le cause dell'incendio dell'elicottero, intanto \u00e8 stata disposta la chiusura dello scalo reggino\",\"breadcrumb\":{\"@id\":\"https:\/\/progettotouring.it\/radiotouring104\/2024\/07\/22\/aeroporto-di-reggio-calabria-chiuso-in-fiamme-un-elicottero-dei-vigili-del-fuoco\/#breadcrumb\"},\"inLanguage\":\"it-IT\",\"potentialAction\":[{\"@type\":\"ReadAction\",\"target\":[\"https:\/\/progettotouring.it\/radiotouring104\/2024\/07\/22\/aeroporto-di-reggio-calabria-chiuso-in-fiamme-un-elicottero-dei-vigili-del-fuoco\/\"]}]},{\"@type\":\"ImageObject\",\"inLanguage\":\"it-IT\",\"@id\":\"https:\/\/progettotouring.it\/radiotouring104\/2024\/07\/22\/aeroporto-di-reggio-calabria-chiuso-in-fiamme-un-elicottero-dei-vigili-del-fuoco\/#primaryimage\",\"url\":\"https:\/\/progettotouring.it\/radiotouring104\/wp-content\/uploads\/sites\/6\/2024\/07\/elicottero-vigili-del-fuoco.jpg\",\"contentUrl\":\"https:\/\/progettotouring.it\/radiotouring104\/wp-content\/uploads\/sites\/6\/2024\/07\/elicottero-vigili-del-fuoco.jpg\",\"width\":737,\"height\":415},{\"@type\":\"BreadcrumbList\",\"@id\":\"https:\/\/progettotouring.it\/radiotouring104\/2024\/07\/22\/aeroporto-di-reggio-calabria-chiuso-in-fiamme-un-elicottero-dei-vigili-del-fuoco\/#breadcrumb\",\"itemListElement\":[{\"@type\":\"ListItem\",\"position\":1,\"name\":\"Home\",\"item\":\"https:\/\/progettotouring.it\/radiotouring104\/\"},{\"@type\":\"ListItem\",\"position\":2,\"name\":\"Aeroporto di Reggio Calabria chiuso: in fiamme un elicottero dei Vigili del fuoco\"}]},{\"@type\":\"WebSite\",\"@id\":\"https:\/\/progettotouring.it\/radiotouring104\/#website\",\"url\":\"https:\/\/progettotouring.it\/radiotouring104\/\",\"name\":\"Radio Touring 104\",\"description\":\"La prima radio Reggina\",\"publisher\":{\"@id\":\"https:\/\/progettotouring.it\/radiotouring104\/#organization\"},\"potentialAction\":[{\"@type\":\"SearchAction\",\"target\":{\"@type\":\"EntryPoint\",\"urlTemplate\":\"https:\/\/progettotouring.it\/radiotouring104\/?s={search_term_string}\"},\"query-input\":{\"@type\":\"PropertyValueSpecification\",\"valueRequired\":true,\"valueName\":\"search_term_string\"}}],\"inLanguage\":\"it-IT\"},{\"@type\":\"Organization\",\"@id\":\"https:\/\/progettotouring.it\/radiotouring104\/#organization\",\"name\":\"Radio Touring 104\",\"url\":\"https:\/\/progettotouring.it\/radiotouring104\/\",\"logo\":{\"@type\":\"ImageObject\",\"inLanguage\":\"it-IT\",\"@id\":\"https:\/\/progettotouring.it\/radiotouring104\/#\/schema\/logo\/image\/\",\"url\":\"https:\/\/progettotouring.it\/radiotouring104\/wp-content\/uploads\/sites\/6\/2022\/02\/cropped-logo-radio-touring-104.png\",\"contentUrl\":\"https:\/\/progettotouring.it\/radiotouring104\/wp-content\/uploads\/sites\/6\/2022\/02\/cropped-logo-radio-touring-104.png\",\"width\":377,\"height\":182,\"caption\":\"Radio Touring 104\"},\"image\":{\"@id\":\"https:\/\/progettotouring.it\/radiotouring104\/#\/schema\/logo\/image\/\"}},{\"@type\":\"Person\",\"@id\":\"https:\/\/progettotouring.it\/radiotouring104\/#\/schema\/person\/1b3eb3c07c47136bc44c785c543e635f\",\"name\":\"redazione\",\"image\":{\"@type\":\"ImageObject\",\"inLanguage\":\"it-IT\",\"@id\":\"https:\/\/secure.gravatar.com\/avatar\/0b31605b49f100769e8b624b3e05de1b73e1692e9568a352f60f53fd072e6e11?s=96&d=mm&r=g\",\"url\":\"https:\/\/secure.gravatar.com\/avatar\/0b31605b49f100769e8b624b3e05de1b73e1692e9568a352f60f53fd072e6e11?s=96&d=mm&r=g\",\"contentUrl\":\"https:\/\/secure.gravatar.com\/avatar\/0b31605b49f100769e8b624b3e05de1b73e1692e9568a352f60f53fd072e6e11?s=96&d=mm&r=g\",\"caption\":\"redazione\"},\"url\":\"https:\/\/progettotouring.it\/radiotouring104\/author\/redazione\/\"}]}<\/script>\n<!-- \/ Yoast SEO plugin. -->","yoast_head_json":{"title":"Aeroporto chiuso: in fiamme un elicottero dei Vigili del fuoco","description":"Ancora da accertare le cause dell'incendio dell'elicottero, intanto \u00e8 stata disposta la chiusura dello scalo reggino","robots":{"index":"index","follow":"follow","max-snippet":"max-snippet:-1","max-image-preview":"max-image-preview:large","max-video-preview":"max-video-preview:-1"},"canonical":"https:\/\/progettotouring.it\/radiotouring104\/2024\/07\/22\/aeroporto-di-reggio-calabria-chiuso-in-fiamme-un-elicottero-dei-vigili-del-fuoco\/","og_locale":"it_IT","og_type":"article","og_title":"Aeroporto chiuso: in fiamme un elicottero dei Vigili del fuoco","og_description":"Ancora da accertare le cause dell'incendio dell'elicottero, intanto \u00e8 stata disposta la chiusura dello scalo reggino","og_url":"https:\/\/progettotouring.it\/radiotouring104\/2024\/07\/22\/aeroporto-di-reggio-calabria-chiuso-in-fiamme-un-elicottero-dei-vigili-del-fuoco\/","og_site_name":"Radio Touring 104","article_published_time":"2024-07-22T15:47:45+00:00","article_modified_time":"2024-07-22T15:47:54+00:00","og_image":[{"width":737,"height":415,"url":"https:\/\/progettotouring.it\/radiotouring104\/wp-content\/uploads\/sites\/6\/2024\/07\/elicottero-vigili-del-fuoco.jpg","type":"image\/jpeg"}],"author":"redazione","twitter_card":"summary_large_image","twitter_misc":{"Scritto da":"redazione","Tempo di lettura stimato":"1 minuto"},"schema":{"@context":"https:\/\/schema.org","@graph":[{"@type":"Article","@id":"https:\/\/progettotouring.it\/radiotouring104\/2024\/07\/22\/aeroporto-di-reggio-calabria-chiuso-in-fiamme-un-elicottero-dei-vigili-del-fuoco\/#article","isPartOf":{"@id":"https:\/\/progettotouring.it\/radiotouring104\/2024\/07\/22\/aeroporto-di-reggio-calabria-chiuso-in-fiamme-un-elicottero-dei-vigili-del-fuoco\/"},"author":{"name":"redazione","@id":"https:\/\/progettotouring.it\/radiotouring104\/#\/schema\/person\/1b3eb3c07c47136bc44c785c543e635f"},"headline":"Aeroporto di Reggio Calabria chiuso: in fiamme un elicottero dei Vigili del fuoco","datePublished":"2024-07-22T15:47:45+00:00","dateModified":"2024-07-22T15:47:54+00:00","mainEntityOfPage":{"@id":"https:\/\/progettotouring.it\/radiotouring104\/2024\/07\/22\/aeroporto-di-reggio-calabria-chiuso-in-fiamme-un-elicottero-dei-vigili-del-fuoco\/"},"wordCount":145,"publisher":{"@id":"https:\/\/progettotouring.it\/radiotouring104\/#organization"},"image":{"@id":"https:\/\/progettotouring.it\/radiotouring104\/2024\/07\/22\/aeroporto-di-reggio-calabria-chiuso-in-fiamme-un-elicottero-dei-vigili-del-fuoco\/#primaryimage"},"thumbnailUrl":"https:\/\/progettotouring.it\/radiotouring104\/wp-content\/uploads\/sites\/6\/2024\/07\/elicottero-vigili-del-fuoco.jpg","keywords":["aeroporto","aeroporto tito minniti","elicottero","incendio","reggio calabria","Vigili del fuoco"],"articleSection":["In primo piano","News","Reggio Calabria"],"inLanguage":"it-IT"},{"@type":"WebPage","@id":"https:\/\/progettotouring.it\/radiotouring104\/2024\/07\/22\/aeroporto-di-reggio-calabria-chiuso-in-fiamme-un-elicottero-dei-vigili-del-fuoco\/","url":"https:\/\/progettotouring.it\/radiotouring104\/2024\/07\/22\/aeroporto-di-reggio-calabria-chiuso-in-fiamme-un-elicottero-dei-vigili-del-fuoco\/","name":"Aeroporto chiuso: in fiamme un elicottero dei Vigili del fuoco","isPartOf":{"@id":"https:\/\/progettotouring.it\/radiotouring104\/#website"},"primaryImageOfPage":{"@id":"https:\/\/progettotouring.it\/radiotouring104\/2024\/07\/22\/aeroporto-di-reggio-calabria-chiuso-in-fiamme-un-elicottero-dei-vigili-del-fuoco\/#primaryimage"},"image":{"@id":"https:\/\/progettotouring.it\/radiotouring104\/2024\/07\/22\/aeroporto-di-reggio-calabria-chiuso-in-fiamme-un-elicottero-dei-vigili-del-fuoco\/#primaryimage"},"thumbnailUrl":"https:\/\/progettotouring.it\/radiotouring104\/wp-content\/uploads\/sites\/6\/2024\/07\/elicottero-vigili-del-fuoco.jpg","datePublished":"2024-07-22T15:47:45+00:00","dateModified":"2024-07-22T15:47:54+00:00","description":"Ancora da accertare le cause dell'incendio dell'elicottero, intanto \u00e8 stata disposta la chiusura dello scalo reggino","breadcrumb":{"@id":"https:\/\/progettotouring.it\/radiotouring104\/2024\/07\/22\/aeroporto-di-reggio-calabria-chiuso-in-fiamme-un-elicottero-dei-vigili-del-fuoco\/#breadcrumb"},"inLanguage":"it-IT","potentialAction":[{"@type":"ReadAction","target":["https:\/\/progettotouring.it\/radiotouring104\/2024\/07\/22\/aeroporto-di-reggio-calabria-chiuso-in-fiamme-un-elicottero-dei-vigili-del-fuoco\/"]}]},{"@type":"ImageObject","inLanguage":"it-IT","@id":"https:\/\/progettotouring.it\/radiotouring104\/2024\/07\/22\/aeroporto-di-reggio-calabria-chiuso-in-fiamme-un-elicottero-dei-vigili-del-fuoco\/#primaryimage","url":"https:\/\/progettotouring.it\/radiotouring104\/wp-content\/uploads\/sites\/6\/2024\/07\/elicottero-vigili-del-fuoco.jpg","contentUrl":"https:\/\/progettotouring.it\/radiotouring104\/wp-content\/uploads\/sites\/6\/2024\/07\/elicottero-vigili-del-fuoco.jpg","width":737,"height":415},{"@type":"BreadcrumbList","@id":"https:\/\/progettotouring.it\/radiotouring104\/2024\/07\/22\/aeroporto-di-reggio-calabria-chiuso-in-fiamme-un-elicottero-dei-vigili-del-fuoco\/#breadcrumb","itemListElement":[{"@type":"ListItem","position":1,"name":"Home","item":"https:\/\/progettotouring.it\/radiotouring104\/"},{"@type":"ListItem","position":2,"name":"Aeroporto di Reggio Calabria chiuso: in fiamme un elicottero dei Vigili del fuoco"}]},{"@type":"WebSite","@id":"https:\/\/progettotouring.it\/radiotouring104\/#website","url":"https:\/\/progettotouring.it\/radiotouring104\/","name":"Radio Touring 104","description":"La prima radio Reggina","publisher":{"@id":"https:\/\/progettotouring.it\/radiotouring104\/#organization"},"potentialAction":[{"@type":"SearchAction","target":{"@type":"EntryPoint","urlTemplate":"https:\/\/progettotouring.it\/radiotouring104\/?s={search_term_string}"},"query-input":{"@type":"PropertyValueSpecification","valueRequired":true,"valueName":"search_term_string"}}],"inLanguage":"it-IT"},{"@type":"Organization","@id":"https:\/\/progettotouring.it\/radiotouring104\/#organization","name":"Radio Touring 104","url":"https:\/\/progettotouring.it\/radiotouring104\/","logo":{"@type":"ImageObject","inLanguage":"it-IT","@id":"https:\/\/progettotouring.it\/radiotouring104\/#\/schema\/logo\/image\/","url":"https:\/\/progettotouring.it\/radiotouring104\/wp-content\/uploads\/sites\/6\/2022\/02\/cropped-logo-radio-touring-104.png","contentUrl":"https:\/\/progettotouring.it\/radiotouring104\/wp-content\/uploads\/sites\/6\/2022\/02\/cropped-logo-radio-touring-104.png","width":377,"height":182,"caption":"Radio Touring 104"},"image":{"@id":"https:\/\/progettotouring.it\/radiotouring104\/#\/schema\/logo\/image\/"}},{"@type":"Person","@id":"https:\/\/progettotouring.it\/radiotouring104\/#\/schema\/person\/1b3eb3c07c47136bc44c785c543e635f","name":"redazione","image":{"@type":"ImageObject","inLanguage":"it-IT","@id":"https:\/\/secure.gravatar.com\/avatar\/0b31605b49f100769e8b624b3e05de1b73e1692e9568a352f60f53fd072e6e11?s=96&d=mm&r=g","url":"https:\/\/secure.gravatar.com\/avatar\/0b31605b49f100769e8b624b3e05de1b73e1692e9568a352f60f53fd072e6e11?s=96&d=mm&r=g","contentUrl":"https:\/\/secure.gravatar.com\/avatar\/0b31605b49f100769e8b624b3e05de1b73e1692e9568a352f60f53fd072e6e11?s=96&d=mm&r=g","caption":"redazione"},"url":"https:\/\/progettotouring.it\/radiotouring104\/author\/redazione\/"}]}},"jetpack_publicize_connections":[],"jetpack_featured_media_url":"https:\/\/progettotouring.it\/radiotouring104\/wp-content\/uploads\/sites\/6\/2024\/07\/elicottero-vigili-del-fuoco.jpg","jetpack_sharing_enabled":true,"_links":{"self":[{"href":"https:\/\/progettotouring.it\/radiotouring104\/wp-json\/wp\/v2\/posts\/55554","targetHints":{"allow":["GET"]}}],"collection":[{"href":"https:\/\/progettotouring.it\/radiotouring104\/wp-json\/wp\/v2\/posts"}],"about":[{"href":"https:\/\/progettotouring.it\/radiotouring104\/wp-json\/wp\/v2\/types\/post"}],"author":[{"embeddable":true,"href":"https:\/\/progettotouring.it\/radiotouring104\/wp-json\/wp\/v2\/users\/5"}],"replies":[{"embeddable":true,"href":"https:\/\/progettotouring.it\/radiotouring104\/wp-json\/wp\/v2\/comments?post=55554"}],"version-history":[{"count":1,"href":"https:\/\/progettotouring.it\/radiotouring104\/wp-json\/wp\/v2\/posts\/55554\/revisions"}],"predecessor-version":[{"id":55556,"href":"https:\/\/progettotouring.it\/radiotouring104\/wp-json\/wp\/v2\/posts\/55554\/revisions\/55556"}],"wp:featuredmedia":[{"embeddable":true,"href":"https:\/\/progettotouring.it\/radiotouring104\/wp-json\/wp\/v2\/media\/55555"}],"wp:attachment":[{"href":"https:\/\/progettotouring.it\/radiotouring104\/wp-json\/wp\/v2\/media?parent=55554"}],"wp:term":[{"taxonomy":"category","embeddable":true,"href":"https:\/\/progettotouring.it\/radiotouring104\/wp-json\/wp\/v2\/categories?post=55554"},{"taxonomy":"post_tag","embeddable":true,"href":"https:\/\/progettotouring.it\/radiotouring104\/wp-json\/wp\/v2\/tags?post=55554"}],"curies":[{"name":"wp","href":"https:\/\/api.w.org\/{rel}","templated":true}]}}