{"id":55564,"date":"2024-07-23T09:21:56","date_gmt":"2024-07-23T07:21:56","guid":{"rendered":"https:\/\/progettotouring.it\/radiotouring104\/?p=55564"},"modified":"2024-07-23T13:07:32","modified_gmt":"2024-07-23T11:07:32","slug":"reggio-falcomata-chi-diserta-il-consiglio-comunale-ha-perso-unoccasione","status":"publish","type":"post","link":"https:\/\/progettotouring.it\/radiotouring104\/2024\/07\/23\/reggio-falcomata-chi-diserta-il-consiglio-comunale-ha-perso-unoccasione\/","title":{"rendered":"Reggio, Falcomat\u00e0: &#8220;Chi diserta il Consiglio Comunale ha perso un&#8217;occasione&#8221;"},"content":{"rendered":"<p style=\"text-align: justify\"><strong>A una settimana di distanza \u00e8 tornato a riunirsi il consiglio comunale a Reggio Calabria.<\/strong><\/p>\n<p style=\"text-align: justify\"><strong>All\u2019ordine del giorno le discussioni sull\u2019assestamento generale di bilancio<\/strong> e salvaguardia degli equilibri per l&#8217;esercizio 2024 ai sensi degli artt. 175, comma 8 e 193 del d.lgs. n. 267\/2000; una serie di debiti fuori bilancio e ancora la mozione per il &#8220;Riconoscimento dello youth work, della figura dello youth worker, dell&#8217;educazione non formale\u201d e la mozione &#8220;Istituzione facolt\u00e0 di medicina dell&#8217;Universit\u00e0 Mediterranea di Reggio Calabria&#8221;.<\/p>\n<p style=\"text-align: justify\">La seduta della civica assise si \u00e8 aperta con un <strong>minuto di silenzio,<\/strong> chiesto dal consigliere comunale<strong> Giuseppe Sera, nel ricordo di Mario Laface,<\/strong> storico amministratore cittadino, scomparso qualche giorno fa.<\/p>\n<p style=\"text-align: justify\">A margine dei lavori preliminari l\u2019intervento del<strong> sindaco Giuseppe Falcomat\u00e0 che ha ricordato Lafac<\/strong>e \u00ab<em>\u00e8 stato amministratore di questa citt\u00e0 &#8211; ha detto &#8211; un politico impegnato attivamente anche fuori dal ruolo istituzionale ed \u00e8 giusto che il civico consenso ne onori la memoria e Reggio trovi il modo di ricordarlo in maniera imperitura\u00bb.<\/em><\/p>\n<p style=\"text-align: justify\"><em>\u00abIl Consiglio comunale va sempre rispettato, come amministratori dobbiamo farlo in tutti i luoghi in cui \u00e8 richiesta la nostra presenza<\/em> \u2013 <strong>ha chiarito preliminarmente il sindaco<\/strong> <em>\u2013 anche nel luogo in cui si esercita il nostro ruolo, in cui ci si confronta. Credo che non presentarsi a un consiglio, salvo particolari situazioni, ha un significato preciso e chi fa politica non pu\u00f2 che attribuirvi un significato politico. Una scelta legittima ma che fa perdere un\u2019occasione. Pone al di fuori un dibattito che avrebbe dovuto svolgersi all\u2019interno del consiglio comunale. E\u2019 un controsenso, a mio avviso, non partecipare al consiglio e poi essere presente alle commissioni, se non si riconosce la legittimit\u00e0 del civico consesso, non si deve riconoscerla nel suo insieme. Se mi assento dal consiglio e partecipo alle commissioni non torna qualcosa. Si perde tempo sottraendosi al confronto perch\u00e9 poi su punti inseriti all\u2019ordine del giorno si deve tornare. Tutti perdiamo un\u2019occasione: la perde principalmente chi \u00e8 assente, la perdono i consiglieri presenti che vedono smorzata l\u2019attivit\u00e0 di discussione e dibattito e visto che rappresentiamo i cittadini, quando si svuota di significato il consiglio comunale \u00e8 la citt\u00e0 che perde un\u2019occasione<\/em>\u00bb.<\/p>\n<p style=\"text-align: justify\"><strong>Al centro del dibattito anche la tematica dell\u2019idrico e il passaggio a Sorical.<\/strong><em> \u00abDa quando il servizio \u00e8 passato alla Regione anche le responsabilit\u00e0 sono passate alla Regione<\/em> &#8211; ha affermato il primo cittadino &#8211; <em>noi abbiamo il compito di fornire dati chiari ai cittadini, perch\u00e9 ancora oggi vedo molta confusione e noi dobbiamo dare risposte certe. Con Sorical il rapporto \u00e8 stato improntato fin da subito alla piena collaborazione. La responsabilit\u00e0 \u00e8 di Sorical ma lavoreremo insieme per dare supporto e governare l\u2019emergenza\u00bb.<\/em><strong> I dati riportati dal sindaco non sono confortanti<\/strong> con l\u2019acqua della diga del Menta sotto del 40%, a cui si somma l\u2019impossibilit\u00e0 di attingere all\u2019acqua del Tuccio che d\u00e0 conforto alle zone della ionica. <strong>Da qui l\u2019invito ad avere una consapevolezza maggiore nell\u2019utilizzo dell\u2019acqua<\/strong> e a una campagna per sensibilizzare all&#8217;uso consapevole della stessa.<\/p>\n<p style=\"text-align: justify\"><strong>Il sindaco,<\/strong> infine,<strong> si \u00e8 soffermato ancora una volta sulla mancata attribuzione delle funzioni da parte della Regione alla Citt\u00e0 Metropolitana<\/strong>.<em> \u00abCome abbiamo ribadito nel corso dell\u2019ultima seduta di consiglio metropolitano, abbiamo sempre un approccio istituzionale alla vicenda. Invece assistiamo a una politicizzazione dell\u2019assegnazione delle funzioni che non dovrebbe essere perch\u00e9 non sono una gentile concessione che le Regioni fanno, ma la semplice osservanza di una legge che ne prevede l\u2019assegnazione. Continueremo a vigilare su questo perch\u00e9 non possiamo aspettare. In questi giorni la nostra Citt\u00e0 metropolitana \u00e8 stata una vetrina importante e penso al successo di pubblico di Sky Calciomercato e Bergafest, un nuovo entusiasmo che va supportato avendone le possibilit\u00e0. Metrocity non ha le deleghe al turismo e alla cultura, per supportare la programmazione diretta utilizziamo l\u2019attivit\u00e0 di marketing territoriale che ci consente di farlo, ma non ci consente la pienezza che avremmo con le deleghe. C\u2019\u00e8, ad esempio, un\u2019assenza di guide turistiche, dovrebbe intervenire la Regione. Sono attivit\u00e0 dove non ci pu\u00f2 esser un approccio relativo alla sensibilit\u00e0 partitica, ma ci deve essere un approccio relativo alla consapevolezza istituzionale, io continuo ad essere fiducioso e promuover\u00f2 ulteriore sollecitazione prima della pausa estiva\u00bb.<\/em><\/p>\n<p style=\"text-align: justify\">I<strong>l sindaco \u00e8 intervenuto sulla mozione per l\u2019istituzione della facolt\u00e0 di medicina<\/strong> sollecitando a stretto giro la convocazione di un consiglio comunale aperto con tutti gli attori coinvolti nel processo.<\/p>\n<p style=\"text-align: justify\">I lavori preliminari si sono aperti con l\u2019intervento del consigliere <strong>Franco Barreca che risponde circa gli interventi in atto sul fronte idrico, dopo la riunione in Prefettura:<\/strong><em> \u00ab\u00c8 stato convocato un tavolo tecnico col prefetto, se ne discute da almeno due settimane, ci saranno nuovi incontri nelle prossime ore \u2013 ha chiarito &#8211; La nostra Amministrazione ha avuto la lungimiranza di aggiungere nuove autobotti che stanno lavorando per dare risposte ai cittadini che ne fanno richiesta\u00bb. Barreca si sofferma poi sull\u2019isolamento dai treni che andr\u00e0 da Salerno a Reggio, per cinque giorni alla settimana, chiedendo se si tratta di \u00abprove tecniche di autonomia differenziata<\/em>\u00bb. Da qui l\u2019invito a scrivere ai dirigenti di Rfi.<\/p>\n<p style=\"text-align: justify\">Si sofferma sulle<strong> aliquote Tefa e le polemiche delle ultime ore il consigliere Carmelo Versace<\/strong>: <em>\u00abPer onest\u00e0 intellettuale provo a mettere in fila gli atti prodotti negli ultimi due anni. Ricordo ai concittadini che il servizio di raccolta nel territorio metropolitano era una delle poche funzioni attribuite a Metrocity, con un colpo di spugna della Regione in commissione bilancio, si \u00e8 deciso di licenziare le funzioni che sono ritornate alla Regione. Oggi non sappiamo chi \u00e8 il nostro interlocutore, dove si deve conferire. Mi dispiace che per onest\u00e0 intellettuale questo non venga detto e che non si dica gli aumenti che oggi ci sono frutto di quella scelta\u00bb.<\/em><\/p>\n","protected":false},"excerpt":{"rendered":"<p>A una settimana di distanza \u00e8 tornato a riunirsi il consiglio comunale a Reggio Calabria. All\u2019ordine del giorno le discussioni sull\u2019assestamento generale di bilancio e salvaguardia degli equilibri per l&#8217;esercizio&hellip;<\/p>\n","protected":false},"author":12,"featured_media":55565,"comment_status":"closed","ping_status":"open","sticky":false,"template":"","format":"standard","meta":{"_jetpack_memberships_contains_paid_content":false,"footnotes":"","jetpack_publicize_message":"","jetpack_publicize_feature_enabled":true,"jetpack_social_post_already_shared":false,"jetpack_social_options":{"image_generator_settings":{"template":"highway","default_image_id":0,"font":"","enabled":false},"version":2}},"categories":[921,150,196,140],"tags":[34107,239,30309,29208,30465,5016,34108,34109,2775],"class_list":["post-55564","post","type-post","status-publish","format-standard","has-post-thumbnail","hentry","category-home","category-in-primo-piano","category-news","category-reggio-calabria","tag-chi-diserta-il-consiglio-comunale-ha-perso-unoccasione","tag-carmelo-versace","tag-consiglio-comunale-di-reggio-calabria","tag-crisi-idrica","tag-falcomata-giuseppe","tag-franco-barreca","tag-istituzione-facolta-di-medicina","tag-mancata-attribuzione-funzioni-metrocity","tag-sorical"],"yoast_head":"<!-- This site is optimized with the Yoast SEO plugin v27.2 - https:\/\/yoast.com\/product\/yoast-seo-wordpress\/ -->\n<title>Reggio, Falcomat\u00e0: &quot;Chi diserta il Consiglio ha perso un&#039;occasione&quot;<\/title>\n<meta name=\"description\" content=\"Il sindaco \u00e8 intervenuto su crisi idrica e Sorical, istituzione facolt\u00e0 di medicina, mancata attribuzione funzioni a Metrocity dalla Regione.\" \/>\n<meta name=\"robots\" content=\"index, follow, max-snippet:-1, max-image-preview:large, max-video-preview:-1\" \/>\n<link rel=\"canonical\" href=\"https:\/\/progettotouring.it\/radiotouring104\/2024\/07\/23\/reggio-falcomata-chi-diserta-il-consiglio-comunale-ha-perso-unoccasione\/\" \/>\n<meta property=\"og:locale\" content=\"it_IT\" \/>\n<meta property=\"og:type\" content=\"article\" \/>\n<meta property=\"og:title\" content=\"Reggio, Falcomat\u00e0: &quot;Chi diserta il Consiglio ha perso un&#039;occasione&quot;\" \/>\n<meta property=\"og:description\" content=\"Il sindaco \u00e8 intervenuto su crisi idrica e Sorical, istituzione facolt\u00e0 di medicina, mancata attribuzione funzioni a Metrocity dalla Regione.\" \/>\n<meta property=\"og:url\" content=\"https:\/\/progettotouring.it\/radiotouring104\/2024\/07\/23\/reggio-falcomata-chi-diserta-il-consiglio-comunale-ha-perso-unoccasione\/\" \/>\n<meta property=\"og:site_name\" content=\"Radio Touring 104\" \/>\n<meta property=\"article:published_time\" content=\"2024-07-23T07:21:56+00:00\" \/>\n<meta property=\"article:modified_time\" content=\"2024-07-23T11:07:32+00:00\" \/>\n<meta property=\"og:image\" content=\"https:\/\/progettotouring.it\/radiotouring104\/wp-content\/uploads\/sites\/6\/2024\/07\/consiglio-comunale-22-luglio-1.jpeg\" \/>\n\t<meta property=\"og:image:width\" content=\"1600\" \/>\n\t<meta property=\"og:image:height\" content=\"1200\" \/>\n\t<meta property=\"og:image:type\" content=\"image\/jpeg\" \/>\n<meta name=\"author\" content=\"Sebastiano Plutino\" \/>\n<meta name=\"twitter:card\" content=\"summary_large_image\" \/>\n<meta name=\"twitter:label1\" content=\"Scritto da\" \/>\n\t<meta name=\"twitter:data1\" content=\"Sebastiano Plutino\" \/>\n\t<meta name=\"twitter:label2\" content=\"Tempo di lettura stimato\" \/>\n\t<meta name=\"twitter:data2\" content=\"5 minuti\" \/>\n<script type=\"application\/ld+json\" class=\"yoast-schema-graph\">{\"@context\":\"https:\/\/schema.org\",\"@graph\":[{\"@type\":\"Article\",\"@id\":\"https:\/\/progettotouring.it\/radiotouring104\/2024\/07\/23\/reggio-falcomata-chi-diserta-il-consiglio-comunale-ha-perso-unoccasione\/#article\",\"isPartOf\":{\"@id\":\"https:\/\/progettotouring.it\/radiotouring104\/2024\/07\/23\/reggio-falcomata-chi-diserta-il-consiglio-comunale-ha-perso-unoccasione\/\"},\"author\":{\"name\":\"Sebastiano Plutino\",\"@id\":\"https:\/\/progettotouring.it\/radiotouring104\/#\/schema\/person\/78613917f1851f041f7483f5af1d422e\"},\"headline\":\"Reggio, Falcomat\u00e0: &#8220;Chi diserta il Consiglio Comunale ha perso un&#8217;occasione&#8221;\",\"datePublished\":\"2024-07-23T07:21:56+00:00\",\"dateModified\":\"2024-07-23T11:07:32+00:00\",\"mainEntityOfPage\":{\"@id\":\"https:\/\/progettotouring.it\/radiotouring104\/2024\/07\/23\/reggio-falcomata-chi-diserta-il-consiglio-comunale-ha-perso-unoccasione\/\"},\"wordCount\":954,\"publisher\":{\"@id\":\"https:\/\/progettotouring.it\/radiotouring104\/#organization\"},\"image\":{\"@id\":\"https:\/\/progettotouring.it\/radiotouring104\/2024\/07\/23\/reggio-falcomata-chi-diserta-il-consiglio-comunale-ha-perso-unoccasione\/#primaryimage\"},\"thumbnailUrl\":\"https:\/\/progettotouring.it\/radiotouring104\/wp-content\/uploads\/sites\/6\/2024\/07\/consiglio-comunale-22-luglio-1.jpeg\",\"keywords\":[\"\\\"Chi diserta il Consiglio Comunale ha perso un'occasione\\\"\",\"carmelo versace\",\"Consiglio Comunale di Reggio Calabria\",\"crisi idrica\",\"Falcomat\u00e0 Giuseppe\",\"Franco Barreca\",\"istituzione facolt\u00e0 di medicina\",\"Mancata attribuzione funzioni metrocity\",\"sorical\"],\"articleSection\":[\"Home\",\"In primo piano\",\"News\",\"Reggio Calabria\"],\"inLanguage\":\"it-IT\"},{\"@type\":\"WebPage\",\"@id\":\"https:\/\/progettotouring.it\/radiotouring104\/2024\/07\/23\/reggio-falcomata-chi-diserta-il-consiglio-comunale-ha-perso-unoccasione\/\",\"url\":\"https:\/\/progettotouring.it\/radiotouring104\/2024\/07\/23\/reggio-falcomata-chi-diserta-il-consiglio-comunale-ha-perso-unoccasione\/\",\"name\":\"Reggio, Falcomat\u00e0: \\\"Chi diserta il Consiglio ha perso un'occasione\\\"\",\"isPartOf\":{\"@id\":\"https:\/\/progettotouring.it\/radiotouring104\/#website\"},\"primaryImageOfPage\":{\"@id\":\"https:\/\/progettotouring.it\/radiotouring104\/2024\/07\/23\/reggio-falcomata-chi-diserta-il-consiglio-comunale-ha-perso-unoccasione\/#primaryimage\"},\"image\":{\"@id\":\"https:\/\/progettotouring.it\/radiotouring104\/2024\/07\/23\/reggio-falcomata-chi-diserta-il-consiglio-comunale-ha-perso-unoccasione\/#primaryimage\"},\"thumbnailUrl\":\"https:\/\/progettotouring.it\/radiotouring104\/wp-content\/uploads\/sites\/6\/2024\/07\/consiglio-comunale-22-luglio-1.jpeg\",\"datePublished\":\"2024-07-23T07:21:56+00:00\",\"dateModified\":\"2024-07-23T11:07:32+00:00\",\"description\":\"Il sindaco \u00e8 intervenuto su crisi idrica e Sorical, istituzione facolt\u00e0 di medicina, mancata attribuzione funzioni a Metrocity dalla Regione.\",\"breadcrumb\":{\"@id\":\"https:\/\/progettotouring.it\/radiotouring104\/2024\/07\/23\/reggio-falcomata-chi-diserta-il-consiglio-comunale-ha-perso-unoccasione\/#breadcrumb\"},\"inLanguage\":\"it-IT\",\"potentialAction\":[{\"@type\":\"ReadAction\",\"target\":[\"https:\/\/progettotouring.it\/radiotouring104\/2024\/07\/23\/reggio-falcomata-chi-diserta-il-consiglio-comunale-ha-perso-unoccasione\/\"]}]},{\"@type\":\"ImageObject\",\"inLanguage\":\"it-IT\",\"@id\":\"https:\/\/progettotouring.it\/radiotouring104\/2024\/07\/23\/reggio-falcomata-chi-diserta-il-consiglio-comunale-ha-perso-unoccasione\/#primaryimage\",\"url\":\"https:\/\/progettotouring.it\/radiotouring104\/wp-content\/uploads\/sites\/6\/2024\/07\/consiglio-comunale-22-luglio-1.jpeg\",\"contentUrl\":\"https:\/\/progettotouring.it\/radiotouring104\/wp-content\/uploads\/sites\/6\/2024\/07\/consiglio-comunale-22-luglio-1.jpeg\",\"width\":1600,\"height\":1200},{\"@type\":\"BreadcrumbList\",\"@id\":\"https:\/\/progettotouring.it\/radiotouring104\/2024\/07\/23\/reggio-falcomata-chi-diserta-il-consiglio-comunale-ha-perso-unoccasione\/#breadcrumb\",\"itemListElement\":[{\"@type\":\"ListItem\",\"position\":1,\"name\":\"Home\",\"item\":\"https:\/\/progettotouring.it\/radiotouring104\/\"},{\"@type\":\"ListItem\",\"position\":2,\"name\":\"Reggio, Falcomat\u00e0: &#8220;Chi diserta il Consiglio Comunale ha perso un&#8217;occasione&#8221;\"}]},{\"@type\":\"WebSite\",\"@id\":\"https:\/\/progettotouring.it\/radiotouring104\/#website\",\"url\":\"https:\/\/progettotouring.it\/radiotouring104\/\",\"name\":\"Radio Touring 104\",\"description\":\"La prima radio Reggina\",\"publisher\":{\"@id\":\"https:\/\/progettotouring.it\/radiotouring104\/#organization\"},\"potentialAction\":[{\"@type\":\"SearchAction\",\"target\":{\"@type\":\"EntryPoint\",\"urlTemplate\":\"https:\/\/progettotouring.it\/radiotouring104\/?s={search_term_string}\"},\"query-input\":{\"@type\":\"PropertyValueSpecification\",\"valueRequired\":true,\"valueName\":\"search_term_string\"}}],\"inLanguage\":\"it-IT\"},{\"@type\":\"Organization\",\"@id\":\"https:\/\/progettotouring.it\/radiotouring104\/#organization\",\"name\":\"Radio Touring 104\",\"url\":\"https:\/\/progettotouring.it\/radiotouring104\/\",\"logo\":{\"@type\":\"ImageObject\",\"inLanguage\":\"it-IT\",\"@id\":\"https:\/\/progettotouring.it\/radiotouring104\/#\/schema\/logo\/image\/\",\"url\":\"https:\/\/progettotouring.it\/radiotouring104\/wp-content\/uploads\/sites\/6\/2022\/02\/cropped-logo-radio-touring-104.png\",\"contentUrl\":\"https:\/\/progettotouring.it\/radiotouring104\/wp-content\/uploads\/sites\/6\/2022\/02\/cropped-logo-radio-touring-104.png\",\"width\":377,\"height\":182,\"caption\":\"Radio Touring 104\"},\"image\":{\"@id\":\"https:\/\/progettotouring.it\/radiotouring104\/#\/schema\/logo\/image\/\"}},{\"@type\":\"Person\",\"@id\":\"https:\/\/progettotouring.it\/radiotouring104\/#\/schema\/person\/78613917f1851f041f7483f5af1d422e\",\"name\":\"Sebastiano Plutino\",\"image\":{\"@type\":\"ImageObject\",\"inLanguage\":\"it-IT\",\"@id\":\"https:\/\/secure.gravatar.com\/avatar\/0546ffaa9b79224faf9f2a156b67a529ae861d3287c66c1d8ccfdf909bcba78d?s=96&d=mm&r=g\",\"url\":\"https:\/\/secure.gravatar.com\/avatar\/0546ffaa9b79224faf9f2a156b67a529ae861d3287c66c1d8ccfdf909bcba78d?s=96&d=mm&r=g\",\"contentUrl\":\"https:\/\/secure.gravatar.com\/avatar\/0546ffaa9b79224faf9f2a156b67a529ae861d3287c66c1d8ccfdf909bcba78d?s=96&d=mm&r=g\",\"caption\":\"Sebastiano Plutino\"},\"url\":\"https:\/\/progettotouring.it\/radiotouring104\/author\/sebastiano\/\"}]}<\/script>\n<!-- \/ Yoast SEO plugin. -->","yoast_head_json":{"title":"Reggio, Falcomat\u00e0: \"Chi diserta il Consiglio ha perso un'occasione\"","description":"Il sindaco \u00e8 intervenuto su crisi idrica e Sorical, istituzione facolt\u00e0 di medicina, mancata attribuzione funzioni a Metrocity dalla Regione.","robots":{"index":"index","follow":"follow","max-snippet":"max-snippet:-1","max-image-preview":"max-image-preview:large","max-video-preview":"max-video-preview:-1"},"canonical":"https:\/\/progettotouring.it\/radiotouring104\/2024\/07\/23\/reggio-falcomata-chi-diserta-il-consiglio-comunale-ha-perso-unoccasione\/","og_locale":"it_IT","og_type":"article","og_title":"Reggio, Falcomat\u00e0: \"Chi diserta il Consiglio ha perso un'occasione\"","og_description":"Il sindaco \u00e8 intervenuto su crisi idrica e Sorical, istituzione facolt\u00e0 di medicina, mancata attribuzione funzioni a Metrocity dalla Regione.","og_url":"https:\/\/progettotouring.it\/radiotouring104\/2024\/07\/23\/reggio-falcomata-chi-diserta-il-consiglio-comunale-ha-perso-unoccasione\/","og_site_name":"Radio Touring 104","article_published_time":"2024-07-23T07:21:56+00:00","article_modified_time":"2024-07-23T11:07:32+00:00","og_image":[{"width":1600,"height":1200,"url":"https:\/\/progettotouring.it\/radiotouring104\/wp-content\/uploads\/sites\/6\/2024\/07\/consiglio-comunale-22-luglio-1.jpeg","type":"image\/jpeg"}],"author":"Sebastiano Plutino","twitter_card":"summary_large_image","twitter_misc":{"Scritto da":"Sebastiano Plutino","Tempo di lettura stimato":"5 minuti"},"schema":{"@context":"https:\/\/schema.org","@graph":[{"@type":"Article","@id":"https:\/\/progettotouring.it\/radiotouring104\/2024\/07\/23\/reggio-falcomata-chi-diserta-il-consiglio-comunale-ha-perso-unoccasione\/#article","isPartOf":{"@id":"https:\/\/progettotouring.it\/radiotouring104\/2024\/07\/23\/reggio-falcomata-chi-diserta-il-consiglio-comunale-ha-perso-unoccasione\/"},"author":{"name":"Sebastiano Plutino","@id":"https:\/\/progettotouring.it\/radiotouring104\/#\/schema\/person\/78613917f1851f041f7483f5af1d422e"},"headline":"Reggio, Falcomat\u00e0: &#8220;Chi diserta il Consiglio Comunale ha perso un&#8217;occasione&#8221;","datePublished":"2024-07-23T07:21:56+00:00","dateModified":"2024-07-23T11:07:32+00:00","mainEntityOfPage":{"@id":"https:\/\/progettotouring.it\/radiotouring104\/2024\/07\/23\/reggio-falcomata-chi-diserta-il-consiglio-comunale-ha-perso-unoccasione\/"},"wordCount":954,"publisher":{"@id":"https:\/\/progettotouring.it\/radiotouring104\/#organization"},"image":{"@id":"https:\/\/progettotouring.it\/radiotouring104\/2024\/07\/23\/reggio-falcomata-chi-diserta-il-consiglio-comunale-ha-perso-unoccasione\/#primaryimage"},"thumbnailUrl":"https:\/\/progettotouring.it\/radiotouring104\/wp-content\/uploads\/sites\/6\/2024\/07\/consiglio-comunale-22-luglio-1.jpeg","keywords":["\"Chi diserta il Consiglio Comunale ha perso un'occasione\"","carmelo versace","Consiglio Comunale di Reggio Calabria","crisi idrica","Falcomat\u00e0 Giuseppe","Franco Barreca","istituzione facolt\u00e0 di medicina","Mancata attribuzione funzioni metrocity","sorical"],"articleSection":["Home","In primo piano","News","Reggio Calabria"],"inLanguage":"it-IT"},{"@type":"WebPage","@id":"https:\/\/progettotouring.it\/radiotouring104\/2024\/07\/23\/reggio-falcomata-chi-diserta-il-consiglio-comunale-ha-perso-unoccasione\/","url":"https:\/\/progettotouring.it\/radiotouring104\/2024\/07\/23\/reggio-falcomata-chi-diserta-il-consiglio-comunale-ha-perso-unoccasione\/","name":"Reggio, Falcomat\u00e0: \"Chi diserta il Consiglio ha perso un'occasione\"","isPartOf":{"@id":"https:\/\/progettotouring.it\/radiotouring104\/#website"},"primaryImageOfPage":{"@id":"https:\/\/progettotouring.it\/radiotouring104\/2024\/07\/23\/reggio-falcomata-chi-diserta-il-consiglio-comunale-ha-perso-unoccasione\/#primaryimage"},"image":{"@id":"https:\/\/progettotouring.it\/radiotouring104\/2024\/07\/23\/reggio-falcomata-chi-diserta-il-consiglio-comunale-ha-perso-unoccasione\/#primaryimage"},"thumbnailUrl":"https:\/\/progettotouring.it\/radiotouring104\/wp-content\/uploads\/sites\/6\/2024\/07\/consiglio-comunale-22-luglio-1.jpeg","datePublished":"2024-07-23T07:21:56+00:00","dateModified":"2024-07-23T11:07:32+00:00","description":"Il sindaco \u00e8 intervenuto su crisi idrica e Sorical, istituzione facolt\u00e0 di medicina, mancata attribuzione funzioni a Metrocity dalla Regione.","breadcrumb":{"@id":"https:\/\/progettotouring.it\/radiotouring104\/2024\/07\/23\/reggio-falcomata-chi-diserta-il-consiglio-comunale-ha-perso-unoccasione\/#breadcrumb"},"inLanguage":"it-IT","potentialAction":[{"@type":"ReadAction","target":["https:\/\/progettotouring.it\/radiotouring104\/2024\/07\/23\/reggio-falcomata-chi-diserta-il-consiglio-comunale-ha-perso-unoccasione\/"]}]},{"@type":"ImageObject","inLanguage":"it-IT","@id":"https:\/\/progettotouring.it\/radiotouring104\/2024\/07\/23\/reggio-falcomata-chi-diserta-il-consiglio-comunale-ha-perso-unoccasione\/#primaryimage","url":"https:\/\/progettotouring.it\/radiotouring104\/wp-content\/uploads\/sites\/6\/2024\/07\/consiglio-comunale-22-luglio-1.jpeg","contentUrl":"https:\/\/progettotouring.it\/radiotouring104\/wp-content\/uploads\/sites\/6\/2024\/07\/consiglio-comunale-22-luglio-1.jpeg","width":1600,"height":1200},{"@type":"BreadcrumbList","@id":"https:\/\/progettotouring.it\/radiotouring104\/2024\/07\/23\/reggio-falcomata-chi-diserta-il-consiglio-comunale-ha-perso-unoccasione\/#breadcrumb","itemListElement":[{"@type":"ListItem","position":1,"name":"Home","item":"https:\/\/progettotouring.it\/radiotouring104\/"},{"@type":"ListItem","position":2,"name":"Reggio, Falcomat\u00e0: &#8220;Chi diserta il Consiglio Comunale ha perso un&#8217;occasione&#8221;"}]},{"@type":"WebSite","@id":"https:\/\/progettotouring.it\/radiotouring104\/#website","url":"https:\/\/progettotouring.it\/radiotouring104\/","name":"Radio Touring 104","description":"La prima radio Reggina","publisher":{"@id":"https:\/\/progettotouring.it\/radiotouring104\/#organization"},"potentialAction":[{"@type":"SearchAction","target":{"@type":"EntryPoint","urlTemplate":"https:\/\/progettotouring.it\/radiotouring104\/?s={search_term_string}"},"query-input":{"@type":"PropertyValueSpecification","valueRequired":true,"valueName":"search_term_string"}}],"inLanguage":"it-IT"},{"@type":"Organization","@id":"https:\/\/progettotouring.it\/radiotouring104\/#organization","name":"Radio Touring 104","url":"https:\/\/progettotouring.it\/radiotouring104\/","logo":{"@type":"ImageObject","inLanguage":"it-IT","@id":"https:\/\/progettotouring.it\/radiotouring104\/#\/schema\/logo\/image\/","url":"https:\/\/progettotouring.it\/radiotouring104\/wp-content\/uploads\/sites\/6\/2022\/02\/cropped-logo-radio-touring-104.png","contentUrl":"https:\/\/progettotouring.it\/radiotouring104\/wp-content\/uploads\/sites\/6\/2022\/02\/cropped-logo-radio-touring-104.png","width":377,"height":182,"caption":"Radio Touring 104"},"image":{"@id":"https:\/\/progettotouring.it\/radiotouring104\/#\/schema\/logo\/image\/"}},{"@type":"Person","@id":"https:\/\/progettotouring.it\/radiotouring104\/#\/schema\/person\/78613917f1851f041f7483f5af1d422e","name":"Sebastiano Plutino","image":{"@type":"ImageObject","inLanguage":"it-IT","@id":"https:\/\/secure.gravatar.com\/avatar\/0546ffaa9b79224faf9f2a156b67a529ae861d3287c66c1d8ccfdf909bcba78d?s=96&d=mm&r=g","url":"https:\/\/secure.gravatar.com\/avatar\/0546ffaa9b79224faf9f2a156b67a529ae861d3287c66c1d8ccfdf909bcba78d?s=96&d=mm&r=g","contentUrl":"https:\/\/secure.gravatar.com\/avatar\/0546ffaa9b79224faf9f2a156b67a529ae861d3287c66c1d8ccfdf909bcba78d?s=96&d=mm&r=g","caption":"Sebastiano Plutino"},"url":"https:\/\/progettotouring.it\/radiotouring104\/author\/sebastiano\/"}]}},"jetpack_publicize_connections":[],"jetpack_featured_media_url":"https:\/\/progettotouring.it\/radiotouring104\/wp-content\/uploads\/sites\/6\/2024\/07\/consiglio-comunale-22-luglio-1.jpeg","jetpack_sharing_enabled":true,"_links":{"self":[{"href":"https:\/\/progettotouring.it\/radiotouring104\/wp-json\/wp\/v2\/posts\/55564","targetHints":{"allow":["GET"]}}],"collection":[{"href":"https:\/\/progettotouring.it\/radiotouring104\/wp-json\/wp\/v2\/posts"}],"about":[{"href":"https:\/\/progettotouring.it\/radiotouring104\/wp-json\/wp\/v2\/types\/post"}],"author":[{"embeddable":true,"href":"https:\/\/progettotouring.it\/radiotouring104\/wp-json\/wp\/v2\/users\/12"}],"replies":[{"embeddable":true,"href":"https:\/\/progettotouring.it\/radiotouring104\/wp-json\/wp\/v2\/comments?post=55564"}],"version-history":[{"count":3,"href":"https:\/\/progettotouring.it\/radiotouring104\/wp-json\/wp\/v2\/posts\/55564\/revisions"}],"predecessor-version":[{"id":55568,"href":"https:\/\/progettotouring.it\/radiotouring104\/wp-json\/wp\/v2\/posts\/55564\/revisions\/55568"}],"wp:featuredmedia":[{"embeddable":true,"href":"https:\/\/progettotouring.it\/radiotouring104\/wp-json\/wp\/v2\/media\/55565"}],"wp:attachment":[{"href":"https:\/\/progettotouring.it\/radiotouring104\/wp-json\/wp\/v2\/media?parent=55564"}],"wp:term":[{"taxonomy":"category","embeddable":true,"href":"https:\/\/progettotouring.it\/radiotouring104\/wp-json\/wp\/v2\/categories?post=55564"},{"taxonomy":"post_tag","embeddable":true,"href":"https:\/\/progettotouring.it\/radiotouring104\/wp-json\/wp\/v2\/tags?post=55564"}],"curies":[{"name":"wp","href":"https:\/\/api.w.org\/{rel}","templated":true}]}}