{"id":55569,"date":"2024-07-23T09:34:14","date_gmt":"2024-07-23T07:34:14","guid":{"rendered":"https:\/\/progettotouring.it\/radiotouring104\/?p=55569"},"modified":"2024-07-23T09:34:14","modified_gmt":"2024-07-23T07:34:14","slug":"reggio-svolto-vertice-sulla-crisi-idrica-in-prefettura","status":"publish","type":"post","link":"https:\/\/progettotouring.it\/radiotouring104\/2024\/07\/23\/reggio-svolto-vertice-sulla-crisi-idrica-in-prefettura\/","title":{"rendered":"Reggio: svolto vertice sulla crisi idrica in Prefettura"},"content":{"rendered":"<div class=\"application-pane\">\n<div class=\"main-pane\">\n<div id=\"application-stack\" class=\"dijitContainer dijitStackContainer dijitLayoutContainer\" dir=\"ltr\" role=\"tabpanel\">\n<div id=\"webmail-page\" class=\"main-page dijitContentPane dijitStackContainer-child dijitStackContainer-dijitContentPane dijitVisible menu-not-pinned is-next is-previous main-menu-collapsed\" role=\"group\">\n<div class=\"main-page-center-pane\">\n<div class=\"main-page-pane-with-toolbar\">\n<div class=\"main-content\">\n<div id=\"uiLogic_util_StackContainer_0\" class=\"content-stack-container dijitContainer dijitStackContainer dijitLayoutContainer leading-active componentVisible\" dir=\"ltr\" role=\"tabpanel\">\n<div id=\"uiLogic_webmail_WebmailFoldersManager_0\" class=\"webmailfoldersmanager messages-compose-compofeedback-stack dijitContainer dijitStackContainer dijitLayoutContainer dijitStackContainer-child dijitStackContainer-dijitStackContainer dijitVisible componentVisible\" dir=\"ltr\" role=\"tabpanel\">\n<div id=\"dijit_layout_BorderContainer_0\" class=\"trailing-1 messages-container dijitContainer dijitBorderContainer dijitStackContainer-child dijitStackContainer-dijitBorderContainer dijitVisible componentVisible center-active trailing-active\" dir=\"ltr\" lang=\"\">\n<div id=\"dijit_layout_ContentPane_0\" class=\"dijitContentPane dijitBorderContainer-child dijitBorderContainer-dijitContentPane dijitBorderContainerPane dijitContentPaneSingleChild\" dir=\"ltr\" lang=\"\" role=\"group\">\n<div id=\"xandmail_widget_layout_RelativeBorderContainer_0\" class=\"dijitContainer dijitBorderContainer\" dir=\"ltr\" lang=\"\">\n<div id=\"dijit_layout_StackContainer_0\" class=\"dijitContainer dijitStackContainer dijitLayoutContainer dijitBorderContainer-child dijitBorderContainer-dijitStackContainer dijitBorderContainerPane\" dir=\"ltr\" lang=\"\" role=\"tabpanel\">\n<div id=\"dijit_layout_ContentPane_4\" class=\"component-page item-view webmail-view trailing-1 webmail-view-page dijitContentPane dijitStackContainer-child dijitStackContainer-dijitContentPane dijitVisible dijitContentPaneSingleChild\" dir=\"ltr\" lang=\"\" role=\"group\">\n<div id=\"dijit_layout_BorderContainer_4\" class=\"message dijitContainer dijitBorderContainer\" dir=\"ltr\">\n<div id=\"dijit_layout_ContentPane_15\" class=\"content dijitContentPane dijitBorderContainer-child dijitBorderContainer-dijitContentPane dijitBorderContainerPane\" dir=\"ltr\" role=\"group\">\n<div class=\"message-section\">\n<div class=\"content-message\">\n<div class=\"text msg-view-text\" role=\"text\">\n<div class=\"msg-view-text-cnt\">\n<div class=\"xam_msg_class\">\n<div dir=\"ltr\" style=\"text-align: justify\"><em>&#8220;La situazione \u00e8 grave, la diga del Menta \u00e8 sotto il livello di guardia, le criticit\u00e0 sono diffuse, in citt\u00e0 come nell&#8217;area metropolitana. Stiamo dialogando con Sorical e con la Regione che ormai da un anno e mezzo \u00e8 titolare del comparto idrico, e da gennaio ne ha assunto la gestione, per fare in modo che la situazione possa essere affrontata nel miglior modo possibile. Gi\u00e0 domani ci sar\u00e0 un altro incontro operativo per assumere dei provvedimenti di natura tecnica per risolvere alcune delle criticit\u00e0 riscontrate. Abbiamo messo a disposizione le autobotti comunali per sopperire alle emergenze pi\u00f9 complesse, naturalmente non basta, ma \u00e8 un primo passo, e la richiesta \u00e8 quella di aumentare le fasce orarie di servizio h24. Continuiamo a lavorare e ringraziamo il Prefetto Clara Vaccaro per la prontissima risposta operativa. L&#8217;auspicio \u00e8 che Sorical possa affrontare in maniera incisiva, con il supporto di tutte le istituzioni, questo periodo di crisi&#8221;<\/em>. <strong>Questo in sintesi l&#8217;esito dell&#8217;incontro sull&#8217;emergenza idrica<\/strong> tenutosi ier<strong>i in Prefettura<\/strong> a Reggio Calabria.<\/div>\n<div dir=\"ltr\" style=\"text-align: justify\"><\/div>\n<div dir=\"ltr\" style=\"text-align: justify\"><strong>Il tavolo \u00e8 stato convocato dal Prefetto su richiesta del sindaco Giuseppe Falcomat\u00e0<\/strong> e dell&#8217;Amministrazione comunale reggina. <strong>All&#8217;incontro<\/strong>, insieme al sindaco, erano<strong> presenti<\/strong> il vicesindaco del Comune <strong>Paolo Brunetti<\/strong> ed il Consigliere comunale delegato<strong> Franco Barreca.<\/strong><\/p>\n<p><strong>Nel corso della riunione,<\/strong> come spiegato dallo stesso sindaco <strong>Falcomat\u00e0<\/strong>,<strong> si \u00e8 preso atto di<\/strong><em> &#8220;una situazione molto grave&#8221;.<\/em> <em>&#8220;Come sapete gi\u00e0 da qualche mese la gestione del servizio idrico non \u00e8 pi\u00f9 di competenza comunale, ma regionale. Lo dico a scanso di equivoci perch\u00e8 spesso accade che i nostri concittadini segnalino all&#8217;amministrazione comunale guasti e disservizi sui quali per\u00f2 non possiamo pi\u00f9 intervenire direttamente in quanto la gestione \u00e8 centralizzata dalla Regione che la svolge attraverso Sorical. Naturalmente la situazione \u00e8 di emergenza straordinaria quindi da parte nostra non intendiamo fare spallucce ma abbiamo chiesto un vertice in Prefettura per il quale ringrazio Sua Eccellenza il Prefetto Vaccaro per la pronta e consequenziale convocazione. Un incontro che \u00e8 servito a fare il punto e confrontarci con Sorical per capire come intende gestire questa emergenza nei prossimi giorni e nelle prossime settimane e su cosa \u00e8 possibile fare per evitare sprechi e dispersioni. Un&#8217;azione forte quindi rispetto al controllo su attivit\u00e0 irregolari che comportano un uso anomalo dell&#8217;acqua e delle attivit\u00e0 di sensibilizzazione culturale volta al risparmio e all&#8217;uso del prezioso liquido per le attivit\u00e0 essenziali. Qualche settimana io stesso avevo denunciato pubblicamente un utilizzo improprio dell&#8217;acqua pubblica, ma quell&#8217;allarme evidentemente non era stato adeguatamente compreso. C&#8217;\u00e8 un problema oggettivo, relativo alla penuria di acqua nella diga del Menta, ma c&#8217;\u00e8 anche un problema legato agli usi impropri e alle dispersioni. Spero che adesso si comprenda la portata di questa criticit\u00e0&#8221;.<\/em><\/p>\n<p><em>&#8220;Si tratta ovviamente di una carenza idrica determinata dal clima torrido di questi mesi e dalle scarsissime precipitazioni<\/em> &#8211; ha <strong>affermato il vicesindaco Brunetti &#8211;<\/strong> <em>con Sorical abbiamo affrontato le emergenze su alcuni quartieri dove si registrano le principali criticit\u00e0. Da parte nostra piena disponibilit\u00e0 a collaborare, a partire dalla gestione delle autobotti che sono gi\u00e0 a disposizione di Sorical e per le quali abbiamo chiesto un aumento delle turnazioni. Abbiamo apprezzato la disponibilit\u00e0 di Sorical a collaborare. Il dato allarmante chiaramente \u00e8 quello del livello di guardia della diga del Menta. Senza il collegamento alla diga oggi saremmo in una condizione ancora pi\u00f9 grave, ma \u00e8 chiaro che in queste condizioni non pu\u00f2 risolvere il problema. E&#8217; necessario che piova per ricaricare l&#8217;intero sistema&#8221;.<\/em><\/p>\n<p><strong>Dello stesso parere il Consigliere delegato Franco Barreca<\/strong> che si \u00e8 unito al <strong>ringraziamento nei confronti del Prefetto Clara Vaccaro.<\/strong> &#8220;<em>Il nostro obiettivo \u00e8 quello di aumentare l&#8217;efficacia degli interventi che oggi sono in capo a Sorical, a partire dal servizio di autobotti. Domattina avremo un ulteriore incontro per alcune migliorie di natura tecnica che dovrebbero apportare benefici immediati. Mi riferisco ad esempio all&#8217;impianto idroelettrico di Enel, che interessa la parte alta della citt\u00e0 che stanno soffrendo particolarmente e sulle quali \u00e8 necessario un intervento migliorativo&#8221;.<\/em><\/div>\n<\/div>\n<\/div>\n<div class=\"msg-view-attach-preview\"><\/div>\n<\/div>\n<\/div>\n<\/div>\n<div id=\"uiLogic_webmail__view_ListReceipt_0\" class=\"pec-receipts-section light-list spaced-view webmail-inbox-list\" dir=\"ltr\">\n<div><\/div>\n<\/div>\n<\/div>\n<div id=\"dijit_layout_ContentPane_15_splitter\" class=\"dijitGutter dijitGutterV\" role=\"presentation\"><\/div>\n<\/div>\n<\/div>\n<\/div>\n<div id=\"dijit_layout_StackContainer_0_splitter\" class=\"dijitSplitter dijitSplitterV\" role=\"separator\">\n<div class=\"dijitSplitterThumb\"><\/div>\n<\/div>\n<\/div>\n<\/div>\n<div id=\"dijit_layout_ContentPane_0_splitter\" class=\"dijitGutter dijitGutterV\" role=\"presentation\"><\/div>\n<\/div>\n<\/div>\n<\/div>\n<\/div>\n<\/div>\n<\/div>\n<\/div>\n<\/div>\n<\/div>\n<div id=\"xamGlobalDock\" class=\"xamDock\" dir=\"ltr\">\n<div class=\"docking-pane-container\"><\/div>\n<div class=\"summary-pane-container\"><\/div>\n<\/div>\n<\/div>\n<div class=\"dijitPopup\" role=\"presentation\">\n<div id=\"dijit_TooltipDialog_0\" class=\"user-ffn-tooltip-dialog dijitTooltipABRight dijitTooltipDialog\" dir=\"ltr\" lang=\"\" role=\"presentation\">\n<div class=\"dijitTooltipContainer\" role=\"presentation\">\n<div class=\"dijitTooltipContents dijitTooltipFocusNode\" role=\"dialog\">\n<div class=\"user-menu\">\n<div class=\"user-menu-title\">\n<div id=\"uiLogic_util_UserAvatarPicker_0\" class=\"avatar-picker-cnt avatar-picker default-avatar avatar-picker-text\" dir=\"ltr\" lang=\"\">\n<div class=\"avatar-picker-photo-cnt\">\n<div class=\"avatar-picker-photo\">\n<div><\/div>\n<\/div>\n<\/div>\n<\/div>\n<div class=\"user-menu-title-cnt flex-column\">\n<div class=\"flex\">\n<div class=\"user-menu-emailffn-cnt flex-column\">\n<div class=\"user-menu-ffn\"><\/div>\n<div class=\"user-menu-email-cnt\">\n<div class=\"user-menu-email\"><\/div>\n<div class=\"user-pecplus\"><\/div>\n<\/div>\n<\/div>\n<div class=\"user-menu-link link\" data-monitoring-name=\"pe_profile_logout\"><\/div>\n<\/div>\n<\/div>\n<\/div>\n<\/div>\n<\/div>\n<\/div>\n<\/div>\n<\/div>\n<div class=\"dijitPopup\" role=\"presentation\">\n<table id=\"uiLogic_webmail_selection_MessageMenu_0\" class=\"dijit dijitMenu dijitMenuPassive dijitReset dijitMenuTable\" role=\"menu\" cellspacing=\"0\">\n<tbody class=\"dijitReset\">\n<tr id=\"dijit_MenuItem_37\" class=\"dijitReset dijitMenuItem\" role=\"menuitem\" aria-labelledby=\"dijit_MenuItem_37_text dijit_MenuItem_37_accel\">\n<td class=\"dijitReset dijitMenuItemIconCell\" role=\"presentation\"><img decoding=\"async\" class=\"dijitIcon dijitMenuItemIcon\" src=\"https:\/\/webmail.aruba.it\/smart\/javascript\/release\/dojo\/dojo\/resources\/blank.gif\" alt=\"\" \/><\/td>\n<td id=\"dijit_MenuItem_37_text\" class=\"dijitReset dijitMenuItemLabel\" colspan=\"2\"><\/td>\n<td class=\"dijitReset dijitMenuArrowCell\" role=\"presentation\">\n<div><img decoding=\"async\" class=\"dijitMenuExpand\" src=\"https:\/\/webmail.aruba.it\/smart\/javascript\/release\/dojo\/dojo\/resources\/blank.gif\" alt=\"\" \/><\/div>\n<\/td>\n<\/tr>\n<tr id=\"dijit_MenuItem_38\" class=\"dijitReset dijitMenuItem\" role=\"menuitem\" aria-labelledby=\"dijit_MenuItem_38_text dijit_MenuItem_38_accel\">\n<td class=\"dijitReset dijitMenuItemIconCell\" role=\"presentation\"><img decoding=\"async\" class=\"dijitIcon dijitMenuItemIcon\" src=\"https:\/\/webmail.aruba.it\/smart\/javascript\/release\/dojo\/dojo\/resources\/blank.gif\" alt=\"\" \/><\/td>\n<td id=\"dijit_MenuItem_38_text\" class=\"dijitReset dijitMenuItemLabel\" colspan=\"2\"><\/td>\n<td class=\"dijitReset dijitMenuArrowCell\" role=\"presentation\">\n<div><img decoding=\"async\" class=\"dijitMenuExpand\" src=\"https:\/\/webmail.aruba.it\/smart\/javascript\/release\/dojo\/dojo\/resources\/blank.gif\" alt=\"\" \/><\/div>\n<\/td>\n<\/tr>\n<tr id=\"dijit_MenuItem_39\" class=\"dijitReset dijitMenuItem\" role=\"menuitem\" aria-labelledby=\"dijit_MenuItem_39_text dijit_MenuItem_39_accel\">\n<td class=\"dijitReset dijitMenuItemIconCell\" role=\"presentation\"><img decoding=\"async\" class=\"dijitIcon dijitMenuItemIcon\" src=\"https:\/\/webmail.aruba.it\/smart\/javascript\/release\/dojo\/dojo\/resources\/blank.gif\" alt=\"\" \/><\/td>\n<td id=\"dijit_MenuItem_39_text\" class=\"dijitReset dijitMenuItemLabel\" colspan=\"2\"><\/td>\n<td class=\"dijitReset dijitMenuArrowCell\" role=\"presentation\">\n<div><img decoding=\"async\" class=\"dijitMenuExpand\" src=\"https:\/\/webmail.aruba.it\/smart\/javascript\/release\/dojo\/dojo\/resources\/blank.gif\" alt=\"\" \/><\/div>\n<\/td>\n<\/tr>\n<tr id=\"dijit_MenuItem_40\" class=\"dijitReset dijitMenuItem\" role=\"menuitem\" aria-labelledby=\"dijit_MenuItem_40_text dijit_MenuItem_40_accel\">\n<td class=\"dijitReset dijitMenuItemIconCell\" role=\"presentation\"><img decoding=\"async\" class=\"dijitIcon dijitMenuItemIcon\" src=\"https:\/\/webmail.aruba.it\/smart\/javascript\/release\/dojo\/dojo\/resources\/blank.gif\" alt=\"\" \/><\/td>\n<td id=\"dijit_MenuItem_40_text\" class=\"dijitReset dijitMenuItemLabel\" colspan=\"2\"><\/td>\n<td class=\"dijitReset dijitMenuArrowCell\" role=\"presentation\">\n<div><img decoding=\"async\" class=\"dijitMenuExpand\" src=\"https:\/\/webmail.aruba.it\/smart\/javascript\/release\/dojo\/dojo\/resources\/blank.gif\" alt=\"\" \/><\/div>\n<\/td>\n<\/tr>\n<tr id=\"dijit_MenuSeparator_5\" class=\"dijitMenuSeparator\">\n<td class=\"dijitMenuSeparatorIconCell\">\n<div class=\"dijitMenuSeparatorTop\"><\/div>\n<div class=\"dijitMenuSeparatorBottom\"><\/div>\n<\/td>\n<td class=\"dijitMenuSeparatorLabelCell\" colspan=\"3\">\n<div class=\"dijitMenuSeparatorTop dijitMenuSeparatorLabel\"><\/div>\n<div class=\"dijitMenuSeparatorBottom\"><\/div>\n<\/td>\n<\/tr>\n<tr id=\"dijit_MenuItem_41\" class=\"dijitReset dijitMenuItem\" role=\"menuitem\" aria-labelledby=\"dijit_MenuItem_41_text dijit_MenuItem_41_accel\">\n<td class=\"dijitReset dijitMenuItemIconCell\" role=\"presentation\"><img decoding=\"async\" class=\"dijitIcon dijitMenuItemIcon\" src=\"https:\/\/webmail.aruba.it\/smart\/javascript\/release\/dojo\/dojo\/resources\/blank.gif\" alt=\"\" \/><\/td>\n<td id=\"dijit_MenuItem_41_text\" class=\"dijitReset dijitMenuItemLabel\" colspan=\"2\"><\/td>\n<td class=\"dijitReset dijitMenuArrowCell\" role=\"presentation\">\n<div><img decoding=\"async\" class=\"dijitMenuExpand\" src=\"https:\/\/webmail.aruba.it\/smart\/javascript\/release\/dojo\/dojo\/resources\/blank.gif\" alt=\"\" \/><\/div>\n<\/td>\n<\/tr>\n<tr id=\"dijit_PopupMenuItem_1\" class=\"dijitReset dijitMenuItem\" role=\"menuitem\" aria-labelledby=\"dijit_PopupMenuItem_1_text dijit_PopupMenuItem_1_accel\">\n<td class=\"dijitReset dijitMenuItemIconCell\" role=\"presentation\"><img decoding=\"async\" class=\"dijitIcon dijitMenuItemIcon\" src=\"https:\/\/webmail.aruba.it\/smart\/javascript\/release\/dojo\/dojo\/resources\/blank.gif\" alt=\"\" \/><\/td>\n<td id=\"dijit_PopupMenuItem_1_text\" class=\"dijitReset dijitMenuItemLabel\" colspan=\"2\"><\/td>\n<td class=\"dijitReset dijitMenuArrowCell\" role=\"presentation\">\n<div><img decoding=\"async\" class=\"dijitMenuExpand\" src=\"https:\/\/webmail.aruba.it\/smart\/javascript\/release\/dojo\/dojo\/resources\/blank.gif\" alt=\"\" \/><\/div>\n<\/td>\n<\/tr>\n<tr id=\"dijit_MenuItem_48\" class=\"dijitReset dijitMenuItem\" role=\"menuitem\" aria-labelledby=\"dijit_MenuItem_48_text dijit_MenuItem_48_accel\">\n<td class=\"dijitReset dijitMenuItemIconCell\" role=\"presentation\"><img decoding=\"async\" class=\"dijitIcon dijitMenuItemIcon\" src=\"https:\/\/webmail.aruba.it\/smart\/javascript\/release\/dojo\/dojo\/resources\/blank.gif\" alt=\"\" \/><\/td>\n<td id=\"dijit_MenuItem_48_text\" class=\"dijitReset dijitMenuItemLabel\" colspan=\"2\"><\/td>\n<td class=\"dijitReset dijitMenuArrowCell\" role=\"presentation\">\n<div><img decoding=\"async\" class=\"dijitMenuExpand\" src=\"https:\/\/webmail.aruba.it\/smart\/javascript\/release\/dojo\/dojo\/resources\/blank.gif\" alt=\"\" \/><\/div>\n<\/td>\n<\/tr>\n<tr id=\"dijit_MenuItem_49\" class=\"dijitReset dijitMenuItem\" role=\"menuitem\" aria-labelledby=\"dijit_MenuItem_49_text dijit_MenuItem_49_accel\">\n<td class=\"dijitReset dijitMenuItemIconCell\" role=\"presentation\"><img decoding=\"async\" class=\"dijitIcon dijitMenuItemIcon\" src=\"https:\/\/webmail.aruba.it\/smart\/javascript\/release\/dojo\/dojo\/resources\/blank.gif\" alt=\"\" \/><\/td>\n<td id=\"dijit_MenuItem_49_text\" class=\"dijitReset dijitMenuItemLabel\" colspan=\"2\"><\/td>\n<td class=\"dijitReset dijitMenuArrowCell\" role=\"presentation\">\n<div><img decoding=\"async\" class=\"dijitMenuExpand\" src=\"https:\/\/webmail.aruba.it\/smart\/javascript\/release\/dojo\/dojo\/resources\/blank.gif\" alt=\"\" \/><\/div>\n<\/td>\n<\/tr>\n<tr id=\"dijit_MenuItem_50\" class=\"dijitReset dijitMenuItem\" role=\"menuitem\" aria-labelledby=\"dijit_MenuItem_50_text dijit_MenuItem_50_accel\">\n<td class=\"dijitReset dijitMenuItemIconCell\" role=\"presentation\"><img decoding=\"async\" class=\"dijitIcon dijitMenuItemIcon\" src=\"https:\/\/webmail.aruba.it\/smart\/javascript\/release\/dojo\/dojo\/resources\/blank.gif\" alt=\"\" \/><\/td>\n<td id=\"dijit_MenuItem_50_text\" class=\"dijitReset dijitMenuItemLabel\" colspan=\"2\"><\/td>\n<td class=\"dijitReset dijitMenuArrowCell\" role=\"presentation\">\n<div><img decoding=\"async\" class=\"dijitMenuExpand\" src=\"https:\/\/webmail.aruba.it\/smart\/javascript\/release\/dojo\/dojo\/resources\/blank.gif\" alt=\"\" \/><\/div>\n<\/td>\n<\/tr>\n<tr id=\"dijit_MenuItem_51\" class=\"dijitReset dijitMenuItem\" role=\"menuitem\" aria-labelledby=\"dijit_MenuItem_51_text dijit_MenuItem_51_accel\">\n<td class=\"dijitReset dijitMenuItemIconCell\" role=\"presentation\"><img decoding=\"async\" class=\"dijitIcon dijitMenuItemIcon\" src=\"https:\/\/webmail.aruba.it\/smart\/javascript\/release\/dojo\/dojo\/resources\/blank.gif\" alt=\"\" \/><\/td>\n<td id=\"dijit_MenuItem_51_text\" class=\"dijitReset dijitMenuItemLabel\" colspan=\"2\"><\/td>\n<td class=\"dijitReset dijitMenuArrowCell\" role=\"presentation\">\n<div><img decoding=\"async\" class=\"dijitMenuExpand\" src=\"https:\/\/webmail.aruba.it\/smart\/javascript\/release\/dojo\/dojo\/resources\/blank.gif\" alt=\"\" \/><\/div>\n<\/td>\n<\/tr>\n<tr id=\"dijit_MenuSeparator_7\" class=\"dijitMenuSeparator\">\n<td class=\"dijitMenuSeparatorIconCell\">\n<div class=\"dijitMenuSeparatorTop\"><\/div>\n<div class=\"dijitMenuSeparatorBottom\"><\/div>\n<\/td>\n<td class=\"dijitMenuSeparatorLabelCell\" colspan=\"3\">\n<div class=\"dijitMenuSeparatorTop dijitMenuSeparatorLabel\"><\/div>\n<div class=\"dijitMenuSeparatorBottom\"><\/div>\n<\/td>\n<\/tr>\n<tr id=\"dijit_PopupMenuItem_2\" class=\"dijitReset dijitMenuItem\" role=\"menuitem\" aria-labelledby=\"dijit_PopupMenuItem_2_text dijit_PopupMenuItem_2_accel\">\n<td class=\"dijitReset dijitMenuItemIconCell\" role=\"presentation\"><img decoding=\"async\" class=\"dijitIcon dijitMenuItemIcon\" src=\"https:\/\/webmail.aruba.it\/smart\/javascript\/release\/dojo\/dojo\/resources\/blank.gif\" alt=\"\" \/><\/td>\n<td id=\"dijit_PopupMenuItem_2_text\" class=\"dijitReset dijitMenuItemLabel\" colspan=\"2\"><\/td>\n<td class=\"dijitReset dijitMenuArrowCell\" role=\"presentation\">\n<div><img decoding=\"async\" class=\"dijitMenuExpand\" src=\"https:\/\/webmail.aruba.it\/smart\/javascript\/release\/dojo\/dojo\/resources\/blank.gif\" alt=\"\" \/><\/div>\n<\/td>\n<\/tr>\n<tr id=\"dijit_MenuItem_56\" class=\"dijitReset dijitMenuItem\" role=\"menuitem\" aria-labelledby=\"dijit_MenuItem_56_text dijit_MenuItem_56_accel\">\n<td class=\"dijitReset dijitMenuItemIconCell\" role=\"presentation\"><img decoding=\"async\" class=\"dijitIcon dijitMenuItemIcon\" src=\"https:\/\/webmail.aruba.it\/smart\/javascript\/release\/dojo\/dojo\/resources\/blank.gif\" alt=\"\" \/><\/td>\n<td id=\"dijit_MenuItem_56_text\" class=\"dijitReset dijitMenuItemLabel\" colspan=\"2\"><\/td>\n<td class=\"dijitReset dijitMenuArrowCell\" role=\"presentation\">\n<div><img decoding=\"async\" class=\"dijitMenuExpand\" src=\"https:\/\/webmail.aruba.it\/smart\/javascript\/release\/dojo\/dojo\/resources\/blank.gif\" alt=\"\" \/><\/div>\n<\/td>\n<\/tr>\n<tr id=\"dijit_MenuSeparator_8\" class=\"dijitMenuSeparator\">\n<td class=\"dijitMenuSeparatorIconCell\">\n<div class=\"dijitMenuSeparatorTop\"><\/div>\n<div class=\"dijitMenuSeparatorBottom\"><\/div>\n<\/td>\n<td class=\"dijitMenuSeparatorLabelCell\" colspan=\"3\">\n<div class=\"dijitMenuSeparatorTop dijitMenuSeparatorLabel\"><\/div>\n<div class=\"dijitMenuSeparatorBottom\"><\/div>\n<\/td>\n<\/tr>\n<tr id=\"dijit_MenuItem_57\" class=\"dijitReset dijitMenuItem\" role=\"menuitem\" aria-labelledby=\"dijit_MenuItem_57_text dijit_MenuItem_57_accel\">\n<td class=\"dijitReset dijitMenuItemIconCell\" role=\"presentation\"><img decoding=\"async\" class=\"dijitIcon dijitMenuItemIcon\" src=\"https:\/\/webmail.aruba.it\/smart\/javascript\/release\/dojo\/dojo\/resources\/blank.gif\" alt=\"\" \/><\/td>\n<td id=\"dijit_MenuItem_57_text\" class=\"dijitReset dijitMenuItemLabel\" colspan=\"2\"><\/td>\n<td class=\"dijitReset dijitMenuArrowCell\" role=\"presentation\">\n<div><img decoding=\"async\" class=\"dijitMenuExpand\" src=\"https:\/\/webmail.aruba.it\/smart\/javascript\/release\/dojo\/dojo\/resources\/blank.gif\" alt=\"\" \/><\/div>\n<\/td>\n<\/tr>\n<tr id=\"dijit_MenuItem_58\" class=\"dijitReset dijitMenuItem\" role=\"menuitem\" aria-labelledby=\"dijit_MenuItem_58_text dijit_MenuItem_58_accel\">\n<td class=\"dijitReset dijitMenuItemIconCell\" role=\"presentation\"><img decoding=\"async\" class=\"dijitIcon dijitMenuItemIcon\" src=\"https:\/\/webmail.aruba.it\/smart\/javascript\/release\/dojo\/dojo\/resources\/blank.gif\" alt=\"\" \/><\/td>\n<td id=\"dijit_MenuItem_58_text\" class=\"dijitReset dijitMenuItemLabel\" colspan=\"2\"><\/td>\n<td class=\"dijitReset dijitMenuArrowCell\" role=\"presentation\">\n<div><img decoding=\"async\" class=\"dijitMenuExpand\" src=\"https:\/\/webmail.aruba.it\/smart\/javascript\/release\/dojo\/dojo\/resources\/blank.gif\" alt=\"\" \/><\/div>\n<\/td>\n<\/tr>\n<\/tbody>\n<\/table>\n<\/div>\n","protected":false},"excerpt":{"rendered":"<p>&#8220;La situazione \u00e8 grave, la diga del Menta \u00e8 sotto il livello di guardia, le criticit\u00e0 sono diffuse, in citt\u00e0 come nell&#8217;area metropolitana. Stiamo dialogando con Sorical e con la&hellip;<\/p>\n","protected":false},"author":12,"featured_media":39072,"comment_status":"closed","ping_status":"open","sticky":false,"template":"","format":"standard","meta":{"_jetpack_memberships_contains_paid_content":false,"footnotes":"","jetpack_publicize_message":"","jetpack_publicize_feature_enabled":true,"jetpack_social_post_already_shared":false,"jetpack_social_options":{"image_generator_settings":{"template":"highway","default_image_id":0,"font":"","enabled":false},"version":2}},"categories":[921,196,140],"tags":[23993,29208,30465,5016,495,2775,34110],"class_list":["post-55569","post","type-post","status-publish","format-standard","has-post-thumbnail","hentry","category-home","category-news","category-reggio-calabria","tag-clara-vaccaro","tag-crisi-idrica","tag-falcomata-giuseppe","tag-franco-barreca","tag-paolo-brunetti","tag-sorical","tag-vertice-in-prefettura"],"yoast_head":"<!-- This site is optimized with the Yoast SEO plugin v27.2 - https:\/\/yoast.com\/product\/yoast-seo-wordpress\/ -->\n<title>Reggio: svolto vertice sulla crisi idrica in Prefettura<\/title>\n<meta name=\"description\" content=\"Falcomat\u00e0 aveva chiesto la convocazione di un tavolo tematico, accolta dal Prefetto che ha convocato il nuovo gestore Sorical\" \/>\n<meta name=\"robots\" content=\"index, follow, max-snippet:-1, max-image-preview:large, max-video-preview:-1\" \/>\n<link rel=\"canonical\" href=\"https:\/\/progettotouring.it\/radiotouring104\/2024\/07\/23\/reggio-svolto-vertice-sulla-crisi-idrica-in-prefettura\/\" \/>\n<meta property=\"og:locale\" content=\"it_IT\" \/>\n<meta property=\"og:type\" content=\"article\" \/>\n<meta property=\"og:title\" content=\"Reggio: svolto vertice sulla crisi idrica in Prefettura\" \/>\n<meta property=\"og:description\" content=\"Falcomat\u00e0 aveva chiesto la convocazione di un tavolo tematico, accolta dal Prefetto che ha convocato il nuovo gestore Sorical\" \/>\n<meta property=\"og:url\" content=\"https:\/\/progettotouring.it\/radiotouring104\/2024\/07\/23\/reggio-svolto-vertice-sulla-crisi-idrica-in-prefettura\/\" \/>\n<meta property=\"og:site_name\" content=\"Radio Touring 104\" \/>\n<meta property=\"article:published_time\" content=\"2024-07-23T07:34:14+00:00\" \/>\n<meta property=\"og:image\" content=\"https:\/\/progettotouring.it\/radiotouring104\/wp-content\/uploads\/sites\/6\/2023\/11\/Reggio_Calabria-Prefettura.jpg\" \/>\n\t<meta property=\"og:image:width\" content=\"800\" \/>\n\t<meta property=\"og:image:height\" content=\"600\" \/>\n\t<meta property=\"og:image:type\" content=\"image\/jpeg\" \/>\n<meta name=\"author\" content=\"Sebastiano Plutino\" \/>\n<meta name=\"twitter:card\" content=\"summary_large_image\" \/>\n<meta name=\"twitter:label1\" content=\"Scritto da\" \/>\n\t<meta name=\"twitter:data1\" content=\"Sebastiano Plutino\" \/>\n\t<meta name=\"twitter:label2\" content=\"Tempo di lettura stimato\" \/>\n\t<meta name=\"twitter:data2\" content=\"3 minuti\" \/>\n<script type=\"application\/ld+json\" class=\"yoast-schema-graph\">{\"@context\":\"https:\/\/schema.org\",\"@graph\":[{\"@type\":\"Article\",\"@id\":\"https:\/\/progettotouring.it\/radiotouring104\/2024\/07\/23\/reggio-svolto-vertice-sulla-crisi-idrica-in-prefettura\/#article\",\"isPartOf\":{\"@id\":\"https:\/\/progettotouring.it\/radiotouring104\/2024\/07\/23\/reggio-svolto-vertice-sulla-crisi-idrica-in-prefettura\/\"},\"author\":{\"name\":\"Sebastiano Plutino\",\"@id\":\"https:\/\/progettotouring.it\/radiotouring104\/#\/schema\/person\/78613917f1851f041f7483f5af1d422e\"},\"headline\":\"Reggio: svolto vertice sulla crisi idrica in Prefettura\",\"datePublished\":\"2024-07-23T07:34:14+00:00\",\"mainEntityOfPage\":{\"@id\":\"https:\/\/progettotouring.it\/radiotouring104\/2024\/07\/23\/reggio-svolto-vertice-sulla-crisi-idrica-in-prefettura\/\"},\"wordCount\":646,\"publisher\":{\"@id\":\"https:\/\/progettotouring.it\/radiotouring104\/#organization\"},\"image\":{\"@id\":\"https:\/\/progettotouring.it\/radiotouring104\/2024\/07\/23\/reggio-svolto-vertice-sulla-crisi-idrica-in-prefettura\/#primaryimage\"},\"thumbnailUrl\":\"https:\/\/progettotouring.it\/radiotouring104\/wp-content\/uploads\/sites\/6\/2023\/11\/Reggio_Calabria-Prefettura.jpg\",\"keywords\":[\"Clara Vaccaro\",\"crisi idrica\",\"Falcomat\u00e0 Giuseppe\",\"Franco Barreca\",\"Paolo Brunetti\",\"sorical\",\"vertice in Prefettura\"],\"articleSection\":[\"Home\",\"News\",\"Reggio Calabria\"],\"inLanguage\":\"it-IT\"},{\"@type\":\"WebPage\",\"@id\":\"https:\/\/progettotouring.it\/radiotouring104\/2024\/07\/23\/reggio-svolto-vertice-sulla-crisi-idrica-in-prefettura\/\",\"url\":\"https:\/\/progettotouring.it\/radiotouring104\/2024\/07\/23\/reggio-svolto-vertice-sulla-crisi-idrica-in-prefettura\/\",\"name\":\"Reggio: svolto vertice sulla crisi idrica in Prefettura\",\"isPartOf\":{\"@id\":\"https:\/\/progettotouring.it\/radiotouring104\/#website\"},\"primaryImageOfPage\":{\"@id\":\"https:\/\/progettotouring.it\/radiotouring104\/2024\/07\/23\/reggio-svolto-vertice-sulla-crisi-idrica-in-prefettura\/#primaryimage\"},\"image\":{\"@id\":\"https:\/\/progettotouring.it\/radiotouring104\/2024\/07\/23\/reggio-svolto-vertice-sulla-crisi-idrica-in-prefettura\/#primaryimage\"},\"thumbnailUrl\":\"https:\/\/progettotouring.it\/radiotouring104\/wp-content\/uploads\/sites\/6\/2023\/11\/Reggio_Calabria-Prefettura.jpg\",\"datePublished\":\"2024-07-23T07:34:14+00:00\",\"description\":\"Falcomat\u00e0 aveva chiesto la convocazione di un tavolo tematico, accolta dal Prefetto che ha convocato il nuovo gestore Sorical\",\"breadcrumb\":{\"@id\":\"https:\/\/progettotouring.it\/radiotouring104\/2024\/07\/23\/reggio-svolto-vertice-sulla-crisi-idrica-in-prefettura\/#breadcrumb\"},\"inLanguage\":\"it-IT\",\"potentialAction\":[{\"@type\":\"ReadAction\",\"target\":[\"https:\/\/progettotouring.it\/radiotouring104\/2024\/07\/23\/reggio-svolto-vertice-sulla-crisi-idrica-in-prefettura\/\"]}]},{\"@type\":\"ImageObject\",\"inLanguage\":\"it-IT\",\"@id\":\"https:\/\/progettotouring.it\/radiotouring104\/2024\/07\/23\/reggio-svolto-vertice-sulla-crisi-idrica-in-prefettura\/#primaryimage\",\"url\":\"https:\/\/progettotouring.it\/radiotouring104\/wp-content\/uploads\/sites\/6\/2023\/11\/Reggio_Calabria-Prefettura.jpg\",\"contentUrl\":\"https:\/\/progettotouring.it\/radiotouring104\/wp-content\/uploads\/sites\/6\/2023\/11\/Reggio_Calabria-Prefettura.jpg\",\"width\":800,\"height\":600},{\"@type\":\"BreadcrumbList\",\"@id\":\"https:\/\/progettotouring.it\/radiotouring104\/2024\/07\/23\/reggio-svolto-vertice-sulla-crisi-idrica-in-prefettura\/#breadcrumb\",\"itemListElement\":[{\"@type\":\"ListItem\",\"position\":1,\"name\":\"Home\",\"item\":\"https:\/\/progettotouring.it\/radiotouring104\/\"},{\"@type\":\"ListItem\",\"position\":2,\"name\":\"Reggio: svolto vertice sulla crisi idrica in Prefettura\"}]},{\"@type\":\"WebSite\",\"@id\":\"https:\/\/progettotouring.it\/radiotouring104\/#website\",\"url\":\"https:\/\/progettotouring.it\/radiotouring104\/\",\"name\":\"Radio Touring 104\",\"description\":\"La prima radio Reggina\",\"publisher\":{\"@id\":\"https:\/\/progettotouring.it\/radiotouring104\/#organization\"},\"potentialAction\":[{\"@type\":\"SearchAction\",\"target\":{\"@type\":\"EntryPoint\",\"urlTemplate\":\"https:\/\/progettotouring.it\/radiotouring104\/?s={search_term_string}\"},\"query-input\":{\"@type\":\"PropertyValueSpecification\",\"valueRequired\":true,\"valueName\":\"search_term_string\"}}],\"inLanguage\":\"it-IT\"},{\"@type\":\"Organization\",\"@id\":\"https:\/\/progettotouring.it\/radiotouring104\/#organization\",\"name\":\"Radio Touring 104\",\"url\":\"https:\/\/progettotouring.it\/radiotouring104\/\",\"logo\":{\"@type\":\"ImageObject\",\"inLanguage\":\"it-IT\",\"@id\":\"https:\/\/progettotouring.it\/radiotouring104\/#\/schema\/logo\/image\/\",\"url\":\"https:\/\/progettotouring.it\/radiotouring104\/wp-content\/uploads\/sites\/6\/2022\/02\/cropped-logo-radio-touring-104.png\",\"contentUrl\":\"https:\/\/progettotouring.it\/radiotouring104\/wp-content\/uploads\/sites\/6\/2022\/02\/cropped-logo-radio-touring-104.png\",\"width\":377,\"height\":182,\"caption\":\"Radio Touring 104\"},\"image\":{\"@id\":\"https:\/\/progettotouring.it\/radiotouring104\/#\/schema\/logo\/image\/\"}},{\"@type\":\"Person\",\"@id\":\"https:\/\/progettotouring.it\/radiotouring104\/#\/schema\/person\/78613917f1851f041f7483f5af1d422e\",\"name\":\"Sebastiano Plutino\",\"image\":{\"@type\":\"ImageObject\",\"inLanguage\":\"it-IT\",\"@id\":\"https:\/\/secure.gravatar.com\/avatar\/0546ffaa9b79224faf9f2a156b67a529ae861d3287c66c1d8ccfdf909bcba78d?s=96&d=mm&r=g\",\"url\":\"https:\/\/secure.gravatar.com\/avatar\/0546ffaa9b79224faf9f2a156b67a529ae861d3287c66c1d8ccfdf909bcba78d?s=96&d=mm&r=g\",\"contentUrl\":\"https:\/\/secure.gravatar.com\/avatar\/0546ffaa9b79224faf9f2a156b67a529ae861d3287c66c1d8ccfdf909bcba78d?s=96&d=mm&r=g\",\"caption\":\"Sebastiano Plutino\"},\"url\":\"https:\/\/progettotouring.it\/radiotouring104\/author\/sebastiano\/\"}]}<\/script>\n<!-- \/ Yoast SEO plugin. -->","yoast_head_json":{"title":"Reggio: svolto vertice sulla crisi idrica in Prefettura","description":"Falcomat\u00e0 aveva chiesto la convocazione di un tavolo tematico, accolta dal Prefetto che ha convocato il nuovo gestore Sorical","robots":{"index":"index","follow":"follow","max-snippet":"max-snippet:-1","max-image-preview":"max-image-preview:large","max-video-preview":"max-video-preview:-1"},"canonical":"https:\/\/progettotouring.it\/radiotouring104\/2024\/07\/23\/reggio-svolto-vertice-sulla-crisi-idrica-in-prefettura\/","og_locale":"it_IT","og_type":"article","og_title":"Reggio: svolto vertice sulla crisi idrica in Prefettura","og_description":"Falcomat\u00e0 aveva chiesto la convocazione di un tavolo tematico, accolta dal Prefetto che ha convocato il nuovo gestore Sorical","og_url":"https:\/\/progettotouring.it\/radiotouring104\/2024\/07\/23\/reggio-svolto-vertice-sulla-crisi-idrica-in-prefettura\/","og_site_name":"Radio Touring 104","article_published_time":"2024-07-23T07:34:14+00:00","og_image":[{"width":800,"height":600,"url":"https:\/\/progettotouring.it\/radiotouring104\/wp-content\/uploads\/sites\/6\/2023\/11\/Reggio_Calabria-Prefettura.jpg","type":"image\/jpeg"}],"author":"Sebastiano Plutino","twitter_card":"summary_large_image","twitter_misc":{"Scritto da":"Sebastiano Plutino","Tempo di lettura stimato":"3 minuti"},"schema":{"@context":"https:\/\/schema.org","@graph":[{"@type":"Article","@id":"https:\/\/progettotouring.it\/radiotouring104\/2024\/07\/23\/reggio-svolto-vertice-sulla-crisi-idrica-in-prefettura\/#article","isPartOf":{"@id":"https:\/\/progettotouring.it\/radiotouring104\/2024\/07\/23\/reggio-svolto-vertice-sulla-crisi-idrica-in-prefettura\/"},"author":{"name":"Sebastiano Plutino","@id":"https:\/\/progettotouring.it\/radiotouring104\/#\/schema\/person\/78613917f1851f041f7483f5af1d422e"},"headline":"Reggio: svolto vertice sulla crisi idrica in Prefettura","datePublished":"2024-07-23T07:34:14+00:00","mainEntityOfPage":{"@id":"https:\/\/progettotouring.it\/radiotouring104\/2024\/07\/23\/reggio-svolto-vertice-sulla-crisi-idrica-in-prefettura\/"},"wordCount":646,"publisher":{"@id":"https:\/\/progettotouring.it\/radiotouring104\/#organization"},"image":{"@id":"https:\/\/progettotouring.it\/radiotouring104\/2024\/07\/23\/reggio-svolto-vertice-sulla-crisi-idrica-in-prefettura\/#primaryimage"},"thumbnailUrl":"https:\/\/progettotouring.it\/radiotouring104\/wp-content\/uploads\/sites\/6\/2023\/11\/Reggio_Calabria-Prefettura.jpg","keywords":["Clara Vaccaro","crisi idrica","Falcomat\u00e0 Giuseppe","Franco Barreca","Paolo Brunetti","sorical","vertice in Prefettura"],"articleSection":["Home","News","Reggio Calabria"],"inLanguage":"it-IT"},{"@type":"WebPage","@id":"https:\/\/progettotouring.it\/radiotouring104\/2024\/07\/23\/reggio-svolto-vertice-sulla-crisi-idrica-in-prefettura\/","url":"https:\/\/progettotouring.it\/radiotouring104\/2024\/07\/23\/reggio-svolto-vertice-sulla-crisi-idrica-in-prefettura\/","name":"Reggio: svolto vertice sulla crisi idrica in Prefettura","isPartOf":{"@id":"https:\/\/progettotouring.it\/radiotouring104\/#website"},"primaryImageOfPage":{"@id":"https:\/\/progettotouring.it\/radiotouring104\/2024\/07\/23\/reggio-svolto-vertice-sulla-crisi-idrica-in-prefettura\/#primaryimage"},"image":{"@id":"https:\/\/progettotouring.it\/radiotouring104\/2024\/07\/23\/reggio-svolto-vertice-sulla-crisi-idrica-in-prefettura\/#primaryimage"},"thumbnailUrl":"https:\/\/progettotouring.it\/radiotouring104\/wp-content\/uploads\/sites\/6\/2023\/11\/Reggio_Calabria-Prefettura.jpg","datePublished":"2024-07-23T07:34:14+00:00","description":"Falcomat\u00e0 aveva chiesto la convocazione di un tavolo tematico, accolta dal Prefetto che ha convocato il nuovo gestore Sorical","breadcrumb":{"@id":"https:\/\/progettotouring.it\/radiotouring104\/2024\/07\/23\/reggio-svolto-vertice-sulla-crisi-idrica-in-prefettura\/#breadcrumb"},"inLanguage":"it-IT","potentialAction":[{"@type":"ReadAction","target":["https:\/\/progettotouring.it\/radiotouring104\/2024\/07\/23\/reggio-svolto-vertice-sulla-crisi-idrica-in-prefettura\/"]}]},{"@type":"ImageObject","inLanguage":"it-IT","@id":"https:\/\/progettotouring.it\/radiotouring104\/2024\/07\/23\/reggio-svolto-vertice-sulla-crisi-idrica-in-prefettura\/#primaryimage","url":"https:\/\/progettotouring.it\/radiotouring104\/wp-content\/uploads\/sites\/6\/2023\/11\/Reggio_Calabria-Prefettura.jpg","contentUrl":"https:\/\/progettotouring.it\/radiotouring104\/wp-content\/uploads\/sites\/6\/2023\/11\/Reggio_Calabria-Prefettura.jpg","width":800,"height":600},{"@type":"BreadcrumbList","@id":"https:\/\/progettotouring.it\/radiotouring104\/2024\/07\/23\/reggio-svolto-vertice-sulla-crisi-idrica-in-prefettura\/#breadcrumb","itemListElement":[{"@type":"ListItem","position":1,"name":"Home","item":"https:\/\/progettotouring.it\/radiotouring104\/"},{"@type":"ListItem","position":2,"name":"Reggio: svolto vertice sulla crisi idrica in Prefettura"}]},{"@type":"WebSite","@id":"https:\/\/progettotouring.it\/radiotouring104\/#website","url":"https:\/\/progettotouring.it\/radiotouring104\/","name":"Radio Touring 104","description":"La prima radio Reggina","publisher":{"@id":"https:\/\/progettotouring.it\/radiotouring104\/#organization"},"potentialAction":[{"@type":"SearchAction","target":{"@type":"EntryPoint","urlTemplate":"https:\/\/progettotouring.it\/radiotouring104\/?s={search_term_string}"},"query-input":{"@type":"PropertyValueSpecification","valueRequired":true,"valueName":"search_term_string"}}],"inLanguage":"it-IT"},{"@type":"Organization","@id":"https:\/\/progettotouring.it\/radiotouring104\/#organization","name":"Radio Touring 104","url":"https:\/\/progettotouring.it\/radiotouring104\/","logo":{"@type":"ImageObject","inLanguage":"it-IT","@id":"https:\/\/progettotouring.it\/radiotouring104\/#\/schema\/logo\/image\/","url":"https:\/\/progettotouring.it\/radiotouring104\/wp-content\/uploads\/sites\/6\/2022\/02\/cropped-logo-radio-touring-104.png","contentUrl":"https:\/\/progettotouring.it\/radiotouring104\/wp-content\/uploads\/sites\/6\/2022\/02\/cropped-logo-radio-touring-104.png","width":377,"height":182,"caption":"Radio Touring 104"},"image":{"@id":"https:\/\/progettotouring.it\/radiotouring104\/#\/schema\/logo\/image\/"}},{"@type":"Person","@id":"https:\/\/progettotouring.it\/radiotouring104\/#\/schema\/person\/78613917f1851f041f7483f5af1d422e","name":"Sebastiano Plutino","image":{"@type":"ImageObject","inLanguage":"it-IT","@id":"https:\/\/secure.gravatar.com\/avatar\/0546ffaa9b79224faf9f2a156b67a529ae861d3287c66c1d8ccfdf909bcba78d?s=96&d=mm&r=g","url":"https:\/\/secure.gravatar.com\/avatar\/0546ffaa9b79224faf9f2a156b67a529ae861d3287c66c1d8ccfdf909bcba78d?s=96&d=mm&r=g","contentUrl":"https:\/\/secure.gravatar.com\/avatar\/0546ffaa9b79224faf9f2a156b67a529ae861d3287c66c1d8ccfdf909bcba78d?s=96&d=mm&r=g","caption":"Sebastiano Plutino"},"url":"https:\/\/progettotouring.it\/radiotouring104\/author\/sebastiano\/"}]}},"jetpack_publicize_connections":[],"jetpack_featured_media_url":"https:\/\/progettotouring.it\/radiotouring104\/wp-content\/uploads\/sites\/6\/2023\/11\/Reggio_Calabria-Prefettura.jpg","jetpack_sharing_enabled":true,"_links":{"self":[{"href":"https:\/\/progettotouring.it\/radiotouring104\/wp-json\/wp\/v2\/posts\/55569","targetHints":{"allow":["GET"]}}],"collection":[{"href":"https:\/\/progettotouring.it\/radiotouring104\/wp-json\/wp\/v2\/posts"}],"about":[{"href":"https:\/\/progettotouring.it\/radiotouring104\/wp-json\/wp\/v2\/types\/post"}],"author":[{"embeddable":true,"href":"https:\/\/progettotouring.it\/radiotouring104\/wp-json\/wp\/v2\/users\/12"}],"replies":[{"embeddable":true,"href":"https:\/\/progettotouring.it\/radiotouring104\/wp-json\/wp\/v2\/comments?post=55569"}],"version-history":[{"count":1,"href":"https:\/\/progettotouring.it\/radiotouring104\/wp-json\/wp\/v2\/posts\/55569\/revisions"}],"predecessor-version":[{"id":55570,"href":"https:\/\/progettotouring.it\/radiotouring104\/wp-json\/wp\/v2\/posts\/55569\/revisions\/55570"}],"wp:featuredmedia":[{"embeddable":true,"href":"https:\/\/progettotouring.it\/radiotouring104\/wp-json\/wp\/v2\/media\/39072"}],"wp:attachment":[{"href":"https:\/\/progettotouring.it\/radiotouring104\/wp-json\/wp\/v2\/media?parent=55569"}],"wp:term":[{"taxonomy":"category","embeddable":true,"href":"https:\/\/progettotouring.it\/radiotouring104\/wp-json\/wp\/v2\/categories?post=55569"},{"taxonomy":"post_tag","embeddable":true,"href":"https:\/\/progettotouring.it\/radiotouring104\/wp-json\/wp\/v2\/tags?post=55569"}],"curies":[{"name":"wp","href":"https:\/\/api.w.org\/{rel}","templated":true}]}}