{"id":55573,"date":"2024-07-23T09:56:11","date_gmt":"2024-07-23T07:56:11","guid":{"rendered":"https:\/\/progettotouring.it\/radiotouring104\/?p=55573"},"modified":"2024-07-23T10:05:41","modified_gmt":"2024-07-23T08:05:41","slug":"reggio-presentato-studio-ance-sulla-rigenerazione-urbana","status":"publish","type":"post","link":"https:\/\/progettotouring.it\/radiotouring104\/2024\/07\/23\/reggio-presentato-studio-ance-sulla-rigenerazione-urbana\/","title":{"rendered":"Reggio: presentato studio Ance sulla Rigenerazione urbana"},"content":{"rendered":"<p style=\"text-align: justify\"><strong>E&#8217; stato presentato,<\/strong> nel corso di un convegno,<strong> lo studio<\/strong> &#8220;ReKap&#8221;, predisposto dalla sezione di Reggio Calabria dell&#8217;Associazione nazionale costruttori edili, <strong>sul tema<\/strong> <em>&#8220;Il sistema delle costruzioni verso il nuovo piano nazionale di adattamento ai cambiamenti climatici. Scenari di cambiamento e innovazione per la rigenerazione urbana&#8221;.<\/em><\/p>\n<p style=\"text-align: justify\"><em>&#8220;\u00c8 uno studio<\/em> &#8211;<strong> ha detto il presidente di Confindustria Reggio Calabria, Domenico Vecchio &#8211;<\/strong><em> che pu\u00f2 rappresentare un esempio per le altre citt\u00e0 del Paese nel campo della rigenerazione urbana. Uno studio importante che propone soluzioni veramente interessanti&#8221;.<\/em><\/p>\n<p style=\"text-align: justify\"><strong>Lo studio<\/strong> &#8220;<em>ReKap&#8221;<\/em><strong> \u00e8 frutto di un trasferimento tecnologico tra AbitaLab,<\/strong> <strong>dell&#8217;Universit\u00e0 degli Studi Mediterranea<\/strong> di Reggio Calabria ed <strong>Ance sui temi della rigenerazione urbana e delle strategie di adattamento climatico<\/strong>. &#8220;<em>Un &#8216;Atlante&#8217;, dedicato alla citt\u00e0 di Reggio Calabria<\/em> &#8211; ha detto, in apertura dei lavori, il sindaco della citt\u00e0 dello Stretto, Giuseppe Falcomat\u00e0 &#8211;<em> che ci dice molto sulle tecniche di rigenerazione urbana, sull&#8217;approccio, sulla qualit\u00e0 dei materiali, sui progetti che stanno alla base dell&#8217;idea di un territorio che cambia, si rinnova e si rigenera&#8221;.<\/em><\/p>\n<p style=\"text-align: justify\"><em>&#8220;Si tratta di un Atlante digitale &#8211;<\/em> <strong>ha spiegato Consuelo Nava, docente della facolt\u00e0 di Architettura dell&#8217;universit\u00e0 Mediterranea<\/strong><em> &#8211; applicabile anche in altre citt\u00e0. Abbiamo scelto di lavorare su un tema caro ad Ance nazionale, che \u00e8 quello della rigenerazione urbana. Vi ha lavorato un gruppo di giovani, che sono le persone pi\u00f9 giuste con cui discutere di cambiamento climatico e di investimenti territoriali proiettati nel futuro perch\u00e9 saranno loro i protagonisti di questa trasformazione. Il nostro studio sar\u00e0 il nuovo paradigma di trasformazione urbana che sar\u00e0 messo a disposizione di Ance anche per le sue politiche nazionali, per i tavoli di interlocuzione con gli enti e con tutti i soggetti che in questo momento stanno ragionando sulla rigenerazione urbana. Reggio Calabria, con i suoi 32 chilometri di costa, presenta un territorio molto variegato ed interessante e l&#8217;Atlante contiene una miriade di dati e di informazioni di particolare interesse&#8221;<\/em>.<\/p>\n<p style=\"text-align: justify\">Al convegno Ance <em>&#8220;Il sistema delle costruzioni verso il nuovo piano nazionale di adattamento ai cambiamenti climatici&#8221;<\/em> in fase di svolgimento al Museo archeologico nazionale di Reggio,\u00a0era presente anche il Sindaco metropolitano di Reggio Calabria, Giuseppe Falcomat\u00e0 che, nel corso del suo intervento ha dichiarato.<\/p>\n<div style=\"text-align: justify\">\n<p>\u201c\u00c8 un momento fondamentale per il nostro territorio, in generale per la capacit\u00e0 e la possibilit\u00e0 dei nostri territori di potersi trasformare e rigenerare. Questa due giorni sar\u00e0 sicuramente l\u2019occasione per fare una sorta di \u2018Rekap\u2019, come il titolo dell&#8217;iniziativa, ma anche per ragionare insieme su come di pi\u00f9 e meglio si possa fare\u201d, ha dichiarato Falcomat\u00e0<\/p>\n<p><em>\u201cLo studio \u2018Rekap\u2019 illustrato dalla professoressa Nava<\/em> <strong>&#8211; ha aggiunto Falcomat\u00e0<\/strong> &#8211;<em> ci ha detto molto sulle tecniche di rigenerazione urbana, sull\u2019approccio, sulla qualit\u00e0 dei materiali, sui progetti che stanno alla base dell\u2019idea di un territorio che cambia, si rinnova e si rigenera. E&#8217; lo stesso lavoro che da anni, nella nostra citt\u00e0, stiamo portando avanti senza perdere nessuna delle occasioni attraverso l\u2019utilizzo dei fondi europei, i bandi nazionali, i fondi del Pnrr. Si tratta di risorse &#8211; ha ricordato il primo cittadino &#8211; che possono consentire alla nostra citt\u00e0 di cambiare volto, ma soprattutto andare incontro a quelle che sono le esigenze dei cittadini e dotarsi di un parco progetti, di un\u2019idea di citt\u00e0 che non \u00e8 soltanto quella ereditata da progettazioni e idee e visioni di citt\u00e0 di qualche decennio fa, ma \u00e8 finalmente un\u2019idea di citt\u00e0 nuova, condivisa che sta al passo coi tempi che sta al passo con le nuove esigenze dei cittadini. Si tratta di argomenti che abbiamo trattato al recente G7, anche nell\u2019ultimo incontro avuto con il ministro Tajani, ossia l\u2019idea che ogni idea di sviluppo, di cambiamento di rigenerazione urbana di un territorio, non possa pi\u00f9 prescindere da un approccio antropologico che rispetti l\u2019uomo inteso come persona che sta all\u2019interno di un ecosistema\u201d.<\/em><\/p>\n<p>\u201cL\u2019esigenza di futuro<em> spesso ci ha fatto prendere delle decisioni che nulla avevano a che fare con la sostenibilit\u00e0, col rispetto dell\u2019ambiente, con la rigenerazione, con la resilienza. Quello che invece noi abbiamo il dovere di fare, penso ai fondi Pinqua per i quartieri della nostra citt\u00e0, circa 54 milioni di progettazione, anche tutte le altre attivit\u00e0 tra Patti per il Sud, fondi della Coesione, Pon Metro, Pn Metro plus, che ammontano circa a 1 miliardo di programmazione, \u00e8 quello di migliorare la qualit\u00e0 della vita delle persone e dei cittadini, naturalmente nel pieno rispetto delle normative e dei luoghi\u201d, <\/em><strong>ha concluso Falcomat\u00e0.<\/strong><\/p>\n<\/div>\n<div style=\"text-align: justify\"><\/div>\n","protected":false},"excerpt":{"rendered":"<p>E&#8217; stato presentato, nel corso di un convegno, lo studio &#8220;ReKap&#8221;, predisposto dalla sezione di Reggio Calabria dell&#8217;Associazione nazionale costruttori edili, sul tema &#8220;Il sistema delle costruzioni verso il nuovo&hellip;<\/p>\n","protected":false},"author":12,"featured_media":55577,"comment_status":"closed","ping_status":"open","sticky":false,"template":"","format":"standard","meta":{"_jetpack_memberships_contains_paid_content":false,"footnotes":"","jetpack_publicize_message":"","jetpack_publicize_feature_enabled":true,"jetpack_social_post_already_shared":false,"jetpack_social_options":{"image_generator_settings":{"template":"highway","default_image_id":0,"font":"","enabled":false},"version":2}},"categories":[921,196,140],"tags":[5687,2301,1153,3500],"class_list":["post-55573","post","type-post","status-publish","format-standard","has-post-thumbnail","hentry","category-home","category-news","category-reggio-calabria","tag-ance-reggio-calabria","tag-consuelo-nava","tag-domenico-vecchio","tag-rigenerazione-urbana"],"yoast_head":"<!-- This site is optimized with the Yoast SEO plugin v27.2 - https:\/\/yoast.com\/product\/yoast-seo-wordpress\/ -->\n<title>Reggio: presentato studio Ance sulla Rigenerazione urbana<\/title>\n<meta name=\"description\" content=\"Studio &quot;ReKap&quot; \u00e8 frutto d&#039;un trasferimento tecnologico tra AbitaLab, Mediterranea, su rigenerazione urbana e strategie adattamento climatico.\" \/>\n<meta name=\"robots\" content=\"index, follow, max-snippet:-1, max-image-preview:large, max-video-preview:-1\" \/>\n<link rel=\"canonical\" href=\"https:\/\/progettotouring.it\/radiotouring104\/2024\/07\/23\/reggio-presentato-studio-ance-sulla-rigenerazione-urbana\/\" \/>\n<meta property=\"og:locale\" content=\"it_IT\" \/>\n<meta property=\"og:type\" content=\"article\" \/>\n<meta property=\"og:title\" content=\"Reggio: presentato studio Ance sulla Rigenerazione urbana\" \/>\n<meta property=\"og:description\" content=\"Studio &quot;ReKap&quot; \u00e8 frutto d&#039;un trasferimento tecnologico tra AbitaLab, Mediterranea, su rigenerazione urbana e strategie adattamento climatico.\" \/>\n<meta property=\"og:url\" content=\"https:\/\/progettotouring.it\/radiotouring104\/2024\/07\/23\/reggio-presentato-studio-ance-sulla-rigenerazione-urbana\/\" \/>\n<meta property=\"og:site_name\" content=\"Radio Touring 104\" \/>\n<meta property=\"article:published_time\" content=\"2024-07-23T07:56:11+00:00\" \/>\n<meta property=\"article:modified_time\" content=\"2024-07-23T08:05:41+00:00\" \/>\n<meta property=\"og:image\" content=\"https:\/\/progettotouring.it\/radiotouring104\/wp-content\/uploads\/sites\/6\/2024\/07\/Convegnoo-Ance-rigenerazione-urbana.jpeg\" \/>\n\t<meta property=\"og:image:width\" content=\"1600\" \/>\n\t<meta property=\"og:image:height\" content=\"900\" \/>\n\t<meta property=\"og:image:type\" content=\"image\/jpeg\" \/>\n<meta name=\"author\" content=\"Sebastiano Plutino\" \/>\n<meta name=\"twitter:card\" content=\"summary_large_image\" \/>\n<meta name=\"twitter:label1\" content=\"Scritto da\" \/>\n\t<meta name=\"twitter:data1\" content=\"Sebastiano Plutino\" \/>\n\t<meta name=\"twitter:label2\" content=\"Tempo di lettura stimato\" \/>\n\t<meta name=\"twitter:data2\" content=\"4 minuti\" \/>\n<script type=\"application\/ld+json\" class=\"yoast-schema-graph\">{\"@context\":\"https:\/\/schema.org\",\"@graph\":[{\"@type\":\"Article\",\"@id\":\"https:\/\/progettotouring.it\/radiotouring104\/2024\/07\/23\/reggio-presentato-studio-ance-sulla-rigenerazione-urbana\/#article\",\"isPartOf\":{\"@id\":\"https:\/\/progettotouring.it\/radiotouring104\/2024\/07\/23\/reggio-presentato-studio-ance-sulla-rigenerazione-urbana\/\"},\"author\":{\"name\":\"Sebastiano Plutino\",\"@id\":\"https:\/\/progettotouring.it\/radiotouring104\/#\/schema\/person\/78613917f1851f041f7483f5af1d422e\"},\"headline\":\"Reggio: presentato studio Ance sulla Rigenerazione urbana\",\"datePublished\":\"2024-07-23T07:56:11+00:00\",\"dateModified\":\"2024-07-23T08:05:41+00:00\",\"mainEntityOfPage\":{\"@id\":\"https:\/\/progettotouring.it\/radiotouring104\/2024\/07\/23\/reggio-presentato-studio-ance-sulla-rigenerazione-urbana\/\"},\"wordCount\":745,\"publisher\":{\"@id\":\"https:\/\/progettotouring.it\/radiotouring104\/#organization\"},\"image\":{\"@id\":\"https:\/\/progettotouring.it\/radiotouring104\/2024\/07\/23\/reggio-presentato-studio-ance-sulla-rigenerazione-urbana\/#primaryimage\"},\"thumbnailUrl\":\"https:\/\/progettotouring.it\/radiotouring104\/wp-content\/uploads\/sites\/6\/2024\/07\/Convegnoo-Ance-rigenerazione-urbana.jpeg\",\"keywords\":[\"ANCE Reggio Calabria\",\"Consuelo Nava\",\"Domenico Vecchio\",\"rigenerazione urbana\"],\"articleSection\":[\"Home\",\"News\",\"Reggio Calabria\"],\"inLanguage\":\"it-IT\"},{\"@type\":\"WebPage\",\"@id\":\"https:\/\/progettotouring.it\/radiotouring104\/2024\/07\/23\/reggio-presentato-studio-ance-sulla-rigenerazione-urbana\/\",\"url\":\"https:\/\/progettotouring.it\/radiotouring104\/2024\/07\/23\/reggio-presentato-studio-ance-sulla-rigenerazione-urbana\/\",\"name\":\"Reggio: presentato studio Ance sulla Rigenerazione urbana\",\"isPartOf\":{\"@id\":\"https:\/\/progettotouring.it\/radiotouring104\/#website\"},\"primaryImageOfPage\":{\"@id\":\"https:\/\/progettotouring.it\/radiotouring104\/2024\/07\/23\/reggio-presentato-studio-ance-sulla-rigenerazione-urbana\/#primaryimage\"},\"image\":{\"@id\":\"https:\/\/progettotouring.it\/radiotouring104\/2024\/07\/23\/reggio-presentato-studio-ance-sulla-rigenerazione-urbana\/#primaryimage\"},\"thumbnailUrl\":\"https:\/\/progettotouring.it\/radiotouring104\/wp-content\/uploads\/sites\/6\/2024\/07\/Convegnoo-Ance-rigenerazione-urbana.jpeg\",\"datePublished\":\"2024-07-23T07:56:11+00:00\",\"dateModified\":\"2024-07-23T08:05:41+00:00\",\"description\":\"Studio \\\"ReKap\\\" \u00e8 frutto d'un trasferimento tecnologico tra AbitaLab, Mediterranea, su rigenerazione urbana e strategie adattamento climatico.\",\"breadcrumb\":{\"@id\":\"https:\/\/progettotouring.it\/radiotouring104\/2024\/07\/23\/reggio-presentato-studio-ance-sulla-rigenerazione-urbana\/#breadcrumb\"},\"inLanguage\":\"it-IT\",\"potentialAction\":[{\"@type\":\"ReadAction\",\"target\":[\"https:\/\/progettotouring.it\/radiotouring104\/2024\/07\/23\/reggio-presentato-studio-ance-sulla-rigenerazione-urbana\/\"]}]},{\"@type\":\"ImageObject\",\"inLanguage\":\"it-IT\",\"@id\":\"https:\/\/progettotouring.it\/radiotouring104\/2024\/07\/23\/reggio-presentato-studio-ance-sulla-rigenerazione-urbana\/#primaryimage\",\"url\":\"https:\/\/progettotouring.it\/radiotouring104\/wp-content\/uploads\/sites\/6\/2024\/07\/Convegnoo-Ance-rigenerazione-urbana.jpeg\",\"contentUrl\":\"https:\/\/progettotouring.it\/radiotouring104\/wp-content\/uploads\/sites\/6\/2024\/07\/Convegnoo-Ance-rigenerazione-urbana.jpeg\",\"width\":1600,\"height\":900},{\"@type\":\"BreadcrumbList\",\"@id\":\"https:\/\/progettotouring.it\/radiotouring104\/2024\/07\/23\/reggio-presentato-studio-ance-sulla-rigenerazione-urbana\/#breadcrumb\",\"itemListElement\":[{\"@type\":\"ListItem\",\"position\":1,\"name\":\"Home\",\"item\":\"https:\/\/progettotouring.it\/radiotouring104\/\"},{\"@type\":\"ListItem\",\"position\":2,\"name\":\"Reggio: presentato studio Ance sulla Rigenerazione urbana\"}]},{\"@type\":\"WebSite\",\"@id\":\"https:\/\/progettotouring.it\/radiotouring104\/#website\",\"url\":\"https:\/\/progettotouring.it\/radiotouring104\/\",\"name\":\"Radio Touring 104\",\"description\":\"La prima radio Reggina\",\"publisher\":{\"@id\":\"https:\/\/progettotouring.it\/radiotouring104\/#organization\"},\"potentialAction\":[{\"@type\":\"SearchAction\",\"target\":{\"@type\":\"EntryPoint\",\"urlTemplate\":\"https:\/\/progettotouring.it\/radiotouring104\/?s={search_term_string}\"},\"query-input\":{\"@type\":\"PropertyValueSpecification\",\"valueRequired\":true,\"valueName\":\"search_term_string\"}}],\"inLanguage\":\"it-IT\"},{\"@type\":\"Organization\",\"@id\":\"https:\/\/progettotouring.it\/radiotouring104\/#organization\",\"name\":\"Radio Touring 104\",\"url\":\"https:\/\/progettotouring.it\/radiotouring104\/\",\"logo\":{\"@type\":\"ImageObject\",\"inLanguage\":\"it-IT\",\"@id\":\"https:\/\/progettotouring.it\/radiotouring104\/#\/schema\/logo\/image\/\",\"url\":\"https:\/\/progettotouring.it\/radiotouring104\/wp-content\/uploads\/sites\/6\/2022\/02\/cropped-logo-radio-touring-104.png\",\"contentUrl\":\"https:\/\/progettotouring.it\/radiotouring104\/wp-content\/uploads\/sites\/6\/2022\/02\/cropped-logo-radio-touring-104.png\",\"width\":377,\"height\":182,\"caption\":\"Radio Touring 104\"},\"image\":{\"@id\":\"https:\/\/progettotouring.it\/radiotouring104\/#\/schema\/logo\/image\/\"}},{\"@type\":\"Person\",\"@id\":\"https:\/\/progettotouring.it\/radiotouring104\/#\/schema\/person\/78613917f1851f041f7483f5af1d422e\",\"name\":\"Sebastiano Plutino\",\"image\":{\"@type\":\"ImageObject\",\"inLanguage\":\"it-IT\",\"@id\":\"https:\/\/secure.gravatar.com\/avatar\/0546ffaa9b79224faf9f2a156b67a529ae861d3287c66c1d8ccfdf909bcba78d?s=96&d=mm&r=g\",\"url\":\"https:\/\/secure.gravatar.com\/avatar\/0546ffaa9b79224faf9f2a156b67a529ae861d3287c66c1d8ccfdf909bcba78d?s=96&d=mm&r=g\",\"contentUrl\":\"https:\/\/secure.gravatar.com\/avatar\/0546ffaa9b79224faf9f2a156b67a529ae861d3287c66c1d8ccfdf909bcba78d?s=96&d=mm&r=g\",\"caption\":\"Sebastiano Plutino\"},\"url\":\"https:\/\/progettotouring.it\/radiotouring104\/author\/sebastiano\/\"}]}<\/script>\n<!-- \/ Yoast SEO plugin. -->","yoast_head_json":{"title":"Reggio: presentato studio Ance sulla Rigenerazione urbana","description":"Studio \"ReKap\" \u00e8 frutto d'un trasferimento tecnologico tra AbitaLab, Mediterranea, su rigenerazione urbana e strategie adattamento climatico.","robots":{"index":"index","follow":"follow","max-snippet":"max-snippet:-1","max-image-preview":"max-image-preview:large","max-video-preview":"max-video-preview:-1"},"canonical":"https:\/\/progettotouring.it\/radiotouring104\/2024\/07\/23\/reggio-presentato-studio-ance-sulla-rigenerazione-urbana\/","og_locale":"it_IT","og_type":"article","og_title":"Reggio: presentato studio Ance sulla Rigenerazione urbana","og_description":"Studio \"ReKap\" \u00e8 frutto d'un trasferimento tecnologico tra AbitaLab, Mediterranea, su rigenerazione urbana e strategie adattamento climatico.","og_url":"https:\/\/progettotouring.it\/radiotouring104\/2024\/07\/23\/reggio-presentato-studio-ance-sulla-rigenerazione-urbana\/","og_site_name":"Radio Touring 104","article_published_time":"2024-07-23T07:56:11+00:00","article_modified_time":"2024-07-23T08:05:41+00:00","og_image":[{"width":1600,"height":900,"url":"https:\/\/progettotouring.it\/radiotouring104\/wp-content\/uploads\/sites\/6\/2024\/07\/Convegnoo-Ance-rigenerazione-urbana.jpeg","type":"image\/jpeg"}],"author":"Sebastiano Plutino","twitter_card":"summary_large_image","twitter_misc":{"Scritto da":"Sebastiano Plutino","Tempo di lettura stimato":"4 minuti"},"schema":{"@context":"https:\/\/schema.org","@graph":[{"@type":"Article","@id":"https:\/\/progettotouring.it\/radiotouring104\/2024\/07\/23\/reggio-presentato-studio-ance-sulla-rigenerazione-urbana\/#article","isPartOf":{"@id":"https:\/\/progettotouring.it\/radiotouring104\/2024\/07\/23\/reggio-presentato-studio-ance-sulla-rigenerazione-urbana\/"},"author":{"name":"Sebastiano Plutino","@id":"https:\/\/progettotouring.it\/radiotouring104\/#\/schema\/person\/78613917f1851f041f7483f5af1d422e"},"headline":"Reggio: presentato studio Ance sulla Rigenerazione urbana","datePublished":"2024-07-23T07:56:11+00:00","dateModified":"2024-07-23T08:05:41+00:00","mainEntityOfPage":{"@id":"https:\/\/progettotouring.it\/radiotouring104\/2024\/07\/23\/reggio-presentato-studio-ance-sulla-rigenerazione-urbana\/"},"wordCount":745,"publisher":{"@id":"https:\/\/progettotouring.it\/radiotouring104\/#organization"},"image":{"@id":"https:\/\/progettotouring.it\/radiotouring104\/2024\/07\/23\/reggio-presentato-studio-ance-sulla-rigenerazione-urbana\/#primaryimage"},"thumbnailUrl":"https:\/\/progettotouring.it\/radiotouring104\/wp-content\/uploads\/sites\/6\/2024\/07\/Convegnoo-Ance-rigenerazione-urbana.jpeg","keywords":["ANCE Reggio Calabria","Consuelo Nava","Domenico Vecchio","rigenerazione urbana"],"articleSection":["Home","News","Reggio Calabria"],"inLanguage":"it-IT"},{"@type":"WebPage","@id":"https:\/\/progettotouring.it\/radiotouring104\/2024\/07\/23\/reggio-presentato-studio-ance-sulla-rigenerazione-urbana\/","url":"https:\/\/progettotouring.it\/radiotouring104\/2024\/07\/23\/reggio-presentato-studio-ance-sulla-rigenerazione-urbana\/","name":"Reggio: presentato studio Ance sulla Rigenerazione urbana","isPartOf":{"@id":"https:\/\/progettotouring.it\/radiotouring104\/#website"},"primaryImageOfPage":{"@id":"https:\/\/progettotouring.it\/radiotouring104\/2024\/07\/23\/reggio-presentato-studio-ance-sulla-rigenerazione-urbana\/#primaryimage"},"image":{"@id":"https:\/\/progettotouring.it\/radiotouring104\/2024\/07\/23\/reggio-presentato-studio-ance-sulla-rigenerazione-urbana\/#primaryimage"},"thumbnailUrl":"https:\/\/progettotouring.it\/radiotouring104\/wp-content\/uploads\/sites\/6\/2024\/07\/Convegnoo-Ance-rigenerazione-urbana.jpeg","datePublished":"2024-07-23T07:56:11+00:00","dateModified":"2024-07-23T08:05:41+00:00","description":"Studio \"ReKap\" \u00e8 frutto d'un trasferimento tecnologico tra AbitaLab, Mediterranea, su rigenerazione urbana e strategie adattamento climatico.","breadcrumb":{"@id":"https:\/\/progettotouring.it\/radiotouring104\/2024\/07\/23\/reggio-presentato-studio-ance-sulla-rigenerazione-urbana\/#breadcrumb"},"inLanguage":"it-IT","potentialAction":[{"@type":"ReadAction","target":["https:\/\/progettotouring.it\/radiotouring104\/2024\/07\/23\/reggio-presentato-studio-ance-sulla-rigenerazione-urbana\/"]}]},{"@type":"ImageObject","inLanguage":"it-IT","@id":"https:\/\/progettotouring.it\/radiotouring104\/2024\/07\/23\/reggio-presentato-studio-ance-sulla-rigenerazione-urbana\/#primaryimage","url":"https:\/\/progettotouring.it\/radiotouring104\/wp-content\/uploads\/sites\/6\/2024\/07\/Convegnoo-Ance-rigenerazione-urbana.jpeg","contentUrl":"https:\/\/progettotouring.it\/radiotouring104\/wp-content\/uploads\/sites\/6\/2024\/07\/Convegnoo-Ance-rigenerazione-urbana.jpeg","width":1600,"height":900},{"@type":"BreadcrumbList","@id":"https:\/\/progettotouring.it\/radiotouring104\/2024\/07\/23\/reggio-presentato-studio-ance-sulla-rigenerazione-urbana\/#breadcrumb","itemListElement":[{"@type":"ListItem","position":1,"name":"Home","item":"https:\/\/progettotouring.it\/radiotouring104\/"},{"@type":"ListItem","position":2,"name":"Reggio: presentato studio Ance sulla Rigenerazione urbana"}]},{"@type":"WebSite","@id":"https:\/\/progettotouring.it\/radiotouring104\/#website","url":"https:\/\/progettotouring.it\/radiotouring104\/","name":"Radio Touring 104","description":"La prima radio Reggina","publisher":{"@id":"https:\/\/progettotouring.it\/radiotouring104\/#organization"},"potentialAction":[{"@type":"SearchAction","target":{"@type":"EntryPoint","urlTemplate":"https:\/\/progettotouring.it\/radiotouring104\/?s={search_term_string}"},"query-input":{"@type":"PropertyValueSpecification","valueRequired":true,"valueName":"search_term_string"}}],"inLanguage":"it-IT"},{"@type":"Organization","@id":"https:\/\/progettotouring.it\/radiotouring104\/#organization","name":"Radio Touring 104","url":"https:\/\/progettotouring.it\/radiotouring104\/","logo":{"@type":"ImageObject","inLanguage":"it-IT","@id":"https:\/\/progettotouring.it\/radiotouring104\/#\/schema\/logo\/image\/","url":"https:\/\/progettotouring.it\/radiotouring104\/wp-content\/uploads\/sites\/6\/2022\/02\/cropped-logo-radio-touring-104.png","contentUrl":"https:\/\/progettotouring.it\/radiotouring104\/wp-content\/uploads\/sites\/6\/2022\/02\/cropped-logo-radio-touring-104.png","width":377,"height":182,"caption":"Radio Touring 104"},"image":{"@id":"https:\/\/progettotouring.it\/radiotouring104\/#\/schema\/logo\/image\/"}},{"@type":"Person","@id":"https:\/\/progettotouring.it\/radiotouring104\/#\/schema\/person\/78613917f1851f041f7483f5af1d422e","name":"Sebastiano Plutino","image":{"@type":"ImageObject","inLanguage":"it-IT","@id":"https:\/\/secure.gravatar.com\/avatar\/0546ffaa9b79224faf9f2a156b67a529ae861d3287c66c1d8ccfdf909bcba78d?s=96&d=mm&r=g","url":"https:\/\/secure.gravatar.com\/avatar\/0546ffaa9b79224faf9f2a156b67a529ae861d3287c66c1d8ccfdf909bcba78d?s=96&d=mm&r=g","contentUrl":"https:\/\/secure.gravatar.com\/avatar\/0546ffaa9b79224faf9f2a156b67a529ae861d3287c66c1d8ccfdf909bcba78d?s=96&d=mm&r=g","caption":"Sebastiano Plutino"},"url":"https:\/\/progettotouring.it\/radiotouring104\/author\/sebastiano\/"}]}},"jetpack_publicize_connections":[],"jetpack_featured_media_url":"https:\/\/progettotouring.it\/radiotouring104\/wp-content\/uploads\/sites\/6\/2024\/07\/Convegnoo-Ance-rigenerazione-urbana.jpeg","jetpack_sharing_enabled":true,"_links":{"self":[{"href":"https:\/\/progettotouring.it\/radiotouring104\/wp-json\/wp\/v2\/posts\/55573","targetHints":{"allow":["GET"]}}],"collection":[{"href":"https:\/\/progettotouring.it\/radiotouring104\/wp-json\/wp\/v2\/posts"}],"about":[{"href":"https:\/\/progettotouring.it\/radiotouring104\/wp-json\/wp\/v2\/types\/post"}],"author":[{"embeddable":true,"href":"https:\/\/progettotouring.it\/radiotouring104\/wp-json\/wp\/v2\/users\/12"}],"replies":[{"embeddable":true,"href":"https:\/\/progettotouring.it\/radiotouring104\/wp-json\/wp\/v2\/comments?post=55573"}],"version-history":[{"count":4,"href":"https:\/\/progettotouring.it\/radiotouring104\/wp-json\/wp\/v2\/posts\/55573\/revisions"}],"predecessor-version":[{"id":55578,"href":"https:\/\/progettotouring.it\/radiotouring104\/wp-json\/wp\/v2\/posts\/55573\/revisions\/55578"}],"wp:featuredmedia":[{"embeddable":true,"href":"https:\/\/progettotouring.it\/radiotouring104\/wp-json\/wp\/v2\/media\/55577"}],"wp:attachment":[{"href":"https:\/\/progettotouring.it\/radiotouring104\/wp-json\/wp\/v2\/media?parent=55573"}],"wp:term":[{"taxonomy":"category","embeddable":true,"href":"https:\/\/progettotouring.it\/radiotouring104\/wp-json\/wp\/v2\/categories?post=55573"},{"taxonomy":"post_tag","embeddable":true,"href":"https:\/\/progettotouring.it\/radiotouring104\/wp-json\/wp\/v2\/tags?post=55573"}],"curies":[{"name":"wp","href":"https:\/\/api.w.org\/{rel}","templated":true}]}}