{"id":55579,"date":"2024-07-23T10:16:40","date_gmt":"2024-07-23T08:16:40","guid":{"rendered":"https:\/\/progettotouring.it\/radiotouring104\/?p=55579"},"modified":"2024-07-23T10:17:03","modified_gmt":"2024-07-23T08:17:03","slug":"salvini-con-ponte-stretto-metropolitana-tra-sicilia-e-calabria","status":"publish","type":"post","link":"https:\/\/progettotouring.it\/radiotouring104\/2024\/07\/23\/salvini-con-ponte-stretto-metropolitana-tra-sicilia-e-calabria\/","title":{"rendered":"Salvini: &#8220;Con Ponte stretto metropolitana tra Sicilia e Calabria&#8221;"},"content":{"rendered":"<p style=\"text-align: justify\"><em>&#8220;E&#8217; un bellissimo luned\u00ec, caldo ma bello, perch\u00e9 inauguriamo due nuove fermate della metropolitana a Catania, a servizio di un ospedale e di un quartiere popolare. E&#8217; soltanto l&#8217;inizio di un percorso che porter\u00e0 a citt\u00e0 e alla sua provincia ad avere una delle metropolitane pi\u00f9 estese d&#8217;Italia&#8221;,<\/em><strong> ha dichiarato il\u00a0vicepremier<\/strong> e ministro delle Infrastrutture e Trasporti, <strong>Matteo Salvini,<\/strong> <strong>all&#8217;inaugurazione a Catania di due nuove fermate della metropolitana,<\/strong> Fontana e Monte Po,<strong> gestita dalla Ferrovia circum etnea.<\/strong><\/p>\n<p style=\"text-align: justify\"><em>&#8220;E&#8217; uno dei tanti lavori e cantieri che sto seguendo da ministro<\/em> &#8211;<strong> ha aggiunto <\/strong><em><strong>&#8211;<\/strong> con quasi cento miliardi di euro per strade, autostrade e ferrovia in Sicilia e Calabria e quindi sono contento perch\u00e9 stiamo recuperando anni e anni di dimenticanze.<\/em><\/p>\n<p style=\"text-align: justify\"><em>Il Ponte sullo stretto porter\u00e0 a una grande rete metropolitana che unir\u00e0 Sicilia e Calabria, con nuove fermate anche a Messina. Stiamo correndo per restituire a siciliani e calabresi quel diritto alla mobilit\u00e0 e al lavoro che negli anni passati non hanno avuto&#8221;, <\/em><strong>ha concluso Salvini.<\/strong><\/p>\n","protected":false},"excerpt":{"rendered":"<p>&#8220;E&#8217; un bellissimo luned\u00ec, caldo ma bello, perch\u00e9 inauguriamo due nuove fermate della metropolitana a Catania, a servizio di un ospedale e di un quartiere popolare. E&#8217; soltanto l&#8217;inizio di&hellip;<\/p>\n","protected":false},"author":12,"featured_media":29614,"comment_status":"closed","ping_status":"open","sticky":false,"template":"","format":"standard","meta":{"_jetpack_memberships_contains_paid_content":false,"footnotes":"","jetpack_publicize_message":"","jetpack_publicize_feature_enabled":true,"jetpack_social_post_already_shared":false,"jetpack_social_options":{"image_generator_settings":{"template":"highway","default_image_id":0,"font":"","enabled":false},"version":2}},"categories":[921,196,140],"tags":[34114,3953,5738,34115],"class_list":["post-55579","post","type-post","status-publish","format-standard","has-post-thumbnail","hentry","category-home","category-news","category-reggio-calabria","tag-inaugurazione-delle-2-nuove-fermate-a-catania","tag-matteo-salvini","tag-ponte-stretto","tag-ponte-stretto-metropolitana-tra-sicilia-e-calabria"],"yoast_head":"<!-- This site is optimized with the Yoast SEO plugin v27.2 - https:\/\/yoast.com\/product\/yoast-seo-wordpress\/ -->\n<title>Salvini: &quot;Con Ponte stretto metropolitana tra Sicilia e Calabria&quot;<\/title>\n<meta name=\"description\" content=\"Il Ministro Salvini ha partecipato all&#039;Inaugurazione delle 2 nuove fermate a Catania, previste anche a Messina\" \/>\n<meta name=\"robots\" content=\"index, follow, max-snippet:-1, max-image-preview:large, max-video-preview:-1\" \/>\n<link rel=\"canonical\" href=\"https:\/\/progettotouring.it\/radiotouring104\/2024\/07\/23\/salvini-con-ponte-stretto-metropolitana-tra-sicilia-e-calabria\/\" \/>\n<meta property=\"og:locale\" content=\"it_IT\" \/>\n<meta property=\"og:type\" content=\"article\" \/>\n<meta property=\"og:title\" content=\"Salvini: &quot;Con Ponte stretto metropolitana tra Sicilia e Calabria&quot;\" \/>\n<meta property=\"og:description\" content=\"Il Ministro Salvini ha partecipato all&#039;Inaugurazione delle 2 nuove fermate a Catania, previste anche a Messina\" \/>\n<meta property=\"og:url\" content=\"https:\/\/progettotouring.it\/radiotouring104\/2024\/07\/23\/salvini-con-ponte-stretto-metropolitana-tra-sicilia-e-calabria\/\" \/>\n<meta property=\"og:site_name\" content=\"Radio Touring 104\" \/>\n<meta property=\"article:published_time\" content=\"2024-07-23T08:16:40+00:00\" \/>\n<meta property=\"article:modified_time\" content=\"2024-07-23T08:17:03+00:00\" \/>\n<meta property=\"og:image\" content=\"https:\/\/progettotouring.it\/radiotouring104\/wp-content\/uploads\/sites\/6\/2023\/07\/Ponte-sullo-Stretto.jpg\" \/>\n\t<meta property=\"og:image:width\" content=\"720\" \/>\n\t<meta property=\"og:image:height\" content=\"405\" \/>\n\t<meta property=\"og:image:type\" content=\"image\/jpeg\" \/>\n<meta name=\"author\" content=\"Sebastiano Plutino\" \/>\n<meta name=\"twitter:card\" content=\"summary_large_image\" \/>\n<meta name=\"twitter:label1\" content=\"Scritto da\" \/>\n\t<meta name=\"twitter:data1\" content=\"Sebastiano Plutino\" \/>\n\t<meta name=\"twitter:label2\" content=\"Tempo di lettura stimato\" \/>\n\t<meta name=\"twitter:data2\" content=\"1 minuto\" \/>\n<script type=\"application\/ld+json\" class=\"yoast-schema-graph\">{\"@context\":\"https:\/\/schema.org\",\"@graph\":[{\"@type\":\"Article\",\"@id\":\"https:\/\/progettotouring.it\/radiotouring104\/2024\/07\/23\/salvini-con-ponte-stretto-metropolitana-tra-sicilia-e-calabria\/#article\",\"isPartOf\":{\"@id\":\"https:\/\/progettotouring.it\/radiotouring104\/2024\/07\/23\/salvini-con-ponte-stretto-metropolitana-tra-sicilia-e-calabria\/\"},\"author\":{\"name\":\"Sebastiano Plutino\",\"@id\":\"https:\/\/progettotouring.it\/radiotouring104\/#\/schema\/person\/78613917f1851f041f7483f5af1d422e\"},\"headline\":\"Salvini: &#8220;Con Ponte stretto metropolitana tra Sicilia e Calabria&#8221;\",\"datePublished\":\"2024-07-23T08:16:40+00:00\",\"dateModified\":\"2024-07-23T08:17:03+00:00\",\"mainEntityOfPage\":{\"@id\":\"https:\/\/progettotouring.it\/radiotouring104\/2024\/07\/23\/salvini-con-ponte-stretto-metropolitana-tra-sicilia-e-calabria\/\"},\"wordCount\":176,\"publisher\":{\"@id\":\"https:\/\/progettotouring.it\/radiotouring104\/#organization\"},\"image\":{\"@id\":\"https:\/\/progettotouring.it\/radiotouring104\/2024\/07\/23\/salvini-con-ponte-stretto-metropolitana-tra-sicilia-e-calabria\/#primaryimage\"},\"thumbnailUrl\":\"https:\/\/progettotouring.it\/radiotouring104\/wp-content\/uploads\/sites\/6\/2023\/07\/Ponte-sullo-Stretto.jpg\",\"keywords\":[\"'Inaugurazione delle 2 nuove fermate a Catania\",\"Matteo Salvini\",\"ponte stretto\",\"Ponte stretto metropolitana tra Sicilia e Calabria\"],\"articleSection\":[\"Home\",\"News\",\"Reggio Calabria\"],\"inLanguage\":\"it-IT\"},{\"@type\":\"WebPage\",\"@id\":\"https:\/\/progettotouring.it\/radiotouring104\/2024\/07\/23\/salvini-con-ponte-stretto-metropolitana-tra-sicilia-e-calabria\/\",\"url\":\"https:\/\/progettotouring.it\/radiotouring104\/2024\/07\/23\/salvini-con-ponte-stretto-metropolitana-tra-sicilia-e-calabria\/\",\"name\":\"Salvini: \\\"Con Ponte stretto metropolitana tra Sicilia e Calabria\\\"\",\"isPartOf\":{\"@id\":\"https:\/\/progettotouring.it\/radiotouring104\/#website\"},\"primaryImageOfPage\":{\"@id\":\"https:\/\/progettotouring.it\/radiotouring104\/2024\/07\/23\/salvini-con-ponte-stretto-metropolitana-tra-sicilia-e-calabria\/#primaryimage\"},\"image\":{\"@id\":\"https:\/\/progettotouring.it\/radiotouring104\/2024\/07\/23\/salvini-con-ponte-stretto-metropolitana-tra-sicilia-e-calabria\/#primaryimage\"},\"thumbnailUrl\":\"https:\/\/progettotouring.it\/radiotouring104\/wp-content\/uploads\/sites\/6\/2023\/07\/Ponte-sullo-Stretto.jpg\",\"datePublished\":\"2024-07-23T08:16:40+00:00\",\"dateModified\":\"2024-07-23T08:17:03+00:00\",\"description\":\"Il Ministro Salvini ha partecipato all'Inaugurazione delle 2 nuove fermate a Catania, previste anche a Messina\",\"breadcrumb\":{\"@id\":\"https:\/\/progettotouring.it\/radiotouring104\/2024\/07\/23\/salvini-con-ponte-stretto-metropolitana-tra-sicilia-e-calabria\/#breadcrumb\"},\"inLanguage\":\"it-IT\",\"potentialAction\":[{\"@type\":\"ReadAction\",\"target\":[\"https:\/\/progettotouring.it\/radiotouring104\/2024\/07\/23\/salvini-con-ponte-stretto-metropolitana-tra-sicilia-e-calabria\/\"]}]},{\"@type\":\"ImageObject\",\"inLanguage\":\"it-IT\",\"@id\":\"https:\/\/progettotouring.it\/radiotouring104\/2024\/07\/23\/salvini-con-ponte-stretto-metropolitana-tra-sicilia-e-calabria\/#primaryimage\",\"url\":\"https:\/\/progettotouring.it\/radiotouring104\/wp-content\/uploads\/sites\/6\/2023\/07\/Ponte-sullo-Stretto.jpg\",\"contentUrl\":\"https:\/\/progettotouring.it\/radiotouring104\/wp-content\/uploads\/sites\/6\/2023\/07\/Ponte-sullo-Stretto.jpg\",\"width\":720,\"height\":405},{\"@type\":\"BreadcrumbList\",\"@id\":\"https:\/\/progettotouring.it\/radiotouring104\/2024\/07\/23\/salvini-con-ponte-stretto-metropolitana-tra-sicilia-e-calabria\/#breadcrumb\",\"itemListElement\":[{\"@type\":\"ListItem\",\"position\":1,\"name\":\"Home\",\"item\":\"https:\/\/progettotouring.it\/radiotouring104\/\"},{\"@type\":\"ListItem\",\"position\":2,\"name\":\"Salvini: &#8220;Con Ponte stretto metropolitana tra Sicilia e Calabria&#8221;\"}]},{\"@type\":\"WebSite\",\"@id\":\"https:\/\/progettotouring.it\/radiotouring104\/#website\",\"url\":\"https:\/\/progettotouring.it\/radiotouring104\/\",\"name\":\"Radio Touring 104\",\"description\":\"La prima radio Reggina\",\"publisher\":{\"@id\":\"https:\/\/progettotouring.it\/radiotouring104\/#organization\"},\"potentialAction\":[{\"@type\":\"SearchAction\",\"target\":{\"@type\":\"EntryPoint\",\"urlTemplate\":\"https:\/\/progettotouring.it\/radiotouring104\/?s={search_term_string}\"},\"query-input\":{\"@type\":\"PropertyValueSpecification\",\"valueRequired\":true,\"valueName\":\"search_term_string\"}}],\"inLanguage\":\"it-IT\"},{\"@type\":\"Organization\",\"@id\":\"https:\/\/progettotouring.it\/radiotouring104\/#organization\",\"name\":\"Radio Touring 104\",\"url\":\"https:\/\/progettotouring.it\/radiotouring104\/\",\"logo\":{\"@type\":\"ImageObject\",\"inLanguage\":\"it-IT\",\"@id\":\"https:\/\/progettotouring.it\/radiotouring104\/#\/schema\/logo\/image\/\",\"url\":\"https:\/\/progettotouring.it\/radiotouring104\/wp-content\/uploads\/sites\/6\/2022\/02\/cropped-logo-radio-touring-104.png\",\"contentUrl\":\"https:\/\/progettotouring.it\/radiotouring104\/wp-content\/uploads\/sites\/6\/2022\/02\/cropped-logo-radio-touring-104.png\",\"width\":377,\"height\":182,\"caption\":\"Radio Touring 104\"},\"image\":{\"@id\":\"https:\/\/progettotouring.it\/radiotouring104\/#\/schema\/logo\/image\/\"}},{\"@type\":\"Person\",\"@id\":\"https:\/\/progettotouring.it\/radiotouring104\/#\/schema\/person\/78613917f1851f041f7483f5af1d422e\",\"name\":\"Sebastiano Plutino\",\"image\":{\"@type\":\"ImageObject\",\"inLanguage\":\"it-IT\",\"@id\":\"https:\/\/secure.gravatar.com\/avatar\/0546ffaa9b79224faf9f2a156b67a529ae861d3287c66c1d8ccfdf909bcba78d?s=96&d=mm&r=g\",\"url\":\"https:\/\/secure.gravatar.com\/avatar\/0546ffaa9b79224faf9f2a156b67a529ae861d3287c66c1d8ccfdf909bcba78d?s=96&d=mm&r=g\",\"contentUrl\":\"https:\/\/secure.gravatar.com\/avatar\/0546ffaa9b79224faf9f2a156b67a529ae861d3287c66c1d8ccfdf909bcba78d?s=96&d=mm&r=g\",\"caption\":\"Sebastiano Plutino\"},\"url\":\"https:\/\/progettotouring.it\/radiotouring104\/author\/sebastiano\/\"}]}<\/script>\n<!-- \/ Yoast SEO plugin. -->","yoast_head_json":{"title":"Salvini: \"Con Ponte stretto metropolitana tra Sicilia e Calabria\"","description":"Il Ministro Salvini ha partecipato all'Inaugurazione delle 2 nuove fermate a Catania, previste anche a Messina","robots":{"index":"index","follow":"follow","max-snippet":"max-snippet:-1","max-image-preview":"max-image-preview:large","max-video-preview":"max-video-preview:-1"},"canonical":"https:\/\/progettotouring.it\/radiotouring104\/2024\/07\/23\/salvini-con-ponte-stretto-metropolitana-tra-sicilia-e-calabria\/","og_locale":"it_IT","og_type":"article","og_title":"Salvini: \"Con Ponte stretto metropolitana tra Sicilia e Calabria\"","og_description":"Il Ministro Salvini ha partecipato all'Inaugurazione delle 2 nuove fermate a Catania, previste anche a Messina","og_url":"https:\/\/progettotouring.it\/radiotouring104\/2024\/07\/23\/salvini-con-ponte-stretto-metropolitana-tra-sicilia-e-calabria\/","og_site_name":"Radio Touring 104","article_published_time":"2024-07-23T08:16:40+00:00","article_modified_time":"2024-07-23T08:17:03+00:00","og_image":[{"width":720,"height":405,"url":"https:\/\/progettotouring.it\/radiotouring104\/wp-content\/uploads\/sites\/6\/2023\/07\/Ponte-sullo-Stretto.jpg","type":"image\/jpeg"}],"author":"Sebastiano Plutino","twitter_card":"summary_large_image","twitter_misc":{"Scritto da":"Sebastiano Plutino","Tempo di lettura stimato":"1 minuto"},"schema":{"@context":"https:\/\/schema.org","@graph":[{"@type":"Article","@id":"https:\/\/progettotouring.it\/radiotouring104\/2024\/07\/23\/salvini-con-ponte-stretto-metropolitana-tra-sicilia-e-calabria\/#article","isPartOf":{"@id":"https:\/\/progettotouring.it\/radiotouring104\/2024\/07\/23\/salvini-con-ponte-stretto-metropolitana-tra-sicilia-e-calabria\/"},"author":{"name":"Sebastiano Plutino","@id":"https:\/\/progettotouring.it\/radiotouring104\/#\/schema\/person\/78613917f1851f041f7483f5af1d422e"},"headline":"Salvini: &#8220;Con Ponte stretto metropolitana tra Sicilia e Calabria&#8221;","datePublished":"2024-07-23T08:16:40+00:00","dateModified":"2024-07-23T08:17:03+00:00","mainEntityOfPage":{"@id":"https:\/\/progettotouring.it\/radiotouring104\/2024\/07\/23\/salvini-con-ponte-stretto-metropolitana-tra-sicilia-e-calabria\/"},"wordCount":176,"publisher":{"@id":"https:\/\/progettotouring.it\/radiotouring104\/#organization"},"image":{"@id":"https:\/\/progettotouring.it\/radiotouring104\/2024\/07\/23\/salvini-con-ponte-stretto-metropolitana-tra-sicilia-e-calabria\/#primaryimage"},"thumbnailUrl":"https:\/\/progettotouring.it\/radiotouring104\/wp-content\/uploads\/sites\/6\/2023\/07\/Ponte-sullo-Stretto.jpg","keywords":["'Inaugurazione delle 2 nuove fermate a Catania","Matteo Salvini","ponte stretto","Ponte stretto metropolitana tra Sicilia e Calabria"],"articleSection":["Home","News","Reggio Calabria"],"inLanguage":"it-IT"},{"@type":"WebPage","@id":"https:\/\/progettotouring.it\/radiotouring104\/2024\/07\/23\/salvini-con-ponte-stretto-metropolitana-tra-sicilia-e-calabria\/","url":"https:\/\/progettotouring.it\/radiotouring104\/2024\/07\/23\/salvini-con-ponte-stretto-metropolitana-tra-sicilia-e-calabria\/","name":"Salvini: \"Con Ponte stretto metropolitana tra Sicilia e Calabria\"","isPartOf":{"@id":"https:\/\/progettotouring.it\/radiotouring104\/#website"},"primaryImageOfPage":{"@id":"https:\/\/progettotouring.it\/radiotouring104\/2024\/07\/23\/salvini-con-ponte-stretto-metropolitana-tra-sicilia-e-calabria\/#primaryimage"},"image":{"@id":"https:\/\/progettotouring.it\/radiotouring104\/2024\/07\/23\/salvini-con-ponte-stretto-metropolitana-tra-sicilia-e-calabria\/#primaryimage"},"thumbnailUrl":"https:\/\/progettotouring.it\/radiotouring104\/wp-content\/uploads\/sites\/6\/2023\/07\/Ponte-sullo-Stretto.jpg","datePublished":"2024-07-23T08:16:40+00:00","dateModified":"2024-07-23T08:17:03+00:00","description":"Il Ministro Salvini ha partecipato all'Inaugurazione delle 2 nuove fermate a Catania, previste anche a Messina","breadcrumb":{"@id":"https:\/\/progettotouring.it\/radiotouring104\/2024\/07\/23\/salvini-con-ponte-stretto-metropolitana-tra-sicilia-e-calabria\/#breadcrumb"},"inLanguage":"it-IT","potentialAction":[{"@type":"ReadAction","target":["https:\/\/progettotouring.it\/radiotouring104\/2024\/07\/23\/salvini-con-ponte-stretto-metropolitana-tra-sicilia-e-calabria\/"]}]},{"@type":"ImageObject","inLanguage":"it-IT","@id":"https:\/\/progettotouring.it\/radiotouring104\/2024\/07\/23\/salvini-con-ponte-stretto-metropolitana-tra-sicilia-e-calabria\/#primaryimage","url":"https:\/\/progettotouring.it\/radiotouring104\/wp-content\/uploads\/sites\/6\/2023\/07\/Ponte-sullo-Stretto.jpg","contentUrl":"https:\/\/progettotouring.it\/radiotouring104\/wp-content\/uploads\/sites\/6\/2023\/07\/Ponte-sullo-Stretto.jpg","width":720,"height":405},{"@type":"BreadcrumbList","@id":"https:\/\/progettotouring.it\/radiotouring104\/2024\/07\/23\/salvini-con-ponte-stretto-metropolitana-tra-sicilia-e-calabria\/#breadcrumb","itemListElement":[{"@type":"ListItem","position":1,"name":"Home","item":"https:\/\/progettotouring.it\/radiotouring104\/"},{"@type":"ListItem","position":2,"name":"Salvini: &#8220;Con Ponte stretto metropolitana tra Sicilia e Calabria&#8221;"}]},{"@type":"WebSite","@id":"https:\/\/progettotouring.it\/radiotouring104\/#website","url":"https:\/\/progettotouring.it\/radiotouring104\/","name":"Radio Touring 104","description":"La prima radio Reggina","publisher":{"@id":"https:\/\/progettotouring.it\/radiotouring104\/#organization"},"potentialAction":[{"@type":"SearchAction","target":{"@type":"EntryPoint","urlTemplate":"https:\/\/progettotouring.it\/radiotouring104\/?s={search_term_string}"},"query-input":{"@type":"PropertyValueSpecification","valueRequired":true,"valueName":"search_term_string"}}],"inLanguage":"it-IT"},{"@type":"Organization","@id":"https:\/\/progettotouring.it\/radiotouring104\/#organization","name":"Radio Touring 104","url":"https:\/\/progettotouring.it\/radiotouring104\/","logo":{"@type":"ImageObject","inLanguage":"it-IT","@id":"https:\/\/progettotouring.it\/radiotouring104\/#\/schema\/logo\/image\/","url":"https:\/\/progettotouring.it\/radiotouring104\/wp-content\/uploads\/sites\/6\/2022\/02\/cropped-logo-radio-touring-104.png","contentUrl":"https:\/\/progettotouring.it\/radiotouring104\/wp-content\/uploads\/sites\/6\/2022\/02\/cropped-logo-radio-touring-104.png","width":377,"height":182,"caption":"Radio Touring 104"},"image":{"@id":"https:\/\/progettotouring.it\/radiotouring104\/#\/schema\/logo\/image\/"}},{"@type":"Person","@id":"https:\/\/progettotouring.it\/radiotouring104\/#\/schema\/person\/78613917f1851f041f7483f5af1d422e","name":"Sebastiano Plutino","image":{"@type":"ImageObject","inLanguage":"it-IT","@id":"https:\/\/secure.gravatar.com\/avatar\/0546ffaa9b79224faf9f2a156b67a529ae861d3287c66c1d8ccfdf909bcba78d?s=96&d=mm&r=g","url":"https:\/\/secure.gravatar.com\/avatar\/0546ffaa9b79224faf9f2a156b67a529ae861d3287c66c1d8ccfdf909bcba78d?s=96&d=mm&r=g","contentUrl":"https:\/\/secure.gravatar.com\/avatar\/0546ffaa9b79224faf9f2a156b67a529ae861d3287c66c1d8ccfdf909bcba78d?s=96&d=mm&r=g","caption":"Sebastiano Plutino"},"url":"https:\/\/progettotouring.it\/radiotouring104\/author\/sebastiano\/"}]}},"jetpack_publicize_connections":[],"jetpack_featured_media_url":"https:\/\/progettotouring.it\/radiotouring104\/wp-content\/uploads\/sites\/6\/2023\/07\/Ponte-sullo-Stretto.jpg","jetpack_sharing_enabled":true,"_links":{"self":[{"href":"https:\/\/progettotouring.it\/radiotouring104\/wp-json\/wp\/v2\/posts\/55579","targetHints":{"allow":["GET"]}}],"collection":[{"href":"https:\/\/progettotouring.it\/radiotouring104\/wp-json\/wp\/v2\/posts"}],"about":[{"href":"https:\/\/progettotouring.it\/radiotouring104\/wp-json\/wp\/v2\/types\/post"}],"author":[{"embeddable":true,"href":"https:\/\/progettotouring.it\/radiotouring104\/wp-json\/wp\/v2\/users\/12"}],"replies":[{"embeddable":true,"href":"https:\/\/progettotouring.it\/radiotouring104\/wp-json\/wp\/v2\/comments?post=55579"}],"version-history":[{"count":2,"href":"https:\/\/progettotouring.it\/radiotouring104\/wp-json\/wp\/v2\/posts\/55579\/revisions"}],"predecessor-version":[{"id":55581,"href":"https:\/\/progettotouring.it\/radiotouring104\/wp-json\/wp\/v2\/posts\/55579\/revisions\/55581"}],"wp:featuredmedia":[{"embeddable":true,"href":"https:\/\/progettotouring.it\/radiotouring104\/wp-json\/wp\/v2\/media\/29614"}],"wp:attachment":[{"href":"https:\/\/progettotouring.it\/radiotouring104\/wp-json\/wp\/v2\/media?parent=55579"}],"wp:term":[{"taxonomy":"category","embeddable":true,"href":"https:\/\/progettotouring.it\/radiotouring104\/wp-json\/wp\/v2\/categories?post=55579"},{"taxonomy":"post_tag","embeddable":true,"href":"https:\/\/progettotouring.it\/radiotouring104\/wp-json\/wp\/v2\/tags?post=55579"}],"curies":[{"name":"wp","href":"https:\/\/api.w.org\/{rel}","templated":true}]}}