{"id":55596,"date":"2024-07-23T11:02:27","date_gmt":"2024-07-23T09:02:27","guid":{"rendered":"https:\/\/progettotouring.it\/radiotouring104\/?p=55596"},"modified":"2024-07-23T11:02:27","modified_gmt":"2024-07-23T09:02:27","slug":"domotek-volley-ingaggiato-lo-schiacciatore-spagnol","status":"publish","type":"post","link":"https:\/\/progettotouring.it\/radiotouring104\/2024\/07\/23\/domotek-volley-ingaggiato-lo-schiacciatore-spagnol\/","title":{"rendered":"Domotek Volley: ingaggiato lo schiacciatore Spagnol"},"content":{"rendered":"<p style=\"text-align: justify\"><em>&#8220;Una coincidenza felice che la prima in assoluto della Domotek Volley Reggio Calabria in Serie A sia proprio in casa della Avimecc Modica, la squadra in cui ho giocato nello scorso campionato&#8221;.<\/em> Il Fato del sorteggio cos\u00ec ha voluto e<strong> Marco Spagnol, schiacciatore 24enne di 1,98 centimetri che il club amaranto ha ingaggiato per accrescere il reparto offensivo,<\/strong> ha accolto di buon grado il volere della sorte: &#8220;Sar\u00e0 una partita spettacolare in una realt\u00e0 in cui sono stato bene e, quindi, lo considero un fattore stimolante in pi\u00f9 perch\u00e9 vorr\u00f2 lasciare una buona idea di me anche da avversario&#8221;. Gli inizi sotto casa tra la Piave Volley e Volley Treviso: dimostratosi all&#8217;altezza, esame iniziale nella 4Torri Ferrara, in Serie B, passaggio intermedio che ha preceduto lo spostamento a Bologna dove ha raggiunto sul campo la Serie A3. Ancora un giro nel capoluogo felsineo e poi, mantenendosi sullo stesso livello, il viaggio in Piemonte: stagione 2022\/2023 con la Monge Gerbaudo Savigliano fino a vivere la felice esperienza in Sicilia. Unn anno al Sud, ora la seconda esperienza in un club meridionale: le differenze con il girone settentrionale, ammette il giovane veneto Marco, non sono figlie di frasi o di considerazioni superficiali, ma realt\u00e0 fondate su fatti indiscutibili: &#8220;Dopo due tornei nel raggruppamento settentrionale, ho trovato un livello tecnico superiore. L&#8217;aspetto agonistico vale tantissimo anche perch\u00e9 i palazzetti sono davvero bolge piene di tifosi appassionati che fanno sentire sul collo tutto il loro fervore. Ogni partita si trasforma in una battaglia coinvolgente&#8221;. Ad indurlo ad accettare la corte della Domotek Volley Reggio Calabria sono state le mire alte della dirigenza: &#8220;Hanno toccato corde alle quali sono particolarmente sensibile: quelle della sete di successi e del desiderio di alzare l&#8217;asticella. Alimentiamo intenti che seguono la stessa rotta. Ho disputato le ultime stagioni ad un livello soddisfacente ed ora sono a caccia del salto di categoria. Trover\u00f2 un ambiente stimolante: non potevo chiedere di meglio&#8221;. Per spuntarla, Spagnol non si risparmia: &#8220;Ho tanta, tanta carica agonistica. Sono irresistibilmente attratto dalla vittoria e per raggiungerla sono sempre stato disponibile alla fatica, a sgobbare duramente. Giocare nell&#8217;infuocato PalaCalafiore regaler\u00e0 sensazioni difficili da descrivere a parole&#8221;. L\u2019opposto originario di Montebelluna \u00e8 abituato a guardare oltre e, sotto questo punto di vista, gli viene comodo buttare lo sguardo all&#8217;annata sportiva che verr\u00e0: &#8220;La nostra sar\u00e0 una squadra con personalit\u00e0, che straccer\u00e0 gli abiti anonimi, in un torneo estremamente equilibrato ed intrigante ed in cui non ci saranno formazioni materasso&#8221;. Con la testa sulle spalle, Marco Spagnol sa che esiste una vita al di fuori del volley: a novembre chiuder\u00e0 il cerchio degli studi conseguendo la Laurea Magistrale in Scienze Motorie: &#8220;Se necessario, potr\u00f2 sfruttarla, sono affascinato dall&#8217;idea di intraprendere un giorno la carriera di preparatore atletico&#8221;. Doveri che affianca alla passione per lo streetwear: un interesse attraente che coltiva su Tiktok ed Instagram dove vanta un buon numero di followers. Un ragazzo che bada al sodo, un atleta che tira dritto per convertire in realt\u00e0 tangibili i fini che si d\u00e0 quando deve difendere i colori della propria squadra: colori che dal prossimo mese saranno quelli di Reggio Calabria, saranno a dominazione amaranto.<\/p>\n","protected":false},"excerpt":{"rendered":"<p>&#8220;Una coincidenza felice che la prima in assoluto della Domotek Volley Reggio Calabria in Serie A sia proprio in casa della Avimecc Modica, la squadra in cui ho giocato nello&hellip;<\/p>\n","protected":false},"author":12,"featured_media":55597,"comment_status":"closed","ping_status":"open","sticky":false,"template":"","format":"standard","meta":{"_jetpack_memberships_contains_paid_content":false,"footnotes":"","jetpack_publicize_message":"","jetpack_publicize_feature_enabled":true,"jetpack_social_post_already_shared":false,"jetpack_social_options":{"image_generator_settings":{"template":"highway","default_image_id":0,"font":"","enabled":false},"version":2}},"categories":[196,140,144],"tags":[26780,34124,34123,32518],"class_list":["post-55596","post","type-post","status-publish","format-standard","has-post-thumbnail","hentry","category-news","category-reggio-calabria","category-sport","tag-domotek-volley-reggio-calabria","tag-ingaggiato-schiacciatore-24enne","tag-marco-spagnol","tag-serie-a3"],"yoast_head":"<!-- This site is optimized with the Yoast SEO plugin v27.2 - https:\/\/yoast.com\/product\/yoast-seo-wordpress\/ -->\n<title>Domotek Volley: ingaggiato lo schiacciatore Spagnol<\/title>\n<meta name=\"description\" content=\"La Domotel Volley comunica di aver acquisito le prestazioni dello schiacciatore 24enne Marco Spagnol, di 1,98 centimetri che il club amaranto\" \/>\n<meta name=\"robots\" content=\"index, follow, max-snippet:-1, max-image-preview:large, max-video-preview:-1\" \/>\n<link rel=\"canonical\" href=\"https:\/\/progettotouring.it\/radiotouring104\/2024\/07\/23\/domotek-volley-ingaggiato-lo-schiacciatore-spagnol\/\" \/>\n<meta property=\"og:locale\" content=\"it_IT\" \/>\n<meta property=\"og:type\" content=\"article\" \/>\n<meta property=\"og:title\" content=\"Domotek Volley: ingaggiato lo schiacciatore Spagnol\" \/>\n<meta property=\"og:description\" content=\"La Domotel Volley comunica di aver acquisito le prestazioni dello schiacciatore 24enne Marco Spagnol, di 1,98 centimetri che il club amaranto\" \/>\n<meta property=\"og:url\" content=\"https:\/\/progettotouring.it\/radiotouring104\/2024\/07\/23\/domotek-volley-ingaggiato-lo-schiacciatore-spagnol\/\" \/>\n<meta property=\"og:site_name\" content=\"Radio Touring 104\" \/>\n<meta property=\"article:published_time\" content=\"2024-07-23T09:02:27+00:00\" \/>\n<meta property=\"og:image\" content=\"https:\/\/progettotouring.it\/radiotouring104\/wp-content\/uploads\/sites\/6\/2024\/07\/Marco-Spagnol-Domotek.jpg\" \/>\n\t<meta property=\"og:image:width\" content=\"526\" \/>\n\t<meta property=\"og:image:height\" content=\"526\" \/>\n\t<meta property=\"og:image:type\" content=\"image\/jpeg\" \/>\n<meta name=\"author\" content=\"Sebastiano Plutino\" \/>\n<meta name=\"twitter:card\" content=\"summary_large_image\" \/>\n<meta name=\"twitter:label1\" content=\"Scritto da\" \/>\n\t<meta name=\"twitter:data1\" content=\"Sebastiano Plutino\" \/>\n\t<meta name=\"twitter:label2\" content=\"Tempo di lettura stimato\" \/>\n\t<meta name=\"twitter:data2\" content=\"3 minuti\" \/>\n<script type=\"application\/ld+json\" class=\"yoast-schema-graph\">{\"@context\":\"https:\/\/schema.org\",\"@graph\":[{\"@type\":\"Article\",\"@id\":\"https:\/\/progettotouring.it\/radiotouring104\/2024\/07\/23\/domotek-volley-ingaggiato-lo-schiacciatore-spagnol\/#article\",\"isPartOf\":{\"@id\":\"https:\/\/progettotouring.it\/radiotouring104\/2024\/07\/23\/domotek-volley-ingaggiato-lo-schiacciatore-spagnol\/\"},\"author\":{\"name\":\"Sebastiano Plutino\",\"@id\":\"https:\/\/progettotouring.it\/radiotouring104\/#\/schema\/person\/78613917f1851f041f7483f5af1d422e\"},\"headline\":\"Domotek Volley: ingaggiato lo schiacciatore Spagnol\",\"datePublished\":\"2024-07-23T09:02:27+00:00\",\"mainEntityOfPage\":{\"@id\":\"https:\/\/progettotouring.it\/radiotouring104\/2024\/07\/23\/domotek-volley-ingaggiato-lo-schiacciatore-spagnol\/\"},\"wordCount\":529,\"publisher\":{\"@id\":\"https:\/\/progettotouring.it\/radiotouring104\/#organization\"},\"image\":{\"@id\":\"https:\/\/progettotouring.it\/radiotouring104\/2024\/07\/23\/domotek-volley-ingaggiato-lo-schiacciatore-spagnol\/#primaryimage\"},\"thumbnailUrl\":\"https:\/\/progettotouring.it\/radiotouring104\/wp-content\/uploads\/sites\/6\/2024\/07\/Marco-Spagnol-Domotek.jpg\",\"keywords\":[\"Domotek Volley Reggio Calabria\",\"ingaggiato schiacciatore 24enne\",\"Marco Spagnol\",\"serie a3\"],\"articleSection\":[\"News\",\"Reggio Calabria\",\"Sport\"],\"inLanguage\":\"it-IT\"},{\"@type\":\"WebPage\",\"@id\":\"https:\/\/progettotouring.it\/radiotouring104\/2024\/07\/23\/domotek-volley-ingaggiato-lo-schiacciatore-spagnol\/\",\"url\":\"https:\/\/progettotouring.it\/radiotouring104\/2024\/07\/23\/domotek-volley-ingaggiato-lo-schiacciatore-spagnol\/\",\"name\":\"Domotek Volley: ingaggiato lo schiacciatore Spagnol\",\"isPartOf\":{\"@id\":\"https:\/\/progettotouring.it\/radiotouring104\/#website\"},\"primaryImageOfPage\":{\"@id\":\"https:\/\/progettotouring.it\/radiotouring104\/2024\/07\/23\/domotek-volley-ingaggiato-lo-schiacciatore-spagnol\/#primaryimage\"},\"image\":{\"@id\":\"https:\/\/progettotouring.it\/radiotouring104\/2024\/07\/23\/domotek-volley-ingaggiato-lo-schiacciatore-spagnol\/#primaryimage\"},\"thumbnailUrl\":\"https:\/\/progettotouring.it\/radiotouring104\/wp-content\/uploads\/sites\/6\/2024\/07\/Marco-Spagnol-Domotek.jpg\",\"datePublished\":\"2024-07-23T09:02:27+00:00\",\"description\":\"La Domotel Volley comunica di aver acquisito le prestazioni dello schiacciatore 24enne Marco Spagnol, di 1,98 centimetri che il club amaranto\",\"breadcrumb\":{\"@id\":\"https:\/\/progettotouring.it\/radiotouring104\/2024\/07\/23\/domotek-volley-ingaggiato-lo-schiacciatore-spagnol\/#breadcrumb\"},\"inLanguage\":\"it-IT\",\"potentialAction\":[{\"@type\":\"ReadAction\",\"target\":[\"https:\/\/progettotouring.it\/radiotouring104\/2024\/07\/23\/domotek-volley-ingaggiato-lo-schiacciatore-spagnol\/\"]}]},{\"@type\":\"ImageObject\",\"inLanguage\":\"it-IT\",\"@id\":\"https:\/\/progettotouring.it\/radiotouring104\/2024\/07\/23\/domotek-volley-ingaggiato-lo-schiacciatore-spagnol\/#primaryimage\",\"url\":\"https:\/\/progettotouring.it\/radiotouring104\/wp-content\/uploads\/sites\/6\/2024\/07\/Marco-Spagnol-Domotek.jpg\",\"contentUrl\":\"https:\/\/progettotouring.it\/radiotouring104\/wp-content\/uploads\/sites\/6\/2024\/07\/Marco-Spagnol-Domotek.jpg\",\"width\":526,\"height\":526},{\"@type\":\"BreadcrumbList\",\"@id\":\"https:\/\/progettotouring.it\/radiotouring104\/2024\/07\/23\/domotek-volley-ingaggiato-lo-schiacciatore-spagnol\/#breadcrumb\",\"itemListElement\":[{\"@type\":\"ListItem\",\"position\":1,\"name\":\"Home\",\"item\":\"https:\/\/progettotouring.it\/radiotouring104\/\"},{\"@type\":\"ListItem\",\"position\":2,\"name\":\"Domotek Volley: ingaggiato lo schiacciatore Spagnol\"}]},{\"@type\":\"WebSite\",\"@id\":\"https:\/\/progettotouring.it\/radiotouring104\/#website\",\"url\":\"https:\/\/progettotouring.it\/radiotouring104\/\",\"name\":\"Radio Touring 104\",\"description\":\"La prima radio Reggina\",\"publisher\":{\"@id\":\"https:\/\/progettotouring.it\/radiotouring104\/#organization\"},\"potentialAction\":[{\"@type\":\"SearchAction\",\"target\":{\"@type\":\"EntryPoint\",\"urlTemplate\":\"https:\/\/progettotouring.it\/radiotouring104\/?s={search_term_string}\"},\"query-input\":{\"@type\":\"PropertyValueSpecification\",\"valueRequired\":true,\"valueName\":\"search_term_string\"}}],\"inLanguage\":\"it-IT\"},{\"@type\":\"Organization\",\"@id\":\"https:\/\/progettotouring.it\/radiotouring104\/#organization\",\"name\":\"Radio Touring 104\",\"url\":\"https:\/\/progettotouring.it\/radiotouring104\/\",\"logo\":{\"@type\":\"ImageObject\",\"inLanguage\":\"it-IT\",\"@id\":\"https:\/\/progettotouring.it\/radiotouring104\/#\/schema\/logo\/image\/\",\"url\":\"https:\/\/progettotouring.it\/radiotouring104\/wp-content\/uploads\/sites\/6\/2022\/02\/cropped-logo-radio-touring-104.png\",\"contentUrl\":\"https:\/\/progettotouring.it\/radiotouring104\/wp-content\/uploads\/sites\/6\/2022\/02\/cropped-logo-radio-touring-104.png\",\"width\":377,\"height\":182,\"caption\":\"Radio Touring 104\"},\"image\":{\"@id\":\"https:\/\/progettotouring.it\/radiotouring104\/#\/schema\/logo\/image\/\"}},{\"@type\":\"Person\",\"@id\":\"https:\/\/progettotouring.it\/radiotouring104\/#\/schema\/person\/78613917f1851f041f7483f5af1d422e\",\"name\":\"Sebastiano Plutino\",\"image\":{\"@type\":\"ImageObject\",\"inLanguage\":\"it-IT\",\"@id\":\"https:\/\/secure.gravatar.com\/avatar\/0546ffaa9b79224faf9f2a156b67a529ae861d3287c66c1d8ccfdf909bcba78d?s=96&d=mm&r=g\",\"url\":\"https:\/\/secure.gravatar.com\/avatar\/0546ffaa9b79224faf9f2a156b67a529ae861d3287c66c1d8ccfdf909bcba78d?s=96&d=mm&r=g\",\"contentUrl\":\"https:\/\/secure.gravatar.com\/avatar\/0546ffaa9b79224faf9f2a156b67a529ae861d3287c66c1d8ccfdf909bcba78d?s=96&d=mm&r=g\",\"caption\":\"Sebastiano Plutino\"},\"url\":\"https:\/\/progettotouring.it\/radiotouring104\/author\/sebastiano\/\"}]}<\/script>\n<!-- \/ Yoast SEO plugin. -->","yoast_head_json":{"title":"Domotek Volley: ingaggiato lo schiacciatore Spagnol","description":"La Domotel Volley comunica di aver acquisito le prestazioni dello schiacciatore 24enne Marco Spagnol, di 1,98 centimetri che il club amaranto","robots":{"index":"index","follow":"follow","max-snippet":"max-snippet:-1","max-image-preview":"max-image-preview:large","max-video-preview":"max-video-preview:-1"},"canonical":"https:\/\/progettotouring.it\/radiotouring104\/2024\/07\/23\/domotek-volley-ingaggiato-lo-schiacciatore-spagnol\/","og_locale":"it_IT","og_type":"article","og_title":"Domotek Volley: ingaggiato lo schiacciatore Spagnol","og_description":"La Domotel Volley comunica di aver acquisito le prestazioni dello schiacciatore 24enne Marco Spagnol, di 1,98 centimetri che il club amaranto","og_url":"https:\/\/progettotouring.it\/radiotouring104\/2024\/07\/23\/domotek-volley-ingaggiato-lo-schiacciatore-spagnol\/","og_site_name":"Radio Touring 104","article_published_time":"2024-07-23T09:02:27+00:00","og_image":[{"width":526,"height":526,"url":"https:\/\/progettotouring.it\/radiotouring104\/wp-content\/uploads\/sites\/6\/2024\/07\/Marco-Spagnol-Domotek.jpg","type":"image\/jpeg"}],"author":"Sebastiano Plutino","twitter_card":"summary_large_image","twitter_misc":{"Scritto da":"Sebastiano Plutino","Tempo di lettura stimato":"3 minuti"},"schema":{"@context":"https:\/\/schema.org","@graph":[{"@type":"Article","@id":"https:\/\/progettotouring.it\/radiotouring104\/2024\/07\/23\/domotek-volley-ingaggiato-lo-schiacciatore-spagnol\/#article","isPartOf":{"@id":"https:\/\/progettotouring.it\/radiotouring104\/2024\/07\/23\/domotek-volley-ingaggiato-lo-schiacciatore-spagnol\/"},"author":{"name":"Sebastiano Plutino","@id":"https:\/\/progettotouring.it\/radiotouring104\/#\/schema\/person\/78613917f1851f041f7483f5af1d422e"},"headline":"Domotek Volley: ingaggiato lo schiacciatore Spagnol","datePublished":"2024-07-23T09:02:27+00:00","mainEntityOfPage":{"@id":"https:\/\/progettotouring.it\/radiotouring104\/2024\/07\/23\/domotek-volley-ingaggiato-lo-schiacciatore-spagnol\/"},"wordCount":529,"publisher":{"@id":"https:\/\/progettotouring.it\/radiotouring104\/#organization"},"image":{"@id":"https:\/\/progettotouring.it\/radiotouring104\/2024\/07\/23\/domotek-volley-ingaggiato-lo-schiacciatore-spagnol\/#primaryimage"},"thumbnailUrl":"https:\/\/progettotouring.it\/radiotouring104\/wp-content\/uploads\/sites\/6\/2024\/07\/Marco-Spagnol-Domotek.jpg","keywords":["Domotek Volley Reggio Calabria","ingaggiato schiacciatore 24enne","Marco Spagnol","serie a3"],"articleSection":["News","Reggio Calabria","Sport"],"inLanguage":"it-IT"},{"@type":"WebPage","@id":"https:\/\/progettotouring.it\/radiotouring104\/2024\/07\/23\/domotek-volley-ingaggiato-lo-schiacciatore-spagnol\/","url":"https:\/\/progettotouring.it\/radiotouring104\/2024\/07\/23\/domotek-volley-ingaggiato-lo-schiacciatore-spagnol\/","name":"Domotek Volley: ingaggiato lo schiacciatore Spagnol","isPartOf":{"@id":"https:\/\/progettotouring.it\/radiotouring104\/#website"},"primaryImageOfPage":{"@id":"https:\/\/progettotouring.it\/radiotouring104\/2024\/07\/23\/domotek-volley-ingaggiato-lo-schiacciatore-spagnol\/#primaryimage"},"image":{"@id":"https:\/\/progettotouring.it\/radiotouring104\/2024\/07\/23\/domotek-volley-ingaggiato-lo-schiacciatore-spagnol\/#primaryimage"},"thumbnailUrl":"https:\/\/progettotouring.it\/radiotouring104\/wp-content\/uploads\/sites\/6\/2024\/07\/Marco-Spagnol-Domotek.jpg","datePublished":"2024-07-23T09:02:27+00:00","description":"La Domotel Volley comunica di aver acquisito le prestazioni dello schiacciatore 24enne Marco Spagnol, di 1,98 centimetri che il club amaranto","breadcrumb":{"@id":"https:\/\/progettotouring.it\/radiotouring104\/2024\/07\/23\/domotek-volley-ingaggiato-lo-schiacciatore-spagnol\/#breadcrumb"},"inLanguage":"it-IT","potentialAction":[{"@type":"ReadAction","target":["https:\/\/progettotouring.it\/radiotouring104\/2024\/07\/23\/domotek-volley-ingaggiato-lo-schiacciatore-spagnol\/"]}]},{"@type":"ImageObject","inLanguage":"it-IT","@id":"https:\/\/progettotouring.it\/radiotouring104\/2024\/07\/23\/domotek-volley-ingaggiato-lo-schiacciatore-spagnol\/#primaryimage","url":"https:\/\/progettotouring.it\/radiotouring104\/wp-content\/uploads\/sites\/6\/2024\/07\/Marco-Spagnol-Domotek.jpg","contentUrl":"https:\/\/progettotouring.it\/radiotouring104\/wp-content\/uploads\/sites\/6\/2024\/07\/Marco-Spagnol-Domotek.jpg","width":526,"height":526},{"@type":"BreadcrumbList","@id":"https:\/\/progettotouring.it\/radiotouring104\/2024\/07\/23\/domotek-volley-ingaggiato-lo-schiacciatore-spagnol\/#breadcrumb","itemListElement":[{"@type":"ListItem","position":1,"name":"Home","item":"https:\/\/progettotouring.it\/radiotouring104\/"},{"@type":"ListItem","position":2,"name":"Domotek Volley: ingaggiato lo schiacciatore Spagnol"}]},{"@type":"WebSite","@id":"https:\/\/progettotouring.it\/radiotouring104\/#website","url":"https:\/\/progettotouring.it\/radiotouring104\/","name":"Radio Touring 104","description":"La prima radio Reggina","publisher":{"@id":"https:\/\/progettotouring.it\/radiotouring104\/#organization"},"potentialAction":[{"@type":"SearchAction","target":{"@type":"EntryPoint","urlTemplate":"https:\/\/progettotouring.it\/radiotouring104\/?s={search_term_string}"},"query-input":{"@type":"PropertyValueSpecification","valueRequired":true,"valueName":"search_term_string"}}],"inLanguage":"it-IT"},{"@type":"Organization","@id":"https:\/\/progettotouring.it\/radiotouring104\/#organization","name":"Radio Touring 104","url":"https:\/\/progettotouring.it\/radiotouring104\/","logo":{"@type":"ImageObject","inLanguage":"it-IT","@id":"https:\/\/progettotouring.it\/radiotouring104\/#\/schema\/logo\/image\/","url":"https:\/\/progettotouring.it\/radiotouring104\/wp-content\/uploads\/sites\/6\/2022\/02\/cropped-logo-radio-touring-104.png","contentUrl":"https:\/\/progettotouring.it\/radiotouring104\/wp-content\/uploads\/sites\/6\/2022\/02\/cropped-logo-radio-touring-104.png","width":377,"height":182,"caption":"Radio Touring 104"},"image":{"@id":"https:\/\/progettotouring.it\/radiotouring104\/#\/schema\/logo\/image\/"}},{"@type":"Person","@id":"https:\/\/progettotouring.it\/radiotouring104\/#\/schema\/person\/78613917f1851f041f7483f5af1d422e","name":"Sebastiano Plutino","image":{"@type":"ImageObject","inLanguage":"it-IT","@id":"https:\/\/secure.gravatar.com\/avatar\/0546ffaa9b79224faf9f2a156b67a529ae861d3287c66c1d8ccfdf909bcba78d?s=96&d=mm&r=g","url":"https:\/\/secure.gravatar.com\/avatar\/0546ffaa9b79224faf9f2a156b67a529ae861d3287c66c1d8ccfdf909bcba78d?s=96&d=mm&r=g","contentUrl":"https:\/\/secure.gravatar.com\/avatar\/0546ffaa9b79224faf9f2a156b67a529ae861d3287c66c1d8ccfdf909bcba78d?s=96&d=mm&r=g","caption":"Sebastiano Plutino"},"url":"https:\/\/progettotouring.it\/radiotouring104\/author\/sebastiano\/"}]}},"jetpack_publicize_connections":[],"jetpack_featured_media_url":"https:\/\/progettotouring.it\/radiotouring104\/wp-content\/uploads\/sites\/6\/2024\/07\/Marco-Spagnol-Domotek.jpg","jetpack_sharing_enabled":true,"_links":{"self":[{"href":"https:\/\/progettotouring.it\/radiotouring104\/wp-json\/wp\/v2\/posts\/55596","targetHints":{"allow":["GET"]}}],"collection":[{"href":"https:\/\/progettotouring.it\/radiotouring104\/wp-json\/wp\/v2\/posts"}],"about":[{"href":"https:\/\/progettotouring.it\/radiotouring104\/wp-json\/wp\/v2\/types\/post"}],"author":[{"embeddable":true,"href":"https:\/\/progettotouring.it\/radiotouring104\/wp-json\/wp\/v2\/users\/12"}],"replies":[{"embeddable":true,"href":"https:\/\/progettotouring.it\/radiotouring104\/wp-json\/wp\/v2\/comments?post=55596"}],"version-history":[{"count":1,"href":"https:\/\/progettotouring.it\/radiotouring104\/wp-json\/wp\/v2\/posts\/55596\/revisions"}],"predecessor-version":[{"id":55598,"href":"https:\/\/progettotouring.it\/radiotouring104\/wp-json\/wp\/v2\/posts\/55596\/revisions\/55598"}],"wp:featuredmedia":[{"embeddable":true,"href":"https:\/\/progettotouring.it\/radiotouring104\/wp-json\/wp\/v2\/media\/55597"}],"wp:attachment":[{"href":"https:\/\/progettotouring.it\/radiotouring104\/wp-json\/wp\/v2\/media?parent=55596"}],"wp:term":[{"taxonomy":"category","embeddable":true,"href":"https:\/\/progettotouring.it\/radiotouring104\/wp-json\/wp\/v2\/categories?post=55596"},{"taxonomy":"post_tag","embeddable":true,"href":"https:\/\/progettotouring.it\/radiotouring104\/wp-json\/wp\/v2\/tags?post=55596"}],"curies":[{"name":"wp","href":"https:\/\/api.w.org\/{rel}","templated":true}]}}