{"id":55604,"date":"2024-07-23T11:26:38","date_gmt":"2024-07-23T09:26:38","guid":{"rendered":"https:\/\/progettotouring.it\/radiotouring104\/?p=55604"},"modified":"2024-07-23T11:29:18","modified_gmt":"2024-07-23T09:29:18","slug":"consiglio-comunale-ok-allassestamento-generale-di-bilancio-e-salvaguardia-degli-equilibri-per-lesercizio-2024","status":"publish","type":"post","link":"https:\/\/progettotouring.it\/radiotouring104\/2024\/07\/23\/consiglio-comunale-ok-allassestamento-generale-di-bilancio-e-salvaguardia-degli-equilibri-per-lesercizio-2024\/","title":{"rendered":"Consiglio Comunale: ok all\u2019assestamento generale di bilancio e salvaguardia degli equilibri per l&#8217;esercizio 2024"},"content":{"rendered":"<div style=\"text-align: justify\"><strong>Approvato in consiglio comunale<\/strong>, su proposta dell\u2019assessore al Bilancio <strong>Domenico Battaglia, l\u2019assestamento generale di bilancio e salvaguardia degli equilibri per l&#8217;esercizio 2024<\/strong> ai sensi degli artt. 175, comma 8 e 193 del d.lgs. n. 267\/2000.<\/div>\n<div><\/div>\n<div style=\"text-align: justify\"><strong>Il punto \u00e8 stato illustrato dall\u2019Assessore che ha spiegato:<\/strong><em> \u00abSi tratta di due adempimenti che devono essere approvati entro il 31 luglio di ogni anno. Avendo approvato il bilancio quest\u2019anno entro il 18 aprile, eravamo obbligati ad adempiere rispetto all\u2019assestamento di bilancio e alle clausole di salvaguardia che sono ampiamente rispettate. Nel corpo della delibera, inoltre, sono stati enunciati alcuni tratti salienti tra cui le somme che vanno restituite allo Stato, sia per questo anno, sia per il 2025, sia per l\u2019annualit\u00e0 successiva, relativa al risanamento delle finanze pubbliche e altre somme derivanti da debiti fuori bilancio per intervenute sentenze che hanno visto il Comune soccombente. Inoltre si \u00e8 data salvaguardia alle delibere di bilancio successive alla data di approvazione del bilancio, scaturite da aprile fino ad oggi\u00bb.<\/em><\/div>\n<div><\/div>\n<div style=\"text-align: justify\"><em>\u00ab\u00c8 una procedura che riguarda il bilancio che \u00e8 stata ampiamente rispettata<\/em> &#8211; <strong>ha aggiunto Battaglia &#8211;<\/strong> <em>consideriamo che miglioreremo anche negli anni successivi per quelle che sono anche le tempistiche. Al momento ci siamo messi al pari con netto anticipo, per il futuro cercheremo di fare meglio per consentire all\u2019Amministrazione comunale, alla comunit\u00e0, ai cittadini di avere la disponibilit\u00e0 delle partite di bilancio gi\u00e0 ad inizio d\u2019anno, in modo tale che si abbia un anno solare per spenderle. Stiamo cercando di abbattere tutti i tempi. Con il settore Bilancio<\/em> \u2013<strong> ha concluso Battaglia<\/strong> &#8211;<em> c\u2019\u00e8 unit\u00e0 d\u2019intenti per arrivare a questa soluzione. Siamo ampiamente nei termini e sono contento che l\u2019aula abbia risposto positivamente\u00bb.<\/em><\/div>\n","protected":false},"excerpt":{"rendered":"<p>Approvato in consiglio comunale, su proposta dell\u2019assessore al Bilancio Domenico Battaglia, l\u2019assestamento generale di bilancio e salvaguardia degli equilibri per l&#8217;esercizio 2024 ai sensi degli artt. 175, comma 8 e&hellip;<\/p>\n","protected":false},"author":12,"featured_media":55605,"comment_status":"closed","ping_status":"open","sticky":false,"template":"","format":"standard","meta":{"_jetpack_memberships_contains_paid_content":false,"footnotes":"","jetpack_publicize_message":"","jetpack_publicize_feature_enabled":true,"jetpack_social_post_already_shared":false,"jetpack_social_options":{"image_generator_settings":{"template":"highway","default_image_id":0,"font":"","enabled":false},"version":2}},"categories":[921,196,140],"tags":[21178,34134,809,34135],"class_list":["post-55604","post","type-post","status-publish","format-standard","has-post-thumbnail","hentry","category-home","category-news","category-reggio-calabria","tag-assessore-battaglia","tag-assestamento-generale-di-bilancio","tag-consiglio-comunale","tag-salvaguardia-degli-equilibri-per-lesercizio-2024"],"yoast_head":"<!-- This site is optimized with the Yoast SEO plugin v27.2 - https:\/\/yoast.com\/product\/yoast-seo-wordpress\/ -->\n<title>Consiglio Comunale: ok all\u2019assestamento generale di bilancio<\/title>\n<meta name=\"description\" content=\"Approvato in consiglio comunale l\u2019assestamento generale di bilancio e salvaguardia degli equilibri per l&#039;esercizio 2024\" \/>\n<meta name=\"robots\" content=\"index, follow, max-snippet:-1, max-image-preview:large, max-video-preview:-1\" \/>\n<link rel=\"canonical\" href=\"https:\/\/progettotouring.it\/radiotouring104\/2024\/07\/23\/consiglio-comunale-ok-allassestamento-generale-di-bilancio-e-salvaguardia-degli-equilibri-per-lesercizio-2024\/\" \/>\n<meta property=\"og:locale\" content=\"it_IT\" \/>\n<meta property=\"og:type\" content=\"article\" \/>\n<meta property=\"og:title\" content=\"Consiglio Comunale: ok all\u2019assestamento generale di bilancio\" \/>\n<meta property=\"og:description\" content=\"Approvato in consiglio comunale l\u2019assestamento generale di bilancio e salvaguardia degli equilibri per l&#039;esercizio 2024\" \/>\n<meta property=\"og:url\" content=\"https:\/\/progettotouring.it\/radiotouring104\/2024\/07\/23\/consiglio-comunale-ok-allassestamento-generale-di-bilancio-e-salvaguardia-degli-equilibri-per-lesercizio-2024\/\" \/>\n<meta property=\"og:site_name\" content=\"Radio Touring 104\" \/>\n<meta property=\"article:published_time\" content=\"2024-07-23T09:26:38+00:00\" \/>\n<meta property=\"article:modified_time\" content=\"2024-07-23T09:29:18+00:00\" \/>\n<meta property=\"og:image\" content=\"https:\/\/progettotouring.it\/radiotouring104\/wp-content\/uploads\/sites\/6\/2024\/07\/battaglia-assestamento-bilancio.jpeg\" \/>\n\t<meta property=\"og:image:width\" content=\"1228\" \/>\n\t<meta property=\"og:image:height\" content=\"833\" \/>\n\t<meta property=\"og:image:type\" content=\"image\/jpeg\" \/>\n<meta name=\"author\" content=\"Sebastiano Plutino\" \/>\n<meta name=\"twitter:card\" content=\"summary_large_image\" \/>\n<meta name=\"twitter:label1\" content=\"Scritto da\" \/>\n\t<meta name=\"twitter:data1\" content=\"Sebastiano Plutino\" \/>\n\t<meta name=\"twitter:label2\" content=\"Tempo di lettura stimato\" \/>\n\t<meta name=\"twitter:data2\" content=\"1 minuto\" \/>\n<script type=\"application\/ld+json\" class=\"yoast-schema-graph\">{\"@context\":\"https:\/\/schema.org\",\"@graph\":[{\"@type\":\"Article\",\"@id\":\"https:\/\/progettotouring.it\/radiotouring104\/2024\/07\/23\/consiglio-comunale-ok-allassestamento-generale-di-bilancio-e-salvaguardia-degli-equilibri-per-lesercizio-2024\/#article\",\"isPartOf\":{\"@id\":\"https:\/\/progettotouring.it\/radiotouring104\/2024\/07\/23\/consiglio-comunale-ok-allassestamento-generale-di-bilancio-e-salvaguardia-degli-equilibri-per-lesercizio-2024\/\"},\"author\":{\"name\":\"Sebastiano Plutino\",\"@id\":\"https:\/\/progettotouring.it\/radiotouring104\/#\/schema\/person\/78613917f1851f041f7483f5af1d422e\"},\"headline\":\"Consiglio Comunale: ok all\u2019assestamento generale di bilancio e salvaguardia degli equilibri per l&#8217;esercizio 2024\",\"datePublished\":\"2024-07-23T09:26:38+00:00\",\"dateModified\":\"2024-07-23T09:29:18+00:00\",\"mainEntityOfPage\":{\"@id\":\"https:\/\/progettotouring.it\/radiotouring104\/2024\/07\/23\/consiglio-comunale-ok-allassestamento-generale-di-bilancio-e-salvaguardia-degli-equilibri-per-lesercizio-2024\/\"},\"wordCount\":290,\"publisher\":{\"@id\":\"https:\/\/progettotouring.it\/radiotouring104\/#organization\"},\"image\":{\"@id\":\"https:\/\/progettotouring.it\/radiotouring104\/2024\/07\/23\/consiglio-comunale-ok-allassestamento-generale-di-bilancio-e-salvaguardia-degli-equilibri-per-lesercizio-2024\/#primaryimage\"},\"thumbnailUrl\":\"https:\/\/progettotouring.it\/radiotouring104\/wp-content\/uploads\/sites\/6\/2024\/07\/battaglia-assestamento-bilancio.jpeg\",\"keywords\":[\"Assessore Battaglia\",\"assestamento generale di bilancio\",\"Consiglio comunale\",\"salvaguardia degli equilibri per l'esercizio 2024\"],\"articleSection\":[\"Home\",\"News\",\"Reggio Calabria\"],\"inLanguage\":\"it-IT\"},{\"@type\":\"WebPage\",\"@id\":\"https:\/\/progettotouring.it\/radiotouring104\/2024\/07\/23\/consiglio-comunale-ok-allassestamento-generale-di-bilancio-e-salvaguardia-degli-equilibri-per-lesercizio-2024\/\",\"url\":\"https:\/\/progettotouring.it\/radiotouring104\/2024\/07\/23\/consiglio-comunale-ok-allassestamento-generale-di-bilancio-e-salvaguardia-degli-equilibri-per-lesercizio-2024\/\",\"name\":\"Consiglio Comunale: ok all\u2019assestamento generale di bilancio\",\"isPartOf\":{\"@id\":\"https:\/\/progettotouring.it\/radiotouring104\/#website\"},\"primaryImageOfPage\":{\"@id\":\"https:\/\/progettotouring.it\/radiotouring104\/2024\/07\/23\/consiglio-comunale-ok-allassestamento-generale-di-bilancio-e-salvaguardia-degli-equilibri-per-lesercizio-2024\/#primaryimage\"},\"image\":{\"@id\":\"https:\/\/progettotouring.it\/radiotouring104\/2024\/07\/23\/consiglio-comunale-ok-allassestamento-generale-di-bilancio-e-salvaguardia-degli-equilibri-per-lesercizio-2024\/#primaryimage\"},\"thumbnailUrl\":\"https:\/\/progettotouring.it\/radiotouring104\/wp-content\/uploads\/sites\/6\/2024\/07\/battaglia-assestamento-bilancio.jpeg\",\"datePublished\":\"2024-07-23T09:26:38+00:00\",\"dateModified\":\"2024-07-23T09:29:18+00:00\",\"description\":\"Approvato in consiglio comunale l\u2019assestamento generale di bilancio e salvaguardia degli equilibri per l'esercizio 2024\",\"breadcrumb\":{\"@id\":\"https:\/\/progettotouring.it\/radiotouring104\/2024\/07\/23\/consiglio-comunale-ok-allassestamento-generale-di-bilancio-e-salvaguardia-degli-equilibri-per-lesercizio-2024\/#breadcrumb\"},\"inLanguage\":\"it-IT\",\"potentialAction\":[{\"@type\":\"ReadAction\",\"target\":[\"https:\/\/progettotouring.it\/radiotouring104\/2024\/07\/23\/consiglio-comunale-ok-allassestamento-generale-di-bilancio-e-salvaguardia-degli-equilibri-per-lesercizio-2024\/\"]}]},{\"@type\":\"ImageObject\",\"inLanguage\":\"it-IT\",\"@id\":\"https:\/\/progettotouring.it\/radiotouring104\/2024\/07\/23\/consiglio-comunale-ok-allassestamento-generale-di-bilancio-e-salvaguardia-degli-equilibri-per-lesercizio-2024\/#primaryimage\",\"url\":\"https:\/\/progettotouring.it\/radiotouring104\/wp-content\/uploads\/sites\/6\/2024\/07\/battaglia-assestamento-bilancio.jpeg\",\"contentUrl\":\"https:\/\/progettotouring.it\/radiotouring104\/wp-content\/uploads\/sites\/6\/2024\/07\/battaglia-assestamento-bilancio.jpeg\",\"width\":1228,\"height\":833},{\"@type\":\"BreadcrumbList\",\"@id\":\"https:\/\/progettotouring.it\/radiotouring104\/2024\/07\/23\/consiglio-comunale-ok-allassestamento-generale-di-bilancio-e-salvaguardia-degli-equilibri-per-lesercizio-2024\/#breadcrumb\",\"itemListElement\":[{\"@type\":\"ListItem\",\"position\":1,\"name\":\"Home\",\"item\":\"https:\/\/progettotouring.it\/radiotouring104\/\"},{\"@type\":\"ListItem\",\"position\":2,\"name\":\"Consiglio Comunale: ok all\u2019assestamento generale di bilancio e salvaguardia degli equilibri per l&#8217;esercizio 2024\"}]},{\"@type\":\"WebSite\",\"@id\":\"https:\/\/progettotouring.it\/radiotouring104\/#website\",\"url\":\"https:\/\/progettotouring.it\/radiotouring104\/\",\"name\":\"Radio Touring 104\",\"description\":\"La prima radio Reggina\",\"publisher\":{\"@id\":\"https:\/\/progettotouring.it\/radiotouring104\/#organization\"},\"potentialAction\":[{\"@type\":\"SearchAction\",\"target\":{\"@type\":\"EntryPoint\",\"urlTemplate\":\"https:\/\/progettotouring.it\/radiotouring104\/?s={search_term_string}\"},\"query-input\":{\"@type\":\"PropertyValueSpecification\",\"valueRequired\":true,\"valueName\":\"search_term_string\"}}],\"inLanguage\":\"it-IT\"},{\"@type\":\"Organization\",\"@id\":\"https:\/\/progettotouring.it\/radiotouring104\/#organization\",\"name\":\"Radio Touring 104\",\"url\":\"https:\/\/progettotouring.it\/radiotouring104\/\",\"logo\":{\"@type\":\"ImageObject\",\"inLanguage\":\"it-IT\",\"@id\":\"https:\/\/progettotouring.it\/radiotouring104\/#\/schema\/logo\/image\/\",\"url\":\"https:\/\/progettotouring.it\/radiotouring104\/wp-content\/uploads\/sites\/6\/2022\/02\/cropped-logo-radio-touring-104.png\",\"contentUrl\":\"https:\/\/progettotouring.it\/radiotouring104\/wp-content\/uploads\/sites\/6\/2022\/02\/cropped-logo-radio-touring-104.png\",\"width\":377,\"height\":182,\"caption\":\"Radio Touring 104\"},\"image\":{\"@id\":\"https:\/\/progettotouring.it\/radiotouring104\/#\/schema\/logo\/image\/\"}},{\"@type\":\"Person\",\"@id\":\"https:\/\/progettotouring.it\/radiotouring104\/#\/schema\/person\/78613917f1851f041f7483f5af1d422e\",\"name\":\"Sebastiano Plutino\",\"image\":{\"@type\":\"ImageObject\",\"inLanguage\":\"it-IT\",\"@id\":\"https:\/\/secure.gravatar.com\/avatar\/0546ffaa9b79224faf9f2a156b67a529ae861d3287c66c1d8ccfdf909bcba78d?s=96&d=mm&r=g\",\"url\":\"https:\/\/secure.gravatar.com\/avatar\/0546ffaa9b79224faf9f2a156b67a529ae861d3287c66c1d8ccfdf909bcba78d?s=96&d=mm&r=g\",\"contentUrl\":\"https:\/\/secure.gravatar.com\/avatar\/0546ffaa9b79224faf9f2a156b67a529ae861d3287c66c1d8ccfdf909bcba78d?s=96&d=mm&r=g\",\"caption\":\"Sebastiano Plutino\"},\"url\":\"https:\/\/progettotouring.it\/radiotouring104\/author\/sebastiano\/\"}]}<\/script>\n<!-- \/ Yoast SEO plugin. -->","yoast_head_json":{"title":"Consiglio Comunale: ok all\u2019assestamento generale di bilancio","description":"Approvato in consiglio comunale l\u2019assestamento generale di bilancio e salvaguardia degli equilibri per l'esercizio 2024","robots":{"index":"index","follow":"follow","max-snippet":"max-snippet:-1","max-image-preview":"max-image-preview:large","max-video-preview":"max-video-preview:-1"},"canonical":"https:\/\/progettotouring.it\/radiotouring104\/2024\/07\/23\/consiglio-comunale-ok-allassestamento-generale-di-bilancio-e-salvaguardia-degli-equilibri-per-lesercizio-2024\/","og_locale":"it_IT","og_type":"article","og_title":"Consiglio Comunale: ok all\u2019assestamento generale di bilancio","og_description":"Approvato in consiglio comunale l\u2019assestamento generale di bilancio e salvaguardia degli equilibri per l'esercizio 2024","og_url":"https:\/\/progettotouring.it\/radiotouring104\/2024\/07\/23\/consiglio-comunale-ok-allassestamento-generale-di-bilancio-e-salvaguardia-degli-equilibri-per-lesercizio-2024\/","og_site_name":"Radio Touring 104","article_published_time":"2024-07-23T09:26:38+00:00","article_modified_time":"2024-07-23T09:29:18+00:00","og_image":[{"width":1228,"height":833,"url":"https:\/\/progettotouring.it\/radiotouring104\/wp-content\/uploads\/sites\/6\/2024\/07\/battaglia-assestamento-bilancio.jpeg","type":"image\/jpeg"}],"author":"Sebastiano Plutino","twitter_card":"summary_large_image","twitter_misc":{"Scritto da":"Sebastiano Plutino","Tempo di lettura stimato":"1 minuto"},"schema":{"@context":"https:\/\/schema.org","@graph":[{"@type":"Article","@id":"https:\/\/progettotouring.it\/radiotouring104\/2024\/07\/23\/consiglio-comunale-ok-allassestamento-generale-di-bilancio-e-salvaguardia-degli-equilibri-per-lesercizio-2024\/#article","isPartOf":{"@id":"https:\/\/progettotouring.it\/radiotouring104\/2024\/07\/23\/consiglio-comunale-ok-allassestamento-generale-di-bilancio-e-salvaguardia-degli-equilibri-per-lesercizio-2024\/"},"author":{"name":"Sebastiano Plutino","@id":"https:\/\/progettotouring.it\/radiotouring104\/#\/schema\/person\/78613917f1851f041f7483f5af1d422e"},"headline":"Consiglio Comunale: ok all\u2019assestamento generale di bilancio e salvaguardia degli equilibri per l&#8217;esercizio 2024","datePublished":"2024-07-23T09:26:38+00:00","dateModified":"2024-07-23T09:29:18+00:00","mainEntityOfPage":{"@id":"https:\/\/progettotouring.it\/radiotouring104\/2024\/07\/23\/consiglio-comunale-ok-allassestamento-generale-di-bilancio-e-salvaguardia-degli-equilibri-per-lesercizio-2024\/"},"wordCount":290,"publisher":{"@id":"https:\/\/progettotouring.it\/radiotouring104\/#organization"},"image":{"@id":"https:\/\/progettotouring.it\/radiotouring104\/2024\/07\/23\/consiglio-comunale-ok-allassestamento-generale-di-bilancio-e-salvaguardia-degli-equilibri-per-lesercizio-2024\/#primaryimage"},"thumbnailUrl":"https:\/\/progettotouring.it\/radiotouring104\/wp-content\/uploads\/sites\/6\/2024\/07\/battaglia-assestamento-bilancio.jpeg","keywords":["Assessore Battaglia","assestamento generale di bilancio","Consiglio comunale","salvaguardia degli equilibri per l'esercizio 2024"],"articleSection":["Home","News","Reggio Calabria"],"inLanguage":"it-IT"},{"@type":"WebPage","@id":"https:\/\/progettotouring.it\/radiotouring104\/2024\/07\/23\/consiglio-comunale-ok-allassestamento-generale-di-bilancio-e-salvaguardia-degli-equilibri-per-lesercizio-2024\/","url":"https:\/\/progettotouring.it\/radiotouring104\/2024\/07\/23\/consiglio-comunale-ok-allassestamento-generale-di-bilancio-e-salvaguardia-degli-equilibri-per-lesercizio-2024\/","name":"Consiglio Comunale: ok all\u2019assestamento generale di bilancio","isPartOf":{"@id":"https:\/\/progettotouring.it\/radiotouring104\/#website"},"primaryImageOfPage":{"@id":"https:\/\/progettotouring.it\/radiotouring104\/2024\/07\/23\/consiglio-comunale-ok-allassestamento-generale-di-bilancio-e-salvaguardia-degli-equilibri-per-lesercizio-2024\/#primaryimage"},"image":{"@id":"https:\/\/progettotouring.it\/radiotouring104\/2024\/07\/23\/consiglio-comunale-ok-allassestamento-generale-di-bilancio-e-salvaguardia-degli-equilibri-per-lesercizio-2024\/#primaryimage"},"thumbnailUrl":"https:\/\/progettotouring.it\/radiotouring104\/wp-content\/uploads\/sites\/6\/2024\/07\/battaglia-assestamento-bilancio.jpeg","datePublished":"2024-07-23T09:26:38+00:00","dateModified":"2024-07-23T09:29:18+00:00","description":"Approvato in consiglio comunale l\u2019assestamento generale di bilancio e salvaguardia degli equilibri per l'esercizio 2024","breadcrumb":{"@id":"https:\/\/progettotouring.it\/radiotouring104\/2024\/07\/23\/consiglio-comunale-ok-allassestamento-generale-di-bilancio-e-salvaguardia-degli-equilibri-per-lesercizio-2024\/#breadcrumb"},"inLanguage":"it-IT","potentialAction":[{"@type":"ReadAction","target":["https:\/\/progettotouring.it\/radiotouring104\/2024\/07\/23\/consiglio-comunale-ok-allassestamento-generale-di-bilancio-e-salvaguardia-degli-equilibri-per-lesercizio-2024\/"]}]},{"@type":"ImageObject","inLanguage":"it-IT","@id":"https:\/\/progettotouring.it\/radiotouring104\/2024\/07\/23\/consiglio-comunale-ok-allassestamento-generale-di-bilancio-e-salvaguardia-degli-equilibri-per-lesercizio-2024\/#primaryimage","url":"https:\/\/progettotouring.it\/radiotouring104\/wp-content\/uploads\/sites\/6\/2024\/07\/battaglia-assestamento-bilancio.jpeg","contentUrl":"https:\/\/progettotouring.it\/radiotouring104\/wp-content\/uploads\/sites\/6\/2024\/07\/battaglia-assestamento-bilancio.jpeg","width":1228,"height":833},{"@type":"BreadcrumbList","@id":"https:\/\/progettotouring.it\/radiotouring104\/2024\/07\/23\/consiglio-comunale-ok-allassestamento-generale-di-bilancio-e-salvaguardia-degli-equilibri-per-lesercizio-2024\/#breadcrumb","itemListElement":[{"@type":"ListItem","position":1,"name":"Home","item":"https:\/\/progettotouring.it\/radiotouring104\/"},{"@type":"ListItem","position":2,"name":"Consiglio Comunale: ok all\u2019assestamento generale di bilancio e salvaguardia degli equilibri per l&#8217;esercizio 2024"}]},{"@type":"WebSite","@id":"https:\/\/progettotouring.it\/radiotouring104\/#website","url":"https:\/\/progettotouring.it\/radiotouring104\/","name":"Radio Touring 104","description":"La prima radio Reggina","publisher":{"@id":"https:\/\/progettotouring.it\/radiotouring104\/#organization"},"potentialAction":[{"@type":"SearchAction","target":{"@type":"EntryPoint","urlTemplate":"https:\/\/progettotouring.it\/radiotouring104\/?s={search_term_string}"},"query-input":{"@type":"PropertyValueSpecification","valueRequired":true,"valueName":"search_term_string"}}],"inLanguage":"it-IT"},{"@type":"Organization","@id":"https:\/\/progettotouring.it\/radiotouring104\/#organization","name":"Radio Touring 104","url":"https:\/\/progettotouring.it\/radiotouring104\/","logo":{"@type":"ImageObject","inLanguage":"it-IT","@id":"https:\/\/progettotouring.it\/radiotouring104\/#\/schema\/logo\/image\/","url":"https:\/\/progettotouring.it\/radiotouring104\/wp-content\/uploads\/sites\/6\/2022\/02\/cropped-logo-radio-touring-104.png","contentUrl":"https:\/\/progettotouring.it\/radiotouring104\/wp-content\/uploads\/sites\/6\/2022\/02\/cropped-logo-radio-touring-104.png","width":377,"height":182,"caption":"Radio Touring 104"},"image":{"@id":"https:\/\/progettotouring.it\/radiotouring104\/#\/schema\/logo\/image\/"}},{"@type":"Person","@id":"https:\/\/progettotouring.it\/radiotouring104\/#\/schema\/person\/78613917f1851f041f7483f5af1d422e","name":"Sebastiano Plutino","image":{"@type":"ImageObject","inLanguage":"it-IT","@id":"https:\/\/secure.gravatar.com\/avatar\/0546ffaa9b79224faf9f2a156b67a529ae861d3287c66c1d8ccfdf909bcba78d?s=96&d=mm&r=g","url":"https:\/\/secure.gravatar.com\/avatar\/0546ffaa9b79224faf9f2a156b67a529ae861d3287c66c1d8ccfdf909bcba78d?s=96&d=mm&r=g","contentUrl":"https:\/\/secure.gravatar.com\/avatar\/0546ffaa9b79224faf9f2a156b67a529ae861d3287c66c1d8ccfdf909bcba78d?s=96&d=mm&r=g","caption":"Sebastiano Plutino"},"url":"https:\/\/progettotouring.it\/radiotouring104\/author\/sebastiano\/"}]}},"jetpack_publicize_connections":[],"jetpack_featured_media_url":"https:\/\/progettotouring.it\/radiotouring104\/wp-content\/uploads\/sites\/6\/2024\/07\/battaglia-assestamento-bilancio.jpeg","jetpack_sharing_enabled":true,"_links":{"self":[{"href":"https:\/\/progettotouring.it\/radiotouring104\/wp-json\/wp\/v2\/posts\/55604","targetHints":{"allow":["GET"]}}],"collection":[{"href":"https:\/\/progettotouring.it\/radiotouring104\/wp-json\/wp\/v2\/posts"}],"about":[{"href":"https:\/\/progettotouring.it\/radiotouring104\/wp-json\/wp\/v2\/types\/post"}],"author":[{"embeddable":true,"href":"https:\/\/progettotouring.it\/radiotouring104\/wp-json\/wp\/v2\/users\/12"}],"replies":[{"embeddable":true,"href":"https:\/\/progettotouring.it\/radiotouring104\/wp-json\/wp\/v2\/comments?post=55604"}],"version-history":[{"count":4,"href":"https:\/\/progettotouring.it\/radiotouring104\/wp-json\/wp\/v2\/posts\/55604\/revisions"}],"predecessor-version":[{"id":55610,"href":"https:\/\/progettotouring.it\/radiotouring104\/wp-json\/wp\/v2\/posts\/55604\/revisions\/55610"}],"wp:featuredmedia":[{"embeddable":true,"href":"https:\/\/progettotouring.it\/radiotouring104\/wp-json\/wp\/v2\/media\/55605"}],"wp:attachment":[{"href":"https:\/\/progettotouring.it\/radiotouring104\/wp-json\/wp\/v2\/media?parent=55604"}],"wp:term":[{"taxonomy":"category","embeddable":true,"href":"https:\/\/progettotouring.it\/radiotouring104\/wp-json\/wp\/v2\/categories?post=55604"},{"taxonomy":"post_tag","embeddable":true,"href":"https:\/\/progettotouring.it\/radiotouring104\/wp-json\/wp\/v2\/tags?post=55604"}],"curies":[{"name":"wp","href":"https:\/\/api.w.org\/{rel}","templated":true}]}}