{"id":55614,"date":"2024-07-23T11:43:17","date_gmt":"2024-07-23T09:43:17","guid":{"rendered":"https:\/\/progettotouring.it\/radiotouring104\/?p=55614"},"modified":"2024-07-23T11:43:17","modified_gmt":"2024-07-23T09:43:17","slug":"myenergy-viola-ingaggiato-josue-mbanxa-bangu","status":"publish","type":"post","link":"https:\/\/progettotouring.it\/radiotouring104\/2024\/07\/23\/myenergy-viola-ingaggiato-josue-mbanxa-bangu\/","title":{"rendered":"MyEnergy Viola: ingaggiato Josue Mbanxa Bangu."},"content":{"rendered":"<p style=\"text-align: justify\"><strong>Myenergy<\/strong> Reggio Calabria<strong> comunica di avere acquisito le prestazioni sportive dell\u2019atleta Josue Mbanxa Bangu.<\/strong><br \/>\nIl cestista,<strong> play\/guardia di 187 centimetri<\/strong> \u00e8 di nazionalit\u00e0 francese con formazione italiana. <strong>Nato a Villeneuve-Saint-Georges<\/strong> (nelle regione dell\u2019\u00cele-de-France)<strong> il 30 marzo 2004,<\/strong> ha iniziato la carriera da cestista nel suo Paese, prima nell\u2019Us Creteil Basket e poi all\u2019Independents Basketball France.<strong> Proprio con quest\u2019ultima, nel 2019 ha partecipato all\u2019European Youth Basketball League<\/strong> (Eybl) South Conference Under 17 in Ungheria. Conclusa l\u2019esperienza in Francia, Bangu ha militato nell\u2019Orsa Barcellona in Serie C Gold per tre stagioni, passando poi nella stagione 22\/23 all\u2019Apu Udine in serie A nell\u2019under 19 e giocando la stagione scorsa in Puglia, a Castellaneta.<\/p>\n<p style=\"text-align: justify\"><strong>Coach Cadeo descrive le caratteristiche di Josu\u00e8:<\/strong><em><strong> \u201c<\/strong>Giocatore con grandi margini di crescita e notevoli caratteristiche fisiche, ottimo difensore sia sulla palla che senza. Cestista molto bravo in campo aperto a spingere il contropiede anche in fase di transizione offensiva, Josu\u00e8 \u00e8 un altro elemento voluto dalla societ\u00e0 perch\u00e9 \u00e8 pronto a lavorare in gruppo con grande motivazione.<\/em><br \/>\n<em>\u201cSono felice di far parte di questa grande famiglia non vedo l\u2019ora di iniziare questa avventura con i miei compagni di squadra e i tifosi e sono pronto a difendere i colori della squadra\u201d<\/em><br \/>\n<strong>Benvenuto Josu\u00e8, a presto a Reggio.<\/strong><\/p>\n","protected":false},"excerpt":{"rendered":"<p>Myenergy Reggio Calabria comunica di avere acquisito le prestazioni sportive dell\u2019atleta Josue Mbanxa Bangu. Il cestista, play\/guardia di 187 centimetri \u00e8 di nazionalit\u00e0 francese con formazione italiana. Nato a Villeneuve-Saint-Georges&hellip;<\/p>\n","protected":false},"author":12,"featured_media":55615,"comment_status":"closed","ping_status":"open","sticky":false,"template":"","format":"standard","meta":{"_jetpack_memberships_contains_paid_content":false,"footnotes":"","jetpack_publicize_message":"","jetpack_publicize_feature_enabled":true,"jetpack_social_post_already_shared":false,"jetpack_social_options":{"image_generator_settings":{"template":"highway","default_image_id":0,"font":"","enabled":false},"version":2}},"categories":[196,140,144],"tags":[32211,34138,34139,25727,34140],"class_list":["post-55614","post","type-post","status-publish","format-standard","has-post-thumbnail","hentry","category-news","category-reggio-calabria","category-sport","tag-giulio-cadeo","tag-ingaggiato-josue-mbanxa-bangu","tag-l-play-guardia-classe-2004","tag-mynergy-viola","tag-play-guardia-classe-2004"],"yoast_head":"<!-- This site is optimized with the Yoast SEO plugin v27.2 - https:\/\/yoast.com\/product\/yoast-seo-wordpress\/ -->\n<title>MyEnergy Viola: ingaggiato Josue Mbanxa Bangu.<\/title>\n<meta name=\"description\" content=\"La Mynergy comunica di aver acquisito le prestazioni sportive del play guardia, 187 cm, classe 2004, Josue Mbanxa Bangu.\" \/>\n<meta name=\"robots\" content=\"index, follow, max-snippet:-1, max-image-preview:large, max-video-preview:-1\" \/>\n<link rel=\"canonical\" href=\"https:\/\/progettotouring.it\/radiotouring104\/2024\/07\/23\/myenergy-viola-ingaggiato-josue-mbanxa-bangu\/\" \/>\n<meta property=\"og:locale\" content=\"it_IT\" \/>\n<meta property=\"og:type\" content=\"article\" \/>\n<meta property=\"og:title\" content=\"MyEnergy Viola: ingaggiato Josue Mbanxa Bangu.\" \/>\n<meta property=\"og:description\" content=\"La Mynergy comunica di aver acquisito le prestazioni sportive del play guardia, 187 cm, classe 2004, Josue Mbanxa Bangu.\" \/>\n<meta property=\"og:url\" content=\"https:\/\/progettotouring.it\/radiotouring104\/2024\/07\/23\/myenergy-viola-ingaggiato-josue-mbanxa-bangu\/\" \/>\n<meta property=\"og:site_name\" content=\"Radio Touring 104\" \/>\n<meta property=\"article:published_time\" content=\"2024-07-23T09:43:17+00:00\" \/>\n<meta property=\"og:image\" content=\"https:\/\/progettotouring.it\/radiotouring104\/wp-content\/uploads\/sites\/6\/2024\/07\/Bangu-Mynergy.jpeg\" \/>\n\t<meta property=\"og:image:width\" content=\"300\" \/>\n\t<meta property=\"og:image:height\" content=\"251\" \/>\n\t<meta property=\"og:image:type\" content=\"image\/jpeg\" \/>\n<meta name=\"author\" content=\"Sebastiano Plutino\" \/>\n<meta name=\"twitter:card\" content=\"summary_large_image\" \/>\n<meta name=\"twitter:label1\" content=\"Scritto da\" \/>\n\t<meta name=\"twitter:data1\" content=\"Sebastiano Plutino\" \/>\n\t<meta name=\"twitter:label2\" content=\"Tempo di lettura stimato\" \/>\n\t<meta name=\"twitter:data2\" content=\"1 minuto\" \/>\n<script type=\"application\/ld+json\" class=\"yoast-schema-graph\">{\"@context\":\"https:\/\/schema.org\",\"@graph\":[{\"@type\":\"Article\",\"@id\":\"https:\/\/progettotouring.it\/radiotouring104\/2024\/07\/23\/myenergy-viola-ingaggiato-josue-mbanxa-bangu\/#article\",\"isPartOf\":{\"@id\":\"https:\/\/progettotouring.it\/radiotouring104\/2024\/07\/23\/myenergy-viola-ingaggiato-josue-mbanxa-bangu\/\"},\"author\":{\"name\":\"Sebastiano Plutino\",\"@id\":\"https:\/\/progettotouring.it\/radiotouring104\/#\/schema\/person\/78613917f1851f041f7483f5af1d422e\"},\"headline\":\"MyEnergy Viola: ingaggiato Josue Mbanxa Bangu.\",\"datePublished\":\"2024-07-23T09:43:17+00:00\",\"mainEntityOfPage\":{\"@id\":\"https:\/\/progettotouring.it\/radiotouring104\/2024\/07\/23\/myenergy-viola-ingaggiato-josue-mbanxa-bangu\/\"},\"wordCount\":216,\"publisher\":{\"@id\":\"https:\/\/progettotouring.it\/radiotouring104\/#organization\"},\"image\":{\"@id\":\"https:\/\/progettotouring.it\/radiotouring104\/2024\/07\/23\/myenergy-viola-ingaggiato-josue-mbanxa-bangu\/#primaryimage\"},\"thumbnailUrl\":\"https:\/\/progettotouring.it\/radiotouring104\/wp-content\/uploads\/sites\/6\/2024\/07\/Bangu-Mynergy.jpeg\",\"keywords\":[\"Giulio Cadeo\",\"ingaggiato Josue Mbanxa Bangu.\",\"l play guardia classe 2004\",\"Mynergy Viola\",\"play guardia classe 2004\"],\"articleSection\":[\"News\",\"Reggio Calabria\",\"Sport\"],\"inLanguage\":\"it-IT\"},{\"@type\":\"WebPage\",\"@id\":\"https:\/\/progettotouring.it\/radiotouring104\/2024\/07\/23\/myenergy-viola-ingaggiato-josue-mbanxa-bangu\/\",\"url\":\"https:\/\/progettotouring.it\/radiotouring104\/2024\/07\/23\/myenergy-viola-ingaggiato-josue-mbanxa-bangu\/\",\"name\":\"MyEnergy Viola: ingaggiato Josue Mbanxa Bangu.\",\"isPartOf\":{\"@id\":\"https:\/\/progettotouring.it\/radiotouring104\/#website\"},\"primaryImageOfPage\":{\"@id\":\"https:\/\/progettotouring.it\/radiotouring104\/2024\/07\/23\/myenergy-viola-ingaggiato-josue-mbanxa-bangu\/#primaryimage\"},\"image\":{\"@id\":\"https:\/\/progettotouring.it\/radiotouring104\/2024\/07\/23\/myenergy-viola-ingaggiato-josue-mbanxa-bangu\/#primaryimage\"},\"thumbnailUrl\":\"https:\/\/progettotouring.it\/radiotouring104\/wp-content\/uploads\/sites\/6\/2024\/07\/Bangu-Mynergy.jpeg\",\"datePublished\":\"2024-07-23T09:43:17+00:00\",\"description\":\"La Mynergy comunica di aver acquisito le prestazioni sportive del play guardia, 187 cm, classe 2004, Josue Mbanxa Bangu.\",\"breadcrumb\":{\"@id\":\"https:\/\/progettotouring.it\/radiotouring104\/2024\/07\/23\/myenergy-viola-ingaggiato-josue-mbanxa-bangu\/#breadcrumb\"},\"inLanguage\":\"it-IT\",\"potentialAction\":[{\"@type\":\"ReadAction\",\"target\":[\"https:\/\/progettotouring.it\/radiotouring104\/2024\/07\/23\/myenergy-viola-ingaggiato-josue-mbanxa-bangu\/\"]}]},{\"@type\":\"ImageObject\",\"inLanguage\":\"it-IT\",\"@id\":\"https:\/\/progettotouring.it\/radiotouring104\/2024\/07\/23\/myenergy-viola-ingaggiato-josue-mbanxa-bangu\/#primaryimage\",\"url\":\"https:\/\/progettotouring.it\/radiotouring104\/wp-content\/uploads\/sites\/6\/2024\/07\/Bangu-Mynergy.jpeg\",\"contentUrl\":\"https:\/\/progettotouring.it\/radiotouring104\/wp-content\/uploads\/sites\/6\/2024\/07\/Bangu-Mynergy.jpeg\",\"width\":300,\"height\":251},{\"@type\":\"BreadcrumbList\",\"@id\":\"https:\/\/progettotouring.it\/radiotouring104\/2024\/07\/23\/myenergy-viola-ingaggiato-josue-mbanxa-bangu\/#breadcrumb\",\"itemListElement\":[{\"@type\":\"ListItem\",\"position\":1,\"name\":\"Home\",\"item\":\"https:\/\/progettotouring.it\/radiotouring104\/\"},{\"@type\":\"ListItem\",\"position\":2,\"name\":\"MyEnergy Viola: ingaggiato Josue Mbanxa Bangu.\"}]},{\"@type\":\"WebSite\",\"@id\":\"https:\/\/progettotouring.it\/radiotouring104\/#website\",\"url\":\"https:\/\/progettotouring.it\/radiotouring104\/\",\"name\":\"Radio Touring 104\",\"description\":\"La prima radio Reggina\",\"publisher\":{\"@id\":\"https:\/\/progettotouring.it\/radiotouring104\/#organization\"},\"potentialAction\":[{\"@type\":\"SearchAction\",\"target\":{\"@type\":\"EntryPoint\",\"urlTemplate\":\"https:\/\/progettotouring.it\/radiotouring104\/?s={search_term_string}\"},\"query-input\":{\"@type\":\"PropertyValueSpecification\",\"valueRequired\":true,\"valueName\":\"search_term_string\"}}],\"inLanguage\":\"it-IT\"},{\"@type\":\"Organization\",\"@id\":\"https:\/\/progettotouring.it\/radiotouring104\/#organization\",\"name\":\"Radio Touring 104\",\"url\":\"https:\/\/progettotouring.it\/radiotouring104\/\",\"logo\":{\"@type\":\"ImageObject\",\"inLanguage\":\"it-IT\",\"@id\":\"https:\/\/progettotouring.it\/radiotouring104\/#\/schema\/logo\/image\/\",\"url\":\"https:\/\/progettotouring.it\/radiotouring104\/wp-content\/uploads\/sites\/6\/2022\/02\/cropped-logo-radio-touring-104.png\",\"contentUrl\":\"https:\/\/progettotouring.it\/radiotouring104\/wp-content\/uploads\/sites\/6\/2022\/02\/cropped-logo-radio-touring-104.png\",\"width\":377,\"height\":182,\"caption\":\"Radio Touring 104\"},\"image\":{\"@id\":\"https:\/\/progettotouring.it\/radiotouring104\/#\/schema\/logo\/image\/\"}},{\"@type\":\"Person\",\"@id\":\"https:\/\/progettotouring.it\/radiotouring104\/#\/schema\/person\/78613917f1851f041f7483f5af1d422e\",\"name\":\"Sebastiano Plutino\",\"image\":{\"@type\":\"ImageObject\",\"inLanguage\":\"it-IT\",\"@id\":\"https:\/\/secure.gravatar.com\/avatar\/0546ffaa9b79224faf9f2a156b67a529ae861d3287c66c1d8ccfdf909bcba78d?s=96&d=mm&r=g\",\"url\":\"https:\/\/secure.gravatar.com\/avatar\/0546ffaa9b79224faf9f2a156b67a529ae861d3287c66c1d8ccfdf909bcba78d?s=96&d=mm&r=g\",\"contentUrl\":\"https:\/\/secure.gravatar.com\/avatar\/0546ffaa9b79224faf9f2a156b67a529ae861d3287c66c1d8ccfdf909bcba78d?s=96&d=mm&r=g\",\"caption\":\"Sebastiano Plutino\"},\"url\":\"https:\/\/progettotouring.it\/radiotouring104\/author\/sebastiano\/\"}]}<\/script>\n<!-- \/ Yoast SEO plugin. -->","yoast_head_json":{"title":"MyEnergy Viola: ingaggiato Josue Mbanxa Bangu.","description":"La Mynergy comunica di aver acquisito le prestazioni sportive del play guardia, 187 cm, classe 2004, Josue Mbanxa Bangu.","robots":{"index":"index","follow":"follow","max-snippet":"max-snippet:-1","max-image-preview":"max-image-preview:large","max-video-preview":"max-video-preview:-1"},"canonical":"https:\/\/progettotouring.it\/radiotouring104\/2024\/07\/23\/myenergy-viola-ingaggiato-josue-mbanxa-bangu\/","og_locale":"it_IT","og_type":"article","og_title":"MyEnergy Viola: ingaggiato Josue Mbanxa Bangu.","og_description":"La Mynergy comunica di aver acquisito le prestazioni sportive del play guardia, 187 cm, classe 2004, Josue Mbanxa Bangu.","og_url":"https:\/\/progettotouring.it\/radiotouring104\/2024\/07\/23\/myenergy-viola-ingaggiato-josue-mbanxa-bangu\/","og_site_name":"Radio Touring 104","article_published_time":"2024-07-23T09:43:17+00:00","og_image":[{"width":300,"height":251,"url":"https:\/\/progettotouring.it\/radiotouring104\/wp-content\/uploads\/sites\/6\/2024\/07\/Bangu-Mynergy.jpeg","type":"image\/jpeg"}],"author":"Sebastiano Plutino","twitter_card":"summary_large_image","twitter_misc":{"Scritto da":"Sebastiano Plutino","Tempo di lettura stimato":"1 minuto"},"schema":{"@context":"https:\/\/schema.org","@graph":[{"@type":"Article","@id":"https:\/\/progettotouring.it\/radiotouring104\/2024\/07\/23\/myenergy-viola-ingaggiato-josue-mbanxa-bangu\/#article","isPartOf":{"@id":"https:\/\/progettotouring.it\/radiotouring104\/2024\/07\/23\/myenergy-viola-ingaggiato-josue-mbanxa-bangu\/"},"author":{"name":"Sebastiano Plutino","@id":"https:\/\/progettotouring.it\/radiotouring104\/#\/schema\/person\/78613917f1851f041f7483f5af1d422e"},"headline":"MyEnergy Viola: ingaggiato Josue Mbanxa Bangu.","datePublished":"2024-07-23T09:43:17+00:00","mainEntityOfPage":{"@id":"https:\/\/progettotouring.it\/radiotouring104\/2024\/07\/23\/myenergy-viola-ingaggiato-josue-mbanxa-bangu\/"},"wordCount":216,"publisher":{"@id":"https:\/\/progettotouring.it\/radiotouring104\/#organization"},"image":{"@id":"https:\/\/progettotouring.it\/radiotouring104\/2024\/07\/23\/myenergy-viola-ingaggiato-josue-mbanxa-bangu\/#primaryimage"},"thumbnailUrl":"https:\/\/progettotouring.it\/radiotouring104\/wp-content\/uploads\/sites\/6\/2024\/07\/Bangu-Mynergy.jpeg","keywords":["Giulio Cadeo","ingaggiato Josue Mbanxa Bangu.","l play guardia classe 2004","Mynergy Viola","play guardia classe 2004"],"articleSection":["News","Reggio Calabria","Sport"],"inLanguage":"it-IT"},{"@type":"WebPage","@id":"https:\/\/progettotouring.it\/radiotouring104\/2024\/07\/23\/myenergy-viola-ingaggiato-josue-mbanxa-bangu\/","url":"https:\/\/progettotouring.it\/radiotouring104\/2024\/07\/23\/myenergy-viola-ingaggiato-josue-mbanxa-bangu\/","name":"MyEnergy Viola: ingaggiato Josue Mbanxa Bangu.","isPartOf":{"@id":"https:\/\/progettotouring.it\/radiotouring104\/#website"},"primaryImageOfPage":{"@id":"https:\/\/progettotouring.it\/radiotouring104\/2024\/07\/23\/myenergy-viola-ingaggiato-josue-mbanxa-bangu\/#primaryimage"},"image":{"@id":"https:\/\/progettotouring.it\/radiotouring104\/2024\/07\/23\/myenergy-viola-ingaggiato-josue-mbanxa-bangu\/#primaryimage"},"thumbnailUrl":"https:\/\/progettotouring.it\/radiotouring104\/wp-content\/uploads\/sites\/6\/2024\/07\/Bangu-Mynergy.jpeg","datePublished":"2024-07-23T09:43:17+00:00","description":"La Mynergy comunica di aver acquisito le prestazioni sportive del play guardia, 187 cm, classe 2004, Josue Mbanxa Bangu.","breadcrumb":{"@id":"https:\/\/progettotouring.it\/radiotouring104\/2024\/07\/23\/myenergy-viola-ingaggiato-josue-mbanxa-bangu\/#breadcrumb"},"inLanguage":"it-IT","potentialAction":[{"@type":"ReadAction","target":["https:\/\/progettotouring.it\/radiotouring104\/2024\/07\/23\/myenergy-viola-ingaggiato-josue-mbanxa-bangu\/"]}]},{"@type":"ImageObject","inLanguage":"it-IT","@id":"https:\/\/progettotouring.it\/radiotouring104\/2024\/07\/23\/myenergy-viola-ingaggiato-josue-mbanxa-bangu\/#primaryimage","url":"https:\/\/progettotouring.it\/radiotouring104\/wp-content\/uploads\/sites\/6\/2024\/07\/Bangu-Mynergy.jpeg","contentUrl":"https:\/\/progettotouring.it\/radiotouring104\/wp-content\/uploads\/sites\/6\/2024\/07\/Bangu-Mynergy.jpeg","width":300,"height":251},{"@type":"BreadcrumbList","@id":"https:\/\/progettotouring.it\/radiotouring104\/2024\/07\/23\/myenergy-viola-ingaggiato-josue-mbanxa-bangu\/#breadcrumb","itemListElement":[{"@type":"ListItem","position":1,"name":"Home","item":"https:\/\/progettotouring.it\/radiotouring104\/"},{"@type":"ListItem","position":2,"name":"MyEnergy Viola: ingaggiato Josue Mbanxa Bangu."}]},{"@type":"WebSite","@id":"https:\/\/progettotouring.it\/radiotouring104\/#website","url":"https:\/\/progettotouring.it\/radiotouring104\/","name":"Radio Touring 104","description":"La prima radio Reggina","publisher":{"@id":"https:\/\/progettotouring.it\/radiotouring104\/#organization"},"potentialAction":[{"@type":"SearchAction","target":{"@type":"EntryPoint","urlTemplate":"https:\/\/progettotouring.it\/radiotouring104\/?s={search_term_string}"},"query-input":{"@type":"PropertyValueSpecification","valueRequired":true,"valueName":"search_term_string"}}],"inLanguage":"it-IT"},{"@type":"Organization","@id":"https:\/\/progettotouring.it\/radiotouring104\/#organization","name":"Radio Touring 104","url":"https:\/\/progettotouring.it\/radiotouring104\/","logo":{"@type":"ImageObject","inLanguage":"it-IT","@id":"https:\/\/progettotouring.it\/radiotouring104\/#\/schema\/logo\/image\/","url":"https:\/\/progettotouring.it\/radiotouring104\/wp-content\/uploads\/sites\/6\/2022\/02\/cropped-logo-radio-touring-104.png","contentUrl":"https:\/\/progettotouring.it\/radiotouring104\/wp-content\/uploads\/sites\/6\/2022\/02\/cropped-logo-radio-touring-104.png","width":377,"height":182,"caption":"Radio Touring 104"},"image":{"@id":"https:\/\/progettotouring.it\/radiotouring104\/#\/schema\/logo\/image\/"}},{"@type":"Person","@id":"https:\/\/progettotouring.it\/radiotouring104\/#\/schema\/person\/78613917f1851f041f7483f5af1d422e","name":"Sebastiano Plutino","image":{"@type":"ImageObject","inLanguage":"it-IT","@id":"https:\/\/secure.gravatar.com\/avatar\/0546ffaa9b79224faf9f2a156b67a529ae861d3287c66c1d8ccfdf909bcba78d?s=96&d=mm&r=g","url":"https:\/\/secure.gravatar.com\/avatar\/0546ffaa9b79224faf9f2a156b67a529ae861d3287c66c1d8ccfdf909bcba78d?s=96&d=mm&r=g","contentUrl":"https:\/\/secure.gravatar.com\/avatar\/0546ffaa9b79224faf9f2a156b67a529ae861d3287c66c1d8ccfdf909bcba78d?s=96&d=mm&r=g","caption":"Sebastiano Plutino"},"url":"https:\/\/progettotouring.it\/radiotouring104\/author\/sebastiano\/"}]}},"jetpack_publicize_connections":[],"jetpack_featured_media_url":"https:\/\/progettotouring.it\/radiotouring104\/wp-content\/uploads\/sites\/6\/2024\/07\/Bangu-Mynergy.jpeg","jetpack_sharing_enabled":true,"_links":{"self":[{"href":"https:\/\/progettotouring.it\/radiotouring104\/wp-json\/wp\/v2\/posts\/55614","targetHints":{"allow":["GET"]}}],"collection":[{"href":"https:\/\/progettotouring.it\/radiotouring104\/wp-json\/wp\/v2\/posts"}],"about":[{"href":"https:\/\/progettotouring.it\/radiotouring104\/wp-json\/wp\/v2\/types\/post"}],"author":[{"embeddable":true,"href":"https:\/\/progettotouring.it\/radiotouring104\/wp-json\/wp\/v2\/users\/12"}],"replies":[{"embeddable":true,"href":"https:\/\/progettotouring.it\/radiotouring104\/wp-json\/wp\/v2\/comments?post=55614"}],"version-history":[{"count":1,"href":"https:\/\/progettotouring.it\/radiotouring104\/wp-json\/wp\/v2\/posts\/55614\/revisions"}],"predecessor-version":[{"id":55616,"href":"https:\/\/progettotouring.it\/radiotouring104\/wp-json\/wp\/v2\/posts\/55614\/revisions\/55616"}],"wp:featuredmedia":[{"embeddable":true,"href":"https:\/\/progettotouring.it\/radiotouring104\/wp-json\/wp\/v2\/media\/55615"}],"wp:attachment":[{"href":"https:\/\/progettotouring.it\/radiotouring104\/wp-json\/wp\/v2\/media?parent=55614"}],"wp:term":[{"taxonomy":"category","embeddable":true,"href":"https:\/\/progettotouring.it\/radiotouring104\/wp-json\/wp\/v2\/categories?post=55614"},{"taxonomy":"post_tag","embeddable":true,"href":"https:\/\/progettotouring.it\/radiotouring104\/wp-json\/wp\/v2\/tags?post=55614"}],"curies":[{"name":"wp","href":"https:\/\/api.w.org\/{rel}","templated":true}]}}