{"id":55617,"date":"2024-07-23T11:51:02","date_gmt":"2024-07-23T09:51:02","guid":{"rendered":"https:\/\/progettotouring.it\/radiotouring104\/?p=55617"},"modified":"2024-07-23T11:51:02","modified_gmt":"2024-07-23T09:51:02","slug":"gioia-tauro-parcheggia-barca-in-pubblica-via-denunciato","status":"publish","type":"post","link":"https:\/\/progettotouring.it\/radiotouring104\/2024\/07\/23\/gioia-tauro-parcheggia-barca-in-pubblica-via-denunciato\/","title":{"rendered":"Gioia Tauro: parcheggia barca in pubblica via, denunciato"},"content":{"rendered":"<p style=\"text-align: justify\">I militari della Stazione <strong>Carabinieri di Gioia Tauro,<\/strong> nell\u2019ambito di un servizio perlustrativo volto alla prevenzione dei reati in genere<strong>, hanno deferito un cittadino\u00a0 che su una via pubblica aveva parcheggiato un\u2019imbarcazione.<\/strong><\/p>\n<p style=\"text-align: justify\">In particolare,<strong> durante un normale pattugliamento<\/strong> nella zona marina di Gioia Tauro, i Carabinieri hanno notato la presenza di un<strong>\u2019imbarcazione lunga circa 10 metri<\/strong>, apparentemente abbandonata e collocata su blocchi di cemento. Tale situazione<strong> impediva il passaggio di mezzi di soccorso,<\/strong> come ambulanze e veicoli antincendio, creando un pericolo per la sicurezza pubblica.<\/p>\n<p style=\"text-align: justify\">L\u2019imbarcazione risultava<strong> priva di motore e di qualsiasi simbolo di riconoscimento,<\/strong> rendendo difficile l\u2019identificazione del proprietario. Tuttavia, grazie a rapidi accertamenti, i militari sono riusciti a risalire al <strong>proprietario, che \u00e8 stato deferito all\u2019Autorit\u00e0 Giudiziaria di Palmi<\/strong> per invasione di terreni o edifici.<\/p>\n<p style=\"text-align: justify\">Grazie all\u2019intervento dell&#8217;Arma dei Carabinieri, la strada \u00e8 ora nuovamente operativa e sicura. Questo episodio dimostra l&#8217;efficacia dell&#8217;attivit\u00e0 di prossimit\u00e0 dell&#8217;Arma dei Carabinieri, sempre impegnata nel monitorare il territorio e ascoltare le esigenze dei cittadini. La presenza costante dei Carabinieri nelle comunit\u00e0 locali favorisce un dialogo diretto con i cittadini, permettendo di individuare e risolvere prontamente situazioni di illegalit\u00e0 o disagio.<\/p>\n<p style=\"text-align: justify\">Il procedimento \u00e8 attualmente pendente in fase di indagini preliminari e l\u2019effettiva responsabilit\u00e0 dell\u2019indagato sar\u00e0 vagliata nel corso del successivo processo.<\/p>\n<p style=\"text-align: justify\">\n","protected":false},"excerpt":{"rendered":"<p>I militari della Stazione Carabinieri di Gioia Tauro, nell\u2019ambito di un servizio perlustrativo volto alla prevenzione dei reati in genere, hanno deferito un cittadino\u00a0 che su una via pubblica aveva&hellip;<\/p>\n","protected":false},"author":12,"featured_media":55618,"comment_status":"closed","ping_status":"open","sticky":false,"template":"","format":"standard","meta":{"_jetpack_memberships_contains_paid_content":false,"footnotes":"","jetpack_publicize_message":"","jetpack_publicize_feature_enabled":true,"jetpack_social_post_already_shared":false,"jetpack_social_options":{"image_generator_settings":{"template":"highway","default_image_id":0,"font":"","enabled":false},"version":2}},"categories":[921,196,140],"tags":[9910,34142,34141],"class_list":["post-55617","post","type-post","status-publish","format-standard","has-post-thumbnail","hentry","category-home","category-news","category-reggio-calabria","tag-carabinieri-gioia-tauro","tag-denunciato-un-cittadino","tag-parcheggia-barca-in-pubblica-via"],"yoast_head":"<!-- This site is optimized with the Yoast SEO plugin v27.2 - https:\/\/yoast.com\/product\/yoast-seo-wordpress\/ -->\n<title>Gioia Tauro: parcheggia barca in pubblica via, denunciato<\/title>\n<meta name=\"description\" content=\"I Carabinieri di Gioia Tauro hanno deferito un cittadino\u00a0che, su una via pubblica, aveva parcheggiato un\u2019imbarcazione.\" \/>\n<meta name=\"robots\" content=\"index, follow, max-snippet:-1, max-image-preview:large, max-video-preview:-1\" \/>\n<link rel=\"canonical\" href=\"https:\/\/progettotouring.it\/radiotouring104\/2024\/07\/23\/gioia-tauro-parcheggia-barca-in-pubblica-via-denunciato\/\" \/>\n<meta property=\"og:locale\" content=\"it_IT\" \/>\n<meta property=\"og:type\" content=\"article\" \/>\n<meta property=\"og:title\" content=\"Gioia Tauro: parcheggia barca in pubblica via, denunciato\" \/>\n<meta property=\"og:description\" content=\"I Carabinieri di Gioia Tauro hanno deferito un cittadino\u00a0che, su una via pubblica, aveva parcheggiato un\u2019imbarcazione.\" \/>\n<meta property=\"og:url\" content=\"https:\/\/progettotouring.it\/radiotouring104\/2024\/07\/23\/gioia-tauro-parcheggia-barca-in-pubblica-via-denunciato\/\" \/>\n<meta property=\"og:site_name\" content=\"Radio Touring 104\" \/>\n<meta property=\"article:published_time\" content=\"2024-07-23T09:51:02+00:00\" \/>\n<meta property=\"og:image\" content=\"https:\/\/progettotouring.it\/radiotouring104\/wp-content\/uploads\/sites\/6\/2024\/07\/barca-Gioia-Tauro.jpg\" \/>\n\t<meta property=\"og:image:width\" content=\"503\" \/>\n\t<meta property=\"og:image:height\" content=\"370\" \/>\n\t<meta property=\"og:image:type\" content=\"image\/jpeg\" \/>\n<meta name=\"author\" content=\"Sebastiano Plutino\" \/>\n<meta name=\"twitter:card\" content=\"summary_large_image\" \/>\n<meta name=\"twitter:label1\" content=\"Scritto da\" \/>\n\t<meta name=\"twitter:data1\" content=\"Sebastiano Plutino\" \/>\n\t<meta name=\"twitter:label2\" content=\"Tempo di lettura stimato\" \/>\n\t<meta name=\"twitter:data2\" content=\"1 minuto\" \/>\n<script type=\"application\/ld+json\" class=\"yoast-schema-graph\">{\"@context\":\"https:\/\/schema.org\",\"@graph\":[{\"@type\":\"Article\",\"@id\":\"https:\/\/progettotouring.it\/radiotouring104\/2024\/07\/23\/gioia-tauro-parcheggia-barca-in-pubblica-via-denunciato\/#article\",\"isPartOf\":{\"@id\":\"https:\/\/progettotouring.it\/radiotouring104\/2024\/07\/23\/gioia-tauro-parcheggia-barca-in-pubblica-via-denunciato\/\"},\"author\":{\"name\":\"Sebastiano Plutino\",\"@id\":\"https:\/\/progettotouring.it\/radiotouring104\/#\/schema\/person\/78613917f1851f041f7483f5af1d422e\"},\"headline\":\"Gioia Tauro: parcheggia barca in pubblica via, denunciato\",\"datePublished\":\"2024-07-23T09:51:02+00:00\",\"mainEntityOfPage\":{\"@id\":\"https:\/\/progettotouring.it\/radiotouring104\/2024\/07\/23\/gioia-tauro-parcheggia-barca-in-pubblica-via-denunciato\/\"},\"wordCount\":223,\"publisher\":{\"@id\":\"https:\/\/progettotouring.it\/radiotouring104\/#organization\"},\"image\":{\"@id\":\"https:\/\/progettotouring.it\/radiotouring104\/2024\/07\/23\/gioia-tauro-parcheggia-barca-in-pubblica-via-denunciato\/#primaryimage\"},\"thumbnailUrl\":\"https:\/\/progettotouring.it\/radiotouring104\/wp-content\/uploads\/sites\/6\/2024\/07\/barca-Gioia-Tauro.jpg\",\"keywords\":[\"Carabinieri Gioia Tauro\",\"denunciato un cittadino\",\"parcheggia barca in pubblica via\"],\"articleSection\":[\"Home\",\"News\",\"Reggio Calabria\"],\"inLanguage\":\"it-IT\"},{\"@type\":\"WebPage\",\"@id\":\"https:\/\/progettotouring.it\/radiotouring104\/2024\/07\/23\/gioia-tauro-parcheggia-barca-in-pubblica-via-denunciato\/\",\"url\":\"https:\/\/progettotouring.it\/radiotouring104\/2024\/07\/23\/gioia-tauro-parcheggia-barca-in-pubblica-via-denunciato\/\",\"name\":\"Gioia Tauro: parcheggia barca in pubblica via, denunciato\",\"isPartOf\":{\"@id\":\"https:\/\/progettotouring.it\/radiotouring104\/#website\"},\"primaryImageOfPage\":{\"@id\":\"https:\/\/progettotouring.it\/radiotouring104\/2024\/07\/23\/gioia-tauro-parcheggia-barca-in-pubblica-via-denunciato\/#primaryimage\"},\"image\":{\"@id\":\"https:\/\/progettotouring.it\/radiotouring104\/2024\/07\/23\/gioia-tauro-parcheggia-barca-in-pubblica-via-denunciato\/#primaryimage\"},\"thumbnailUrl\":\"https:\/\/progettotouring.it\/radiotouring104\/wp-content\/uploads\/sites\/6\/2024\/07\/barca-Gioia-Tauro.jpg\",\"datePublished\":\"2024-07-23T09:51:02+00:00\",\"description\":\"I Carabinieri di Gioia Tauro hanno deferito un cittadino\u00a0che, su una via pubblica, aveva parcheggiato un\u2019imbarcazione.\",\"breadcrumb\":{\"@id\":\"https:\/\/progettotouring.it\/radiotouring104\/2024\/07\/23\/gioia-tauro-parcheggia-barca-in-pubblica-via-denunciato\/#breadcrumb\"},\"inLanguage\":\"it-IT\",\"potentialAction\":[{\"@type\":\"ReadAction\",\"target\":[\"https:\/\/progettotouring.it\/radiotouring104\/2024\/07\/23\/gioia-tauro-parcheggia-barca-in-pubblica-via-denunciato\/\"]}]},{\"@type\":\"ImageObject\",\"inLanguage\":\"it-IT\",\"@id\":\"https:\/\/progettotouring.it\/radiotouring104\/2024\/07\/23\/gioia-tauro-parcheggia-barca-in-pubblica-via-denunciato\/#primaryimage\",\"url\":\"https:\/\/progettotouring.it\/radiotouring104\/wp-content\/uploads\/sites\/6\/2024\/07\/barca-Gioia-Tauro.jpg\",\"contentUrl\":\"https:\/\/progettotouring.it\/radiotouring104\/wp-content\/uploads\/sites\/6\/2024\/07\/barca-Gioia-Tauro.jpg\",\"width\":503,\"height\":370},{\"@type\":\"BreadcrumbList\",\"@id\":\"https:\/\/progettotouring.it\/radiotouring104\/2024\/07\/23\/gioia-tauro-parcheggia-barca-in-pubblica-via-denunciato\/#breadcrumb\",\"itemListElement\":[{\"@type\":\"ListItem\",\"position\":1,\"name\":\"Home\",\"item\":\"https:\/\/progettotouring.it\/radiotouring104\/\"},{\"@type\":\"ListItem\",\"position\":2,\"name\":\"Gioia Tauro: parcheggia barca in pubblica via, denunciato\"}]},{\"@type\":\"WebSite\",\"@id\":\"https:\/\/progettotouring.it\/radiotouring104\/#website\",\"url\":\"https:\/\/progettotouring.it\/radiotouring104\/\",\"name\":\"Radio Touring 104\",\"description\":\"La prima radio Reggina\",\"publisher\":{\"@id\":\"https:\/\/progettotouring.it\/radiotouring104\/#organization\"},\"potentialAction\":[{\"@type\":\"SearchAction\",\"target\":{\"@type\":\"EntryPoint\",\"urlTemplate\":\"https:\/\/progettotouring.it\/radiotouring104\/?s={search_term_string}\"},\"query-input\":{\"@type\":\"PropertyValueSpecification\",\"valueRequired\":true,\"valueName\":\"search_term_string\"}}],\"inLanguage\":\"it-IT\"},{\"@type\":\"Organization\",\"@id\":\"https:\/\/progettotouring.it\/radiotouring104\/#organization\",\"name\":\"Radio Touring 104\",\"url\":\"https:\/\/progettotouring.it\/radiotouring104\/\",\"logo\":{\"@type\":\"ImageObject\",\"inLanguage\":\"it-IT\",\"@id\":\"https:\/\/progettotouring.it\/radiotouring104\/#\/schema\/logo\/image\/\",\"url\":\"https:\/\/progettotouring.it\/radiotouring104\/wp-content\/uploads\/sites\/6\/2022\/02\/cropped-logo-radio-touring-104.png\",\"contentUrl\":\"https:\/\/progettotouring.it\/radiotouring104\/wp-content\/uploads\/sites\/6\/2022\/02\/cropped-logo-radio-touring-104.png\",\"width\":377,\"height\":182,\"caption\":\"Radio Touring 104\"},\"image\":{\"@id\":\"https:\/\/progettotouring.it\/radiotouring104\/#\/schema\/logo\/image\/\"}},{\"@type\":\"Person\",\"@id\":\"https:\/\/progettotouring.it\/radiotouring104\/#\/schema\/person\/78613917f1851f041f7483f5af1d422e\",\"name\":\"Sebastiano Plutino\",\"image\":{\"@type\":\"ImageObject\",\"inLanguage\":\"it-IT\",\"@id\":\"https:\/\/secure.gravatar.com\/avatar\/0546ffaa9b79224faf9f2a156b67a529ae861d3287c66c1d8ccfdf909bcba78d?s=96&d=mm&r=g\",\"url\":\"https:\/\/secure.gravatar.com\/avatar\/0546ffaa9b79224faf9f2a156b67a529ae861d3287c66c1d8ccfdf909bcba78d?s=96&d=mm&r=g\",\"contentUrl\":\"https:\/\/secure.gravatar.com\/avatar\/0546ffaa9b79224faf9f2a156b67a529ae861d3287c66c1d8ccfdf909bcba78d?s=96&d=mm&r=g\",\"caption\":\"Sebastiano Plutino\"},\"url\":\"https:\/\/progettotouring.it\/radiotouring104\/author\/sebastiano\/\"}]}<\/script>\n<!-- \/ Yoast SEO plugin. -->","yoast_head_json":{"title":"Gioia Tauro: parcheggia barca in pubblica via, denunciato","description":"I Carabinieri di Gioia Tauro hanno deferito un cittadino\u00a0che, su una via pubblica, aveva parcheggiato un\u2019imbarcazione.","robots":{"index":"index","follow":"follow","max-snippet":"max-snippet:-1","max-image-preview":"max-image-preview:large","max-video-preview":"max-video-preview:-1"},"canonical":"https:\/\/progettotouring.it\/radiotouring104\/2024\/07\/23\/gioia-tauro-parcheggia-barca-in-pubblica-via-denunciato\/","og_locale":"it_IT","og_type":"article","og_title":"Gioia Tauro: parcheggia barca in pubblica via, denunciato","og_description":"I Carabinieri di Gioia Tauro hanno deferito un cittadino\u00a0che, su una via pubblica, aveva parcheggiato un\u2019imbarcazione.","og_url":"https:\/\/progettotouring.it\/radiotouring104\/2024\/07\/23\/gioia-tauro-parcheggia-barca-in-pubblica-via-denunciato\/","og_site_name":"Radio Touring 104","article_published_time":"2024-07-23T09:51:02+00:00","og_image":[{"width":503,"height":370,"url":"https:\/\/progettotouring.it\/radiotouring104\/wp-content\/uploads\/sites\/6\/2024\/07\/barca-Gioia-Tauro.jpg","type":"image\/jpeg"}],"author":"Sebastiano Plutino","twitter_card":"summary_large_image","twitter_misc":{"Scritto da":"Sebastiano Plutino","Tempo di lettura stimato":"1 minuto"},"schema":{"@context":"https:\/\/schema.org","@graph":[{"@type":"Article","@id":"https:\/\/progettotouring.it\/radiotouring104\/2024\/07\/23\/gioia-tauro-parcheggia-barca-in-pubblica-via-denunciato\/#article","isPartOf":{"@id":"https:\/\/progettotouring.it\/radiotouring104\/2024\/07\/23\/gioia-tauro-parcheggia-barca-in-pubblica-via-denunciato\/"},"author":{"name":"Sebastiano Plutino","@id":"https:\/\/progettotouring.it\/radiotouring104\/#\/schema\/person\/78613917f1851f041f7483f5af1d422e"},"headline":"Gioia Tauro: parcheggia barca in pubblica via, denunciato","datePublished":"2024-07-23T09:51:02+00:00","mainEntityOfPage":{"@id":"https:\/\/progettotouring.it\/radiotouring104\/2024\/07\/23\/gioia-tauro-parcheggia-barca-in-pubblica-via-denunciato\/"},"wordCount":223,"publisher":{"@id":"https:\/\/progettotouring.it\/radiotouring104\/#organization"},"image":{"@id":"https:\/\/progettotouring.it\/radiotouring104\/2024\/07\/23\/gioia-tauro-parcheggia-barca-in-pubblica-via-denunciato\/#primaryimage"},"thumbnailUrl":"https:\/\/progettotouring.it\/radiotouring104\/wp-content\/uploads\/sites\/6\/2024\/07\/barca-Gioia-Tauro.jpg","keywords":["Carabinieri Gioia Tauro","denunciato un cittadino","parcheggia barca in pubblica via"],"articleSection":["Home","News","Reggio Calabria"],"inLanguage":"it-IT"},{"@type":"WebPage","@id":"https:\/\/progettotouring.it\/radiotouring104\/2024\/07\/23\/gioia-tauro-parcheggia-barca-in-pubblica-via-denunciato\/","url":"https:\/\/progettotouring.it\/radiotouring104\/2024\/07\/23\/gioia-tauro-parcheggia-barca-in-pubblica-via-denunciato\/","name":"Gioia Tauro: parcheggia barca in pubblica via, denunciato","isPartOf":{"@id":"https:\/\/progettotouring.it\/radiotouring104\/#website"},"primaryImageOfPage":{"@id":"https:\/\/progettotouring.it\/radiotouring104\/2024\/07\/23\/gioia-tauro-parcheggia-barca-in-pubblica-via-denunciato\/#primaryimage"},"image":{"@id":"https:\/\/progettotouring.it\/radiotouring104\/2024\/07\/23\/gioia-tauro-parcheggia-barca-in-pubblica-via-denunciato\/#primaryimage"},"thumbnailUrl":"https:\/\/progettotouring.it\/radiotouring104\/wp-content\/uploads\/sites\/6\/2024\/07\/barca-Gioia-Tauro.jpg","datePublished":"2024-07-23T09:51:02+00:00","description":"I Carabinieri di Gioia Tauro hanno deferito un cittadino\u00a0che, su una via pubblica, aveva parcheggiato un\u2019imbarcazione.","breadcrumb":{"@id":"https:\/\/progettotouring.it\/radiotouring104\/2024\/07\/23\/gioia-tauro-parcheggia-barca-in-pubblica-via-denunciato\/#breadcrumb"},"inLanguage":"it-IT","potentialAction":[{"@type":"ReadAction","target":["https:\/\/progettotouring.it\/radiotouring104\/2024\/07\/23\/gioia-tauro-parcheggia-barca-in-pubblica-via-denunciato\/"]}]},{"@type":"ImageObject","inLanguage":"it-IT","@id":"https:\/\/progettotouring.it\/radiotouring104\/2024\/07\/23\/gioia-tauro-parcheggia-barca-in-pubblica-via-denunciato\/#primaryimage","url":"https:\/\/progettotouring.it\/radiotouring104\/wp-content\/uploads\/sites\/6\/2024\/07\/barca-Gioia-Tauro.jpg","contentUrl":"https:\/\/progettotouring.it\/radiotouring104\/wp-content\/uploads\/sites\/6\/2024\/07\/barca-Gioia-Tauro.jpg","width":503,"height":370},{"@type":"BreadcrumbList","@id":"https:\/\/progettotouring.it\/radiotouring104\/2024\/07\/23\/gioia-tauro-parcheggia-barca-in-pubblica-via-denunciato\/#breadcrumb","itemListElement":[{"@type":"ListItem","position":1,"name":"Home","item":"https:\/\/progettotouring.it\/radiotouring104\/"},{"@type":"ListItem","position":2,"name":"Gioia Tauro: parcheggia barca in pubblica via, denunciato"}]},{"@type":"WebSite","@id":"https:\/\/progettotouring.it\/radiotouring104\/#website","url":"https:\/\/progettotouring.it\/radiotouring104\/","name":"Radio Touring 104","description":"La prima radio Reggina","publisher":{"@id":"https:\/\/progettotouring.it\/radiotouring104\/#organization"},"potentialAction":[{"@type":"SearchAction","target":{"@type":"EntryPoint","urlTemplate":"https:\/\/progettotouring.it\/radiotouring104\/?s={search_term_string}"},"query-input":{"@type":"PropertyValueSpecification","valueRequired":true,"valueName":"search_term_string"}}],"inLanguage":"it-IT"},{"@type":"Organization","@id":"https:\/\/progettotouring.it\/radiotouring104\/#organization","name":"Radio Touring 104","url":"https:\/\/progettotouring.it\/radiotouring104\/","logo":{"@type":"ImageObject","inLanguage":"it-IT","@id":"https:\/\/progettotouring.it\/radiotouring104\/#\/schema\/logo\/image\/","url":"https:\/\/progettotouring.it\/radiotouring104\/wp-content\/uploads\/sites\/6\/2022\/02\/cropped-logo-radio-touring-104.png","contentUrl":"https:\/\/progettotouring.it\/radiotouring104\/wp-content\/uploads\/sites\/6\/2022\/02\/cropped-logo-radio-touring-104.png","width":377,"height":182,"caption":"Radio Touring 104"},"image":{"@id":"https:\/\/progettotouring.it\/radiotouring104\/#\/schema\/logo\/image\/"}},{"@type":"Person","@id":"https:\/\/progettotouring.it\/radiotouring104\/#\/schema\/person\/78613917f1851f041f7483f5af1d422e","name":"Sebastiano Plutino","image":{"@type":"ImageObject","inLanguage":"it-IT","@id":"https:\/\/secure.gravatar.com\/avatar\/0546ffaa9b79224faf9f2a156b67a529ae861d3287c66c1d8ccfdf909bcba78d?s=96&d=mm&r=g","url":"https:\/\/secure.gravatar.com\/avatar\/0546ffaa9b79224faf9f2a156b67a529ae861d3287c66c1d8ccfdf909bcba78d?s=96&d=mm&r=g","contentUrl":"https:\/\/secure.gravatar.com\/avatar\/0546ffaa9b79224faf9f2a156b67a529ae861d3287c66c1d8ccfdf909bcba78d?s=96&d=mm&r=g","caption":"Sebastiano Plutino"},"url":"https:\/\/progettotouring.it\/radiotouring104\/author\/sebastiano\/"}]}},"jetpack_publicize_connections":[],"jetpack_featured_media_url":"https:\/\/progettotouring.it\/radiotouring104\/wp-content\/uploads\/sites\/6\/2024\/07\/barca-Gioia-Tauro.jpg","jetpack_sharing_enabled":true,"_links":{"self":[{"href":"https:\/\/progettotouring.it\/radiotouring104\/wp-json\/wp\/v2\/posts\/55617","targetHints":{"allow":["GET"]}}],"collection":[{"href":"https:\/\/progettotouring.it\/radiotouring104\/wp-json\/wp\/v2\/posts"}],"about":[{"href":"https:\/\/progettotouring.it\/radiotouring104\/wp-json\/wp\/v2\/types\/post"}],"author":[{"embeddable":true,"href":"https:\/\/progettotouring.it\/radiotouring104\/wp-json\/wp\/v2\/users\/12"}],"replies":[{"embeddable":true,"href":"https:\/\/progettotouring.it\/radiotouring104\/wp-json\/wp\/v2\/comments?post=55617"}],"version-history":[{"count":1,"href":"https:\/\/progettotouring.it\/radiotouring104\/wp-json\/wp\/v2\/posts\/55617\/revisions"}],"predecessor-version":[{"id":55619,"href":"https:\/\/progettotouring.it\/radiotouring104\/wp-json\/wp\/v2\/posts\/55617\/revisions\/55619"}],"wp:featuredmedia":[{"embeddable":true,"href":"https:\/\/progettotouring.it\/radiotouring104\/wp-json\/wp\/v2\/media\/55618"}],"wp:attachment":[{"href":"https:\/\/progettotouring.it\/radiotouring104\/wp-json\/wp\/v2\/media?parent=55617"}],"wp:term":[{"taxonomy":"category","embeddable":true,"href":"https:\/\/progettotouring.it\/radiotouring104\/wp-json\/wp\/v2\/categories?post=55617"},{"taxonomy":"post_tag","embeddable":true,"href":"https:\/\/progettotouring.it\/radiotouring104\/wp-json\/wp\/v2\/tags?post=55617"}],"curies":[{"name":"wp","href":"https:\/\/api.w.org\/{rel}","templated":true}]}}