{"id":55620,"date":"2024-07-23T11:59:19","date_gmt":"2024-07-23T09:59:19","guid":{"rendered":"https:\/\/progettotouring.it\/radiotouring104\/?p=55620"},"modified":"2024-07-23T11:59:19","modified_gmt":"2024-07-23T09:59:19","slug":"circolo-reggio-sud-al-via-la-raccolta-firme-contro-lautonomia-differenziata","status":"publish","type":"post","link":"https:\/\/progettotouring.it\/radiotouring104\/2024\/07\/23\/circolo-reggio-sud-al-via-la-raccolta-firme-contro-lautonomia-differenziata\/","title":{"rendered":"Circolo Reggio Sud: al via la raccolta firme contro l&#8217;Autonomia Differenziata"},"content":{"rendered":"<p style=\"text-align: justify\"><i>ll\u00a0<b>Circolo Reggiosud<\/b>\u00a0non perde tempo! infatti \u00e8 tra i primi soggetti politici ad attivarsi per la raccolta firme contro l&#8217;autonomia differenziata. La raccolta firme in questione serve ad ottenere il referendum per l&#8217;abrogazione della legge stessa. Ci sono ancora moltissimi cittadini che non hanno ben compreso come funzioner\u00e0 il nuovo sistema e quali nefaste conseguenze porter\u00e0 al Meridione d&#8217;Italia. Per questi motivi il circolo\u00a0<\/i>Reggiosud<i>\u00a0ha prodotto e stampato un volantino esplicativo, dal titolo\u00a0<\/i><b><i>&#8220;Autonomia differenziata: il delitto perfetto contro il Sud&#8221;<\/i><\/b><i> che distribuir\u00e0 ai reggini che vorranno saperne di pi\u00f9. <\/i><strong>Per firmare e confrontarsi sulla tematica l&#8217;appuntamento \u00e8 domani, oggi, <u>presso la sede del circolo in via sbarre <\/u><\/strong><strong><u>inferiori\u00a084 dalle 9 alle 12 e dalle 17 alle 20.<\/u><\/strong><\/p>\n<p style=\"text-align: justify\"><strong>Autonomia differenziata: il delitto perfetto contro il Sud!<\/strong><\/p>\n<p dir=\"ltr\" style=\"text-align: justify\">Con l\u2019autonomia differenziata (AD) fine dello stato unitario. Dal 2027\u00a0ogni regione dovr\u00e0 mantenersi con le tasse incassate sul territorio (D.Lgs n. 168\/2011 per come modificato dalla legge n. 197 del 2022, art. 1, comma 788 governo Meloni).<\/p>\n<p dir=\"ltr\" style=\"text-align: justify\">LA CALABRIA INCASSA IL 51% D\u00cc QUELLO CHE SPENDE.\u00a0Lo Stato grazie al surplus fiscale del Nord versa quale trasferimenti erariali alla Calabria\u00a0circa 5,34 miliardi\u00a0(il bilancio della Regione \u00e8 circa 5,5 miliardi).\u00a0Con l\u2019A.D. non ci saranno pi\u00f9. Senza questi fondi chiuderanno:\u00a0ospedali, scuole, trasporto pubblico locale\u00a0 e servizi sociali.<\/p>\n<p dir=\"ltr\" style=\"text-align: justify\"><strong>SANIT\u00c0 CALABRIA &#8211; EFFETTI NEFASTI DELL\u2019AD<\/strong><\/p>\n<p dir=\"ltr\" style=\"text-align: justify\">Su una spesa storica (DPCM 30 agosto 2021) di oltre 3 miliardi (complessiva 4,5 miliardi) vengono dati\u00a0\u00a01,6 miliardi\u00a0quale\u00a0perequazione (art. 119 costituzione), senza\u00a0 questo trasferimento\u00a0DOVREMO COMPRARE LE MEDICINE &#8211; CHI NON HA SOLDI MUORE,\u00a0fine della sanit\u00e0 pubblica.Nell\u2019anno 2022 per ogni abitante dell\u2019Emilia Romagna la spesa sanitaria pro-capite \u00e8 stata\u00a0 di\u00a0\u00a02.495\u00a0euro l\u2019anno (747 euro in pi\u00f9),\u00a0per un calabrese\u00a0\u00a01.748\u00a0\u00a0euro, con l\u2019AD saranno\u00a0839 euro\u00a0(908 euro in meno a testa).<\/p>\n<p style=\"text-align: justify\">\n<p dir=\"ltr\" style=\"text-align: justify\"><strong>DIMINUIR\u00c0 IL PERSONALE SANITARIO E SCOLASTICO\u00a0<\/strong>in quanto nelle materie non LEP (livelli essenziali delle prestazioni) gi\u00e0 richieste dalle Regioni del nord si\u00a0possono differenziare gli stipendi sino\u00a0 a\u00a0 raddoppiarli\u00a0con fondi regionali (tramite contratti integrativi regionali).<\/p>\n<p dir=\"ltr\" style=\"text-align: justify\"><strong>ANDRANNO VIA MIGLIAIA D\u00cc MEDICI, INFERMIERI E PROFESSORI,\u00a0<\/strong>saremo costretti a trasferirci la NORD per qualunque tipo d\u2019intervento e per\u00a0 studiare (sino\u00a0 a che non lo vieteranno). La Calabria spende circa 280 milioni l\u2019anno, per cure fuori regione con l\u2019AD non ci saranno pi\u00f9 i fondi per rimborsare le regioni dove i calabresi si curano e saremo respinti.<\/p>\n<p dir=\"ltr\" style=\"text-align: justify\"><strong>PER ANZIANI E FRAGILI<\/strong>\u00a0non ci saranno pi\u00f9 i fondi per comprare costosi medicinali (una scatola di cp. antitumorale costa sino\u00a0 a 10.000 euro al mese). Nel 2022\u00a0\u00a0il 52% degli interventi oncologici\u00a0(n. 3.100 dati SVIMEZ) di calabresi sono stati fatti fuori regione. La vita \u00e8 una sola e non si pu\u00f2 morire per la cattiva sanit\u00e0 calabrese (commissariata dal 2009 per debiti e LEA sotto la soglia mix di\u00a0 60).<\/p>\n<p dir=\"ltr\" style=\"text-align: justify\"><strong>SCUOLA\u00a0 e AUTONOMIA DIFFERENZIATA:<\/strong>\u00a0Sar\u00e0 la Regione a stabilire i programmi scolastici complementari e la quantit\u00e0\u00a0 personale da assumere\u00a0(pi\u00f9 professori rispetto a quanto stabilito dalla Stato), ci sar\u00e0 un sistema integrato d\u2019istruzione, per cui un diplomato o laureato del Nord sar\u00e0 meglio formato e quelli del sud non troveranno lavoro.\u00a0 La programmazione delle universit\u00e0 del nord sar\u00e0 finalizzata per favorire lo sviluppo sociale di quelle regioni con corsi di studi ad hoc (quindi i laureati nel sud saranno molto meno qualificati).<\/p>\n<p dir=\"ltr\" style=\"text-align: justify\"><strong>PER IL TRASPORTO PUBBLICO LOCALE CI SARANNO MENO FONDI PER COMPRARE AUTOBUS E PULMANN<\/strong>\u00a0Le regioni come la Calabria compra i mezzi del trasporto pubblico in conto capitale con il fondo perequativo (cio\u00e8 soldi del Nord trasferiti al sud), senza di questi dovremo viaggiare con il ciuccio-bis o a piedi. L\u2019autonomia differenziata\u00a0 non fa altro che trattenere il surplus fiscale delle regioni del nord Piemonte, Lombardia (53 miliardi), Veneto, Liguria &#8211; Emilia Romagna \u2013 Lazio, complessivamente sono\u00a0circa 93 miliardi di questi circa 43 miliardi\u00a0 sono trasferimenti erariali).<\/p>\n","protected":false},"excerpt":{"rendered":"<p>ll\u00a0Circolo Reggiosud\u00a0non perde tempo! infatti \u00e8 tra i primi soggetti politici ad attivarsi per la raccolta firme contro l&#8217;autonomia differenziata. La raccolta firme in questione serve ad ottenere il referendum&hellip;<\/p>\n","protected":false},"author":12,"featured_media":43897,"comment_status":"closed","ping_status":"open","sticky":false,"template":"","format":"standard","meta":{"_jetpack_memberships_contains_paid_content":false,"footnotes":"","jetpack_publicize_message":"","jetpack_publicize_feature_enabled":true,"jetpack_social_post_already_shared":false,"jetpack_social_options":{"image_generator_settings":{"template":"highway","default_image_id":0,"font":"","enabled":false},"version":2}},"categories":[921,196,140],"tags":[6518,26271,34143,33937],"class_list":["post-55620","post","type-post","status-publish","format-standard","has-post-thumbnail","hentry","category-home","category-news","category-reggio-calabria","tag-autonomia-differenziata","tag-circolo-reggio-sud","tag-parte-raccolta-firme","tag-referendum-abrogativo"],"yoast_head":"<!-- This site is optimized with the Yoast SEO plugin v27.2 - https:\/\/yoast.com\/product\/yoast-seo-wordpress\/ -->\n<title>Circolo Reggio Sud: parte la raccolta firme contro l&#039;Autonomia<\/title>\n<meta name=\"description\" content=\"Per firmare e confrontarsi sul tema l&#039;appuntamento \u00e8 oggi, presso la sede del circolo, dalle 9 alle 12 e dalle 17 alle 20.\" \/>\n<meta name=\"robots\" content=\"index, follow, max-snippet:-1, max-image-preview:large, max-video-preview:-1\" \/>\n<link rel=\"canonical\" href=\"https:\/\/progettotouring.it\/radiotouring104\/2024\/07\/23\/circolo-reggio-sud-al-via-la-raccolta-firme-contro-lautonomia-differenziata\/\" \/>\n<meta property=\"og:locale\" content=\"it_IT\" \/>\n<meta property=\"og:type\" content=\"article\" \/>\n<meta property=\"og:title\" content=\"Circolo Reggio Sud: parte la raccolta firme contro l&#039;Autonomia\" \/>\n<meta property=\"og:description\" content=\"Per firmare e confrontarsi sul tema l&#039;appuntamento \u00e8 oggi, presso la sede del circolo, dalle 9 alle 12 e dalle 17 alle 20.\" \/>\n<meta property=\"og:url\" content=\"https:\/\/progettotouring.it\/radiotouring104\/2024\/07\/23\/circolo-reggio-sud-al-via-la-raccolta-firme-contro-lautonomia-differenziata\/\" \/>\n<meta property=\"og:site_name\" content=\"Radio Touring 104\" \/>\n<meta property=\"article:published_time\" content=\"2024-07-23T09:59:19+00:00\" \/>\n<meta property=\"og:image\" content=\"https:\/\/progettotouring.it\/radiotouring104\/wp-content\/uploads\/sites\/6\/2024\/02\/Circolo-Reggio-Sud.jpg\" \/>\n\t<meta property=\"og:image:width\" content=\"960\" \/>\n\t<meta property=\"og:image:height\" content=\"960\" \/>\n\t<meta property=\"og:image:type\" content=\"image\/jpeg\" \/>\n<meta name=\"author\" content=\"Sebastiano Plutino\" \/>\n<meta name=\"twitter:card\" content=\"summary_large_image\" \/>\n<meta name=\"twitter:label1\" content=\"Scritto da\" \/>\n\t<meta name=\"twitter:data1\" content=\"Sebastiano Plutino\" \/>\n\t<meta name=\"twitter:label2\" content=\"Tempo di lettura stimato\" \/>\n\t<meta name=\"twitter:data2\" content=\"3 minuti\" \/>\n<script type=\"application\/ld+json\" class=\"yoast-schema-graph\">{\"@context\":\"https:\/\/schema.org\",\"@graph\":[{\"@type\":\"Article\",\"@id\":\"https:\/\/progettotouring.it\/radiotouring104\/2024\/07\/23\/circolo-reggio-sud-al-via-la-raccolta-firme-contro-lautonomia-differenziata\/#article\",\"isPartOf\":{\"@id\":\"https:\/\/progettotouring.it\/radiotouring104\/2024\/07\/23\/circolo-reggio-sud-al-via-la-raccolta-firme-contro-lautonomia-differenziata\/\"},\"author\":{\"name\":\"Sebastiano Plutino\",\"@id\":\"https:\/\/progettotouring.it\/radiotouring104\/#\/schema\/person\/78613917f1851f041f7483f5af1d422e\"},\"headline\":\"Circolo Reggio Sud: al via la raccolta firme contro l&#8217;Autonomia Differenziata\",\"datePublished\":\"2024-07-23T09:59:19+00:00\",\"mainEntityOfPage\":{\"@id\":\"https:\/\/progettotouring.it\/radiotouring104\/2024\/07\/23\/circolo-reggio-sud-al-via-la-raccolta-firme-contro-lautonomia-differenziata\/\"},\"wordCount\":623,\"publisher\":{\"@id\":\"https:\/\/progettotouring.it\/radiotouring104\/#organization\"},\"image\":{\"@id\":\"https:\/\/progettotouring.it\/radiotouring104\/2024\/07\/23\/circolo-reggio-sud-al-via-la-raccolta-firme-contro-lautonomia-differenziata\/#primaryimage\"},\"thumbnailUrl\":\"https:\/\/progettotouring.it\/radiotouring104\/wp-content\/uploads\/sites\/6\/2024\/02\/Circolo-Reggio-Sud.jpg\",\"keywords\":[\"autonomia differenziata\",\"Circolo Reggio Sud\",\"parte raccolta firme\",\"referendum abrogativo\"],\"articleSection\":[\"Home\",\"News\",\"Reggio Calabria\"],\"inLanguage\":\"it-IT\"},{\"@type\":\"WebPage\",\"@id\":\"https:\/\/progettotouring.it\/radiotouring104\/2024\/07\/23\/circolo-reggio-sud-al-via-la-raccolta-firme-contro-lautonomia-differenziata\/\",\"url\":\"https:\/\/progettotouring.it\/radiotouring104\/2024\/07\/23\/circolo-reggio-sud-al-via-la-raccolta-firme-contro-lautonomia-differenziata\/\",\"name\":\"Circolo Reggio Sud: parte la raccolta firme contro l'Autonomia\",\"isPartOf\":{\"@id\":\"https:\/\/progettotouring.it\/radiotouring104\/#website\"},\"primaryImageOfPage\":{\"@id\":\"https:\/\/progettotouring.it\/radiotouring104\/2024\/07\/23\/circolo-reggio-sud-al-via-la-raccolta-firme-contro-lautonomia-differenziata\/#primaryimage\"},\"image\":{\"@id\":\"https:\/\/progettotouring.it\/radiotouring104\/2024\/07\/23\/circolo-reggio-sud-al-via-la-raccolta-firme-contro-lautonomia-differenziata\/#primaryimage\"},\"thumbnailUrl\":\"https:\/\/progettotouring.it\/radiotouring104\/wp-content\/uploads\/sites\/6\/2024\/02\/Circolo-Reggio-Sud.jpg\",\"datePublished\":\"2024-07-23T09:59:19+00:00\",\"description\":\"Per firmare e confrontarsi sul tema l'appuntamento \u00e8 oggi, presso la sede del circolo, dalle 9 alle 12 e dalle 17 alle 20.\",\"breadcrumb\":{\"@id\":\"https:\/\/progettotouring.it\/radiotouring104\/2024\/07\/23\/circolo-reggio-sud-al-via-la-raccolta-firme-contro-lautonomia-differenziata\/#breadcrumb\"},\"inLanguage\":\"it-IT\",\"potentialAction\":[{\"@type\":\"ReadAction\",\"target\":[\"https:\/\/progettotouring.it\/radiotouring104\/2024\/07\/23\/circolo-reggio-sud-al-via-la-raccolta-firme-contro-lautonomia-differenziata\/\"]}]},{\"@type\":\"ImageObject\",\"inLanguage\":\"it-IT\",\"@id\":\"https:\/\/progettotouring.it\/radiotouring104\/2024\/07\/23\/circolo-reggio-sud-al-via-la-raccolta-firme-contro-lautonomia-differenziata\/#primaryimage\",\"url\":\"https:\/\/progettotouring.it\/radiotouring104\/wp-content\/uploads\/sites\/6\/2024\/02\/Circolo-Reggio-Sud.jpg\",\"contentUrl\":\"https:\/\/progettotouring.it\/radiotouring104\/wp-content\/uploads\/sites\/6\/2024\/02\/Circolo-Reggio-Sud.jpg\",\"width\":960,\"height\":960},{\"@type\":\"BreadcrumbList\",\"@id\":\"https:\/\/progettotouring.it\/radiotouring104\/2024\/07\/23\/circolo-reggio-sud-al-via-la-raccolta-firme-contro-lautonomia-differenziata\/#breadcrumb\",\"itemListElement\":[{\"@type\":\"ListItem\",\"position\":1,\"name\":\"Home\",\"item\":\"https:\/\/progettotouring.it\/radiotouring104\/\"},{\"@type\":\"ListItem\",\"position\":2,\"name\":\"Circolo Reggio Sud: al via la raccolta firme contro l&#8217;Autonomia Differenziata\"}]},{\"@type\":\"WebSite\",\"@id\":\"https:\/\/progettotouring.it\/radiotouring104\/#website\",\"url\":\"https:\/\/progettotouring.it\/radiotouring104\/\",\"name\":\"Radio Touring 104\",\"description\":\"La prima radio Reggina\",\"publisher\":{\"@id\":\"https:\/\/progettotouring.it\/radiotouring104\/#organization\"},\"potentialAction\":[{\"@type\":\"SearchAction\",\"target\":{\"@type\":\"EntryPoint\",\"urlTemplate\":\"https:\/\/progettotouring.it\/radiotouring104\/?s={search_term_string}\"},\"query-input\":{\"@type\":\"PropertyValueSpecification\",\"valueRequired\":true,\"valueName\":\"search_term_string\"}}],\"inLanguage\":\"it-IT\"},{\"@type\":\"Organization\",\"@id\":\"https:\/\/progettotouring.it\/radiotouring104\/#organization\",\"name\":\"Radio Touring 104\",\"url\":\"https:\/\/progettotouring.it\/radiotouring104\/\",\"logo\":{\"@type\":\"ImageObject\",\"inLanguage\":\"it-IT\",\"@id\":\"https:\/\/progettotouring.it\/radiotouring104\/#\/schema\/logo\/image\/\",\"url\":\"https:\/\/progettotouring.it\/radiotouring104\/wp-content\/uploads\/sites\/6\/2022\/02\/cropped-logo-radio-touring-104.png\",\"contentUrl\":\"https:\/\/progettotouring.it\/radiotouring104\/wp-content\/uploads\/sites\/6\/2022\/02\/cropped-logo-radio-touring-104.png\",\"width\":377,\"height\":182,\"caption\":\"Radio Touring 104\"},\"image\":{\"@id\":\"https:\/\/progettotouring.it\/radiotouring104\/#\/schema\/logo\/image\/\"}},{\"@type\":\"Person\",\"@id\":\"https:\/\/progettotouring.it\/radiotouring104\/#\/schema\/person\/78613917f1851f041f7483f5af1d422e\",\"name\":\"Sebastiano Plutino\",\"image\":{\"@type\":\"ImageObject\",\"inLanguage\":\"it-IT\",\"@id\":\"https:\/\/secure.gravatar.com\/avatar\/0546ffaa9b79224faf9f2a156b67a529ae861d3287c66c1d8ccfdf909bcba78d?s=96&d=mm&r=g\",\"url\":\"https:\/\/secure.gravatar.com\/avatar\/0546ffaa9b79224faf9f2a156b67a529ae861d3287c66c1d8ccfdf909bcba78d?s=96&d=mm&r=g\",\"contentUrl\":\"https:\/\/secure.gravatar.com\/avatar\/0546ffaa9b79224faf9f2a156b67a529ae861d3287c66c1d8ccfdf909bcba78d?s=96&d=mm&r=g\",\"caption\":\"Sebastiano Plutino\"},\"url\":\"https:\/\/progettotouring.it\/radiotouring104\/author\/sebastiano\/\"}]}<\/script>\n<!-- \/ Yoast SEO plugin. -->","yoast_head_json":{"title":"Circolo Reggio Sud: parte la raccolta firme contro l'Autonomia","description":"Per firmare e confrontarsi sul tema l'appuntamento \u00e8 oggi, presso la sede del circolo, dalle 9 alle 12 e dalle 17 alle 20.","robots":{"index":"index","follow":"follow","max-snippet":"max-snippet:-1","max-image-preview":"max-image-preview:large","max-video-preview":"max-video-preview:-1"},"canonical":"https:\/\/progettotouring.it\/radiotouring104\/2024\/07\/23\/circolo-reggio-sud-al-via-la-raccolta-firme-contro-lautonomia-differenziata\/","og_locale":"it_IT","og_type":"article","og_title":"Circolo Reggio Sud: parte la raccolta firme contro l'Autonomia","og_description":"Per firmare e confrontarsi sul tema l'appuntamento \u00e8 oggi, presso la sede del circolo, dalle 9 alle 12 e dalle 17 alle 20.","og_url":"https:\/\/progettotouring.it\/radiotouring104\/2024\/07\/23\/circolo-reggio-sud-al-via-la-raccolta-firme-contro-lautonomia-differenziata\/","og_site_name":"Radio Touring 104","article_published_time":"2024-07-23T09:59:19+00:00","og_image":[{"width":960,"height":960,"url":"https:\/\/progettotouring.it\/radiotouring104\/wp-content\/uploads\/sites\/6\/2024\/02\/Circolo-Reggio-Sud.jpg","type":"image\/jpeg"}],"author":"Sebastiano Plutino","twitter_card":"summary_large_image","twitter_misc":{"Scritto da":"Sebastiano Plutino","Tempo di lettura stimato":"3 minuti"},"schema":{"@context":"https:\/\/schema.org","@graph":[{"@type":"Article","@id":"https:\/\/progettotouring.it\/radiotouring104\/2024\/07\/23\/circolo-reggio-sud-al-via-la-raccolta-firme-contro-lautonomia-differenziata\/#article","isPartOf":{"@id":"https:\/\/progettotouring.it\/radiotouring104\/2024\/07\/23\/circolo-reggio-sud-al-via-la-raccolta-firme-contro-lautonomia-differenziata\/"},"author":{"name":"Sebastiano Plutino","@id":"https:\/\/progettotouring.it\/radiotouring104\/#\/schema\/person\/78613917f1851f041f7483f5af1d422e"},"headline":"Circolo Reggio Sud: al via la raccolta firme contro l&#8217;Autonomia Differenziata","datePublished":"2024-07-23T09:59:19+00:00","mainEntityOfPage":{"@id":"https:\/\/progettotouring.it\/radiotouring104\/2024\/07\/23\/circolo-reggio-sud-al-via-la-raccolta-firme-contro-lautonomia-differenziata\/"},"wordCount":623,"publisher":{"@id":"https:\/\/progettotouring.it\/radiotouring104\/#organization"},"image":{"@id":"https:\/\/progettotouring.it\/radiotouring104\/2024\/07\/23\/circolo-reggio-sud-al-via-la-raccolta-firme-contro-lautonomia-differenziata\/#primaryimage"},"thumbnailUrl":"https:\/\/progettotouring.it\/radiotouring104\/wp-content\/uploads\/sites\/6\/2024\/02\/Circolo-Reggio-Sud.jpg","keywords":["autonomia differenziata","Circolo Reggio Sud","parte raccolta firme","referendum abrogativo"],"articleSection":["Home","News","Reggio Calabria"],"inLanguage":"it-IT"},{"@type":"WebPage","@id":"https:\/\/progettotouring.it\/radiotouring104\/2024\/07\/23\/circolo-reggio-sud-al-via-la-raccolta-firme-contro-lautonomia-differenziata\/","url":"https:\/\/progettotouring.it\/radiotouring104\/2024\/07\/23\/circolo-reggio-sud-al-via-la-raccolta-firme-contro-lautonomia-differenziata\/","name":"Circolo Reggio Sud: parte la raccolta firme contro l'Autonomia","isPartOf":{"@id":"https:\/\/progettotouring.it\/radiotouring104\/#website"},"primaryImageOfPage":{"@id":"https:\/\/progettotouring.it\/radiotouring104\/2024\/07\/23\/circolo-reggio-sud-al-via-la-raccolta-firme-contro-lautonomia-differenziata\/#primaryimage"},"image":{"@id":"https:\/\/progettotouring.it\/radiotouring104\/2024\/07\/23\/circolo-reggio-sud-al-via-la-raccolta-firme-contro-lautonomia-differenziata\/#primaryimage"},"thumbnailUrl":"https:\/\/progettotouring.it\/radiotouring104\/wp-content\/uploads\/sites\/6\/2024\/02\/Circolo-Reggio-Sud.jpg","datePublished":"2024-07-23T09:59:19+00:00","description":"Per firmare e confrontarsi sul tema l'appuntamento \u00e8 oggi, presso la sede del circolo, dalle 9 alle 12 e dalle 17 alle 20.","breadcrumb":{"@id":"https:\/\/progettotouring.it\/radiotouring104\/2024\/07\/23\/circolo-reggio-sud-al-via-la-raccolta-firme-contro-lautonomia-differenziata\/#breadcrumb"},"inLanguage":"it-IT","potentialAction":[{"@type":"ReadAction","target":["https:\/\/progettotouring.it\/radiotouring104\/2024\/07\/23\/circolo-reggio-sud-al-via-la-raccolta-firme-contro-lautonomia-differenziata\/"]}]},{"@type":"ImageObject","inLanguage":"it-IT","@id":"https:\/\/progettotouring.it\/radiotouring104\/2024\/07\/23\/circolo-reggio-sud-al-via-la-raccolta-firme-contro-lautonomia-differenziata\/#primaryimage","url":"https:\/\/progettotouring.it\/radiotouring104\/wp-content\/uploads\/sites\/6\/2024\/02\/Circolo-Reggio-Sud.jpg","contentUrl":"https:\/\/progettotouring.it\/radiotouring104\/wp-content\/uploads\/sites\/6\/2024\/02\/Circolo-Reggio-Sud.jpg","width":960,"height":960},{"@type":"BreadcrumbList","@id":"https:\/\/progettotouring.it\/radiotouring104\/2024\/07\/23\/circolo-reggio-sud-al-via-la-raccolta-firme-contro-lautonomia-differenziata\/#breadcrumb","itemListElement":[{"@type":"ListItem","position":1,"name":"Home","item":"https:\/\/progettotouring.it\/radiotouring104\/"},{"@type":"ListItem","position":2,"name":"Circolo Reggio Sud: al via la raccolta firme contro l&#8217;Autonomia Differenziata"}]},{"@type":"WebSite","@id":"https:\/\/progettotouring.it\/radiotouring104\/#website","url":"https:\/\/progettotouring.it\/radiotouring104\/","name":"Radio Touring 104","description":"La prima radio Reggina","publisher":{"@id":"https:\/\/progettotouring.it\/radiotouring104\/#organization"},"potentialAction":[{"@type":"SearchAction","target":{"@type":"EntryPoint","urlTemplate":"https:\/\/progettotouring.it\/radiotouring104\/?s={search_term_string}"},"query-input":{"@type":"PropertyValueSpecification","valueRequired":true,"valueName":"search_term_string"}}],"inLanguage":"it-IT"},{"@type":"Organization","@id":"https:\/\/progettotouring.it\/radiotouring104\/#organization","name":"Radio Touring 104","url":"https:\/\/progettotouring.it\/radiotouring104\/","logo":{"@type":"ImageObject","inLanguage":"it-IT","@id":"https:\/\/progettotouring.it\/radiotouring104\/#\/schema\/logo\/image\/","url":"https:\/\/progettotouring.it\/radiotouring104\/wp-content\/uploads\/sites\/6\/2022\/02\/cropped-logo-radio-touring-104.png","contentUrl":"https:\/\/progettotouring.it\/radiotouring104\/wp-content\/uploads\/sites\/6\/2022\/02\/cropped-logo-radio-touring-104.png","width":377,"height":182,"caption":"Radio Touring 104"},"image":{"@id":"https:\/\/progettotouring.it\/radiotouring104\/#\/schema\/logo\/image\/"}},{"@type":"Person","@id":"https:\/\/progettotouring.it\/radiotouring104\/#\/schema\/person\/78613917f1851f041f7483f5af1d422e","name":"Sebastiano Plutino","image":{"@type":"ImageObject","inLanguage":"it-IT","@id":"https:\/\/secure.gravatar.com\/avatar\/0546ffaa9b79224faf9f2a156b67a529ae861d3287c66c1d8ccfdf909bcba78d?s=96&d=mm&r=g","url":"https:\/\/secure.gravatar.com\/avatar\/0546ffaa9b79224faf9f2a156b67a529ae861d3287c66c1d8ccfdf909bcba78d?s=96&d=mm&r=g","contentUrl":"https:\/\/secure.gravatar.com\/avatar\/0546ffaa9b79224faf9f2a156b67a529ae861d3287c66c1d8ccfdf909bcba78d?s=96&d=mm&r=g","caption":"Sebastiano Plutino"},"url":"https:\/\/progettotouring.it\/radiotouring104\/author\/sebastiano\/"}]}},"jetpack_publicize_connections":[],"jetpack_featured_media_url":"https:\/\/progettotouring.it\/radiotouring104\/wp-content\/uploads\/sites\/6\/2024\/02\/Circolo-Reggio-Sud.jpg","jetpack_sharing_enabled":true,"_links":{"self":[{"href":"https:\/\/progettotouring.it\/radiotouring104\/wp-json\/wp\/v2\/posts\/55620","targetHints":{"allow":["GET"]}}],"collection":[{"href":"https:\/\/progettotouring.it\/radiotouring104\/wp-json\/wp\/v2\/posts"}],"about":[{"href":"https:\/\/progettotouring.it\/radiotouring104\/wp-json\/wp\/v2\/types\/post"}],"author":[{"embeddable":true,"href":"https:\/\/progettotouring.it\/radiotouring104\/wp-json\/wp\/v2\/users\/12"}],"replies":[{"embeddable":true,"href":"https:\/\/progettotouring.it\/radiotouring104\/wp-json\/wp\/v2\/comments?post=55620"}],"version-history":[{"count":1,"href":"https:\/\/progettotouring.it\/radiotouring104\/wp-json\/wp\/v2\/posts\/55620\/revisions"}],"predecessor-version":[{"id":55621,"href":"https:\/\/progettotouring.it\/radiotouring104\/wp-json\/wp\/v2\/posts\/55620\/revisions\/55621"}],"wp:featuredmedia":[{"embeddable":true,"href":"https:\/\/progettotouring.it\/radiotouring104\/wp-json\/wp\/v2\/media\/43897"}],"wp:attachment":[{"href":"https:\/\/progettotouring.it\/radiotouring104\/wp-json\/wp\/v2\/media?parent=55620"}],"wp:term":[{"taxonomy":"category","embeddable":true,"href":"https:\/\/progettotouring.it\/radiotouring104\/wp-json\/wp\/v2\/categories?post=55620"},{"taxonomy":"post_tag","embeddable":true,"href":"https:\/\/progettotouring.it\/radiotouring104\/wp-json\/wp\/v2\/tags?post=55620"}],"curies":[{"name":"wp","href":"https:\/\/api.w.org\/{rel}","templated":true}]}}