{"id":55645,"date":"2024-07-23T13:05:49","date_gmt":"2024-07-23T11:05:49","guid":{"rendered":"https:\/\/progettotouring.it\/radiotouring104\/?p=55645"},"modified":"2024-07-23T13:05:49","modified_gmt":"2024-07-23T11:05:49","slug":"gerace-la-magia-degli-artisti-di-strada-colora-lestate","status":"publish","type":"post","link":"https:\/\/progettotouring.it\/radiotouring104\/2024\/07\/23\/gerace-la-magia-degli-artisti-di-strada-colora-lestate\/","title":{"rendered":"Gerace: la magia degli artisti di strada colora l\u2019estate"},"content":{"rendered":"<p style=\"text-align: justify\">Incastonata come un gioiello nel Parco Nazionale dell\u2019Aspromonte, la cittadina di <strong>Gerace (RC)<\/strong> si prepara alla <strong>XXIII edizione de Il Borgo Incantato \u2013 L\u2019arte di strada nei vicoli, il festival internazionale di Arte di Strada, Teatro Urbano e Circo Contemporaneo<\/strong> che ogni anno accoglie i migliori artisti e musicisti di strada provenienti da ogni parte del mondo. La nuova edizione della manifestazione, <strong>dal 26 al 28 luglio (con anteprima il 25 luglio)<\/strong>, che attira tantissimi visitatori grandi e piccoli da tutta la Calabria e oltre, vedr\u00e0 artisti in rappresentanza di <strong>7 nazioni (Cina, Giappone, Iran, Italia, Canada, Cile e Inghilterra) con un focus speciale dedicato all\u2019Oriente<\/strong> e alle sue coreografie e musiche ipnotiche. Un grande evento organizzato dal Comune di Gerace, con la direzione artistica di InStrada srl di Gigi Russo, e finanziato con il progetto pilota <strong>&#8220;Gerace Porta del Sole&#8221;<\/strong> &#8211; PNRR &#8211; M1C3 Intervento 2.1 &#8211; Ministero della Cultura &#8211; Programma UE Next Generation EU. \u00abDa \u00a0quando ci siamo insediati un mese fa, l&#8217;organizzazione del festival Il Borgo Incantato \u00e8 stata una delle nostre priorit\u00e0, seconda solo all&#8217;emergenza idrica \u2013 sottolinea <strong>il sindaco di Gerace Rudi Lizzi<\/strong> -. Organizzazione che \u00e8 stata fatta in toto grazie alla buona collaborazione messa in atto dall&#8217;amministrazione appena insediata con il direttore artistico, i dirigenti di settore e tutti i dipendenti coinvolti. Questo festival organizzato con i fondi del PNRR ci permetter\u00e0 di dare un respiro diverso alla manifestazione che \u00e8 giunta alla 23\u00b0 edizione, e che vede anche l&#8217;introduzione di artisti locali fortemente voluta da questa amministrazione\u00bb.<\/p>\n<p style=\"text-align: justify\">\n<p style=\"text-align: justify\"><strong>L\u2019ANTEPRIMA DEL 25 LUGLIO<\/strong><\/p>\n<p style=\"text-align: justify\"><strong>Anteprima<\/strong> da non perdere <strong>il 25 luglio<\/strong>, con l\u2019esibizione di <strong>Eduardo de Crescenzo, <\/strong>che interpreta per la prima volta la canzone classica napoletana e racconta la nascita della \u201cforma canzone\u201d come oggi la intendiamo, accompagnato dal talentuoso pianista <strong>Julian Oliver Mazzariello<\/strong>. Ci sar\u00e0 inoltre <strong>Joji Hirota<\/strong>, eclettico multipercussionista, compositore e cantante giapponese, vincitore di premi internazionali per le sue originali composizioni, con il <strong>collettivo KyoShinDo<\/strong>, che pratica lo studio delle percussioni giapponesi taiko e delle arti tradizionali giapponesi presso il KyoShinDo Taiko Dojo situato sulle alture dell&#8217;Appennino ligure. Si dice del maestro Hirota che come Kurosawa per il cinema, sia riuscito, in campo musicale, a coniugare il passato, il presente e il futuro del Giappone. <strong>Due artisti di calibro mondiale<\/strong> che daranno il via ad un festival carico di sorprese con un programma che lascer\u00e0 il pubblico a bocca aperta e con gli occhi incantati verso il cielo. La serata si concluder\u00e0 con la presentazione di tutti gli artisti che si esibiranno dal 24 al 26 luglio nel corso del festival e con la consegna di un <strong>premio alla carriera a<\/strong> <strong>Saeed Fekri<\/strong>, artista iraniano che da tanti anni con simpatia e professionalit\u00e0 calca le strade e i palchi della penisola e del mondo intero elargendo, con grande generosit\u00e0, poesia e divertimento.<\/p>\n<p style=\"text-align: justify\">\n<p style=\"text-align: justify\"><strong>IL PROGRAMMA DEL FESTIVAL<\/strong><\/p>\n<p style=\"text-align: justify\">I vicoli, le piazze e gli angoli del borgo, che troneggia su una collina della Locride circondata dagli ulivi e pi\u00f9 in lontananza dai colori scintillanti del Mar Ionio, si riempiranno di meraviglie e magia. <strong>Gerace, tra i Borghi pi\u00f9 Belli d\u2019Italia e Comune Bandiera Arancione del Touring Club Italiano<\/strong>, far\u00e0 da cornice a performance di giocoleria, coinvolgenti esibizioni di marching band, aree street food con degustazioni dei migliori prodotti della tradizione locale, laboratori e giochi per stupire bambini ed adulti di ogni et\u00e0. <strong>Tutti gli spettacoli saranno gratuiti<\/strong> <strong>con inizio alle 20.30<\/strong> <strong>e fine alle 24.00.<\/strong><\/p>\n<p style=\"text-align: justify\"><strong>Sar\u00e0 uno show fatto di numeri sorprendenti, improvvisazione e comicit\u00e0 quello dell\u2019artista cileno<\/strong> <strong>El Kote<\/strong>, maestro della giocoleria, dell\u2019acrobatica e dell\u2019equilibrismo fuori dal comune. Bisogner\u00e0 guardare spesso in alto anche per ammirare <strong>Piano Sky<\/strong> che porter\u00e0 a Gerace <strong>la<\/strong> magia di un pianoforte e di una pianista sospesi a 4 metri di altezza, fra lo stupore del pubblico. La notte stellata del borgo si tinger\u00e0 di illusionismo e note speciali, in un\u2019atmosfera sognante. E sar\u00e0 un\u2019esibizione straordinaria quella di <strong>Italy Lion e Dragon Dance <\/strong>che incantano il pubblico con la danza del leone sui pali e la danza del drago, difficilissimi esercizi di forza, equilibrismo e sincronismo, che interpretano coreografie tradizionali cinesi al ritmo incessante di tamburi, piatti e gong. Quando a Gerace risuoneranno in modo travolgente trombe, tamburi, tube e tromboni sar\u00e0 il momento della <strong>Rusty Brass Band<\/strong>, che riempir\u00e0 vicoli, strade e piazze con ritmi funk, rock, sonorit\u00e0 balcaniche ed esotiche. Tantissimi palloni variopinti di tutte le dimensioni inonderanno Piazza del Tocco con la <strong>Mab\u00f2 Band<\/strong>, che trasporter\u00e0 il pubblico in un vortice di emozioni colorate e in una discoteca a cielo aperto. Per la prima volta in Europa, l\u2019artista cinese <strong>Ma Kenluck <\/strong>far\u00e0 vivere a Gerace uno spettacolo acrobatico ai limiti del possibile, esibendosi con una verticale su una pila di sedie poggiata su quattro bottiglie, che diventer\u00e0 via via sempre pi\u00f9 alta. Leggiadre farfalle e meduse luminose vibreranno nell\u2019aria in una danza ipnotica e piena di poesia con gli acrobati e le ballerine della compagnia <strong>Corona Events<\/strong> che far\u00e0 sognare ad occhi aperti gli spettatori. Corona Events stupir\u00e0 il borgo anche con la sua pi\u00f9 recente produzione: <strong>\u201cLilith\u201d<\/strong>, uno spettacolo che prevede l\u2019utilizzo di trampolieri, la pole dance ed un uso poetico ed elegante delle luci e del fuoco. Uno show continuativo della durata di 45 minuti dove tutti gli elementi si fondono armoniosamente per creare una magia ardente e indimenticabile. Amici di lunga data de Il Borgo Incantato, torner\u00e0 anche quest\u2019anno a Gerace la <strong>Compagnia Nando e Maila<\/strong>. Con lo spettacolo di circo contemporaneo <strong>Kalinka, che viene rappresentato per la prima volta a Gerace<\/strong>, porteranno in scena una carica ludica e tenera che innerva screzi, frecciate, dispetti e che si arricchisce man mano di poesia, tra contorsionismi musicali molto divertenti. Una commedia romantica e sofisticata tra un giro vorticoso e l\u2019altro di hula hoop \u00e8 quella proposta da <strong>Andreanne Thoboutot<\/strong>. L\u2019artista canadese crea vortici di entusiasmante divertimento scaldando i cuori con disinvoltura e spensieratezza in un universo di prodezze.<strong> Wunder Tandem <\/strong>si presenter\u00e0 a Gerace cos\u00ec: come un duo acustico, cross-gender, leopardato, che il pubblico non potr\u00e0 non amare alla follia. Due voci, una fisarmonica ed un mini drum set, per un duo dall\u2019animo disco-punk che con i suoi mashup musicali non passer\u00e0 sicuramente inosservato.<\/p>\n<p style=\"text-align: justify\">Inoltre, durante tutte le giornate della XXIII edizione de Il Borgo Incantato, tutti potranno cimentarsi con <strong>i giochi di una volta, costruiti artigianalmente da CAI Mercati<\/strong>, e pensati per bambini ed adulti di tutte le et\u00e0. Giochi costruiti in legno e materiali poveri, laboratori in cui rinasce la creativit\u00e0 del riuso per stimolare la fantasia, la cooperazione e le abilit\u00e0, rivivendo le risate dei tempi andati quando ci si divertiva con poco, con ci\u00f2 che si aveva a disposizione.<\/p>\n<p style=\"text-align: justify\">\n<p style=\"text-align: justify\">L\u2019edizione 2024 de Il Borgo Incantato \u00e8 finanziato con il progetto pilota &#8220;Gerace Porta del Sole&#8221; &#8211; PNRR &#8211; M1C3 Intervento 2.1 &#8211; Ministero della Cultura &#8211; Programma UE Next Generation EU.<\/p>\n","protected":false},"excerpt":{"rendered":"<p>Incastonata come un gioiello nel Parco Nazionale dell\u2019Aspromonte, la cittadina di Gerace (RC) si prepara alla XXIII edizione de Il Borgo Incantato \u2013 L\u2019arte di strada nei vicoli, il festival&hellip;<\/p>\n","protected":false},"author":12,"featured_media":55646,"comment_status":"closed","ping_status":"open","sticky":false,"template":"","format":"standard","meta":{"_jetpack_memberships_contains_paid_content":false,"footnotes":"","jetpack_publicize_message":"","jetpack_publicize_feature_enabled":true,"jetpack_social_post_already_shared":false,"jetpack_social_options":{"image_generator_settings":{"template":"highway","default_image_id":0,"font":"","enabled":false},"version":2}},"categories":[921,196,140],"tags":[34160,1532,34159,34158],"class_list":["post-55645","post","type-post","status-publish","format-standard","has-post-thumbnail","hentry","category-home","category-news","category-reggio-calabria","tag-anteprima-con-lesibizione-di-2-maestri","tag-gerace","tag-larte-di-strada-in-vicoli","tag-xxiii-edizione-de-il-borgo-incantato"],"yoast_head":"<!-- This site is optimized with the Yoast SEO plugin v27.2 - https:\/\/yoast.com\/product\/yoast-seo-wordpress\/ -->\n<title>Gerace: la magia degli artisti di strada colora l\u2019estate<\/title>\n<meta name=\"description\" content=\"Dal 26 al 28 luglio 2024 la XXIII edizione de Il Borgo Incantato \u2013 L\u2019arte di strada in vicoli. Anteprima il 25 con l&#039;esibizione di 2 maestri\" \/>\n<meta name=\"robots\" content=\"index, follow, max-snippet:-1, max-image-preview:large, max-video-preview:-1\" \/>\n<link rel=\"canonical\" href=\"https:\/\/progettotouring.it\/radiotouring104\/2024\/07\/23\/gerace-la-magia-degli-artisti-di-strada-colora-lestate\/\" \/>\n<meta property=\"og:locale\" content=\"it_IT\" \/>\n<meta property=\"og:type\" content=\"article\" \/>\n<meta property=\"og:title\" content=\"Gerace: la magia degli artisti di strada colora l\u2019estate\" \/>\n<meta property=\"og:description\" content=\"Dal 26 al 28 luglio 2024 la XXIII edizione de Il Borgo Incantato \u2013 L\u2019arte di strada in vicoli. Anteprima il 25 con l&#039;esibizione di 2 maestri\" \/>\n<meta property=\"og:url\" content=\"https:\/\/progettotouring.it\/radiotouring104\/2024\/07\/23\/gerace-la-magia-degli-artisti-di-strada-colora-lestate\/\" \/>\n<meta property=\"og:site_name\" content=\"Radio Touring 104\" \/>\n<meta property=\"article:published_time\" content=\"2024-07-23T11:05:49+00:00\" \/>\n<meta property=\"og:image\" content=\"https:\/\/progettotouring.it\/radiotouring104\/wp-content\/uploads\/sites\/6\/2024\/07\/Il-Borgo-Incantato-23.jpg\" \/>\n\t<meta property=\"og:image:width\" content=\"1024\" \/>\n\t<meta property=\"og:image:height\" content=\"682\" \/>\n\t<meta property=\"og:image:type\" content=\"image\/jpeg\" \/>\n<meta name=\"author\" content=\"Sebastiano Plutino\" \/>\n<meta name=\"twitter:card\" content=\"summary_large_image\" \/>\n<meta name=\"twitter:label1\" content=\"Scritto da\" \/>\n\t<meta name=\"twitter:data1\" content=\"Sebastiano Plutino\" \/>\n\t<meta name=\"twitter:label2\" content=\"Tempo di lettura stimato\" \/>\n\t<meta name=\"twitter:data2\" content=\"6 minuti\" \/>\n<script type=\"application\/ld+json\" class=\"yoast-schema-graph\">{\"@context\":\"https:\/\/schema.org\",\"@graph\":[{\"@type\":\"Article\",\"@id\":\"https:\/\/progettotouring.it\/radiotouring104\/2024\/07\/23\/gerace-la-magia-degli-artisti-di-strada-colora-lestate\/#article\",\"isPartOf\":{\"@id\":\"https:\/\/progettotouring.it\/radiotouring104\/2024\/07\/23\/gerace-la-magia-degli-artisti-di-strada-colora-lestate\/\"},\"author\":{\"name\":\"Sebastiano Plutino\",\"@id\":\"https:\/\/progettotouring.it\/radiotouring104\/#\/schema\/person\/78613917f1851f041f7483f5af1d422e\"},\"headline\":\"Gerace: la magia degli artisti di strada colora l\u2019estate\",\"datePublished\":\"2024-07-23T11:05:49+00:00\",\"mainEntityOfPage\":{\"@id\":\"https:\/\/progettotouring.it\/radiotouring104\/2024\/07\/23\/gerace-la-magia-degli-artisti-di-strada-colora-lestate\/\"},\"wordCount\":1152,\"publisher\":{\"@id\":\"https:\/\/progettotouring.it\/radiotouring104\/#organization\"},\"image\":{\"@id\":\"https:\/\/progettotouring.it\/radiotouring104\/2024\/07\/23\/gerace-la-magia-degli-artisti-di-strada-colora-lestate\/#primaryimage\"},\"thumbnailUrl\":\"https:\/\/progettotouring.it\/radiotouring104\/wp-content\/uploads\/sites\/6\/2024\/07\/Il-Borgo-Incantato-23.jpg\",\"keywords\":[\"Anteprima con l'esibizione di 2 maestri\",\"gerace\",\"L\u2019arte di strada in vicoli.\",\"XXIII edizione de Il Borgo Incantato\"],\"articleSection\":[\"Home\",\"News\",\"Reggio Calabria\"],\"inLanguage\":\"it-IT\"},{\"@type\":\"WebPage\",\"@id\":\"https:\/\/progettotouring.it\/radiotouring104\/2024\/07\/23\/gerace-la-magia-degli-artisti-di-strada-colora-lestate\/\",\"url\":\"https:\/\/progettotouring.it\/radiotouring104\/2024\/07\/23\/gerace-la-magia-degli-artisti-di-strada-colora-lestate\/\",\"name\":\"Gerace: la magia degli artisti di strada colora l\u2019estate\",\"isPartOf\":{\"@id\":\"https:\/\/progettotouring.it\/radiotouring104\/#website\"},\"primaryImageOfPage\":{\"@id\":\"https:\/\/progettotouring.it\/radiotouring104\/2024\/07\/23\/gerace-la-magia-degli-artisti-di-strada-colora-lestate\/#primaryimage\"},\"image\":{\"@id\":\"https:\/\/progettotouring.it\/radiotouring104\/2024\/07\/23\/gerace-la-magia-degli-artisti-di-strada-colora-lestate\/#primaryimage\"},\"thumbnailUrl\":\"https:\/\/progettotouring.it\/radiotouring104\/wp-content\/uploads\/sites\/6\/2024\/07\/Il-Borgo-Incantato-23.jpg\",\"datePublished\":\"2024-07-23T11:05:49+00:00\",\"description\":\"Dal 26 al 28 luglio 2024 la XXIII edizione de Il Borgo Incantato \u2013 L\u2019arte di strada in vicoli. Anteprima il 25 con l'esibizione di 2 maestri\",\"breadcrumb\":{\"@id\":\"https:\/\/progettotouring.it\/radiotouring104\/2024\/07\/23\/gerace-la-magia-degli-artisti-di-strada-colora-lestate\/#breadcrumb\"},\"inLanguage\":\"it-IT\",\"potentialAction\":[{\"@type\":\"ReadAction\",\"target\":[\"https:\/\/progettotouring.it\/radiotouring104\/2024\/07\/23\/gerace-la-magia-degli-artisti-di-strada-colora-lestate\/\"]}]},{\"@type\":\"ImageObject\",\"inLanguage\":\"it-IT\",\"@id\":\"https:\/\/progettotouring.it\/radiotouring104\/2024\/07\/23\/gerace-la-magia-degli-artisti-di-strada-colora-lestate\/#primaryimage\",\"url\":\"https:\/\/progettotouring.it\/radiotouring104\/wp-content\/uploads\/sites\/6\/2024\/07\/Il-Borgo-Incantato-23.jpg\",\"contentUrl\":\"https:\/\/progettotouring.it\/radiotouring104\/wp-content\/uploads\/sites\/6\/2024\/07\/Il-Borgo-Incantato-23.jpg\",\"width\":1024,\"height\":682},{\"@type\":\"BreadcrumbList\",\"@id\":\"https:\/\/progettotouring.it\/radiotouring104\/2024\/07\/23\/gerace-la-magia-degli-artisti-di-strada-colora-lestate\/#breadcrumb\",\"itemListElement\":[{\"@type\":\"ListItem\",\"position\":1,\"name\":\"Home\",\"item\":\"https:\/\/progettotouring.it\/radiotouring104\/\"},{\"@type\":\"ListItem\",\"position\":2,\"name\":\"Gerace: la magia degli artisti di strada colora l\u2019estate\"}]},{\"@type\":\"WebSite\",\"@id\":\"https:\/\/progettotouring.it\/radiotouring104\/#website\",\"url\":\"https:\/\/progettotouring.it\/radiotouring104\/\",\"name\":\"Radio Touring 104\",\"description\":\"La prima radio Reggina\",\"publisher\":{\"@id\":\"https:\/\/progettotouring.it\/radiotouring104\/#organization\"},\"potentialAction\":[{\"@type\":\"SearchAction\",\"target\":{\"@type\":\"EntryPoint\",\"urlTemplate\":\"https:\/\/progettotouring.it\/radiotouring104\/?s={search_term_string}\"},\"query-input\":{\"@type\":\"PropertyValueSpecification\",\"valueRequired\":true,\"valueName\":\"search_term_string\"}}],\"inLanguage\":\"it-IT\"},{\"@type\":\"Organization\",\"@id\":\"https:\/\/progettotouring.it\/radiotouring104\/#organization\",\"name\":\"Radio Touring 104\",\"url\":\"https:\/\/progettotouring.it\/radiotouring104\/\",\"logo\":{\"@type\":\"ImageObject\",\"inLanguage\":\"it-IT\",\"@id\":\"https:\/\/progettotouring.it\/radiotouring104\/#\/schema\/logo\/image\/\",\"url\":\"https:\/\/progettotouring.it\/radiotouring104\/wp-content\/uploads\/sites\/6\/2022\/02\/cropped-logo-radio-touring-104.png\",\"contentUrl\":\"https:\/\/progettotouring.it\/radiotouring104\/wp-content\/uploads\/sites\/6\/2022\/02\/cropped-logo-radio-touring-104.png\",\"width\":377,\"height\":182,\"caption\":\"Radio Touring 104\"},\"image\":{\"@id\":\"https:\/\/progettotouring.it\/radiotouring104\/#\/schema\/logo\/image\/\"}},{\"@type\":\"Person\",\"@id\":\"https:\/\/progettotouring.it\/radiotouring104\/#\/schema\/person\/78613917f1851f041f7483f5af1d422e\",\"name\":\"Sebastiano Plutino\",\"image\":{\"@type\":\"ImageObject\",\"inLanguage\":\"it-IT\",\"@id\":\"https:\/\/secure.gravatar.com\/avatar\/0546ffaa9b79224faf9f2a156b67a529ae861d3287c66c1d8ccfdf909bcba78d?s=96&d=mm&r=g\",\"url\":\"https:\/\/secure.gravatar.com\/avatar\/0546ffaa9b79224faf9f2a156b67a529ae861d3287c66c1d8ccfdf909bcba78d?s=96&d=mm&r=g\",\"contentUrl\":\"https:\/\/secure.gravatar.com\/avatar\/0546ffaa9b79224faf9f2a156b67a529ae861d3287c66c1d8ccfdf909bcba78d?s=96&d=mm&r=g\",\"caption\":\"Sebastiano Plutino\"},\"url\":\"https:\/\/progettotouring.it\/radiotouring104\/author\/sebastiano\/\"}]}<\/script>\n<!-- \/ Yoast SEO plugin. -->","yoast_head_json":{"title":"Gerace: la magia degli artisti di strada colora l\u2019estate","description":"Dal 26 al 28 luglio 2024 la XXIII edizione de Il Borgo Incantato \u2013 L\u2019arte di strada in vicoli. Anteprima il 25 con l'esibizione di 2 maestri","robots":{"index":"index","follow":"follow","max-snippet":"max-snippet:-1","max-image-preview":"max-image-preview:large","max-video-preview":"max-video-preview:-1"},"canonical":"https:\/\/progettotouring.it\/radiotouring104\/2024\/07\/23\/gerace-la-magia-degli-artisti-di-strada-colora-lestate\/","og_locale":"it_IT","og_type":"article","og_title":"Gerace: la magia degli artisti di strada colora l\u2019estate","og_description":"Dal 26 al 28 luglio 2024 la XXIII edizione de Il Borgo Incantato \u2013 L\u2019arte di strada in vicoli. Anteprima il 25 con l'esibizione di 2 maestri","og_url":"https:\/\/progettotouring.it\/radiotouring104\/2024\/07\/23\/gerace-la-magia-degli-artisti-di-strada-colora-lestate\/","og_site_name":"Radio Touring 104","article_published_time":"2024-07-23T11:05:49+00:00","og_image":[{"width":1024,"height":682,"url":"https:\/\/progettotouring.it\/radiotouring104\/wp-content\/uploads\/sites\/6\/2024\/07\/Il-Borgo-Incantato-23.jpg","type":"image\/jpeg"}],"author":"Sebastiano Plutino","twitter_card":"summary_large_image","twitter_misc":{"Scritto da":"Sebastiano Plutino","Tempo di lettura stimato":"6 minuti"},"schema":{"@context":"https:\/\/schema.org","@graph":[{"@type":"Article","@id":"https:\/\/progettotouring.it\/radiotouring104\/2024\/07\/23\/gerace-la-magia-degli-artisti-di-strada-colora-lestate\/#article","isPartOf":{"@id":"https:\/\/progettotouring.it\/radiotouring104\/2024\/07\/23\/gerace-la-magia-degli-artisti-di-strada-colora-lestate\/"},"author":{"name":"Sebastiano Plutino","@id":"https:\/\/progettotouring.it\/radiotouring104\/#\/schema\/person\/78613917f1851f041f7483f5af1d422e"},"headline":"Gerace: la magia degli artisti di strada colora l\u2019estate","datePublished":"2024-07-23T11:05:49+00:00","mainEntityOfPage":{"@id":"https:\/\/progettotouring.it\/radiotouring104\/2024\/07\/23\/gerace-la-magia-degli-artisti-di-strada-colora-lestate\/"},"wordCount":1152,"publisher":{"@id":"https:\/\/progettotouring.it\/radiotouring104\/#organization"},"image":{"@id":"https:\/\/progettotouring.it\/radiotouring104\/2024\/07\/23\/gerace-la-magia-degli-artisti-di-strada-colora-lestate\/#primaryimage"},"thumbnailUrl":"https:\/\/progettotouring.it\/radiotouring104\/wp-content\/uploads\/sites\/6\/2024\/07\/Il-Borgo-Incantato-23.jpg","keywords":["Anteprima con l'esibizione di 2 maestri","gerace","L\u2019arte di strada in vicoli.","XXIII edizione de Il Borgo Incantato"],"articleSection":["Home","News","Reggio Calabria"],"inLanguage":"it-IT"},{"@type":"WebPage","@id":"https:\/\/progettotouring.it\/radiotouring104\/2024\/07\/23\/gerace-la-magia-degli-artisti-di-strada-colora-lestate\/","url":"https:\/\/progettotouring.it\/radiotouring104\/2024\/07\/23\/gerace-la-magia-degli-artisti-di-strada-colora-lestate\/","name":"Gerace: la magia degli artisti di strada colora l\u2019estate","isPartOf":{"@id":"https:\/\/progettotouring.it\/radiotouring104\/#website"},"primaryImageOfPage":{"@id":"https:\/\/progettotouring.it\/radiotouring104\/2024\/07\/23\/gerace-la-magia-degli-artisti-di-strada-colora-lestate\/#primaryimage"},"image":{"@id":"https:\/\/progettotouring.it\/radiotouring104\/2024\/07\/23\/gerace-la-magia-degli-artisti-di-strada-colora-lestate\/#primaryimage"},"thumbnailUrl":"https:\/\/progettotouring.it\/radiotouring104\/wp-content\/uploads\/sites\/6\/2024\/07\/Il-Borgo-Incantato-23.jpg","datePublished":"2024-07-23T11:05:49+00:00","description":"Dal 26 al 28 luglio 2024 la XXIII edizione de Il Borgo Incantato \u2013 L\u2019arte di strada in vicoli. Anteprima il 25 con l'esibizione di 2 maestri","breadcrumb":{"@id":"https:\/\/progettotouring.it\/radiotouring104\/2024\/07\/23\/gerace-la-magia-degli-artisti-di-strada-colora-lestate\/#breadcrumb"},"inLanguage":"it-IT","potentialAction":[{"@type":"ReadAction","target":["https:\/\/progettotouring.it\/radiotouring104\/2024\/07\/23\/gerace-la-magia-degli-artisti-di-strada-colora-lestate\/"]}]},{"@type":"ImageObject","inLanguage":"it-IT","@id":"https:\/\/progettotouring.it\/radiotouring104\/2024\/07\/23\/gerace-la-magia-degli-artisti-di-strada-colora-lestate\/#primaryimage","url":"https:\/\/progettotouring.it\/radiotouring104\/wp-content\/uploads\/sites\/6\/2024\/07\/Il-Borgo-Incantato-23.jpg","contentUrl":"https:\/\/progettotouring.it\/radiotouring104\/wp-content\/uploads\/sites\/6\/2024\/07\/Il-Borgo-Incantato-23.jpg","width":1024,"height":682},{"@type":"BreadcrumbList","@id":"https:\/\/progettotouring.it\/radiotouring104\/2024\/07\/23\/gerace-la-magia-degli-artisti-di-strada-colora-lestate\/#breadcrumb","itemListElement":[{"@type":"ListItem","position":1,"name":"Home","item":"https:\/\/progettotouring.it\/radiotouring104\/"},{"@type":"ListItem","position":2,"name":"Gerace: la magia degli artisti di strada colora l\u2019estate"}]},{"@type":"WebSite","@id":"https:\/\/progettotouring.it\/radiotouring104\/#website","url":"https:\/\/progettotouring.it\/radiotouring104\/","name":"Radio Touring 104","description":"La prima radio Reggina","publisher":{"@id":"https:\/\/progettotouring.it\/radiotouring104\/#organization"},"potentialAction":[{"@type":"SearchAction","target":{"@type":"EntryPoint","urlTemplate":"https:\/\/progettotouring.it\/radiotouring104\/?s={search_term_string}"},"query-input":{"@type":"PropertyValueSpecification","valueRequired":true,"valueName":"search_term_string"}}],"inLanguage":"it-IT"},{"@type":"Organization","@id":"https:\/\/progettotouring.it\/radiotouring104\/#organization","name":"Radio Touring 104","url":"https:\/\/progettotouring.it\/radiotouring104\/","logo":{"@type":"ImageObject","inLanguage":"it-IT","@id":"https:\/\/progettotouring.it\/radiotouring104\/#\/schema\/logo\/image\/","url":"https:\/\/progettotouring.it\/radiotouring104\/wp-content\/uploads\/sites\/6\/2022\/02\/cropped-logo-radio-touring-104.png","contentUrl":"https:\/\/progettotouring.it\/radiotouring104\/wp-content\/uploads\/sites\/6\/2022\/02\/cropped-logo-radio-touring-104.png","width":377,"height":182,"caption":"Radio Touring 104"},"image":{"@id":"https:\/\/progettotouring.it\/radiotouring104\/#\/schema\/logo\/image\/"}},{"@type":"Person","@id":"https:\/\/progettotouring.it\/radiotouring104\/#\/schema\/person\/78613917f1851f041f7483f5af1d422e","name":"Sebastiano Plutino","image":{"@type":"ImageObject","inLanguage":"it-IT","@id":"https:\/\/secure.gravatar.com\/avatar\/0546ffaa9b79224faf9f2a156b67a529ae861d3287c66c1d8ccfdf909bcba78d?s=96&d=mm&r=g","url":"https:\/\/secure.gravatar.com\/avatar\/0546ffaa9b79224faf9f2a156b67a529ae861d3287c66c1d8ccfdf909bcba78d?s=96&d=mm&r=g","contentUrl":"https:\/\/secure.gravatar.com\/avatar\/0546ffaa9b79224faf9f2a156b67a529ae861d3287c66c1d8ccfdf909bcba78d?s=96&d=mm&r=g","caption":"Sebastiano Plutino"},"url":"https:\/\/progettotouring.it\/radiotouring104\/author\/sebastiano\/"}]}},"jetpack_publicize_connections":[],"jetpack_featured_media_url":"https:\/\/progettotouring.it\/radiotouring104\/wp-content\/uploads\/sites\/6\/2024\/07\/Il-Borgo-Incantato-23.jpg","jetpack_sharing_enabled":true,"_links":{"self":[{"href":"https:\/\/progettotouring.it\/radiotouring104\/wp-json\/wp\/v2\/posts\/55645","targetHints":{"allow":["GET"]}}],"collection":[{"href":"https:\/\/progettotouring.it\/radiotouring104\/wp-json\/wp\/v2\/posts"}],"about":[{"href":"https:\/\/progettotouring.it\/radiotouring104\/wp-json\/wp\/v2\/types\/post"}],"author":[{"embeddable":true,"href":"https:\/\/progettotouring.it\/radiotouring104\/wp-json\/wp\/v2\/users\/12"}],"replies":[{"embeddable":true,"href":"https:\/\/progettotouring.it\/radiotouring104\/wp-json\/wp\/v2\/comments?post=55645"}],"version-history":[{"count":1,"href":"https:\/\/progettotouring.it\/radiotouring104\/wp-json\/wp\/v2\/posts\/55645\/revisions"}],"predecessor-version":[{"id":55647,"href":"https:\/\/progettotouring.it\/radiotouring104\/wp-json\/wp\/v2\/posts\/55645\/revisions\/55647"}],"wp:featuredmedia":[{"embeddable":true,"href":"https:\/\/progettotouring.it\/radiotouring104\/wp-json\/wp\/v2\/media\/55646"}],"wp:attachment":[{"href":"https:\/\/progettotouring.it\/radiotouring104\/wp-json\/wp\/v2\/media?parent=55645"}],"wp:term":[{"taxonomy":"category","embeddable":true,"href":"https:\/\/progettotouring.it\/radiotouring104\/wp-json\/wp\/v2\/categories?post=55645"},{"taxonomy":"post_tag","embeddable":true,"href":"https:\/\/progettotouring.it\/radiotouring104\/wp-json\/wp\/v2\/tags?post=55645"}],"curies":[{"name":"wp","href":"https:\/\/api.w.org\/{rel}","templated":true}]}}