{"id":5591,"date":"2022-05-23T14:43:08","date_gmt":"2022-05-23T12:43:08","guid":{"rendered":"https:\/\/progettotouring.it\/radiotouring104\/?p=5591"},"modified":"2022-05-23T14:46:43","modified_gmt":"2022-05-23T12:46:43","slug":"pesistica-olimpica-ai-campionati-juniores-brillano-abati-briganti-e-mangiarano","status":"publish","type":"post","link":"https:\/\/progettotouring.it\/radiotouring104\/2022\/05\/23\/pesistica-olimpica-ai-campionati-juniores-brillano-abati-briganti-e-mangiarano\/","title":{"rendered":"Pesistica Olimpica: ai Campionati Juniores brillano Abati, Briganti e Mangiarano"},"content":{"rendered":"<p class=\"xmprfx_MsoNormal\" style=\"text-align: justify;\">Le migliori giovani leve calabresi sono state impegnate domenica 22 maggio a Reggio Calabria, presso il Centro sportivo Mirabella, nelle qualificazioni al campionato nazionale italiano juniores 2022 (nati 2002 e successivi).<\/p>\n<p class=\"xmprfx_MsoNormal\" style=\"text-align: justify;\">In rappresentanza di societ\u00e0 sportive di tutte le province della regione si sono cimentati trenta atleti alla ricerca del raggiungimento dei severi minimi di accesso alla finale a sei, in attesa della graduatoria aggregata nazionale.<\/p>\n<p class=\"xmprfx_MsoNormal\" style=\"text-align: justify;\">Alto il livello agonistico raggiunto, con punte di assoluto valore che blindano il felice esito per il lasciapassare: Simone Abati (under 17, Snatch Box Vibo Valentia); Angela Briganti (under 17, Rogolino&#8217;s Dream Team Reggio Calabria); Martina Mangiarano (under 15, Kodokansport Cosenza).<\/p>\n<p class=\"xmprfx_MsoNormal\" style=\"text-align: justify;\">&#8220;Sottolineiamo -evidenziano il direttore tecnico regionale Moreno Boer ed il delegato regionale Marco Giovannini- che la quasi totalit\u00e0 degli atleti era under 15 o under 17, quindi pi\u00f9 giovane anche sei anni rispetto al limite di et\u00e0 della categoria juniores; ci\u00f2 a testimonianza del buon lavoro fatto in questi anni sui giovanissimi&#8221;.<\/p>\n<p class=\"xmprfx_MsoNormal\" style=\"text-align: justify;\">La competizione \u00e8 stata ben diretta dagli UdG calabresi, coordinati dall&#8217;arbitro nazionale Walter Luchetta.<\/p>\n","protected":false},"excerpt":{"rendered":"<p>Le migliori giovani leve calabresi sono state impegnate domenica 22 maggio a Reggio Calabria, presso il Centro sportivo Mirabella, nelle qualificazioni al campionato nazionale italiano juniores 2022 (nati 2002 e&hellip;<\/p>\n","protected":false},"author":5,"featured_media":5592,"comment_status":"open","ping_status":"open","sticky":false,"template":"","format":"standard","meta":{"_jetpack_memberships_contains_paid_content":false,"footnotes":"","jetpack_publicize_message":"","jetpack_publicize_feature_enabled":true,"jetpack_social_post_already_shared":false,"jetpack_social_options":{"image_generator_settings":{"template":"highway","default_image_id":0,"font":"","enabled":false},"version":2}},"categories":[196,140,144],"tags":[1983,1985,1419,1982,1984],"class_list":["post-5591","post","type-post","status-publish","format-standard","has-post-thumbnail","hentry","category-news","category-reggio-calabria","category-sport","tag-angela-briganti","tag-martina-mangiarano","tag-pesistica","tag-simone-abati","tag-walter-luchetta"],"yoast_head":"<!-- This site is optimized with the Yoast SEO plugin v27.2 - https:\/\/yoast.com\/product\/yoast-seo-wordpress\/ -->\n<title>Pesistica: ai Campionati Juniores brillano Abati, Briganti e Mangiarano<\/title>\n<meta name=\"description\" content=\"Le migliori giovani leve calabresi sono state impegnate domenica 23 maggio a Reggio Calabria nelle qualificazioni nazionali juniores 2022\" \/>\n<meta name=\"robots\" content=\"index, follow, max-snippet:-1, max-image-preview:large, max-video-preview:-1\" \/>\n<link rel=\"canonical\" href=\"https:\/\/progettotouring.it\/radiotouring104\/2022\/05\/23\/pesistica-olimpica-ai-campionati-juniores-brillano-abati-briganti-e-mangiarano\/\" \/>\n<meta property=\"og:locale\" content=\"it_IT\" \/>\n<meta property=\"og:type\" content=\"article\" \/>\n<meta property=\"og:title\" content=\"Pesistica: ai Campionati Juniores brillano Abati, Briganti e Mangiarano\" \/>\n<meta property=\"og:description\" content=\"Le migliori giovani leve calabresi sono state impegnate domenica 23 maggio a Reggio Calabria nelle qualificazioni nazionali juniores 2022\" \/>\n<meta property=\"og:url\" content=\"https:\/\/progettotouring.it\/radiotouring104\/2022\/05\/23\/pesistica-olimpica-ai-campionati-juniores-brillano-abati-briganti-e-mangiarano\/\" \/>\n<meta property=\"og:site_name\" content=\"Radio Touring 104\" \/>\n<meta property=\"article:published_time\" content=\"2022-05-23T12:43:08+00:00\" \/>\n<meta property=\"article:modified_time\" content=\"2022-05-23T12:46:43+00:00\" \/>\n<meta property=\"og:image\" content=\"https:\/\/progettotouring.it\/radiotouring104\/wp-content\/uploads\/sites\/6\/2022\/05\/terza-prova-di-strappo-di-Simone-Abati-con-kg.120.jpg\" \/>\n\t<meta property=\"og:image:width\" content=\"1024\" \/>\n\t<meta property=\"og:image:height\" content=\"818\" \/>\n\t<meta property=\"og:image:type\" content=\"image\/jpeg\" \/>\n<meta name=\"author\" content=\"redazione\" \/>\n<meta name=\"twitter:card\" content=\"summary_large_image\" \/>\n<meta name=\"twitter:label1\" content=\"Scritto da\" \/>\n\t<meta name=\"twitter:data1\" content=\"redazione\" \/>\n\t<meta name=\"twitter:label2\" content=\"Tempo di lettura stimato\" \/>\n\t<meta name=\"twitter:data2\" content=\"1 minuto\" \/>\n<script type=\"application\/ld+json\" class=\"yoast-schema-graph\">{\"@context\":\"https:\/\/schema.org\",\"@graph\":[{\"@type\":\"Article\",\"@id\":\"https:\/\/progettotouring.it\/radiotouring104\/2022\/05\/23\/pesistica-olimpica-ai-campionati-juniores-brillano-abati-briganti-e-mangiarano\/#article\",\"isPartOf\":{\"@id\":\"https:\/\/progettotouring.it\/radiotouring104\/2022\/05\/23\/pesistica-olimpica-ai-campionati-juniores-brillano-abati-briganti-e-mangiarano\/\"},\"author\":{\"name\":\"redazione\",\"@id\":\"https:\/\/progettotouring.it\/radiotouring104\/#\/schema\/person\/1b3eb3c07c47136bc44c785c543e635f\"},\"headline\":\"Pesistica Olimpica: ai Campionati Juniores brillano Abati, Briganti e Mangiarano\",\"datePublished\":\"2022-05-23T12:43:08+00:00\",\"dateModified\":\"2022-05-23T12:46:43+00:00\",\"mainEntityOfPage\":{\"@id\":\"https:\/\/progettotouring.it\/radiotouring104\/2022\/05\/23\/pesistica-olimpica-ai-campionati-juniores-brillano-abati-briganti-e-mangiarano\/\"},\"wordCount\":174,\"commentCount\":0,\"publisher\":{\"@id\":\"https:\/\/progettotouring.it\/radiotouring104\/#organization\"},\"image\":{\"@id\":\"https:\/\/progettotouring.it\/radiotouring104\/2022\/05\/23\/pesistica-olimpica-ai-campionati-juniores-brillano-abati-briganti-e-mangiarano\/#primaryimage\"},\"thumbnailUrl\":\"https:\/\/progettotouring.it\/radiotouring104\/wp-content\/uploads\/sites\/6\/2022\/05\/terza-prova-di-strappo-di-Simone-Abati-con-kg.120.jpg\",\"keywords\":[\"Angela briganti\",\"Martina mangiarano\",\"pesistica\",\"Simone Abati\",\"Walter Luchetta\"],\"articleSection\":[\"News\",\"Reggio Calabria\",\"Sport\"],\"inLanguage\":\"it-IT\",\"potentialAction\":[{\"@type\":\"CommentAction\",\"name\":\"Comment\",\"target\":[\"https:\/\/progettotouring.it\/radiotouring104\/2022\/05\/23\/pesistica-olimpica-ai-campionati-juniores-brillano-abati-briganti-e-mangiarano\/#respond\"]}]},{\"@type\":\"WebPage\",\"@id\":\"https:\/\/progettotouring.it\/radiotouring104\/2022\/05\/23\/pesistica-olimpica-ai-campionati-juniores-brillano-abati-briganti-e-mangiarano\/\",\"url\":\"https:\/\/progettotouring.it\/radiotouring104\/2022\/05\/23\/pesistica-olimpica-ai-campionati-juniores-brillano-abati-briganti-e-mangiarano\/\",\"name\":\"Pesistica: ai Campionati Juniores brillano Abati, Briganti e Mangiarano\",\"isPartOf\":{\"@id\":\"https:\/\/progettotouring.it\/radiotouring104\/#website\"},\"primaryImageOfPage\":{\"@id\":\"https:\/\/progettotouring.it\/radiotouring104\/2022\/05\/23\/pesistica-olimpica-ai-campionati-juniores-brillano-abati-briganti-e-mangiarano\/#primaryimage\"},\"image\":{\"@id\":\"https:\/\/progettotouring.it\/radiotouring104\/2022\/05\/23\/pesistica-olimpica-ai-campionati-juniores-brillano-abati-briganti-e-mangiarano\/#primaryimage\"},\"thumbnailUrl\":\"https:\/\/progettotouring.it\/radiotouring104\/wp-content\/uploads\/sites\/6\/2022\/05\/terza-prova-di-strappo-di-Simone-Abati-con-kg.120.jpg\",\"datePublished\":\"2022-05-23T12:43:08+00:00\",\"dateModified\":\"2022-05-23T12:46:43+00:00\",\"description\":\"Le migliori giovani leve calabresi sono state impegnate domenica 23 maggio a Reggio Calabria nelle qualificazioni nazionali juniores 2022\",\"breadcrumb\":{\"@id\":\"https:\/\/progettotouring.it\/radiotouring104\/2022\/05\/23\/pesistica-olimpica-ai-campionati-juniores-brillano-abati-briganti-e-mangiarano\/#breadcrumb\"},\"inLanguage\":\"it-IT\",\"potentialAction\":[{\"@type\":\"ReadAction\",\"target\":[\"https:\/\/progettotouring.it\/radiotouring104\/2022\/05\/23\/pesistica-olimpica-ai-campionati-juniores-brillano-abati-briganti-e-mangiarano\/\"]}]},{\"@type\":\"ImageObject\",\"inLanguage\":\"it-IT\",\"@id\":\"https:\/\/progettotouring.it\/radiotouring104\/2022\/05\/23\/pesistica-olimpica-ai-campionati-juniores-brillano-abati-briganti-e-mangiarano\/#primaryimage\",\"url\":\"https:\/\/progettotouring.it\/radiotouring104\/wp-content\/uploads\/sites\/6\/2022\/05\/terza-prova-di-strappo-di-Simone-Abati-con-kg.120.jpg\",\"contentUrl\":\"https:\/\/progettotouring.it\/radiotouring104\/wp-content\/uploads\/sites\/6\/2022\/05\/terza-prova-di-strappo-di-Simone-Abati-con-kg.120.jpg\",\"width\":1024,\"height\":818,\"caption\":\"Simone abati pesistica\"},{\"@type\":\"BreadcrumbList\",\"@id\":\"https:\/\/progettotouring.it\/radiotouring104\/2022\/05\/23\/pesistica-olimpica-ai-campionati-juniores-brillano-abati-briganti-e-mangiarano\/#breadcrumb\",\"itemListElement\":[{\"@type\":\"ListItem\",\"position\":1,\"name\":\"Home\",\"item\":\"https:\/\/progettotouring.it\/radiotouring104\/\"},{\"@type\":\"ListItem\",\"position\":2,\"name\":\"Pesistica Olimpica: ai Campionati Juniores brillano Abati, Briganti e Mangiarano\"}]},{\"@type\":\"WebSite\",\"@id\":\"https:\/\/progettotouring.it\/radiotouring104\/#website\",\"url\":\"https:\/\/progettotouring.it\/radiotouring104\/\",\"name\":\"Radio Touring 104\",\"description\":\"La prima radio Reggina\",\"publisher\":{\"@id\":\"https:\/\/progettotouring.it\/radiotouring104\/#organization\"},\"potentialAction\":[{\"@type\":\"SearchAction\",\"target\":{\"@type\":\"EntryPoint\",\"urlTemplate\":\"https:\/\/progettotouring.it\/radiotouring104\/?s={search_term_string}\"},\"query-input\":{\"@type\":\"PropertyValueSpecification\",\"valueRequired\":true,\"valueName\":\"search_term_string\"}}],\"inLanguage\":\"it-IT\"},{\"@type\":\"Organization\",\"@id\":\"https:\/\/progettotouring.it\/radiotouring104\/#organization\",\"name\":\"Radio Touring 104\",\"url\":\"https:\/\/progettotouring.it\/radiotouring104\/\",\"logo\":{\"@type\":\"ImageObject\",\"inLanguage\":\"it-IT\",\"@id\":\"https:\/\/progettotouring.it\/radiotouring104\/#\/schema\/logo\/image\/\",\"url\":\"https:\/\/progettotouring.it\/radiotouring104\/wp-content\/uploads\/sites\/6\/2022\/02\/cropped-logo-radio-touring-104.png\",\"contentUrl\":\"https:\/\/progettotouring.it\/radiotouring104\/wp-content\/uploads\/sites\/6\/2022\/02\/cropped-logo-radio-touring-104.png\",\"width\":377,\"height\":182,\"caption\":\"Radio Touring 104\"},\"image\":{\"@id\":\"https:\/\/progettotouring.it\/radiotouring104\/#\/schema\/logo\/image\/\"}},{\"@type\":\"Person\",\"@id\":\"https:\/\/progettotouring.it\/radiotouring104\/#\/schema\/person\/1b3eb3c07c47136bc44c785c543e635f\",\"name\":\"redazione\",\"image\":{\"@type\":\"ImageObject\",\"inLanguage\":\"it-IT\",\"@id\":\"https:\/\/secure.gravatar.com\/avatar\/0b31605b49f100769e8b624b3e05de1b73e1692e9568a352f60f53fd072e6e11?s=96&d=mm&r=g\",\"url\":\"https:\/\/secure.gravatar.com\/avatar\/0b31605b49f100769e8b624b3e05de1b73e1692e9568a352f60f53fd072e6e11?s=96&d=mm&r=g\",\"contentUrl\":\"https:\/\/secure.gravatar.com\/avatar\/0b31605b49f100769e8b624b3e05de1b73e1692e9568a352f60f53fd072e6e11?s=96&d=mm&r=g\",\"caption\":\"redazione\"},\"url\":\"https:\/\/progettotouring.it\/radiotouring104\/author\/redazione\/\"}]}<\/script>\n<!-- \/ Yoast SEO plugin. -->","yoast_head_json":{"title":"Pesistica: ai Campionati Juniores brillano Abati, Briganti e Mangiarano","description":"Le migliori giovani leve calabresi sono state impegnate domenica 23 maggio a Reggio Calabria nelle qualificazioni nazionali juniores 2022","robots":{"index":"index","follow":"follow","max-snippet":"max-snippet:-1","max-image-preview":"max-image-preview:large","max-video-preview":"max-video-preview:-1"},"canonical":"https:\/\/progettotouring.it\/radiotouring104\/2022\/05\/23\/pesistica-olimpica-ai-campionati-juniores-brillano-abati-briganti-e-mangiarano\/","og_locale":"it_IT","og_type":"article","og_title":"Pesistica: ai Campionati Juniores brillano Abati, Briganti e Mangiarano","og_description":"Le migliori giovani leve calabresi sono state impegnate domenica 23 maggio a Reggio Calabria nelle qualificazioni nazionali juniores 2022","og_url":"https:\/\/progettotouring.it\/radiotouring104\/2022\/05\/23\/pesistica-olimpica-ai-campionati-juniores-brillano-abati-briganti-e-mangiarano\/","og_site_name":"Radio Touring 104","article_published_time":"2022-05-23T12:43:08+00:00","article_modified_time":"2022-05-23T12:46:43+00:00","og_image":[{"width":1024,"height":818,"url":"https:\/\/progettotouring.it\/radiotouring104\/wp-content\/uploads\/sites\/6\/2022\/05\/terza-prova-di-strappo-di-Simone-Abati-con-kg.120.jpg","type":"image\/jpeg"}],"author":"redazione","twitter_card":"summary_large_image","twitter_misc":{"Scritto da":"redazione","Tempo di lettura stimato":"1 minuto"},"schema":{"@context":"https:\/\/schema.org","@graph":[{"@type":"Article","@id":"https:\/\/progettotouring.it\/radiotouring104\/2022\/05\/23\/pesistica-olimpica-ai-campionati-juniores-brillano-abati-briganti-e-mangiarano\/#article","isPartOf":{"@id":"https:\/\/progettotouring.it\/radiotouring104\/2022\/05\/23\/pesistica-olimpica-ai-campionati-juniores-brillano-abati-briganti-e-mangiarano\/"},"author":{"name":"redazione","@id":"https:\/\/progettotouring.it\/radiotouring104\/#\/schema\/person\/1b3eb3c07c47136bc44c785c543e635f"},"headline":"Pesistica Olimpica: ai Campionati Juniores brillano Abati, Briganti e Mangiarano","datePublished":"2022-05-23T12:43:08+00:00","dateModified":"2022-05-23T12:46:43+00:00","mainEntityOfPage":{"@id":"https:\/\/progettotouring.it\/radiotouring104\/2022\/05\/23\/pesistica-olimpica-ai-campionati-juniores-brillano-abati-briganti-e-mangiarano\/"},"wordCount":174,"commentCount":0,"publisher":{"@id":"https:\/\/progettotouring.it\/radiotouring104\/#organization"},"image":{"@id":"https:\/\/progettotouring.it\/radiotouring104\/2022\/05\/23\/pesistica-olimpica-ai-campionati-juniores-brillano-abati-briganti-e-mangiarano\/#primaryimage"},"thumbnailUrl":"https:\/\/progettotouring.it\/radiotouring104\/wp-content\/uploads\/sites\/6\/2022\/05\/terza-prova-di-strappo-di-Simone-Abati-con-kg.120.jpg","keywords":["Angela briganti","Martina mangiarano","pesistica","Simone Abati","Walter Luchetta"],"articleSection":["News","Reggio Calabria","Sport"],"inLanguage":"it-IT","potentialAction":[{"@type":"CommentAction","name":"Comment","target":["https:\/\/progettotouring.it\/radiotouring104\/2022\/05\/23\/pesistica-olimpica-ai-campionati-juniores-brillano-abati-briganti-e-mangiarano\/#respond"]}]},{"@type":"WebPage","@id":"https:\/\/progettotouring.it\/radiotouring104\/2022\/05\/23\/pesistica-olimpica-ai-campionati-juniores-brillano-abati-briganti-e-mangiarano\/","url":"https:\/\/progettotouring.it\/radiotouring104\/2022\/05\/23\/pesistica-olimpica-ai-campionati-juniores-brillano-abati-briganti-e-mangiarano\/","name":"Pesistica: ai Campionati Juniores brillano Abati, Briganti e Mangiarano","isPartOf":{"@id":"https:\/\/progettotouring.it\/radiotouring104\/#website"},"primaryImageOfPage":{"@id":"https:\/\/progettotouring.it\/radiotouring104\/2022\/05\/23\/pesistica-olimpica-ai-campionati-juniores-brillano-abati-briganti-e-mangiarano\/#primaryimage"},"image":{"@id":"https:\/\/progettotouring.it\/radiotouring104\/2022\/05\/23\/pesistica-olimpica-ai-campionati-juniores-brillano-abati-briganti-e-mangiarano\/#primaryimage"},"thumbnailUrl":"https:\/\/progettotouring.it\/radiotouring104\/wp-content\/uploads\/sites\/6\/2022\/05\/terza-prova-di-strappo-di-Simone-Abati-con-kg.120.jpg","datePublished":"2022-05-23T12:43:08+00:00","dateModified":"2022-05-23T12:46:43+00:00","description":"Le migliori giovani leve calabresi sono state impegnate domenica 23 maggio a Reggio Calabria nelle qualificazioni nazionali juniores 2022","breadcrumb":{"@id":"https:\/\/progettotouring.it\/radiotouring104\/2022\/05\/23\/pesistica-olimpica-ai-campionati-juniores-brillano-abati-briganti-e-mangiarano\/#breadcrumb"},"inLanguage":"it-IT","potentialAction":[{"@type":"ReadAction","target":["https:\/\/progettotouring.it\/radiotouring104\/2022\/05\/23\/pesistica-olimpica-ai-campionati-juniores-brillano-abati-briganti-e-mangiarano\/"]}]},{"@type":"ImageObject","inLanguage":"it-IT","@id":"https:\/\/progettotouring.it\/radiotouring104\/2022\/05\/23\/pesistica-olimpica-ai-campionati-juniores-brillano-abati-briganti-e-mangiarano\/#primaryimage","url":"https:\/\/progettotouring.it\/radiotouring104\/wp-content\/uploads\/sites\/6\/2022\/05\/terza-prova-di-strappo-di-Simone-Abati-con-kg.120.jpg","contentUrl":"https:\/\/progettotouring.it\/radiotouring104\/wp-content\/uploads\/sites\/6\/2022\/05\/terza-prova-di-strappo-di-Simone-Abati-con-kg.120.jpg","width":1024,"height":818,"caption":"Simone abati pesistica"},{"@type":"BreadcrumbList","@id":"https:\/\/progettotouring.it\/radiotouring104\/2022\/05\/23\/pesistica-olimpica-ai-campionati-juniores-brillano-abati-briganti-e-mangiarano\/#breadcrumb","itemListElement":[{"@type":"ListItem","position":1,"name":"Home","item":"https:\/\/progettotouring.it\/radiotouring104\/"},{"@type":"ListItem","position":2,"name":"Pesistica Olimpica: ai Campionati Juniores brillano Abati, Briganti e Mangiarano"}]},{"@type":"WebSite","@id":"https:\/\/progettotouring.it\/radiotouring104\/#website","url":"https:\/\/progettotouring.it\/radiotouring104\/","name":"Radio Touring 104","description":"La prima radio Reggina","publisher":{"@id":"https:\/\/progettotouring.it\/radiotouring104\/#organization"},"potentialAction":[{"@type":"SearchAction","target":{"@type":"EntryPoint","urlTemplate":"https:\/\/progettotouring.it\/radiotouring104\/?s={search_term_string}"},"query-input":{"@type":"PropertyValueSpecification","valueRequired":true,"valueName":"search_term_string"}}],"inLanguage":"it-IT"},{"@type":"Organization","@id":"https:\/\/progettotouring.it\/radiotouring104\/#organization","name":"Radio Touring 104","url":"https:\/\/progettotouring.it\/radiotouring104\/","logo":{"@type":"ImageObject","inLanguage":"it-IT","@id":"https:\/\/progettotouring.it\/radiotouring104\/#\/schema\/logo\/image\/","url":"https:\/\/progettotouring.it\/radiotouring104\/wp-content\/uploads\/sites\/6\/2022\/02\/cropped-logo-radio-touring-104.png","contentUrl":"https:\/\/progettotouring.it\/radiotouring104\/wp-content\/uploads\/sites\/6\/2022\/02\/cropped-logo-radio-touring-104.png","width":377,"height":182,"caption":"Radio Touring 104"},"image":{"@id":"https:\/\/progettotouring.it\/radiotouring104\/#\/schema\/logo\/image\/"}},{"@type":"Person","@id":"https:\/\/progettotouring.it\/radiotouring104\/#\/schema\/person\/1b3eb3c07c47136bc44c785c543e635f","name":"redazione","image":{"@type":"ImageObject","inLanguage":"it-IT","@id":"https:\/\/secure.gravatar.com\/avatar\/0b31605b49f100769e8b624b3e05de1b73e1692e9568a352f60f53fd072e6e11?s=96&d=mm&r=g","url":"https:\/\/secure.gravatar.com\/avatar\/0b31605b49f100769e8b624b3e05de1b73e1692e9568a352f60f53fd072e6e11?s=96&d=mm&r=g","contentUrl":"https:\/\/secure.gravatar.com\/avatar\/0b31605b49f100769e8b624b3e05de1b73e1692e9568a352f60f53fd072e6e11?s=96&d=mm&r=g","caption":"redazione"},"url":"https:\/\/progettotouring.it\/radiotouring104\/author\/redazione\/"}]}},"jetpack_publicize_connections":[],"jetpack_featured_media_url":"https:\/\/progettotouring.it\/radiotouring104\/wp-content\/uploads\/sites\/6\/2022\/05\/terza-prova-di-strappo-di-Simone-Abati-con-kg.120.jpg","jetpack_sharing_enabled":true,"_links":{"self":[{"href":"https:\/\/progettotouring.it\/radiotouring104\/wp-json\/wp\/v2\/posts\/5591","targetHints":{"allow":["GET"]}}],"collection":[{"href":"https:\/\/progettotouring.it\/radiotouring104\/wp-json\/wp\/v2\/posts"}],"about":[{"href":"https:\/\/progettotouring.it\/radiotouring104\/wp-json\/wp\/v2\/types\/post"}],"author":[{"embeddable":true,"href":"https:\/\/progettotouring.it\/radiotouring104\/wp-json\/wp\/v2\/users\/5"}],"replies":[{"embeddable":true,"href":"https:\/\/progettotouring.it\/radiotouring104\/wp-json\/wp\/v2\/comments?post=5591"}],"version-history":[{"count":2,"href":"https:\/\/progettotouring.it\/radiotouring104\/wp-json\/wp\/v2\/posts\/5591\/revisions"}],"predecessor-version":[{"id":5594,"href":"https:\/\/progettotouring.it\/radiotouring104\/wp-json\/wp\/v2\/posts\/5591\/revisions\/5594"}],"wp:featuredmedia":[{"embeddable":true,"href":"https:\/\/progettotouring.it\/radiotouring104\/wp-json\/wp\/v2\/media\/5592"}],"wp:attachment":[{"href":"https:\/\/progettotouring.it\/radiotouring104\/wp-json\/wp\/v2\/media?parent=5591"}],"wp:term":[{"taxonomy":"category","embeddable":true,"href":"https:\/\/progettotouring.it\/radiotouring104\/wp-json\/wp\/v2\/categories?post=5591"},{"taxonomy":"post_tag","embeddable":true,"href":"https:\/\/progettotouring.it\/radiotouring104\/wp-json\/wp\/v2\/tags?post=5591"}],"curies":[{"name":"wp","href":"https:\/\/api.w.org\/{rel}","templated":true}]}}