{"id":5595,"date":"2022-05-23T14:52:22","date_gmt":"2022-05-23T12:52:22","guid":{"rendered":"https:\/\/progettotouring.it\/radiotouring104\/?p=5595"},"modified":"2022-05-23T14:53:04","modified_gmt":"2022-05-23T12:53:04","slug":"coldiretti-progetti-di-intervento-e-salvaguardia-sui-siti-di-natura-2000","status":"publish","type":"post","link":"https:\/\/progettotouring.it\/radiotouring104\/2022\/05\/23\/coldiretti-progetti-di-intervento-e-salvaguardia-sui-siti-di-natura-2000\/","title":{"rendered":"Coldiretti, progetti di intervento e salvaguardia sui siti di Natura 2000"},"content":{"rendered":"<p class=\"xmprfx_normal\" style=\"text-align: justify;\"><span class=\"xmprfx_normalchar\">La Regione Calabria con la DGR 65 del 28\/02\/2022 recependo le Linee Guida Nazionali per la Valutazione di Incidenza che riguardano i siti Natura 2000, ha disciplinato la procedura. Di fatto con l\u2019individuazione della valutazione di incidenza\u2013 informa Coldiretti Calabria \u2013 sono state previste specifiche misure di conservazione ed eventualmente anche Piani di gestione dei boschi, come specifico procedimento amministrativo, di carattere preventivo, finalizzato alla valutazione degli effetti delle trasformazioni del territorio sulla conservazione della biodiversit\u00e0. A tale procedimento vanno sottoposti i Piani enerali o di settore, i Progetti e gli interventi i cui effetti ricadano all&#8217;interno dei siti di Rete Natura 2000, al fine di verificare l\u2019eventualit\u00e0 che gli interventi previsti, presi singolarmente o congiuntamente ad altri, possano determinare significative incidenze negative su di un sito Natura 2000, tenuto conto degli obiettivi di conservazione del medesimo. \u201cCon questa delibera \u2013 commenta\u00a0<b>Francesco Cosentini Direttore di Coldiretti Calabria<\/b> \u2013 sono state bloccate le autorizzazioni che erano state concesse alle imprese boschive. Tale decisione \u2013 continua \u2013 crea un danno alle imprese che avevano gi\u00e0 investito in termini organizzativi, costringendole ad una revisione tecnica del progetto gi\u00e0 presentato e approvato, integrandolo con la Valutazione di incidenza Ambientale. Facendoci carico di tale necessit\u00e0, <b>abbiamo incontrato il Direttore Generale del Dipartimento Ambiente, ing. Salvatore Siviglia, che, ha assicurato, nell\u2019arco di dieci giorni sbloccher\u00e0 con apposito provvedimento i progetti di taglio e gli interventi d&#8217;utilizzazione e miglioramento dei boschi per le superfici inferiori a 5 ettari in modo che le aziende boschive possano riprendere a lavorare sui siti di natura 2000\u201d<\/b>. Continueremo \u2013 conclude Cosentini \u2013 a monitorare la vicenda per consentire a questo importante segmento imprenditoriale di svolgere e programmare le attivit\u00e0<\/span><\/p>\n","protected":false},"excerpt":{"rendered":"<p>La Regione Calabria con la DGR 65 del 28\/02\/2022 recependo le Linee Guida Nazionali per la Valutazione di Incidenza che riguardano i siti Natura 2000, ha disciplinato la procedura. Di&hellip;<\/p>\n","protected":false},"author":5,"featured_media":5596,"comment_status":"open","ping_status":"open","sticky":false,"template":"","format":"standard","meta":{"_jetpack_memberships_contains_paid_content":false,"footnotes":"","jetpack_publicize_message":"","jetpack_publicize_feature_enabled":true,"jetpack_social_post_already_shared":false,"jetpack_social_options":{"image_generator_settings":{"template":"highway","default_image_id":0,"font":"","enabled":false},"version":2}},"categories":[142,921,196],"tags":[557,1987,1986,1988],"class_list":["post-5595","post","type-post","status-publish","format-standard","has-post-thumbnail","hentry","category-calabria","category-home","category-news","tag-coldiretti-calabria","tag-francesco-cosentini","tag-natura-2000","tag-salvatore-siviglia"],"yoast_head":"<!-- This site is optimized with the Yoast SEO plugin v27.2 - https:\/\/yoast.com\/product\/yoast-seo-wordpress\/ -->\n<title>Coldiretti, progetti di intervento e salvaguardia sui siti di Natura 2000<\/title>\n<meta name=\"description\" content=\"Progetti di taglio e interventi d&#039;utilizzazione e miglioramento dei boschi sui siti di Natura 2000: c\u2019\u00e8 l\u2019impegno della Regione a sbloccarli\" \/>\n<meta name=\"robots\" content=\"index, follow, max-snippet:-1, max-image-preview:large, max-video-preview:-1\" \/>\n<link rel=\"canonical\" href=\"https:\/\/progettotouring.it\/radiotouring104\/2022\/05\/23\/coldiretti-progetti-di-intervento-e-salvaguardia-sui-siti-di-natura-2000\/\" \/>\n<meta property=\"og:locale\" content=\"it_IT\" \/>\n<meta property=\"og:type\" content=\"article\" \/>\n<meta property=\"og:title\" content=\"Coldiretti, progetti di intervento e salvaguardia sui siti di Natura 2000\" \/>\n<meta property=\"og:description\" content=\"Progetti di taglio e interventi d&#039;utilizzazione e miglioramento dei boschi sui siti di Natura 2000: c\u2019\u00e8 l\u2019impegno della Regione a sbloccarli\" \/>\n<meta property=\"og:url\" content=\"https:\/\/progettotouring.it\/radiotouring104\/2022\/05\/23\/coldiretti-progetti-di-intervento-e-salvaguardia-sui-siti-di-natura-2000\/\" \/>\n<meta property=\"og:site_name\" content=\"Radio Touring 104\" \/>\n<meta property=\"article:published_time\" content=\"2022-05-23T12:52:22+00:00\" \/>\n<meta property=\"article:modified_time\" content=\"2022-05-23T12:53:04+00:00\" \/>\n<meta property=\"og:image\" content=\"https:\/\/progettotouring.it\/radiotouring104\/wp-content\/uploads\/sites\/6\/2022\/05\/Coldiretti.jpeg\" \/>\n\t<meta property=\"og:image:width\" content=\"800\" \/>\n\t<meta property=\"og:image:height\" content=\"600\" \/>\n\t<meta property=\"og:image:type\" content=\"image\/jpeg\" \/>\n<meta name=\"author\" content=\"redazione\" \/>\n<meta name=\"twitter:card\" content=\"summary_large_image\" \/>\n<meta name=\"twitter:label1\" content=\"Scritto da\" \/>\n\t<meta name=\"twitter:data1\" content=\"redazione\" \/>\n\t<meta name=\"twitter:label2\" content=\"Tempo di lettura stimato\" \/>\n\t<meta name=\"twitter:data2\" content=\"2 minuti\" \/>\n<script type=\"application\/ld+json\" class=\"yoast-schema-graph\">{\"@context\":\"https:\/\/schema.org\",\"@graph\":[{\"@type\":\"Article\",\"@id\":\"https:\/\/progettotouring.it\/radiotouring104\/2022\/05\/23\/coldiretti-progetti-di-intervento-e-salvaguardia-sui-siti-di-natura-2000\/#article\",\"isPartOf\":{\"@id\":\"https:\/\/progettotouring.it\/radiotouring104\/2022\/05\/23\/coldiretti-progetti-di-intervento-e-salvaguardia-sui-siti-di-natura-2000\/\"},\"author\":{\"name\":\"redazione\",\"@id\":\"https:\/\/progettotouring.it\/radiotouring104\/#\/schema\/person\/1b3eb3c07c47136bc44c785c543e635f\"},\"headline\":\"Coldiretti, progetti di intervento e salvaguardia sui siti di Natura 2000\",\"datePublished\":\"2022-05-23T12:52:22+00:00\",\"dateModified\":\"2022-05-23T12:53:04+00:00\",\"mainEntityOfPage\":{\"@id\":\"https:\/\/progettotouring.it\/radiotouring104\/2022\/05\/23\/coldiretti-progetti-di-intervento-e-salvaguardia-sui-siti-di-natura-2000\/\"},\"wordCount\":278,\"commentCount\":0,\"publisher\":{\"@id\":\"https:\/\/progettotouring.it\/radiotouring104\/#organization\"},\"image\":{\"@id\":\"https:\/\/progettotouring.it\/radiotouring104\/2022\/05\/23\/coldiretti-progetti-di-intervento-e-salvaguardia-sui-siti-di-natura-2000\/#primaryimage\"},\"thumbnailUrl\":\"https:\/\/progettotouring.it\/radiotouring104\/wp-content\/uploads\/sites\/6\/2022\/05\/Coldiretti.jpeg\",\"keywords\":[\"Coldiretti Calabria\",\"Francesco cosentini\",\"natura 2000\",\"salvatore siviglia\"],\"articleSection\":[\"Calabria\",\"Home\",\"News\"],\"inLanguage\":\"it-IT\",\"potentialAction\":[{\"@type\":\"CommentAction\",\"name\":\"Comment\",\"target\":[\"https:\/\/progettotouring.it\/radiotouring104\/2022\/05\/23\/coldiretti-progetti-di-intervento-e-salvaguardia-sui-siti-di-natura-2000\/#respond\"]}]},{\"@type\":\"WebPage\",\"@id\":\"https:\/\/progettotouring.it\/radiotouring104\/2022\/05\/23\/coldiretti-progetti-di-intervento-e-salvaguardia-sui-siti-di-natura-2000\/\",\"url\":\"https:\/\/progettotouring.it\/radiotouring104\/2022\/05\/23\/coldiretti-progetti-di-intervento-e-salvaguardia-sui-siti-di-natura-2000\/\",\"name\":\"Coldiretti, progetti di intervento e salvaguardia sui siti di Natura 2000\",\"isPartOf\":{\"@id\":\"https:\/\/progettotouring.it\/radiotouring104\/#website\"},\"primaryImageOfPage\":{\"@id\":\"https:\/\/progettotouring.it\/radiotouring104\/2022\/05\/23\/coldiretti-progetti-di-intervento-e-salvaguardia-sui-siti-di-natura-2000\/#primaryimage\"},\"image\":{\"@id\":\"https:\/\/progettotouring.it\/radiotouring104\/2022\/05\/23\/coldiretti-progetti-di-intervento-e-salvaguardia-sui-siti-di-natura-2000\/#primaryimage\"},\"thumbnailUrl\":\"https:\/\/progettotouring.it\/radiotouring104\/wp-content\/uploads\/sites\/6\/2022\/05\/Coldiretti.jpeg\",\"datePublished\":\"2022-05-23T12:52:22+00:00\",\"dateModified\":\"2022-05-23T12:53:04+00:00\",\"description\":\"Progetti di taglio e interventi d'utilizzazione e miglioramento dei boschi sui siti di Natura 2000: c\u2019\u00e8 l\u2019impegno della Regione a sbloccarli\",\"breadcrumb\":{\"@id\":\"https:\/\/progettotouring.it\/radiotouring104\/2022\/05\/23\/coldiretti-progetti-di-intervento-e-salvaguardia-sui-siti-di-natura-2000\/#breadcrumb\"},\"inLanguage\":\"it-IT\",\"potentialAction\":[{\"@type\":\"ReadAction\",\"target\":[\"https:\/\/progettotouring.it\/radiotouring104\/2022\/05\/23\/coldiretti-progetti-di-intervento-e-salvaguardia-sui-siti-di-natura-2000\/\"]}]},{\"@type\":\"ImageObject\",\"inLanguage\":\"it-IT\",\"@id\":\"https:\/\/progettotouring.it\/radiotouring104\/2022\/05\/23\/coldiretti-progetti-di-intervento-e-salvaguardia-sui-siti-di-natura-2000\/#primaryimage\",\"url\":\"https:\/\/progettotouring.it\/radiotouring104\/wp-content\/uploads\/sites\/6\/2022\/05\/Coldiretti.jpeg\",\"contentUrl\":\"https:\/\/progettotouring.it\/radiotouring104\/wp-content\/uploads\/sites\/6\/2022\/05\/Coldiretti.jpeg\",\"width\":800,\"height\":600},{\"@type\":\"BreadcrumbList\",\"@id\":\"https:\/\/progettotouring.it\/radiotouring104\/2022\/05\/23\/coldiretti-progetti-di-intervento-e-salvaguardia-sui-siti-di-natura-2000\/#breadcrumb\",\"itemListElement\":[{\"@type\":\"ListItem\",\"position\":1,\"name\":\"Home\",\"item\":\"https:\/\/progettotouring.it\/radiotouring104\/\"},{\"@type\":\"ListItem\",\"position\":2,\"name\":\"Coldiretti, progetti di intervento e salvaguardia sui siti di Natura 2000\"}]},{\"@type\":\"WebSite\",\"@id\":\"https:\/\/progettotouring.it\/radiotouring104\/#website\",\"url\":\"https:\/\/progettotouring.it\/radiotouring104\/\",\"name\":\"Radio Touring 104\",\"description\":\"La prima radio Reggina\",\"publisher\":{\"@id\":\"https:\/\/progettotouring.it\/radiotouring104\/#organization\"},\"potentialAction\":[{\"@type\":\"SearchAction\",\"target\":{\"@type\":\"EntryPoint\",\"urlTemplate\":\"https:\/\/progettotouring.it\/radiotouring104\/?s={search_term_string}\"},\"query-input\":{\"@type\":\"PropertyValueSpecification\",\"valueRequired\":true,\"valueName\":\"search_term_string\"}}],\"inLanguage\":\"it-IT\"},{\"@type\":\"Organization\",\"@id\":\"https:\/\/progettotouring.it\/radiotouring104\/#organization\",\"name\":\"Radio Touring 104\",\"url\":\"https:\/\/progettotouring.it\/radiotouring104\/\",\"logo\":{\"@type\":\"ImageObject\",\"inLanguage\":\"it-IT\",\"@id\":\"https:\/\/progettotouring.it\/radiotouring104\/#\/schema\/logo\/image\/\",\"url\":\"https:\/\/progettotouring.it\/radiotouring104\/wp-content\/uploads\/sites\/6\/2022\/02\/cropped-logo-radio-touring-104.png\",\"contentUrl\":\"https:\/\/progettotouring.it\/radiotouring104\/wp-content\/uploads\/sites\/6\/2022\/02\/cropped-logo-radio-touring-104.png\",\"width\":377,\"height\":182,\"caption\":\"Radio Touring 104\"},\"image\":{\"@id\":\"https:\/\/progettotouring.it\/radiotouring104\/#\/schema\/logo\/image\/\"}},{\"@type\":\"Person\",\"@id\":\"https:\/\/progettotouring.it\/radiotouring104\/#\/schema\/person\/1b3eb3c07c47136bc44c785c543e635f\",\"name\":\"redazione\",\"image\":{\"@type\":\"ImageObject\",\"inLanguage\":\"it-IT\",\"@id\":\"https:\/\/secure.gravatar.com\/avatar\/0b31605b49f100769e8b624b3e05de1b73e1692e9568a352f60f53fd072e6e11?s=96&d=mm&r=g\",\"url\":\"https:\/\/secure.gravatar.com\/avatar\/0b31605b49f100769e8b624b3e05de1b73e1692e9568a352f60f53fd072e6e11?s=96&d=mm&r=g\",\"contentUrl\":\"https:\/\/secure.gravatar.com\/avatar\/0b31605b49f100769e8b624b3e05de1b73e1692e9568a352f60f53fd072e6e11?s=96&d=mm&r=g\",\"caption\":\"redazione\"},\"url\":\"https:\/\/progettotouring.it\/radiotouring104\/author\/redazione\/\"}]}<\/script>\n<!-- \/ Yoast SEO plugin. -->","yoast_head_json":{"title":"Coldiretti, progetti di intervento e salvaguardia sui siti di Natura 2000","description":"Progetti di taglio e interventi d'utilizzazione e miglioramento dei boschi sui siti di Natura 2000: c\u2019\u00e8 l\u2019impegno della Regione a sbloccarli","robots":{"index":"index","follow":"follow","max-snippet":"max-snippet:-1","max-image-preview":"max-image-preview:large","max-video-preview":"max-video-preview:-1"},"canonical":"https:\/\/progettotouring.it\/radiotouring104\/2022\/05\/23\/coldiretti-progetti-di-intervento-e-salvaguardia-sui-siti-di-natura-2000\/","og_locale":"it_IT","og_type":"article","og_title":"Coldiretti, progetti di intervento e salvaguardia sui siti di Natura 2000","og_description":"Progetti di taglio e interventi d'utilizzazione e miglioramento dei boschi sui siti di Natura 2000: c\u2019\u00e8 l\u2019impegno della Regione a sbloccarli","og_url":"https:\/\/progettotouring.it\/radiotouring104\/2022\/05\/23\/coldiretti-progetti-di-intervento-e-salvaguardia-sui-siti-di-natura-2000\/","og_site_name":"Radio Touring 104","article_published_time":"2022-05-23T12:52:22+00:00","article_modified_time":"2022-05-23T12:53:04+00:00","og_image":[{"width":800,"height":600,"url":"https:\/\/progettotouring.it\/radiotouring104\/wp-content\/uploads\/sites\/6\/2022\/05\/Coldiretti.jpeg","type":"image\/jpeg"}],"author":"redazione","twitter_card":"summary_large_image","twitter_misc":{"Scritto da":"redazione","Tempo di lettura stimato":"2 minuti"},"schema":{"@context":"https:\/\/schema.org","@graph":[{"@type":"Article","@id":"https:\/\/progettotouring.it\/radiotouring104\/2022\/05\/23\/coldiretti-progetti-di-intervento-e-salvaguardia-sui-siti-di-natura-2000\/#article","isPartOf":{"@id":"https:\/\/progettotouring.it\/radiotouring104\/2022\/05\/23\/coldiretti-progetti-di-intervento-e-salvaguardia-sui-siti-di-natura-2000\/"},"author":{"name":"redazione","@id":"https:\/\/progettotouring.it\/radiotouring104\/#\/schema\/person\/1b3eb3c07c47136bc44c785c543e635f"},"headline":"Coldiretti, progetti di intervento e salvaguardia sui siti di Natura 2000","datePublished":"2022-05-23T12:52:22+00:00","dateModified":"2022-05-23T12:53:04+00:00","mainEntityOfPage":{"@id":"https:\/\/progettotouring.it\/radiotouring104\/2022\/05\/23\/coldiretti-progetti-di-intervento-e-salvaguardia-sui-siti-di-natura-2000\/"},"wordCount":278,"commentCount":0,"publisher":{"@id":"https:\/\/progettotouring.it\/radiotouring104\/#organization"},"image":{"@id":"https:\/\/progettotouring.it\/radiotouring104\/2022\/05\/23\/coldiretti-progetti-di-intervento-e-salvaguardia-sui-siti-di-natura-2000\/#primaryimage"},"thumbnailUrl":"https:\/\/progettotouring.it\/radiotouring104\/wp-content\/uploads\/sites\/6\/2022\/05\/Coldiretti.jpeg","keywords":["Coldiretti Calabria","Francesco cosentini","natura 2000","salvatore siviglia"],"articleSection":["Calabria","Home","News"],"inLanguage":"it-IT","potentialAction":[{"@type":"CommentAction","name":"Comment","target":["https:\/\/progettotouring.it\/radiotouring104\/2022\/05\/23\/coldiretti-progetti-di-intervento-e-salvaguardia-sui-siti-di-natura-2000\/#respond"]}]},{"@type":"WebPage","@id":"https:\/\/progettotouring.it\/radiotouring104\/2022\/05\/23\/coldiretti-progetti-di-intervento-e-salvaguardia-sui-siti-di-natura-2000\/","url":"https:\/\/progettotouring.it\/radiotouring104\/2022\/05\/23\/coldiretti-progetti-di-intervento-e-salvaguardia-sui-siti-di-natura-2000\/","name":"Coldiretti, progetti di intervento e salvaguardia sui siti di Natura 2000","isPartOf":{"@id":"https:\/\/progettotouring.it\/radiotouring104\/#website"},"primaryImageOfPage":{"@id":"https:\/\/progettotouring.it\/radiotouring104\/2022\/05\/23\/coldiretti-progetti-di-intervento-e-salvaguardia-sui-siti-di-natura-2000\/#primaryimage"},"image":{"@id":"https:\/\/progettotouring.it\/radiotouring104\/2022\/05\/23\/coldiretti-progetti-di-intervento-e-salvaguardia-sui-siti-di-natura-2000\/#primaryimage"},"thumbnailUrl":"https:\/\/progettotouring.it\/radiotouring104\/wp-content\/uploads\/sites\/6\/2022\/05\/Coldiretti.jpeg","datePublished":"2022-05-23T12:52:22+00:00","dateModified":"2022-05-23T12:53:04+00:00","description":"Progetti di taglio e interventi d'utilizzazione e miglioramento dei boschi sui siti di Natura 2000: c\u2019\u00e8 l\u2019impegno della Regione a sbloccarli","breadcrumb":{"@id":"https:\/\/progettotouring.it\/radiotouring104\/2022\/05\/23\/coldiretti-progetti-di-intervento-e-salvaguardia-sui-siti-di-natura-2000\/#breadcrumb"},"inLanguage":"it-IT","potentialAction":[{"@type":"ReadAction","target":["https:\/\/progettotouring.it\/radiotouring104\/2022\/05\/23\/coldiretti-progetti-di-intervento-e-salvaguardia-sui-siti-di-natura-2000\/"]}]},{"@type":"ImageObject","inLanguage":"it-IT","@id":"https:\/\/progettotouring.it\/radiotouring104\/2022\/05\/23\/coldiretti-progetti-di-intervento-e-salvaguardia-sui-siti-di-natura-2000\/#primaryimage","url":"https:\/\/progettotouring.it\/radiotouring104\/wp-content\/uploads\/sites\/6\/2022\/05\/Coldiretti.jpeg","contentUrl":"https:\/\/progettotouring.it\/radiotouring104\/wp-content\/uploads\/sites\/6\/2022\/05\/Coldiretti.jpeg","width":800,"height":600},{"@type":"BreadcrumbList","@id":"https:\/\/progettotouring.it\/radiotouring104\/2022\/05\/23\/coldiretti-progetti-di-intervento-e-salvaguardia-sui-siti-di-natura-2000\/#breadcrumb","itemListElement":[{"@type":"ListItem","position":1,"name":"Home","item":"https:\/\/progettotouring.it\/radiotouring104\/"},{"@type":"ListItem","position":2,"name":"Coldiretti, progetti di intervento e salvaguardia sui siti di Natura 2000"}]},{"@type":"WebSite","@id":"https:\/\/progettotouring.it\/radiotouring104\/#website","url":"https:\/\/progettotouring.it\/radiotouring104\/","name":"Radio Touring 104","description":"La prima radio Reggina","publisher":{"@id":"https:\/\/progettotouring.it\/radiotouring104\/#organization"},"potentialAction":[{"@type":"SearchAction","target":{"@type":"EntryPoint","urlTemplate":"https:\/\/progettotouring.it\/radiotouring104\/?s={search_term_string}"},"query-input":{"@type":"PropertyValueSpecification","valueRequired":true,"valueName":"search_term_string"}}],"inLanguage":"it-IT"},{"@type":"Organization","@id":"https:\/\/progettotouring.it\/radiotouring104\/#organization","name":"Radio Touring 104","url":"https:\/\/progettotouring.it\/radiotouring104\/","logo":{"@type":"ImageObject","inLanguage":"it-IT","@id":"https:\/\/progettotouring.it\/radiotouring104\/#\/schema\/logo\/image\/","url":"https:\/\/progettotouring.it\/radiotouring104\/wp-content\/uploads\/sites\/6\/2022\/02\/cropped-logo-radio-touring-104.png","contentUrl":"https:\/\/progettotouring.it\/radiotouring104\/wp-content\/uploads\/sites\/6\/2022\/02\/cropped-logo-radio-touring-104.png","width":377,"height":182,"caption":"Radio Touring 104"},"image":{"@id":"https:\/\/progettotouring.it\/radiotouring104\/#\/schema\/logo\/image\/"}},{"@type":"Person","@id":"https:\/\/progettotouring.it\/radiotouring104\/#\/schema\/person\/1b3eb3c07c47136bc44c785c543e635f","name":"redazione","image":{"@type":"ImageObject","inLanguage":"it-IT","@id":"https:\/\/secure.gravatar.com\/avatar\/0b31605b49f100769e8b624b3e05de1b73e1692e9568a352f60f53fd072e6e11?s=96&d=mm&r=g","url":"https:\/\/secure.gravatar.com\/avatar\/0b31605b49f100769e8b624b3e05de1b73e1692e9568a352f60f53fd072e6e11?s=96&d=mm&r=g","contentUrl":"https:\/\/secure.gravatar.com\/avatar\/0b31605b49f100769e8b624b3e05de1b73e1692e9568a352f60f53fd072e6e11?s=96&d=mm&r=g","caption":"redazione"},"url":"https:\/\/progettotouring.it\/radiotouring104\/author\/redazione\/"}]}},"jetpack_publicize_connections":[],"jetpack_featured_media_url":"https:\/\/progettotouring.it\/radiotouring104\/wp-content\/uploads\/sites\/6\/2022\/05\/Coldiretti.jpeg","jetpack_sharing_enabled":true,"_links":{"self":[{"href":"https:\/\/progettotouring.it\/radiotouring104\/wp-json\/wp\/v2\/posts\/5595","targetHints":{"allow":["GET"]}}],"collection":[{"href":"https:\/\/progettotouring.it\/radiotouring104\/wp-json\/wp\/v2\/posts"}],"about":[{"href":"https:\/\/progettotouring.it\/radiotouring104\/wp-json\/wp\/v2\/types\/post"}],"author":[{"embeddable":true,"href":"https:\/\/progettotouring.it\/radiotouring104\/wp-json\/wp\/v2\/users\/5"}],"replies":[{"embeddable":true,"href":"https:\/\/progettotouring.it\/radiotouring104\/wp-json\/wp\/v2\/comments?post=5595"}],"version-history":[{"count":1,"href":"https:\/\/progettotouring.it\/radiotouring104\/wp-json\/wp\/v2\/posts\/5595\/revisions"}],"predecessor-version":[{"id":5597,"href":"https:\/\/progettotouring.it\/radiotouring104\/wp-json\/wp\/v2\/posts\/5595\/revisions\/5597"}],"wp:featuredmedia":[{"embeddable":true,"href":"https:\/\/progettotouring.it\/radiotouring104\/wp-json\/wp\/v2\/media\/5596"}],"wp:attachment":[{"href":"https:\/\/progettotouring.it\/radiotouring104\/wp-json\/wp\/v2\/media?parent=5595"}],"wp:term":[{"taxonomy":"category","embeddable":true,"href":"https:\/\/progettotouring.it\/radiotouring104\/wp-json\/wp\/v2\/categories?post=5595"},{"taxonomy":"post_tag","embeddable":true,"href":"https:\/\/progettotouring.it\/radiotouring104\/wp-json\/wp\/v2\/tags?post=5595"}],"curies":[{"name":"wp","href":"https:\/\/api.w.org\/{rel}","templated":true}]}}