{"id":56203,"date":"2024-08-01T10:47:02","date_gmt":"2024-08-01T08:47:02","guid":{"rendered":"https:\/\/progettotouring.it\/radiotouring104\/?p=56203"},"modified":"2024-08-01T10:47:02","modified_gmt":"2024-08-01T08:47:02","slug":"reggio-il-servizio-di-mobilita-sociale-omnibus-pronto-a-partire","status":"publish","type":"post","link":"https:\/\/progettotouring.it\/radiotouring104\/2024\/08\/01\/reggio-il-servizio-di-mobilita-sociale-omnibus-pronto-a-partire\/","title":{"rendered":"Reggio: il servizio di mobilit\u00e0 sociale &#8220;Omnibus&#8221; pronto a partire"},"content":{"rendered":"<p style=\"text-align: justify\"><em>\u201cOmnibus\u201d<\/em><strong> \u00e8 pronto a partire.<\/strong> <em>Il nuovo servizio di mobilit\u00e0 sociale a chiamata,<\/em> promosso dalla Citt\u00e0 Metropolitana di Reggio Calabria in collaborazione con Atam, <strong>sar\u00e0 attivo da venerd\u00ec<\/strong> <strong>2 agosto<\/strong> con una prima fase sperimentale <strong>che coinvolger\u00e0 le aree territoriali della zona Grecanica.<\/strong><\/p>\n<p><strong>L\u2019intervento<\/strong>, inserito nell\u2019ambito del progetto<em> \u201cAspromonte in citt\u00e0\u201d<\/em>, \u00e8 finanziato con i fondi del Pnrr per circa 2,5 milioni di euro e<strong> rappresenta una valida alternativa all\u2019uso del mezzo privato,<\/strong> andando incontro alle esigenze dei cittadini delle aree a domanda debole che verranno, cos\u00ec, riconnessi con il resto dell\u2019area metropolitana. Si tratta in ogni caso di un<strong> nuovo servizio<\/strong> attivato per il momento<strong> in via sperimentale nell&#8217;area grecanic<\/strong>a, nelle zone pi\u00f9 penalizzate dal punto di vista dei collegamenti trasportistici. Proprio questo primo avvio in forma sperimentale<strong> consentir\u00e0 di evidenziare eventuali migliorativi<\/strong> e suggerimenti utili a calibrare modalit\u00e0 e percorsi per l&#8217;utilizzo dei mezzi a chiamata.<\/p>\n<p>In questa fase il servizio <strong>sar\u00e0 operativo dal luned\u00ec al venerd\u00ec dalle 9:00 alle 24, il sabato, la domenica ed i festivi dalle 10:00 alle 24:00<\/strong>, e sar\u00e0, gestito, reso disponibile e prenotabile tramite piattaforme digitali e, in alternativa, <strong>con l\u2019apposito call center 0965-1750036.<\/strong><\/p>\n<p>I costi variano dai 3,60 euro per distanze fino a 10 chilometri a 9,80 euro per tragitti superiori ai 40 chilometri. <strong>Le aree di servizio individuate ricadono nei Comuni di<\/strong> Bagaladi, Bova, Bova Marina, Brancaleone, Bruzzano Zeffirio, Cardeto, Condofuri, Ferruzzano, Melito di Porto Salvo, Montebello Jonico, Palizzi, Roccaforte del Greco, Roghudi, San Lorenzo e Staiti. Da qui, dunque, si potranno facilmente raggiungere i punti di interesse del territorio come stazioni ferroviarie, ospedali e poliambulatori, uffici postali, spiagge e molti altri ancora.<\/p>\n<p><em>\u201cParliamo di mobilit\u00e0 sociale per affermare l&#8217;idea che tutta l&#8217;area metropolitana deve essere collegata, in particolare, con le aree interne che sono a maggior rischio di isolamento. Puntiamo quindi a favorire una mobilit\u00e0 pi\u00f9 efficiente per chi si sposta quotidianamente, per motivi di lavoro, per motivi di salute, ma anche per svago, cultura, sport, turismo. <\/em>E\u2019 un impegno che fin dall\u2019inizio, come Citt\u00e0 metropolitana, abbiamo portato avanti che rilancia l&#8217;obiettivo della piena mobilit\u00e0 integrata, ragionando su come collegare i nostri Comuni verso la citt\u00e0, in chiave turistica e non solo. Avviamo quindi questo servizio innovativo, in modalit\u00e0 sperimentale per l&#8217;area grecanica, pronti a recepire eventuali suggerimenti o migliorie per efficientare percorsi e modalit\u00e0 di utilizzo. E&#8217; un traguardo raggiunto, ma anche un nuovo punto di partenza&#8221;,<strong>ha affermato il sindaco metropolitano Giuseppe Falcomat\u00e0<\/strong> commentando l&#8217;avvio del servizio.<\/p>\n","protected":false},"excerpt":{"rendered":"<p>\u201cOmnibus\u201d \u00e8 pronto a partire. Il nuovo servizio di mobilit\u00e0 sociale a chiamata, promosso dalla Citt\u00e0 Metropolitana di Reggio Calabria in collaborazione con Atam, sar\u00e0 attivo da venerd\u00ec 2 agosto&hellip;<\/p>\n","protected":false},"author":12,"featured_media":56204,"comment_status":"closed","ping_status":"open","sticky":false,"template":"","format":"standard","meta":{"_jetpack_memberships_contains_paid_content":false,"footnotes":"","jetpack_publicize_message":"","jetpack_publicize_feature_enabled":true,"jetpack_social_post_already_shared":false,"jetpack_social_options":{"image_generator_settings":{"template":"highway","default_image_id":0,"font":"","enabled":false},"version":2}},"categories":[921,196,140],"tags":[34496,1053,30465,531,34497],"class_list":["post-56203","post","type-post","status-publish","format-standard","has-post-thumbnail","hentry","category-home","category-news","category-reggio-calabria","tag-area-greganica","tag-atam","tag-falcomata-giuseppe","tag-metrocity","tag-servizio-di-mobilita-sociale-omnibus"],"yoast_head":"<!-- This site is optimized with the Yoast SEO plugin v27.2 - https:\/\/yoast.com\/product\/yoast-seo-wordpress\/ -->\n<title>Reggio: il servizio di mobilit\u00e0 sociale &quot;Omnibus&quot; pronto a partire - Radio Touring 104<\/title>\n<meta name=\"description\" content=\"Serviizio di mobilit\u00e0 sociale a chiamata per raggiungere i centri dell&#039;entroterra grecanico partir\u00e0 il 2 agosto\" \/>\n<meta name=\"robots\" content=\"index, follow, max-snippet:-1, max-image-preview:large, max-video-preview:-1\" \/>\n<link rel=\"canonical\" href=\"https:\/\/progettotouring.it\/radiotouring104\/2024\/08\/01\/reggio-il-servizio-di-mobilita-sociale-omnibus-pronto-a-partire\/\" \/>\n<meta property=\"og:locale\" content=\"it_IT\" \/>\n<meta property=\"og:type\" content=\"article\" \/>\n<meta property=\"og:title\" content=\"Reggio: il servizio di mobilit\u00e0 sociale &quot;Omnibus&quot; pronto a partire - Radio Touring 104\" \/>\n<meta property=\"og:description\" content=\"Serviizio di mobilit\u00e0 sociale a chiamata per raggiungere i centri dell&#039;entroterra grecanico partir\u00e0 il 2 agosto\" \/>\n<meta property=\"og:url\" content=\"https:\/\/progettotouring.it\/radiotouring104\/2024\/08\/01\/reggio-il-servizio-di-mobilita-sociale-omnibus-pronto-a-partire\/\" \/>\n<meta property=\"og:site_name\" content=\"Radio Touring 104\" \/>\n<meta property=\"article:published_time\" content=\"2024-08-01T08:47:02+00:00\" \/>\n<meta property=\"og:image\" content=\"https:\/\/progettotouring.it\/radiotouring104\/wp-content\/uploads\/sites\/6\/2024\/08\/Omnibus-Atam-area-grecanica.png\" \/>\n\t<meta property=\"og:image:width\" content=\"644\" \/>\n\t<meta property=\"og:image:height\" content=\"394\" \/>\n\t<meta property=\"og:image:type\" content=\"image\/png\" \/>\n<meta name=\"author\" content=\"Sebastiano Plutino\" \/>\n<meta name=\"twitter:card\" content=\"summary_large_image\" \/>\n<meta name=\"twitter:label1\" content=\"Scritto da\" \/>\n\t<meta name=\"twitter:data1\" content=\"Sebastiano Plutino\" \/>\n\t<meta name=\"twitter:label2\" content=\"Tempo di lettura stimato\" \/>\n\t<meta name=\"twitter:data2\" content=\"2 minuti\" \/>\n<script type=\"application\/ld+json\" class=\"yoast-schema-graph\">{\"@context\":\"https:\/\/schema.org\",\"@graph\":[{\"@type\":\"Article\",\"@id\":\"https:\/\/progettotouring.it\/radiotouring104\/2024\/08\/01\/reggio-il-servizio-di-mobilita-sociale-omnibus-pronto-a-partire\/#article\",\"isPartOf\":{\"@id\":\"https:\/\/progettotouring.it\/radiotouring104\/2024\/08\/01\/reggio-il-servizio-di-mobilita-sociale-omnibus-pronto-a-partire\/\"},\"author\":{\"name\":\"Sebastiano Plutino\",\"@id\":\"https:\/\/progettotouring.it\/radiotouring104\/#\/schema\/person\/78613917f1851f041f7483f5af1d422e\"},\"headline\":\"Reggio: il servizio di mobilit\u00e0 sociale &#8220;Omnibus&#8221; pronto a partire\",\"datePublished\":\"2024-08-01T08:47:02+00:00\",\"mainEntityOfPage\":{\"@id\":\"https:\/\/progettotouring.it\/radiotouring104\/2024\/08\/01\/reggio-il-servizio-di-mobilita-sociale-omnibus-pronto-a-partire\/\"},\"wordCount\":414,\"publisher\":{\"@id\":\"https:\/\/progettotouring.it\/radiotouring104\/#organization\"},\"image\":{\"@id\":\"https:\/\/progettotouring.it\/radiotouring104\/2024\/08\/01\/reggio-il-servizio-di-mobilita-sociale-omnibus-pronto-a-partire\/#primaryimage\"},\"thumbnailUrl\":\"https:\/\/progettotouring.it\/radiotouring104\/wp-content\/uploads\/sites\/6\/2024\/08\/Omnibus-Atam-area-grecanica.png\",\"keywords\":[\"area greganica\",\"atam\",\"Falcomat\u00e0 Giuseppe\",\"Metrocity\",\"servizio di mobilit\u00e0 sociale \\\"Omnibus\\\"\"],\"articleSection\":[\"Home\",\"News\",\"Reggio Calabria\"],\"inLanguage\":\"it-IT\"},{\"@type\":\"WebPage\",\"@id\":\"https:\/\/progettotouring.it\/radiotouring104\/2024\/08\/01\/reggio-il-servizio-di-mobilita-sociale-omnibus-pronto-a-partire\/\",\"url\":\"https:\/\/progettotouring.it\/radiotouring104\/2024\/08\/01\/reggio-il-servizio-di-mobilita-sociale-omnibus-pronto-a-partire\/\",\"name\":\"Reggio: il servizio di mobilit\u00e0 sociale \\\"Omnibus\\\" pronto a partire - Radio Touring 104\",\"isPartOf\":{\"@id\":\"https:\/\/progettotouring.it\/radiotouring104\/#website\"},\"primaryImageOfPage\":{\"@id\":\"https:\/\/progettotouring.it\/radiotouring104\/2024\/08\/01\/reggio-il-servizio-di-mobilita-sociale-omnibus-pronto-a-partire\/#primaryimage\"},\"image\":{\"@id\":\"https:\/\/progettotouring.it\/radiotouring104\/2024\/08\/01\/reggio-il-servizio-di-mobilita-sociale-omnibus-pronto-a-partire\/#primaryimage\"},\"thumbnailUrl\":\"https:\/\/progettotouring.it\/radiotouring104\/wp-content\/uploads\/sites\/6\/2024\/08\/Omnibus-Atam-area-grecanica.png\",\"datePublished\":\"2024-08-01T08:47:02+00:00\",\"description\":\"Serviizio di mobilit\u00e0 sociale a chiamata per raggiungere i centri dell'entroterra grecanico partir\u00e0 il 2 agosto\",\"breadcrumb\":{\"@id\":\"https:\/\/progettotouring.it\/radiotouring104\/2024\/08\/01\/reggio-il-servizio-di-mobilita-sociale-omnibus-pronto-a-partire\/#breadcrumb\"},\"inLanguage\":\"it-IT\",\"potentialAction\":[{\"@type\":\"ReadAction\",\"target\":[\"https:\/\/progettotouring.it\/radiotouring104\/2024\/08\/01\/reggio-il-servizio-di-mobilita-sociale-omnibus-pronto-a-partire\/\"]}]},{\"@type\":\"ImageObject\",\"inLanguage\":\"it-IT\",\"@id\":\"https:\/\/progettotouring.it\/radiotouring104\/2024\/08\/01\/reggio-il-servizio-di-mobilita-sociale-omnibus-pronto-a-partire\/#primaryimage\",\"url\":\"https:\/\/progettotouring.it\/radiotouring104\/wp-content\/uploads\/sites\/6\/2024\/08\/Omnibus-Atam-area-grecanica.png\",\"contentUrl\":\"https:\/\/progettotouring.it\/radiotouring104\/wp-content\/uploads\/sites\/6\/2024\/08\/Omnibus-Atam-area-grecanica.png\",\"width\":644,\"height\":394},{\"@type\":\"BreadcrumbList\",\"@id\":\"https:\/\/progettotouring.it\/radiotouring104\/2024\/08\/01\/reggio-il-servizio-di-mobilita-sociale-omnibus-pronto-a-partire\/#breadcrumb\",\"itemListElement\":[{\"@type\":\"ListItem\",\"position\":1,\"name\":\"Home\",\"item\":\"https:\/\/progettotouring.it\/radiotouring104\/\"},{\"@type\":\"ListItem\",\"position\":2,\"name\":\"Reggio: il servizio di mobilit\u00e0 sociale &#8220;Omnibus&#8221; pronto a partire\"}]},{\"@type\":\"WebSite\",\"@id\":\"https:\/\/progettotouring.it\/radiotouring104\/#website\",\"url\":\"https:\/\/progettotouring.it\/radiotouring104\/\",\"name\":\"Radio Touring 104\",\"description\":\"La prima radio Reggina\",\"publisher\":{\"@id\":\"https:\/\/progettotouring.it\/radiotouring104\/#organization\"},\"potentialAction\":[{\"@type\":\"SearchAction\",\"target\":{\"@type\":\"EntryPoint\",\"urlTemplate\":\"https:\/\/progettotouring.it\/radiotouring104\/?s={search_term_string}\"},\"query-input\":{\"@type\":\"PropertyValueSpecification\",\"valueRequired\":true,\"valueName\":\"search_term_string\"}}],\"inLanguage\":\"it-IT\"},{\"@type\":\"Organization\",\"@id\":\"https:\/\/progettotouring.it\/radiotouring104\/#organization\",\"name\":\"Radio Touring 104\",\"url\":\"https:\/\/progettotouring.it\/radiotouring104\/\",\"logo\":{\"@type\":\"ImageObject\",\"inLanguage\":\"it-IT\",\"@id\":\"https:\/\/progettotouring.it\/radiotouring104\/#\/schema\/logo\/image\/\",\"url\":\"https:\/\/progettotouring.it\/radiotouring104\/wp-content\/uploads\/sites\/6\/2022\/02\/cropped-logo-radio-touring-104.png\",\"contentUrl\":\"https:\/\/progettotouring.it\/radiotouring104\/wp-content\/uploads\/sites\/6\/2022\/02\/cropped-logo-radio-touring-104.png\",\"width\":377,\"height\":182,\"caption\":\"Radio Touring 104\"},\"image\":{\"@id\":\"https:\/\/progettotouring.it\/radiotouring104\/#\/schema\/logo\/image\/\"}},{\"@type\":\"Person\",\"@id\":\"https:\/\/progettotouring.it\/radiotouring104\/#\/schema\/person\/78613917f1851f041f7483f5af1d422e\",\"name\":\"Sebastiano Plutino\",\"image\":{\"@type\":\"ImageObject\",\"inLanguage\":\"it-IT\",\"@id\":\"https:\/\/secure.gravatar.com\/avatar\/0546ffaa9b79224faf9f2a156b67a529ae861d3287c66c1d8ccfdf909bcba78d?s=96&d=mm&r=g\",\"url\":\"https:\/\/secure.gravatar.com\/avatar\/0546ffaa9b79224faf9f2a156b67a529ae861d3287c66c1d8ccfdf909bcba78d?s=96&d=mm&r=g\",\"contentUrl\":\"https:\/\/secure.gravatar.com\/avatar\/0546ffaa9b79224faf9f2a156b67a529ae861d3287c66c1d8ccfdf909bcba78d?s=96&d=mm&r=g\",\"caption\":\"Sebastiano Plutino\"},\"url\":\"https:\/\/progettotouring.it\/radiotouring104\/author\/sebastiano\/\"}]}<\/script>\n<!-- \/ Yoast SEO plugin. -->","yoast_head_json":{"title":"Reggio: il servizio di mobilit\u00e0 sociale \"Omnibus\" pronto a partire - Radio Touring 104","description":"Serviizio di mobilit\u00e0 sociale a chiamata per raggiungere i centri dell'entroterra grecanico partir\u00e0 il 2 agosto","robots":{"index":"index","follow":"follow","max-snippet":"max-snippet:-1","max-image-preview":"max-image-preview:large","max-video-preview":"max-video-preview:-1"},"canonical":"https:\/\/progettotouring.it\/radiotouring104\/2024\/08\/01\/reggio-il-servizio-di-mobilita-sociale-omnibus-pronto-a-partire\/","og_locale":"it_IT","og_type":"article","og_title":"Reggio: il servizio di mobilit\u00e0 sociale \"Omnibus\" pronto a partire - Radio Touring 104","og_description":"Serviizio di mobilit\u00e0 sociale a chiamata per raggiungere i centri dell'entroterra grecanico partir\u00e0 il 2 agosto","og_url":"https:\/\/progettotouring.it\/radiotouring104\/2024\/08\/01\/reggio-il-servizio-di-mobilita-sociale-omnibus-pronto-a-partire\/","og_site_name":"Radio Touring 104","article_published_time":"2024-08-01T08:47:02+00:00","og_image":[{"width":644,"height":394,"url":"https:\/\/progettotouring.it\/radiotouring104\/wp-content\/uploads\/sites\/6\/2024\/08\/Omnibus-Atam-area-grecanica.png","type":"image\/png"}],"author":"Sebastiano Plutino","twitter_card":"summary_large_image","twitter_misc":{"Scritto da":"Sebastiano Plutino","Tempo di lettura stimato":"2 minuti"},"schema":{"@context":"https:\/\/schema.org","@graph":[{"@type":"Article","@id":"https:\/\/progettotouring.it\/radiotouring104\/2024\/08\/01\/reggio-il-servizio-di-mobilita-sociale-omnibus-pronto-a-partire\/#article","isPartOf":{"@id":"https:\/\/progettotouring.it\/radiotouring104\/2024\/08\/01\/reggio-il-servizio-di-mobilita-sociale-omnibus-pronto-a-partire\/"},"author":{"name":"Sebastiano Plutino","@id":"https:\/\/progettotouring.it\/radiotouring104\/#\/schema\/person\/78613917f1851f041f7483f5af1d422e"},"headline":"Reggio: il servizio di mobilit\u00e0 sociale &#8220;Omnibus&#8221; pronto a partire","datePublished":"2024-08-01T08:47:02+00:00","mainEntityOfPage":{"@id":"https:\/\/progettotouring.it\/radiotouring104\/2024\/08\/01\/reggio-il-servizio-di-mobilita-sociale-omnibus-pronto-a-partire\/"},"wordCount":414,"publisher":{"@id":"https:\/\/progettotouring.it\/radiotouring104\/#organization"},"image":{"@id":"https:\/\/progettotouring.it\/radiotouring104\/2024\/08\/01\/reggio-il-servizio-di-mobilita-sociale-omnibus-pronto-a-partire\/#primaryimage"},"thumbnailUrl":"https:\/\/progettotouring.it\/radiotouring104\/wp-content\/uploads\/sites\/6\/2024\/08\/Omnibus-Atam-area-grecanica.png","keywords":["area greganica","atam","Falcomat\u00e0 Giuseppe","Metrocity","servizio di mobilit\u00e0 sociale \"Omnibus\""],"articleSection":["Home","News","Reggio Calabria"],"inLanguage":"it-IT"},{"@type":"WebPage","@id":"https:\/\/progettotouring.it\/radiotouring104\/2024\/08\/01\/reggio-il-servizio-di-mobilita-sociale-omnibus-pronto-a-partire\/","url":"https:\/\/progettotouring.it\/radiotouring104\/2024\/08\/01\/reggio-il-servizio-di-mobilita-sociale-omnibus-pronto-a-partire\/","name":"Reggio: il servizio di mobilit\u00e0 sociale \"Omnibus\" pronto a partire - Radio Touring 104","isPartOf":{"@id":"https:\/\/progettotouring.it\/radiotouring104\/#website"},"primaryImageOfPage":{"@id":"https:\/\/progettotouring.it\/radiotouring104\/2024\/08\/01\/reggio-il-servizio-di-mobilita-sociale-omnibus-pronto-a-partire\/#primaryimage"},"image":{"@id":"https:\/\/progettotouring.it\/radiotouring104\/2024\/08\/01\/reggio-il-servizio-di-mobilita-sociale-omnibus-pronto-a-partire\/#primaryimage"},"thumbnailUrl":"https:\/\/progettotouring.it\/radiotouring104\/wp-content\/uploads\/sites\/6\/2024\/08\/Omnibus-Atam-area-grecanica.png","datePublished":"2024-08-01T08:47:02+00:00","description":"Serviizio di mobilit\u00e0 sociale a chiamata per raggiungere i centri dell'entroterra grecanico partir\u00e0 il 2 agosto","breadcrumb":{"@id":"https:\/\/progettotouring.it\/radiotouring104\/2024\/08\/01\/reggio-il-servizio-di-mobilita-sociale-omnibus-pronto-a-partire\/#breadcrumb"},"inLanguage":"it-IT","potentialAction":[{"@type":"ReadAction","target":["https:\/\/progettotouring.it\/radiotouring104\/2024\/08\/01\/reggio-il-servizio-di-mobilita-sociale-omnibus-pronto-a-partire\/"]}]},{"@type":"ImageObject","inLanguage":"it-IT","@id":"https:\/\/progettotouring.it\/radiotouring104\/2024\/08\/01\/reggio-il-servizio-di-mobilita-sociale-omnibus-pronto-a-partire\/#primaryimage","url":"https:\/\/progettotouring.it\/radiotouring104\/wp-content\/uploads\/sites\/6\/2024\/08\/Omnibus-Atam-area-grecanica.png","contentUrl":"https:\/\/progettotouring.it\/radiotouring104\/wp-content\/uploads\/sites\/6\/2024\/08\/Omnibus-Atam-area-grecanica.png","width":644,"height":394},{"@type":"BreadcrumbList","@id":"https:\/\/progettotouring.it\/radiotouring104\/2024\/08\/01\/reggio-il-servizio-di-mobilita-sociale-omnibus-pronto-a-partire\/#breadcrumb","itemListElement":[{"@type":"ListItem","position":1,"name":"Home","item":"https:\/\/progettotouring.it\/radiotouring104\/"},{"@type":"ListItem","position":2,"name":"Reggio: il servizio di mobilit\u00e0 sociale &#8220;Omnibus&#8221; pronto a partire"}]},{"@type":"WebSite","@id":"https:\/\/progettotouring.it\/radiotouring104\/#website","url":"https:\/\/progettotouring.it\/radiotouring104\/","name":"Radio Touring 104","description":"La prima radio Reggina","publisher":{"@id":"https:\/\/progettotouring.it\/radiotouring104\/#organization"},"potentialAction":[{"@type":"SearchAction","target":{"@type":"EntryPoint","urlTemplate":"https:\/\/progettotouring.it\/radiotouring104\/?s={search_term_string}"},"query-input":{"@type":"PropertyValueSpecification","valueRequired":true,"valueName":"search_term_string"}}],"inLanguage":"it-IT"},{"@type":"Organization","@id":"https:\/\/progettotouring.it\/radiotouring104\/#organization","name":"Radio Touring 104","url":"https:\/\/progettotouring.it\/radiotouring104\/","logo":{"@type":"ImageObject","inLanguage":"it-IT","@id":"https:\/\/progettotouring.it\/radiotouring104\/#\/schema\/logo\/image\/","url":"https:\/\/progettotouring.it\/radiotouring104\/wp-content\/uploads\/sites\/6\/2022\/02\/cropped-logo-radio-touring-104.png","contentUrl":"https:\/\/progettotouring.it\/radiotouring104\/wp-content\/uploads\/sites\/6\/2022\/02\/cropped-logo-radio-touring-104.png","width":377,"height":182,"caption":"Radio Touring 104"},"image":{"@id":"https:\/\/progettotouring.it\/radiotouring104\/#\/schema\/logo\/image\/"}},{"@type":"Person","@id":"https:\/\/progettotouring.it\/radiotouring104\/#\/schema\/person\/78613917f1851f041f7483f5af1d422e","name":"Sebastiano Plutino","image":{"@type":"ImageObject","inLanguage":"it-IT","@id":"https:\/\/secure.gravatar.com\/avatar\/0546ffaa9b79224faf9f2a156b67a529ae861d3287c66c1d8ccfdf909bcba78d?s=96&d=mm&r=g","url":"https:\/\/secure.gravatar.com\/avatar\/0546ffaa9b79224faf9f2a156b67a529ae861d3287c66c1d8ccfdf909bcba78d?s=96&d=mm&r=g","contentUrl":"https:\/\/secure.gravatar.com\/avatar\/0546ffaa9b79224faf9f2a156b67a529ae861d3287c66c1d8ccfdf909bcba78d?s=96&d=mm&r=g","caption":"Sebastiano Plutino"},"url":"https:\/\/progettotouring.it\/radiotouring104\/author\/sebastiano\/"}]}},"jetpack_publicize_connections":[],"jetpack_featured_media_url":"https:\/\/progettotouring.it\/radiotouring104\/wp-content\/uploads\/sites\/6\/2024\/08\/Omnibus-Atam-area-grecanica.png","jetpack_sharing_enabled":true,"_links":{"self":[{"href":"https:\/\/progettotouring.it\/radiotouring104\/wp-json\/wp\/v2\/posts\/56203","targetHints":{"allow":["GET"]}}],"collection":[{"href":"https:\/\/progettotouring.it\/radiotouring104\/wp-json\/wp\/v2\/posts"}],"about":[{"href":"https:\/\/progettotouring.it\/radiotouring104\/wp-json\/wp\/v2\/types\/post"}],"author":[{"embeddable":true,"href":"https:\/\/progettotouring.it\/radiotouring104\/wp-json\/wp\/v2\/users\/12"}],"replies":[{"embeddable":true,"href":"https:\/\/progettotouring.it\/radiotouring104\/wp-json\/wp\/v2\/comments?post=56203"}],"version-history":[{"count":1,"href":"https:\/\/progettotouring.it\/radiotouring104\/wp-json\/wp\/v2\/posts\/56203\/revisions"}],"predecessor-version":[{"id":56205,"href":"https:\/\/progettotouring.it\/radiotouring104\/wp-json\/wp\/v2\/posts\/56203\/revisions\/56205"}],"wp:featuredmedia":[{"embeddable":true,"href":"https:\/\/progettotouring.it\/radiotouring104\/wp-json\/wp\/v2\/media\/56204"}],"wp:attachment":[{"href":"https:\/\/progettotouring.it\/radiotouring104\/wp-json\/wp\/v2\/media?parent=56203"}],"wp:term":[{"taxonomy":"category","embeddable":true,"href":"https:\/\/progettotouring.it\/radiotouring104\/wp-json\/wp\/v2\/categories?post=56203"},{"taxonomy":"post_tag","embeddable":true,"href":"https:\/\/progettotouring.it\/radiotouring104\/wp-json\/wp\/v2\/tags?post=56203"}],"curies":[{"name":"wp","href":"https:\/\/api.w.org\/{rel}","templated":true}]}}