{"id":56230,"date":"2024-08-01T12:36:22","date_gmt":"2024-08-01T10:36:22","guid":{"rendered":"https:\/\/progettotouring.it\/radiotouring104\/?p=56230"},"modified":"2024-08-01T12:38:40","modified_gmt":"2024-08-01T10:38:40","slug":"reggio-al-marrc-torna-la-domenica-al-museo","status":"publish","type":"post","link":"https:\/\/progettotouring.it\/radiotouring104\/2024\/08\/01\/reggio-al-marrc-torna-la-domenica-al-museo\/","title":{"rendered":"Reggio: al MArRC torna la &#8220;Domenica al Museo&#8221;"},"content":{"rendered":"<p style=\"text-align: justify\"><strong>Tutto pronto al Museo Archeologico Nazionale di Reggio Calabria<\/strong> per una nuova giornata con ingresso gratuito per tutti. Il <strong>4 agosto torna l\u2019iniziativa<\/strong> \u201cDomenica al Museo\u201d voluta dal Ministero della Cultura, guidato da Gennaro Sangiuliano.<\/p>\n<p style=\"text-align: justify\">Tutti potranno ammirare il ricco percorso del MArRC, sviluppato sui quattro livelli in ordine cronologico e tematico, concludendo la visita con la sala dei magnifici Bronzi di Riace e di Portiello. Circa 200 vetrine con migliaia di reperti esposti, dalla preistoria alla tarda et\u00e0 imperiale. I visitatori potranno interagire con i canali social del Museo attraverso gli hashtag #MArRC, #museitaliani e #domenicalmuseo.<\/p>\n<p style=\"text-align: justify\">E luned\u00ec 5 agosto, in via eccezionale, il MArRC aprir\u00e0 le porte ai visitatori durante le ore pomeridiane. Infatti dalle ore 16.00 alle ore 20.00, nella giornata di luned\u00ec solitamente dedicata a manutenzione ordinaria e straordinaria, sar\u00e0 possibile visitare il Museo con tariffe consultabili sul sito ufficiale del Museo: https:\/\/www.museoarcheologicoreggiocalabria.it\/orari-e-informazioni\/ o sul portale Coopculture, concessionario dei servizi aggiuntivi, al link: https:\/\/www.coopculture.it\/it\/poi\/marrc-museo-archeologico-nazionale-reggio-calabria\/<\/p>\n","protected":false},"excerpt":{"rendered":"<p>Tutto pronto al Museo Archeologico Nazionale di Reggio Calabria per una nuova giornata con ingresso gratuito per tutti. Il 4 agosto torna l\u2019iniziativa \u201cDomenica al Museo\u201d voluta dal Ministero della&hellip;<\/p>\n","protected":false},"author":12,"featured_media":54040,"comment_status":"closed","ping_status":"open","sticky":false,"template":"","format":"standard","meta":{"_jetpack_memberships_contains_paid_content":false,"footnotes":"","jetpack_publicize_message":"","jetpack_publicize_feature_enabled":true,"jetpack_social_post_already_shared":false,"jetpack_social_options":{"image_generator_settings":{"template":"highway","default_image_id":0,"font":"","enabled":false},"version":2}},"categories":[921,196,140],"tags":[34517,4121,33107],"class_list":["post-56230","post","type-post","status-publish","format-standard","has-post-thumbnail","hentry","category-home","category-news","category-reggio-calabria","tag-4-agosto","tag-domenica-al-museo","tag-museo-archeologico-d-reggio-calabria"],"yoast_head":"<!-- This site is optimized with the Yoast SEO plugin v27.2 - https:\/\/yoast.com\/product\/yoast-seo-wordpress\/ -->\n<title>Reggio: al MArRC torna la &quot;Domenica al Museo&quot;<\/title>\n<meta name=\"description\" content=\"Il 4 agosto nuova giornata dell&#039;iniziativa &quot;Domenica al Museo&quot;. Ingresso gratuito al Museo Archeologico Nazionale di Reggio Calabria\" \/>\n<meta name=\"robots\" content=\"index, follow, max-snippet:-1, max-image-preview:large, max-video-preview:-1\" \/>\n<link rel=\"canonical\" href=\"https:\/\/progettotouring.it\/radiotouring104\/2024\/08\/01\/reggio-al-marrc-torna-la-domenica-al-museo\/\" \/>\n<meta property=\"og:locale\" content=\"it_IT\" \/>\n<meta property=\"og:type\" content=\"article\" \/>\n<meta property=\"og:title\" content=\"Reggio: al MArRC torna la &quot;Domenica al Museo&quot;\" \/>\n<meta property=\"og:description\" content=\"Il 4 agosto nuova giornata dell&#039;iniziativa &quot;Domenica al Museo&quot;. Ingresso gratuito al Museo Archeologico Nazionale di Reggio Calabria\" \/>\n<meta property=\"og:url\" content=\"https:\/\/progettotouring.it\/radiotouring104\/2024\/08\/01\/reggio-al-marrc-torna-la-domenica-al-museo\/\" \/>\n<meta property=\"og:site_name\" content=\"Radio Touring 104\" \/>\n<meta property=\"article:published_time\" content=\"2024-08-01T10:36:22+00:00\" \/>\n<meta property=\"article:modified_time\" content=\"2024-08-01T10:38:40+00:00\" \/>\n<meta property=\"og:image\" content=\"https:\/\/progettotouring.it\/radiotouring104\/wp-content\/uploads\/sites\/6\/2024\/06\/Museo-Archeologico-Nazionale-Rc.jpg\" \/>\n\t<meta property=\"og:image:width\" content=\"2048\" \/>\n\t<meta property=\"og:image:height\" content=\"1136\" \/>\n\t<meta property=\"og:image:type\" content=\"image\/jpeg\" \/>\n<meta name=\"author\" content=\"Sebastiano Plutino\" \/>\n<meta name=\"twitter:card\" content=\"summary_large_image\" \/>\n<meta name=\"twitter:label1\" content=\"Scritto da\" \/>\n\t<meta name=\"twitter:data1\" content=\"Sebastiano Plutino\" \/>\n\t<meta name=\"twitter:label2\" content=\"Tempo di lettura stimato\" \/>\n\t<meta name=\"twitter:data2\" content=\"1 minuto\" \/>\n<script type=\"application\/ld+json\" class=\"yoast-schema-graph\">{\"@context\":\"https:\/\/schema.org\",\"@graph\":[{\"@type\":\"Article\",\"@id\":\"https:\/\/progettotouring.it\/radiotouring104\/2024\/08\/01\/reggio-al-marrc-torna-la-domenica-al-museo\/#article\",\"isPartOf\":{\"@id\":\"https:\/\/progettotouring.it\/radiotouring104\/2024\/08\/01\/reggio-al-marrc-torna-la-domenica-al-museo\/\"},\"author\":{\"name\":\"Sebastiano Plutino\",\"@id\":\"https:\/\/progettotouring.it\/radiotouring104\/#\/schema\/person\/78613917f1851f041f7483f5af1d422e\"},\"headline\":\"Reggio: al MArRC torna la &#8220;Domenica al Museo&#8221;\",\"datePublished\":\"2024-08-01T10:36:22+00:00\",\"dateModified\":\"2024-08-01T10:38:40+00:00\",\"mainEntityOfPage\":{\"@id\":\"https:\/\/progettotouring.it\/radiotouring104\/2024\/08\/01\/reggio-al-marrc-torna-la-domenica-al-museo\/\"},\"wordCount\":172,\"publisher\":{\"@id\":\"https:\/\/progettotouring.it\/radiotouring104\/#organization\"},\"image\":{\"@id\":\"https:\/\/progettotouring.it\/radiotouring104\/2024\/08\/01\/reggio-al-marrc-torna-la-domenica-al-museo\/#primaryimage\"},\"thumbnailUrl\":\"https:\/\/progettotouring.it\/radiotouring104\/wp-content\/uploads\/sites\/6\/2024\/06\/Museo-Archeologico-Nazionale-Rc.jpg\",\"keywords\":[\"4 agosto\",\"domenica al museo\",\"Museo Archeologico d Reggio Calabria\"],\"articleSection\":[\"Home\",\"News\",\"Reggio Calabria\"],\"inLanguage\":\"it-IT\"},{\"@type\":\"WebPage\",\"@id\":\"https:\/\/progettotouring.it\/radiotouring104\/2024\/08\/01\/reggio-al-marrc-torna-la-domenica-al-museo\/\",\"url\":\"https:\/\/progettotouring.it\/radiotouring104\/2024\/08\/01\/reggio-al-marrc-torna-la-domenica-al-museo\/\",\"name\":\"Reggio: al MArRC torna la \\\"Domenica al Museo\\\"\",\"isPartOf\":{\"@id\":\"https:\/\/progettotouring.it\/radiotouring104\/#website\"},\"primaryImageOfPage\":{\"@id\":\"https:\/\/progettotouring.it\/radiotouring104\/2024\/08\/01\/reggio-al-marrc-torna-la-domenica-al-museo\/#primaryimage\"},\"image\":{\"@id\":\"https:\/\/progettotouring.it\/radiotouring104\/2024\/08\/01\/reggio-al-marrc-torna-la-domenica-al-museo\/#primaryimage\"},\"thumbnailUrl\":\"https:\/\/progettotouring.it\/radiotouring104\/wp-content\/uploads\/sites\/6\/2024\/06\/Museo-Archeologico-Nazionale-Rc.jpg\",\"datePublished\":\"2024-08-01T10:36:22+00:00\",\"dateModified\":\"2024-08-01T10:38:40+00:00\",\"description\":\"Il 4 agosto nuova giornata dell'iniziativa \\\"Domenica al Museo\\\". Ingresso gratuito al Museo Archeologico Nazionale di Reggio Calabria\",\"breadcrumb\":{\"@id\":\"https:\/\/progettotouring.it\/radiotouring104\/2024\/08\/01\/reggio-al-marrc-torna-la-domenica-al-museo\/#breadcrumb\"},\"inLanguage\":\"it-IT\",\"potentialAction\":[{\"@type\":\"ReadAction\",\"target\":[\"https:\/\/progettotouring.it\/radiotouring104\/2024\/08\/01\/reggio-al-marrc-torna-la-domenica-al-museo\/\"]}]},{\"@type\":\"ImageObject\",\"inLanguage\":\"it-IT\",\"@id\":\"https:\/\/progettotouring.it\/radiotouring104\/2024\/08\/01\/reggio-al-marrc-torna-la-domenica-al-museo\/#primaryimage\",\"url\":\"https:\/\/progettotouring.it\/radiotouring104\/wp-content\/uploads\/sites\/6\/2024\/06\/Museo-Archeologico-Nazionale-Rc.jpg\",\"contentUrl\":\"https:\/\/progettotouring.it\/radiotouring104\/wp-content\/uploads\/sites\/6\/2024\/06\/Museo-Archeologico-Nazionale-Rc.jpg\",\"width\":2048,\"height\":1136},{\"@type\":\"BreadcrumbList\",\"@id\":\"https:\/\/progettotouring.it\/radiotouring104\/2024\/08\/01\/reggio-al-marrc-torna-la-domenica-al-museo\/#breadcrumb\",\"itemListElement\":[{\"@type\":\"ListItem\",\"position\":1,\"name\":\"Home\",\"item\":\"https:\/\/progettotouring.it\/radiotouring104\/\"},{\"@type\":\"ListItem\",\"position\":2,\"name\":\"Reggio: al MArRC torna la &#8220;Domenica al Museo&#8221;\"}]},{\"@type\":\"WebSite\",\"@id\":\"https:\/\/progettotouring.it\/radiotouring104\/#website\",\"url\":\"https:\/\/progettotouring.it\/radiotouring104\/\",\"name\":\"Radio Touring 104\",\"description\":\"La prima radio Reggina\",\"publisher\":{\"@id\":\"https:\/\/progettotouring.it\/radiotouring104\/#organization\"},\"potentialAction\":[{\"@type\":\"SearchAction\",\"target\":{\"@type\":\"EntryPoint\",\"urlTemplate\":\"https:\/\/progettotouring.it\/radiotouring104\/?s={search_term_string}\"},\"query-input\":{\"@type\":\"PropertyValueSpecification\",\"valueRequired\":true,\"valueName\":\"search_term_string\"}}],\"inLanguage\":\"it-IT\"},{\"@type\":\"Organization\",\"@id\":\"https:\/\/progettotouring.it\/radiotouring104\/#organization\",\"name\":\"Radio Touring 104\",\"url\":\"https:\/\/progettotouring.it\/radiotouring104\/\",\"logo\":{\"@type\":\"ImageObject\",\"inLanguage\":\"it-IT\",\"@id\":\"https:\/\/progettotouring.it\/radiotouring104\/#\/schema\/logo\/image\/\",\"url\":\"https:\/\/progettotouring.it\/radiotouring104\/wp-content\/uploads\/sites\/6\/2022\/02\/cropped-logo-radio-touring-104.png\",\"contentUrl\":\"https:\/\/progettotouring.it\/radiotouring104\/wp-content\/uploads\/sites\/6\/2022\/02\/cropped-logo-radio-touring-104.png\",\"width\":377,\"height\":182,\"caption\":\"Radio Touring 104\"},\"image\":{\"@id\":\"https:\/\/progettotouring.it\/radiotouring104\/#\/schema\/logo\/image\/\"}},{\"@type\":\"Person\",\"@id\":\"https:\/\/progettotouring.it\/radiotouring104\/#\/schema\/person\/78613917f1851f041f7483f5af1d422e\",\"name\":\"Sebastiano Plutino\",\"image\":{\"@type\":\"ImageObject\",\"inLanguage\":\"it-IT\",\"@id\":\"https:\/\/secure.gravatar.com\/avatar\/0546ffaa9b79224faf9f2a156b67a529ae861d3287c66c1d8ccfdf909bcba78d?s=96&d=mm&r=g\",\"url\":\"https:\/\/secure.gravatar.com\/avatar\/0546ffaa9b79224faf9f2a156b67a529ae861d3287c66c1d8ccfdf909bcba78d?s=96&d=mm&r=g\",\"contentUrl\":\"https:\/\/secure.gravatar.com\/avatar\/0546ffaa9b79224faf9f2a156b67a529ae861d3287c66c1d8ccfdf909bcba78d?s=96&d=mm&r=g\",\"caption\":\"Sebastiano Plutino\"},\"url\":\"https:\/\/progettotouring.it\/radiotouring104\/author\/sebastiano\/\"}]}<\/script>\n<!-- \/ Yoast SEO plugin. -->","yoast_head_json":{"title":"Reggio: al MArRC torna la \"Domenica al Museo\"","description":"Il 4 agosto nuova giornata dell'iniziativa \"Domenica al Museo\". Ingresso gratuito al Museo Archeologico Nazionale di Reggio Calabria","robots":{"index":"index","follow":"follow","max-snippet":"max-snippet:-1","max-image-preview":"max-image-preview:large","max-video-preview":"max-video-preview:-1"},"canonical":"https:\/\/progettotouring.it\/radiotouring104\/2024\/08\/01\/reggio-al-marrc-torna-la-domenica-al-museo\/","og_locale":"it_IT","og_type":"article","og_title":"Reggio: al MArRC torna la \"Domenica al Museo\"","og_description":"Il 4 agosto nuova giornata dell'iniziativa \"Domenica al Museo\". Ingresso gratuito al Museo Archeologico Nazionale di Reggio Calabria","og_url":"https:\/\/progettotouring.it\/radiotouring104\/2024\/08\/01\/reggio-al-marrc-torna-la-domenica-al-museo\/","og_site_name":"Radio Touring 104","article_published_time":"2024-08-01T10:36:22+00:00","article_modified_time":"2024-08-01T10:38:40+00:00","og_image":[{"width":2048,"height":1136,"url":"https:\/\/progettotouring.it\/radiotouring104\/wp-content\/uploads\/sites\/6\/2024\/06\/Museo-Archeologico-Nazionale-Rc.jpg","type":"image\/jpeg"}],"author":"Sebastiano Plutino","twitter_card":"summary_large_image","twitter_misc":{"Scritto da":"Sebastiano Plutino","Tempo di lettura stimato":"1 minuto"},"schema":{"@context":"https:\/\/schema.org","@graph":[{"@type":"Article","@id":"https:\/\/progettotouring.it\/radiotouring104\/2024\/08\/01\/reggio-al-marrc-torna-la-domenica-al-museo\/#article","isPartOf":{"@id":"https:\/\/progettotouring.it\/radiotouring104\/2024\/08\/01\/reggio-al-marrc-torna-la-domenica-al-museo\/"},"author":{"name":"Sebastiano Plutino","@id":"https:\/\/progettotouring.it\/radiotouring104\/#\/schema\/person\/78613917f1851f041f7483f5af1d422e"},"headline":"Reggio: al MArRC torna la &#8220;Domenica al Museo&#8221;","datePublished":"2024-08-01T10:36:22+00:00","dateModified":"2024-08-01T10:38:40+00:00","mainEntityOfPage":{"@id":"https:\/\/progettotouring.it\/radiotouring104\/2024\/08\/01\/reggio-al-marrc-torna-la-domenica-al-museo\/"},"wordCount":172,"publisher":{"@id":"https:\/\/progettotouring.it\/radiotouring104\/#organization"},"image":{"@id":"https:\/\/progettotouring.it\/radiotouring104\/2024\/08\/01\/reggio-al-marrc-torna-la-domenica-al-museo\/#primaryimage"},"thumbnailUrl":"https:\/\/progettotouring.it\/radiotouring104\/wp-content\/uploads\/sites\/6\/2024\/06\/Museo-Archeologico-Nazionale-Rc.jpg","keywords":["4 agosto","domenica al museo","Museo Archeologico d Reggio Calabria"],"articleSection":["Home","News","Reggio Calabria"],"inLanguage":"it-IT"},{"@type":"WebPage","@id":"https:\/\/progettotouring.it\/radiotouring104\/2024\/08\/01\/reggio-al-marrc-torna-la-domenica-al-museo\/","url":"https:\/\/progettotouring.it\/radiotouring104\/2024\/08\/01\/reggio-al-marrc-torna-la-domenica-al-museo\/","name":"Reggio: al MArRC torna la \"Domenica al Museo\"","isPartOf":{"@id":"https:\/\/progettotouring.it\/radiotouring104\/#website"},"primaryImageOfPage":{"@id":"https:\/\/progettotouring.it\/radiotouring104\/2024\/08\/01\/reggio-al-marrc-torna-la-domenica-al-museo\/#primaryimage"},"image":{"@id":"https:\/\/progettotouring.it\/radiotouring104\/2024\/08\/01\/reggio-al-marrc-torna-la-domenica-al-museo\/#primaryimage"},"thumbnailUrl":"https:\/\/progettotouring.it\/radiotouring104\/wp-content\/uploads\/sites\/6\/2024\/06\/Museo-Archeologico-Nazionale-Rc.jpg","datePublished":"2024-08-01T10:36:22+00:00","dateModified":"2024-08-01T10:38:40+00:00","description":"Il 4 agosto nuova giornata dell'iniziativa \"Domenica al Museo\". Ingresso gratuito al Museo Archeologico Nazionale di Reggio Calabria","breadcrumb":{"@id":"https:\/\/progettotouring.it\/radiotouring104\/2024\/08\/01\/reggio-al-marrc-torna-la-domenica-al-museo\/#breadcrumb"},"inLanguage":"it-IT","potentialAction":[{"@type":"ReadAction","target":["https:\/\/progettotouring.it\/radiotouring104\/2024\/08\/01\/reggio-al-marrc-torna-la-domenica-al-museo\/"]}]},{"@type":"ImageObject","inLanguage":"it-IT","@id":"https:\/\/progettotouring.it\/radiotouring104\/2024\/08\/01\/reggio-al-marrc-torna-la-domenica-al-museo\/#primaryimage","url":"https:\/\/progettotouring.it\/radiotouring104\/wp-content\/uploads\/sites\/6\/2024\/06\/Museo-Archeologico-Nazionale-Rc.jpg","contentUrl":"https:\/\/progettotouring.it\/radiotouring104\/wp-content\/uploads\/sites\/6\/2024\/06\/Museo-Archeologico-Nazionale-Rc.jpg","width":2048,"height":1136},{"@type":"BreadcrumbList","@id":"https:\/\/progettotouring.it\/radiotouring104\/2024\/08\/01\/reggio-al-marrc-torna-la-domenica-al-museo\/#breadcrumb","itemListElement":[{"@type":"ListItem","position":1,"name":"Home","item":"https:\/\/progettotouring.it\/radiotouring104\/"},{"@type":"ListItem","position":2,"name":"Reggio: al MArRC torna la &#8220;Domenica al Museo&#8221;"}]},{"@type":"WebSite","@id":"https:\/\/progettotouring.it\/radiotouring104\/#website","url":"https:\/\/progettotouring.it\/radiotouring104\/","name":"Radio Touring 104","description":"La prima radio Reggina","publisher":{"@id":"https:\/\/progettotouring.it\/radiotouring104\/#organization"},"potentialAction":[{"@type":"SearchAction","target":{"@type":"EntryPoint","urlTemplate":"https:\/\/progettotouring.it\/radiotouring104\/?s={search_term_string}"},"query-input":{"@type":"PropertyValueSpecification","valueRequired":true,"valueName":"search_term_string"}}],"inLanguage":"it-IT"},{"@type":"Organization","@id":"https:\/\/progettotouring.it\/radiotouring104\/#organization","name":"Radio Touring 104","url":"https:\/\/progettotouring.it\/radiotouring104\/","logo":{"@type":"ImageObject","inLanguage":"it-IT","@id":"https:\/\/progettotouring.it\/radiotouring104\/#\/schema\/logo\/image\/","url":"https:\/\/progettotouring.it\/radiotouring104\/wp-content\/uploads\/sites\/6\/2022\/02\/cropped-logo-radio-touring-104.png","contentUrl":"https:\/\/progettotouring.it\/radiotouring104\/wp-content\/uploads\/sites\/6\/2022\/02\/cropped-logo-radio-touring-104.png","width":377,"height":182,"caption":"Radio Touring 104"},"image":{"@id":"https:\/\/progettotouring.it\/radiotouring104\/#\/schema\/logo\/image\/"}},{"@type":"Person","@id":"https:\/\/progettotouring.it\/radiotouring104\/#\/schema\/person\/78613917f1851f041f7483f5af1d422e","name":"Sebastiano Plutino","image":{"@type":"ImageObject","inLanguage":"it-IT","@id":"https:\/\/secure.gravatar.com\/avatar\/0546ffaa9b79224faf9f2a156b67a529ae861d3287c66c1d8ccfdf909bcba78d?s=96&d=mm&r=g","url":"https:\/\/secure.gravatar.com\/avatar\/0546ffaa9b79224faf9f2a156b67a529ae861d3287c66c1d8ccfdf909bcba78d?s=96&d=mm&r=g","contentUrl":"https:\/\/secure.gravatar.com\/avatar\/0546ffaa9b79224faf9f2a156b67a529ae861d3287c66c1d8ccfdf909bcba78d?s=96&d=mm&r=g","caption":"Sebastiano Plutino"},"url":"https:\/\/progettotouring.it\/radiotouring104\/author\/sebastiano\/"}]}},"jetpack_publicize_connections":[],"jetpack_featured_media_url":"https:\/\/progettotouring.it\/radiotouring104\/wp-content\/uploads\/sites\/6\/2024\/06\/Museo-Archeologico-Nazionale-Rc.jpg","jetpack_sharing_enabled":true,"_links":{"self":[{"href":"https:\/\/progettotouring.it\/radiotouring104\/wp-json\/wp\/v2\/posts\/56230","targetHints":{"allow":["GET"]}}],"collection":[{"href":"https:\/\/progettotouring.it\/radiotouring104\/wp-json\/wp\/v2\/posts"}],"about":[{"href":"https:\/\/progettotouring.it\/radiotouring104\/wp-json\/wp\/v2\/types\/post"}],"author":[{"embeddable":true,"href":"https:\/\/progettotouring.it\/radiotouring104\/wp-json\/wp\/v2\/users\/12"}],"replies":[{"embeddable":true,"href":"https:\/\/progettotouring.it\/radiotouring104\/wp-json\/wp\/v2\/comments?post=56230"}],"version-history":[{"count":1,"href":"https:\/\/progettotouring.it\/radiotouring104\/wp-json\/wp\/v2\/posts\/56230\/revisions"}],"predecessor-version":[{"id":56231,"href":"https:\/\/progettotouring.it\/radiotouring104\/wp-json\/wp\/v2\/posts\/56230\/revisions\/56231"}],"wp:featuredmedia":[{"embeddable":true,"href":"https:\/\/progettotouring.it\/radiotouring104\/wp-json\/wp\/v2\/media\/54040"}],"wp:attachment":[{"href":"https:\/\/progettotouring.it\/radiotouring104\/wp-json\/wp\/v2\/media?parent=56230"}],"wp:term":[{"taxonomy":"category","embeddable":true,"href":"https:\/\/progettotouring.it\/radiotouring104\/wp-json\/wp\/v2\/categories?post=56230"},{"taxonomy":"post_tag","embeddable":true,"href":"https:\/\/progettotouring.it\/radiotouring104\/wp-json\/wp\/v2\/tags?post=56230"}],"curies":[{"name":"wp","href":"https:\/\/api.w.org\/{rel}","templated":true}]}}