{"id":56233,"date":"2024-08-01T12:43:48","date_gmt":"2024-08-01T10:43:48","guid":{"rendered":"https:\/\/progettotouring.it\/radiotouring104\/?p=56233"},"modified":"2024-08-01T12:43:48","modified_gmt":"2024-08-01T10:43:48","slug":"a-palazzo-san-giorgio-la-delegazione-georgiana-di-xenia-book-fair","status":"publish","type":"post","link":"https:\/\/progettotouring.it\/radiotouring104\/2024\/08\/01\/a-palazzo-san-giorgio-la-delegazione-georgiana-di-xenia-book-fair\/","title":{"rendered":"A Palazzo San Giorgio la delegazione georgiana di Xenia Book Fair"},"content":{"rendered":"<p style=\"text-align: justify\">Nella Sala dei Lampadari \u201cItalo Falcomat\u00e0\u201d di palazzo San Giorgio, sede del Comune di Reggio Calabria<strong>, il sindaco Giuseppe Falcomat\u00e0 ha accolto la delegazione georgiana composta da Irakli Chavleishvili<\/strong>, vicepresidente della Commissione Istruzione, Cultura e Sport Regione Adjara, Tea Tchanturischvili, responsabile degli Affari Internazionali del Ministero dell\u2019Istruzione, Cultura e Sport Regione Adjara e i poeti Dali Tedoradze e Saba Okujava, accompagnati da Domenico Polito e dal team della Casa editrice Leonida Edizioni, presente sul territorio reggino da vent\u2019anni.<\/p>\n<p>Nel corso dell\u2019incontro, il sindaco metropolitano ha spiegato: <em>\u00abSiamo qui per rinsaldare il forte legame che da anni unisce i nostri due popoli anche per via della comunit\u00e0 presente a Reggio. Vi ringrazio per la presenza<\/em> &#8211; ha affermato parlando di fronte alla delegazione internazionale <em>&#8211; noi rimaniamo aperti a nuove e ulteriori forme di collaborazione e sono certo che, soprattutto sotto il profilo culturale, saranno diverse le occasioni di confronto\u00bb. Durante l\u2019incontro con la delegazione, il sindaco ha omaggiato i rappresentanti georgiani con i libri dedicati alla storia dei Bronzi di Riace, tra i simboli identitari caratteristici del territorio reggino e metropolitano.<\/em><\/p>\n<p><strong>Lo scambio si colloca nell\u2019ambito della nona edizione dello Xenia Book Fair,<\/strong> rassegna letteraria internazionale che si <strong>\u00e8 aperta al Circolo del Tennis<\/strong> \u201cRocco Polimeni\u201d. Nel corso della serata di apertura il sindaco Falcomat\u00e0 ha rinnovato i complimenti all\u2019editore Polito per l\u2019attivit\u00e0 di promozione della cultura dell\u2019accoglienza nel territorio attraverso la valorizzazione di artisti e personalit\u00e0 del mondo della cultura.<\/p>\n<p><em>\u00abIl festival promosso da Leonida \u00e8 la reinterpretazione di quello che rappresenta il nostro territorio \u2013<\/em><strong> ha evidenziato Falcomat\u00e0 \u2013<\/strong> <em>Reggio \u00e8 una citt\u00e0 accogliente e generosa, soprattutto \u00e8 una citt\u00e0 che fa della diversit\u00e0 fonte di ricchezza perch\u00e9 noi stessi siamo il frutto di una contaminazione di etnie, di usi e di costumi che, nel corso dei secoli, ci hanno resi ci\u00f2 che siamo oggi. Il festival interpreta in chiave di prospettiva rivolta al futuro le nostre radici, le tradizioni e l\u2019identit\u00e0. Per questo motivo, come Amministrazione comunale e di Citt\u00e0 metropolitana, sproniamo Leonida Edizioni ad andare avanti. Dopo nove anni, gi\u00e0 dopo la prossima edizione ci saranno tutte le condizioni per storicizzare un evento che \u00e8 un vanto per la citt\u00e0\u00bb.<\/em><\/p>\n","protected":false},"excerpt":{"rendered":"<p>Nella Sala dei Lampadari \u201cItalo Falcomat\u00e0\u201d di palazzo San Giorgio, sede del Comune di Reggio Calabria, il sindaco Giuseppe Falcomat\u00e0 ha accolto la delegazione georgiana composta da Irakli Chavleishvili, vicepresidente&hellip;<\/p>\n","protected":false},"author":12,"featured_media":56234,"comment_status":"closed","ping_status":"open","sticky":false,"template":"","format":"standard","meta":{"_jetpack_memberships_contains_paid_content":false,"footnotes":"","jetpack_publicize_message":"","jetpack_publicize_feature_enabled":true,"jetpack_social_post_already_shared":false,"jetpack_social_options":{"image_generator_settings":{"template":"highway","default_image_id":0,"font":"","enabled":false},"version":2}},"categories":[921,196,140],"tags":[3128,34518,659,391],"class_list":["post-56233","post","type-post","status-publish","format-standard","has-post-thumbnail","hentry","category-home","category-news","category-reggio-calabria","tag-circolo-polimeni","tag-delegazione-georgiana","tag-palazzo-san-giorgio","tag-xenia-book-fair"],"yoast_head":"<!-- This site is optimized with the Yoast SEO plugin v27.2 - https:\/\/yoast.com\/product\/yoast-seo-wordpress\/ -->\n<title>A Palazzo San Giorgio la delegazione georgiana di Xenia Book Fair - Radio Touring 104<\/title>\n<meta name=\"description\" content=\"\u00abRinsaldare il forte legame che unisce i nostri due popoli\u00bb, dichiara il Sindaco di Reggio, Giuseppe Falcomat\u00e0\" \/>\n<meta name=\"robots\" content=\"index, follow, max-snippet:-1, max-image-preview:large, max-video-preview:-1\" \/>\n<link rel=\"canonical\" href=\"https:\/\/progettotouring.it\/radiotouring104\/2024\/08\/01\/a-palazzo-san-giorgio-la-delegazione-georgiana-di-xenia-book-fair\/\" \/>\n<meta property=\"og:locale\" content=\"it_IT\" \/>\n<meta property=\"og:type\" content=\"article\" \/>\n<meta property=\"og:title\" content=\"A Palazzo San Giorgio la delegazione georgiana di Xenia Book Fair - Radio Touring 104\" \/>\n<meta property=\"og:description\" content=\"\u00abRinsaldare il forte legame che unisce i nostri due popoli\u00bb, dichiara il Sindaco di Reggio, Giuseppe Falcomat\u00e0\" \/>\n<meta property=\"og:url\" content=\"https:\/\/progettotouring.it\/radiotouring104\/2024\/08\/01\/a-palazzo-san-giorgio-la-delegazione-georgiana-di-xenia-book-fair\/\" \/>\n<meta property=\"og:site_name\" content=\"Radio Touring 104\" \/>\n<meta property=\"article:published_time\" content=\"2024-08-01T10:43:48+00:00\" \/>\n<meta property=\"og:image\" content=\"https:\/\/progettotouring.it\/radiotouring104\/wp-content\/uploads\/sites\/6\/2024\/08\/xenia-book-8-Palazzo-san-giorgio.jpeg\" \/>\n\t<meta property=\"og:image:width\" content=\"1600\" \/>\n\t<meta property=\"og:image:height\" content=\"900\" \/>\n\t<meta property=\"og:image:type\" content=\"image\/jpeg\" \/>\n<meta name=\"author\" content=\"Sebastiano Plutino\" \/>\n<meta name=\"twitter:card\" content=\"summary_large_image\" \/>\n<meta name=\"twitter:label1\" content=\"Scritto da\" \/>\n\t<meta name=\"twitter:data1\" content=\"Sebastiano Plutino\" \/>\n\t<meta name=\"twitter:label2\" content=\"Tempo di lettura stimato\" \/>\n\t<meta name=\"twitter:data2\" content=\"2 minuti\" \/>\n<script type=\"application\/ld+json\" class=\"yoast-schema-graph\">{\"@context\":\"https:\/\/schema.org\",\"@graph\":[{\"@type\":\"Article\",\"@id\":\"https:\/\/progettotouring.it\/radiotouring104\/2024\/08\/01\/a-palazzo-san-giorgio-la-delegazione-georgiana-di-xenia-book-fair\/#article\",\"isPartOf\":{\"@id\":\"https:\/\/progettotouring.it\/radiotouring104\/2024\/08\/01\/a-palazzo-san-giorgio-la-delegazione-georgiana-di-xenia-book-fair\/\"},\"author\":{\"name\":\"Sebastiano Plutino\",\"@id\":\"https:\/\/progettotouring.it\/radiotouring104\/#\/schema\/person\/78613917f1851f041f7483f5af1d422e\"},\"headline\":\"A Palazzo San Giorgio la delegazione georgiana di Xenia Book Fair\",\"datePublished\":\"2024-08-01T10:43:48+00:00\",\"mainEntityOfPage\":{\"@id\":\"https:\/\/progettotouring.it\/radiotouring104\/2024\/08\/01\/a-palazzo-san-giorgio-la-delegazione-georgiana-di-xenia-book-fair\/\"},\"wordCount\":377,\"publisher\":{\"@id\":\"https:\/\/progettotouring.it\/radiotouring104\/#organization\"},\"image\":{\"@id\":\"https:\/\/progettotouring.it\/radiotouring104\/2024\/08\/01\/a-palazzo-san-giorgio-la-delegazione-georgiana-di-xenia-book-fair\/#primaryimage\"},\"thumbnailUrl\":\"https:\/\/progettotouring.it\/radiotouring104\/wp-content\/uploads\/sites\/6\/2024\/08\/xenia-book-8-Palazzo-san-giorgio.jpeg\",\"keywords\":[\"Circolo Polimeni\",\"delegazione georgiana\",\"palazzo san giorgio\",\"Xenia Book Fair\"],\"articleSection\":[\"Home\",\"News\",\"Reggio Calabria\"],\"inLanguage\":\"it-IT\"},{\"@type\":\"WebPage\",\"@id\":\"https:\/\/progettotouring.it\/radiotouring104\/2024\/08\/01\/a-palazzo-san-giorgio-la-delegazione-georgiana-di-xenia-book-fair\/\",\"url\":\"https:\/\/progettotouring.it\/radiotouring104\/2024\/08\/01\/a-palazzo-san-giorgio-la-delegazione-georgiana-di-xenia-book-fair\/\",\"name\":\"A Palazzo San Giorgio la delegazione georgiana di Xenia Book Fair - Radio Touring 104\",\"isPartOf\":{\"@id\":\"https:\/\/progettotouring.it\/radiotouring104\/#website\"},\"primaryImageOfPage\":{\"@id\":\"https:\/\/progettotouring.it\/radiotouring104\/2024\/08\/01\/a-palazzo-san-giorgio-la-delegazione-georgiana-di-xenia-book-fair\/#primaryimage\"},\"image\":{\"@id\":\"https:\/\/progettotouring.it\/radiotouring104\/2024\/08\/01\/a-palazzo-san-giorgio-la-delegazione-georgiana-di-xenia-book-fair\/#primaryimage\"},\"thumbnailUrl\":\"https:\/\/progettotouring.it\/radiotouring104\/wp-content\/uploads\/sites\/6\/2024\/08\/xenia-book-8-Palazzo-san-giorgio.jpeg\",\"datePublished\":\"2024-08-01T10:43:48+00:00\",\"description\":\"\u00abRinsaldare il forte legame che unisce i nostri due popoli\u00bb, dichiara il Sindaco di Reggio, Giuseppe Falcomat\u00e0\",\"breadcrumb\":{\"@id\":\"https:\/\/progettotouring.it\/radiotouring104\/2024\/08\/01\/a-palazzo-san-giorgio-la-delegazione-georgiana-di-xenia-book-fair\/#breadcrumb\"},\"inLanguage\":\"it-IT\",\"potentialAction\":[{\"@type\":\"ReadAction\",\"target\":[\"https:\/\/progettotouring.it\/radiotouring104\/2024\/08\/01\/a-palazzo-san-giorgio-la-delegazione-georgiana-di-xenia-book-fair\/\"]}]},{\"@type\":\"ImageObject\",\"inLanguage\":\"it-IT\",\"@id\":\"https:\/\/progettotouring.it\/radiotouring104\/2024\/08\/01\/a-palazzo-san-giorgio-la-delegazione-georgiana-di-xenia-book-fair\/#primaryimage\",\"url\":\"https:\/\/progettotouring.it\/radiotouring104\/wp-content\/uploads\/sites\/6\/2024\/08\/xenia-book-8-Palazzo-san-giorgio.jpeg\",\"contentUrl\":\"https:\/\/progettotouring.it\/radiotouring104\/wp-content\/uploads\/sites\/6\/2024\/08\/xenia-book-8-Palazzo-san-giorgio.jpeg\",\"width\":1600,\"height\":900},{\"@type\":\"BreadcrumbList\",\"@id\":\"https:\/\/progettotouring.it\/radiotouring104\/2024\/08\/01\/a-palazzo-san-giorgio-la-delegazione-georgiana-di-xenia-book-fair\/#breadcrumb\",\"itemListElement\":[{\"@type\":\"ListItem\",\"position\":1,\"name\":\"Home\",\"item\":\"https:\/\/progettotouring.it\/radiotouring104\/\"},{\"@type\":\"ListItem\",\"position\":2,\"name\":\"A Palazzo San Giorgio la delegazione georgiana di Xenia Book Fair\"}]},{\"@type\":\"WebSite\",\"@id\":\"https:\/\/progettotouring.it\/radiotouring104\/#website\",\"url\":\"https:\/\/progettotouring.it\/radiotouring104\/\",\"name\":\"Radio Touring 104\",\"description\":\"La prima radio Reggina\",\"publisher\":{\"@id\":\"https:\/\/progettotouring.it\/radiotouring104\/#organization\"},\"potentialAction\":[{\"@type\":\"SearchAction\",\"target\":{\"@type\":\"EntryPoint\",\"urlTemplate\":\"https:\/\/progettotouring.it\/radiotouring104\/?s={search_term_string}\"},\"query-input\":{\"@type\":\"PropertyValueSpecification\",\"valueRequired\":true,\"valueName\":\"search_term_string\"}}],\"inLanguage\":\"it-IT\"},{\"@type\":\"Organization\",\"@id\":\"https:\/\/progettotouring.it\/radiotouring104\/#organization\",\"name\":\"Radio Touring 104\",\"url\":\"https:\/\/progettotouring.it\/radiotouring104\/\",\"logo\":{\"@type\":\"ImageObject\",\"inLanguage\":\"it-IT\",\"@id\":\"https:\/\/progettotouring.it\/radiotouring104\/#\/schema\/logo\/image\/\",\"url\":\"https:\/\/progettotouring.it\/radiotouring104\/wp-content\/uploads\/sites\/6\/2022\/02\/cropped-logo-radio-touring-104.png\",\"contentUrl\":\"https:\/\/progettotouring.it\/radiotouring104\/wp-content\/uploads\/sites\/6\/2022\/02\/cropped-logo-radio-touring-104.png\",\"width\":377,\"height\":182,\"caption\":\"Radio Touring 104\"},\"image\":{\"@id\":\"https:\/\/progettotouring.it\/radiotouring104\/#\/schema\/logo\/image\/\"}},{\"@type\":\"Person\",\"@id\":\"https:\/\/progettotouring.it\/radiotouring104\/#\/schema\/person\/78613917f1851f041f7483f5af1d422e\",\"name\":\"Sebastiano Plutino\",\"image\":{\"@type\":\"ImageObject\",\"inLanguage\":\"it-IT\",\"@id\":\"https:\/\/secure.gravatar.com\/avatar\/0546ffaa9b79224faf9f2a156b67a529ae861d3287c66c1d8ccfdf909bcba78d?s=96&d=mm&r=g\",\"url\":\"https:\/\/secure.gravatar.com\/avatar\/0546ffaa9b79224faf9f2a156b67a529ae861d3287c66c1d8ccfdf909bcba78d?s=96&d=mm&r=g\",\"contentUrl\":\"https:\/\/secure.gravatar.com\/avatar\/0546ffaa9b79224faf9f2a156b67a529ae861d3287c66c1d8ccfdf909bcba78d?s=96&d=mm&r=g\",\"caption\":\"Sebastiano Plutino\"},\"url\":\"https:\/\/progettotouring.it\/radiotouring104\/author\/sebastiano\/\"}]}<\/script>\n<!-- \/ Yoast SEO plugin. -->","yoast_head_json":{"title":"A Palazzo San Giorgio la delegazione georgiana di Xenia Book Fair - Radio Touring 104","description":"\u00abRinsaldare il forte legame che unisce i nostri due popoli\u00bb, dichiara il Sindaco di Reggio, Giuseppe Falcomat\u00e0","robots":{"index":"index","follow":"follow","max-snippet":"max-snippet:-1","max-image-preview":"max-image-preview:large","max-video-preview":"max-video-preview:-1"},"canonical":"https:\/\/progettotouring.it\/radiotouring104\/2024\/08\/01\/a-palazzo-san-giorgio-la-delegazione-georgiana-di-xenia-book-fair\/","og_locale":"it_IT","og_type":"article","og_title":"A Palazzo San Giorgio la delegazione georgiana di Xenia Book Fair - Radio Touring 104","og_description":"\u00abRinsaldare il forte legame che unisce i nostri due popoli\u00bb, dichiara il Sindaco di Reggio, Giuseppe Falcomat\u00e0","og_url":"https:\/\/progettotouring.it\/radiotouring104\/2024\/08\/01\/a-palazzo-san-giorgio-la-delegazione-georgiana-di-xenia-book-fair\/","og_site_name":"Radio Touring 104","article_published_time":"2024-08-01T10:43:48+00:00","og_image":[{"width":1600,"height":900,"url":"https:\/\/progettotouring.it\/radiotouring104\/wp-content\/uploads\/sites\/6\/2024\/08\/xenia-book-8-Palazzo-san-giorgio.jpeg","type":"image\/jpeg"}],"author":"Sebastiano Plutino","twitter_card":"summary_large_image","twitter_misc":{"Scritto da":"Sebastiano Plutino","Tempo di lettura stimato":"2 minuti"},"schema":{"@context":"https:\/\/schema.org","@graph":[{"@type":"Article","@id":"https:\/\/progettotouring.it\/radiotouring104\/2024\/08\/01\/a-palazzo-san-giorgio-la-delegazione-georgiana-di-xenia-book-fair\/#article","isPartOf":{"@id":"https:\/\/progettotouring.it\/radiotouring104\/2024\/08\/01\/a-palazzo-san-giorgio-la-delegazione-georgiana-di-xenia-book-fair\/"},"author":{"name":"Sebastiano Plutino","@id":"https:\/\/progettotouring.it\/radiotouring104\/#\/schema\/person\/78613917f1851f041f7483f5af1d422e"},"headline":"A Palazzo San Giorgio la delegazione georgiana di Xenia Book Fair","datePublished":"2024-08-01T10:43:48+00:00","mainEntityOfPage":{"@id":"https:\/\/progettotouring.it\/radiotouring104\/2024\/08\/01\/a-palazzo-san-giorgio-la-delegazione-georgiana-di-xenia-book-fair\/"},"wordCount":377,"publisher":{"@id":"https:\/\/progettotouring.it\/radiotouring104\/#organization"},"image":{"@id":"https:\/\/progettotouring.it\/radiotouring104\/2024\/08\/01\/a-palazzo-san-giorgio-la-delegazione-georgiana-di-xenia-book-fair\/#primaryimage"},"thumbnailUrl":"https:\/\/progettotouring.it\/radiotouring104\/wp-content\/uploads\/sites\/6\/2024\/08\/xenia-book-8-Palazzo-san-giorgio.jpeg","keywords":["Circolo Polimeni","delegazione georgiana","palazzo san giorgio","Xenia Book Fair"],"articleSection":["Home","News","Reggio Calabria"],"inLanguage":"it-IT"},{"@type":"WebPage","@id":"https:\/\/progettotouring.it\/radiotouring104\/2024\/08\/01\/a-palazzo-san-giorgio-la-delegazione-georgiana-di-xenia-book-fair\/","url":"https:\/\/progettotouring.it\/radiotouring104\/2024\/08\/01\/a-palazzo-san-giorgio-la-delegazione-georgiana-di-xenia-book-fair\/","name":"A Palazzo San Giorgio la delegazione georgiana di Xenia Book Fair - Radio Touring 104","isPartOf":{"@id":"https:\/\/progettotouring.it\/radiotouring104\/#website"},"primaryImageOfPage":{"@id":"https:\/\/progettotouring.it\/radiotouring104\/2024\/08\/01\/a-palazzo-san-giorgio-la-delegazione-georgiana-di-xenia-book-fair\/#primaryimage"},"image":{"@id":"https:\/\/progettotouring.it\/radiotouring104\/2024\/08\/01\/a-palazzo-san-giorgio-la-delegazione-georgiana-di-xenia-book-fair\/#primaryimage"},"thumbnailUrl":"https:\/\/progettotouring.it\/radiotouring104\/wp-content\/uploads\/sites\/6\/2024\/08\/xenia-book-8-Palazzo-san-giorgio.jpeg","datePublished":"2024-08-01T10:43:48+00:00","description":"\u00abRinsaldare il forte legame che unisce i nostri due popoli\u00bb, dichiara il Sindaco di Reggio, Giuseppe Falcomat\u00e0","breadcrumb":{"@id":"https:\/\/progettotouring.it\/radiotouring104\/2024\/08\/01\/a-palazzo-san-giorgio-la-delegazione-georgiana-di-xenia-book-fair\/#breadcrumb"},"inLanguage":"it-IT","potentialAction":[{"@type":"ReadAction","target":["https:\/\/progettotouring.it\/radiotouring104\/2024\/08\/01\/a-palazzo-san-giorgio-la-delegazione-georgiana-di-xenia-book-fair\/"]}]},{"@type":"ImageObject","inLanguage":"it-IT","@id":"https:\/\/progettotouring.it\/radiotouring104\/2024\/08\/01\/a-palazzo-san-giorgio-la-delegazione-georgiana-di-xenia-book-fair\/#primaryimage","url":"https:\/\/progettotouring.it\/radiotouring104\/wp-content\/uploads\/sites\/6\/2024\/08\/xenia-book-8-Palazzo-san-giorgio.jpeg","contentUrl":"https:\/\/progettotouring.it\/radiotouring104\/wp-content\/uploads\/sites\/6\/2024\/08\/xenia-book-8-Palazzo-san-giorgio.jpeg","width":1600,"height":900},{"@type":"BreadcrumbList","@id":"https:\/\/progettotouring.it\/radiotouring104\/2024\/08\/01\/a-palazzo-san-giorgio-la-delegazione-georgiana-di-xenia-book-fair\/#breadcrumb","itemListElement":[{"@type":"ListItem","position":1,"name":"Home","item":"https:\/\/progettotouring.it\/radiotouring104\/"},{"@type":"ListItem","position":2,"name":"A Palazzo San Giorgio la delegazione georgiana di Xenia Book Fair"}]},{"@type":"WebSite","@id":"https:\/\/progettotouring.it\/radiotouring104\/#website","url":"https:\/\/progettotouring.it\/radiotouring104\/","name":"Radio Touring 104","description":"La prima radio Reggina","publisher":{"@id":"https:\/\/progettotouring.it\/radiotouring104\/#organization"},"potentialAction":[{"@type":"SearchAction","target":{"@type":"EntryPoint","urlTemplate":"https:\/\/progettotouring.it\/radiotouring104\/?s={search_term_string}"},"query-input":{"@type":"PropertyValueSpecification","valueRequired":true,"valueName":"search_term_string"}}],"inLanguage":"it-IT"},{"@type":"Organization","@id":"https:\/\/progettotouring.it\/radiotouring104\/#organization","name":"Radio Touring 104","url":"https:\/\/progettotouring.it\/radiotouring104\/","logo":{"@type":"ImageObject","inLanguage":"it-IT","@id":"https:\/\/progettotouring.it\/radiotouring104\/#\/schema\/logo\/image\/","url":"https:\/\/progettotouring.it\/radiotouring104\/wp-content\/uploads\/sites\/6\/2022\/02\/cropped-logo-radio-touring-104.png","contentUrl":"https:\/\/progettotouring.it\/radiotouring104\/wp-content\/uploads\/sites\/6\/2022\/02\/cropped-logo-radio-touring-104.png","width":377,"height":182,"caption":"Radio Touring 104"},"image":{"@id":"https:\/\/progettotouring.it\/radiotouring104\/#\/schema\/logo\/image\/"}},{"@type":"Person","@id":"https:\/\/progettotouring.it\/radiotouring104\/#\/schema\/person\/78613917f1851f041f7483f5af1d422e","name":"Sebastiano Plutino","image":{"@type":"ImageObject","inLanguage":"it-IT","@id":"https:\/\/secure.gravatar.com\/avatar\/0546ffaa9b79224faf9f2a156b67a529ae861d3287c66c1d8ccfdf909bcba78d?s=96&d=mm&r=g","url":"https:\/\/secure.gravatar.com\/avatar\/0546ffaa9b79224faf9f2a156b67a529ae861d3287c66c1d8ccfdf909bcba78d?s=96&d=mm&r=g","contentUrl":"https:\/\/secure.gravatar.com\/avatar\/0546ffaa9b79224faf9f2a156b67a529ae861d3287c66c1d8ccfdf909bcba78d?s=96&d=mm&r=g","caption":"Sebastiano Plutino"},"url":"https:\/\/progettotouring.it\/radiotouring104\/author\/sebastiano\/"}]}},"jetpack_publicize_connections":[],"jetpack_featured_media_url":"https:\/\/progettotouring.it\/radiotouring104\/wp-content\/uploads\/sites\/6\/2024\/08\/xenia-book-8-Palazzo-san-giorgio.jpeg","jetpack_sharing_enabled":true,"_links":{"self":[{"href":"https:\/\/progettotouring.it\/radiotouring104\/wp-json\/wp\/v2\/posts\/56233","targetHints":{"allow":["GET"]}}],"collection":[{"href":"https:\/\/progettotouring.it\/radiotouring104\/wp-json\/wp\/v2\/posts"}],"about":[{"href":"https:\/\/progettotouring.it\/radiotouring104\/wp-json\/wp\/v2\/types\/post"}],"author":[{"embeddable":true,"href":"https:\/\/progettotouring.it\/radiotouring104\/wp-json\/wp\/v2\/users\/12"}],"replies":[{"embeddable":true,"href":"https:\/\/progettotouring.it\/radiotouring104\/wp-json\/wp\/v2\/comments?post=56233"}],"version-history":[{"count":1,"href":"https:\/\/progettotouring.it\/radiotouring104\/wp-json\/wp\/v2\/posts\/56233\/revisions"}],"predecessor-version":[{"id":56235,"href":"https:\/\/progettotouring.it\/radiotouring104\/wp-json\/wp\/v2\/posts\/56233\/revisions\/56235"}],"wp:featuredmedia":[{"embeddable":true,"href":"https:\/\/progettotouring.it\/radiotouring104\/wp-json\/wp\/v2\/media\/56234"}],"wp:attachment":[{"href":"https:\/\/progettotouring.it\/radiotouring104\/wp-json\/wp\/v2\/media?parent=56233"}],"wp:term":[{"taxonomy":"category","embeddable":true,"href":"https:\/\/progettotouring.it\/radiotouring104\/wp-json\/wp\/v2\/categories?post=56233"},{"taxonomy":"post_tag","embeddable":true,"href":"https:\/\/progettotouring.it\/radiotouring104\/wp-json\/wp\/v2\/tags?post=56233"}],"curies":[{"name":"wp","href":"https:\/\/api.w.org\/{rel}","templated":true}]}}