{"id":56236,"date":"2024-08-01T12:50:31","date_gmt":"2024-08-01T10:50:31","guid":{"rendered":"https:\/\/progettotouring.it\/radiotouring104\/?p=56236"},"modified":"2024-08-01T12:50:47","modified_gmt":"2024-08-01T10:50:47","slug":"redel-viola-presidente-lagana-societa-ha-grandi-prospettive","status":"publish","type":"post","link":"https:\/\/progettotouring.it\/radiotouring104\/2024\/08\/01\/redel-viola-presidente-lagana-societa-ha-grandi-prospettive\/","title":{"rendered":"Redel Viola, Presidente Lagan\u00e0: &#8220;Societ\u00e0 ha grandi prospettive&#8221;"},"content":{"rendered":"<p style=\"text-align: justify\"><strong>Il Presidente della Redel Reggio Calabria Carmelo Lagan\u00e0<\/strong> ha parlato \u201ca tutto campo\u201d.<br \/>\n<strong>L\u2019accordo con il nuovo Title Sponsor, la squadra, il nuovo Coach, gli obiettivi<\/strong>.<br \/>\nIl numero uno neroarancio fa il punto,<strong> ecco le sue impressioni.<\/strong><\/p>\n<p style=\"text-align: justify\"><strong>L\u2019accordo con Redel?<\/strong><\/p>\n<p style=\"text-align: justify\"><em>\u201cE\u2019 stato un percorso studiato e dettagliato.<\/em><br \/>\n<em>Abbiamo trovato la possibilit\u00e0 di un accordo importante per avere una realt\u00e0 significativa come Redel al nostro fianco.<\/em><br \/>\n<em>Per noi, avere una grande famiglia di questo calibro \u00e8 motivo d\u2019orgoglio.<\/em><br \/>\n<em>Redel \u00e8 un\u2019azienda reggina che si \u00e8 distinta grazie al suo modo di lavorare, alla sua correttezza ed alla sua gestione in ambito locale, nazionale ed internazionale.<\/em><br \/>\n<em>La societ\u00e0 che rappresento \u00e8 davvero orgogliosa di avere un Title sponsor cos\u00ec\u201d.<\/em><\/p>\n<p style=\"text-align: justify\">Le prospettive?<\/p>\n<p style=\"text-align: justify\"><em>Abbiamo prospettive di vertice.<\/em><br \/>\n<em>Le cose sono \u00a0cambiate rispetto allo scorso anno che, a mio modesto modo di vedere \u00e8 stato un anno di transizione dove dovevamo consolidare le basi per il futuro.<\/em><br \/>\n<em>A tal proposito non posso non ringraziare Myenergy che sar\u00e0 sempre al nostro fianco ed \u00e8 stata basilare per il nostro cammino e lo sar\u00e0 anche in futuro\u201d.<\/em><\/p>\n<p style=\"text-align: justify\"><strong>La squadra?<\/strong><\/p>\n<p style=\"text-align: justify\"><em>\u201cAvete visto come l\u2019abbiamo costruita e come la stiamo ultimando, senza dimenticare che, grazie alle direttive del nostro Gm, non puntiamo solo sul roster della prima squadra in serie B.<\/em><br \/>\n<em>La programmazione relativa all\u2019attivit\u00e0 giovanile \u00e8 davvero significativa e senza precedenti negli ultimi anni, tra reclutamento di allenatori, giocatori del territorio e giocatori \u201cda fuori\u201d.<\/em><\/p>\n<p style=\"text-align: justify\"><strong>Coach Cadeo?<\/strong><\/p>\n<p style=\"text-align: justify\"><em>\u201cDisponibile e sempre presente: non \u00e8 un Coach scelto all\u2019ultimo minuto.<\/em><br \/>\n<em>Lo abbiamo studiato: \u00e8 un grande lavoratore. Un meticoloso e programmatore.<\/em><br \/>\n<em>Abbiamo stilato con lui, un programma a lungo termine\u201d.<\/em><\/p>\n<p style=\"text-align: justify\"><strong>Il futuro dell\u2019impiantistica?<\/strong><\/p>\n<p style=\"text-align: justify\"><em>\u201cSiamo tranquilli e siamo convinti che come noi operiamo nella correttezza nella tempestivit\u00e0 e nella programmazione che ci siamo dati che anche gli enti hanno programmato sapendo che il campionato inizia il 29 settembre e che noi abbiamo bisogno di fare la preparazione all\u2019interno del posto dove giocheremo.<\/em><br \/>\n<em>Sappiano che \u00e8 pronto \u00a0il pianeta Viola che dal punto di vista sportivo per gli allenamenti o altro \u00e8 disponibile e quindi credo che l\u2019amministrazione sar\u00e0 presente per fare in modo che la Viola possa programmare l\u2019attivit\u00e0 sportiva nel migliore dei modi\u201d.<\/em><\/p>\n","protected":false},"excerpt":{"rendered":"<p>Il Presidente della Redel Reggio Calabria Carmelo Lagan\u00e0 ha parlato \u201ca tutto campo\u201d. L\u2019accordo con il nuovo Title Sponsor, la squadra, il nuovo Coach, gli obiettivi. Il numero uno neroarancio&hellip;<\/p>\n","protected":false},"author":12,"featured_media":56237,"comment_status":"closed","ping_status":"open","sticky":false,"template":"","format":"standard","meta":{"_jetpack_memberships_contains_paid_content":false,"footnotes":"","jetpack_publicize_message":"","jetpack_publicize_feature_enabled":true,"jetpack_social_post_already_shared":false,"jetpack_social_options":{"image_generator_settings":{"template":"highway","default_image_id":0,"font":"","enabled":false},"version":2}},"categories":[196,140,144],"tags":[34519,5548,34365],"class_list":["post-56236","post","type-post","status-publish","format-standard","has-post-thumbnail","hentry","category-news","category-reggio-calabria","category-sport","tag-societa-ha-grandi-prospettive","tag-carmelo-lagana","tag-redel-viola"],"yoast_head":"<!-- This site is optimized with the Yoast SEO plugin v27.2 - https:\/\/yoast.com\/product\/yoast-seo-wordpress\/ -->\n<title>Redel Viola, Presidente Lagan\u00e0: &quot;Societ\u00e0 ha grandi prospettive&quot;<\/title>\n<meta name=\"description\" content=\"Il numero uno neroarancio fa il punto su Title Sponsor, la squadra, il nuovo Coach, gli obiettivi. Ecco le sue impressioni.\" \/>\n<meta name=\"robots\" content=\"index, follow, max-snippet:-1, max-image-preview:large, max-video-preview:-1\" \/>\n<link rel=\"canonical\" href=\"https:\/\/progettotouring.it\/radiotouring104\/2024\/08\/01\/redel-viola-presidente-lagana-societa-ha-grandi-prospettive\/\" \/>\n<meta property=\"og:locale\" content=\"it_IT\" \/>\n<meta property=\"og:type\" content=\"article\" \/>\n<meta property=\"og:title\" content=\"Redel Viola, Presidente Lagan\u00e0: &quot;Societ\u00e0 ha grandi prospettive&quot;\" \/>\n<meta property=\"og:description\" content=\"Il numero uno neroarancio fa il punto su Title Sponsor, la squadra, il nuovo Coach, gli obiettivi. Ecco le sue impressioni.\" \/>\n<meta property=\"og:url\" content=\"https:\/\/progettotouring.it\/radiotouring104\/2024\/08\/01\/redel-viola-presidente-lagana-societa-ha-grandi-prospettive\/\" \/>\n<meta property=\"og:site_name\" content=\"Radio Touring 104\" \/>\n<meta property=\"article:published_time\" content=\"2024-08-01T10:50:31+00:00\" \/>\n<meta property=\"article:modified_time\" content=\"2024-08-01T10:50:47+00:00\" \/>\n<meta property=\"og:image\" content=\"https:\/\/progettotouring.it\/radiotouring104\/wp-content\/uploads\/sites\/6\/2024\/08\/carmelo-lagan-300x213-1.png\" \/>\n\t<meta property=\"og:image:width\" content=\"300\" \/>\n\t<meta property=\"og:image:height\" content=\"213\" \/>\n\t<meta property=\"og:image:type\" content=\"image\/png\" \/>\n<meta name=\"author\" content=\"Sebastiano Plutino\" \/>\n<meta name=\"twitter:card\" content=\"summary_large_image\" \/>\n<meta name=\"twitter:label1\" content=\"Scritto da\" \/>\n\t<meta name=\"twitter:data1\" content=\"Sebastiano Plutino\" \/>\n\t<meta name=\"twitter:label2\" content=\"Tempo di lettura stimato\" \/>\n\t<meta name=\"twitter:data2\" content=\"2 minuti\" \/>\n<script type=\"application\/ld+json\" class=\"yoast-schema-graph\">{\"@context\":\"https:\/\/schema.org\",\"@graph\":[{\"@type\":\"Article\",\"@id\":\"https:\/\/progettotouring.it\/radiotouring104\/2024\/08\/01\/redel-viola-presidente-lagana-societa-ha-grandi-prospettive\/#article\",\"isPartOf\":{\"@id\":\"https:\/\/progettotouring.it\/radiotouring104\/2024\/08\/01\/redel-viola-presidente-lagana-societa-ha-grandi-prospettive\/\"},\"author\":{\"name\":\"Sebastiano Plutino\",\"@id\":\"https:\/\/progettotouring.it\/radiotouring104\/#\/schema\/person\/78613917f1851f041f7483f5af1d422e\"},\"headline\":\"Redel Viola, Presidente Lagan\u00e0: &#8220;Societ\u00e0 ha grandi prospettive&#8221;\",\"datePublished\":\"2024-08-01T10:50:31+00:00\",\"dateModified\":\"2024-08-01T10:50:47+00:00\",\"mainEntityOfPage\":{\"@id\":\"https:\/\/progettotouring.it\/radiotouring104\/2024\/08\/01\/redel-viola-presidente-lagana-societa-ha-grandi-prospettive\/\"},\"wordCount\":370,\"publisher\":{\"@id\":\"https:\/\/progettotouring.it\/radiotouring104\/#organization\"},\"image\":{\"@id\":\"https:\/\/progettotouring.it\/radiotouring104\/2024\/08\/01\/redel-viola-presidente-lagana-societa-ha-grandi-prospettive\/#primaryimage\"},\"thumbnailUrl\":\"https:\/\/progettotouring.it\/radiotouring104\/wp-content\/uploads\/sites\/6\/2024\/08\/carmelo-lagan-300x213-1.png\",\"keywords\":[\"\\\"Societ\u00e0 ha grandi prospettive\\\"\",\"Carmelo Lagan\u00e0\",\"Redel Viola\"],\"articleSection\":[\"News\",\"Reggio Calabria\",\"Sport\"],\"inLanguage\":\"it-IT\"},{\"@type\":\"WebPage\",\"@id\":\"https:\/\/progettotouring.it\/radiotouring104\/2024\/08\/01\/redel-viola-presidente-lagana-societa-ha-grandi-prospettive\/\",\"url\":\"https:\/\/progettotouring.it\/radiotouring104\/2024\/08\/01\/redel-viola-presidente-lagana-societa-ha-grandi-prospettive\/\",\"name\":\"Redel Viola, Presidente Lagan\u00e0: \\\"Societ\u00e0 ha grandi prospettive\\\"\",\"isPartOf\":{\"@id\":\"https:\/\/progettotouring.it\/radiotouring104\/#website\"},\"primaryImageOfPage\":{\"@id\":\"https:\/\/progettotouring.it\/radiotouring104\/2024\/08\/01\/redel-viola-presidente-lagana-societa-ha-grandi-prospettive\/#primaryimage\"},\"image\":{\"@id\":\"https:\/\/progettotouring.it\/radiotouring104\/2024\/08\/01\/redel-viola-presidente-lagana-societa-ha-grandi-prospettive\/#primaryimage\"},\"thumbnailUrl\":\"https:\/\/progettotouring.it\/radiotouring104\/wp-content\/uploads\/sites\/6\/2024\/08\/carmelo-lagan-300x213-1.png\",\"datePublished\":\"2024-08-01T10:50:31+00:00\",\"dateModified\":\"2024-08-01T10:50:47+00:00\",\"description\":\"Il numero uno neroarancio fa il punto su Title Sponsor, la squadra, il nuovo Coach, gli obiettivi. Ecco le sue impressioni.\",\"breadcrumb\":{\"@id\":\"https:\/\/progettotouring.it\/radiotouring104\/2024\/08\/01\/redel-viola-presidente-lagana-societa-ha-grandi-prospettive\/#breadcrumb\"},\"inLanguage\":\"it-IT\",\"potentialAction\":[{\"@type\":\"ReadAction\",\"target\":[\"https:\/\/progettotouring.it\/radiotouring104\/2024\/08\/01\/redel-viola-presidente-lagana-societa-ha-grandi-prospettive\/\"]}]},{\"@type\":\"ImageObject\",\"inLanguage\":\"it-IT\",\"@id\":\"https:\/\/progettotouring.it\/radiotouring104\/2024\/08\/01\/redel-viola-presidente-lagana-societa-ha-grandi-prospettive\/#primaryimage\",\"url\":\"https:\/\/progettotouring.it\/radiotouring104\/wp-content\/uploads\/sites\/6\/2024\/08\/carmelo-lagan-300x213-1.png\",\"contentUrl\":\"https:\/\/progettotouring.it\/radiotouring104\/wp-content\/uploads\/sites\/6\/2024\/08\/carmelo-lagan-300x213-1.png\",\"width\":300,\"height\":213},{\"@type\":\"BreadcrumbList\",\"@id\":\"https:\/\/progettotouring.it\/radiotouring104\/2024\/08\/01\/redel-viola-presidente-lagana-societa-ha-grandi-prospettive\/#breadcrumb\",\"itemListElement\":[{\"@type\":\"ListItem\",\"position\":1,\"name\":\"Home\",\"item\":\"https:\/\/progettotouring.it\/radiotouring104\/\"},{\"@type\":\"ListItem\",\"position\":2,\"name\":\"Redel Viola, Presidente Lagan\u00e0: &#8220;Societ\u00e0 ha grandi prospettive&#8221;\"}]},{\"@type\":\"WebSite\",\"@id\":\"https:\/\/progettotouring.it\/radiotouring104\/#website\",\"url\":\"https:\/\/progettotouring.it\/radiotouring104\/\",\"name\":\"Radio Touring 104\",\"description\":\"La prima radio Reggina\",\"publisher\":{\"@id\":\"https:\/\/progettotouring.it\/radiotouring104\/#organization\"},\"potentialAction\":[{\"@type\":\"SearchAction\",\"target\":{\"@type\":\"EntryPoint\",\"urlTemplate\":\"https:\/\/progettotouring.it\/radiotouring104\/?s={search_term_string}\"},\"query-input\":{\"@type\":\"PropertyValueSpecification\",\"valueRequired\":true,\"valueName\":\"search_term_string\"}}],\"inLanguage\":\"it-IT\"},{\"@type\":\"Organization\",\"@id\":\"https:\/\/progettotouring.it\/radiotouring104\/#organization\",\"name\":\"Radio Touring 104\",\"url\":\"https:\/\/progettotouring.it\/radiotouring104\/\",\"logo\":{\"@type\":\"ImageObject\",\"inLanguage\":\"it-IT\",\"@id\":\"https:\/\/progettotouring.it\/radiotouring104\/#\/schema\/logo\/image\/\",\"url\":\"https:\/\/progettotouring.it\/radiotouring104\/wp-content\/uploads\/sites\/6\/2022\/02\/cropped-logo-radio-touring-104.png\",\"contentUrl\":\"https:\/\/progettotouring.it\/radiotouring104\/wp-content\/uploads\/sites\/6\/2022\/02\/cropped-logo-radio-touring-104.png\",\"width\":377,\"height\":182,\"caption\":\"Radio Touring 104\"},\"image\":{\"@id\":\"https:\/\/progettotouring.it\/radiotouring104\/#\/schema\/logo\/image\/\"}},{\"@type\":\"Person\",\"@id\":\"https:\/\/progettotouring.it\/radiotouring104\/#\/schema\/person\/78613917f1851f041f7483f5af1d422e\",\"name\":\"Sebastiano Plutino\",\"image\":{\"@type\":\"ImageObject\",\"inLanguage\":\"it-IT\",\"@id\":\"https:\/\/secure.gravatar.com\/avatar\/0546ffaa9b79224faf9f2a156b67a529ae861d3287c66c1d8ccfdf909bcba78d?s=96&d=mm&r=g\",\"url\":\"https:\/\/secure.gravatar.com\/avatar\/0546ffaa9b79224faf9f2a156b67a529ae861d3287c66c1d8ccfdf909bcba78d?s=96&d=mm&r=g\",\"contentUrl\":\"https:\/\/secure.gravatar.com\/avatar\/0546ffaa9b79224faf9f2a156b67a529ae861d3287c66c1d8ccfdf909bcba78d?s=96&d=mm&r=g\",\"caption\":\"Sebastiano Plutino\"},\"url\":\"https:\/\/progettotouring.it\/radiotouring104\/author\/sebastiano\/\"}]}<\/script>\n<!-- \/ Yoast SEO plugin. -->","yoast_head_json":{"title":"Redel Viola, Presidente Lagan\u00e0: \"Societ\u00e0 ha grandi prospettive\"","description":"Il numero uno neroarancio fa il punto su Title Sponsor, la squadra, il nuovo Coach, gli obiettivi. Ecco le sue impressioni.","robots":{"index":"index","follow":"follow","max-snippet":"max-snippet:-1","max-image-preview":"max-image-preview:large","max-video-preview":"max-video-preview:-1"},"canonical":"https:\/\/progettotouring.it\/radiotouring104\/2024\/08\/01\/redel-viola-presidente-lagana-societa-ha-grandi-prospettive\/","og_locale":"it_IT","og_type":"article","og_title":"Redel Viola, Presidente Lagan\u00e0: \"Societ\u00e0 ha grandi prospettive\"","og_description":"Il numero uno neroarancio fa il punto su Title Sponsor, la squadra, il nuovo Coach, gli obiettivi. Ecco le sue impressioni.","og_url":"https:\/\/progettotouring.it\/radiotouring104\/2024\/08\/01\/redel-viola-presidente-lagana-societa-ha-grandi-prospettive\/","og_site_name":"Radio Touring 104","article_published_time":"2024-08-01T10:50:31+00:00","article_modified_time":"2024-08-01T10:50:47+00:00","og_image":[{"width":300,"height":213,"url":"https:\/\/progettotouring.it\/radiotouring104\/wp-content\/uploads\/sites\/6\/2024\/08\/carmelo-lagan-300x213-1.png","type":"image\/png"}],"author":"Sebastiano Plutino","twitter_card":"summary_large_image","twitter_misc":{"Scritto da":"Sebastiano Plutino","Tempo di lettura stimato":"2 minuti"},"schema":{"@context":"https:\/\/schema.org","@graph":[{"@type":"Article","@id":"https:\/\/progettotouring.it\/radiotouring104\/2024\/08\/01\/redel-viola-presidente-lagana-societa-ha-grandi-prospettive\/#article","isPartOf":{"@id":"https:\/\/progettotouring.it\/radiotouring104\/2024\/08\/01\/redel-viola-presidente-lagana-societa-ha-grandi-prospettive\/"},"author":{"name":"Sebastiano Plutino","@id":"https:\/\/progettotouring.it\/radiotouring104\/#\/schema\/person\/78613917f1851f041f7483f5af1d422e"},"headline":"Redel Viola, Presidente Lagan\u00e0: &#8220;Societ\u00e0 ha grandi prospettive&#8221;","datePublished":"2024-08-01T10:50:31+00:00","dateModified":"2024-08-01T10:50:47+00:00","mainEntityOfPage":{"@id":"https:\/\/progettotouring.it\/radiotouring104\/2024\/08\/01\/redel-viola-presidente-lagana-societa-ha-grandi-prospettive\/"},"wordCount":370,"publisher":{"@id":"https:\/\/progettotouring.it\/radiotouring104\/#organization"},"image":{"@id":"https:\/\/progettotouring.it\/radiotouring104\/2024\/08\/01\/redel-viola-presidente-lagana-societa-ha-grandi-prospettive\/#primaryimage"},"thumbnailUrl":"https:\/\/progettotouring.it\/radiotouring104\/wp-content\/uploads\/sites\/6\/2024\/08\/carmelo-lagan-300x213-1.png","keywords":["\"Societ\u00e0 ha grandi prospettive\"","Carmelo Lagan\u00e0","Redel Viola"],"articleSection":["News","Reggio Calabria","Sport"],"inLanguage":"it-IT"},{"@type":"WebPage","@id":"https:\/\/progettotouring.it\/radiotouring104\/2024\/08\/01\/redel-viola-presidente-lagana-societa-ha-grandi-prospettive\/","url":"https:\/\/progettotouring.it\/radiotouring104\/2024\/08\/01\/redel-viola-presidente-lagana-societa-ha-grandi-prospettive\/","name":"Redel Viola, Presidente Lagan\u00e0: \"Societ\u00e0 ha grandi prospettive\"","isPartOf":{"@id":"https:\/\/progettotouring.it\/radiotouring104\/#website"},"primaryImageOfPage":{"@id":"https:\/\/progettotouring.it\/radiotouring104\/2024\/08\/01\/redel-viola-presidente-lagana-societa-ha-grandi-prospettive\/#primaryimage"},"image":{"@id":"https:\/\/progettotouring.it\/radiotouring104\/2024\/08\/01\/redel-viola-presidente-lagana-societa-ha-grandi-prospettive\/#primaryimage"},"thumbnailUrl":"https:\/\/progettotouring.it\/radiotouring104\/wp-content\/uploads\/sites\/6\/2024\/08\/carmelo-lagan-300x213-1.png","datePublished":"2024-08-01T10:50:31+00:00","dateModified":"2024-08-01T10:50:47+00:00","description":"Il numero uno neroarancio fa il punto su Title Sponsor, la squadra, il nuovo Coach, gli obiettivi. Ecco le sue impressioni.","breadcrumb":{"@id":"https:\/\/progettotouring.it\/radiotouring104\/2024\/08\/01\/redel-viola-presidente-lagana-societa-ha-grandi-prospettive\/#breadcrumb"},"inLanguage":"it-IT","potentialAction":[{"@type":"ReadAction","target":["https:\/\/progettotouring.it\/radiotouring104\/2024\/08\/01\/redel-viola-presidente-lagana-societa-ha-grandi-prospettive\/"]}]},{"@type":"ImageObject","inLanguage":"it-IT","@id":"https:\/\/progettotouring.it\/radiotouring104\/2024\/08\/01\/redel-viola-presidente-lagana-societa-ha-grandi-prospettive\/#primaryimage","url":"https:\/\/progettotouring.it\/radiotouring104\/wp-content\/uploads\/sites\/6\/2024\/08\/carmelo-lagan-300x213-1.png","contentUrl":"https:\/\/progettotouring.it\/radiotouring104\/wp-content\/uploads\/sites\/6\/2024\/08\/carmelo-lagan-300x213-1.png","width":300,"height":213},{"@type":"BreadcrumbList","@id":"https:\/\/progettotouring.it\/radiotouring104\/2024\/08\/01\/redel-viola-presidente-lagana-societa-ha-grandi-prospettive\/#breadcrumb","itemListElement":[{"@type":"ListItem","position":1,"name":"Home","item":"https:\/\/progettotouring.it\/radiotouring104\/"},{"@type":"ListItem","position":2,"name":"Redel Viola, Presidente Lagan\u00e0: &#8220;Societ\u00e0 ha grandi prospettive&#8221;"}]},{"@type":"WebSite","@id":"https:\/\/progettotouring.it\/radiotouring104\/#website","url":"https:\/\/progettotouring.it\/radiotouring104\/","name":"Radio Touring 104","description":"La prima radio Reggina","publisher":{"@id":"https:\/\/progettotouring.it\/radiotouring104\/#organization"},"potentialAction":[{"@type":"SearchAction","target":{"@type":"EntryPoint","urlTemplate":"https:\/\/progettotouring.it\/radiotouring104\/?s={search_term_string}"},"query-input":{"@type":"PropertyValueSpecification","valueRequired":true,"valueName":"search_term_string"}}],"inLanguage":"it-IT"},{"@type":"Organization","@id":"https:\/\/progettotouring.it\/radiotouring104\/#organization","name":"Radio Touring 104","url":"https:\/\/progettotouring.it\/radiotouring104\/","logo":{"@type":"ImageObject","inLanguage":"it-IT","@id":"https:\/\/progettotouring.it\/radiotouring104\/#\/schema\/logo\/image\/","url":"https:\/\/progettotouring.it\/radiotouring104\/wp-content\/uploads\/sites\/6\/2022\/02\/cropped-logo-radio-touring-104.png","contentUrl":"https:\/\/progettotouring.it\/radiotouring104\/wp-content\/uploads\/sites\/6\/2022\/02\/cropped-logo-radio-touring-104.png","width":377,"height":182,"caption":"Radio Touring 104"},"image":{"@id":"https:\/\/progettotouring.it\/radiotouring104\/#\/schema\/logo\/image\/"}},{"@type":"Person","@id":"https:\/\/progettotouring.it\/radiotouring104\/#\/schema\/person\/78613917f1851f041f7483f5af1d422e","name":"Sebastiano Plutino","image":{"@type":"ImageObject","inLanguage":"it-IT","@id":"https:\/\/secure.gravatar.com\/avatar\/0546ffaa9b79224faf9f2a156b67a529ae861d3287c66c1d8ccfdf909bcba78d?s=96&d=mm&r=g","url":"https:\/\/secure.gravatar.com\/avatar\/0546ffaa9b79224faf9f2a156b67a529ae861d3287c66c1d8ccfdf909bcba78d?s=96&d=mm&r=g","contentUrl":"https:\/\/secure.gravatar.com\/avatar\/0546ffaa9b79224faf9f2a156b67a529ae861d3287c66c1d8ccfdf909bcba78d?s=96&d=mm&r=g","caption":"Sebastiano Plutino"},"url":"https:\/\/progettotouring.it\/radiotouring104\/author\/sebastiano\/"}]}},"jetpack_publicize_connections":[],"jetpack_featured_media_url":"https:\/\/progettotouring.it\/radiotouring104\/wp-content\/uploads\/sites\/6\/2024\/08\/carmelo-lagan-300x213-1.png","jetpack_sharing_enabled":true,"_links":{"self":[{"href":"https:\/\/progettotouring.it\/radiotouring104\/wp-json\/wp\/v2\/posts\/56236","targetHints":{"allow":["GET"]}}],"collection":[{"href":"https:\/\/progettotouring.it\/radiotouring104\/wp-json\/wp\/v2\/posts"}],"about":[{"href":"https:\/\/progettotouring.it\/radiotouring104\/wp-json\/wp\/v2\/types\/post"}],"author":[{"embeddable":true,"href":"https:\/\/progettotouring.it\/radiotouring104\/wp-json\/wp\/v2\/users\/12"}],"replies":[{"embeddable":true,"href":"https:\/\/progettotouring.it\/radiotouring104\/wp-json\/wp\/v2\/comments?post=56236"}],"version-history":[{"count":2,"href":"https:\/\/progettotouring.it\/radiotouring104\/wp-json\/wp\/v2\/posts\/56236\/revisions"}],"predecessor-version":[{"id":56239,"href":"https:\/\/progettotouring.it\/radiotouring104\/wp-json\/wp\/v2\/posts\/56236\/revisions\/56239"}],"wp:featuredmedia":[{"embeddable":true,"href":"https:\/\/progettotouring.it\/radiotouring104\/wp-json\/wp\/v2\/media\/56237"}],"wp:attachment":[{"href":"https:\/\/progettotouring.it\/radiotouring104\/wp-json\/wp\/v2\/media?parent=56236"}],"wp:term":[{"taxonomy":"category","embeddable":true,"href":"https:\/\/progettotouring.it\/radiotouring104\/wp-json\/wp\/v2\/categories?post=56236"},{"taxonomy":"post_tag","embeddable":true,"href":"https:\/\/progettotouring.it\/radiotouring104\/wp-json\/wp\/v2\/tags?post=56236"}],"curies":[{"name":"wp","href":"https:\/\/api.w.org\/{rel}","templated":true}]}}