{"id":56240,"date":"2024-08-01T12:57:47","date_gmt":"2024-08-01T10:57:47","guid":{"rendered":"https:\/\/progettotouring.it\/radiotouring104\/?p=56240"},"modified":"2024-08-01T12:57:47","modified_gmt":"2024-08-01T10:57:47","slug":"solidarieta-del-gruppo-giovani-imprenditori-di-unindustria-calabria-allazienda-ecopiana","status":"publish","type":"post","link":"https:\/\/progettotouring.it\/radiotouring104\/2024\/08\/01\/solidarieta-del-gruppo-giovani-imprenditori-di-unindustria-calabria-allazienda-ecopiana\/","title":{"rendered":"Solidariet\u00e0 del Gruppo Giovani Imprenditori di Unindustria Calabria all&#8217;azienda Ecopiana"},"content":{"rendered":"<p style=\"text-align: justify\"><strong>Il gruppo Giovani Imprenditori di Unindustria Calabria esprime la propria vicinanza<\/strong> e solidariet\u00e0 all&#8217;azienda Ecopiana SRL, <strong>colpita dall&#8217;incendio di un capannone nella notte del 29 luglio<\/strong> nel comune di Cittanova. Fortunatamente, l&#8217;evento non ha causato feriti ne ha coinvolto rifiuti coinvolgendo esclusivamente alcuni macchinari e attrezzature. La struttura del capannone ha retto, grazie anche agli impianti antincendio dello stabilimento.<\/p>\n<p style=\"text-align: justify\"><em>&#8220;Esprimiamo la nostra pi\u00f9 sentita solidariet\u00e0 a Ecopiana SRL e a tutti i suoi dipendenti,&#8221; <\/em><strong>dichiara Umberto Barrecca, presidente del gruppo Giovani Imprenditori di Unindustria Calabria. &#8220;<\/strong><em>Questo evento ci ricorda l&#8217;importanza di sostenere le nostre aziende locali, soprattutto in momenti difficili come questo. Siamo certi che Ecopiana, con la sua resilienza e determinazione, sapr\u00e0 superare rapidamente questo momento, prova ne \u00e8 la ripresa immediata delle loro attivit\u00e0.&#8221;<\/em><\/p>\n<p style=\"text-align: justify\">Il comunicato \u00e8 sottoscritto e vede il pieno coinvolgimento anche dai presidenti delle territoriali provinciali dei Giovani di Unindustria Calabria: Natale Santacroce, vice presidente dei Giovani di Unindustria Calabria e presidente dei Giovani di Vibo; Luca Leone Noto, presidente dei Giovani di Catanzaro; Giorgio Franzese, presidente dei Giovani di Cosenza; Vincenzo Giovanni Squillacioti, presidente dei Giovani di Crotone; Giuseppe Lombardo, presidente f.f. dei Giovani di Reggio Calabria.<\/p>\n<p style=\"text-align: justify\"><em>&#8220;Siamo tutti uniti nell&#8217;esprimere il nostro sostegno a Ecopiana SRL,<\/em>&#8221; <strong>aggiunge Barrecca.<\/strong><em> &#8220;Eventi come questo non devono scoraggiarci, ma anzi devono rafforzare il nostro spirito di comunit\u00e0 e la nostra determinazione a sostenere l&#8217;economia locale e il benessere dei nostri territori.&#8221;<\/em><\/p>\n<p style=\"text-align: justify\">Le cause dell&#8217;incendio sono ancora in fase di accertamento, ma la societ\u00e0 Ecopiana SRL \u00e8 gi\u00e0 al lavoro per il ripristino dei luoghi.<\/p>\n<p style=\"text-align: justify\"><strong>Un particolare ringraziamento a le squadre dei Vigili del Fuoco del Comando di Reggio Calabria<\/strong>, insieme ai distaccamenti di Polistena, Palmi e Villa San Giovanni che sono intervenute tempestivamente per domare le fiamme e per il loro costante lavoro nella salvaguardia e tutela del territorio.<\/p>\n<p>&nbsp;<\/p>\n<p>&nbsp;<\/p>\n","protected":false},"excerpt":{"rendered":"<p>Il gruppo Giovani Imprenditori di Unindustria Calabria esprime la propria vicinanza e solidariet\u00e0 all&#8217;azienda Ecopiana SRL, colpita dall&#8217;incendio di un capannone nella notte del 29 luglio nel comune di Cittanova.&hellip;<\/p>\n","protected":false},"author":12,"featured_media":56241,"comment_status":"closed","ping_status":"open","sticky":false,"template":"","format":"standard","meta":{"_jetpack_memberships_contains_paid_content":false,"footnotes":"","jetpack_publicize_message":"","jetpack_publicize_feature_enabled":true,"jetpack_social_post_already_shared":false,"jetpack_social_options":{"image_generator_settings":{"template":"highway","default_image_id":0,"font":"","enabled":false},"version":2}},"categories":[921,196,140],"tags":[34520,34521,1781,597,6728,2195],"class_list":["post-56240","post","type-post","status-publish","format-standard","has-post-thumbnail","hentry","category-home","category-news","category-reggio-calabria","tag-azienda-ecopiana","tag-gruppo-giovani-imprenditori","tag-incendio","tag-solidarieta","tag-umberto-barreca","tag-unindustria-calabria"],"yoast_head":"<!-- This site is optimized with the Yoast SEO plugin v27.2 - https:\/\/yoast.com\/product\/yoast-seo-wordpress\/ -->\n<title>Solidariet\u00e0 del Gruppo Giovani Imprenditori all&#039;azienda Ecopiana<\/title>\n<meta name=\"description\" content=\"La solidariet\u00e0 all&#039;azienda colpita dall&#039;incendio di un capannone nella notte del 29 luglio nel comune di Cittanova.\" \/>\n<meta name=\"robots\" content=\"index, follow, max-snippet:-1, max-image-preview:large, max-video-preview:-1\" \/>\n<link rel=\"canonical\" href=\"https:\/\/progettotouring.it\/radiotouring104\/2024\/08\/01\/solidarieta-del-gruppo-giovani-imprenditori-di-unindustria-calabria-allazienda-ecopiana\/\" \/>\n<meta property=\"og:locale\" content=\"it_IT\" \/>\n<meta property=\"og:type\" content=\"article\" \/>\n<meta property=\"og:title\" content=\"Solidariet\u00e0 del Gruppo Giovani Imprenditori all&#039;azienda Ecopiana\" \/>\n<meta property=\"og:description\" content=\"La solidariet\u00e0 all&#039;azienda colpita dall&#039;incendio di un capannone nella notte del 29 luglio nel comune di Cittanova.\" \/>\n<meta property=\"og:url\" content=\"https:\/\/progettotouring.it\/radiotouring104\/2024\/08\/01\/solidarieta-del-gruppo-giovani-imprenditori-di-unindustria-calabria-allazienda-ecopiana\/\" \/>\n<meta property=\"og:site_name\" content=\"Radio Touring 104\" \/>\n<meta property=\"article:published_time\" content=\"2024-08-01T10:57:47+00:00\" \/>\n<meta property=\"og:image\" content=\"https:\/\/progettotouring.it\/radiotouring104\/wp-content\/uploads\/sites\/6\/2024\/08\/barreca-unindustria-giovani-calabria.jpeg\" \/>\n\t<meta property=\"og:image:width\" content=\"1200\" \/>\n\t<meta property=\"og:image:height\" content=\"891\" \/>\n\t<meta property=\"og:image:type\" content=\"image\/jpeg\" \/>\n<meta name=\"author\" content=\"Sebastiano Plutino\" \/>\n<meta name=\"twitter:card\" content=\"summary_large_image\" \/>\n<meta name=\"twitter:label1\" content=\"Scritto da\" \/>\n\t<meta name=\"twitter:data1\" content=\"Sebastiano Plutino\" \/>\n\t<meta name=\"twitter:label2\" content=\"Tempo di lettura stimato\" \/>\n\t<meta name=\"twitter:data2\" content=\"2 minuti\" \/>\n<script type=\"application\/ld+json\" class=\"yoast-schema-graph\">{\"@context\":\"https:\/\/schema.org\",\"@graph\":[{\"@type\":\"Article\",\"@id\":\"https:\/\/progettotouring.it\/radiotouring104\/2024\/08\/01\/solidarieta-del-gruppo-giovani-imprenditori-di-unindustria-calabria-allazienda-ecopiana\/#article\",\"isPartOf\":{\"@id\":\"https:\/\/progettotouring.it\/radiotouring104\/2024\/08\/01\/solidarieta-del-gruppo-giovani-imprenditori-di-unindustria-calabria-allazienda-ecopiana\/\"},\"author\":{\"name\":\"Sebastiano Plutino\",\"@id\":\"https:\/\/progettotouring.it\/radiotouring104\/#\/schema\/person\/78613917f1851f041f7483f5af1d422e\"},\"headline\":\"Solidariet\u00e0 del Gruppo Giovani Imprenditori di Unindustria Calabria all&#8217;azienda Ecopiana\",\"datePublished\":\"2024-08-01T10:57:47+00:00\",\"mainEntityOfPage\":{\"@id\":\"https:\/\/progettotouring.it\/radiotouring104\/2024\/08\/01\/solidarieta-del-gruppo-giovani-imprenditori-di-unindustria-calabria-allazienda-ecopiana\/\"},\"wordCount\":311,\"publisher\":{\"@id\":\"https:\/\/progettotouring.it\/radiotouring104\/#organization\"},\"image\":{\"@id\":\"https:\/\/progettotouring.it\/radiotouring104\/2024\/08\/01\/solidarieta-del-gruppo-giovani-imprenditori-di-unindustria-calabria-allazienda-ecopiana\/#primaryimage\"},\"thumbnailUrl\":\"https:\/\/progettotouring.it\/radiotouring104\/wp-content\/uploads\/sites\/6\/2024\/08\/barreca-unindustria-giovani-calabria.jpeg\",\"keywords\":[\"azienda Ecopiana\",\"Gruppo Giovani Imprenditori\",\"incendio\",\"solidariet\u00e0\",\"Umberto Barreca\",\"Unindustria Calabria\"],\"articleSection\":[\"Home\",\"News\",\"Reggio Calabria\"],\"inLanguage\":\"it-IT\"},{\"@type\":\"WebPage\",\"@id\":\"https:\/\/progettotouring.it\/radiotouring104\/2024\/08\/01\/solidarieta-del-gruppo-giovani-imprenditori-di-unindustria-calabria-allazienda-ecopiana\/\",\"url\":\"https:\/\/progettotouring.it\/radiotouring104\/2024\/08\/01\/solidarieta-del-gruppo-giovani-imprenditori-di-unindustria-calabria-allazienda-ecopiana\/\",\"name\":\"Solidariet\u00e0 del Gruppo Giovani Imprenditori all'azienda Ecopiana\",\"isPartOf\":{\"@id\":\"https:\/\/progettotouring.it\/radiotouring104\/#website\"},\"primaryImageOfPage\":{\"@id\":\"https:\/\/progettotouring.it\/radiotouring104\/2024\/08\/01\/solidarieta-del-gruppo-giovani-imprenditori-di-unindustria-calabria-allazienda-ecopiana\/#primaryimage\"},\"image\":{\"@id\":\"https:\/\/progettotouring.it\/radiotouring104\/2024\/08\/01\/solidarieta-del-gruppo-giovani-imprenditori-di-unindustria-calabria-allazienda-ecopiana\/#primaryimage\"},\"thumbnailUrl\":\"https:\/\/progettotouring.it\/radiotouring104\/wp-content\/uploads\/sites\/6\/2024\/08\/barreca-unindustria-giovani-calabria.jpeg\",\"datePublished\":\"2024-08-01T10:57:47+00:00\",\"description\":\"La solidariet\u00e0 all'azienda colpita dall'incendio di un capannone nella notte del 29 luglio nel comune di Cittanova.\",\"breadcrumb\":{\"@id\":\"https:\/\/progettotouring.it\/radiotouring104\/2024\/08\/01\/solidarieta-del-gruppo-giovani-imprenditori-di-unindustria-calabria-allazienda-ecopiana\/#breadcrumb\"},\"inLanguage\":\"it-IT\",\"potentialAction\":[{\"@type\":\"ReadAction\",\"target\":[\"https:\/\/progettotouring.it\/radiotouring104\/2024\/08\/01\/solidarieta-del-gruppo-giovani-imprenditori-di-unindustria-calabria-allazienda-ecopiana\/\"]}]},{\"@type\":\"ImageObject\",\"inLanguage\":\"it-IT\",\"@id\":\"https:\/\/progettotouring.it\/radiotouring104\/2024\/08\/01\/solidarieta-del-gruppo-giovani-imprenditori-di-unindustria-calabria-allazienda-ecopiana\/#primaryimage\",\"url\":\"https:\/\/progettotouring.it\/radiotouring104\/wp-content\/uploads\/sites\/6\/2024\/08\/barreca-unindustria-giovani-calabria.jpeg\",\"contentUrl\":\"https:\/\/progettotouring.it\/radiotouring104\/wp-content\/uploads\/sites\/6\/2024\/08\/barreca-unindustria-giovani-calabria.jpeg\",\"width\":1200,\"height\":891},{\"@type\":\"BreadcrumbList\",\"@id\":\"https:\/\/progettotouring.it\/radiotouring104\/2024\/08\/01\/solidarieta-del-gruppo-giovani-imprenditori-di-unindustria-calabria-allazienda-ecopiana\/#breadcrumb\",\"itemListElement\":[{\"@type\":\"ListItem\",\"position\":1,\"name\":\"Home\",\"item\":\"https:\/\/progettotouring.it\/radiotouring104\/\"},{\"@type\":\"ListItem\",\"position\":2,\"name\":\"Solidariet\u00e0 del Gruppo Giovani Imprenditori di Unindustria Calabria all&#8217;azienda Ecopiana\"}]},{\"@type\":\"WebSite\",\"@id\":\"https:\/\/progettotouring.it\/radiotouring104\/#website\",\"url\":\"https:\/\/progettotouring.it\/radiotouring104\/\",\"name\":\"Radio Touring 104\",\"description\":\"La prima radio Reggina\",\"publisher\":{\"@id\":\"https:\/\/progettotouring.it\/radiotouring104\/#organization\"},\"potentialAction\":[{\"@type\":\"SearchAction\",\"target\":{\"@type\":\"EntryPoint\",\"urlTemplate\":\"https:\/\/progettotouring.it\/radiotouring104\/?s={search_term_string}\"},\"query-input\":{\"@type\":\"PropertyValueSpecification\",\"valueRequired\":true,\"valueName\":\"search_term_string\"}}],\"inLanguage\":\"it-IT\"},{\"@type\":\"Organization\",\"@id\":\"https:\/\/progettotouring.it\/radiotouring104\/#organization\",\"name\":\"Radio Touring 104\",\"url\":\"https:\/\/progettotouring.it\/radiotouring104\/\",\"logo\":{\"@type\":\"ImageObject\",\"inLanguage\":\"it-IT\",\"@id\":\"https:\/\/progettotouring.it\/radiotouring104\/#\/schema\/logo\/image\/\",\"url\":\"https:\/\/progettotouring.it\/radiotouring104\/wp-content\/uploads\/sites\/6\/2022\/02\/cropped-logo-radio-touring-104.png\",\"contentUrl\":\"https:\/\/progettotouring.it\/radiotouring104\/wp-content\/uploads\/sites\/6\/2022\/02\/cropped-logo-radio-touring-104.png\",\"width\":377,\"height\":182,\"caption\":\"Radio Touring 104\"},\"image\":{\"@id\":\"https:\/\/progettotouring.it\/radiotouring104\/#\/schema\/logo\/image\/\"}},{\"@type\":\"Person\",\"@id\":\"https:\/\/progettotouring.it\/radiotouring104\/#\/schema\/person\/78613917f1851f041f7483f5af1d422e\",\"name\":\"Sebastiano Plutino\",\"image\":{\"@type\":\"ImageObject\",\"inLanguage\":\"it-IT\",\"@id\":\"https:\/\/secure.gravatar.com\/avatar\/0546ffaa9b79224faf9f2a156b67a529ae861d3287c66c1d8ccfdf909bcba78d?s=96&d=mm&r=g\",\"url\":\"https:\/\/secure.gravatar.com\/avatar\/0546ffaa9b79224faf9f2a156b67a529ae861d3287c66c1d8ccfdf909bcba78d?s=96&d=mm&r=g\",\"contentUrl\":\"https:\/\/secure.gravatar.com\/avatar\/0546ffaa9b79224faf9f2a156b67a529ae861d3287c66c1d8ccfdf909bcba78d?s=96&d=mm&r=g\",\"caption\":\"Sebastiano Plutino\"},\"url\":\"https:\/\/progettotouring.it\/radiotouring104\/author\/sebastiano\/\"}]}<\/script>\n<!-- \/ Yoast SEO plugin. -->","yoast_head_json":{"title":"Solidariet\u00e0 del Gruppo Giovani Imprenditori all'azienda Ecopiana","description":"La solidariet\u00e0 all'azienda colpita dall'incendio di un capannone nella notte del 29 luglio nel comune di Cittanova.","robots":{"index":"index","follow":"follow","max-snippet":"max-snippet:-1","max-image-preview":"max-image-preview:large","max-video-preview":"max-video-preview:-1"},"canonical":"https:\/\/progettotouring.it\/radiotouring104\/2024\/08\/01\/solidarieta-del-gruppo-giovani-imprenditori-di-unindustria-calabria-allazienda-ecopiana\/","og_locale":"it_IT","og_type":"article","og_title":"Solidariet\u00e0 del Gruppo Giovani Imprenditori all'azienda Ecopiana","og_description":"La solidariet\u00e0 all'azienda colpita dall'incendio di un capannone nella notte del 29 luglio nel comune di Cittanova.","og_url":"https:\/\/progettotouring.it\/radiotouring104\/2024\/08\/01\/solidarieta-del-gruppo-giovani-imprenditori-di-unindustria-calabria-allazienda-ecopiana\/","og_site_name":"Radio Touring 104","article_published_time":"2024-08-01T10:57:47+00:00","og_image":[{"width":1200,"height":891,"url":"https:\/\/progettotouring.it\/radiotouring104\/wp-content\/uploads\/sites\/6\/2024\/08\/barreca-unindustria-giovani-calabria.jpeg","type":"image\/jpeg"}],"author":"Sebastiano Plutino","twitter_card":"summary_large_image","twitter_misc":{"Scritto da":"Sebastiano Plutino","Tempo di lettura stimato":"2 minuti"},"schema":{"@context":"https:\/\/schema.org","@graph":[{"@type":"Article","@id":"https:\/\/progettotouring.it\/radiotouring104\/2024\/08\/01\/solidarieta-del-gruppo-giovani-imprenditori-di-unindustria-calabria-allazienda-ecopiana\/#article","isPartOf":{"@id":"https:\/\/progettotouring.it\/radiotouring104\/2024\/08\/01\/solidarieta-del-gruppo-giovani-imprenditori-di-unindustria-calabria-allazienda-ecopiana\/"},"author":{"name":"Sebastiano Plutino","@id":"https:\/\/progettotouring.it\/radiotouring104\/#\/schema\/person\/78613917f1851f041f7483f5af1d422e"},"headline":"Solidariet\u00e0 del Gruppo Giovani Imprenditori di Unindustria Calabria all&#8217;azienda Ecopiana","datePublished":"2024-08-01T10:57:47+00:00","mainEntityOfPage":{"@id":"https:\/\/progettotouring.it\/radiotouring104\/2024\/08\/01\/solidarieta-del-gruppo-giovani-imprenditori-di-unindustria-calabria-allazienda-ecopiana\/"},"wordCount":311,"publisher":{"@id":"https:\/\/progettotouring.it\/radiotouring104\/#organization"},"image":{"@id":"https:\/\/progettotouring.it\/radiotouring104\/2024\/08\/01\/solidarieta-del-gruppo-giovani-imprenditori-di-unindustria-calabria-allazienda-ecopiana\/#primaryimage"},"thumbnailUrl":"https:\/\/progettotouring.it\/radiotouring104\/wp-content\/uploads\/sites\/6\/2024\/08\/barreca-unindustria-giovani-calabria.jpeg","keywords":["azienda Ecopiana","Gruppo Giovani Imprenditori","incendio","solidariet\u00e0","Umberto Barreca","Unindustria Calabria"],"articleSection":["Home","News","Reggio Calabria"],"inLanguage":"it-IT"},{"@type":"WebPage","@id":"https:\/\/progettotouring.it\/radiotouring104\/2024\/08\/01\/solidarieta-del-gruppo-giovani-imprenditori-di-unindustria-calabria-allazienda-ecopiana\/","url":"https:\/\/progettotouring.it\/radiotouring104\/2024\/08\/01\/solidarieta-del-gruppo-giovani-imprenditori-di-unindustria-calabria-allazienda-ecopiana\/","name":"Solidariet\u00e0 del Gruppo Giovani Imprenditori all'azienda Ecopiana","isPartOf":{"@id":"https:\/\/progettotouring.it\/radiotouring104\/#website"},"primaryImageOfPage":{"@id":"https:\/\/progettotouring.it\/radiotouring104\/2024\/08\/01\/solidarieta-del-gruppo-giovani-imprenditori-di-unindustria-calabria-allazienda-ecopiana\/#primaryimage"},"image":{"@id":"https:\/\/progettotouring.it\/radiotouring104\/2024\/08\/01\/solidarieta-del-gruppo-giovani-imprenditori-di-unindustria-calabria-allazienda-ecopiana\/#primaryimage"},"thumbnailUrl":"https:\/\/progettotouring.it\/radiotouring104\/wp-content\/uploads\/sites\/6\/2024\/08\/barreca-unindustria-giovani-calabria.jpeg","datePublished":"2024-08-01T10:57:47+00:00","description":"La solidariet\u00e0 all'azienda colpita dall'incendio di un capannone nella notte del 29 luglio nel comune di Cittanova.","breadcrumb":{"@id":"https:\/\/progettotouring.it\/radiotouring104\/2024\/08\/01\/solidarieta-del-gruppo-giovani-imprenditori-di-unindustria-calabria-allazienda-ecopiana\/#breadcrumb"},"inLanguage":"it-IT","potentialAction":[{"@type":"ReadAction","target":["https:\/\/progettotouring.it\/radiotouring104\/2024\/08\/01\/solidarieta-del-gruppo-giovani-imprenditori-di-unindustria-calabria-allazienda-ecopiana\/"]}]},{"@type":"ImageObject","inLanguage":"it-IT","@id":"https:\/\/progettotouring.it\/radiotouring104\/2024\/08\/01\/solidarieta-del-gruppo-giovani-imprenditori-di-unindustria-calabria-allazienda-ecopiana\/#primaryimage","url":"https:\/\/progettotouring.it\/radiotouring104\/wp-content\/uploads\/sites\/6\/2024\/08\/barreca-unindustria-giovani-calabria.jpeg","contentUrl":"https:\/\/progettotouring.it\/radiotouring104\/wp-content\/uploads\/sites\/6\/2024\/08\/barreca-unindustria-giovani-calabria.jpeg","width":1200,"height":891},{"@type":"BreadcrumbList","@id":"https:\/\/progettotouring.it\/radiotouring104\/2024\/08\/01\/solidarieta-del-gruppo-giovani-imprenditori-di-unindustria-calabria-allazienda-ecopiana\/#breadcrumb","itemListElement":[{"@type":"ListItem","position":1,"name":"Home","item":"https:\/\/progettotouring.it\/radiotouring104\/"},{"@type":"ListItem","position":2,"name":"Solidariet\u00e0 del Gruppo Giovani Imprenditori di Unindustria Calabria all&#8217;azienda Ecopiana"}]},{"@type":"WebSite","@id":"https:\/\/progettotouring.it\/radiotouring104\/#website","url":"https:\/\/progettotouring.it\/radiotouring104\/","name":"Radio Touring 104","description":"La prima radio Reggina","publisher":{"@id":"https:\/\/progettotouring.it\/radiotouring104\/#organization"},"potentialAction":[{"@type":"SearchAction","target":{"@type":"EntryPoint","urlTemplate":"https:\/\/progettotouring.it\/radiotouring104\/?s={search_term_string}"},"query-input":{"@type":"PropertyValueSpecification","valueRequired":true,"valueName":"search_term_string"}}],"inLanguage":"it-IT"},{"@type":"Organization","@id":"https:\/\/progettotouring.it\/radiotouring104\/#organization","name":"Radio Touring 104","url":"https:\/\/progettotouring.it\/radiotouring104\/","logo":{"@type":"ImageObject","inLanguage":"it-IT","@id":"https:\/\/progettotouring.it\/radiotouring104\/#\/schema\/logo\/image\/","url":"https:\/\/progettotouring.it\/radiotouring104\/wp-content\/uploads\/sites\/6\/2022\/02\/cropped-logo-radio-touring-104.png","contentUrl":"https:\/\/progettotouring.it\/radiotouring104\/wp-content\/uploads\/sites\/6\/2022\/02\/cropped-logo-radio-touring-104.png","width":377,"height":182,"caption":"Radio Touring 104"},"image":{"@id":"https:\/\/progettotouring.it\/radiotouring104\/#\/schema\/logo\/image\/"}},{"@type":"Person","@id":"https:\/\/progettotouring.it\/radiotouring104\/#\/schema\/person\/78613917f1851f041f7483f5af1d422e","name":"Sebastiano Plutino","image":{"@type":"ImageObject","inLanguage":"it-IT","@id":"https:\/\/secure.gravatar.com\/avatar\/0546ffaa9b79224faf9f2a156b67a529ae861d3287c66c1d8ccfdf909bcba78d?s=96&d=mm&r=g","url":"https:\/\/secure.gravatar.com\/avatar\/0546ffaa9b79224faf9f2a156b67a529ae861d3287c66c1d8ccfdf909bcba78d?s=96&d=mm&r=g","contentUrl":"https:\/\/secure.gravatar.com\/avatar\/0546ffaa9b79224faf9f2a156b67a529ae861d3287c66c1d8ccfdf909bcba78d?s=96&d=mm&r=g","caption":"Sebastiano Plutino"},"url":"https:\/\/progettotouring.it\/radiotouring104\/author\/sebastiano\/"}]}},"jetpack_publicize_connections":[],"jetpack_featured_media_url":"https:\/\/progettotouring.it\/radiotouring104\/wp-content\/uploads\/sites\/6\/2024\/08\/barreca-unindustria-giovani-calabria.jpeg","jetpack_sharing_enabled":true,"_links":{"self":[{"href":"https:\/\/progettotouring.it\/radiotouring104\/wp-json\/wp\/v2\/posts\/56240","targetHints":{"allow":["GET"]}}],"collection":[{"href":"https:\/\/progettotouring.it\/radiotouring104\/wp-json\/wp\/v2\/posts"}],"about":[{"href":"https:\/\/progettotouring.it\/radiotouring104\/wp-json\/wp\/v2\/types\/post"}],"author":[{"embeddable":true,"href":"https:\/\/progettotouring.it\/radiotouring104\/wp-json\/wp\/v2\/users\/12"}],"replies":[{"embeddable":true,"href":"https:\/\/progettotouring.it\/radiotouring104\/wp-json\/wp\/v2\/comments?post=56240"}],"version-history":[{"count":1,"href":"https:\/\/progettotouring.it\/radiotouring104\/wp-json\/wp\/v2\/posts\/56240\/revisions"}],"predecessor-version":[{"id":56242,"href":"https:\/\/progettotouring.it\/radiotouring104\/wp-json\/wp\/v2\/posts\/56240\/revisions\/56242"}],"wp:featuredmedia":[{"embeddable":true,"href":"https:\/\/progettotouring.it\/radiotouring104\/wp-json\/wp\/v2\/media\/56241"}],"wp:attachment":[{"href":"https:\/\/progettotouring.it\/radiotouring104\/wp-json\/wp\/v2\/media?parent=56240"}],"wp:term":[{"taxonomy":"category","embeddable":true,"href":"https:\/\/progettotouring.it\/radiotouring104\/wp-json\/wp\/v2\/categories?post=56240"},{"taxonomy":"post_tag","embeddable":true,"href":"https:\/\/progettotouring.it\/radiotouring104\/wp-json\/wp\/v2\/tags?post=56240"}],"curies":[{"name":"wp","href":"https:\/\/api.w.org\/{rel}","templated":true}]}}