{"id":56716,"date":"2024-08-21T11:02:09","date_gmt":"2024-08-21T09:02:09","guid":{"rendered":"https:\/\/progettotouring.it\/radiotouring104\/?p=56716"},"modified":"2024-08-21T11:02:09","modified_gmt":"2024-08-21T09:02:09","slug":"redel-viola-donati-qui-per-fare-bene-e-contribuire-alle-nostre-vittorie","status":"publish","type":"post","link":"https:\/\/progettotouring.it\/radiotouring104\/2024\/08\/21\/redel-viola-donati-qui-per-fare-bene-e-contribuire-alle-nostre-vittorie\/","title":{"rendered":"Redel Viola, Donati: &#8220;Qui per fare bene e contribuire alle nostre vittorie&#8221;"},"content":{"rendered":"<p><strong>Ultimo ingaggio neroarancio<\/strong> in ordine di firma.<\/p>\n<p><strong>Elias Donati<\/strong>, ala forte, veloce e talentuosa lancia la sfida.<\/p>\n<p><strong>Ecco le impressioni del nuovo innesto della Redel: <\/strong><em>\u201cHo trascorso le vacanze a casa e con gli amici.<\/em><br \/>\n<em>Adesso, sono carico per il Raduno e non vedo l\u2019ora di essere a Reggio Calabria\u201d.<\/em><\/p>\n<p><strong>Le mie origini?<\/strong><\/p>\n<p><em>\u201cSono italo-brasiliano, nato ad Arezzo.<\/em><br \/>\n<em>Mia mamma \u00e8 brasiliana, mio pap\u00e0 \u00e8 nato in Umbria ed ho vissuto da sempre a Foligno\u201d.<\/em><\/p>\n<p><strong>La scelta di Reggio Calabria?<\/strong><\/p>\n<p><em>\u201cTradizione unica, appena ho appreso della notizia ero entusiasta.<\/em><br \/>\n<em>Sono carichissimo.<\/em><br \/>\n<em>Consapevole che Reggio ha un grande pubblico e questo mi \u201cgasa\u201d, parecchio\u201d.<\/em><\/p>\n<p><strong>Il nuovo roster ed i miei prossimi compagni?<\/strong><\/p>\n<p><em>\u201cDi persona non conosco nessuno ma, ho ammirato Efe Idiaru.<\/em><br \/>\n<em>Mi piace molto contro giocatore: ci ho giocato per due volte nella passata stagione sia a Monopoli che a Lucera.<\/em><br \/>\n<em>Devo ammettere che la sfida giocata contro di me, quando lui vestiva la canotta del Lucera l\u2019ha decisa praticamente personalmente.<\/em><br \/>\n<em>Difende molto, \u00e8 intenso, mi piace parecchio il suo stile di gioco.<\/em><br \/>\n<em>Ho giocato anche contro Ani: giocatore duttile ed in crescita continua con svariate ed importanti caratteristiche offensive.<\/em><br \/>\n<em>Ho affrontato anche Bangu, nella sua esperienza a Castellaneta e mi ha stupito per intensit\u00e0.<\/em><br \/>\n<em>Credo che, consapevole del resto del roster, abbiamo una identit\u00e0 chiara e definita, fisica e coraggiosa\u201d<\/em>.<\/p>\n<p><strong>Che tipologia di giocatore sei?<\/strong><\/p>\n<p><em>\u201cD\u2019energia, ci metto tutto quello che ho, magari anche sbagliando, ma facendo di tutto per aiutare la squadra, sia in attacco che in difesa.<\/em><br \/>\n<em>Amo andare al rimbalzo, ed ovviamente attaccare.<\/em><br \/>\n<em>La mia pecca, probabilmente \u00e8 che penso pi\u00f9 agli altri che a me stesso, se si pecca di pu\u00f2 parlare. Sono felice di far parte di questo roster costruito con questo fare cos\u00ec identitaria, possiamo far bene\u201d<\/em><\/p>\n<p><strong>Coach Cadeo?<\/strong><\/p>\n<p><em>\u201cL\u2019ho sentito spesso.<\/em><br \/>\n<em>Mi ha spiegato il progetto e mi \u00e8 piaciuto molto.<\/em><br \/>\n<em>Mi intriga anche il modo che ha di vedere la pallacanestro, la cura dei dettagli, il miglioramento continuo, sia individuale che del gruppo squadra.<\/em><br \/>\n<em>Sar\u00e0 molto importante per me, ne sono sicuro, anche perch\u00e9 voglio migliorare come giocatore e voglio fa bene all\u2019interno del nuovo gruppo\u201d.<\/em><\/p>\n<p><strong>I miei esordi?<\/strong><\/p>\n<p><em>\u201cDevo dire grazie ad una vecchia gloria della Viola, in neroarancio tra gli anni settanta e gli ottanta, Pino La Gioia.<\/em><br \/>\n<em>Ha fatto tanto per me e non lo dimenticher\u00f2 mai\u201d.<\/em><\/p>\n<p><strong>Il nuovo girone?<\/strong><\/p>\n<p><em>\u201cHo fatto parte del Molfetta nella prima parte della scorsa stagione.<\/em><br \/>\n<em>Nessuno scommetteva su di noi, ne ranking ne nessuno: Molfetta fu la squadra rivelazione.<\/em><br \/>\n<em>Sono sicuro che abbiamo l\u2019obbligo di pensare solo a noi, alla nostra crescita ed al nostro campionato\u201d.<\/em><\/p>\n","protected":false},"excerpt":{"rendered":"<p>Ultimo ingaggio neroarancio in ordine di firma. Elias Donati, ala forte, veloce e talentuosa lancia la sfida. Ecco le impressioni del nuovo innesto della Redel: \u201cHo trascorso le vacanze a&hellip;<\/p>\n","protected":false},"author":12,"featured_media":56717,"comment_status":"closed","ping_status":"open","sticky":false,"template":"","format":"standard","meta":{"_jetpack_memberships_contains_paid_content":false,"footnotes":"","jetpack_publicize_message":"","jetpack_publicize_feature_enabled":true,"jetpack_social_post_already_shared":false,"jetpack_social_options":{"image_generator_settings":{"template":"highway","default_image_id":0,"font":"","enabled":false},"version":2}},"categories":[196,140,144],"tags":[34862,34863,34366,34365],"class_list":["post-56716","post","type-post","status-publish","format-standard","has-post-thumbnail","hentry","category-news","category-reggio-calabria","category-sport","tag-qui-per-fare-bene-e-contribuire-alle-nostre-vittorie","tag-ala-forte","tag-elias-donati","tag-redel-viola"],"yoast_head":"<!-- This site is optimized with the Yoast SEO plugin v27.2 - https:\/\/yoast.com\/product\/yoast-seo-wordpress\/ -->\n<title>Viola, Donati: &quot;Qui per fare bene e contribuire alle nostre vittorie&quot;<\/title>\n<meta name=\"description\" content=\"Ecco le impressioni dell&#039;ala forte ed ultimo innesto italo-brasiliano, nato ad Arezzo, della Redel Viola, Elias Donati\" \/>\n<meta name=\"robots\" content=\"index, follow, max-snippet:-1, max-image-preview:large, max-video-preview:-1\" \/>\n<link rel=\"canonical\" href=\"https:\/\/progettotouring.it\/radiotouring104\/2024\/08\/21\/redel-viola-donati-qui-per-fare-bene-e-contribuire-alle-nostre-vittorie\/\" \/>\n<meta property=\"og:locale\" content=\"it_IT\" \/>\n<meta property=\"og:type\" content=\"article\" \/>\n<meta property=\"og:title\" content=\"Viola, Donati: &quot;Qui per fare bene e contribuire alle nostre vittorie&quot;\" \/>\n<meta property=\"og:description\" content=\"Ecco le impressioni dell&#039;ala forte ed ultimo innesto italo-brasiliano, nato ad Arezzo, della Redel Viola, Elias Donati\" \/>\n<meta property=\"og:url\" content=\"https:\/\/progettotouring.it\/radiotouring104\/2024\/08\/21\/redel-viola-donati-qui-per-fare-bene-e-contribuire-alle-nostre-vittorie\/\" \/>\n<meta property=\"og:site_name\" content=\"Radio Touring 104\" \/>\n<meta property=\"article:published_time\" content=\"2024-08-21T09:02:09+00:00\" \/>\n<meta property=\"og:image\" content=\"https:\/\/progettotouring.it\/radiotouring104\/wp-content\/uploads\/sites\/6\/2024\/08\/Elias-Donati-Redel-Viola.jpg\" \/>\n\t<meta property=\"og:image:width\" content=\"300\" \/>\n\t<meta property=\"og:image:height\" content=\"219\" \/>\n\t<meta property=\"og:image:type\" content=\"image\/jpeg\" \/>\n<meta name=\"author\" content=\"Sebastiano Plutino\" \/>\n<meta name=\"twitter:card\" content=\"summary_large_image\" \/>\n<meta name=\"twitter:label1\" content=\"Scritto da\" \/>\n\t<meta name=\"twitter:data1\" content=\"Sebastiano Plutino\" \/>\n\t<meta name=\"twitter:label2\" content=\"Tempo di lettura stimato\" \/>\n\t<meta name=\"twitter:data2\" content=\"2 minuti\" \/>\n<script type=\"application\/ld+json\" class=\"yoast-schema-graph\">{\"@context\":\"https:\/\/schema.org\",\"@graph\":[{\"@type\":\"Article\",\"@id\":\"https:\/\/progettotouring.it\/radiotouring104\/2024\/08\/21\/redel-viola-donati-qui-per-fare-bene-e-contribuire-alle-nostre-vittorie\/#article\",\"isPartOf\":{\"@id\":\"https:\/\/progettotouring.it\/radiotouring104\/2024\/08\/21\/redel-viola-donati-qui-per-fare-bene-e-contribuire-alle-nostre-vittorie\/\"},\"author\":{\"name\":\"Sebastiano Plutino\",\"@id\":\"https:\/\/progettotouring.it\/radiotouring104\/#\/schema\/person\/78613917f1851f041f7483f5af1d422e\"},\"headline\":\"Redel Viola, Donati: &#8220;Qui per fare bene e contribuire alle nostre vittorie&#8221;\",\"datePublished\":\"2024-08-21T09:02:09+00:00\",\"mainEntityOfPage\":{\"@id\":\"https:\/\/progettotouring.it\/radiotouring104\/2024\/08\/21\/redel-viola-donati-qui-per-fare-bene-e-contribuire-alle-nostre-vittorie\/\"},\"wordCount\":447,\"publisher\":{\"@id\":\"https:\/\/progettotouring.it\/radiotouring104\/#organization\"},\"image\":{\"@id\":\"https:\/\/progettotouring.it\/radiotouring104\/2024\/08\/21\/redel-viola-donati-qui-per-fare-bene-e-contribuire-alle-nostre-vittorie\/#primaryimage\"},\"thumbnailUrl\":\"https:\/\/progettotouring.it\/radiotouring104\/wp-content\/uploads\/sites\/6\/2024\/08\/Elias-Donati-Redel-Viola.jpg\",\"keywords\":[\"\\\"Qui per fare bene e contribuire alle nostre vittorie\\\"\",\"ala forte\",\"Elias Donati\",\"Redel Viola\"],\"articleSection\":[\"News\",\"Reggio Calabria\",\"Sport\"],\"inLanguage\":\"it-IT\"},{\"@type\":\"WebPage\",\"@id\":\"https:\/\/progettotouring.it\/radiotouring104\/2024\/08\/21\/redel-viola-donati-qui-per-fare-bene-e-contribuire-alle-nostre-vittorie\/\",\"url\":\"https:\/\/progettotouring.it\/radiotouring104\/2024\/08\/21\/redel-viola-donati-qui-per-fare-bene-e-contribuire-alle-nostre-vittorie\/\",\"name\":\"Viola, Donati: \\\"Qui per fare bene e contribuire alle nostre vittorie\\\"\",\"isPartOf\":{\"@id\":\"https:\/\/progettotouring.it\/radiotouring104\/#website\"},\"primaryImageOfPage\":{\"@id\":\"https:\/\/progettotouring.it\/radiotouring104\/2024\/08\/21\/redel-viola-donati-qui-per-fare-bene-e-contribuire-alle-nostre-vittorie\/#primaryimage\"},\"image\":{\"@id\":\"https:\/\/progettotouring.it\/radiotouring104\/2024\/08\/21\/redel-viola-donati-qui-per-fare-bene-e-contribuire-alle-nostre-vittorie\/#primaryimage\"},\"thumbnailUrl\":\"https:\/\/progettotouring.it\/radiotouring104\/wp-content\/uploads\/sites\/6\/2024\/08\/Elias-Donati-Redel-Viola.jpg\",\"datePublished\":\"2024-08-21T09:02:09+00:00\",\"description\":\"Ecco le impressioni dell'ala forte ed ultimo innesto italo-brasiliano, nato ad Arezzo, della Redel Viola, Elias Donati\",\"breadcrumb\":{\"@id\":\"https:\/\/progettotouring.it\/radiotouring104\/2024\/08\/21\/redel-viola-donati-qui-per-fare-bene-e-contribuire-alle-nostre-vittorie\/#breadcrumb\"},\"inLanguage\":\"it-IT\",\"potentialAction\":[{\"@type\":\"ReadAction\",\"target\":[\"https:\/\/progettotouring.it\/radiotouring104\/2024\/08\/21\/redel-viola-donati-qui-per-fare-bene-e-contribuire-alle-nostre-vittorie\/\"]}]},{\"@type\":\"ImageObject\",\"inLanguage\":\"it-IT\",\"@id\":\"https:\/\/progettotouring.it\/radiotouring104\/2024\/08\/21\/redel-viola-donati-qui-per-fare-bene-e-contribuire-alle-nostre-vittorie\/#primaryimage\",\"url\":\"https:\/\/progettotouring.it\/radiotouring104\/wp-content\/uploads\/sites\/6\/2024\/08\/Elias-Donati-Redel-Viola.jpg\",\"contentUrl\":\"https:\/\/progettotouring.it\/radiotouring104\/wp-content\/uploads\/sites\/6\/2024\/08\/Elias-Donati-Redel-Viola.jpg\",\"width\":300,\"height\":219},{\"@type\":\"BreadcrumbList\",\"@id\":\"https:\/\/progettotouring.it\/radiotouring104\/2024\/08\/21\/redel-viola-donati-qui-per-fare-bene-e-contribuire-alle-nostre-vittorie\/#breadcrumb\",\"itemListElement\":[{\"@type\":\"ListItem\",\"position\":1,\"name\":\"Home\",\"item\":\"https:\/\/progettotouring.it\/radiotouring104\/\"},{\"@type\":\"ListItem\",\"position\":2,\"name\":\"Redel Viola, Donati: &#8220;Qui per fare bene e contribuire alle nostre vittorie&#8221;\"}]},{\"@type\":\"WebSite\",\"@id\":\"https:\/\/progettotouring.it\/radiotouring104\/#website\",\"url\":\"https:\/\/progettotouring.it\/radiotouring104\/\",\"name\":\"Radio Touring 104\",\"description\":\"La prima radio Reggina\",\"publisher\":{\"@id\":\"https:\/\/progettotouring.it\/radiotouring104\/#organization\"},\"potentialAction\":[{\"@type\":\"SearchAction\",\"target\":{\"@type\":\"EntryPoint\",\"urlTemplate\":\"https:\/\/progettotouring.it\/radiotouring104\/?s={search_term_string}\"},\"query-input\":{\"@type\":\"PropertyValueSpecification\",\"valueRequired\":true,\"valueName\":\"search_term_string\"}}],\"inLanguage\":\"it-IT\"},{\"@type\":\"Organization\",\"@id\":\"https:\/\/progettotouring.it\/radiotouring104\/#organization\",\"name\":\"Radio Touring 104\",\"url\":\"https:\/\/progettotouring.it\/radiotouring104\/\",\"logo\":{\"@type\":\"ImageObject\",\"inLanguage\":\"it-IT\",\"@id\":\"https:\/\/progettotouring.it\/radiotouring104\/#\/schema\/logo\/image\/\",\"url\":\"https:\/\/progettotouring.it\/radiotouring104\/wp-content\/uploads\/sites\/6\/2022\/02\/cropped-logo-radio-touring-104.png\",\"contentUrl\":\"https:\/\/progettotouring.it\/radiotouring104\/wp-content\/uploads\/sites\/6\/2022\/02\/cropped-logo-radio-touring-104.png\",\"width\":377,\"height\":182,\"caption\":\"Radio Touring 104\"},\"image\":{\"@id\":\"https:\/\/progettotouring.it\/radiotouring104\/#\/schema\/logo\/image\/\"}},{\"@type\":\"Person\",\"@id\":\"https:\/\/progettotouring.it\/radiotouring104\/#\/schema\/person\/78613917f1851f041f7483f5af1d422e\",\"name\":\"Sebastiano Plutino\",\"image\":{\"@type\":\"ImageObject\",\"inLanguage\":\"it-IT\",\"@id\":\"https:\/\/secure.gravatar.com\/avatar\/0546ffaa9b79224faf9f2a156b67a529ae861d3287c66c1d8ccfdf909bcba78d?s=96&d=mm&r=g\",\"url\":\"https:\/\/secure.gravatar.com\/avatar\/0546ffaa9b79224faf9f2a156b67a529ae861d3287c66c1d8ccfdf909bcba78d?s=96&d=mm&r=g\",\"contentUrl\":\"https:\/\/secure.gravatar.com\/avatar\/0546ffaa9b79224faf9f2a156b67a529ae861d3287c66c1d8ccfdf909bcba78d?s=96&d=mm&r=g\",\"caption\":\"Sebastiano Plutino\"},\"url\":\"https:\/\/progettotouring.it\/radiotouring104\/author\/sebastiano\/\"}]}<\/script>\n<!-- \/ Yoast SEO plugin. -->","yoast_head_json":{"title":"Viola, Donati: \"Qui per fare bene e contribuire alle nostre vittorie\"","description":"Ecco le impressioni dell'ala forte ed ultimo innesto italo-brasiliano, nato ad Arezzo, della Redel Viola, Elias Donati","robots":{"index":"index","follow":"follow","max-snippet":"max-snippet:-1","max-image-preview":"max-image-preview:large","max-video-preview":"max-video-preview:-1"},"canonical":"https:\/\/progettotouring.it\/radiotouring104\/2024\/08\/21\/redel-viola-donati-qui-per-fare-bene-e-contribuire-alle-nostre-vittorie\/","og_locale":"it_IT","og_type":"article","og_title":"Viola, Donati: \"Qui per fare bene e contribuire alle nostre vittorie\"","og_description":"Ecco le impressioni dell'ala forte ed ultimo innesto italo-brasiliano, nato ad Arezzo, della Redel Viola, Elias Donati","og_url":"https:\/\/progettotouring.it\/radiotouring104\/2024\/08\/21\/redel-viola-donati-qui-per-fare-bene-e-contribuire-alle-nostre-vittorie\/","og_site_name":"Radio Touring 104","article_published_time":"2024-08-21T09:02:09+00:00","og_image":[{"width":300,"height":219,"url":"https:\/\/progettotouring.it\/radiotouring104\/wp-content\/uploads\/sites\/6\/2024\/08\/Elias-Donati-Redel-Viola.jpg","type":"image\/jpeg"}],"author":"Sebastiano Plutino","twitter_card":"summary_large_image","twitter_misc":{"Scritto da":"Sebastiano Plutino","Tempo di lettura stimato":"2 minuti"},"schema":{"@context":"https:\/\/schema.org","@graph":[{"@type":"Article","@id":"https:\/\/progettotouring.it\/radiotouring104\/2024\/08\/21\/redel-viola-donati-qui-per-fare-bene-e-contribuire-alle-nostre-vittorie\/#article","isPartOf":{"@id":"https:\/\/progettotouring.it\/radiotouring104\/2024\/08\/21\/redel-viola-donati-qui-per-fare-bene-e-contribuire-alle-nostre-vittorie\/"},"author":{"name":"Sebastiano Plutino","@id":"https:\/\/progettotouring.it\/radiotouring104\/#\/schema\/person\/78613917f1851f041f7483f5af1d422e"},"headline":"Redel Viola, Donati: &#8220;Qui per fare bene e contribuire alle nostre vittorie&#8221;","datePublished":"2024-08-21T09:02:09+00:00","mainEntityOfPage":{"@id":"https:\/\/progettotouring.it\/radiotouring104\/2024\/08\/21\/redel-viola-donati-qui-per-fare-bene-e-contribuire-alle-nostre-vittorie\/"},"wordCount":447,"publisher":{"@id":"https:\/\/progettotouring.it\/radiotouring104\/#organization"},"image":{"@id":"https:\/\/progettotouring.it\/radiotouring104\/2024\/08\/21\/redel-viola-donati-qui-per-fare-bene-e-contribuire-alle-nostre-vittorie\/#primaryimage"},"thumbnailUrl":"https:\/\/progettotouring.it\/radiotouring104\/wp-content\/uploads\/sites\/6\/2024\/08\/Elias-Donati-Redel-Viola.jpg","keywords":["\"Qui per fare bene e contribuire alle nostre vittorie\"","ala forte","Elias Donati","Redel Viola"],"articleSection":["News","Reggio Calabria","Sport"],"inLanguage":"it-IT"},{"@type":"WebPage","@id":"https:\/\/progettotouring.it\/radiotouring104\/2024\/08\/21\/redel-viola-donati-qui-per-fare-bene-e-contribuire-alle-nostre-vittorie\/","url":"https:\/\/progettotouring.it\/radiotouring104\/2024\/08\/21\/redel-viola-donati-qui-per-fare-bene-e-contribuire-alle-nostre-vittorie\/","name":"Viola, Donati: \"Qui per fare bene e contribuire alle nostre vittorie\"","isPartOf":{"@id":"https:\/\/progettotouring.it\/radiotouring104\/#website"},"primaryImageOfPage":{"@id":"https:\/\/progettotouring.it\/radiotouring104\/2024\/08\/21\/redel-viola-donati-qui-per-fare-bene-e-contribuire-alle-nostre-vittorie\/#primaryimage"},"image":{"@id":"https:\/\/progettotouring.it\/radiotouring104\/2024\/08\/21\/redel-viola-donati-qui-per-fare-bene-e-contribuire-alle-nostre-vittorie\/#primaryimage"},"thumbnailUrl":"https:\/\/progettotouring.it\/radiotouring104\/wp-content\/uploads\/sites\/6\/2024\/08\/Elias-Donati-Redel-Viola.jpg","datePublished":"2024-08-21T09:02:09+00:00","description":"Ecco le impressioni dell'ala forte ed ultimo innesto italo-brasiliano, nato ad Arezzo, della Redel Viola, Elias Donati","breadcrumb":{"@id":"https:\/\/progettotouring.it\/radiotouring104\/2024\/08\/21\/redel-viola-donati-qui-per-fare-bene-e-contribuire-alle-nostre-vittorie\/#breadcrumb"},"inLanguage":"it-IT","potentialAction":[{"@type":"ReadAction","target":["https:\/\/progettotouring.it\/radiotouring104\/2024\/08\/21\/redel-viola-donati-qui-per-fare-bene-e-contribuire-alle-nostre-vittorie\/"]}]},{"@type":"ImageObject","inLanguage":"it-IT","@id":"https:\/\/progettotouring.it\/radiotouring104\/2024\/08\/21\/redel-viola-donati-qui-per-fare-bene-e-contribuire-alle-nostre-vittorie\/#primaryimage","url":"https:\/\/progettotouring.it\/radiotouring104\/wp-content\/uploads\/sites\/6\/2024\/08\/Elias-Donati-Redel-Viola.jpg","contentUrl":"https:\/\/progettotouring.it\/radiotouring104\/wp-content\/uploads\/sites\/6\/2024\/08\/Elias-Donati-Redel-Viola.jpg","width":300,"height":219},{"@type":"BreadcrumbList","@id":"https:\/\/progettotouring.it\/radiotouring104\/2024\/08\/21\/redel-viola-donati-qui-per-fare-bene-e-contribuire-alle-nostre-vittorie\/#breadcrumb","itemListElement":[{"@type":"ListItem","position":1,"name":"Home","item":"https:\/\/progettotouring.it\/radiotouring104\/"},{"@type":"ListItem","position":2,"name":"Redel Viola, Donati: &#8220;Qui per fare bene e contribuire alle nostre vittorie&#8221;"}]},{"@type":"WebSite","@id":"https:\/\/progettotouring.it\/radiotouring104\/#website","url":"https:\/\/progettotouring.it\/radiotouring104\/","name":"Radio Touring 104","description":"La prima radio Reggina","publisher":{"@id":"https:\/\/progettotouring.it\/radiotouring104\/#organization"},"potentialAction":[{"@type":"SearchAction","target":{"@type":"EntryPoint","urlTemplate":"https:\/\/progettotouring.it\/radiotouring104\/?s={search_term_string}"},"query-input":{"@type":"PropertyValueSpecification","valueRequired":true,"valueName":"search_term_string"}}],"inLanguage":"it-IT"},{"@type":"Organization","@id":"https:\/\/progettotouring.it\/radiotouring104\/#organization","name":"Radio Touring 104","url":"https:\/\/progettotouring.it\/radiotouring104\/","logo":{"@type":"ImageObject","inLanguage":"it-IT","@id":"https:\/\/progettotouring.it\/radiotouring104\/#\/schema\/logo\/image\/","url":"https:\/\/progettotouring.it\/radiotouring104\/wp-content\/uploads\/sites\/6\/2022\/02\/cropped-logo-radio-touring-104.png","contentUrl":"https:\/\/progettotouring.it\/radiotouring104\/wp-content\/uploads\/sites\/6\/2022\/02\/cropped-logo-radio-touring-104.png","width":377,"height":182,"caption":"Radio Touring 104"},"image":{"@id":"https:\/\/progettotouring.it\/radiotouring104\/#\/schema\/logo\/image\/"}},{"@type":"Person","@id":"https:\/\/progettotouring.it\/radiotouring104\/#\/schema\/person\/78613917f1851f041f7483f5af1d422e","name":"Sebastiano Plutino","image":{"@type":"ImageObject","inLanguage":"it-IT","@id":"https:\/\/secure.gravatar.com\/avatar\/0546ffaa9b79224faf9f2a156b67a529ae861d3287c66c1d8ccfdf909bcba78d?s=96&d=mm&r=g","url":"https:\/\/secure.gravatar.com\/avatar\/0546ffaa9b79224faf9f2a156b67a529ae861d3287c66c1d8ccfdf909bcba78d?s=96&d=mm&r=g","contentUrl":"https:\/\/secure.gravatar.com\/avatar\/0546ffaa9b79224faf9f2a156b67a529ae861d3287c66c1d8ccfdf909bcba78d?s=96&d=mm&r=g","caption":"Sebastiano Plutino"},"url":"https:\/\/progettotouring.it\/radiotouring104\/author\/sebastiano\/"}]}},"jetpack_publicize_connections":[],"jetpack_featured_media_url":"https:\/\/progettotouring.it\/radiotouring104\/wp-content\/uploads\/sites\/6\/2024\/08\/Elias-Donati-Redel-Viola.jpg","jetpack_sharing_enabled":true,"_links":{"self":[{"href":"https:\/\/progettotouring.it\/radiotouring104\/wp-json\/wp\/v2\/posts\/56716","targetHints":{"allow":["GET"]}}],"collection":[{"href":"https:\/\/progettotouring.it\/radiotouring104\/wp-json\/wp\/v2\/posts"}],"about":[{"href":"https:\/\/progettotouring.it\/radiotouring104\/wp-json\/wp\/v2\/types\/post"}],"author":[{"embeddable":true,"href":"https:\/\/progettotouring.it\/radiotouring104\/wp-json\/wp\/v2\/users\/12"}],"replies":[{"embeddable":true,"href":"https:\/\/progettotouring.it\/radiotouring104\/wp-json\/wp\/v2\/comments?post=56716"}],"version-history":[{"count":1,"href":"https:\/\/progettotouring.it\/radiotouring104\/wp-json\/wp\/v2\/posts\/56716\/revisions"}],"predecessor-version":[{"id":56718,"href":"https:\/\/progettotouring.it\/radiotouring104\/wp-json\/wp\/v2\/posts\/56716\/revisions\/56718"}],"wp:featuredmedia":[{"embeddable":true,"href":"https:\/\/progettotouring.it\/radiotouring104\/wp-json\/wp\/v2\/media\/56717"}],"wp:attachment":[{"href":"https:\/\/progettotouring.it\/radiotouring104\/wp-json\/wp\/v2\/media?parent=56716"}],"wp:term":[{"taxonomy":"category","embeddable":true,"href":"https:\/\/progettotouring.it\/radiotouring104\/wp-json\/wp\/v2\/categories?post=56716"},{"taxonomy":"post_tag","embeddable":true,"href":"https:\/\/progettotouring.it\/radiotouring104\/wp-json\/wp\/v2\/tags?post=56716"}],"curies":[{"name":"wp","href":"https:\/\/api.w.org\/{rel}","templated":true}]}}