{"id":56719,"date":"2024-08-21T11:22:17","date_gmt":"2024-08-21T09:22:17","guid":{"rendered":"https:\/\/progettotouring.it\/radiotouring104\/?p=56719"},"modified":"2024-08-21T11:33:21","modified_gmt":"2024-08-21T09:33:21","slug":"reggio-countdown-per-la-1-edizione-del-favazzina-lemon-fest","status":"publish","type":"post","link":"https:\/\/progettotouring.it\/radiotouring104\/2024\/08\/21\/reggio-countdown-per-la-1-edizione-del-favazzina-lemon-fest\/","title":{"rendered":"Reggio: countdown per la 1\u00b0 edizione del \u201cFavazzina Lemon FEST\u201d"},"content":{"rendered":"<div dir=\"auto\" style=\"text-align: justify\">Il<em> &#8216;Favazzina Lemon Fest<strong>&#8216;<\/strong><\/em><strong> \u00e9 una manifestazione artistico-culturale<\/strong> che vuole rappresentare un motivo di<strong> richiamo per turisti<\/strong> e pubblico locale offrendo l\u2019occasione per animare e <strong>far rivivere il piccolo borgo costiero di Favazzina di Scilla<\/strong>, ormai da decenni abbandonato dalle amministrazioni ma che riesce ad attrarre amanti del mare e della natura da ogni parte del mondo.<\/div>\n<div dir=\"auto\" style=\"text-align: justify\"><\/div>\n<div dir=\"auto\" style=\"text-align: justify\"><strong>L\u2019evento,<\/strong> patrocinato dal Comune di Scilla,<strong> \u00e8 stato ideato<\/strong> e organizzato da <strong>Carmen Santagati<\/strong> e <strong>David Murolo<\/strong> con la collaborazione gratuita dell\u2019Accademia delle Belle Arti di Reggio Calabria, del Conservatorio F. Cilea, dell\u2019Orchestra a Plettro Citt\u00e0 di Reggio Calabria di <strong>Alessandro Calcaramo<\/strong>, di<a href=\"http:\/\/strill.it\/\" target=\"_blank\" rel=\"noopener noreferrer\">\u00a0Strill.it\u00a0<\/a>di<strong> Raffaele Mortelliti, di Rosario Previtera<\/strong> EU Climate Pact Ambassador agronomo che si occupa del limone sfusato di Favazzina dal 2010 e della Camera di Commercio di Reggio Calabria. Tanti anche gli enti e le associazioni di categoria che patrocinano il festival e saranno presenti al tavolo tecnico sulla <em>\u201cBiodiversit\u00e0 ed identit\u00e0 della Costa Viola\u201d<\/em> che<strong> si terr\u00e0 sabato 31 agosto:<\/strong> dal Consiglio Regionale della Calabria alla Citt\u00e0 Metropolitana, a Confcommercio, Confesercenti, Confartigianato, Confagricoltura, Gal Batir.<\/div>\n<div dir=\"auto\" style=\"text-align: justify\"><\/div>\n<div dir=\"auto\" style=\"text-align: justify\"><strong>Non mancheranno inoltre gli interventi<\/strong> dei Presidenti del Comitato Salviamo Favazzina e dell\u2019Associazione A.L.GIO. di Solano di Scilla perch\u00e9 lo scopo dell\u2019evento \u00e8 anche quello di fare rete per valorizzare l\u2019intero territorio comunale caratterizzato da peculiarit\u00e0 straordinarie mare-monti purtroppo ancora poco conosciute.<\/div>\n<div dir=\"auto\" style=\"text-align: justify\"><\/div>\n<div dir=\"auto\" style=\"text-align: justify\"><em>\u201cPromuovere l\u2019ambiente costiero parlando di produzioni agricole locali come quella dello \u201cSfusato di Favazzina\u201d prezioso e raro frutto a rischio di estinzione coltivato tra le \u201carmacie\u201d \u00e8 una sfida che ci siamo posti per realizzare delle esperienze open-air e in-site divulgative, artistiche e creative destinate alla collettivit\u00e0 e opinion leader per ri-scoprire e promuovere il patrimonio ambientale locale valorizzando al contempo la filiera imprenditoriale agricola e di ristorazione in modo sostenibile. Per riuscirci ci serve l\u2019aiuto di tutti quelli che amano questi luoghi e che credono nell\u2019importanza di uno sviluppo sostenibile basato sulla biodiversit\u00e0 per questo chiediamo una grande partecipazione della gente con cui condividere proposte e progetti\u201d<\/em><strong> afferma in una nota David Murolo, co-ideatore dell&#8217;evento.<\/strong><\/div>\n<div dir=\"auto\" style=\"text-align: justify\"><\/div>\n<div dir=\"auto\" style=\"text-align: justify\"><em>\u201cIl Favazzina Lemon Fest \u00e8 un\u2019idea nata parlando di progettualit\u00e1 per evitare la fuga dei giovani dal Sud, delle bellezze del nostro territorio e delle potenzialit\u00e0 inespresse che potrebbero invece rappresentare un volano economico per tutta la comunit\u00e0 oltre che diventare attrattori per players internazionali costruendo una innovativa campagna di marketing territoriale forti anche dell\u2019ingente flusso turistico straniero in arrivo all\u2019aeroporto dello Stretto. Da qui subito l&#8217;attenzione \u00e8 andata sul \u201cLimone sfusato\u201d prodotto eroico al pari dei vitigni terrazzati, abbandonato alle nostre latitudini ma diventato brand territoriale estremamente redditizio nella costiera amalfitana. Questo progetto pertanto &#8211; con una prima edizione organizzata in pochissimi giorni con la collaborazione gratuita di tanti illustri esponenti locali che credono fermamente nelle potenzialit\u00e0 ancora inespresse di Favazzina e Scilla &#8211; vuole porre le basi per diventare un vero e proprio evento multidisciplinare a cadenza annuale in un luogo che intende puntare sulla salvaguardia e sulla valorizzazione delle tradizioni agrumarie di qualit\u00e0 di cui la Calabria e il Sud Italia sono custodi\u201d<\/em> <strong>conclude Carmen Santagati, co-ideatrice dell&#8217;evento.<\/strong><\/div>\n<div dir=\"auto\"><\/div>\n<div dir=\"auto\">Ecco il programma dettagliato dell&#8217;evento:<\/div>\n<div dir=\"auto\"><\/div>\n<div dir=\"auto\"><strong>Giovedi 29 agosto ore 21.00<\/strong> &#8211;<em> &#8220;Orchestra a plettro Citt\u00e0 di Reggio Calabria&#8221; <\/em>di<strong> Alessandro Calcaramo<\/strong><\/div>\n<div dir=\"auto\"><strong>Venerdi 30 agosto ore 21.00<\/strong> &#8211;<em> Quartetto di clarinetti &#8220;Chalumeaux&#8221;<\/em> <strong>del Conservatorio F. Cilea<\/strong><br \/>\n<strong>Sabato 31 agosto ore 21.00<\/strong> &#8211; Tavola rotonda: Biodiversit\u00e0 e identit\u00e0 della Costa Viola: il limone sfusato di Favazzina<\/div>\n<div dir=\"auto\"><\/div>\n<div dir=\"auto\">Saluti Istituzionali della Commissione Straordinaria del Comune di Scilla<\/div>\n<div dir=\"auto\"><\/div>\n<div dir=\"auto\">Interventi<\/div>\n<div dir=\"auto\"><\/div>\n<div dir=\"auto\"><strong>Filippo Mancuso<\/strong>, Presidente Consiglio Regionale della Calabria<br \/>\n<strong>Giuseppe Marino,<\/strong> Consigliere Citt\u00e0 Metropolitana di Reggio Calabria<br \/>\n<strong>Antonino Tramontana<\/strong>, Presidente Camera di Commercio RC<\/div>\n<div dir=\"auto\"><strong>Angelo Politi,<\/strong> Direttore Regionale Confagricoltura Calabria<\/div>\n<div dir=\"auto\"><strong>Claudio Aloisio,<\/strong> Presidente Confesercenti RC<\/div>\n<div dir=\"auto\"><strong>Lorenzo Labate,<\/strong> Presidente Confcommercio RC<br \/>\n<strong>Emanuele Antonio Oliveri,<\/strong> Presidente GAL Batir Eduardo Lamberti-Castronuovo, Presidente Comitato Salviamo Favazzina<br \/>\n<strong>Piero Sacchetti<\/strong>, Direttore Accademia di Belle Arti RC<br \/>\n<strong>Rosario Previtera,<\/strong> Agronomo &#8211; EU Climate Pact Ambassador<br \/>\nCoordina:<strong> Carmen Santagati<\/strong><br \/>\nModera: <strong>Raffaele Mortelliti,<\/strong> Strill.it<\/p>\n<\/div>\n<div dir=\"auto\"><\/div>\n<div dir=\"auto\"><\/div>\n","protected":false},"excerpt":{"rendered":"<p>Il &#8216;Favazzina Lemon Fest&#8216; \u00e9 una manifestazione artistico-culturale che vuole rappresentare un motivo di richiamo per turisti e pubblico locale offrendo l\u2019occasione per animare e far rivivere il piccolo borgo&hellip;<\/p>\n","protected":false},"author":12,"featured_media":56720,"comment_status":"closed","ping_status":"open","sticky":false,"template":"","format":"standard","meta":{"_jetpack_memberships_contains_paid_content":false,"footnotes":"","jetpack_publicize_message":"","jetpack_publicize_feature_enabled":true,"jetpack_social_post_already_shared":false,"jetpack_social_options":{"image_generator_settings":{"template":"highway","default_image_id":0,"font":"","enabled":false},"version":2}},"categories":[921,196,140],"tags":[34864,34866,26572,34865,4692,26056],"class_list":["post-56719","post","type-post","status-publish","format-standard","has-post-thumbnail","hentry","category-home","category-news","category-reggio-calabria","tag-favazzina-lemon-fest","tag-carmen-santagati","tag-david-murolo","tag-favazzina-di-scilla","tag-raffaele-mortelliti","tag-rosario-previtera"],"yoast_head":"<!-- This site is optimized with the Yoast SEO plugin v27.2 - https:\/\/yoast.com\/product\/yoast-seo-wordpress\/ -->\n<title>Reggio: countdown per la 1\u00b0 edizione del \u201cFavazzina Lemon FEST\u201d<\/title>\n<meta name=\"description\" content=\"L&#039;evento di promozione turistica che si pone come obiettivo di far rivivere il borgo di Favazzina di Scilla, si svolger\u00e0 dal 29 al 31 agosto\" \/>\n<meta name=\"robots\" content=\"index, follow, max-snippet:-1, max-image-preview:large, max-video-preview:-1\" \/>\n<link rel=\"canonical\" href=\"https:\/\/progettotouring.it\/radiotouring104\/2024\/08\/21\/reggio-countdown-per-la-1-edizione-del-favazzina-lemon-fest\/\" \/>\n<meta property=\"og:locale\" content=\"it_IT\" \/>\n<meta property=\"og:type\" content=\"article\" \/>\n<meta property=\"og:title\" content=\"Reggio: countdown per la 1\u00b0 edizione del \u201cFavazzina Lemon FEST\u201d\" \/>\n<meta property=\"og:description\" content=\"L&#039;evento di promozione turistica che si pone come obiettivo di far rivivere il borgo di Favazzina di Scilla, si svolger\u00e0 dal 29 al 31 agosto\" \/>\n<meta property=\"og:url\" content=\"https:\/\/progettotouring.it\/radiotouring104\/2024\/08\/21\/reggio-countdown-per-la-1-edizione-del-favazzina-lemon-fest\/\" \/>\n<meta property=\"og:site_name\" content=\"Radio Touring 104\" \/>\n<meta property=\"article:published_time\" content=\"2024-08-21T09:22:17+00:00\" \/>\n<meta property=\"article:modified_time\" content=\"2024-08-21T09:33:21+00:00\" \/>\n<meta property=\"og:image\" content=\"https:\/\/progettotouring.it\/radiotouring104\/wp-content\/uploads\/sites\/6\/2024\/08\/Favazzina-Lemon-Fest.jpg\" \/>\n\t<meta property=\"og:image:width\" content=\"1133\" \/>\n\t<meta property=\"og:image:height\" content=\"1600\" \/>\n\t<meta property=\"og:image:type\" content=\"image\/jpeg\" \/>\n<meta name=\"author\" content=\"Sebastiano Plutino\" \/>\n<meta name=\"twitter:card\" content=\"summary_large_image\" \/>\n<meta name=\"twitter:label1\" content=\"Scritto da\" \/>\n\t<meta name=\"twitter:data1\" content=\"Sebastiano Plutino\" \/>\n\t<meta name=\"twitter:label2\" content=\"Tempo di lettura stimato\" \/>\n\t<meta name=\"twitter:data2\" content=\"3 minuti\" \/>\n<script type=\"application\/ld+json\" class=\"yoast-schema-graph\">{\"@context\":\"https:\/\/schema.org\",\"@graph\":[{\"@type\":\"Article\",\"@id\":\"https:\/\/progettotouring.it\/radiotouring104\/2024\/08\/21\/reggio-countdown-per-la-1-edizione-del-favazzina-lemon-fest\/#article\",\"isPartOf\":{\"@id\":\"https:\/\/progettotouring.it\/radiotouring104\/2024\/08\/21\/reggio-countdown-per-la-1-edizione-del-favazzina-lemon-fest\/\"},\"author\":{\"name\":\"Sebastiano Plutino\",\"@id\":\"https:\/\/progettotouring.it\/radiotouring104\/#\/schema\/person\/78613917f1851f041f7483f5af1d422e\"},\"headline\":\"Reggio: countdown per la 1\u00b0 edizione del \u201cFavazzina Lemon FEST\u201d\",\"datePublished\":\"2024-08-21T09:22:17+00:00\",\"dateModified\":\"2024-08-21T09:33:21+00:00\",\"mainEntityOfPage\":{\"@id\":\"https:\/\/progettotouring.it\/radiotouring104\/2024\/08\/21\/reggio-countdown-per-la-1-edizione-del-favazzina-lemon-fest\/\"},\"wordCount\":655,\"publisher\":{\"@id\":\"https:\/\/progettotouring.it\/radiotouring104\/#organization\"},\"image\":{\"@id\":\"https:\/\/progettotouring.it\/radiotouring104\/2024\/08\/21\/reggio-countdown-per-la-1-edizione-del-favazzina-lemon-fest\/#primaryimage\"},\"thumbnailUrl\":\"https:\/\/progettotouring.it\/radiotouring104\/wp-content\/uploads\/sites\/6\/2024\/08\/Favazzina-Lemon-Fest.jpg\",\"keywords\":[\"\u201cFavazzina Lemon FEST\u201d\",\"Carmen Santagati\",\"david murolo\",\"Favazzina di Scilla\",\"raffaele mortelliti\",\"Rosario Previtera\"],\"articleSection\":[\"Home\",\"News\",\"Reggio Calabria\"],\"inLanguage\":\"it-IT\"},{\"@type\":\"WebPage\",\"@id\":\"https:\/\/progettotouring.it\/radiotouring104\/2024\/08\/21\/reggio-countdown-per-la-1-edizione-del-favazzina-lemon-fest\/\",\"url\":\"https:\/\/progettotouring.it\/radiotouring104\/2024\/08\/21\/reggio-countdown-per-la-1-edizione-del-favazzina-lemon-fest\/\",\"name\":\"Reggio: countdown per la 1\u00b0 edizione del \u201cFavazzina Lemon FEST\u201d\",\"isPartOf\":{\"@id\":\"https:\/\/progettotouring.it\/radiotouring104\/#website\"},\"primaryImageOfPage\":{\"@id\":\"https:\/\/progettotouring.it\/radiotouring104\/2024\/08\/21\/reggio-countdown-per-la-1-edizione-del-favazzina-lemon-fest\/#primaryimage\"},\"image\":{\"@id\":\"https:\/\/progettotouring.it\/radiotouring104\/2024\/08\/21\/reggio-countdown-per-la-1-edizione-del-favazzina-lemon-fest\/#primaryimage\"},\"thumbnailUrl\":\"https:\/\/progettotouring.it\/radiotouring104\/wp-content\/uploads\/sites\/6\/2024\/08\/Favazzina-Lemon-Fest.jpg\",\"datePublished\":\"2024-08-21T09:22:17+00:00\",\"dateModified\":\"2024-08-21T09:33:21+00:00\",\"description\":\"L'evento di promozione turistica che si pone come obiettivo di far rivivere il borgo di Favazzina di Scilla, si svolger\u00e0 dal 29 al 31 agosto\",\"breadcrumb\":{\"@id\":\"https:\/\/progettotouring.it\/radiotouring104\/2024\/08\/21\/reggio-countdown-per-la-1-edizione-del-favazzina-lemon-fest\/#breadcrumb\"},\"inLanguage\":\"it-IT\",\"potentialAction\":[{\"@type\":\"ReadAction\",\"target\":[\"https:\/\/progettotouring.it\/radiotouring104\/2024\/08\/21\/reggio-countdown-per-la-1-edizione-del-favazzina-lemon-fest\/\"]}]},{\"@type\":\"ImageObject\",\"inLanguage\":\"it-IT\",\"@id\":\"https:\/\/progettotouring.it\/radiotouring104\/2024\/08\/21\/reggio-countdown-per-la-1-edizione-del-favazzina-lemon-fest\/#primaryimage\",\"url\":\"https:\/\/progettotouring.it\/radiotouring104\/wp-content\/uploads\/sites\/6\/2024\/08\/Favazzina-Lemon-Fest.jpg\",\"contentUrl\":\"https:\/\/progettotouring.it\/radiotouring104\/wp-content\/uploads\/sites\/6\/2024\/08\/Favazzina-Lemon-Fest.jpg\",\"width\":1133,\"height\":1600},{\"@type\":\"BreadcrumbList\",\"@id\":\"https:\/\/progettotouring.it\/radiotouring104\/2024\/08\/21\/reggio-countdown-per-la-1-edizione-del-favazzina-lemon-fest\/#breadcrumb\",\"itemListElement\":[{\"@type\":\"ListItem\",\"position\":1,\"name\":\"Home\",\"item\":\"https:\/\/progettotouring.it\/radiotouring104\/\"},{\"@type\":\"ListItem\",\"position\":2,\"name\":\"Reggio: countdown per la 1\u00b0 edizione del \u201cFavazzina Lemon FEST\u201d\"}]},{\"@type\":\"WebSite\",\"@id\":\"https:\/\/progettotouring.it\/radiotouring104\/#website\",\"url\":\"https:\/\/progettotouring.it\/radiotouring104\/\",\"name\":\"Radio Touring 104\",\"description\":\"La prima radio Reggina\",\"publisher\":{\"@id\":\"https:\/\/progettotouring.it\/radiotouring104\/#organization\"},\"potentialAction\":[{\"@type\":\"SearchAction\",\"target\":{\"@type\":\"EntryPoint\",\"urlTemplate\":\"https:\/\/progettotouring.it\/radiotouring104\/?s={search_term_string}\"},\"query-input\":{\"@type\":\"PropertyValueSpecification\",\"valueRequired\":true,\"valueName\":\"search_term_string\"}}],\"inLanguage\":\"it-IT\"},{\"@type\":\"Organization\",\"@id\":\"https:\/\/progettotouring.it\/radiotouring104\/#organization\",\"name\":\"Radio Touring 104\",\"url\":\"https:\/\/progettotouring.it\/radiotouring104\/\",\"logo\":{\"@type\":\"ImageObject\",\"inLanguage\":\"it-IT\",\"@id\":\"https:\/\/progettotouring.it\/radiotouring104\/#\/schema\/logo\/image\/\",\"url\":\"https:\/\/progettotouring.it\/radiotouring104\/wp-content\/uploads\/sites\/6\/2022\/02\/cropped-logo-radio-touring-104.png\",\"contentUrl\":\"https:\/\/progettotouring.it\/radiotouring104\/wp-content\/uploads\/sites\/6\/2022\/02\/cropped-logo-radio-touring-104.png\",\"width\":377,\"height\":182,\"caption\":\"Radio Touring 104\"},\"image\":{\"@id\":\"https:\/\/progettotouring.it\/radiotouring104\/#\/schema\/logo\/image\/\"}},{\"@type\":\"Person\",\"@id\":\"https:\/\/progettotouring.it\/radiotouring104\/#\/schema\/person\/78613917f1851f041f7483f5af1d422e\",\"name\":\"Sebastiano Plutino\",\"image\":{\"@type\":\"ImageObject\",\"inLanguage\":\"it-IT\",\"@id\":\"https:\/\/secure.gravatar.com\/avatar\/0546ffaa9b79224faf9f2a156b67a529ae861d3287c66c1d8ccfdf909bcba78d?s=96&d=mm&r=g\",\"url\":\"https:\/\/secure.gravatar.com\/avatar\/0546ffaa9b79224faf9f2a156b67a529ae861d3287c66c1d8ccfdf909bcba78d?s=96&d=mm&r=g\",\"contentUrl\":\"https:\/\/secure.gravatar.com\/avatar\/0546ffaa9b79224faf9f2a156b67a529ae861d3287c66c1d8ccfdf909bcba78d?s=96&d=mm&r=g\",\"caption\":\"Sebastiano Plutino\"},\"url\":\"https:\/\/progettotouring.it\/radiotouring104\/author\/sebastiano\/\"}]}<\/script>\n<!-- \/ Yoast SEO plugin. -->","yoast_head_json":{"title":"Reggio: countdown per la 1\u00b0 edizione del \u201cFavazzina Lemon FEST\u201d","description":"L'evento di promozione turistica che si pone come obiettivo di far rivivere il borgo di Favazzina di Scilla, si svolger\u00e0 dal 29 al 31 agosto","robots":{"index":"index","follow":"follow","max-snippet":"max-snippet:-1","max-image-preview":"max-image-preview:large","max-video-preview":"max-video-preview:-1"},"canonical":"https:\/\/progettotouring.it\/radiotouring104\/2024\/08\/21\/reggio-countdown-per-la-1-edizione-del-favazzina-lemon-fest\/","og_locale":"it_IT","og_type":"article","og_title":"Reggio: countdown per la 1\u00b0 edizione del \u201cFavazzina Lemon FEST\u201d","og_description":"L'evento di promozione turistica che si pone come obiettivo di far rivivere il borgo di Favazzina di Scilla, si svolger\u00e0 dal 29 al 31 agosto","og_url":"https:\/\/progettotouring.it\/radiotouring104\/2024\/08\/21\/reggio-countdown-per-la-1-edizione-del-favazzina-lemon-fest\/","og_site_name":"Radio Touring 104","article_published_time":"2024-08-21T09:22:17+00:00","article_modified_time":"2024-08-21T09:33:21+00:00","og_image":[{"width":1133,"height":1600,"url":"https:\/\/progettotouring.it\/radiotouring104\/wp-content\/uploads\/sites\/6\/2024\/08\/Favazzina-Lemon-Fest.jpg","type":"image\/jpeg"}],"author":"Sebastiano Plutino","twitter_card":"summary_large_image","twitter_misc":{"Scritto da":"Sebastiano Plutino","Tempo di lettura stimato":"3 minuti"},"schema":{"@context":"https:\/\/schema.org","@graph":[{"@type":"Article","@id":"https:\/\/progettotouring.it\/radiotouring104\/2024\/08\/21\/reggio-countdown-per-la-1-edizione-del-favazzina-lemon-fest\/#article","isPartOf":{"@id":"https:\/\/progettotouring.it\/radiotouring104\/2024\/08\/21\/reggio-countdown-per-la-1-edizione-del-favazzina-lemon-fest\/"},"author":{"name":"Sebastiano Plutino","@id":"https:\/\/progettotouring.it\/radiotouring104\/#\/schema\/person\/78613917f1851f041f7483f5af1d422e"},"headline":"Reggio: countdown per la 1\u00b0 edizione del \u201cFavazzina Lemon FEST\u201d","datePublished":"2024-08-21T09:22:17+00:00","dateModified":"2024-08-21T09:33:21+00:00","mainEntityOfPage":{"@id":"https:\/\/progettotouring.it\/radiotouring104\/2024\/08\/21\/reggio-countdown-per-la-1-edizione-del-favazzina-lemon-fest\/"},"wordCount":655,"publisher":{"@id":"https:\/\/progettotouring.it\/radiotouring104\/#organization"},"image":{"@id":"https:\/\/progettotouring.it\/radiotouring104\/2024\/08\/21\/reggio-countdown-per-la-1-edizione-del-favazzina-lemon-fest\/#primaryimage"},"thumbnailUrl":"https:\/\/progettotouring.it\/radiotouring104\/wp-content\/uploads\/sites\/6\/2024\/08\/Favazzina-Lemon-Fest.jpg","keywords":["\u201cFavazzina Lemon FEST\u201d","Carmen Santagati","david murolo","Favazzina di Scilla","raffaele mortelliti","Rosario Previtera"],"articleSection":["Home","News","Reggio Calabria"],"inLanguage":"it-IT"},{"@type":"WebPage","@id":"https:\/\/progettotouring.it\/radiotouring104\/2024\/08\/21\/reggio-countdown-per-la-1-edizione-del-favazzina-lemon-fest\/","url":"https:\/\/progettotouring.it\/radiotouring104\/2024\/08\/21\/reggio-countdown-per-la-1-edizione-del-favazzina-lemon-fest\/","name":"Reggio: countdown per la 1\u00b0 edizione del \u201cFavazzina Lemon FEST\u201d","isPartOf":{"@id":"https:\/\/progettotouring.it\/radiotouring104\/#website"},"primaryImageOfPage":{"@id":"https:\/\/progettotouring.it\/radiotouring104\/2024\/08\/21\/reggio-countdown-per-la-1-edizione-del-favazzina-lemon-fest\/#primaryimage"},"image":{"@id":"https:\/\/progettotouring.it\/radiotouring104\/2024\/08\/21\/reggio-countdown-per-la-1-edizione-del-favazzina-lemon-fest\/#primaryimage"},"thumbnailUrl":"https:\/\/progettotouring.it\/radiotouring104\/wp-content\/uploads\/sites\/6\/2024\/08\/Favazzina-Lemon-Fest.jpg","datePublished":"2024-08-21T09:22:17+00:00","dateModified":"2024-08-21T09:33:21+00:00","description":"L'evento di promozione turistica che si pone come obiettivo di far rivivere il borgo di Favazzina di Scilla, si svolger\u00e0 dal 29 al 31 agosto","breadcrumb":{"@id":"https:\/\/progettotouring.it\/radiotouring104\/2024\/08\/21\/reggio-countdown-per-la-1-edizione-del-favazzina-lemon-fest\/#breadcrumb"},"inLanguage":"it-IT","potentialAction":[{"@type":"ReadAction","target":["https:\/\/progettotouring.it\/radiotouring104\/2024\/08\/21\/reggio-countdown-per-la-1-edizione-del-favazzina-lemon-fest\/"]}]},{"@type":"ImageObject","inLanguage":"it-IT","@id":"https:\/\/progettotouring.it\/radiotouring104\/2024\/08\/21\/reggio-countdown-per-la-1-edizione-del-favazzina-lemon-fest\/#primaryimage","url":"https:\/\/progettotouring.it\/radiotouring104\/wp-content\/uploads\/sites\/6\/2024\/08\/Favazzina-Lemon-Fest.jpg","contentUrl":"https:\/\/progettotouring.it\/radiotouring104\/wp-content\/uploads\/sites\/6\/2024\/08\/Favazzina-Lemon-Fest.jpg","width":1133,"height":1600},{"@type":"BreadcrumbList","@id":"https:\/\/progettotouring.it\/radiotouring104\/2024\/08\/21\/reggio-countdown-per-la-1-edizione-del-favazzina-lemon-fest\/#breadcrumb","itemListElement":[{"@type":"ListItem","position":1,"name":"Home","item":"https:\/\/progettotouring.it\/radiotouring104\/"},{"@type":"ListItem","position":2,"name":"Reggio: countdown per la 1\u00b0 edizione del \u201cFavazzina Lemon FEST\u201d"}]},{"@type":"WebSite","@id":"https:\/\/progettotouring.it\/radiotouring104\/#website","url":"https:\/\/progettotouring.it\/radiotouring104\/","name":"Radio Touring 104","description":"La prima radio Reggina","publisher":{"@id":"https:\/\/progettotouring.it\/radiotouring104\/#organization"},"potentialAction":[{"@type":"SearchAction","target":{"@type":"EntryPoint","urlTemplate":"https:\/\/progettotouring.it\/radiotouring104\/?s={search_term_string}"},"query-input":{"@type":"PropertyValueSpecification","valueRequired":true,"valueName":"search_term_string"}}],"inLanguage":"it-IT"},{"@type":"Organization","@id":"https:\/\/progettotouring.it\/radiotouring104\/#organization","name":"Radio Touring 104","url":"https:\/\/progettotouring.it\/radiotouring104\/","logo":{"@type":"ImageObject","inLanguage":"it-IT","@id":"https:\/\/progettotouring.it\/radiotouring104\/#\/schema\/logo\/image\/","url":"https:\/\/progettotouring.it\/radiotouring104\/wp-content\/uploads\/sites\/6\/2022\/02\/cropped-logo-radio-touring-104.png","contentUrl":"https:\/\/progettotouring.it\/radiotouring104\/wp-content\/uploads\/sites\/6\/2022\/02\/cropped-logo-radio-touring-104.png","width":377,"height":182,"caption":"Radio Touring 104"},"image":{"@id":"https:\/\/progettotouring.it\/radiotouring104\/#\/schema\/logo\/image\/"}},{"@type":"Person","@id":"https:\/\/progettotouring.it\/radiotouring104\/#\/schema\/person\/78613917f1851f041f7483f5af1d422e","name":"Sebastiano Plutino","image":{"@type":"ImageObject","inLanguage":"it-IT","@id":"https:\/\/secure.gravatar.com\/avatar\/0546ffaa9b79224faf9f2a156b67a529ae861d3287c66c1d8ccfdf909bcba78d?s=96&d=mm&r=g","url":"https:\/\/secure.gravatar.com\/avatar\/0546ffaa9b79224faf9f2a156b67a529ae861d3287c66c1d8ccfdf909bcba78d?s=96&d=mm&r=g","contentUrl":"https:\/\/secure.gravatar.com\/avatar\/0546ffaa9b79224faf9f2a156b67a529ae861d3287c66c1d8ccfdf909bcba78d?s=96&d=mm&r=g","caption":"Sebastiano Plutino"},"url":"https:\/\/progettotouring.it\/radiotouring104\/author\/sebastiano\/"}]}},"jetpack_publicize_connections":[],"jetpack_featured_media_url":"https:\/\/progettotouring.it\/radiotouring104\/wp-content\/uploads\/sites\/6\/2024\/08\/Favazzina-Lemon-Fest.jpg","jetpack_sharing_enabled":true,"_links":{"self":[{"href":"https:\/\/progettotouring.it\/radiotouring104\/wp-json\/wp\/v2\/posts\/56719","targetHints":{"allow":["GET"]}}],"collection":[{"href":"https:\/\/progettotouring.it\/radiotouring104\/wp-json\/wp\/v2\/posts"}],"about":[{"href":"https:\/\/progettotouring.it\/radiotouring104\/wp-json\/wp\/v2\/types\/post"}],"author":[{"embeddable":true,"href":"https:\/\/progettotouring.it\/radiotouring104\/wp-json\/wp\/v2\/users\/12"}],"replies":[{"embeddable":true,"href":"https:\/\/progettotouring.it\/radiotouring104\/wp-json\/wp\/v2\/comments?post=56719"}],"version-history":[{"count":3,"href":"https:\/\/progettotouring.it\/radiotouring104\/wp-json\/wp\/v2\/posts\/56719\/revisions"}],"predecessor-version":[{"id":56723,"href":"https:\/\/progettotouring.it\/radiotouring104\/wp-json\/wp\/v2\/posts\/56719\/revisions\/56723"}],"wp:featuredmedia":[{"embeddable":true,"href":"https:\/\/progettotouring.it\/radiotouring104\/wp-json\/wp\/v2\/media\/56720"}],"wp:attachment":[{"href":"https:\/\/progettotouring.it\/radiotouring104\/wp-json\/wp\/v2\/media?parent=56719"}],"wp:term":[{"taxonomy":"category","embeddable":true,"href":"https:\/\/progettotouring.it\/radiotouring104\/wp-json\/wp\/v2\/categories?post=56719"},{"taxonomy":"post_tag","embeddable":true,"href":"https:\/\/progettotouring.it\/radiotouring104\/wp-json\/wp\/v2\/tags?post=56719"}],"curies":[{"name":"wp","href":"https:\/\/api.w.org\/{rel}","templated":true}]}}