{"id":56731,"date":"2024-08-21T12:19:03","date_gmt":"2024-08-21T10:19:03","guid":{"rendered":"https:\/\/progettotouring.it\/radiotouring104\/?p=56731"},"modified":"2024-08-21T12:21:51","modified_gmt":"2024-08-21T10:21:51","slug":"reggio-candidata-a-capitale-italiana-della-cultura-2027","status":"publish","type":"post","link":"https:\/\/progettotouring.it\/radiotouring104\/2024\/08\/21\/reggio-candidata-a-capitale-italiana-della-cultura-2027\/","title":{"rendered":"Reggio Calabria candidata a Capitale Italiana della Cultura 2027"},"content":{"rendered":"<p style=\"text-align: justify\"><strong>Si insedier\u00e0 a Palazzo San Giorgio il comitato promotore per la candidatura della Citt\u00e0 di Reggio Calabria a Capitale Italiana della Cultura 2027.<\/strong><\/p>\n<p style=\"text-align: justify\"><strong>Coordinata dal sindaco Giuseppe Falcomat\u00e0<\/strong> nei giorni scorsi si \u00e8<strong> tenuta la riunione preliminare del tavolo di lavoro,<\/strong> che sar\u00e0 successivamente allargato alla presenza di altre istituzioni e realt\u00e0 associative dell&#8217;universo culturale cittadino,<strong> per la costituzione di un comitato promotore e per la redazione del dossier di candidatura.<\/strong><\/p>\n<p style=\"text-align: justify\"><strong>Presenti al primo incontro,<\/strong> insieme al sindaco ed al consigliere metropolitano delegato alla Cultura <strong>Filippo Quartuccio,<\/strong> i <strong>rappresentanti del Museo<\/strong> Archeologico Nazionale di Reggio Calabria, su delega del Direttore<strong> Fabrizio Sudano,<\/strong> il Presidente della Camera di Commercio, anche in rappresentanza di Confindustria, <strong>Antonino Tramontana<\/strong>, la Direttrice del Segretariato Regionale per la Calabria e Soprintendente Archeologia, Belle Arti e Paesaggio per la Citt\u00e0 Metropolitana di Reggio Calabria, <strong>Maria Mallemace,<\/strong> il Direttore del Museo Frangipane, <strong>Nunzio Tripodi,<\/strong> la Presidente della Consulta per le Politiche Sociali e Culturali del Comune di Reggio Calabria,<strong> Marisa Cagliostro,<\/strong> e la Direttrice del Museo Diocesano di Reggio Calabria, <strong>Lucia Lojacono.<\/strong><\/p>\n<p style=\"text-align: justify\"><strong>Obiettivo del tavolo individuare il focus principale della candidatura di Reggio a Capitale Italiana della Cultura<\/strong>, che, come condiviso dai presenti ed illustrato dallo stesso <strong>sindaco Falcomat\u00e0<\/strong> a margine dell&#8217;incontro, punter\u00e0 sul tema della contaminazione tra culture, un aspetto fondante dell&#8217;identit\u00e0 cittadina, composta da stratificazioni storiche, che affondano le radici nella tradizione magnogreca, ed al contempo proiettano la citt\u00e0 in un orizzonte presente inclusivo, accogliente, basato sulla promozione di una cultura di pace, di dialogo, di solidariet\u00e0 ed integrazione tra i popoli del Mediterraneo, di cui la citt\u00e0 si candida ad assumere una posizione baricentrica, non solo dal punto di vista geografico.<\/p>\n<p style=\"text-align: justify\"><strong>La candidatura a Capitale italiana della Cultura punter\u00e0<\/strong> quindi, in maniera dinamica<strong>, a valorizzare la rete museale gi\u00e0 presente in citt\u00e0,<\/strong> la collaborazione tra le istituzioni e le realt\u00e0 associative,<strong> i luoghi di interesse culturale, i monumenti ed i simboli identitari della comunit\u00e0,<\/strong> gli spazi ed i beni comuni dove si realizzano gli eventi, spettacoli, incontri, ma anche la cultura intesa in senso enogastronomico, con la valorizzazione delle produzioni tradizionali che costituiscono una ricchezza identitaria ed un motivo di interesse anche in senso turistico. Si punter\u00e0 inoltre a valorizzare il complesso dei Festival gi\u00e0 realizzati in questi anni ed ancora negli ultimi mesi, la collaborazione altri Enti e la prosecuzione degli eventi storicizzati cui si affiancher\u00e0 un programma, immaginato ad hoc, ampio ed omogeneo, che terr\u00e0 conto delle specificit\u00e0 e delle tante eccellenze presenti sul territorio<strong>. Obiettivo del tavolo,<\/strong> che sar\u00e0 allargato gi\u00e0 a partire dal prossimo incontro,<strong> sar\u00e0 anche la realizzazione di un logo, da affiancare al claim della candidatura,<\/strong> di un portale internet che consenta di stimolare la partecipazione diffusa e di una bozza di linee guida che saranno via via implementate e dettagliate nelle prossime settimane fino alla trasmissione ufficiale del dossier che avverr\u00e0 entro la met\u00e0 del mese di settembre.<\/p>\n<p style=\"text-align: justify\">Su proposta del sindaco Falcomat\u00e0 il tavolo si \u00e8 aggiornato alla prossima settimana. In quella occasione il confronto sar\u00e0 allargato alle associazioni aderenti alla Consulta comunale per la Cultura, alle quali sar\u00e0 richiesto di trasmettere le proprie proposte, da valutare ed integrare, mettendole a sistema secondo le linee guida che saranno fissate dal comitato promotore. <em>&#8220;Una sfida entusiasmante &#8211;<\/em> <strong>hanno affermato i protagonisti del tavolo a margine dell&#8217;incontro<\/strong> <em>&#8211; che comunque vada servir\u00e0 a dare forma e sostanza alla rete sinergica tra le istituzioni e le realt\u00e0 associative che operano in citt\u00e0 nel settore della cultura e che in ogni caso contribuir\u00e0 a valorizzare le tante esperienze virtuose e le eccellenze presenti, che devono essere messe a sistema e raccontate per come meritano&#8221;.<\/em><\/p>\n","protected":false},"excerpt":{"rendered":"<p>Si insedier\u00e0 a Palazzo San Giorgio il comitato promotore per la candidatura della Citt\u00e0 di Reggio Calabria a Capitale Italiana della Cultura 2027. Coordinata dal sindaco Giuseppe Falcomat\u00e0 nei giorni&hellip;<\/p>\n","protected":false},"author":12,"featured_media":56732,"comment_status":"closed","ping_status":"open","sticky":false,"template":"","format":"standard","meta":{"_jetpack_memberships_contains_paid_content":false,"footnotes":"","jetpack_publicize_message":"","jetpack_publicize_feature_enabled":true,"jetpack_social_post_already_shared":false,"jetpack_social_options":{"image_generator_settings":{"template":"highway","default_image_id":0,"font":"","enabled":false},"version":2}},"categories":[921,150,196,140],"tags":[30465,11703,10568,2810,659,34873,31353],"class_list":["post-56731","post","type-post","status-publish","format-standard","has-post-thumbnail","hentry","category-home","category-in-primo-piano","category-news","category-reggio-calabria","tag-falcomata-giuseppe","tag-maria-mallemace","tag-marisa-cagliostro","tag-nunzio-tripodi","tag-palazzo-san-giorgio","tag-reggio-candidata-a-capitale-italiana-della-cultura-2027","tag-tavolo-tecnico"],"yoast_head":"<!-- This site is optimized with the Yoast SEO plugin v27.2 - https:\/\/yoast.com\/product\/yoast-seo-wordpress\/ -->\n<title>Reggio candidata a Capitale Italiana della Cultura 2027<\/title>\n<meta name=\"description\" content=\"Svolta a Palazzo San Giorgio la riunione preliminare, coordinata dal Sindaco Falcomat\u00e0, per l&#039;insediamento del comitato promotore\" \/>\n<meta name=\"robots\" content=\"index, follow, max-snippet:-1, max-image-preview:large, max-video-preview:-1\" \/>\n<link rel=\"canonical\" href=\"https:\/\/progettotouring.it\/radiotouring104\/2024\/08\/21\/reggio-candidata-a-capitale-italiana-della-cultura-2027\/\" \/>\n<meta property=\"og:locale\" content=\"it_IT\" \/>\n<meta property=\"og:type\" content=\"article\" \/>\n<meta property=\"og:title\" content=\"Reggio candidata a Capitale Italiana della Cultura 2027\" \/>\n<meta property=\"og:description\" content=\"Svolta a Palazzo San Giorgio la riunione preliminare, coordinata dal Sindaco Falcomat\u00e0, per l&#039;insediamento del comitato promotore\" \/>\n<meta property=\"og:url\" content=\"https:\/\/progettotouring.it\/radiotouring104\/2024\/08\/21\/reggio-candidata-a-capitale-italiana-della-cultura-2027\/\" \/>\n<meta property=\"og:site_name\" content=\"Radio Touring 104\" \/>\n<meta property=\"article:published_time\" content=\"2024-08-21T10:19:03+00:00\" \/>\n<meta property=\"article:modified_time\" content=\"2024-08-21T10:21:51+00:00\" \/>\n<meta property=\"og:image\" content=\"https:\/\/progettotouring.it\/radiotouring104\/wp-content\/uploads\/sites\/6\/2024\/08\/tavolo-candidatura-reggio-calabria-capitale-della-cultura.jpeg\" \/>\n\t<meta property=\"og:image:width\" content=\"1600\" \/>\n\t<meta property=\"og:image:height\" content=\"900\" \/>\n\t<meta property=\"og:image:type\" content=\"image\/jpeg\" \/>\n<meta name=\"author\" content=\"Sebastiano Plutino\" \/>\n<meta name=\"twitter:card\" content=\"summary_large_image\" \/>\n<meta name=\"twitter:label1\" content=\"Scritto da\" \/>\n\t<meta name=\"twitter:data1\" content=\"Sebastiano Plutino\" \/>\n\t<meta name=\"twitter:label2\" content=\"Tempo di lettura stimato\" \/>\n\t<meta name=\"twitter:data2\" content=\"3 minuti\" \/>\n<script type=\"application\/ld+json\" class=\"yoast-schema-graph\">{\"@context\":\"https:\/\/schema.org\",\"@graph\":[{\"@type\":\"Article\",\"@id\":\"https:\/\/progettotouring.it\/radiotouring104\/2024\/08\/21\/reggio-candidata-a-capitale-italiana-della-cultura-2027\/#article\",\"isPartOf\":{\"@id\":\"https:\/\/progettotouring.it\/radiotouring104\/2024\/08\/21\/reggio-candidata-a-capitale-italiana-della-cultura-2027\/\"},\"author\":{\"name\":\"Sebastiano Plutino\",\"@id\":\"https:\/\/progettotouring.it\/radiotouring104\/#\/schema\/person\/78613917f1851f041f7483f5af1d422e\"},\"headline\":\"Reggio Calabria candidata a Capitale Italiana della Cultura 2027\",\"datePublished\":\"2024-08-21T10:19:03+00:00\",\"dateModified\":\"2024-08-21T10:21:51+00:00\",\"mainEntityOfPage\":{\"@id\":\"https:\/\/progettotouring.it\/radiotouring104\/2024\/08\/21\/reggio-candidata-a-capitale-italiana-della-cultura-2027\/\"},\"wordCount\":608,\"publisher\":{\"@id\":\"https:\/\/progettotouring.it\/radiotouring104\/#organization\"},\"image\":{\"@id\":\"https:\/\/progettotouring.it\/radiotouring104\/2024\/08\/21\/reggio-candidata-a-capitale-italiana-della-cultura-2027\/#primaryimage\"},\"thumbnailUrl\":\"https:\/\/progettotouring.it\/radiotouring104\/wp-content\/uploads\/sites\/6\/2024\/08\/tavolo-candidatura-reggio-calabria-capitale-della-cultura.jpeg\",\"keywords\":[\"Falcomat\u00e0 Giuseppe\",\"maria mallemace\",\"Marisa cagliostro\",\"nunzio tripodi\",\"palazzo san giorgio\",\"Reggio candidata a Capitale Italiana della Cultura 2027\",\"tavolo tecnico\"],\"articleSection\":[\"Home\",\"In primo piano\",\"News\",\"Reggio Calabria\"],\"inLanguage\":\"it-IT\"},{\"@type\":\"WebPage\",\"@id\":\"https:\/\/progettotouring.it\/radiotouring104\/2024\/08\/21\/reggio-candidata-a-capitale-italiana-della-cultura-2027\/\",\"url\":\"https:\/\/progettotouring.it\/radiotouring104\/2024\/08\/21\/reggio-candidata-a-capitale-italiana-della-cultura-2027\/\",\"name\":\"Reggio candidata a Capitale Italiana della Cultura 2027\",\"isPartOf\":{\"@id\":\"https:\/\/progettotouring.it\/radiotouring104\/#website\"},\"primaryImageOfPage\":{\"@id\":\"https:\/\/progettotouring.it\/radiotouring104\/2024\/08\/21\/reggio-candidata-a-capitale-italiana-della-cultura-2027\/#primaryimage\"},\"image\":{\"@id\":\"https:\/\/progettotouring.it\/radiotouring104\/2024\/08\/21\/reggio-candidata-a-capitale-italiana-della-cultura-2027\/#primaryimage\"},\"thumbnailUrl\":\"https:\/\/progettotouring.it\/radiotouring104\/wp-content\/uploads\/sites\/6\/2024\/08\/tavolo-candidatura-reggio-calabria-capitale-della-cultura.jpeg\",\"datePublished\":\"2024-08-21T10:19:03+00:00\",\"dateModified\":\"2024-08-21T10:21:51+00:00\",\"description\":\"Svolta a Palazzo San Giorgio la riunione preliminare, coordinata dal Sindaco Falcomat\u00e0, per l'insediamento del comitato promotore\",\"breadcrumb\":{\"@id\":\"https:\/\/progettotouring.it\/radiotouring104\/2024\/08\/21\/reggio-candidata-a-capitale-italiana-della-cultura-2027\/#breadcrumb\"},\"inLanguage\":\"it-IT\",\"potentialAction\":[{\"@type\":\"ReadAction\",\"target\":[\"https:\/\/progettotouring.it\/radiotouring104\/2024\/08\/21\/reggio-candidata-a-capitale-italiana-della-cultura-2027\/\"]}]},{\"@type\":\"ImageObject\",\"inLanguage\":\"it-IT\",\"@id\":\"https:\/\/progettotouring.it\/radiotouring104\/2024\/08\/21\/reggio-candidata-a-capitale-italiana-della-cultura-2027\/#primaryimage\",\"url\":\"https:\/\/progettotouring.it\/radiotouring104\/wp-content\/uploads\/sites\/6\/2024\/08\/tavolo-candidatura-reggio-calabria-capitale-della-cultura.jpeg\",\"contentUrl\":\"https:\/\/progettotouring.it\/radiotouring104\/wp-content\/uploads\/sites\/6\/2024\/08\/tavolo-candidatura-reggio-calabria-capitale-della-cultura.jpeg\",\"width\":1600,\"height\":900},{\"@type\":\"BreadcrumbList\",\"@id\":\"https:\/\/progettotouring.it\/radiotouring104\/2024\/08\/21\/reggio-candidata-a-capitale-italiana-della-cultura-2027\/#breadcrumb\",\"itemListElement\":[{\"@type\":\"ListItem\",\"position\":1,\"name\":\"Home\",\"item\":\"https:\/\/progettotouring.it\/radiotouring104\/\"},{\"@type\":\"ListItem\",\"position\":2,\"name\":\"Reggio Calabria candidata a Capitale Italiana della Cultura 2027\"}]},{\"@type\":\"WebSite\",\"@id\":\"https:\/\/progettotouring.it\/radiotouring104\/#website\",\"url\":\"https:\/\/progettotouring.it\/radiotouring104\/\",\"name\":\"Radio Touring 104\",\"description\":\"La prima radio Reggina\",\"publisher\":{\"@id\":\"https:\/\/progettotouring.it\/radiotouring104\/#organization\"},\"potentialAction\":[{\"@type\":\"SearchAction\",\"target\":{\"@type\":\"EntryPoint\",\"urlTemplate\":\"https:\/\/progettotouring.it\/radiotouring104\/?s={search_term_string}\"},\"query-input\":{\"@type\":\"PropertyValueSpecification\",\"valueRequired\":true,\"valueName\":\"search_term_string\"}}],\"inLanguage\":\"it-IT\"},{\"@type\":\"Organization\",\"@id\":\"https:\/\/progettotouring.it\/radiotouring104\/#organization\",\"name\":\"Radio Touring 104\",\"url\":\"https:\/\/progettotouring.it\/radiotouring104\/\",\"logo\":{\"@type\":\"ImageObject\",\"inLanguage\":\"it-IT\",\"@id\":\"https:\/\/progettotouring.it\/radiotouring104\/#\/schema\/logo\/image\/\",\"url\":\"https:\/\/progettotouring.it\/radiotouring104\/wp-content\/uploads\/sites\/6\/2022\/02\/cropped-logo-radio-touring-104.png\",\"contentUrl\":\"https:\/\/progettotouring.it\/radiotouring104\/wp-content\/uploads\/sites\/6\/2022\/02\/cropped-logo-radio-touring-104.png\",\"width\":377,\"height\":182,\"caption\":\"Radio Touring 104\"},\"image\":{\"@id\":\"https:\/\/progettotouring.it\/radiotouring104\/#\/schema\/logo\/image\/\"}},{\"@type\":\"Person\",\"@id\":\"https:\/\/progettotouring.it\/radiotouring104\/#\/schema\/person\/78613917f1851f041f7483f5af1d422e\",\"name\":\"Sebastiano Plutino\",\"image\":{\"@type\":\"ImageObject\",\"inLanguage\":\"it-IT\",\"@id\":\"https:\/\/secure.gravatar.com\/avatar\/0546ffaa9b79224faf9f2a156b67a529ae861d3287c66c1d8ccfdf909bcba78d?s=96&d=mm&r=g\",\"url\":\"https:\/\/secure.gravatar.com\/avatar\/0546ffaa9b79224faf9f2a156b67a529ae861d3287c66c1d8ccfdf909bcba78d?s=96&d=mm&r=g\",\"contentUrl\":\"https:\/\/secure.gravatar.com\/avatar\/0546ffaa9b79224faf9f2a156b67a529ae861d3287c66c1d8ccfdf909bcba78d?s=96&d=mm&r=g\",\"caption\":\"Sebastiano Plutino\"},\"url\":\"https:\/\/progettotouring.it\/radiotouring104\/author\/sebastiano\/\"}]}<\/script>\n<!-- \/ Yoast SEO plugin. -->","yoast_head_json":{"title":"Reggio candidata a Capitale Italiana della Cultura 2027","description":"Svolta a Palazzo San Giorgio la riunione preliminare, coordinata dal Sindaco Falcomat\u00e0, per l'insediamento del comitato promotore","robots":{"index":"index","follow":"follow","max-snippet":"max-snippet:-1","max-image-preview":"max-image-preview:large","max-video-preview":"max-video-preview:-1"},"canonical":"https:\/\/progettotouring.it\/radiotouring104\/2024\/08\/21\/reggio-candidata-a-capitale-italiana-della-cultura-2027\/","og_locale":"it_IT","og_type":"article","og_title":"Reggio candidata a Capitale Italiana della Cultura 2027","og_description":"Svolta a Palazzo San Giorgio la riunione preliminare, coordinata dal Sindaco Falcomat\u00e0, per l'insediamento del comitato promotore","og_url":"https:\/\/progettotouring.it\/radiotouring104\/2024\/08\/21\/reggio-candidata-a-capitale-italiana-della-cultura-2027\/","og_site_name":"Radio Touring 104","article_published_time":"2024-08-21T10:19:03+00:00","article_modified_time":"2024-08-21T10:21:51+00:00","og_image":[{"width":1600,"height":900,"url":"https:\/\/progettotouring.it\/radiotouring104\/wp-content\/uploads\/sites\/6\/2024\/08\/tavolo-candidatura-reggio-calabria-capitale-della-cultura.jpeg","type":"image\/jpeg"}],"author":"Sebastiano Plutino","twitter_card":"summary_large_image","twitter_misc":{"Scritto da":"Sebastiano Plutino","Tempo di lettura stimato":"3 minuti"},"schema":{"@context":"https:\/\/schema.org","@graph":[{"@type":"Article","@id":"https:\/\/progettotouring.it\/radiotouring104\/2024\/08\/21\/reggio-candidata-a-capitale-italiana-della-cultura-2027\/#article","isPartOf":{"@id":"https:\/\/progettotouring.it\/radiotouring104\/2024\/08\/21\/reggio-candidata-a-capitale-italiana-della-cultura-2027\/"},"author":{"name":"Sebastiano Plutino","@id":"https:\/\/progettotouring.it\/radiotouring104\/#\/schema\/person\/78613917f1851f041f7483f5af1d422e"},"headline":"Reggio Calabria candidata a Capitale Italiana della Cultura 2027","datePublished":"2024-08-21T10:19:03+00:00","dateModified":"2024-08-21T10:21:51+00:00","mainEntityOfPage":{"@id":"https:\/\/progettotouring.it\/radiotouring104\/2024\/08\/21\/reggio-candidata-a-capitale-italiana-della-cultura-2027\/"},"wordCount":608,"publisher":{"@id":"https:\/\/progettotouring.it\/radiotouring104\/#organization"},"image":{"@id":"https:\/\/progettotouring.it\/radiotouring104\/2024\/08\/21\/reggio-candidata-a-capitale-italiana-della-cultura-2027\/#primaryimage"},"thumbnailUrl":"https:\/\/progettotouring.it\/radiotouring104\/wp-content\/uploads\/sites\/6\/2024\/08\/tavolo-candidatura-reggio-calabria-capitale-della-cultura.jpeg","keywords":["Falcomat\u00e0 Giuseppe","maria mallemace","Marisa cagliostro","nunzio tripodi","palazzo san giorgio","Reggio candidata a Capitale Italiana della Cultura 2027","tavolo tecnico"],"articleSection":["Home","In primo piano","News","Reggio Calabria"],"inLanguage":"it-IT"},{"@type":"WebPage","@id":"https:\/\/progettotouring.it\/radiotouring104\/2024\/08\/21\/reggio-candidata-a-capitale-italiana-della-cultura-2027\/","url":"https:\/\/progettotouring.it\/radiotouring104\/2024\/08\/21\/reggio-candidata-a-capitale-italiana-della-cultura-2027\/","name":"Reggio candidata a Capitale Italiana della Cultura 2027","isPartOf":{"@id":"https:\/\/progettotouring.it\/radiotouring104\/#website"},"primaryImageOfPage":{"@id":"https:\/\/progettotouring.it\/radiotouring104\/2024\/08\/21\/reggio-candidata-a-capitale-italiana-della-cultura-2027\/#primaryimage"},"image":{"@id":"https:\/\/progettotouring.it\/radiotouring104\/2024\/08\/21\/reggio-candidata-a-capitale-italiana-della-cultura-2027\/#primaryimage"},"thumbnailUrl":"https:\/\/progettotouring.it\/radiotouring104\/wp-content\/uploads\/sites\/6\/2024\/08\/tavolo-candidatura-reggio-calabria-capitale-della-cultura.jpeg","datePublished":"2024-08-21T10:19:03+00:00","dateModified":"2024-08-21T10:21:51+00:00","description":"Svolta a Palazzo San Giorgio la riunione preliminare, coordinata dal Sindaco Falcomat\u00e0, per l'insediamento del comitato promotore","breadcrumb":{"@id":"https:\/\/progettotouring.it\/radiotouring104\/2024\/08\/21\/reggio-candidata-a-capitale-italiana-della-cultura-2027\/#breadcrumb"},"inLanguage":"it-IT","potentialAction":[{"@type":"ReadAction","target":["https:\/\/progettotouring.it\/radiotouring104\/2024\/08\/21\/reggio-candidata-a-capitale-italiana-della-cultura-2027\/"]}]},{"@type":"ImageObject","inLanguage":"it-IT","@id":"https:\/\/progettotouring.it\/radiotouring104\/2024\/08\/21\/reggio-candidata-a-capitale-italiana-della-cultura-2027\/#primaryimage","url":"https:\/\/progettotouring.it\/radiotouring104\/wp-content\/uploads\/sites\/6\/2024\/08\/tavolo-candidatura-reggio-calabria-capitale-della-cultura.jpeg","contentUrl":"https:\/\/progettotouring.it\/radiotouring104\/wp-content\/uploads\/sites\/6\/2024\/08\/tavolo-candidatura-reggio-calabria-capitale-della-cultura.jpeg","width":1600,"height":900},{"@type":"BreadcrumbList","@id":"https:\/\/progettotouring.it\/radiotouring104\/2024\/08\/21\/reggio-candidata-a-capitale-italiana-della-cultura-2027\/#breadcrumb","itemListElement":[{"@type":"ListItem","position":1,"name":"Home","item":"https:\/\/progettotouring.it\/radiotouring104\/"},{"@type":"ListItem","position":2,"name":"Reggio Calabria candidata a Capitale Italiana della Cultura 2027"}]},{"@type":"WebSite","@id":"https:\/\/progettotouring.it\/radiotouring104\/#website","url":"https:\/\/progettotouring.it\/radiotouring104\/","name":"Radio Touring 104","description":"La prima radio Reggina","publisher":{"@id":"https:\/\/progettotouring.it\/radiotouring104\/#organization"},"potentialAction":[{"@type":"SearchAction","target":{"@type":"EntryPoint","urlTemplate":"https:\/\/progettotouring.it\/radiotouring104\/?s={search_term_string}"},"query-input":{"@type":"PropertyValueSpecification","valueRequired":true,"valueName":"search_term_string"}}],"inLanguage":"it-IT"},{"@type":"Organization","@id":"https:\/\/progettotouring.it\/radiotouring104\/#organization","name":"Radio Touring 104","url":"https:\/\/progettotouring.it\/radiotouring104\/","logo":{"@type":"ImageObject","inLanguage":"it-IT","@id":"https:\/\/progettotouring.it\/radiotouring104\/#\/schema\/logo\/image\/","url":"https:\/\/progettotouring.it\/radiotouring104\/wp-content\/uploads\/sites\/6\/2022\/02\/cropped-logo-radio-touring-104.png","contentUrl":"https:\/\/progettotouring.it\/radiotouring104\/wp-content\/uploads\/sites\/6\/2022\/02\/cropped-logo-radio-touring-104.png","width":377,"height":182,"caption":"Radio Touring 104"},"image":{"@id":"https:\/\/progettotouring.it\/radiotouring104\/#\/schema\/logo\/image\/"}},{"@type":"Person","@id":"https:\/\/progettotouring.it\/radiotouring104\/#\/schema\/person\/78613917f1851f041f7483f5af1d422e","name":"Sebastiano Plutino","image":{"@type":"ImageObject","inLanguage":"it-IT","@id":"https:\/\/secure.gravatar.com\/avatar\/0546ffaa9b79224faf9f2a156b67a529ae861d3287c66c1d8ccfdf909bcba78d?s=96&d=mm&r=g","url":"https:\/\/secure.gravatar.com\/avatar\/0546ffaa9b79224faf9f2a156b67a529ae861d3287c66c1d8ccfdf909bcba78d?s=96&d=mm&r=g","contentUrl":"https:\/\/secure.gravatar.com\/avatar\/0546ffaa9b79224faf9f2a156b67a529ae861d3287c66c1d8ccfdf909bcba78d?s=96&d=mm&r=g","caption":"Sebastiano Plutino"},"url":"https:\/\/progettotouring.it\/radiotouring104\/author\/sebastiano\/"}]}},"jetpack_publicize_connections":[],"jetpack_featured_media_url":"https:\/\/progettotouring.it\/radiotouring104\/wp-content\/uploads\/sites\/6\/2024\/08\/tavolo-candidatura-reggio-calabria-capitale-della-cultura.jpeg","jetpack_sharing_enabled":true,"_links":{"self":[{"href":"https:\/\/progettotouring.it\/radiotouring104\/wp-json\/wp\/v2\/posts\/56731","targetHints":{"allow":["GET"]}}],"collection":[{"href":"https:\/\/progettotouring.it\/radiotouring104\/wp-json\/wp\/v2\/posts"}],"about":[{"href":"https:\/\/progettotouring.it\/radiotouring104\/wp-json\/wp\/v2\/types\/post"}],"author":[{"embeddable":true,"href":"https:\/\/progettotouring.it\/radiotouring104\/wp-json\/wp\/v2\/users\/12"}],"replies":[{"embeddable":true,"href":"https:\/\/progettotouring.it\/radiotouring104\/wp-json\/wp\/v2\/comments?post=56731"}],"version-history":[{"count":3,"href":"https:\/\/progettotouring.it\/radiotouring104\/wp-json\/wp\/v2\/posts\/56731\/revisions"}],"predecessor-version":[{"id":56735,"href":"https:\/\/progettotouring.it\/radiotouring104\/wp-json\/wp\/v2\/posts\/56731\/revisions\/56735"}],"wp:featuredmedia":[{"embeddable":true,"href":"https:\/\/progettotouring.it\/radiotouring104\/wp-json\/wp\/v2\/media\/56732"}],"wp:attachment":[{"href":"https:\/\/progettotouring.it\/radiotouring104\/wp-json\/wp\/v2\/media?parent=56731"}],"wp:term":[{"taxonomy":"category","embeddable":true,"href":"https:\/\/progettotouring.it\/radiotouring104\/wp-json\/wp\/v2\/categories?post=56731"},{"taxonomy":"post_tag","embeddable":true,"href":"https:\/\/progettotouring.it\/radiotouring104\/wp-json\/wp\/v2\/tags?post=56731"}],"curies":[{"name":"wp","href":"https:\/\/api.w.org\/{rel}","templated":true}]}}