{"id":56736,"date":"2024-08-21T12:39:51","date_gmt":"2024-08-21T10:39:51","guid":{"rendered":"https:\/\/progettotouring.it\/radiotouring104\/?p=56736"},"modified":"2024-08-21T13:02:41","modified_gmt":"2024-08-21T11:02:41","slug":"polis-cultura-annunciata-la-nuova-stagione-2025-al-teatro-cilea","status":"publish","type":"post","link":"https:\/\/progettotouring.it\/radiotouring104\/2024\/08\/21\/polis-cultura-annunciata-la-nuova-stagione-2025-al-teatro-cilea\/","title":{"rendered":"Polis Cultura: annunciata la nuova stagione 2025 al Teatro Cilea"},"content":{"rendered":"<p style=\"text-align: justify\">La <strong>Polis Cultura annuncia la nuova Stagione 2025 al Teatro Cilea<\/strong> di Reggio Calabria.<\/p>\n<p style=\"text-align: justify\">Un bellissimo<strong> cartellone invernale molto atteso<\/strong> dal pubblico reggino e finalmente svelato. <strong>Un programma che regge il confronto con i pi\u00f9 importanti Teatri d\u2019Italia<\/strong> e che si preannuncia ricco di spettacoli e generi che la<strong> Polis Cultura propone da anni riscontrando un grande successo di pubblico:<\/strong> Concerti, danza, musical, comicit\u00e0 e la grande prosa.<\/p>\n<p style=\"text-align: justify\">Ma vediamolo da vicino. <strong>Si parte subito col botto il 4 e 5 Gennaio<\/strong> (in pomeridiana Domenica 5 alle 17), <em>Dove eravamo rimasti<\/em> il<strong> nuovo spettacolo dello storico duo Lopez Solenghi<\/strong> che proporranno numeri\/sketch\/brani musicali\/contributi video, con fantastici picchi di comicit\u00e0 e un affettuoso omaggio all\u2019avanspettacolo. La band del maestro Gabriele Comeglio sar\u00e0 ancora una volta sul palco, irrinunciabile \u201cspalla\u201d della cornice musicale.<\/p>\n<p style=\"text-align: justify\"><strong>Il 18 Gennaio<\/strong> <em>Lo Schiaccianoci<\/em>, il magnifico balletto classico, rappresentato dall\u2019acclamata e prestigiosa compagnia Russian Classical Ballet, composta da un cast di stelle del balletto russo, con la direzione artistica di <strong>Evgeniya Bespalova e Denis Karakashev.<\/strong> Basato sulla fiaba:<em> \u201cLo schiaccianoci e il re dei topi\u201d<\/em>, di E.T.A. Hoffmann, il balletto si avvale delle splendide melodie di Ciajkoskij.<strong> Il 13 e 14 Febbraio<\/strong> Ferzan Ozpetek torna a teatro con il nuovo adattamento scenico di uno dei suoi successi cinematografici, <em>Magnifica presenza<\/em>. Il regista, tra i pi\u00f9 amati del nostro cinema, prosegue cos\u00ec il percorso inaugurato con Mine vaganti e fa rivivere in teatro uno dei suoi film cult portando con s\u00e9 in questa avventura una compagnia di attori esplosivi:<strong> Serra Yilmaz, Tosca D\u2019Aquino, Federico Cesari, Toni Fornari, Luciano Scarpa, Tina Agrippino, Sara Bosi, Fabio Zarrella.<\/strong><\/p>\n<p style=\"text-align: justify\"><strong>Il 23 Febbraio<\/strong> <em>Il Fu Mattia Pascal<\/em> una splendida rivisitazione del classico di Pirandello con uno straordinario<strong> Giorgio Marchesi,<\/strong> in un linguaggio semplice e accessibile a tutti. <strong>Musiche eseguite dal vivo da Raffaele Toninelli.<\/strong> In scena un \u201ccaso davvero strano\u201d: la morte simulata di Mattia Pascal e la sua rinascita con un nuovo nome,<strong> Adriano Meis.<\/strong> Il primo Marzo arriva un vero e proprio Evento al Cilea, <em>Pensieri e parole, omaggio a Lucio Battisti<\/em>. Uno dei pi\u00f9 carismatici interpreti della canzone italiana <strong>\u2013 Peppe Servillo<\/strong> \u2013 cinque eccellenti musicisti jazz (Rita Marcotulli, Javier Girotto, Fabrizio Bosso, Furio di Castri e Mattia Barbieri, nomi che dicono molto agli appassionati ma anche al grande pubblico) e un raffinato poeta come Lucio Battisti. Un simile incontro sul palcoscenico, si traduce senza dubbio in una serata di grande teatro: perch\u00e9 i testi e l\u2019avvolgente musica di Battisti ci raccontano profondamente e ci emozionano ancora. <strong>Il 7 Marzo<\/strong><em> Il Birraio di Preston <\/em>tratto uno dei romanzi pi\u00f9 celebri di Andrea Camilleri, \u00e8 uno spettacolo messo in scena con la regia di <strong>Giuseppe Dipasquale,<\/strong> che firma insieme al grande autore siciliano la riduzione teatrale. <strong>Con Edoardo Siravo, Federica De Benedittis, Mimmo Mignemi<\/strong>.<\/p>\n<p style=\"text-align: justify\"><strong>A travolgere il Cilea il 14 e 15 Marzo (<\/strong>con pomeridiana) sar\u00e0 invece<em> Cats il Musical!<\/em> Torna la grande produzione internazionale della PeepArrow Entertainment in collaborazione con il Teatro Sistina firmata dal pi\u00f9 attivo e creativo regista, produttore e adattatore di Musical italiano,<strong> Massimo Romeo Piparo:<\/strong> \u201cCats\u201d, il Musical per eccellenza, il titolo che ha cambiato la Storia di questo genere di spettacolo, con musiche di Sir Andrew Lloyd Webber e testi del Premio Nobel T.S. Eliot. A 40 anni dal suo debutto a Broadway (1982), dove ha fatto registrare fino al 2006 il record mondiale di repliche consecutive, restando ancora oggi, tra i primi quattro Musical pi\u00f9 rappresentati della Storia, il \u201cCats\u201d di Piparo ha un grande cast di artisti e l\u2019Orchestra dal vivo diretta dal Maestro Emanuele Friello.<\/p>\n<p style=\"text-align: justify\"><strong>Il 27 e 28 Marzo<\/strong><em> Perfetti sconosciuti<\/em> <strong>con Dino Abbrescia, Alice Bertini, Marco Bonini, Paolo Calabresi, Massimo De Lorenzo, Anna Ferzetti, Valeria Solarino. Paolo Genovese<\/strong> firma la sua prima regia teatrale portando in scena l\u2019adattamento del film Perfetti sconosciuti. Una brillante commedia sull\u2019amicizia, sull\u2019amore e sul tradimento, che porter\u00e0 quattro coppie di amici a confrontarsi e a scoprire di essere <em>\u201cPerfetti sconosciuti\u201d.<\/em><\/p>\n<p style=\"text-align: justify\"><strong>L\u20198 Aprile<\/strong><em> L\u2019Ebreo<\/em>, uno dei testi pi\u00f9 avvincenti di<strong> Gianni Clementi,<\/strong> con Nancy Brilli protagonista. Ambientato a met\u00e0 degli anni Cinquanta per indagare l\u2019animo umano e il grado di aberrazione al quale si pu\u00f2 arrivare pur di non perdere i privilegi acquisiti e del Potere che ne consegue. Commedia noir in cui il lato oscuro dei personaggi riesce a divertire e creare suspence, in una vera e propria ridda di emozioni verso un finale inatteso. Il 15 Aprile in scena il kolossal<em> Moby Dick<\/em>. A partire dalla sua pubblicazione nel 1851, il romanzo di Herman Melville, capolavoro della letteratura di ogni tempo, ha ispirato e continua a ispirare registi, poeti e autori. L\u2019epica storia della balena bianca e dei suoi inseguitori riprende vita in questa versione diretta da <strong>Guglielmo Ferro, con Giulio Corso e Moni Ovadia<\/strong> straordinario protagonista nelle vesti del Capitano Achab. Il 30 Aprile gran finale con <em>La Buona Novella<\/em>. <strong>Neri Marcor\u00e8<\/strong> torna a confrontarsi con Fabrizio De Andr\u00e9 in un nuovo spettacolo di teatro canzone che fa rivivere sul palcoscenico La buona novella, album pubblicato dall\u2019autore nel 1969. Dopo il successo di Quello che non ho, Marcor\u00e8 e il drammaturgo e regista <strong>Giorgio Gallione<\/strong> rinnovano il loro sodalizio artistico nel nome del grande cantautore genovese portando in scena il suo primo concept album.<\/p>\n<p style=\"text-align: justify\"><strong>Una Stagione davvero imperdibile quindi<\/strong>, con spettacoli che ritroviamo nei circuiti dei pi\u00f9 importanti Teatri d\u2019Italia e tra questi la Polis con orgoglio fa rientrare da anni anche il prestigioso Cilea, che merita questo tipo di programmazione. Campagna abbonamenti aperta sin da subito con tante novit\u00e0, non resta che seguire tutte le informazioni sul sito e sui canali di Catonateatro e della Polis Cultura.<\/p>\n","protected":false},"excerpt":{"rendered":"<p>La Polis Cultura annuncia la nuova Stagione 2025 al Teatro Cilea di Reggio Calabria. Un bellissimo cartellone invernale molto atteso dal pubblico reggino e finalmente svelato. Un programma che regge&hellip;<\/p>\n","protected":false},"author":12,"featured_media":56738,"comment_status":"closed","ping_status":"open","sticky":false,"template":"","format":"standard","meta":{"_jetpack_memberships_contains_paid_content":false,"footnotes":"","jetpack_publicize_message":"","jetpack_publicize_feature_enabled":true,"jetpack_social_post_already_shared":false,"jetpack_social_options":{"image_generator_settings":{"template":"highway","default_image_id":0,"font":"","enabled":false},"version":2}},"categories":[921,150,196,140],"tags":[34874,34876,34875,2743,273],"class_list":["post-56736","post","type-post","status-publish","format-standard","has-post-thumbnail","hentry","category-home","category-in-primo-piano","category-news","category-reggio-calabria","tag-cartellone-invernale-2025","tag-duo-lopez-solenghi","tag-neri-marcore","tag-polis-cultura","tag-teatro-cilea"],"yoast_head":"<!-- This site is optimized with the Yoast SEO plugin v27.2 - https:\/\/yoast.com\/product\/yoast-seo-wordpress\/ -->\n<title>Polis Cultura: annunciata la nuova stagione 2025 al Teatro Cilea<\/title>\n<meta name=\"description\" content=\"La Polis Cultura annuncia l&#039;atteso cartellone invernale di concerti e spettacoli che andranno in scena al Teatro Cilea.\" \/>\n<meta name=\"robots\" content=\"index, follow, max-snippet:-1, max-image-preview:large, max-video-preview:-1\" \/>\n<link rel=\"canonical\" href=\"https:\/\/progettotouring.it\/radiotouring104\/2024\/08\/21\/polis-cultura-annunciata-la-nuova-stagione-2025-al-teatro-cilea\/\" \/>\n<meta property=\"og:locale\" content=\"it_IT\" \/>\n<meta property=\"og:type\" content=\"article\" \/>\n<meta property=\"og:title\" content=\"Polis Cultura: annunciata la nuova stagione 2025 al Teatro Cilea\" \/>\n<meta property=\"og:description\" content=\"La Polis Cultura annuncia l&#039;atteso cartellone invernale di concerti e spettacoli che andranno in scena al Teatro Cilea.\" \/>\n<meta property=\"og:url\" content=\"https:\/\/progettotouring.it\/radiotouring104\/2024\/08\/21\/polis-cultura-annunciata-la-nuova-stagione-2025-al-teatro-cilea\/\" \/>\n<meta property=\"og:site_name\" content=\"Radio Touring 104\" \/>\n<meta property=\"article:published_time\" content=\"2024-08-21T10:39:51+00:00\" \/>\n<meta property=\"article:modified_time\" content=\"2024-08-21T11:02:41+00:00\" \/>\n<meta property=\"og:image\" content=\"https:\/\/progettotouring.it\/radiotouring104\/wp-content\/uploads\/sites\/6\/2024\/08\/Moni-Ovadia-ph-MariaPia-Ballarino.jpg\" \/>\n\t<meta property=\"og:image:width\" content=\"1200\" \/>\n\t<meta property=\"og:image:height\" content=\"800\" \/>\n\t<meta property=\"og:image:type\" content=\"image\/jpeg\" \/>\n<meta name=\"author\" content=\"Sebastiano Plutino\" \/>\n<meta name=\"twitter:card\" content=\"summary_large_image\" \/>\n<meta name=\"twitter:label1\" content=\"Scritto da\" \/>\n\t<meta name=\"twitter:data1\" content=\"Sebastiano Plutino\" \/>\n\t<meta name=\"twitter:label2\" content=\"Tempo di lettura stimato\" \/>\n\t<meta name=\"twitter:data2\" content=\"5 minuti\" \/>\n<script type=\"application\/ld+json\" class=\"yoast-schema-graph\">{\"@context\":\"https:\/\/schema.org\",\"@graph\":[{\"@type\":\"Article\",\"@id\":\"https:\/\/progettotouring.it\/radiotouring104\/2024\/08\/21\/polis-cultura-annunciata-la-nuova-stagione-2025-al-teatro-cilea\/#article\",\"isPartOf\":{\"@id\":\"https:\/\/progettotouring.it\/radiotouring104\/2024\/08\/21\/polis-cultura-annunciata-la-nuova-stagione-2025-al-teatro-cilea\/\"},\"author\":{\"name\":\"Sebastiano Plutino\",\"@id\":\"https:\/\/progettotouring.it\/radiotouring104\/#\/schema\/person\/78613917f1851f041f7483f5af1d422e\"},\"headline\":\"Polis Cultura: annunciata la nuova stagione 2025 al Teatro Cilea\",\"datePublished\":\"2024-08-21T10:39:51+00:00\",\"dateModified\":\"2024-08-21T11:02:41+00:00\",\"mainEntityOfPage\":{\"@id\":\"https:\/\/progettotouring.it\/radiotouring104\/2024\/08\/21\/polis-cultura-annunciata-la-nuova-stagione-2025-al-teatro-cilea\/\"},\"wordCount\":939,\"publisher\":{\"@id\":\"https:\/\/progettotouring.it\/radiotouring104\/#organization\"},\"image\":{\"@id\":\"https:\/\/progettotouring.it\/radiotouring104\/2024\/08\/21\/polis-cultura-annunciata-la-nuova-stagione-2025-al-teatro-cilea\/#primaryimage\"},\"thumbnailUrl\":\"https:\/\/progettotouring.it\/radiotouring104\/wp-content\/uploads\/sites\/6\/2024\/08\/Moni-Ovadia-ph-MariaPia-Ballarino.jpg\",\"keywords\":[\"cartellone invernale 2025\",\"duo Lopez Solenghi\",\"Neri marcor\u00e8\",\"polis cultura\",\"Teatro Cilea\"],\"articleSection\":[\"Home\",\"In primo piano\",\"News\",\"Reggio Calabria\"],\"inLanguage\":\"it-IT\"},{\"@type\":\"WebPage\",\"@id\":\"https:\/\/progettotouring.it\/radiotouring104\/2024\/08\/21\/polis-cultura-annunciata-la-nuova-stagione-2025-al-teatro-cilea\/\",\"url\":\"https:\/\/progettotouring.it\/radiotouring104\/2024\/08\/21\/polis-cultura-annunciata-la-nuova-stagione-2025-al-teatro-cilea\/\",\"name\":\"Polis Cultura: annunciata la nuova stagione 2025 al Teatro Cilea\",\"isPartOf\":{\"@id\":\"https:\/\/progettotouring.it\/radiotouring104\/#website\"},\"primaryImageOfPage\":{\"@id\":\"https:\/\/progettotouring.it\/radiotouring104\/2024\/08\/21\/polis-cultura-annunciata-la-nuova-stagione-2025-al-teatro-cilea\/#primaryimage\"},\"image\":{\"@id\":\"https:\/\/progettotouring.it\/radiotouring104\/2024\/08\/21\/polis-cultura-annunciata-la-nuova-stagione-2025-al-teatro-cilea\/#primaryimage\"},\"thumbnailUrl\":\"https:\/\/progettotouring.it\/radiotouring104\/wp-content\/uploads\/sites\/6\/2024\/08\/Moni-Ovadia-ph-MariaPia-Ballarino.jpg\",\"datePublished\":\"2024-08-21T10:39:51+00:00\",\"dateModified\":\"2024-08-21T11:02:41+00:00\",\"description\":\"La Polis Cultura annuncia l'atteso cartellone invernale di concerti e spettacoli che andranno in scena al Teatro Cilea.\",\"breadcrumb\":{\"@id\":\"https:\/\/progettotouring.it\/radiotouring104\/2024\/08\/21\/polis-cultura-annunciata-la-nuova-stagione-2025-al-teatro-cilea\/#breadcrumb\"},\"inLanguage\":\"it-IT\",\"potentialAction\":[{\"@type\":\"ReadAction\",\"target\":[\"https:\/\/progettotouring.it\/radiotouring104\/2024\/08\/21\/polis-cultura-annunciata-la-nuova-stagione-2025-al-teatro-cilea\/\"]}]},{\"@type\":\"ImageObject\",\"inLanguage\":\"it-IT\",\"@id\":\"https:\/\/progettotouring.it\/radiotouring104\/2024\/08\/21\/polis-cultura-annunciata-la-nuova-stagione-2025-al-teatro-cilea\/#primaryimage\",\"url\":\"https:\/\/progettotouring.it\/radiotouring104\/wp-content\/uploads\/sites\/6\/2024\/08\/Moni-Ovadia-ph-MariaPia-Ballarino.jpg\",\"contentUrl\":\"https:\/\/progettotouring.it\/radiotouring104\/wp-content\/uploads\/sites\/6\/2024\/08\/Moni-Ovadia-ph-MariaPia-Ballarino.jpg\",\"width\":1200,\"height\":800},{\"@type\":\"BreadcrumbList\",\"@id\":\"https:\/\/progettotouring.it\/radiotouring104\/2024\/08\/21\/polis-cultura-annunciata-la-nuova-stagione-2025-al-teatro-cilea\/#breadcrumb\",\"itemListElement\":[{\"@type\":\"ListItem\",\"position\":1,\"name\":\"Home\",\"item\":\"https:\/\/progettotouring.it\/radiotouring104\/\"},{\"@type\":\"ListItem\",\"position\":2,\"name\":\"Polis Cultura: annunciata la nuova stagione 2025 al Teatro Cilea\"}]},{\"@type\":\"WebSite\",\"@id\":\"https:\/\/progettotouring.it\/radiotouring104\/#website\",\"url\":\"https:\/\/progettotouring.it\/radiotouring104\/\",\"name\":\"Radio Touring 104\",\"description\":\"La prima radio Reggina\",\"publisher\":{\"@id\":\"https:\/\/progettotouring.it\/radiotouring104\/#organization\"},\"potentialAction\":[{\"@type\":\"SearchAction\",\"target\":{\"@type\":\"EntryPoint\",\"urlTemplate\":\"https:\/\/progettotouring.it\/radiotouring104\/?s={search_term_string}\"},\"query-input\":{\"@type\":\"PropertyValueSpecification\",\"valueRequired\":true,\"valueName\":\"search_term_string\"}}],\"inLanguage\":\"it-IT\"},{\"@type\":\"Organization\",\"@id\":\"https:\/\/progettotouring.it\/radiotouring104\/#organization\",\"name\":\"Radio Touring 104\",\"url\":\"https:\/\/progettotouring.it\/radiotouring104\/\",\"logo\":{\"@type\":\"ImageObject\",\"inLanguage\":\"it-IT\",\"@id\":\"https:\/\/progettotouring.it\/radiotouring104\/#\/schema\/logo\/image\/\",\"url\":\"https:\/\/progettotouring.it\/radiotouring104\/wp-content\/uploads\/sites\/6\/2022\/02\/cropped-logo-radio-touring-104.png\",\"contentUrl\":\"https:\/\/progettotouring.it\/radiotouring104\/wp-content\/uploads\/sites\/6\/2022\/02\/cropped-logo-radio-touring-104.png\",\"width\":377,\"height\":182,\"caption\":\"Radio Touring 104\"},\"image\":{\"@id\":\"https:\/\/progettotouring.it\/radiotouring104\/#\/schema\/logo\/image\/\"}},{\"@type\":\"Person\",\"@id\":\"https:\/\/progettotouring.it\/radiotouring104\/#\/schema\/person\/78613917f1851f041f7483f5af1d422e\",\"name\":\"Sebastiano Plutino\",\"image\":{\"@type\":\"ImageObject\",\"inLanguage\":\"it-IT\",\"@id\":\"https:\/\/secure.gravatar.com\/avatar\/0546ffaa9b79224faf9f2a156b67a529ae861d3287c66c1d8ccfdf909bcba78d?s=96&d=mm&r=g\",\"url\":\"https:\/\/secure.gravatar.com\/avatar\/0546ffaa9b79224faf9f2a156b67a529ae861d3287c66c1d8ccfdf909bcba78d?s=96&d=mm&r=g\",\"contentUrl\":\"https:\/\/secure.gravatar.com\/avatar\/0546ffaa9b79224faf9f2a156b67a529ae861d3287c66c1d8ccfdf909bcba78d?s=96&d=mm&r=g\",\"caption\":\"Sebastiano Plutino\"},\"url\":\"https:\/\/progettotouring.it\/radiotouring104\/author\/sebastiano\/\"}]}<\/script>\n<!-- \/ Yoast SEO plugin. -->","yoast_head_json":{"title":"Polis Cultura: annunciata la nuova stagione 2025 al Teatro Cilea","description":"La Polis Cultura annuncia l'atteso cartellone invernale di concerti e spettacoli che andranno in scena al Teatro Cilea.","robots":{"index":"index","follow":"follow","max-snippet":"max-snippet:-1","max-image-preview":"max-image-preview:large","max-video-preview":"max-video-preview:-1"},"canonical":"https:\/\/progettotouring.it\/radiotouring104\/2024\/08\/21\/polis-cultura-annunciata-la-nuova-stagione-2025-al-teatro-cilea\/","og_locale":"it_IT","og_type":"article","og_title":"Polis Cultura: annunciata la nuova stagione 2025 al Teatro Cilea","og_description":"La Polis Cultura annuncia l'atteso cartellone invernale di concerti e spettacoli che andranno in scena al Teatro Cilea.","og_url":"https:\/\/progettotouring.it\/radiotouring104\/2024\/08\/21\/polis-cultura-annunciata-la-nuova-stagione-2025-al-teatro-cilea\/","og_site_name":"Radio Touring 104","article_published_time":"2024-08-21T10:39:51+00:00","article_modified_time":"2024-08-21T11:02:41+00:00","og_image":[{"width":1200,"height":800,"url":"https:\/\/progettotouring.it\/radiotouring104\/wp-content\/uploads\/sites\/6\/2024\/08\/Moni-Ovadia-ph-MariaPia-Ballarino.jpg","type":"image\/jpeg"}],"author":"Sebastiano Plutino","twitter_card":"summary_large_image","twitter_misc":{"Scritto da":"Sebastiano Plutino","Tempo di lettura stimato":"5 minuti"},"schema":{"@context":"https:\/\/schema.org","@graph":[{"@type":"Article","@id":"https:\/\/progettotouring.it\/radiotouring104\/2024\/08\/21\/polis-cultura-annunciata-la-nuova-stagione-2025-al-teatro-cilea\/#article","isPartOf":{"@id":"https:\/\/progettotouring.it\/radiotouring104\/2024\/08\/21\/polis-cultura-annunciata-la-nuova-stagione-2025-al-teatro-cilea\/"},"author":{"name":"Sebastiano Plutino","@id":"https:\/\/progettotouring.it\/radiotouring104\/#\/schema\/person\/78613917f1851f041f7483f5af1d422e"},"headline":"Polis Cultura: annunciata la nuova stagione 2025 al Teatro Cilea","datePublished":"2024-08-21T10:39:51+00:00","dateModified":"2024-08-21T11:02:41+00:00","mainEntityOfPage":{"@id":"https:\/\/progettotouring.it\/radiotouring104\/2024\/08\/21\/polis-cultura-annunciata-la-nuova-stagione-2025-al-teatro-cilea\/"},"wordCount":939,"publisher":{"@id":"https:\/\/progettotouring.it\/radiotouring104\/#organization"},"image":{"@id":"https:\/\/progettotouring.it\/radiotouring104\/2024\/08\/21\/polis-cultura-annunciata-la-nuova-stagione-2025-al-teatro-cilea\/#primaryimage"},"thumbnailUrl":"https:\/\/progettotouring.it\/radiotouring104\/wp-content\/uploads\/sites\/6\/2024\/08\/Moni-Ovadia-ph-MariaPia-Ballarino.jpg","keywords":["cartellone invernale 2025","duo Lopez Solenghi","Neri marcor\u00e8","polis cultura","Teatro Cilea"],"articleSection":["Home","In primo piano","News","Reggio Calabria"],"inLanguage":"it-IT"},{"@type":"WebPage","@id":"https:\/\/progettotouring.it\/radiotouring104\/2024\/08\/21\/polis-cultura-annunciata-la-nuova-stagione-2025-al-teatro-cilea\/","url":"https:\/\/progettotouring.it\/radiotouring104\/2024\/08\/21\/polis-cultura-annunciata-la-nuova-stagione-2025-al-teatro-cilea\/","name":"Polis Cultura: annunciata la nuova stagione 2025 al Teatro Cilea","isPartOf":{"@id":"https:\/\/progettotouring.it\/radiotouring104\/#website"},"primaryImageOfPage":{"@id":"https:\/\/progettotouring.it\/radiotouring104\/2024\/08\/21\/polis-cultura-annunciata-la-nuova-stagione-2025-al-teatro-cilea\/#primaryimage"},"image":{"@id":"https:\/\/progettotouring.it\/radiotouring104\/2024\/08\/21\/polis-cultura-annunciata-la-nuova-stagione-2025-al-teatro-cilea\/#primaryimage"},"thumbnailUrl":"https:\/\/progettotouring.it\/radiotouring104\/wp-content\/uploads\/sites\/6\/2024\/08\/Moni-Ovadia-ph-MariaPia-Ballarino.jpg","datePublished":"2024-08-21T10:39:51+00:00","dateModified":"2024-08-21T11:02:41+00:00","description":"La Polis Cultura annuncia l'atteso cartellone invernale di concerti e spettacoli che andranno in scena al Teatro Cilea.","breadcrumb":{"@id":"https:\/\/progettotouring.it\/radiotouring104\/2024\/08\/21\/polis-cultura-annunciata-la-nuova-stagione-2025-al-teatro-cilea\/#breadcrumb"},"inLanguage":"it-IT","potentialAction":[{"@type":"ReadAction","target":["https:\/\/progettotouring.it\/radiotouring104\/2024\/08\/21\/polis-cultura-annunciata-la-nuova-stagione-2025-al-teatro-cilea\/"]}]},{"@type":"ImageObject","inLanguage":"it-IT","@id":"https:\/\/progettotouring.it\/radiotouring104\/2024\/08\/21\/polis-cultura-annunciata-la-nuova-stagione-2025-al-teatro-cilea\/#primaryimage","url":"https:\/\/progettotouring.it\/radiotouring104\/wp-content\/uploads\/sites\/6\/2024\/08\/Moni-Ovadia-ph-MariaPia-Ballarino.jpg","contentUrl":"https:\/\/progettotouring.it\/radiotouring104\/wp-content\/uploads\/sites\/6\/2024\/08\/Moni-Ovadia-ph-MariaPia-Ballarino.jpg","width":1200,"height":800},{"@type":"BreadcrumbList","@id":"https:\/\/progettotouring.it\/radiotouring104\/2024\/08\/21\/polis-cultura-annunciata-la-nuova-stagione-2025-al-teatro-cilea\/#breadcrumb","itemListElement":[{"@type":"ListItem","position":1,"name":"Home","item":"https:\/\/progettotouring.it\/radiotouring104\/"},{"@type":"ListItem","position":2,"name":"Polis Cultura: annunciata la nuova stagione 2025 al Teatro Cilea"}]},{"@type":"WebSite","@id":"https:\/\/progettotouring.it\/radiotouring104\/#website","url":"https:\/\/progettotouring.it\/radiotouring104\/","name":"Radio Touring 104","description":"La prima radio Reggina","publisher":{"@id":"https:\/\/progettotouring.it\/radiotouring104\/#organization"},"potentialAction":[{"@type":"SearchAction","target":{"@type":"EntryPoint","urlTemplate":"https:\/\/progettotouring.it\/radiotouring104\/?s={search_term_string}"},"query-input":{"@type":"PropertyValueSpecification","valueRequired":true,"valueName":"search_term_string"}}],"inLanguage":"it-IT"},{"@type":"Organization","@id":"https:\/\/progettotouring.it\/radiotouring104\/#organization","name":"Radio Touring 104","url":"https:\/\/progettotouring.it\/radiotouring104\/","logo":{"@type":"ImageObject","inLanguage":"it-IT","@id":"https:\/\/progettotouring.it\/radiotouring104\/#\/schema\/logo\/image\/","url":"https:\/\/progettotouring.it\/radiotouring104\/wp-content\/uploads\/sites\/6\/2022\/02\/cropped-logo-radio-touring-104.png","contentUrl":"https:\/\/progettotouring.it\/radiotouring104\/wp-content\/uploads\/sites\/6\/2022\/02\/cropped-logo-radio-touring-104.png","width":377,"height":182,"caption":"Radio Touring 104"},"image":{"@id":"https:\/\/progettotouring.it\/radiotouring104\/#\/schema\/logo\/image\/"}},{"@type":"Person","@id":"https:\/\/progettotouring.it\/radiotouring104\/#\/schema\/person\/78613917f1851f041f7483f5af1d422e","name":"Sebastiano Plutino","image":{"@type":"ImageObject","inLanguage":"it-IT","@id":"https:\/\/secure.gravatar.com\/avatar\/0546ffaa9b79224faf9f2a156b67a529ae861d3287c66c1d8ccfdf909bcba78d?s=96&d=mm&r=g","url":"https:\/\/secure.gravatar.com\/avatar\/0546ffaa9b79224faf9f2a156b67a529ae861d3287c66c1d8ccfdf909bcba78d?s=96&d=mm&r=g","contentUrl":"https:\/\/secure.gravatar.com\/avatar\/0546ffaa9b79224faf9f2a156b67a529ae861d3287c66c1d8ccfdf909bcba78d?s=96&d=mm&r=g","caption":"Sebastiano Plutino"},"url":"https:\/\/progettotouring.it\/radiotouring104\/author\/sebastiano\/"}]}},"jetpack_publicize_connections":[],"jetpack_featured_media_url":"https:\/\/progettotouring.it\/radiotouring104\/wp-content\/uploads\/sites\/6\/2024\/08\/Moni-Ovadia-ph-MariaPia-Ballarino.jpg","jetpack_sharing_enabled":true,"_links":{"self":[{"href":"https:\/\/progettotouring.it\/radiotouring104\/wp-json\/wp\/v2\/posts\/56736","targetHints":{"allow":["GET"]}}],"collection":[{"href":"https:\/\/progettotouring.it\/radiotouring104\/wp-json\/wp\/v2\/posts"}],"about":[{"href":"https:\/\/progettotouring.it\/radiotouring104\/wp-json\/wp\/v2\/types\/post"}],"author":[{"embeddable":true,"href":"https:\/\/progettotouring.it\/radiotouring104\/wp-json\/wp\/v2\/users\/12"}],"replies":[{"embeddable":true,"href":"https:\/\/progettotouring.it\/radiotouring104\/wp-json\/wp\/v2\/comments?post=56736"}],"version-history":[{"count":1,"href":"https:\/\/progettotouring.it\/radiotouring104\/wp-json\/wp\/v2\/posts\/56736\/revisions"}],"predecessor-version":[{"id":56739,"href":"https:\/\/progettotouring.it\/radiotouring104\/wp-json\/wp\/v2\/posts\/56736\/revisions\/56739"}],"wp:featuredmedia":[{"embeddable":true,"href":"https:\/\/progettotouring.it\/radiotouring104\/wp-json\/wp\/v2\/media\/56738"}],"wp:attachment":[{"href":"https:\/\/progettotouring.it\/radiotouring104\/wp-json\/wp\/v2\/media?parent=56736"}],"wp:term":[{"taxonomy":"category","embeddable":true,"href":"https:\/\/progettotouring.it\/radiotouring104\/wp-json\/wp\/v2\/categories?post=56736"},{"taxonomy":"post_tag","embeddable":true,"href":"https:\/\/progettotouring.it\/radiotouring104\/wp-json\/wp\/v2\/tags?post=56736"}],"curies":[{"name":"wp","href":"https:\/\/api.w.org\/{rel}","templated":true}]}}