{"id":56740,"date":"2024-08-21T12:50:45","date_gmt":"2024-08-21T10:50:45","guid":{"rendered":"https:\/\/progettotouring.it\/radiotouring104\/?p=56740"},"modified":"2024-08-21T12:50:45","modified_gmt":"2024-08-21T10:50:45","slug":"estate-bagnarese-2024-venerdi-il-concerto-dei-dirty-frogs","status":"publish","type":"post","link":"https:\/\/progettotouring.it\/radiotouring104\/2024\/08\/21\/estate-bagnarese-2024-venerdi-il-concerto-dei-dirty-frogs\/","title":{"rendered":"Estate Bagnarese 2024: venerd\u00ec il concerto dei Dirty Frogs"},"content":{"rendered":"<div>\n<p class=\"xmprfx_MsoNormal\" style=\"text-align: justify\">\u00c8 ormai quasi <strong>tutto pronto per il concerto che i Dirty Frogs<\/strong> terranno <strong>venerd\u00ec 23 agosto<\/strong> nella principale <strong>Piazza della citt\u00e0 di Bagnara.<\/strong><\/p>\n<\/div>\n<div style=\"text-align: justify\">\n<p class=\"xmprfx_MsoNormal\">Inseriti nel cartellone dell&#8217;estate Bagnarese 2024, la band reggina composta da:<\/p>\n<\/div>\n<div style=\"text-align: justify\">\n<p class=\"xmprfx_MsoNormal\"><b>Giuseppe Morabito<\/b>\u00a0(chitarra solista)\u00a0<b>Cheren Surfaro<\/b>\u00a0(basso elettrico),\u00a0<b>Antonio Camera<\/b>\u00a0(chitarra ritmica e voce)\u00a0<b>Gabriele Rando<\/b>\u00a0(tastiere) e\u00a0<b>Antonino Loddo<\/b>\u00a0(batteria) si apprestano a calpestare l&#8217;ambito palco di una delle pi\u00f9 belle citt\u00e0 della Costa Viola.<\/p>\n<\/div>\n<div style=\"text-align: justify\">\n<p class=\"xmprfx_MsoNormal\">L&#8217;evento patrocinato \u00e8 finanziato dal\u00a0<b>comune di Bagnara<\/b>\u00a0\u00e8 stato promosso dall<b>&#8216;Associazione Culturale Interno Uno<\/b>\u00a0in collaborazione con la\u00a0<b>DJ Dama Production<\/b><\/p>\n<\/div>\n<div>\n<p class=\"xmprfx_MsoNormal\" style=\"text-align: justify\"><em>&#8220;Siamo veramente contenti di poter suonare ed esprimere i nostri talenti davanti un pubblico come quello di Bagnara. E questo, per noi motivo di orgoglio che esprimiamo anche con un pizzico di soddisfazione per l&#8217;opportunit\u00e0 che ci \u00e8 stata concessa. Faremo un bel concerto dando il massimo delle nostre performance e siamo sicuri che faremo divertite il pubblico che interverr\u00e0 allo spettacolo&#8221; &#8211;<\/em><strong> queste le considerazioni della band che vi aspettano all&#8217;ormai prossimo evento.<\/strong><\/p>\n<\/div>\n","protected":false},"excerpt":{"rendered":"<p>\u00c8 ormai quasi tutto pronto per il concerto che i Dirty Frogs terranno venerd\u00ec 23 agosto nella principale Piazza della citt\u00e0 di Bagnara. Inseriti nel cartellone dell&#8217;estate Bagnarese 2024, la&hellip;<\/p>\n","protected":false},"author":12,"featured_media":56741,"comment_status":"closed","ping_status":"open","sticky":false,"template":"","format":"standard","meta":{"_jetpack_memberships_contains_paid_content":false,"footnotes":"","jetpack_publicize_message":"","jetpack_publicize_feature_enabled":true,"jetpack_social_post_already_shared":false,"jetpack_social_options":{"image_generator_settings":{"template":"highway","default_image_id":0,"font":"","enabled":false},"version":2}},"categories":[921,196,140],"tags":[34880,34879,21330,34877,34878,34881,24811],"class_list":["post-56740","post","type-post","status-publish","format-standard","has-post-thumbnail","hentry","category-home","category-news","category-reggio-calabria","tag-antonino-loddo","tag-antonio-camera","tag-cheren-hesse-surfaro","tag-concerto-dei-dirty-frogs","tag-estate-bagnarese-2024","tag-gabriele-rando","tag-giuseppe-morabito"],"yoast_head":"<!-- This site is optimized with the Yoast SEO plugin v27.2 - https:\/\/yoast.com\/product\/yoast-seo-wordpress\/ -->\n<title>Estate Bagnarese 2024: venerd\u00ec il concerto dei Dirty Frogs - Radio Touring 104<\/title>\n<meta name=\"description\" content=\"Tutto pronto per il concerto che i Dirty Frogs terranno il 23 agosto, alle 22, nella piazza principale di Bagnara.\" \/>\n<meta name=\"robots\" content=\"index, follow, max-snippet:-1, max-image-preview:large, max-video-preview:-1\" \/>\n<link rel=\"canonical\" href=\"https:\/\/progettotouring.it\/radiotouring104\/2024\/08\/21\/estate-bagnarese-2024-venerdi-il-concerto-dei-dirty-frogs\/\" \/>\n<meta property=\"og:locale\" content=\"it_IT\" \/>\n<meta property=\"og:type\" content=\"article\" \/>\n<meta property=\"og:title\" content=\"Estate Bagnarese 2024: venerd\u00ec il concerto dei Dirty Frogs - Radio Touring 104\" \/>\n<meta property=\"og:description\" content=\"Tutto pronto per il concerto che i Dirty Frogs terranno il 23 agosto, alle 22, nella piazza principale di Bagnara.\" \/>\n<meta property=\"og:url\" content=\"https:\/\/progettotouring.it\/radiotouring104\/2024\/08\/21\/estate-bagnarese-2024-venerdi-il-concerto-dei-dirty-frogs\/\" \/>\n<meta property=\"og:site_name\" content=\"Radio Touring 104\" \/>\n<meta property=\"article:published_time\" content=\"2024-08-21T10:50:45+00:00\" \/>\n<meta property=\"og:image\" content=\"https:\/\/progettotouring.it\/radiotouring104\/wp-content\/uploads\/sites\/6\/2024\/08\/Dirty-Frogs-Bagnara.png\" \/>\n\t<meta property=\"og:image:width\" content=\"1414\" \/>\n\t<meta property=\"og:image:height\" content=\"1249\" \/>\n\t<meta property=\"og:image:type\" content=\"image\/png\" \/>\n<meta name=\"author\" content=\"Sebastiano Plutino\" \/>\n<meta name=\"twitter:card\" content=\"summary_large_image\" \/>\n<meta name=\"twitter:label1\" content=\"Scritto da\" \/>\n\t<meta name=\"twitter:data1\" content=\"Sebastiano Plutino\" \/>\n\t<meta name=\"twitter:label2\" content=\"Tempo di lettura stimato\" \/>\n\t<meta name=\"twitter:data2\" content=\"1 minuto\" \/>\n<script type=\"application\/ld+json\" class=\"yoast-schema-graph\">{\"@context\":\"https:\/\/schema.org\",\"@graph\":[{\"@type\":\"Article\",\"@id\":\"https:\/\/progettotouring.it\/radiotouring104\/2024\/08\/21\/estate-bagnarese-2024-venerdi-il-concerto-dei-dirty-frogs\/#article\",\"isPartOf\":{\"@id\":\"https:\/\/progettotouring.it\/radiotouring104\/2024\/08\/21\/estate-bagnarese-2024-venerdi-il-concerto-dei-dirty-frogs\/\"},\"author\":{\"name\":\"Sebastiano Plutino\",\"@id\":\"https:\/\/progettotouring.it\/radiotouring104\/#\/schema\/person\/78613917f1851f041f7483f5af1d422e\"},\"headline\":\"Estate Bagnarese 2024: venerd\u00ec il concerto dei Dirty Frogs\",\"datePublished\":\"2024-08-21T10:50:45+00:00\",\"mainEntityOfPage\":{\"@id\":\"https:\/\/progettotouring.it\/radiotouring104\/2024\/08\/21\/estate-bagnarese-2024-venerdi-il-concerto-dei-dirty-frogs\/\"},\"wordCount\":168,\"publisher\":{\"@id\":\"https:\/\/progettotouring.it\/radiotouring104\/#organization\"},\"image\":{\"@id\":\"https:\/\/progettotouring.it\/radiotouring104\/2024\/08\/21\/estate-bagnarese-2024-venerdi-il-concerto-dei-dirty-frogs\/#primaryimage\"},\"thumbnailUrl\":\"https:\/\/progettotouring.it\/radiotouring104\/wp-content\/uploads\/sites\/6\/2024\/08\/Dirty-Frogs-Bagnara.png\",\"keywords\":[\"Antonino Loddo\",\"Antonio Camera\",\"Cheren Hesse Surfaro\",\"concerto dei Dirty Frogs\",\"Estate Bagnarese 2024:\",\"Gabriele Rando\",\"Giuseppe Morabito\"],\"articleSection\":[\"Home\",\"News\",\"Reggio Calabria\"],\"inLanguage\":\"it-IT\"},{\"@type\":\"WebPage\",\"@id\":\"https:\/\/progettotouring.it\/radiotouring104\/2024\/08\/21\/estate-bagnarese-2024-venerdi-il-concerto-dei-dirty-frogs\/\",\"url\":\"https:\/\/progettotouring.it\/radiotouring104\/2024\/08\/21\/estate-bagnarese-2024-venerdi-il-concerto-dei-dirty-frogs\/\",\"name\":\"Estate Bagnarese 2024: venerd\u00ec il concerto dei Dirty Frogs - Radio Touring 104\",\"isPartOf\":{\"@id\":\"https:\/\/progettotouring.it\/radiotouring104\/#website\"},\"primaryImageOfPage\":{\"@id\":\"https:\/\/progettotouring.it\/radiotouring104\/2024\/08\/21\/estate-bagnarese-2024-venerdi-il-concerto-dei-dirty-frogs\/#primaryimage\"},\"image\":{\"@id\":\"https:\/\/progettotouring.it\/radiotouring104\/2024\/08\/21\/estate-bagnarese-2024-venerdi-il-concerto-dei-dirty-frogs\/#primaryimage\"},\"thumbnailUrl\":\"https:\/\/progettotouring.it\/radiotouring104\/wp-content\/uploads\/sites\/6\/2024\/08\/Dirty-Frogs-Bagnara.png\",\"datePublished\":\"2024-08-21T10:50:45+00:00\",\"description\":\"Tutto pronto per il concerto che i Dirty Frogs terranno il 23 agosto, alle 22, nella piazza principale di Bagnara.\",\"breadcrumb\":{\"@id\":\"https:\/\/progettotouring.it\/radiotouring104\/2024\/08\/21\/estate-bagnarese-2024-venerdi-il-concerto-dei-dirty-frogs\/#breadcrumb\"},\"inLanguage\":\"it-IT\",\"potentialAction\":[{\"@type\":\"ReadAction\",\"target\":[\"https:\/\/progettotouring.it\/radiotouring104\/2024\/08\/21\/estate-bagnarese-2024-venerdi-il-concerto-dei-dirty-frogs\/\"]}]},{\"@type\":\"ImageObject\",\"inLanguage\":\"it-IT\",\"@id\":\"https:\/\/progettotouring.it\/radiotouring104\/2024\/08\/21\/estate-bagnarese-2024-venerdi-il-concerto-dei-dirty-frogs\/#primaryimage\",\"url\":\"https:\/\/progettotouring.it\/radiotouring104\/wp-content\/uploads\/sites\/6\/2024\/08\/Dirty-Frogs-Bagnara.png\",\"contentUrl\":\"https:\/\/progettotouring.it\/radiotouring104\/wp-content\/uploads\/sites\/6\/2024\/08\/Dirty-Frogs-Bagnara.png\",\"width\":1414,\"height\":1249},{\"@type\":\"BreadcrumbList\",\"@id\":\"https:\/\/progettotouring.it\/radiotouring104\/2024\/08\/21\/estate-bagnarese-2024-venerdi-il-concerto-dei-dirty-frogs\/#breadcrumb\",\"itemListElement\":[{\"@type\":\"ListItem\",\"position\":1,\"name\":\"Home\",\"item\":\"https:\/\/progettotouring.it\/radiotouring104\/\"},{\"@type\":\"ListItem\",\"position\":2,\"name\":\"Estate Bagnarese 2024: venerd\u00ec il concerto dei Dirty Frogs\"}]},{\"@type\":\"WebSite\",\"@id\":\"https:\/\/progettotouring.it\/radiotouring104\/#website\",\"url\":\"https:\/\/progettotouring.it\/radiotouring104\/\",\"name\":\"Radio Touring 104\",\"description\":\"La prima radio Reggina\",\"publisher\":{\"@id\":\"https:\/\/progettotouring.it\/radiotouring104\/#organization\"},\"potentialAction\":[{\"@type\":\"SearchAction\",\"target\":{\"@type\":\"EntryPoint\",\"urlTemplate\":\"https:\/\/progettotouring.it\/radiotouring104\/?s={search_term_string}\"},\"query-input\":{\"@type\":\"PropertyValueSpecification\",\"valueRequired\":true,\"valueName\":\"search_term_string\"}}],\"inLanguage\":\"it-IT\"},{\"@type\":\"Organization\",\"@id\":\"https:\/\/progettotouring.it\/radiotouring104\/#organization\",\"name\":\"Radio Touring 104\",\"url\":\"https:\/\/progettotouring.it\/radiotouring104\/\",\"logo\":{\"@type\":\"ImageObject\",\"inLanguage\":\"it-IT\",\"@id\":\"https:\/\/progettotouring.it\/radiotouring104\/#\/schema\/logo\/image\/\",\"url\":\"https:\/\/progettotouring.it\/radiotouring104\/wp-content\/uploads\/sites\/6\/2022\/02\/cropped-logo-radio-touring-104.png\",\"contentUrl\":\"https:\/\/progettotouring.it\/radiotouring104\/wp-content\/uploads\/sites\/6\/2022\/02\/cropped-logo-radio-touring-104.png\",\"width\":377,\"height\":182,\"caption\":\"Radio Touring 104\"},\"image\":{\"@id\":\"https:\/\/progettotouring.it\/radiotouring104\/#\/schema\/logo\/image\/\"}},{\"@type\":\"Person\",\"@id\":\"https:\/\/progettotouring.it\/radiotouring104\/#\/schema\/person\/78613917f1851f041f7483f5af1d422e\",\"name\":\"Sebastiano Plutino\",\"image\":{\"@type\":\"ImageObject\",\"inLanguage\":\"it-IT\",\"@id\":\"https:\/\/secure.gravatar.com\/avatar\/0546ffaa9b79224faf9f2a156b67a529ae861d3287c66c1d8ccfdf909bcba78d?s=96&d=mm&r=g\",\"url\":\"https:\/\/secure.gravatar.com\/avatar\/0546ffaa9b79224faf9f2a156b67a529ae861d3287c66c1d8ccfdf909bcba78d?s=96&d=mm&r=g\",\"contentUrl\":\"https:\/\/secure.gravatar.com\/avatar\/0546ffaa9b79224faf9f2a156b67a529ae861d3287c66c1d8ccfdf909bcba78d?s=96&d=mm&r=g\",\"caption\":\"Sebastiano Plutino\"},\"url\":\"https:\/\/progettotouring.it\/radiotouring104\/author\/sebastiano\/\"}]}<\/script>\n<!-- \/ Yoast SEO plugin. -->","yoast_head_json":{"title":"Estate Bagnarese 2024: venerd\u00ec il concerto dei Dirty Frogs - Radio Touring 104","description":"Tutto pronto per il concerto che i Dirty Frogs terranno il 23 agosto, alle 22, nella piazza principale di Bagnara.","robots":{"index":"index","follow":"follow","max-snippet":"max-snippet:-1","max-image-preview":"max-image-preview:large","max-video-preview":"max-video-preview:-1"},"canonical":"https:\/\/progettotouring.it\/radiotouring104\/2024\/08\/21\/estate-bagnarese-2024-venerdi-il-concerto-dei-dirty-frogs\/","og_locale":"it_IT","og_type":"article","og_title":"Estate Bagnarese 2024: venerd\u00ec il concerto dei Dirty Frogs - Radio Touring 104","og_description":"Tutto pronto per il concerto che i Dirty Frogs terranno il 23 agosto, alle 22, nella piazza principale di Bagnara.","og_url":"https:\/\/progettotouring.it\/radiotouring104\/2024\/08\/21\/estate-bagnarese-2024-venerdi-il-concerto-dei-dirty-frogs\/","og_site_name":"Radio Touring 104","article_published_time":"2024-08-21T10:50:45+00:00","og_image":[{"width":1414,"height":1249,"url":"https:\/\/progettotouring.it\/radiotouring104\/wp-content\/uploads\/sites\/6\/2024\/08\/Dirty-Frogs-Bagnara.png","type":"image\/png"}],"author":"Sebastiano Plutino","twitter_card":"summary_large_image","twitter_misc":{"Scritto da":"Sebastiano Plutino","Tempo di lettura stimato":"1 minuto"},"schema":{"@context":"https:\/\/schema.org","@graph":[{"@type":"Article","@id":"https:\/\/progettotouring.it\/radiotouring104\/2024\/08\/21\/estate-bagnarese-2024-venerdi-il-concerto-dei-dirty-frogs\/#article","isPartOf":{"@id":"https:\/\/progettotouring.it\/radiotouring104\/2024\/08\/21\/estate-bagnarese-2024-venerdi-il-concerto-dei-dirty-frogs\/"},"author":{"name":"Sebastiano Plutino","@id":"https:\/\/progettotouring.it\/radiotouring104\/#\/schema\/person\/78613917f1851f041f7483f5af1d422e"},"headline":"Estate Bagnarese 2024: venerd\u00ec il concerto dei Dirty Frogs","datePublished":"2024-08-21T10:50:45+00:00","mainEntityOfPage":{"@id":"https:\/\/progettotouring.it\/radiotouring104\/2024\/08\/21\/estate-bagnarese-2024-venerdi-il-concerto-dei-dirty-frogs\/"},"wordCount":168,"publisher":{"@id":"https:\/\/progettotouring.it\/radiotouring104\/#organization"},"image":{"@id":"https:\/\/progettotouring.it\/radiotouring104\/2024\/08\/21\/estate-bagnarese-2024-venerdi-il-concerto-dei-dirty-frogs\/#primaryimage"},"thumbnailUrl":"https:\/\/progettotouring.it\/radiotouring104\/wp-content\/uploads\/sites\/6\/2024\/08\/Dirty-Frogs-Bagnara.png","keywords":["Antonino Loddo","Antonio Camera","Cheren Hesse Surfaro","concerto dei Dirty Frogs","Estate Bagnarese 2024:","Gabriele Rando","Giuseppe Morabito"],"articleSection":["Home","News","Reggio Calabria"],"inLanguage":"it-IT"},{"@type":"WebPage","@id":"https:\/\/progettotouring.it\/radiotouring104\/2024\/08\/21\/estate-bagnarese-2024-venerdi-il-concerto-dei-dirty-frogs\/","url":"https:\/\/progettotouring.it\/radiotouring104\/2024\/08\/21\/estate-bagnarese-2024-venerdi-il-concerto-dei-dirty-frogs\/","name":"Estate Bagnarese 2024: venerd\u00ec il concerto dei Dirty Frogs - Radio Touring 104","isPartOf":{"@id":"https:\/\/progettotouring.it\/radiotouring104\/#website"},"primaryImageOfPage":{"@id":"https:\/\/progettotouring.it\/radiotouring104\/2024\/08\/21\/estate-bagnarese-2024-venerdi-il-concerto-dei-dirty-frogs\/#primaryimage"},"image":{"@id":"https:\/\/progettotouring.it\/radiotouring104\/2024\/08\/21\/estate-bagnarese-2024-venerdi-il-concerto-dei-dirty-frogs\/#primaryimage"},"thumbnailUrl":"https:\/\/progettotouring.it\/radiotouring104\/wp-content\/uploads\/sites\/6\/2024\/08\/Dirty-Frogs-Bagnara.png","datePublished":"2024-08-21T10:50:45+00:00","description":"Tutto pronto per il concerto che i Dirty Frogs terranno il 23 agosto, alle 22, nella piazza principale di Bagnara.","breadcrumb":{"@id":"https:\/\/progettotouring.it\/radiotouring104\/2024\/08\/21\/estate-bagnarese-2024-venerdi-il-concerto-dei-dirty-frogs\/#breadcrumb"},"inLanguage":"it-IT","potentialAction":[{"@type":"ReadAction","target":["https:\/\/progettotouring.it\/radiotouring104\/2024\/08\/21\/estate-bagnarese-2024-venerdi-il-concerto-dei-dirty-frogs\/"]}]},{"@type":"ImageObject","inLanguage":"it-IT","@id":"https:\/\/progettotouring.it\/radiotouring104\/2024\/08\/21\/estate-bagnarese-2024-venerdi-il-concerto-dei-dirty-frogs\/#primaryimage","url":"https:\/\/progettotouring.it\/radiotouring104\/wp-content\/uploads\/sites\/6\/2024\/08\/Dirty-Frogs-Bagnara.png","contentUrl":"https:\/\/progettotouring.it\/radiotouring104\/wp-content\/uploads\/sites\/6\/2024\/08\/Dirty-Frogs-Bagnara.png","width":1414,"height":1249},{"@type":"BreadcrumbList","@id":"https:\/\/progettotouring.it\/radiotouring104\/2024\/08\/21\/estate-bagnarese-2024-venerdi-il-concerto-dei-dirty-frogs\/#breadcrumb","itemListElement":[{"@type":"ListItem","position":1,"name":"Home","item":"https:\/\/progettotouring.it\/radiotouring104\/"},{"@type":"ListItem","position":2,"name":"Estate Bagnarese 2024: venerd\u00ec il concerto dei Dirty Frogs"}]},{"@type":"WebSite","@id":"https:\/\/progettotouring.it\/radiotouring104\/#website","url":"https:\/\/progettotouring.it\/radiotouring104\/","name":"Radio Touring 104","description":"La prima radio Reggina","publisher":{"@id":"https:\/\/progettotouring.it\/radiotouring104\/#organization"},"potentialAction":[{"@type":"SearchAction","target":{"@type":"EntryPoint","urlTemplate":"https:\/\/progettotouring.it\/radiotouring104\/?s={search_term_string}"},"query-input":{"@type":"PropertyValueSpecification","valueRequired":true,"valueName":"search_term_string"}}],"inLanguage":"it-IT"},{"@type":"Organization","@id":"https:\/\/progettotouring.it\/radiotouring104\/#organization","name":"Radio Touring 104","url":"https:\/\/progettotouring.it\/radiotouring104\/","logo":{"@type":"ImageObject","inLanguage":"it-IT","@id":"https:\/\/progettotouring.it\/radiotouring104\/#\/schema\/logo\/image\/","url":"https:\/\/progettotouring.it\/radiotouring104\/wp-content\/uploads\/sites\/6\/2022\/02\/cropped-logo-radio-touring-104.png","contentUrl":"https:\/\/progettotouring.it\/radiotouring104\/wp-content\/uploads\/sites\/6\/2022\/02\/cropped-logo-radio-touring-104.png","width":377,"height":182,"caption":"Radio Touring 104"},"image":{"@id":"https:\/\/progettotouring.it\/radiotouring104\/#\/schema\/logo\/image\/"}},{"@type":"Person","@id":"https:\/\/progettotouring.it\/radiotouring104\/#\/schema\/person\/78613917f1851f041f7483f5af1d422e","name":"Sebastiano Plutino","image":{"@type":"ImageObject","inLanguage":"it-IT","@id":"https:\/\/secure.gravatar.com\/avatar\/0546ffaa9b79224faf9f2a156b67a529ae861d3287c66c1d8ccfdf909bcba78d?s=96&d=mm&r=g","url":"https:\/\/secure.gravatar.com\/avatar\/0546ffaa9b79224faf9f2a156b67a529ae861d3287c66c1d8ccfdf909bcba78d?s=96&d=mm&r=g","contentUrl":"https:\/\/secure.gravatar.com\/avatar\/0546ffaa9b79224faf9f2a156b67a529ae861d3287c66c1d8ccfdf909bcba78d?s=96&d=mm&r=g","caption":"Sebastiano Plutino"},"url":"https:\/\/progettotouring.it\/radiotouring104\/author\/sebastiano\/"}]}},"jetpack_publicize_connections":[],"jetpack_featured_media_url":"https:\/\/progettotouring.it\/radiotouring104\/wp-content\/uploads\/sites\/6\/2024\/08\/Dirty-Frogs-Bagnara.png","jetpack_sharing_enabled":true,"_links":{"self":[{"href":"https:\/\/progettotouring.it\/radiotouring104\/wp-json\/wp\/v2\/posts\/56740","targetHints":{"allow":["GET"]}}],"collection":[{"href":"https:\/\/progettotouring.it\/radiotouring104\/wp-json\/wp\/v2\/posts"}],"about":[{"href":"https:\/\/progettotouring.it\/radiotouring104\/wp-json\/wp\/v2\/types\/post"}],"author":[{"embeddable":true,"href":"https:\/\/progettotouring.it\/radiotouring104\/wp-json\/wp\/v2\/users\/12"}],"replies":[{"embeddable":true,"href":"https:\/\/progettotouring.it\/radiotouring104\/wp-json\/wp\/v2\/comments?post=56740"}],"version-history":[{"count":1,"href":"https:\/\/progettotouring.it\/radiotouring104\/wp-json\/wp\/v2\/posts\/56740\/revisions"}],"predecessor-version":[{"id":56742,"href":"https:\/\/progettotouring.it\/radiotouring104\/wp-json\/wp\/v2\/posts\/56740\/revisions\/56742"}],"wp:featuredmedia":[{"embeddable":true,"href":"https:\/\/progettotouring.it\/radiotouring104\/wp-json\/wp\/v2\/media\/56741"}],"wp:attachment":[{"href":"https:\/\/progettotouring.it\/radiotouring104\/wp-json\/wp\/v2\/media?parent=56740"}],"wp:term":[{"taxonomy":"category","embeddable":true,"href":"https:\/\/progettotouring.it\/radiotouring104\/wp-json\/wp\/v2\/categories?post=56740"},{"taxonomy":"post_tag","embeddable":true,"href":"https:\/\/progettotouring.it\/radiotouring104\/wp-json\/wp\/v2\/tags?post=56740"}],"curies":[{"name":"wp","href":"https:\/\/api.w.org\/{rel}","templated":true}]}}