{"id":56752,"date":"2024-08-22T09:37:18","date_gmt":"2024-08-22T07:37:18","guid":{"rendered":"https:\/\/progettotouring.it\/radiotouring104\/?p=56752"},"modified":"2024-08-22T12:27:17","modified_gmt":"2024-08-22T10:27:17","slug":"ponte-sullo-stretto-salvini-entro-lanno-la-cantierizzazione","status":"publish","type":"post","link":"https:\/\/progettotouring.it\/radiotouring104\/2024\/08\/22\/ponte-sullo-stretto-salvini-entro-lanno-la-cantierizzazione\/","title":{"rendered":"Ponte sullo Stretto, Salvini: &#8220;Entro l&#8217;anno la cantierizzazione&#8221;"},"content":{"rendered":"<p style=\"text-align: justify\">Il Ministro delle Infrastrutture, <strong>Matteo Salvini,<\/strong> in un punto stampa al Meeting di Rimini, <strong>conferma l&#8217;avvio della cantierizzazione del Ponte sullo Stretto entro la fine dell&#8217;anno:<\/strong><em> &#8220;Per quanto riguarda la costruzione del Ponte sullo Stretto di Messina &#8220;ci sono 239 domande dal ministero dell&#8217;Ambiente a cui verranno date 239 risposte entro il mese di settembre, quindi \u00e8 chiaro che se si sono presi 4 mesi in pi\u00f9 per dare tutte le garanzie ambientali possibili e immaginabili, cosa che \u00e8 giusto che sia, entro l&#8217;anno l&#8217;obiettivo \u00e8 approvare il progetto definitivo e partire con la cantierizzazione&#8221;,<\/em> <strong>dichiara Salvini.<\/strong><\/p>\n<div id=\"piano-container\"><\/div>\n","protected":false},"excerpt":{"rendered":"<p>Il Ministro delle Infrastrutture, Matteo Salvini, in un punto stampa al Meeting di Rimini, conferma l&#8217;avvio della cantierizzazione del Ponte sullo Stretto entro la fine dell&#8217;anno: &#8220;Per quanto riguarda la&hellip;<\/p>\n","protected":false},"author":12,"featured_media":43160,"comment_status":"closed","ping_status":"open","sticky":false,"template":"","format":"standard","meta":{"_jetpack_memberships_contains_paid_content":false,"footnotes":"","jetpack_publicize_message":"","jetpack_publicize_feature_enabled":true,"jetpack_social_post_already_shared":false,"jetpack_social_options":{"image_generator_settings":{"template":"highway","default_image_id":0,"font":"","enabled":false},"version":2}},"categories":[921,196,140],"tags":[34890,3953,4355],"class_list":["post-56752","post","type-post","status-publish","format-standard","has-post-thumbnail","hentry","category-home","category-news","category-reggio-calabria","tag-entro-lanno-la-cantierizzazione","tag-matteo-salvini","tag-ponte-sullo-stretto"],"yoast_head":"<!-- This site is optimized with the Yoast SEO plugin v27.2 - https:\/\/yoast.com\/product\/yoast-seo-wordpress\/ -->\n<title>Ponte sullo Stretto, Salvini: &quot;Entro l&#039;anno la cantierizzazione&quot;<\/title>\n<meta name=\"description\" content=\"Il Ministro Salvini, al Meeting di Rimini, conferma l&#039;avvio della cantierizzazione del Ponte sullo Stretto entro la fine dell&#039;anno\" \/>\n<meta name=\"robots\" content=\"index, follow, max-snippet:-1, max-image-preview:large, max-video-preview:-1\" \/>\n<link rel=\"canonical\" href=\"https:\/\/progettotouring.it\/radiotouring104\/2024\/08\/22\/ponte-sullo-stretto-salvini-entro-lanno-la-cantierizzazione\/\" \/>\n<meta property=\"og:locale\" content=\"it_IT\" \/>\n<meta property=\"og:type\" content=\"article\" \/>\n<meta property=\"og:title\" content=\"Ponte sullo Stretto, Salvini: &quot;Entro l&#039;anno la cantierizzazione&quot;\" \/>\n<meta property=\"og:description\" content=\"Il Ministro Salvini, al Meeting di Rimini, conferma l&#039;avvio della cantierizzazione del Ponte sullo Stretto entro la fine dell&#039;anno\" \/>\n<meta property=\"og:url\" content=\"https:\/\/progettotouring.it\/radiotouring104\/2024\/08\/22\/ponte-sullo-stretto-salvini-entro-lanno-la-cantierizzazione\/\" \/>\n<meta property=\"og:site_name\" content=\"Radio Touring 104\" \/>\n<meta property=\"article:published_time\" content=\"2024-08-22T07:37:18+00:00\" \/>\n<meta property=\"article:modified_time\" content=\"2024-08-22T10:27:17+00:00\" \/>\n<meta property=\"og:image\" content=\"https:\/\/progettotouring.it\/radiotouring104\/wp-content\/uploads\/sites\/6\/2024\/01\/Ponte-sullo-Stretto-1.jpg\" \/>\n\t<meta property=\"og:image:width\" content=\"667\" \/>\n\t<meta property=\"og:image:height\" content=\"432\" \/>\n\t<meta property=\"og:image:type\" content=\"image\/jpeg\" \/>\n<meta name=\"author\" content=\"Sebastiano Plutino\" \/>\n<meta name=\"twitter:card\" content=\"summary_large_image\" \/>\n<meta name=\"twitter:label1\" content=\"Scritto da\" \/>\n\t<meta name=\"twitter:data1\" content=\"Sebastiano Plutino\" \/>\n<script type=\"application\/ld+json\" class=\"yoast-schema-graph\">{\"@context\":\"https:\/\/schema.org\",\"@graph\":[{\"@type\":\"Article\",\"@id\":\"https:\/\/progettotouring.it\/radiotouring104\/2024\/08\/22\/ponte-sullo-stretto-salvini-entro-lanno-la-cantierizzazione\/#article\",\"isPartOf\":{\"@id\":\"https:\/\/progettotouring.it\/radiotouring104\/2024\/08\/22\/ponte-sullo-stretto-salvini-entro-lanno-la-cantierizzazione\/\"},\"author\":{\"name\":\"Sebastiano Plutino\",\"@id\":\"https:\/\/progettotouring.it\/radiotouring104\/#\/schema\/person\/78613917f1851f041f7483f5af1d422e\"},\"headline\":\"Ponte sullo Stretto, Salvini: &#8220;Entro l&#8217;anno la cantierizzazione&#8221;\",\"datePublished\":\"2024-08-22T07:37:18+00:00\",\"dateModified\":\"2024-08-22T10:27:17+00:00\",\"mainEntityOfPage\":{\"@id\":\"https:\/\/progettotouring.it\/radiotouring104\/2024\/08\/22\/ponte-sullo-stretto-salvini-entro-lanno-la-cantierizzazione\/\"},\"wordCount\":99,\"publisher\":{\"@id\":\"https:\/\/progettotouring.it\/radiotouring104\/#organization\"},\"image\":{\"@id\":\"https:\/\/progettotouring.it\/radiotouring104\/2024\/08\/22\/ponte-sullo-stretto-salvini-entro-lanno-la-cantierizzazione\/#primaryimage\"},\"thumbnailUrl\":\"https:\/\/progettotouring.it\/radiotouring104\/wp-content\/uploads\/sites\/6\/2024\/01\/Ponte-sullo-Stretto-1.jpg\",\"keywords\":[\"\\\"Entro l'anno la cantierizzazione\\\"\",\"Matteo Salvini\",\"Ponte sullo stretto\"],\"articleSection\":[\"Home\",\"News\",\"Reggio Calabria\"],\"inLanguage\":\"it-IT\"},{\"@type\":\"WebPage\",\"@id\":\"https:\/\/progettotouring.it\/radiotouring104\/2024\/08\/22\/ponte-sullo-stretto-salvini-entro-lanno-la-cantierizzazione\/\",\"url\":\"https:\/\/progettotouring.it\/radiotouring104\/2024\/08\/22\/ponte-sullo-stretto-salvini-entro-lanno-la-cantierizzazione\/\",\"name\":\"Ponte sullo Stretto, Salvini: \\\"Entro l'anno la cantierizzazione\\\"\",\"isPartOf\":{\"@id\":\"https:\/\/progettotouring.it\/radiotouring104\/#website\"},\"primaryImageOfPage\":{\"@id\":\"https:\/\/progettotouring.it\/radiotouring104\/2024\/08\/22\/ponte-sullo-stretto-salvini-entro-lanno-la-cantierizzazione\/#primaryimage\"},\"image\":{\"@id\":\"https:\/\/progettotouring.it\/radiotouring104\/2024\/08\/22\/ponte-sullo-stretto-salvini-entro-lanno-la-cantierizzazione\/#primaryimage\"},\"thumbnailUrl\":\"https:\/\/progettotouring.it\/radiotouring104\/wp-content\/uploads\/sites\/6\/2024\/01\/Ponte-sullo-Stretto-1.jpg\",\"datePublished\":\"2024-08-22T07:37:18+00:00\",\"dateModified\":\"2024-08-22T10:27:17+00:00\",\"description\":\"Il Ministro Salvini, al Meeting di Rimini, conferma l'avvio della cantierizzazione del Ponte sullo Stretto entro la fine dell'anno\",\"breadcrumb\":{\"@id\":\"https:\/\/progettotouring.it\/radiotouring104\/2024\/08\/22\/ponte-sullo-stretto-salvini-entro-lanno-la-cantierizzazione\/#breadcrumb\"},\"inLanguage\":\"it-IT\",\"potentialAction\":[{\"@type\":\"ReadAction\",\"target\":[\"https:\/\/progettotouring.it\/radiotouring104\/2024\/08\/22\/ponte-sullo-stretto-salvini-entro-lanno-la-cantierizzazione\/\"]}]},{\"@type\":\"ImageObject\",\"inLanguage\":\"it-IT\",\"@id\":\"https:\/\/progettotouring.it\/radiotouring104\/2024\/08\/22\/ponte-sullo-stretto-salvini-entro-lanno-la-cantierizzazione\/#primaryimage\",\"url\":\"https:\/\/progettotouring.it\/radiotouring104\/wp-content\/uploads\/sites\/6\/2024\/01\/Ponte-sullo-Stretto-1.jpg\",\"contentUrl\":\"https:\/\/progettotouring.it\/radiotouring104\/wp-content\/uploads\/sites\/6\/2024\/01\/Ponte-sullo-Stretto-1.jpg\",\"width\":667,\"height\":432},{\"@type\":\"BreadcrumbList\",\"@id\":\"https:\/\/progettotouring.it\/radiotouring104\/2024\/08\/22\/ponte-sullo-stretto-salvini-entro-lanno-la-cantierizzazione\/#breadcrumb\",\"itemListElement\":[{\"@type\":\"ListItem\",\"position\":1,\"name\":\"Home\",\"item\":\"https:\/\/progettotouring.it\/radiotouring104\/\"},{\"@type\":\"ListItem\",\"position\":2,\"name\":\"Ponte sullo Stretto, Salvini: &#8220;Entro l&#8217;anno la cantierizzazione&#8221;\"}]},{\"@type\":\"WebSite\",\"@id\":\"https:\/\/progettotouring.it\/radiotouring104\/#website\",\"url\":\"https:\/\/progettotouring.it\/radiotouring104\/\",\"name\":\"Radio Touring 104\",\"description\":\"La prima radio Reggina\",\"publisher\":{\"@id\":\"https:\/\/progettotouring.it\/radiotouring104\/#organization\"},\"potentialAction\":[{\"@type\":\"SearchAction\",\"target\":{\"@type\":\"EntryPoint\",\"urlTemplate\":\"https:\/\/progettotouring.it\/radiotouring104\/?s={search_term_string}\"},\"query-input\":{\"@type\":\"PropertyValueSpecification\",\"valueRequired\":true,\"valueName\":\"search_term_string\"}}],\"inLanguage\":\"it-IT\"},{\"@type\":\"Organization\",\"@id\":\"https:\/\/progettotouring.it\/radiotouring104\/#organization\",\"name\":\"Radio Touring 104\",\"url\":\"https:\/\/progettotouring.it\/radiotouring104\/\",\"logo\":{\"@type\":\"ImageObject\",\"inLanguage\":\"it-IT\",\"@id\":\"https:\/\/progettotouring.it\/radiotouring104\/#\/schema\/logo\/image\/\",\"url\":\"https:\/\/progettotouring.it\/radiotouring104\/wp-content\/uploads\/sites\/6\/2022\/02\/cropped-logo-radio-touring-104.png\",\"contentUrl\":\"https:\/\/progettotouring.it\/radiotouring104\/wp-content\/uploads\/sites\/6\/2022\/02\/cropped-logo-radio-touring-104.png\",\"width\":377,\"height\":182,\"caption\":\"Radio Touring 104\"},\"image\":{\"@id\":\"https:\/\/progettotouring.it\/radiotouring104\/#\/schema\/logo\/image\/\"}},{\"@type\":\"Person\",\"@id\":\"https:\/\/progettotouring.it\/radiotouring104\/#\/schema\/person\/78613917f1851f041f7483f5af1d422e\",\"name\":\"Sebastiano Plutino\",\"image\":{\"@type\":\"ImageObject\",\"inLanguage\":\"it-IT\",\"@id\":\"https:\/\/secure.gravatar.com\/avatar\/0546ffaa9b79224faf9f2a156b67a529ae861d3287c66c1d8ccfdf909bcba78d?s=96&d=mm&r=g\",\"url\":\"https:\/\/secure.gravatar.com\/avatar\/0546ffaa9b79224faf9f2a156b67a529ae861d3287c66c1d8ccfdf909bcba78d?s=96&d=mm&r=g\",\"contentUrl\":\"https:\/\/secure.gravatar.com\/avatar\/0546ffaa9b79224faf9f2a156b67a529ae861d3287c66c1d8ccfdf909bcba78d?s=96&d=mm&r=g\",\"caption\":\"Sebastiano Plutino\"},\"url\":\"https:\/\/progettotouring.it\/radiotouring104\/author\/sebastiano\/\"}]}<\/script>\n<!-- \/ Yoast SEO plugin. -->","yoast_head_json":{"title":"Ponte sullo Stretto, Salvini: \"Entro l'anno la cantierizzazione\"","description":"Il Ministro Salvini, al Meeting di Rimini, conferma l'avvio della cantierizzazione del Ponte sullo Stretto entro la fine dell'anno","robots":{"index":"index","follow":"follow","max-snippet":"max-snippet:-1","max-image-preview":"max-image-preview:large","max-video-preview":"max-video-preview:-1"},"canonical":"https:\/\/progettotouring.it\/radiotouring104\/2024\/08\/22\/ponte-sullo-stretto-salvini-entro-lanno-la-cantierizzazione\/","og_locale":"it_IT","og_type":"article","og_title":"Ponte sullo Stretto, Salvini: \"Entro l'anno la cantierizzazione\"","og_description":"Il Ministro Salvini, al Meeting di Rimini, conferma l'avvio della cantierizzazione del Ponte sullo Stretto entro la fine dell'anno","og_url":"https:\/\/progettotouring.it\/radiotouring104\/2024\/08\/22\/ponte-sullo-stretto-salvini-entro-lanno-la-cantierizzazione\/","og_site_name":"Radio Touring 104","article_published_time":"2024-08-22T07:37:18+00:00","article_modified_time":"2024-08-22T10:27:17+00:00","og_image":[{"width":667,"height":432,"url":"https:\/\/progettotouring.it\/radiotouring104\/wp-content\/uploads\/sites\/6\/2024\/01\/Ponte-sullo-Stretto-1.jpg","type":"image\/jpeg"}],"author":"Sebastiano Plutino","twitter_card":"summary_large_image","twitter_misc":{"Scritto da":"Sebastiano Plutino"},"schema":{"@context":"https:\/\/schema.org","@graph":[{"@type":"Article","@id":"https:\/\/progettotouring.it\/radiotouring104\/2024\/08\/22\/ponte-sullo-stretto-salvini-entro-lanno-la-cantierizzazione\/#article","isPartOf":{"@id":"https:\/\/progettotouring.it\/radiotouring104\/2024\/08\/22\/ponte-sullo-stretto-salvini-entro-lanno-la-cantierizzazione\/"},"author":{"name":"Sebastiano Plutino","@id":"https:\/\/progettotouring.it\/radiotouring104\/#\/schema\/person\/78613917f1851f041f7483f5af1d422e"},"headline":"Ponte sullo Stretto, Salvini: &#8220;Entro l&#8217;anno la cantierizzazione&#8221;","datePublished":"2024-08-22T07:37:18+00:00","dateModified":"2024-08-22T10:27:17+00:00","mainEntityOfPage":{"@id":"https:\/\/progettotouring.it\/radiotouring104\/2024\/08\/22\/ponte-sullo-stretto-salvini-entro-lanno-la-cantierizzazione\/"},"wordCount":99,"publisher":{"@id":"https:\/\/progettotouring.it\/radiotouring104\/#organization"},"image":{"@id":"https:\/\/progettotouring.it\/radiotouring104\/2024\/08\/22\/ponte-sullo-stretto-salvini-entro-lanno-la-cantierizzazione\/#primaryimage"},"thumbnailUrl":"https:\/\/progettotouring.it\/radiotouring104\/wp-content\/uploads\/sites\/6\/2024\/01\/Ponte-sullo-Stretto-1.jpg","keywords":["\"Entro l'anno la cantierizzazione\"","Matteo Salvini","Ponte sullo stretto"],"articleSection":["Home","News","Reggio Calabria"],"inLanguage":"it-IT"},{"@type":"WebPage","@id":"https:\/\/progettotouring.it\/radiotouring104\/2024\/08\/22\/ponte-sullo-stretto-salvini-entro-lanno-la-cantierizzazione\/","url":"https:\/\/progettotouring.it\/radiotouring104\/2024\/08\/22\/ponte-sullo-stretto-salvini-entro-lanno-la-cantierizzazione\/","name":"Ponte sullo Stretto, Salvini: \"Entro l'anno la cantierizzazione\"","isPartOf":{"@id":"https:\/\/progettotouring.it\/radiotouring104\/#website"},"primaryImageOfPage":{"@id":"https:\/\/progettotouring.it\/radiotouring104\/2024\/08\/22\/ponte-sullo-stretto-salvini-entro-lanno-la-cantierizzazione\/#primaryimage"},"image":{"@id":"https:\/\/progettotouring.it\/radiotouring104\/2024\/08\/22\/ponte-sullo-stretto-salvini-entro-lanno-la-cantierizzazione\/#primaryimage"},"thumbnailUrl":"https:\/\/progettotouring.it\/radiotouring104\/wp-content\/uploads\/sites\/6\/2024\/01\/Ponte-sullo-Stretto-1.jpg","datePublished":"2024-08-22T07:37:18+00:00","dateModified":"2024-08-22T10:27:17+00:00","description":"Il Ministro Salvini, al Meeting di Rimini, conferma l'avvio della cantierizzazione del Ponte sullo Stretto entro la fine dell'anno","breadcrumb":{"@id":"https:\/\/progettotouring.it\/radiotouring104\/2024\/08\/22\/ponte-sullo-stretto-salvini-entro-lanno-la-cantierizzazione\/#breadcrumb"},"inLanguage":"it-IT","potentialAction":[{"@type":"ReadAction","target":["https:\/\/progettotouring.it\/radiotouring104\/2024\/08\/22\/ponte-sullo-stretto-salvini-entro-lanno-la-cantierizzazione\/"]}]},{"@type":"ImageObject","inLanguage":"it-IT","@id":"https:\/\/progettotouring.it\/radiotouring104\/2024\/08\/22\/ponte-sullo-stretto-salvini-entro-lanno-la-cantierizzazione\/#primaryimage","url":"https:\/\/progettotouring.it\/radiotouring104\/wp-content\/uploads\/sites\/6\/2024\/01\/Ponte-sullo-Stretto-1.jpg","contentUrl":"https:\/\/progettotouring.it\/radiotouring104\/wp-content\/uploads\/sites\/6\/2024\/01\/Ponte-sullo-Stretto-1.jpg","width":667,"height":432},{"@type":"BreadcrumbList","@id":"https:\/\/progettotouring.it\/radiotouring104\/2024\/08\/22\/ponte-sullo-stretto-salvini-entro-lanno-la-cantierizzazione\/#breadcrumb","itemListElement":[{"@type":"ListItem","position":1,"name":"Home","item":"https:\/\/progettotouring.it\/radiotouring104\/"},{"@type":"ListItem","position":2,"name":"Ponte sullo Stretto, Salvini: &#8220;Entro l&#8217;anno la cantierizzazione&#8221;"}]},{"@type":"WebSite","@id":"https:\/\/progettotouring.it\/radiotouring104\/#website","url":"https:\/\/progettotouring.it\/radiotouring104\/","name":"Radio Touring 104","description":"La prima radio Reggina","publisher":{"@id":"https:\/\/progettotouring.it\/radiotouring104\/#organization"},"potentialAction":[{"@type":"SearchAction","target":{"@type":"EntryPoint","urlTemplate":"https:\/\/progettotouring.it\/radiotouring104\/?s={search_term_string}"},"query-input":{"@type":"PropertyValueSpecification","valueRequired":true,"valueName":"search_term_string"}}],"inLanguage":"it-IT"},{"@type":"Organization","@id":"https:\/\/progettotouring.it\/radiotouring104\/#organization","name":"Radio Touring 104","url":"https:\/\/progettotouring.it\/radiotouring104\/","logo":{"@type":"ImageObject","inLanguage":"it-IT","@id":"https:\/\/progettotouring.it\/radiotouring104\/#\/schema\/logo\/image\/","url":"https:\/\/progettotouring.it\/radiotouring104\/wp-content\/uploads\/sites\/6\/2022\/02\/cropped-logo-radio-touring-104.png","contentUrl":"https:\/\/progettotouring.it\/radiotouring104\/wp-content\/uploads\/sites\/6\/2022\/02\/cropped-logo-radio-touring-104.png","width":377,"height":182,"caption":"Radio Touring 104"},"image":{"@id":"https:\/\/progettotouring.it\/radiotouring104\/#\/schema\/logo\/image\/"}},{"@type":"Person","@id":"https:\/\/progettotouring.it\/radiotouring104\/#\/schema\/person\/78613917f1851f041f7483f5af1d422e","name":"Sebastiano Plutino","image":{"@type":"ImageObject","inLanguage":"it-IT","@id":"https:\/\/secure.gravatar.com\/avatar\/0546ffaa9b79224faf9f2a156b67a529ae861d3287c66c1d8ccfdf909bcba78d?s=96&d=mm&r=g","url":"https:\/\/secure.gravatar.com\/avatar\/0546ffaa9b79224faf9f2a156b67a529ae861d3287c66c1d8ccfdf909bcba78d?s=96&d=mm&r=g","contentUrl":"https:\/\/secure.gravatar.com\/avatar\/0546ffaa9b79224faf9f2a156b67a529ae861d3287c66c1d8ccfdf909bcba78d?s=96&d=mm&r=g","caption":"Sebastiano Plutino"},"url":"https:\/\/progettotouring.it\/radiotouring104\/author\/sebastiano\/"}]}},"jetpack_publicize_connections":[],"jetpack_featured_media_url":"https:\/\/progettotouring.it\/radiotouring104\/wp-content\/uploads\/sites\/6\/2024\/01\/Ponte-sullo-Stretto-1.jpg","jetpack_sharing_enabled":true,"_links":{"self":[{"href":"https:\/\/progettotouring.it\/radiotouring104\/wp-json\/wp\/v2\/posts\/56752","targetHints":{"allow":["GET"]}}],"collection":[{"href":"https:\/\/progettotouring.it\/radiotouring104\/wp-json\/wp\/v2\/posts"}],"about":[{"href":"https:\/\/progettotouring.it\/radiotouring104\/wp-json\/wp\/v2\/types\/post"}],"author":[{"embeddable":true,"href":"https:\/\/progettotouring.it\/radiotouring104\/wp-json\/wp\/v2\/users\/12"}],"replies":[{"embeddable":true,"href":"https:\/\/progettotouring.it\/radiotouring104\/wp-json\/wp\/v2\/comments?post=56752"}],"version-history":[{"count":2,"href":"https:\/\/progettotouring.it\/radiotouring104\/wp-json\/wp\/v2\/posts\/56752\/revisions"}],"predecessor-version":[{"id":56787,"href":"https:\/\/progettotouring.it\/radiotouring104\/wp-json\/wp\/v2\/posts\/56752\/revisions\/56787"}],"wp:featuredmedia":[{"embeddable":true,"href":"https:\/\/progettotouring.it\/radiotouring104\/wp-json\/wp\/v2\/media\/43160"}],"wp:attachment":[{"href":"https:\/\/progettotouring.it\/radiotouring104\/wp-json\/wp\/v2\/media?parent=56752"}],"wp:term":[{"taxonomy":"category","embeddable":true,"href":"https:\/\/progettotouring.it\/radiotouring104\/wp-json\/wp\/v2\/categories?post=56752"},{"taxonomy":"post_tag","embeddable":true,"href":"https:\/\/progettotouring.it\/radiotouring104\/wp-json\/wp\/v2\/tags?post=56752"}],"curies":[{"name":"wp","href":"https:\/\/api.w.org\/{rel}","templated":true}]}}