{"id":56754,"date":"2024-08-22T09:55:05","date_gmt":"2024-08-22T07:55:05","guid":{"rendered":"https:\/\/progettotouring.it\/radiotouring104\/?p=56754"},"modified":"2024-08-22T12:58:27","modified_gmt":"2024-08-22T10:58:27","slug":"reggio-presentato-il-festival-cilea-liricclassic-ecco-i-dettagli","status":"publish","type":"post","link":"https:\/\/progettotouring.it\/radiotouring104\/2024\/08\/22\/reggio-presentato-il-festival-cilea-liricclassic-ecco-i-dettagli\/","title":{"rendered":"Reggio: presentato il \u201cFestival Cilea, liric&amp;classic\u201d. Ecco i dettagli."},"content":{"rendered":"<p style=\"text-align: justify\">Nella programmazione degli eventi del<strong>l\u2019Estate Reggina 2024 \u00e8 la volta del<\/strong> <em>\u201cFestival Cilea, Liric &amp; Classic\u201d,<\/em> <strong>presentato ieri<\/strong> dall\u2019Amministrazione comunale,<strong> a Palazzo San Giorgio, in programma dal 23 al 28 agosto<\/strong> e finanziato con il Distretto culturale del Pn Metro Plus.<\/p>\n<p><strong>All&#8217;incontro<\/strong> con la stampa saranno <strong>presenti il Sindaco Giuseppe Falcomat\u00e0,<\/strong> l&#8217;assessore <strong>Carmelo Romeo,<\/strong> il consigliere metropolitano delegato alla Cultura<strong> Filippo Quartuccio<\/strong> ed il direttore artistico <strong>Alessandro Tirotta.<\/strong> Presente anche la dirigente del settore Cultura del Comune di Reggio Calabria, <strong>Loredana Pace<\/strong> e gran parte del cast artistiche che far\u00e0 parte della rassegna musicale.<\/p>\n<p><strong>Un omaggio dell\u2019Amministrazione<\/strong> comunale, guidata dal sindaco<strong> Giuseppe Falcomat\u00e0,<\/strong> ai numerosi appassionati del genere, che avranno modo di apprezzare, <strong>gratuitamente, tutti gli spettacoli, previsti in due location<\/strong>: l\u2019Arena dello Stretto e, in via inedita, dal balcone di Palazzo San Giorgio prospicente il corso Garibaldi.<\/p>\n<p><strong>La rassegna, curata<\/strong> dalla direzione artistica di <strong>Alessandro Tirotta,<\/strong> si avvale del contributo dell\u2019orchestra e coro lirico del Teatro Cilea e del Conservatorio di Reggio Calabria, e numerosi cantanti e musicisti di grande livello, tra cui molti calabresi.<\/p>\n<p style=\"text-align: justify\"><strong>Il programma prevede l\u2019apertura il 23 agosto all\u2019Arena dello Stretto<\/strong>, sul lungomare Italo Falcomat\u00e0, con il Gran gal\u00e0 lirico, con cori, arie, sinfonie ed insiemi del repertorio lirico italiano, Patrimonio dell\u2019Umanit\u00e0. Le musiche saranno di Verdi, Rossini, Donizetti, Puccini, Bellini, Mascagni.<\/p>\n<p style=\"text-align: justify\"><strong>Sabato 24 agosto la rassegna si trasferir\u00e0 a Palazzo San Giorgio,<\/strong> sul Corso Garibaldi, per lo spettacolo \u2018Serenata alla finestra\u2019, a partire dalle 18:00, con un concerto di serenate e canzoni popolari cantate alla finestra, a cura del Conservatorio Cilea. Domenica 25 agosto sempre da Palazzo San Giorgio, alle 18:00, sar\u00e0 la volta dello spettacolo \u2018Opera al balcone\u2019, concerto sempre a cura del Conservatorio Cilea, con brani di opera lirica cantate dai balconi storici della citt\u00e0.<\/p>\n<p style=\"text-align: justify\"><strong>Il 26 agosto, il Festival torner\u00e0 all\u2019Arena dello Stretto per il concerto<\/strong> <em>\u2018Le donne di Puccini<\/em>\u2019, alle 21:30, realizzato in onore del grande compositori italiano a 100 anni dalla sua scomparsa. <strong>Marted\u00ec 27 agosto,<\/strong> alle 21:30, sar\u00e0 la volta di <strong>\u2018Pierino e il lupo\u2019<\/strong> e il sinfonismo francese e russo, lo spettacolo si avvale della voce narrante dell<strong>\u2019attore Rocco Papaleo.<\/strong> Marted\u00ec 28 agosto il gran finale, alle 21:30 si terr\u00e0 il concerto, sempre apprezzato, \u2018Musiche da film\u2019, a cura dell\u2019orchestra del Teatro Cilea e voce narrante dell\u2019attore e cabarettista reggino, Gigi Miseferi.<\/p>\n<p><em>&#8220;Questo festival prosegue l\u2019offerta culturale e turistica pensata ed avviata dal sindaco Falcomat\u00e0 per i nostri cittadini e per i turisti, arricchendo quel \u2018Distretto culturale\u2019 che sar\u00e0 sempre maggiormente arricchito di altri eventi. Siamo soddisfatti del lavoro portato avanti finora<\/em> \u2013 h<strong>a spiegato l&#8217;Assessore Romeo<\/strong> \u2013<em> proseguiremo con altri appuntamenti in quanto siamo solo a met\u00e0 strada di ci\u00f2 che abbiamo programmato&#8221;.<\/em><\/p>\n<div style=\"text-align: justify\"><\/div>\n<div style=\"text-align: justify\">\n<p><strong>Per il direttore artistico<\/strong> della kermesse musicale, <strong>Alessandro Tirotta, si tratta di &#8220;<\/strong>un atto d\u2019amore che vogliamo ribadire nei confronti della nostra citt\u00e0. Tutti gli artisti coinvolti, compresi i numerosi studenti del Conservatorio Cilea, che devono maturare l\u2019orgoglio di poter suonare nella propria citt\u00e0. Abbiamo molti cantanti e musicisti che hanno calcato i palchi dei pi\u00f9 prestigiosi teatri italiani ed internazionali, ma esibirsi a Reggio Calabria \u2013 ha concluso &#8211; ha sempre un gusto particolare&#8221;.<\/p>\n<p><em>&#8220;Il festival della lirica \u2013<\/em><strong> ha detto il consigliere metropolitano delegato alla Cultura Filippo Quartuccio<\/strong> &#8211;<em> \u00e8 uno di quegli appuntamenti al quale teniamo particolarmente. Abbiamo investito molto in questi anni e vogliamo continuare a investire, e possiamo dire ad alta voce che la lirica in questa citt\u00e0 l\u2019abbiamo ripresa noi, l\u2019ha ripresa il Comune, l\u2019ha ripresa la Citt\u00e0 metropolitana. Lo diciamo perch\u00e9 siamo orgogliosi di questo perch\u00e9 non \u00e8 pi\u00f9 un settore musicale di nicchia, ma sempre di pi\u00f9 riscuotendo un grande interesse di pubblico&#8221;.<\/em><\/p>\n<p>In conclusione il sindaco Giuseppe Falcomat\u00e0, in premessa, ha anche voluto ribadire<em> &#8220;l\u2019orgoglio per come stanno andando i festival proposti dall\u2019Amministrazione comunale, anche l\u2019ultimo, Radici, sta registrando un grande successo di pubblico, con la valorizzazione della nostra musica etica. Quando abbiamo parlato della volont\u00e0 di una estate che fosse per tutti \u2013<\/em><strong> ha aggiunto il primo cittadino <\/strong><em><strong>&#8211;<\/strong> parlavamo proprio di una proposta che fosse completa, questo \u00e8 il senso del primo festival &#8216;Cilea&#8217;, dedicato alla musica classica lirica e sinfonica. Stiamo gi\u00e0 pensando al 2025 con l\u2019obiettivo di istituzionalizzarlo con una programmazione ancora pi\u00f9 ampia. Per quest\u2019anno abbiamo una proposta musicale di altissima qualit\u00e0, per questo ringrazio il direttore il maestro Tirotta, il consigliere Filippo Quartuccio che ha avuto l\u2019idea di proporre questo festival, l\u2019assessore Romeo che ha individuato le somme all\u2019interno delle risorse comunitarie e la dirigente del Comune, Loredana Pace&#8221;.<\/em><\/p>\n<\/div>\n","protected":false},"excerpt":{"rendered":"<p>Nella programmazione degli eventi dell\u2019Estate Reggina 2024 \u00e8 la volta del \u201cFestival Cilea, Liric &amp; Classic\u201d, presentato ieri dall\u2019Amministrazione comunale, a Palazzo San Giorgio, in programma dal 23 al 28&hellip;<\/p>\n","protected":false},"author":12,"featured_media":56755,"comment_status":"closed","ping_status":"open","sticky":false,"template":"","format":"standard","meta":{"_jetpack_memberships_contains_paid_content":false,"footnotes":"","jetpack_publicize_message":"","jetpack_publicize_feature_enabled":true,"jetpack_social_post_already_shared":false,"jetpack_social_options":{"image_generator_settings":{"template":"highway","default_image_id":0,"font":"","enabled":false},"version":2}},"categories":[921,196,140],"tags":[34891,4364,34894,34893,30465,468,34892,4372],"class_list":["post-56754","post","type-post","status-publish","format-standard","has-post-thumbnail","hentry","category-home","category-news","category-reggio-calabria","tag-festival-cilea","tag-alessandro-tirotta","tag-conservatorio-reggio-calabria","tag-coro-lirico-del-teatro-cilea","tag-falcomata-giuseppe","tag-filippo-quartuccio","tag-liricclassic","tag-loredana-pace"],"yoast_head":"<!-- This site is optimized with the Yoast SEO plugin v27.2 - https:\/\/yoast.com\/product\/yoast-seo-wordpress\/ -->\n<title>Reggio: presentato il \u201cFestival Cilea, liric&amp;classic\u201d. Ecco i dettagli. - Radio Touring 104<\/title>\n<meta name=\"description\" content=\"Presentata a Palazzo San Giorgio, la rassegna curata dalla Direzione Artistica da Alessandro Tirotta, che si svolger\u00e0 dal 23 al 28 agosto.\" \/>\n<meta name=\"robots\" content=\"index, follow, max-snippet:-1, max-image-preview:large, max-video-preview:-1\" \/>\n<link rel=\"canonical\" href=\"https:\/\/progettotouring.it\/radiotouring104\/2024\/08\/22\/reggio-presentato-il-festival-cilea-liricclassic-ecco-i-dettagli\/\" \/>\n<meta property=\"og:locale\" content=\"it_IT\" \/>\n<meta property=\"og:type\" content=\"article\" \/>\n<meta property=\"og:title\" content=\"Reggio: presentato il \u201cFestival Cilea, liric&amp;classic\u201d. Ecco i dettagli. - Radio Touring 104\" \/>\n<meta property=\"og:description\" content=\"Presentata a Palazzo San Giorgio, la rassegna curata dalla Direzione Artistica da Alessandro Tirotta, che si svolger\u00e0 dal 23 al 28 agosto.\" \/>\n<meta property=\"og:url\" content=\"https:\/\/progettotouring.it\/radiotouring104\/2024\/08\/22\/reggio-presentato-il-festival-cilea-liricclassic-ecco-i-dettagli\/\" \/>\n<meta property=\"og:site_name\" content=\"Radio Touring 104\" \/>\n<meta property=\"article:published_time\" content=\"2024-08-22T07:55:05+00:00\" \/>\n<meta property=\"article:modified_time\" content=\"2024-08-22T10:58:27+00:00\" \/>\n<meta property=\"og:image\" content=\"https:\/\/progettotouring.it\/radiotouring104\/wp-content\/uploads\/sites\/6\/2024\/08\/Alessandro-Tirotta-Falcomata-Quartuccio-Carmelo-Romeo.jpeg\" \/>\n\t<meta property=\"og:image:width\" content=\"1600\" \/>\n\t<meta property=\"og:image:height\" content=\"1090\" \/>\n\t<meta property=\"og:image:type\" content=\"image\/jpeg\" \/>\n<meta name=\"author\" content=\"Sebastiano Plutino\" \/>\n<meta name=\"twitter:card\" content=\"summary_large_image\" \/>\n<meta name=\"twitter:label1\" content=\"Scritto da\" \/>\n\t<meta name=\"twitter:data1\" content=\"Sebastiano Plutino\" \/>\n\t<meta name=\"twitter:label2\" content=\"Tempo di lettura stimato\" \/>\n\t<meta name=\"twitter:data2\" content=\"4 minuti\" \/>\n<script type=\"application\/ld+json\" class=\"yoast-schema-graph\">{\"@context\":\"https:\/\/schema.org\",\"@graph\":[{\"@type\":\"Article\",\"@id\":\"https:\/\/progettotouring.it\/radiotouring104\/2024\/08\/22\/reggio-presentato-il-festival-cilea-liricclassic-ecco-i-dettagli\/#article\",\"isPartOf\":{\"@id\":\"https:\/\/progettotouring.it\/radiotouring104\/2024\/08\/22\/reggio-presentato-il-festival-cilea-liricclassic-ecco-i-dettagli\/\"},\"author\":{\"name\":\"Sebastiano Plutino\",\"@id\":\"https:\/\/progettotouring.it\/radiotouring104\/#\/schema\/person\/78613917f1851f041f7483f5af1d422e\"},\"headline\":\"Reggio: presentato il \u201cFestival Cilea, liric&amp;classic\u201d. Ecco i dettagli.\",\"datePublished\":\"2024-08-22T07:55:05+00:00\",\"dateModified\":\"2024-08-22T10:58:27+00:00\",\"mainEntityOfPage\":{\"@id\":\"https:\/\/progettotouring.it\/radiotouring104\/2024\/08\/22\/reggio-presentato-il-festival-cilea-liricclassic-ecco-i-dettagli\/\"},\"wordCount\":763,\"publisher\":{\"@id\":\"https:\/\/progettotouring.it\/radiotouring104\/#organization\"},\"image\":{\"@id\":\"https:\/\/progettotouring.it\/radiotouring104\/2024\/08\/22\/reggio-presentato-il-festival-cilea-liricclassic-ecco-i-dettagli\/#primaryimage\"},\"thumbnailUrl\":\"https:\/\/progettotouring.it\/radiotouring104\/wp-content\/uploads\/sites\/6\/2024\/08\/Alessandro-Tirotta-Falcomata-Quartuccio-Carmelo-Romeo.jpeg\",\"keywords\":[\"\u201cFestival Cilea\",\"Alessandro Tirotta\",\"Conservatorio reggio calabria\",\"coro lirico del Teatro Cilea\",\"Falcomat\u00e0 Giuseppe\",\"filippo quartuccio\",\"liric&amp;classic\u201d\",\"Loredana Pace\"],\"articleSection\":[\"Home\",\"News\",\"Reggio Calabria\"],\"inLanguage\":\"it-IT\"},{\"@type\":\"WebPage\",\"@id\":\"https:\/\/progettotouring.it\/radiotouring104\/2024\/08\/22\/reggio-presentato-il-festival-cilea-liricclassic-ecco-i-dettagli\/\",\"url\":\"https:\/\/progettotouring.it\/radiotouring104\/2024\/08\/22\/reggio-presentato-il-festival-cilea-liricclassic-ecco-i-dettagli\/\",\"name\":\"Reggio: presentato il \u201cFestival Cilea, liric&amp;classic\u201d. Ecco i dettagli. - Radio Touring 104\",\"isPartOf\":{\"@id\":\"https:\/\/progettotouring.it\/radiotouring104\/#website\"},\"primaryImageOfPage\":{\"@id\":\"https:\/\/progettotouring.it\/radiotouring104\/2024\/08\/22\/reggio-presentato-il-festival-cilea-liricclassic-ecco-i-dettagli\/#primaryimage\"},\"image\":{\"@id\":\"https:\/\/progettotouring.it\/radiotouring104\/2024\/08\/22\/reggio-presentato-il-festival-cilea-liricclassic-ecco-i-dettagli\/#primaryimage\"},\"thumbnailUrl\":\"https:\/\/progettotouring.it\/radiotouring104\/wp-content\/uploads\/sites\/6\/2024\/08\/Alessandro-Tirotta-Falcomata-Quartuccio-Carmelo-Romeo.jpeg\",\"datePublished\":\"2024-08-22T07:55:05+00:00\",\"dateModified\":\"2024-08-22T10:58:27+00:00\",\"description\":\"Presentata a Palazzo San Giorgio, la rassegna curata dalla Direzione Artistica da Alessandro Tirotta, che si svolger\u00e0 dal 23 al 28 agosto.\",\"breadcrumb\":{\"@id\":\"https:\/\/progettotouring.it\/radiotouring104\/2024\/08\/22\/reggio-presentato-il-festival-cilea-liricclassic-ecco-i-dettagli\/#breadcrumb\"},\"inLanguage\":\"it-IT\",\"potentialAction\":[{\"@type\":\"ReadAction\",\"target\":[\"https:\/\/progettotouring.it\/radiotouring104\/2024\/08\/22\/reggio-presentato-il-festival-cilea-liricclassic-ecco-i-dettagli\/\"]}]},{\"@type\":\"ImageObject\",\"inLanguage\":\"it-IT\",\"@id\":\"https:\/\/progettotouring.it\/radiotouring104\/2024\/08\/22\/reggio-presentato-il-festival-cilea-liricclassic-ecco-i-dettagli\/#primaryimage\",\"url\":\"https:\/\/progettotouring.it\/radiotouring104\/wp-content\/uploads\/sites\/6\/2024\/08\/Alessandro-Tirotta-Falcomata-Quartuccio-Carmelo-Romeo.jpeg\",\"contentUrl\":\"https:\/\/progettotouring.it\/radiotouring104\/wp-content\/uploads\/sites\/6\/2024\/08\/Alessandro-Tirotta-Falcomata-Quartuccio-Carmelo-Romeo.jpeg\",\"width\":1600,\"height\":1090},{\"@type\":\"BreadcrumbList\",\"@id\":\"https:\/\/progettotouring.it\/radiotouring104\/2024\/08\/22\/reggio-presentato-il-festival-cilea-liricclassic-ecco-i-dettagli\/#breadcrumb\",\"itemListElement\":[{\"@type\":\"ListItem\",\"position\":1,\"name\":\"Home\",\"item\":\"https:\/\/progettotouring.it\/radiotouring104\/\"},{\"@type\":\"ListItem\",\"position\":2,\"name\":\"Reggio: presentato il \u201cFestival Cilea, liric&amp;classic\u201d. Ecco i dettagli.\"}]},{\"@type\":\"WebSite\",\"@id\":\"https:\/\/progettotouring.it\/radiotouring104\/#website\",\"url\":\"https:\/\/progettotouring.it\/radiotouring104\/\",\"name\":\"Radio Touring 104\",\"description\":\"La prima radio Reggina\",\"publisher\":{\"@id\":\"https:\/\/progettotouring.it\/radiotouring104\/#organization\"},\"potentialAction\":[{\"@type\":\"SearchAction\",\"target\":{\"@type\":\"EntryPoint\",\"urlTemplate\":\"https:\/\/progettotouring.it\/radiotouring104\/?s={search_term_string}\"},\"query-input\":{\"@type\":\"PropertyValueSpecification\",\"valueRequired\":true,\"valueName\":\"search_term_string\"}}],\"inLanguage\":\"it-IT\"},{\"@type\":\"Organization\",\"@id\":\"https:\/\/progettotouring.it\/radiotouring104\/#organization\",\"name\":\"Radio Touring 104\",\"url\":\"https:\/\/progettotouring.it\/radiotouring104\/\",\"logo\":{\"@type\":\"ImageObject\",\"inLanguage\":\"it-IT\",\"@id\":\"https:\/\/progettotouring.it\/radiotouring104\/#\/schema\/logo\/image\/\",\"url\":\"https:\/\/progettotouring.it\/radiotouring104\/wp-content\/uploads\/sites\/6\/2022\/02\/cropped-logo-radio-touring-104.png\",\"contentUrl\":\"https:\/\/progettotouring.it\/radiotouring104\/wp-content\/uploads\/sites\/6\/2022\/02\/cropped-logo-radio-touring-104.png\",\"width\":377,\"height\":182,\"caption\":\"Radio Touring 104\"},\"image\":{\"@id\":\"https:\/\/progettotouring.it\/radiotouring104\/#\/schema\/logo\/image\/\"}},{\"@type\":\"Person\",\"@id\":\"https:\/\/progettotouring.it\/radiotouring104\/#\/schema\/person\/78613917f1851f041f7483f5af1d422e\",\"name\":\"Sebastiano Plutino\",\"image\":{\"@type\":\"ImageObject\",\"inLanguage\":\"it-IT\",\"@id\":\"https:\/\/secure.gravatar.com\/avatar\/0546ffaa9b79224faf9f2a156b67a529ae861d3287c66c1d8ccfdf909bcba78d?s=96&d=mm&r=g\",\"url\":\"https:\/\/secure.gravatar.com\/avatar\/0546ffaa9b79224faf9f2a156b67a529ae861d3287c66c1d8ccfdf909bcba78d?s=96&d=mm&r=g\",\"contentUrl\":\"https:\/\/secure.gravatar.com\/avatar\/0546ffaa9b79224faf9f2a156b67a529ae861d3287c66c1d8ccfdf909bcba78d?s=96&d=mm&r=g\",\"caption\":\"Sebastiano Plutino\"},\"url\":\"https:\/\/progettotouring.it\/radiotouring104\/author\/sebastiano\/\"}]}<\/script>\n<!-- \/ Yoast SEO plugin. -->","yoast_head_json":{"title":"Reggio: presentato il \u201cFestival Cilea, liric&amp;classic\u201d. Ecco i dettagli. - Radio Touring 104","description":"Presentata a Palazzo San Giorgio, la rassegna curata dalla Direzione Artistica da Alessandro Tirotta, che si svolger\u00e0 dal 23 al 28 agosto.","robots":{"index":"index","follow":"follow","max-snippet":"max-snippet:-1","max-image-preview":"max-image-preview:large","max-video-preview":"max-video-preview:-1"},"canonical":"https:\/\/progettotouring.it\/radiotouring104\/2024\/08\/22\/reggio-presentato-il-festival-cilea-liricclassic-ecco-i-dettagli\/","og_locale":"it_IT","og_type":"article","og_title":"Reggio: presentato il \u201cFestival Cilea, liric&amp;classic\u201d. Ecco i dettagli. - Radio Touring 104","og_description":"Presentata a Palazzo San Giorgio, la rassegna curata dalla Direzione Artistica da Alessandro Tirotta, che si svolger\u00e0 dal 23 al 28 agosto.","og_url":"https:\/\/progettotouring.it\/radiotouring104\/2024\/08\/22\/reggio-presentato-il-festival-cilea-liricclassic-ecco-i-dettagli\/","og_site_name":"Radio Touring 104","article_published_time":"2024-08-22T07:55:05+00:00","article_modified_time":"2024-08-22T10:58:27+00:00","og_image":[{"width":1600,"height":1090,"url":"https:\/\/progettotouring.it\/radiotouring104\/wp-content\/uploads\/sites\/6\/2024\/08\/Alessandro-Tirotta-Falcomata-Quartuccio-Carmelo-Romeo.jpeg","type":"image\/jpeg"}],"author":"Sebastiano Plutino","twitter_card":"summary_large_image","twitter_misc":{"Scritto da":"Sebastiano Plutino","Tempo di lettura stimato":"4 minuti"},"schema":{"@context":"https:\/\/schema.org","@graph":[{"@type":"Article","@id":"https:\/\/progettotouring.it\/radiotouring104\/2024\/08\/22\/reggio-presentato-il-festival-cilea-liricclassic-ecco-i-dettagli\/#article","isPartOf":{"@id":"https:\/\/progettotouring.it\/radiotouring104\/2024\/08\/22\/reggio-presentato-il-festival-cilea-liricclassic-ecco-i-dettagli\/"},"author":{"name":"Sebastiano Plutino","@id":"https:\/\/progettotouring.it\/radiotouring104\/#\/schema\/person\/78613917f1851f041f7483f5af1d422e"},"headline":"Reggio: presentato il \u201cFestival Cilea, liric&amp;classic\u201d. Ecco i dettagli.","datePublished":"2024-08-22T07:55:05+00:00","dateModified":"2024-08-22T10:58:27+00:00","mainEntityOfPage":{"@id":"https:\/\/progettotouring.it\/radiotouring104\/2024\/08\/22\/reggio-presentato-il-festival-cilea-liricclassic-ecco-i-dettagli\/"},"wordCount":763,"publisher":{"@id":"https:\/\/progettotouring.it\/radiotouring104\/#organization"},"image":{"@id":"https:\/\/progettotouring.it\/radiotouring104\/2024\/08\/22\/reggio-presentato-il-festival-cilea-liricclassic-ecco-i-dettagli\/#primaryimage"},"thumbnailUrl":"https:\/\/progettotouring.it\/radiotouring104\/wp-content\/uploads\/sites\/6\/2024\/08\/Alessandro-Tirotta-Falcomata-Quartuccio-Carmelo-Romeo.jpeg","keywords":["\u201cFestival Cilea","Alessandro Tirotta","Conservatorio reggio calabria","coro lirico del Teatro Cilea","Falcomat\u00e0 Giuseppe","filippo quartuccio","liric&amp;classic\u201d","Loredana Pace"],"articleSection":["Home","News","Reggio Calabria"],"inLanguage":"it-IT"},{"@type":"WebPage","@id":"https:\/\/progettotouring.it\/radiotouring104\/2024\/08\/22\/reggio-presentato-il-festival-cilea-liricclassic-ecco-i-dettagli\/","url":"https:\/\/progettotouring.it\/radiotouring104\/2024\/08\/22\/reggio-presentato-il-festival-cilea-liricclassic-ecco-i-dettagli\/","name":"Reggio: presentato il \u201cFestival Cilea, liric&amp;classic\u201d. Ecco i dettagli. - Radio Touring 104","isPartOf":{"@id":"https:\/\/progettotouring.it\/radiotouring104\/#website"},"primaryImageOfPage":{"@id":"https:\/\/progettotouring.it\/radiotouring104\/2024\/08\/22\/reggio-presentato-il-festival-cilea-liricclassic-ecco-i-dettagli\/#primaryimage"},"image":{"@id":"https:\/\/progettotouring.it\/radiotouring104\/2024\/08\/22\/reggio-presentato-il-festival-cilea-liricclassic-ecco-i-dettagli\/#primaryimage"},"thumbnailUrl":"https:\/\/progettotouring.it\/radiotouring104\/wp-content\/uploads\/sites\/6\/2024\/08\/Alessandro-Tirotta-Falcomata-Quartuccio-Carmelo-Romeo.jpeg","datePublished":"2024-08-22T07:55:05+00:00","dateModified":"2024-08-22T10:58:27+00:00","description":"Presentata a Palazzo San Giorgio, la rassegna curata dalla Direzione Artistica da Alessandro Tirotta, che si svolger\u00e0 dal 23 al 28 agosto.","breadcrumb":{"@id":"https:\/\/progettotouring.it\/radiotouring104\/2024\/08\/22\/reggio-presentato-il-festival-cilea-liricclassic-ecco-i-dettagli\/#breadcrumb"},"inLanguage":"it-IT","potentialAction":[{"@type":"ReadAction","target":["https:\/\/progettotouring.it\/radiotouring104\/2024\/08\/22\/reggio-presentato-il-festival-cilea-liricclassic-ecco-i-dettagli\/"]}]},{"@type":"ImageObject","inLanguage":"it-IT","@id":"https:\/\/progettotouring.it\/radiotouring104\/2024\/08\/22\/reggio-presentato-il-festival-cilea-liricclassic-ecco-i-dettagli\/#primaryimage","url":"https:\/\/progettotouring.it\/radiotouring104\/wp-content\/uploads\/sites\/6\/2024\/08\/Alessandro-Tirotta-Falcomata-Quartuccio-Carmelo-Romeo.jpeg","contentUrl":"https:\/\/progettotouring.it\/radiotouring104\/wp-content\/uploads\/sites\/6\/2024\/08\/Alessandro-Tirotta-Falcomata-Quartuccio-Carmelo-Romeo.jpeg","width":1600,"height":1090},{"@type":"BreadcrumbList","@id":"https:\/\/progettotouring.it\/radiotouring104\/2024\/08\/22\/reggio-presentato-il-festival-cilea-liricclassic-ecco-i-dettagli\/#breadcrumb","itemListElement":[{"@type":"ListItem","position":1,"name":"Home","item":"https:\/\/progettotouring.it\/radiotouring104\/"},{"@type":"ListItem","position":2,"name":"Reggio: presentato il \u201cFestival Cilea, liric&amp;classic\u201d. Ecco i dettagli."}]},{"@type":"WebSite","@id":"https:\/\/progettotouring.it\/radiotouring104\/#website","url":"https:\/\/progettotouring.it\/radiotouring104\/","name":"Radio Touring 104","description":"La prima radio Reggina","publisher":{"@id":"https:\/\/progettotouring.it\/radiotouring104\/#organization"},"potentialAction":[{"@type":"SearchAction","target":{"@type":"EntryPoint","urlTemplate":"https:\/\/progettotouring.it\/radiotouring104\/?s={search_term_string}"},"query-input":{"@type":"PropertyValueSpecification","valueRequired":true,"valueName":"search_term_string"}}],"inLanguage":"it-IT"},{"@type":"Organization","@id":"https:\/\/progettotouring.it\/radiotouring104\/#organization","name":"Radio Touring 104","url":"https:\/\/progettotouring.it\/radiotouring104\/","logo":{"@type":"ImageObject","inLanguage":"it-IT","@id":"https:\/\/progettotouring.it\/radiotouring104\/#\/schema\/logo\/image\/","url":"https:\/\/progettotouring.it\/radiotouring104\/wp-content\/uploads\/sites\/6\/2022\/02\/cropped-logo-radio-touring-104.png","contentUrl":"https:\/\/progettotouring.it\/radiotouring104\/wp-content\/uploads\/sites\/6\/2022\/02\/cropped-logo-radio-touring-104.png","width":377,"height":182,"caption":"Radio Touring 104"},"image":{"@id":"https:\/\/progettotouring.it\/radiotouring104\/#\/schema\/logo\/image\/"}},{"@type":"Person","@id":"https:\/\/progettotouring.it\/radiotouring104\/#\/schema\/person\/78613917f1851f041f7483f5af1d422e","name":"Sebastiano Plutino","image":{"@type":"ImageObject","inLanguage":"it-IT","@id":"https:\/\/secure.gravatar.com\/avatar\/0546ffaa9b79224faf9f2a156b67a529ae861d3287c66c1d8ccfdf909bcba78d?s=96&d=mm&r=g","url":"https:\/\/secure.gravatar.com\/avatar\/0546ffaa9b79224faf9f2a156b67a529ae861d3287c66c1d8ccfdf909bcba78d?s=96&d=mm&r=g","contentUrl":"https:\/\/secure.gravatar.com\/avatar\/0546ffaa9b79224faf9f2a156b67a529ae861d3287c66c1d8ccfdf909bcba78d?s=96&d=mm&r=g","caption":"Sebastiano Plutino"},"url":"https:\/\/progettotouring.it\/radiotouring104\/author\/sebastiano\/"}]}},"jetpack_publicize_connections":[],"jetpack_featured_media_url":"https:\/\/progettotouring.it\/radiotouring104\/wp-content\/uploads\/sites\/6\/2024\/08\/Alessandro-Tirotta-Falcomata-Quartuccio-Carmelo-Romeo.jpeg","jetpack_sharing_enabled":true,"_links":{"self":[{"href":"https:\/\/progettotouring.it\/radiotouring104\/wp-json\/wp\/v2\/posts\/56754","targetHints":{"allow":["GET"]}}],"collection":[{"href":"https:\/\/progettotouring.it\/radiotouring104\/wp-json\/wp\/v2\/posts"}],"about":[{"href":"https:\/\/progettotouring.it\/radiotouring104\/wp-json\/wp\/v2\/types\/post"}],"author":[{"embeddable":true,"href":"https:\/\/progettotouring.it\/radiotouring104\/wp-json\/wp\/v2\/users\/12"}],"replies":[{"embeddable":true,"href":"https:\/\/progettotouring.it\/radiotouring104\/wp-json\/wp\/v2\/comments?post=56754"}],"version-history":[{"count":2,"href":"https:\/\/progettotouring.it\/radiotouring104\/wp-json\/wp\/v2\/posts\/56754\/revisions"}],"predecessor-version":[{"id":56786,"href":"https:\/\/progettotouring.it\/radiotouring104\/wp-json\/wp\/v2\/posts\/56754\/revisions\/56786"}],"wp:featuredmedia":[{"embeddable":true,"href":"https:\/\/progettotouring.it\/radiotouring104\/wp-json\/wp\/v2\/media\/56755"}],"wp:attachment":[{"href":"https:\/\/progettotouring.it\/radiotouring104\/wp-json\/wp\/v2\/media?parent=56754"}],"wp:term":[{"taxonomy":"category","embeddable":true,"href":"https:\/\/progettotouring.it\/radiotouring104\/wp-json\/wp\/v2\/categories?post=56754"},{"taxonomy":"post_tag","embeddable":true,"href":"https:\/\/progettotouring.it\/radiotouring104\/wp-json\/wp\/v2\/tags?post=56754"}],"curies":[{"name":"wp","href":"https:\/\/api.w.org\/{rel}","templated":true}]}}