{"id":56757,"date":"2024-08-22T10:06:07","date_gmt":"2024-08-22T08:06:07","guid":{"rendered":"https:\/\/progettotouring.it\/radiotouring104\/?p=56757"},"modified":"2024-08-22T10:06:07","modified_gmt":"2024-08-22T08:06:07","slug":"oppido-successo-per-il-concerto-dei-matia-bazar","status":"publish","type":"post","link":"https:\/\/progettotouring.it\/radiotouring104\/2024\/08\/22\/oppido-successo-per-il-concerto-dei-matia-bazar\/","title":{"rendered":"Oppido: successo per il concerto dei Matia Bazar"},"content":{"rendered":"<p style=\"text-align: justify\"><strong>I Matia Bazar incantano Oppido Mamertina. Il concerto,<\/strong> organizzato dalla Citt\u00e0 Metropolitana di Reggio Calabria in collaborazione con il Comune oppidese, <strong>\u00e8 stato un vero e proprio successo<\/strong>. In tanti, sfidando le bizze del meteo, <strong>hanno riempito la piazza del paese<\/strong> per rivivere gli anni della Dolce vita ed emozionarsi sulle note di Vacanze romane, magistralmente interpretata da<strong> Silvia &#8220;Luna&#8221; Dragonieri,<\/strong> dal 2017 nuova voce di uno dei gruppi che hanno contribuito a scrivere pagine indelebili della musica leggera italiana.<\/p>\n<p><strong>Cos\u00ec, la serata \u00e8 scivolata<\/strong> via al suono di indimenticabili <strong>brani come Ti sento, Cavallo Bianco o Solo tu.<\/strong> Un misto di tradizione ed innovazione apprezzata dal pubblico di Oppido Mamertina e dai tanti turisti che hanno promosso, a pieni voti, un <strong>progetto musicale nato nella met\u00e0 degli anni \u201970<\/strong> e che, nonostante i mutamenti,<strong> \u00e8 sempre rimasto fedele ad un\u2019identit\u00e0 che ha consacrato i Matia Bazar<\/strong> nell\u2019Olimpo della canzone d\u2019autore. Belle armonie e la voce possente di Silvia Dragonieri hanno fatto il resto.<\/p>\n<p><em>&#8220;Siamo onorati di poter ospitare questo evento<\/em> &#8211; <strong>ha affermato sul palco il sindaco di Oppido<\/strong> &#8211; <em>tutto questo \u00e8 stato possibile grazie alla Citt\u00e0 Metropolitana, al sindaco Giuseppe Falcomat\u00e0 e al vicesindaco Carmelo Versace che \u00e8 anche un nostro concittadino. Siamo contenti soprattutto per questo splendido pubblico che nonostante le avversit\u00e0 del meteo non ha smesso di applaudire e divertirsi, contribuendo attraverso questo evento a rafforzare quei valori identitari della nostra comunit\u00e0 che proprio in queste occasioni si consolidano&#8221;.<\/em><\/p>\n<p>Il cartellone degli eventi estivi programmati dalla Citt\u00e0 Metropolitana conferma, dunque, la bont\u00e0 delle scelte fatte dall\u2019amministrazione che, anche attraverso i grandi spettacoli e l\u2019intrattenimento, punta a rendere sempre pi\u00f9 attrattivo il comprensorio ed ognuno dei suoi bellissimi borghi.<\/p>\n<div><\/div>\n","protected":false},"excerpt":{"rendered":"<p>I Matia Bazar incantano Oppido Mamertina. Il concerto, organizzato dalla Citt\u00e0 Metropolitana di Reggio Calabria in collaborazione con il Comune oppidese, \u00e8 stato un vero e proprio successo. In tanti,&hellip;<\/p>\n","protected":false},"author":12,"featured_media":56758,"comment_status":"closed","ping_status":"open","sticky":false,"template":"","format":"standard","meta":{"_jetpack_memberships_contains_paid_content":false,"footnotes":"","jetpack_publicize_message":"","jetpack_publicize_feature_enabled":true,"jetpack_social_post_already_shared":false,"jetpack_social_options":{"image_generator_settings":{"template":"highway","default_image_id":0,"font":"","enabled":false},"version":2}},"categories":[921,196,140],"tags":[34313,563,890,34895,2052],"class_list":["post-56757","post","type-post","status-publish","format-standard","has-post-thumbnail","hentry","category-home","category-news","category-reggio-calabria","tag-cartellone-estivo","tag-citta-metropolitana-di-reggio-calabria","tag-concerto","tag-matia-bazar","tag-oppido-mamertina"],"yoast_head":"<!-- This site is optimized with the Yoast SEO plugin v27.2 - https:\/\/yoast.com\/product\/yoast-seo-wordpress\/ -->\n<title>Oppido: successo per il concerto dei Matia Bazar - Radio Touring 104<\/title>\n<meta name=\"description\" content=\"Successo per la band italiana: piazza oppidese piena, nonostante il meteo. Prosegue il cartellone dell&#039;estate reggina di Metrocity\" \/>\n<meta name=\"robots\" content=\"index, follow, max-snippet:-1, max-image-preview:large, max-video-preview:-1\" \/>\n<link rel=\"canonical\" href=\"https:\/\/progettotouring.it\/radiotouring104\/2024\/08\/22\/oppido-successo-per-il-concerto-dei-matia-bazar\/\" \/>\n<meta property=\"og:locale\" content=\"it_IT\" \/>\n<meta property=\"og:type\" content=\"article\" \/>\n<meta property=\"og:title\" content=\"Oppido: successo per il concerto dei Matia Bazar - Radio Touring 104\" \/>\n<meta property=\"og:description\" content=\"Successo per la band italiana: piazza oppidese piena, nonostante il meteo. Prosegue il cartellone dell&#039;estate reggina di Metrocity\" \/>\n<meta property=\"og:url\" content=\"https:\/\/progettotouring.it\/radiotouring104\/2024\/08\/22\/oppido-successo-per-il-concerto-dei-matia-bazar\/\" \/>\n<meta property=\"og:site_name\" content=\"Radio Touring 104\" \/>\n<meta property=\"article:published_time\" content=\"2024-08-22T08:06:07+00:00\" \/>\n<meta property=\"og:image\" content=\"https:\/\/progettotouring.it\/radiotouring104\/wp-content\/uploads\/sites\/6\/2024\/08\/matia-bazar-oppido-4.jpg\" \/>\n\t<meta property=\"og:image:width\" content=\"960\" \/>\n\t<meta property=\"og:image:height\" content=\"720\" \/>\n\t<meta property=\"og:image:type\" content=\"image\/jpeg\" \/>\n<meta name=\"author\" content=\"Sebastiano Plutino\" \/>\n<meta name=\"twitter:card\" content=\"summary_large_image\" \/>\n<meta name=\"twitter:label1\" content=\"Scritto da\" \/>\n\t<meta name=\"twitter:data1\" content=\"Sebastiano Plutino\" \/>\n\t<meta name=\"twitter:label2\" content=\"Tempo di lettura stimato\" \/>\n\t<meta name=\"twitter:data2\" content=\"1 minuto\" \/>\n<script type=\"application\/ld+json\" class=\"yoast-schema-graph\">{\"@context\":\"https:\/\/schema.org\",\"@graph\":[{\"@type\":\"Article\",\"@id\":\"https:\/\/progettotouring.it\/radiotouring104\/2024\/08\/22\/oppido-successo-per-il-concerto-dei-matia-bazar\/#article\",\"isPartOf\":{\"@id\":\"https:\/\/progettotouring.it\/radiotouring104\/2024\/08\/22\/oppido-successo-per-il-concerto-dei-matia-bazar\/\"},\"author\":{\"name\":\"Sebastiano Plutino\",\"@id\":\"https:\/\/progettotouring.it\/radiotouring104\/#\/schema\/person\/78613917f1851f041f7483f5af1d422e\"},\"headline\":\"Oppido: successo per il concerto dei Matia Bazar\",\"datePublished\":\"2024-08-22T08:06:07+00:00\",\"mainEntityOfPage\":{\"@id\":\"https:\/\/progettotouring.it\/radiotouring104\/2024\/08\/22\/oppido-successo-per-il-concerto-dei-matia-bazar\/\"},\"wordCount\":289,\"publisher\":{\"@id\":\"https:\/\/progettotouring.it\/radiotouring104\/#organization\"},\"image\":{\"@id\":\"https:\/\/progettotouring.it\/radiotouring104\/2024\/08\/22\/oppido-successo-per-il-concerto-dei-matia-bazar\/#primaryimage\"},\"thumbnailUrl\":\"https:\/\/progettotouring.it\/radiotouring104\/wp-content\/uploads\/sites\/6\/2024\/08\/matia-bazar-oppido-4.jpg\",\"keywords\":[\"cartellone estivo\",\"Citt\u00e0 Metropolitana di Reggio Calabria\",\"concerto\",\"Matia Bazar\",\"Oppido Mamertina\"],\"articleSection\":[\"Home\",\"News\",\"Reggio Calabria\"],\"inLanguage\":\"it-IT\"},{\"@type\":\"WebPage\",\"@id\":\"https:\/\/progettotouring.it\/radiotouring104\/2024\/08\/22\/oppido-successo-per-il-concerto-dei-matia-bazar\/\",\"url\":\"https:\/\/progettotouring.it\/radiotouring104\/2024\/08\/22\/oppido-successo-per-il-concerto-dei-matia-bazar\/\",\"name\":\"Oppido: successo per il concerto dei Matia Bazar - Radio Touring 104\",\"isPartOf\":{\"@id\":\"https:\/\/progettotouring.it\/radiotouring104\/#website\"},\"primaryImageOfPage\":{\"@id\":\"https:\/\/progettotouring.it\/radiotouring104\/2024\/08\/22\/oppido-successo-per-il-concerto-dei-matia-bazar\/#primaryimage\"},\"image\":{\"@id\":\"https:\/\/progettotouring.it\/radiotouring104\/2024\/08\/22\/oppido-successo-per-il-concerto-dei-matia-bazar\/#primaryimage\"},\"thumbnailUrl\":\"https:\/\/progettotouring.it\/radiotouring104\/wp-content\/uploads\/sites\/6\/2024\/08\/matia-bazar-oppido-4.jpg\",\"datePublished\":\"2024-08-22T08:06:07+00:00\",\"description\":\"Successo per la band italiana: piazza oppidese piena, nonostante il meteo. Prosegue il cartellone dell'estate reggina di Metrocity\",\"breadcrumb\":{\"@id\":\"https:\/\/progettotouring.it\/radiotouring104\/2024\/08\/22\/oppido-successo-per-il-concerto-dei-matia-bazar\/#breadcrumb\"},\"inLanguage\":\"it-IT\",\"potentialAction\":[{\"@type\":\"ReadAction\",\"target\":[\"https:\/\/progettotouring.it\/radiotouring104\/2024\/08\/22\/oppido-successo-per-il-concerto-dei-matia-bazar\/\"]}]},{\"@type\":\"ImageObject\",\"inLanguage\":\"it-IT\",\"@id\":\"https:\/\/progettotouring.it\/radiotouring104\/2024\/08\/22\/oppido-successo-per-il-concerto-dei-matia-bazar\/#primaryimage\",\"url\":\"https:\/\/progettotouring.it\/radiotouring104\/wp-content\/uploads\/sites\/6\/2024\/08\/matia-bazar-oppido-4.jpg\",\"contentUrl\":\"https:\/\/progettotouring.it\/radiotouring104\/wp-content\/uploads\/sites\/6\/2024\/08\/matia-bazar-oppido-4.jpg\",\"width\":960,\"height\":720},{\"@type\":\"BreadcrumbList\",\"@id\":\"https:\/\/progettotouring.it\/radiotouring104\/2024\/08\/22\/oppido-successo-per-il-concerto-dei-matia-bazar\/#breadcrumb\",\"itemListElement\":[{\"@type\":\"ListItem\",\"position\":1,\"name\":\"Home\",\"item\":\"https:\/\/progettotouring.it\/radiotouring104\/\"},{\"@type\":\"ListItem\",\"position\":2,\"name\":\"Oppido: successo per il concerto dei Matia Bazar\"}]},{\"@type\":\"WebSite\",\"@id\":\"https:\/\/progettotouring.it\/radiotouring104\/#website\",\"url\":\"https:\/\/progettotouring.it\/radiotouring104\/\",\"name\":\"Radio Touring 104\",\"description\":\"La prima radio Reggina\",\"publisher\":{\"@id\":\"https:\/\/progettotouring.it\/radiotouring104\/#organization\"},\"potentialAction\":[{\"@type\":\"SearchAction\",\"target\":{\"@type\":\"EntryPoint\",\"urlTemplate\":\"https:\/\/progettotouring.it\/radiotouring104\/?s={search_term_string}\"},\"query-input\":{\"@type\":\"PropertyValueSpecification\",\"valueRequired\":true,\"valueName\":\"search_term_string\"}}],\"inLanguage\":\"it-IT\"},{\"@type\":\"Organization\",\"@id\":\"https:\/\/progettotouring.it\/radiotouring104\/#organization\",\"name\":\"Radio Touring 104\",\"url\":\"https:\/\/progettotouring.it\/radiotouring104\/\",\"logo\":{\"@type\":\"ImageObject\",\"inLanguage\":\"it-IT\",\"@id\":\"https:\/\/progettotouring.it\/radiotouring104\/#\/schema\/logo\/image\/\",\"url\":\"https:\/\/progettotouring.it\/radiotouring104\/wp-content\/uploads\/sites\/6\/2022\/02\/cropped-logo-radio-touring-104.png\",\"contentUrl\":\"https:\/\/progettotouring.it\/radiotouring104\/wp-content\/uploads\/sites\/6\/2022\/02\/cropped-logo-radio-touring-104.png\",\"width\":377,\"height\":182,\"caption\":\"Radio Touring 104\"},\"image\":{\"@id\":\"https:\/\/progettotouring.it\/radiotouring104\/#\/schema\/logo\/image\/\"}},{\"@type\":\"Person\",\"@id\":\"https:\/\/progettotouring.it\/radiotouring104\/#\/schema\/person\/78613917f1851f041f7483f5af1d422e\",\"name\":\"Sebastiano Plutino\",\"image\":{\"@type\":\"ImageObject\",\"inLanguage\":\"it-IT\",\"@id\":\"https:\/\/secure.gravatar.com\/avatar\/0546ffaa9b79224faf9f2a156b67a529ae861d3287c66c1d8ccfdf909bcba78d?s=96&d=mm&r=g\",\"url\":\"https:\/\/secure.gravatar.com\/avatar\/0546ffaa9b79224faf9f2a156b67a529ae861d3287c66c1d8ccfdf909bcba78d?s=96&d=mm&r=g\",\"contentUrl\":\"https:\/\/secure.gravatar.com\/avatar\/0546ffaa9b79224faf9f2a156b67a529ae861d3287c66c1d8ccfdf909bcba78d?s=96&d=mm&r=g\",\"caption\":\"Sebastiano Plutino\"},\"url\":\"https:\/\/progettotouring.it\/radiotouring104\/author\/sebastiano\/\"}]}<\/script>\n<!-- \/ Yoast SEO plugin. -->","yoast_head_json":{"title":"Oppido: successo per il concerto dei Matia Bazar - Radio Touring 104","description":"Successo per la band italiana: piazza oppidese piena, nonostante il meteo. Prosegue il cartellone dell'estate reggina di Metrocity","robots":{"index":"index","follow":"follow","max-snippet":"max-snippet:-1","max-image-preview":"max-image-preview:large","max-video-preview":"max-video-preview:-1"},"canonical":"https:\/\/progettotouring.it\/radiotouring104\/2024\/08\/22\/oppido-successo-per-il-concerto-dei-matia-bazar\/","og_locale":"it_IT","og_type":"article","og_title":"Oppido: successo per il concerto dei Matia Bazar - Radio Touring 104","og_description":"Successo per la band italiana: piazza oppidese piena, nonostante il meteo. Prosegue il cartellone dell'estate reggina di Metrocity","og_url":"https:\/\/progettotouring.it\/radiotouring104\/2024\/08\/22\/oppido-successo-per-il-concerto-dei-matia-bazar\/","og_site_name":"Radio Touring 104","article_published_time":"2024-08-22T08:06:07+00:00","og_image":[{"width":960,"height":720,"url":"https:\/\/progettotouring.it\/radiotouring104\/wp-content\/uploads\/sites\/6\/2024\/08\/matia-bazar-oppido-4.jpg","type":"image\/jpeg"}],"author":"Sebastiano Plutino","twitter_card":"summary_large_image","twitter_misc":{"Scritto da":"Sebastiano Plutino","Tempo di lettura stimato":"1 minuto"},"schema":{"@context":"https:\/\/schema.org","@graph":[{"@type":"Article","@id":"https:\/\/progettotouring.it\/radiotouring104\/2024\/08\/22\/oppido-successo-per-il-concerto-dei-matia-bazar\/#article","isPartOf":{"@id":"https:\/\/progettotouring.it\/radiotouring104\/2024\/08\/22\/oppido-successo-per-il-concerto-dei-matia-bazar\/"},"author":{"name":"Sebastiano Plutino","@id":"https:\/\/progettotouring.it\/radiotouring104\/#\/schema\/person\/78613917f1851f041f7483f5af1d422e"},"headline":"Oppido: successo per il concerto dei Matia Bazar","datePublished":"2024-08-22T08:06:07+00:00","mainEntityOfPage":{"@id":"https:\/\/progettotouring.it\/radiotouring104\/2024\/08\/22\/oppido-successo-per-il-concerto-dei-matia-bazar\/"},"wordCount":289,"publisher":{"@id":"https:\/\/progettotouring.it\/radiotouring104\/#organization"},"image":{"@id":"https:\/\/progettotouring.it\/radiotouring104\/2024\/08\/22\/oppido-successo-per-il-concerto-dei-matia-bazar\/#primaryimage"},"thumbnailUrl":"https:\/\/progettotouring.it\/radiotouring104\/wp-content\/uploads\/sites\/6\/2024\/08\/matia-bazar-oppido-4.jpg","keywords":["cartellone estivo","Citt\u00e0 Metropolitana di Reggio Calabria","concerto","Matia Bazar","Oppido Mamertina"],"articleSection":["Home","News","Reggio Calabria"],"inLanguage":"it-IT"},{"@type":"WebPage","@id":"https:\/\/progettotouring.it\/radiotouring104\/2024\/08\/22\/oppido-successo-per-il-concerto-dei-matia-bazar\/","url":"https:\/\/progettotouring.it\/radiotouring104\/2024\/08\/22\/oppido-successo-per-il-concerto-dei-matia-bazar\/","name":"Oppido: successo per il concerto dei Matia Bazar - Radio Touring 104","isPartOf":{"@id":"https:\/\/progettotouring.it\/radiotouring104\/#website"},"primaryImageOfPage":{"@id":"https:\/\/progettotouring.it\/radiotouring104\/2024\/08\/22\/oppido-successo-per-il-concerto-dei-matia-bazar\/#primaryimage"},"image":{"@id":"https:\/\/progettotouring.it\/radiotouring104\/2024\/08\/22\/oppido-successo-per-il-concerto-dei-matia-bazar\/#primaryimage"},"thumbnailUrl":"https:\/\/progettotouring.it\/radiotouring104\/wp-content\/uploads\/sites\/6\/2024\/08\/matia-bazar-oppido-4.jpg","datePublished":"2024-08-22T08:06:07+00:00","description":"Successo per la band italiana: piazza oppidese piena, nonostante il meteo. Prosegue il cartellone dell'estate reggina di Metrocity","breadcrumb":{"@id":"https:\/\/progettotouring.it\/radiotouring104\/2024\/08\/22\/oppido-successo-per-il-concerto-dei-matia-bazar\/#breadcrumb"},"inLanguage":"it-IT","potentialAction":[{"@type":"ReadAction","target":["https:\/\/progettotouring.it\/radiotouring104\/2024\/08\/22\/oppido-successo-per-il-concerto-dei-matia-bazar\/"]}]},{"@type":"ImageObject","inLanguage":"it-IT","@id":"https:\/\/progettotouring.it\/radiotouring104\/2024\/08\/22\/oppido-successo-per-il-concerto-dei-matia-bazar\/#primaryimage","url":"https:\/\/progettotouring.it\/radiotouring104\/wp-content\/uploads\/sites\/6\/2024\/08\/matia-bazar-oppido-4.jpg","contentUrl":"https:\/\/progettotouring.it\/radiotouring104\/wp-content\/uploads\/sites\/6\/2024\/08\/matia-bazar-oppido-4.jpg","width":960,"height":720},{"@type":"BreadcrumbList","@id":"https:\/\/progettotouring.it\/radiotouring104\/2024\/08\/22\/oppido-successo-per-il-concerto-dei-matia-bazar\/#breadcrumb","itemListElement":[{"@type":"ListItem","position":1,"name":"Home","item":"https:\/\/progettotouring.it\/radiotouring104\/"},{"@type":"ListItem","position":2,"name":"Oppido: successo per il concerto dei Matia Bazar"}]},{"@type":"WebSite","@id":"https:\/\/progettotouring.it\/radiotouring104\/#website","url":"https:\/\/progettotouring.it\/radiotouring104\/","name":"Radio Touring 104","description":"La prima radio Reggina","publisher":{"@id":"https:\/\/progettotouring.it\/radiotouring104\/#organization"},"potentialAction":[{"@type":"SearchAction","target":{"@type":"EntryPoint","urlTemplate":"https:\/\/progettotouring.it\/radiotouring104\/?s={search_term_string}"},"query-input":{"@type":"PropertyValueSpecification","valueRequired":true,"valueName":"search_term_string"}}],"inLanguage":"it-IT"},{"@type":"Organization","@id":"https:\/\/progettotouring.it\/radiotouring104\/#organization","name":"Radio Touring 104","url":"https:\/\/progettotouring.it\/radiotouring104\/","logo":{"@type":"ImageObject","inLanguage":"it-IT","@id":"https:\/\/progettotouring.it\/radiotouring104\/#\/schema\/logo\/image\/","url":"https:\/\/progettotouring.it\/radiotouring104\/wp-content\/uploads\/sites\/6\/2022\/02\/cropped-logo-radio-touring-104.png","contentUrl":"https:\/\/progettotouring.it\/radiotouring104\/wp-content\/uploads\/sites\/6\/2022\/02\/cropped-logo-radio-touring-104.png","width":377,"height":182,"caption":"Radio Touring 104"},"image":{"@id":"https:\/\/progettotouring.it\/radiotouring104\/#\/schema\/logo\/image\/"}},{"@type":"Person","@id":"https:\/\/progettotouring.it\/radiotouring104\/#\/schema\/person\/78613917f1851f041f7483f5af1d422e","name":"Sebastiano Plutino","image":{"@type":"ImageObject","inLanguage":"it-IT","@id":"https:\/\/secure.gravatar.com\/avatar\/0546ffaa9b79224faf9f2a156b67a529ae861d3287c66c1d8ccfdf909bcba78d?s=96&d=mm&r=g","url":"https:\/\/secure.gravatar.com\/avatar\/0546ffaa9b79224faf9f2a156b67a529ae861d3287c66c1d8ccfdf909bcba78d?s=96&d=mm&r=g","contentUrl":"https:\/\/secure.gravatar.com\/avatar\/0546ffaa9b79224faf9f2a156b67a529ae861d3287c66c1d8ccfdf909bcba78d?s=96&d=mm&r=g","caption":"Sebastiano Plutino"},"url":"https:\/\/progettotouring.it\/radiotouring104\/author\/sebastiano\/"}]}},"jetpack_publicize_connections":[],"jetpack_featured_media_url":"https:\/\/progettotouring.it\/radiotouring104\/wp-content\/uploads\/sites\/6\/2024\/08\/matia-bazar-oppido-4.jpg","jetpack_sharing_enabled":true,"_links":{"self":[{"href":"https:\/\/progettotouring.it\/radiotouring104\/wp-json\/wp\/v2\/posts\/56757","targetHints":{"allow":["GET"]}}],"collection":[{"href":"https:\/\/progettotouring.it\/radiotouring104\/wp-json\/wp\/v2\/posts"}],"about":[{"href":"https:\/\/progettotouring.it\/radiotouring104\/wp-json\/wp\/v2\/types\/post"}],"author":[{"embeddable":true,"href":"https:\/\/progettotouring.it\/radiotouring104\/wp-json\/wp\/v2\/users\/12"}],"replies":[{"embeddable":true,"href":"https:\/\/progettotouring.it\/radiotouring104\/wp-json\/wp\/v2\/comments?post=56757"}],"version-history":[{"count":1,"href":"https:\/\/progettotouring.it\/radiotouring104\/wp-json\/wp\/v2\/posts\/56757\/revisions"}],"predecessor-version":[{"id":56759,"href":"https:\/\/progettotouring.it\/radiotouring104\/wp-json\/wp\/v2\/posts\/56757\/revisions\/56759"}],"wp:featuredmedia":[{"embeddable":true,"href":"https:\/\/progettotouring.it\/radiotouring104\/wp-json\/wp\/v2\/media\/56758"}],"wp:attachment":[{"href":"https:\/\/progettotouring.it\/radiotouring104\/wp-json\/wp\/v2\/media?parent=56757"}],"wp:term":[{"taxonomy":"category","embeddable":true,"href":"https:\/\/progettotouring.it\/radiotouring104\/wp-json\/wp\/v2\/categories?post=56757"},{"taxonomy":"post_tag","embeddable":true,"href":"https:\/\/progettotouring.it\/radiotouring104\/wp-json\/wp\/v2\/tags?post=56757"}],"curies":[{"name":"wp","href":"https:\/\/api.w.org\/{rel}","templated":true}]}}