{"id":56761,"date":"2024-08-22T10:17:18","date_gmt":"2024-08-22T08:17:18","guid":{"rendered":"https:\/\/progettotouring.it\/radiotouring104\/?p=56761"},"modified":"2024-08-22T12:28:35","modified_gmt":"2024-08-22T10:28:35","slug":"locri-oggi-il-concerto-di-paolo-belli-e-la-sua-big-band","status":"publish","type":"post","link":"https:\/\/progettotouring.it\/radiotouring104\/2024\/08\/22\/locri-oggi-il-concerto-di-paolo-belli-e-la-sua-big-band\/","title":{"rendered":"Locri: oggi il concerto di Paolo Belli e la sua Big Band."},"content":{"rendered":"<div style=\"text-align: justify\">\n<p class=\"xmprfx_MsoNormal\">Questa sera a\u00a0<b>Locri (RC)<i>\u00a0<\/i><\/b><b>\u00a0<\/b>arriva Il \u201c<b>Summer Tour 2024\u201d di Paolo Belli con la sua Big Band<\/b>\u00a0(RC) nel quadro degli eventi programmati dalla\u00a0<b>Citt\u00e0 Metropolitana di Reggio Calabria<\/b>\u00a0nel vari centri del vasto territorio metropolitano. L\u2019evento ha la collaborazione del\u00a0<b>Comune di Locri<\/b>\u00a0e di\u00a0<b>Fatti di Musica<\/b>, il Festival del Live d\u2019Autore diretto da Ruggero Pegna, che chiude stasera la sua ricchissima sezione estiva in numerose splendide location della regione. L\u2019appuntamento \u00e8 alle ore 22:00 in Piazza dei Martiri. L\u2019ingresso \u00e8 gratuito.<\/p>\n<p class=\"xmprfx_MsoNormal\"><b>Paolo Belli\u00a0<\/b>porter\u00e0 anche a Locri, citt\u00e0 simbolo della Magna Graecia ed area archeologica pi\u00f9 importante della Calabria, il suo show allegro e pieno di energia, rinnovato nella scaletta che mette insieme i suoi grandi classici, come<b>\u00a0Ladri di Biciclette, Sotto questo sole, Dr Jazz &amp; Mr Funk, Hey Signorina Mambo, Ho voglia di Ballare,<\/b>\u00a0e tanti altri successi arrangiati in una nuova veste. Un concerto unico nel suo genere, una sorta di pop colorato di swing, caratterizzato proprio dal suo sound inconfondibile, frutto di un percorso fatto negli ultimi 25 anni sempre con a fianco la sua Big Band, un gruppo affiatato che collabora con lui non solo sui palchi durante la stagione estiva, ma anche negli impegni in tv e a teatro.<\/p>\n<p class=\"xmprfx_MsoNormal\">Il concerto di\u00a0<b>Paolo Belli<\/b>\u00a0\u00e8 musica e divertimento, un mix irresistibile di canzoni e parole che appassiona e rende protagonista il suo pubblico, una platea di tutte le et\u00e0 che non ha mai mancato di dimostrare al cantante emiliano affetto e stima nel corso di una carriera che dura ormai da 35 anni, iniziata con i\u00a0<b>Ladri di Biciclette<\/b>.<\/p>\n<p class=\"xmprfx_MsoNormal\">\u00a0<b>La Paolo Belli Big Band\u00a0<\/b>\u00e8 composta da Mauro Parma alla batteria, Enzo Proietti al pianoforte e tastiere, Gaetano Puzzutiello al contrabbasso e al basso elettrico, Peppe Stefanelli alle percussioni, Paolo Varoli alla chitarra, Pierluigi Bastioli e Daniele Bocchini al trombone, Davide Ghidoni e Nicola Bertoncin alla tromba, Marco Postacchini e Gabriele Costantini al sax, Juan Carlos Albelo Zamora al violino e all\u2019armonica.<\/p>\n<p class=\"xmprfx_MsoNormal\"><i>\u201cAnche quest\u2019estate \u2013\u00a0<\/i>afferma Giuseppe Falcomat\u00e0<i>,\u00a0<\/i>sindaco di Reggio e della Citt\u00e0 Metropolitana<i>\u00a0\u2013 abbiamo voluto offrire a cittadini e turisti che affollano le nostre splendide localit\u00e0 turistiche, sia tirreniche, sia ioniche o aspromontane, ricche di bellezze paesaggistiche, storia e cultura, eventi d\u2019intrattenimento e divertimento, in modo da rendere le vacanze pi\u00f9 gradevoli e indimenticabili;\u00a0 Locri \u00e8 una delle perle del nostro territorio e sono certo che questa sera chi arriver\u00e0 per il concerto ne apprezzer\u00e0 accoglienza e bellezza!\u201d.<\/i><\/p>\n<p class=\"xmprfx_MsoNormal\">\n<\/div>\n<div><\/div>\n","protected":false},"excerpt":{"rendered":"<p>Questa sera a\u00a0Locri (RC)\u00a0\u00a0arriva Il \u201cSummer Tour 2024\u201d di Paolo Belli con la sua Big Band\u00a0(RC) nel quadro degli eventi programmati dalla\u00a0Citt\u00e0 Metropolitana di Reggio Calabria\u00a0nel vari centri del vasto&hellip;<\/p>\n","protected":false},"author":12,"featured_media":56762,"comment_status":"closed","ping_status":"open","sticky":false,"template":"","format":"standard","meta":{"_jetpack_memberships_contains_paid_content":false,"footnotes":"","jetpack_publicize_message":"","jetpack_publicize_feature_enabled":true,"jetpack_social_post_already_shared":false,"jetpack_social_options":{"image_generator_settings":{"template":"highway","default_image_id":0,"font":"","enabled":false},"version":2}},"categories":[921,196,140],"tags":[5737,34316,34896,34897,34898],"class_list":["post-56761","post","type-post","status-publish","format-standard","has-post-thumbnail","hentry","category-home","category-news","category-reggio-calabria","tag-citta-metropolitana-reggio-calabria","tag-comune-di-locri","tag-paolo-belli","tag-paolo-belli-la-big-band","tag-piazza-dei-martiri"],"yoast_head":"<!-- This site is optimized with the Yoast SEO plugin v27.2 - https:\/\/yoast.com\/product\/yoast-seo-wordpress\/ -->\n<title>Locri: oggi il concerto di Paolo Belli e la sua Big Band.<\/title>\n<meta name=\"description\" content=\"L&#039;estate metropolitana fa tappa a Locri. Oggi alle 22 in piazza dei Martiri, l concerto di Paolo Belli e la sua Big Band.\" \/>\n<meta name=\"robots\" content=\"index, follow, max-snippet:-1, max-image-preview:large, max-video-preview:-1\" \/>\n<link rel=\"canonical\" href=\"https:\/\/progettotouring.it\/radiotouring104\/2024\/08\/22\/locri-oggi-il-concerto-di-paolo-belli-e-la-sua-big-band\/\" \/>\n<meta property=\"og:locale\" content=\"it_IT\" \/>\n<meta property=\"og:type\" content=\"article\" \/>\n<meta property=\"og:title\" content=\"Locri: oggi il concerto di Paolo Belli e la sua Big Band.\" \/>\n<meta property=\"og:description\" content=\"L&#039;estate metropolitana fa tappa a Locri. Oggi alle 22 in piazza dei Martiri, l concerto di Paolo Belli e la sua Big Band.\" \/>\n<meta property=\"og:url\" content=\"https:\/\/progettotouring.it\/radiotouring104\/2024\/08\/22\/locri-oggi-il-concerto-di-paolo-belli-e-la-sua-big-band\/\" \/>\n<meta property=\"og:site_name\" content=\"Radio Touring 104\" \/>\n<meta property=\"article:published_time\" content=\"2024-08-22T08:17:18+00:00\" \/>\n<meta property=\"article:modified_time\" content=\"2024-08-22T10:28:35+00:00\" \/>\n<meta property=\"og:image\" content=\"https:\/\/progettotouring.it\/radiotouring104\/wp-content\/uploads\/sites\/6\/2024\/08\/paolo-belli-Locri.jpg\" \/>\n\t<meta property=\"og:image:width\" content=\"1080\" \/>\n\t<meta property=\"og:image:height\" content=\"1542\" \/>\n\t<meta property=\"og:image:type\" content=\"image\/jpeg\" \/>\n<meta name=\"author\" content=\"Sebastiano Plutino\" \/>\n<meta name=\"twitter:card\" content=\"summary_large_image\" \/>\n<meta name=\"twitter:label1\" content=\"Scritto da\" \/>\n\t<meta name=\"twitter:data1\" content=\"Sebastiano Plutino\" \/>\n\t<meta name=\"twitter:label2\" content=\"Tempo di lettura stimato\" \/>\n\t<meta name=\"twitter:data2\" content=\"2 minuti\" \/>\n<script type=\"application\/ld+json\" class=\"yoast-schema-graph\">{\"@context\":\"https:\/\/schema.org\",\"@graph\":[{\"@type\":\"Article\",\"@id\":\"https:\/\/progettotouring.it\/radiotouring104\/2024\/08\/22\/locri-oggi-il-concerto-di-paolo-belli-e-la-sua-big-band\/#article\",\"isPartOf\":{\"@id\":\"https:\/\/progettotouring.it\/radiotouring104\/2024\/08\/22\/locri-oggi-il-concerto-di-paolo-belli-e-la-sua-big-band\/\"},\"author\":{\"name\":\"Sebastiano Plutino\",\"@id\":\"https:\/\/progettotouring.it\/radiotouring104\/#\/schema\/person\/78613917f1851f041f7483f5af1d422e\"},\"headline\":\"Locri: oggi il concerto di Paolo Belli e la sua Big Band.\",\"datePublished\":\"2024-08-22T08:17:18+00:00\",\"dateModified\":\"2024-08-22T10:28:35+00:00\",\"mainEntityOfPage\":{\"@id\":\"https:\/\/progettotouring.it\/radiotouring104\/2024\/08\/22\/locri-oggi-il-concerto-di-paolo-belli-e-la-sua-big-band\/\"},\"wordCount\":419,\"publisher\":{\"@id\":\"https:\/\/progettotouring.it\/radiotouring104\/#organization\"},\"image\":{\"@id\":\"https:\/\/progettotouring.it\/radiotouring104\/2024\/08\/22\/locri-oggi-il-concerto-di-paolo-belli-e-la-sua-big-band\/#primaryimage\"},\"thumbnailUrl\":\"https:\/\/progettotouring.it\/radiotouring104\/wp-content\/uploads\/sites\/6\/2024\/08\/paolo-belli-Locri.jpg\",\"keywords\":[\"citt\u00e0 metropolitana Reggio Calabria\",\"Comune di Locri\",\"Paolo Belli\",\"Paolo Belli la Big Band.\",\"piazza dei Martiri\"],\"articleSection\":[\"Home\",\"News\",\"Reggio Calabria\"],\"inLanguage\":\"it-IT\"},{\"@type\":\"WebPage\",\"@id\":\"https:\/\/progettotouring.it\/radiotouring104\/2024\/08\/22\/locri-oggi-il-concerto-di-paolo-belli-e-la-sua-big-band\/\",\"url\":\"https:\/\/progettotouring.it\/radiotouring104\/2024\/08\/22\/locri-oggi-il-concerto-di-paolo-belli-e-la-sua-big-band\/\",\"name\":\"Locri: oggi il concerto di Paolo Belli e la sua Big Band.\",\"isPartOf\":{\"@id\":\"https:\/\/progettotouring.it\/radiotouring104\/#website\"},\"primaryImageOfPage\":{\"@id\":\"https:\/\/progettotouring.it\/radiotouring104\/2024\/08\/22\/locri-oggi-il-concerto-di-paolo-belli-e-la-sua-big-band\/#primaryimage\"},\"image\":{\"@id\":\"https:\/\/progettotouring.it\/radiotouring104\/2024\/08\/22\/locri-oggi-il-concerto-di-paolo-belli-e-la-sua-big-band\/#primaryimage\"},\"thumbnailUrl\":\"https:\/\/progettotouring.it\/radiotouring104\/wp-content\/uploads\/sites\/6\/2024\/08\/paolo-belli-Locri.jpg\",\"datePublished\":\"2024-08-22T08:17:18+00:00\",\"dateModified\":\"2024-08-22T10:28:35+00:00\",\"description\":\"L'estate metropolitana fa tappa a Locri. Oggi alle 22 in piazza dei Martiri, l concerto di Paolo Belli e la sua Big Band.\",\"breadcrumb\":{\"@id\":\"https:\/\/progettotouring.it\/radiotouring104\/2024\/08\/22\/locri-oggi-il-concerto-di-paolo-belli-e-la-sua-big-band\/#breadcrumb\"},\"inLanguage\":\"it-IT\",\"potentialAction\":[{\"@type\":\"ReadAction\",\"target\":[\"https:\/\/progettotouring.it\/radiotouring104\/2024\/08\/22\/locri-oggi-il-concerto-di-paolo-belli-e-la-sua-big-band\/\"]}]},{\"@type\":\"ImageObject\",\"inLanguage\":\"it-IT\",\"@id\":\"https:\/\/progettotouring.it\/radiotouring104\/2024\/08\/22\/locri-oggi-il-concerto-di-paolo-belli-e-la-sua-big-band\/#primaryimage\",\"url\":\"https:\/\/progettotouring.it\/radiotouring104\/wp-content\/uploads\/sites\/6\/2024\/08\/paolo-belli-Locri.jpg\",\"contentUrl\":\"https:\/\/progettotouring.it\/radiotouring104\/wp-content\/uploads\/sites\/6\/2024\/08\/paolo-belli-Locri.jpg\",\"width\":1080,\"height\":1542},{\"@type\":\"BreadcrumbList\",\"@id\":\"https:\/\/progettotouring.it\/radiotouring104\/2024\/08\/22\/locri-oggi-il-concerto-di-paolo-belli-e-la-sua-big-band\/#breadcrumb\",\"itemListElement\":[{\"@type\":\"ListItem\",\"position\":1,\"name\":\"Home\",\"item\":\"https:\/\/progettotouring.it\/radiotouring104\/\"},{\"@type\":\"ListItem\",\"position\":2,\"name\":\"Locri: oggi il concerto di Paolo Belli e la sua Big Band.\"}]},{\"@type\":\"WebSite\",\"@id\":\"https:\/\/progettotouring.it\/radiotouring104\/#website\",\"url\":\"https:\/\/progettotouring.it\/radiotouring104\/\",\"name\":\"Radio Touring 104\",\"description\":\"La prima radio Reggina\",\"publisher\":{\"@id\":\"https:\/\/progettotouring.it\/radiotouring104\/#organization\"},\"potentialAction\":[{\"@type\":\"SearchAction\",\"target\":{\"@type\":\"EntryPoint\",\"urlTemplate\":\"https:\/\/progettotouring.it\/radiotouring104\/?s={search_term_string}\"},\"query-input\":{\"@type\":\"PropertyValueSpecification\",\"valueRequired\":true,\"valueName\":\"search_term_string\"}}],\"inLanguage\":\"it-IT\"},{\"@type\":\"Organization\",\"@id\":\"https:\/\/progettotouring.it\/radiotouring104\/#organization\",\"name\":\"Radio Touring 104\",\"url\":\"https:\/\/progettotouring.it\/radiotouring104\/\",\"logo\":{\"@type\":\"ImageObject\",\"inLanguage\":\"it-IT\",\"@id\":\"https:\/\/progettotouring.it\/radiotouring104\/#\/schema\/logo\/image\/\",\"url\":\"https:\/\/progettotouring.it\/radiotouring104\/wp-content\/uploads\/sites\/6\/2022\/02\/cropped-logo-radio-touring-104.png\",\"contentUrl\":\"https:\/\/progettotouring.it\/radiotouring104\/wp-content\/uploads\/sites\/6\/2022\/02\/cropped-logo-radio-touring-104.png\",\"width\":377,\"height\":182,\"caption\":\"Radio Touring 104\"},\"image\":{\"@id\":\"https:\/\/progettotouring.it\/radiotouring104\/#\/schema\/logo\/image\/\"}},{\"@type\":\"Person\",\"@id\":\"https:\/\/progettotouring.it\/radiotouring104\/#\/schema\/person\/78613917f1851f041f7483f5af1d422e\",\"name\":\"Sebastiano Plutino\",\"image\":{\"@type\":\"ImageObject\",\"inLanguage\":\"it-IT\",\"@id\":\"https:\/\/secure.gravatar.com\/avatar\/0546ffaa9b79224faf9f2a156b67a529ae861d3287c66c1d8ccfdf909bcba78d?s=96&d=mm&r=g\",\"url\":\"https:\/\/secure.gravatar.com\/avatar\/0546ffaa9b79224faf9f2a156b67a529ae861d3287c66c1d8ccfdf909bcba78d?s=96&d=mm&r=g\",\"contentUrl\":\"https:\/\/secure.gravatar.com\/avatar\/0546ffaa9b79224faf9f2a156b67a529ae861d3287c66c1d8ccfdf909bcba78d?s=96&d=mm&r=g\",\"caption\":\"Sebastiano Plutino\"},\"url\":\"https:\/\/progettotouring.it\/radiotouring104\/author\/sebastiano\/\"}]}<\/script>\n<!-- \/ Yoast SEO plugin. -->","yoast_head_json":{"title":"Locri: oggi il concerto di Paolo Belli e la sua Big Band.","description":"L'estate metropolitana fa tappa a Locri. Oggi alle 22 in piazza dei Martiri, l concerto di Paolo Belli e la sua Big Band.","robots":{"index":"index","follow":"follow","max-snippet":"max-snippet:-1","max-image-preview":"max-image-preview:large","max-video-preview":"max-video-preview:-1"},"canonical":"https:\/\/progettotouring.it\/radiotouring104\/2024\/08\/22\/locri-oggi-il-concerto-di-paolo-belli-e-la-sua-big-band\/","og_locale":"it_IT","og_type":"article","og_title":"Locri: oggi il concerto di Paolo Belli e la sua Big Band.","og_description":"L'estate metropolitana fa tappa a Locri. Oggi alle 22 in piazza dei Martiri, l concerto di Paolo Belli e la sua Big Band.","og_url":"https:\/\/progettotouring.it\/radiotouring104\/2024\/08\/22\/locri-oggi-il-concerto-di-paolo-belli-e-la-sua-big-band\/","og_site_name":"Radio Touring 104","article_published_time":"2024-08-22T08:17:18+00:00","article_modified_time":"2024-08-22T10:28:35+00:00","og_image":[{"width":1080,"height":1542,"url":"https:\/\/progettotouring.it\/radiotouring104\/wp-content\/uploads\/sites\/6\/2024\/08\/paolo-belli-Locri.jpg","type":"image\/jpeg"}],"author":"Sebastiano Plutino","twitter_card":"summary_large_image","twitter_misc":{"Scritto da":"Sebastiano Plutino","Tempo di lettura stimato":"2 minuti"},"schema":{"@context":"https:\/\/schema.org","@graph":[{"@type":"Article","@id":"https:\/\/progettotouring.it\/radiotouring104\/2024\/08\/22\/locri-oggi-il-concerto-di-paolo-belli-e-la-sua-big-band\/#article","isPartOf":{"@id":"https:\/\/progettotouring.it\/radiotouring104\/2024\/08\/22\/locri-oggi-il-concerto-di-paolo-belli-e-la-sua-big-band\/"},"author":{"name":"Sebastiano Plutino","@id":"https:\/\/progettotouring.it\/radiotouring104\/#\/schema\/person\/78613917f1851f041f7483f5af1d422e"},"headline":"Locri: oggi il concerto di Paolo Belli e la sua Big Band.","datePublished":"2024-08-22T08:17:18+00:00","dateModified":"2024-08-22T10:28:35+00:00","mainEntityOfPage":{"@id":"https:\/\/progettotouring.it\/radiotouring104\/2024\/08\/22\/locri-oggi-il-concerto-di-paolo-belli-e-la-sua-big-band\/"},"wordCount":419,"publisher":{"@id":"https:\/\/progettotouring.it\/radiotouring104\/#organization"},"image":{"@id":"https:\/\/progettotouring.it\/radiotouring104\/2024\/08\/22\/locri-oggi-il-concerto-di-paolo-belli-e-la-sua-big-band\/#primaryimage"},"thumbnailUrl":"https:\/\/progettotouring.it\/radiotouring104\/wp-content\/uploads\/sites\/6\/2024\/08\/paolo-belli-Locri.jpg","keywords":["citt\u00e0 metropolitana Reggio Calabria","Comune di Locri","Paolo Belli","Paolo Belli la Big Band.","piazza dei Martiri"],"articleSection":["Home","News","Reggio Calabria"],"inLanguage":"it-IT"},{"@type":"WebPage","@id":"https:\/\/progettotouring.it\/radiotouring104\/2024\/08\/22\/locri-oggi-il-concerto-di-paolo-belli-e-la-sua-big-band\/","url":"https:\/\/progettotouring.it\/radiotouring104\/2024\/08\/22\/locri-oggi-il-concerto-di-paolo-belli-e-la-sua-big-band\/","name":"Locri: oggi il concerto di Paolo Belli e la sua Big Band.","isPartOf":{"@id":"https:\/\/progettotouring.it\/radiotouring104\/#website"},"primaryImageOfPage":{"@id":"https:\/\/progettotouring.it\/radiotouring104\/2024\/08\/22\/locri-oggi-il-concerto-di-paolo-belli-e-la-sua-big-band\/#primaryimage"},"image":{"@id":"https:\/\/progettotouring.it\/radiotouring104\/2024\/08\/22\/locri-oggi-il-concerto-di-paolo-belli-e-la-sua-big-band\/#primaryimage"},"thumbnailUrl":"https:\/\/progettotouring.it\/radiotouring104\/wp-content\/uploads\/sites\/6\/2024\/08\/paolo-belli-Locri.jpg","datePublished":"2024-08-22T08:17:18+00:00","dateModified":"2024-08-22T10:28:35+00:00","description":"L'estate metropolitana fa tappa a Locri. Oggi alle 22 in piazza dei Martiri, l concerto di Paolo Belli e la sua Big Band.","breadcrumb":{"@id":"https:\/\/progettotouring.it\/radiotouring104\/2024\/08\/22\/locri-oggi-il-concerto-di-paolo-belli-e-la-sua-big-band\/#breadcrumb"},"inLanguage":"it-IT","potentialAction":[{"@type":"ReadAction","target":["https:\/\/progettotouring.it\/radiotouring104\/2024\/08\/22\/locri-oggi-il-concerto-di-paolo-belli-e-la-sua-big-band\/"]}]},{"@type":"ImageObject","inLanguage":"it-IT","@id":"https:\/\/progettotouring.it\/radiotouring104\/2024\/08\/22\/locri-oggi-il-concerto-di-paolo-belli-e-la-sua-big-band\/#primaryimage","url":"https:\/\/progettotouring.it\/radiotouring104\/wp-content\/uploads\/sites\/6\/2024\/08\/paolo-belli-Locri.jpg","contentUrl":"https:\/\/progettotouring.it\/radiotouring104\/wp-content\/uploads\/sites\/6\/2024\/08\/paolo-belli-Locri.jpg","width":1080,"height":1542},{"@type":"BreadcrumbList","@id":"https:\/\/progettotouring.it\/radiotouring104\/2024\/08\/22\/locri-oggi-il-concerto-di-paolo-belli-e-la-sua-big-band\/#breadcrumb","itemListElement":[{"@type":"ListItem","position":1,"name":"Home","item":"https:\/\/progettotouring.it\/radiotouring104\/"},{"@type":"ListItem","position":2,"name":"Locri: oggi il concerto di Paolo Belli e la sua Big Band."}]},{"@type":"WebSite","@id":"https:\/\/progettotouring.it\/radiotouring104\/#website","url":"https:\/\/progettotouring.it\/radiotouring104\/","name":"Radio Touring 104","description":"La prima radio Reggina","publisher":{"@id":"https:\/\/progettotouring.it\/radiotouring104\/#organization"},"potentialAction":[{"@type":"SearchAction","target":{"@type":"EntryPoint","urlTemplate":"https:\/\/progettotouring.it\/radiotouring104\/?s={search_term_string}"},"query-input":{"@type":"PropertyValueSpecification","valueRequired":true,"valueName":"search_term_string"}}],"inLanguage":"it-IT"},{"@type":"Organization","@id":"https:\/\/progettotouring.it\/radiotouring104\/#organization","name":"Radio Touring 104","url":"https:\/\/progettotouring.it\/radiotouring104\/","logo":{"@type":"ImageObject","inLanguage":"it-IT","@id":"https:\/\/progettotouring.it\/radiotouring104\/#\/schema\/logo\/image\/","url":"https:\/\/progettotouring.it\/radiotouring104\/wp-content\/uploads\/sites\/6\/2022\/02\/cropped-logo-radio-touring-104.png","contentUrl":"https:\/\/progettotouring.it\/radiotouring104\/wp-content\/uploads\/sites\/6\/2022\/02\/cropped-logo-radio-touring-104.png","width":377,"height":182,"caption":"Radio Touring 104"},"image":{"@id":"https:\/\/progettotouring.it\/radiotouring104\/#\/schema\/logo\/image\/"}},{"@type":"Person","@id":"https:\/\/progettotouring.it\/radiotouring104\/#\/schema\/person\/78613917f1851f041f7483f5af1d422e","name":"Sebastiano Plutino","image":{"@type":"ImageObject","inLanguage":"it-IT","@id":"https:\/\/secure.gravatar.com\/avatar\/0546ffaa9b79224faf9f2a156b67a529ae861d3287c66c1d8ccfdf909bcba78d?s=96&d=mm&r=g","url":"https:\/\/secure.gravatar.com\/avatar\/0546ffaa9b79224faf9f2a156b67a529ae861d3287c66c1d8ccfdf909bcba78d?s=96&d=mm&r=g","contentUrl":"https:\/\/secure.gravatar.com\/avatar\/0546ffaa9b79224faf9f2a156b67a529ae861d3287c66c1d8ccfdf909bcba78d?s=96&d=mm&r=g","caption":"Sebastiano Plutino"},"url":"https:\/\/progettotouring.it\/radiotouring104\/author\/sebastiano\/"}]}},"jetpack_publicize_connections":[],"jetpack_featured_media_url":"https:\/\/progettotouring.it\/radiotouring104\/wp-content\/uploads\/sites\/6\/2024\/08\/paolo-belli-Locri.jpg","jetpack_sharing_enabled":true,"_links":{"self":[{"href":"https:\/\/progettotouring.it\/radiotouring104\/wp-json\/wp\/v2\/posts\/56761","targetHints":{"allow":["GET"]}}],"collection":[{"href":"https:\/\/progettotouring.it\/radiotouring104\/wp-json\/wp\/v2\/posts"}],"about":[{"href":"https:\/\/progettotouring.it\/radiotouring104\/wp-json\/wp\/v2\/types\/post"}],"author":[{"embeddable":true,"href":"https:\/\/progettotouring.it\/radiotouring104\/wp-json\/wp\/v2\/users\/12"}],"replies":[{"embeddable":true,"href":"https:\/\/progettotouring.it\/radiotouring104\/wp-json\/wp\/v2\/comments?post=56761"}],"version-history":[{"count":2,"href":"https:\/\/progettotouring.it\/radiotouring104\/wp-json\/wp\/v2\/posts\/56761\/revisions"}],"predecessor-version":[{"id":56791,"href":"https:\/\/progettotouring.it\/radiotouring104\/wp-json\/wp\/v2\/posts\/56761\/revisions\/56791"}],"wp:featuredmedia":[{"embeddable":true,"href":"https:\/\/progettotouring.it\/radiotouring104\/wp-json\/wp\/v2\/media\/56762"}],"wp:attachment":[{"href":"https:\/\/progettotouring.it\/radiotouring104\/wp-json\/wp\/v2\/media?parent=56761"}],"wp:term":[{"taxonomy":"category","embeddable":true,"href":"https:\/\/progettotouring.it\/radiotouring104\/wp-json\/wp\/v2\/categories?post=56761"},{"taxonomy":"post_tag","embeddable":true,"href":"https:\/\/progettotouring.it\/radiotouring104\/wp-json\/wp\/v2\/tags?post=56761"}],"curies":[{"name":"wp","href":"https:\/\/api.w.org\/{rel}","templated":true}]}}