{"id":56766,"date":"2024-08-22T11:09:07","date_gmt":"2024-08-22T09:09:07","guid":{"rendered":"https:\/\/progettotouring.it\/radiotouring104\/?p=56766"},"modified":"2024-08-22T11:09:34","modified_gmt":"2024-08-22T09:09:34","slug":"in-libreria-la-terza-raccolta-piraterie-del-sociologo-siciliano-francesco-pira","status":"publish","type":"post","link":"https:\/\/progettotouring.it\/radiotouring104\/2024\/08\/22\/in-libreria-la-terza-raccolta-piraterie-del-sociologo-siciliano-francesco-pira\/","title":{"rendered":"In libreria la terza raccolta &#8220;PIRAterie&#8221; del sociologo siciliano Francesco Pira"},"content":{"rendered":"<p style=\"text-align: justify\"><strong>Arriva in tutte le librerie<\/strong> italiane e on line <strong>la terza edizione di<\/strong>\u00a0<em>\u201cPIRAterie\u201d, <\/em>testo che ha avuto un successo straordinario.<\/p>\n<p style=\"text-align: justify\"><strong>Per la terza volta<\/strong> l\u2019autore,<strong> Francesco Pira,<\/strong> con grande complicit\u00e0 dell\u2019editore indipendente,<strong> Antonio Liotta,<\/strong> patron di Medinova,<strong> ha voluto far compiere al suo PIRAta un viaggio tra Metaverso e Intelligenza Artificiale.<\/strong> Il nuovo mondo esplorato dal PIRAta appare gi\u00e0 nella copertina (un lavoro meraviglioso del Maestro palermitano <strong>Nicol\u00f2 D\u2019Alessandro,<\/strong> autore anche delle copertine delle precedenti edizioni)<strong>. Il PIRAta racconta ai lettori cosa sta succedendo nella nostra societ\u00e0 sempre pi\u00f9 vicina ad universi poco conosciuti.<\/strong> Il Professore Pira cita nella sua introduzione Italo Svevo che sostiene : \u201c<em>la scrittura appare come l&#8217;unico strumento capace di rendere il soggetto pienamente consapevole della propria esistenza<\/em>\u201d.<\/p>\n<p style=\"text-align: justify\">Un&#8217;idea che condivide e che gli appartiene. Non bisogna mai avere paura di scrivere, perch\u00e9 la scrittura \u00e8 un&#8217;arma potente che ci aiuta a comprendere gli altri e s\u00e9 stessi. Un&#8217;analisi profonda che pone le sue radici nei posti pi\u00f9 sconosciuti dell&#8217;anima e del cuore. La penna, e oggi la tastiera, equivale ad un\u2019assoluta introspezione interiore per chi scrive e poi per chi legge. Il <strong>Professore Pira<\/strong>,<strong> grazie alla disponibilit\u00e0 del Direttore<\/strong> Responsabile del quotidiano LA SICILIA, <strong>Antonello Piraneo<\/strong>,<strong> vuole far sorridere e riflettere i suoli lettori.<\/strong><\/p>\n<p style=\"text-align: justify\"><strong>Il Libro<\/strong><\/p>\n<p style=\"text-align: justify\"><strong>PIRATERIE 3 riprende<\/strong> idealmente quel <strong>percorso temporaneamente interrotto il 25 aprile 2021,<\/strong> data dell&#8217;ultimo articolo contenuto nella raccolta PIRATERIE 2 La Vendetta &#8211; riflessioni sulla social esistenza quotidiana.<\/p>\n<p style=\"text-align: justify\">E che non si tratti di una replica, ma di un\u2019 analisi verticale e multifattoriale, lo evidenziano le otto sezioni in cui il libro \u00e8 stato suddiviso<em>. <\/em><\/p>\n<p style=\"text-align: justify\"><strong>Secondo il Professor Francesco Pira:<\/strong> <em>\u201cOrmai da pi\u00f9 di 2 anni, Mark Zuckeberg ha annunciato il suo progetto che \u00e8 quello di offrire una nuova veste alla sua holding che include le piattaforme pi\u00f9 famose al mondo: Facebook, Messenger, Instagram e Whatsapp. <\/em><\/p>\n<p style=\"text-align: justify\"><em>Il nome che Zuckeberg ha scelto, per realizzare il suo sogno virtuale, \u00e8 Meta abbreviazione di Metaverso. Una sorta di monitoraggio algoritmico che conosce quello che ci piace e ci profila ci\u00f2 che pu\u00f2 interessarci. Tutto si muove nella dimensione del Metaverso, compreso il nostro stesso avatar. Un \u201cluogo\u201d in cui \u00e8 difficile distinguere reale e virtuale, dove tutto sembra realizzarsi e prendere forma con estrema semplicit\u00e0. <\/em><\/p>\n<p style=\"text-align: justify\"><em>Ma non solo. A far discutere \u00e8 l&#8217;Intelligenza Artificiale che ha annullato le definizioni che valevano fino a poco tempo fa. Siamo andati oltre: dalla spontaneit\u00e0 e immediatezza della comunicazione vis-\u00e0-vis, che metteva in gioco l\u2019intero individuo con il suo corredo di elementi di comunicazione non verbale e linguaggio del corpo, siamo passati al corpo che diventa oggetto e strumento per la rappresentazione di un discorso che, nell\u2019intento di chi lo produce, vuole essere un messaggio di cui si ha un controllo totale. <\/em><\/p>\n<p style=\"text-align: justify\"><em>Il Metaverso e l&#8217;Intelligenza Artificiale sono ancora due universi ancora poco conosciuti. Il loro sviluppo \u00e8\u00a0 in una fase embrionale, ma \u00e8 gi\u00e0 chiaro il loro impatto nella vita dell&#8217;uomo. Molte sono le ipotesi su come le macchine ci sostituiranno, ma soprattutto il tema centrale \u00e8 l&#8217;etica dell&#8217;Intelligenza Artificiale. Cosa potranno fare i robot? L&#8217;Intelligenza Artificiale potr\u00e0 prendere il posto dell&#8217;uomo?\u00a0 L&#8217;uomo sapr\u00e0 educare l&#8217;Intelligenza Artificiale? A preoccupare sono le ricadute etiche che aspettano ancora delle risposte come ad esempio: sui contenuti falsi generati dall&#8217;Intelligenza Artificiale, sulla difficolt\u00e0 di attuare controlli, sulla violazione della privacy, sulla discriminazione nei confronti di alcuni standard di bellezza, sull&#8217;occupazione e sulle aspettative della societ\u00e0. <\/em><\/p>\n<p style=\"text-align: justify\"><em>La digitalizzazione come processo e la velocit\u00e0 con cui la tecnologia produce nuovi strumenti hanno fatto si che mai come in questa epoca storica siamo sommersi da una over-produzione di dati che devono essere decifrati, interpretati e compresi. <\/em><\/p>\n<p style=\"text-align: justify\"><em>Un cambiamento epocale che riguarda soprattutto le persone perch\u00e9, come sostiene il Professore Luciano Floridi, vivono on life<\/em>\u201d.<\/p>\n<p style=\"text-align: justify\"><strong>Come spiega nella sua Prefazione il Direttore del quotidiano<\/strong> \u201cLA SICILIA\u201d, <strong>Antonello Piraneo,<\/strong> direttore del quotidiano dove vengono ospitate<strong> le PIRATERIE tutte le domeniche nelle pagine culturali<\/strong>: \u201c<em>PIRAterie non \u00e8 soltanto il titolo di una fortunata rubrica che ci aiuta a rendere le pagine del giornale che ho il privilegio di dirigere pi\u00f9 ricche, pi\u00f9 vive, pi\u00f9 \u201ccorsare\u201d. LA SICILIA, da sempre, ha quest&#8217;ambizione: andare ben oltre le cronache ed essere sponda per animare dibattiti, stimolare riflessioni. E Francesco Pira con il suo puntuale corsivo assolve proprio a questo compito. Ma PIRAterie, giocando con il nome dell&#8217;Autore, \u00e8 soprattutto un&#8217;intuizione felice, nata prima che ci rendessimo conto di vivere in una societ\u00e0 liquida, figlia e schiava dei social. Nel suo appuntamento settimanale infatti Pira scandaglia tra le pieghe delle cronache per fare emergere piccole grandi contraddizioni, vizi e vezzi di noi italiani, anzi di noi umani\u201d. <\/em><\/p>\n<p style=\"text-align: justify\"><strong>Nella Postfazione la professoressa e poetessa Merelinda Staita sussurra:<\/strong> \u201c<em>la sensazione che ho provato, leggendo gli articoli del Prof. Pira, \u00e8 quella di individuare \u201ctante maschere e pochi volti\u201d, perch\u00e9 la rete, molto spesso, porta alla\u00a0 perdita\u00a0 di ogni freno inibitore e a manifestare una delle nostre tante identit\u00e0 nascoste. PIRAteria dopo PIRAteria, vengono analizzati aneddoti, dati precisi e puntuali, percentuali scientifiche e ricerche condotte in diverse parti del mondo che il Prof. Pira, da buon sociologo e giornalista, ha saputo restituire ai lettori\u00a0 grazie ad una scrittura fluida e comprensibile a tutti\u201d.<\/em><\/p>\n<p style=\"text-align: justify\"><strong>\u00a0<\/strong><\/p>\n<p style=\"text-align: justify\"><strong>L\u2019 Autore<\/strong><\/p>\n<p style=\"text-align: justify\"><strong>Francesco Pira,<\/strong> <strong>\u00e8 professore\u00a0 associato<\/strong> di sociologia dei processi culturali e comunicativi e <strong>insegna Comunicazione Strategica,<\/strong> Teorie e Tecniche del Giornalismo Digitale e Giornalismo Sportivo, Social Media e Comunicazione d\u2019Impresa, presso i corsi di laurea magistrale e triennale del\u00a0 Dipartimento di Civilt\u00e0 Antiche e Moderne dell<strong>\u2019Universit\u00e0 degli Studi di Messina.<\/strong><\/p>\n<p style=\"text-align: justify\"><strong>A marzo 2024 \u00e8 stato nominato Presidente della branch Comunicazione Media e Informazione di Confassociazioni,<\/strong> di cui era stato Vice Presidente e dal giugno 2020 \u00e8 Presidente anche dell\u2019Osservatorio Nazionale sulle Fake News. Saggista e Giornalista firma la Rubrica PIRATERIE, dedicata alle nuove tecnologie, nelle pagine culturali del quotidiano \u201cLA SICILIA\u201d, la cui terza raccolta \u00e8 contenuta in questo libro. Le prime due hanno avuto notevole successo. Collabora con testate nazionali e regionali. Nel giugno 2008 per l\u2019attivit\u00e0 di ricerca e saggistica \u00e8 stato insignito dal Capo dello Stato, on. Giorgio Napolitano, dell\u2019onorificenza di Cavaliere dell\u2019Ordine al Merito della Repubblica Italiana. Nel corso della sua carriera gli sono stati conferiti numerosi riconoscimenti nazionali e internazionali. \u00c8 autore di numerosi saggi e articoli scientifici. Con Medinova ha gi\u00e0 pubblicato PIRATERIE 1, PIRATERIE 2 e FAKE NEWS con Raimondo Moncada.<\/p>\n<p><strong><em>\u201c<\/em><\/strong><em>Il Metaverso e l&#8217;Intelligenza Artificiale sono due universi ancora poco conosciuti. Il loro sviluppo \u00e8\u00a0 in una fase embrionale, ma \u00e8 gi\u00e0 chiaro il loro impatto nella vita dell&#8217;uomo. Molte sono le ipotesi su come le macchine ci sostituiranno, ma soprattutto il tema centrale \u00e8 l&#8217;etica dell&#8217;Intelligenza Artificiale. Cosa potranno fare i robot? L&#8217;Intelligenza Artificiale potr\u00e0 prendere il posto dell&#8217;uomo? L&#8217;uomo sapr\u00e0 educare l&#8217;Intelligenza Artificiale? A preoccupare sono le ricadute etiche che aspettano ancora delle risposte come ad esempio: sui contenuti falsi generati dall&#8217;Intelligenza Artificiale, sulla difficolt\u00e0 di attuare controlli, sulla violazione della privacy, sulla discriminazione nei confronti di alcuni standard di bellezza, sull&#8217;occupazione e sulle aspettative della societ\u00e0<\/em><em>\u201d,<\/em><strong> dichiara il sociologo ed autore, Francesco Pira<\/strong><\/p>\n<p>&nbsp;<\/p>\n<p style=\"text-align: justify\">\n","protected":false},"excerpt":{"rendered":"<p>Arriva in tutte le librerie italiane e on line la terza edizione di\u00a0\u201cPIRAterie\u201d, testo che ha avuto un successo straordinario. Per la terza volta l\u2019autore, Francesco Pira, con grande complicit\u00e0&hellip;<\/p>\n","protected":false},"author":12,"featured_media":56767,"comment_status":"closed","ping_status":"open","sticky":false,"template":"","format":"standard","meta":{"_jetpack_memberships_contains_paid_content":false,"footnotes":"","jetpack_publicize_message":"","jetpack_publicize_feature_enabled":true,"jetpack_social_post_already_shared":false,"jetpack_social_options":{"image_generator_settings":{"template":"highway","default_image_id":0,"font":"","enabled":false},"version":2}},"categories":[921,196,140],"tags":[34907,34905,34906,34908,34903,34904,32504],"class_list":["post-56766","post","type-post","status-publish","format-standard","has-post-thumbnail","hentry","category-home","category-news","category-reggio-calabria","tag-antonello-piraneo","tag-antonio-liotta","tag-metaverso-intelligenza-artificiale","tag-quotidiano-la-sicilia","tag-sociologo-siciliano-francesco-pira","tag-terza-raccolta-piraterie","tag-universita-messina"],"yoast_head":"<!-- This site is optimized with the Yoast SEO plugin v27.2 - https:\/\/yoast.com\/product\/yoast-seo-wordpress\/ -->\n<title>In libreria la terza raccolta &quot;PIRAterie&quot; del sociologo siciliano Francesco Pira - Radio Touring 104<\/title>\n<meta name=\"description\" content=\"Arriva in tutte le librerie italiane e on line la terza edizione del testo \u201cPIRAterie\u201d del sociologo siciliano Francesco Pira\" \/>\n<meta name=\"robots\" content=\"index, follow, max-snippet:-1, max-image-preview:large, max-video-preview:-1\" \/>\n<link rel=\"canonical\" href=\"https:\/\/progettotouring.it\/radiotouring104\/2024\/08\/22\/in-libreria-la-terza-raccolta-piraterie-del-sociologo-siciliano-francesco-pira\/\" \/>\n<meta property=\"og:locale\" content=\"it_IT\" \/>\n<meta property=\"og:type\" content=\"article\" \/>\n<meta property=\"og:title\" content=\"In libreria la terza raccolta &quot;PIRAterie&quot; del sociologo siciliano Francesco Pira - Radio Touring 104\" \/>\n<meta property=\"og:description\" content=\"Arriva in tutte le librerie italiane e on line la terza edizione del testo \u201cPIRAterie\u201d del sociologo siciliano Francesco Pira\" \/>\n<meta property=\"og:url\" content=\"https:\/\/progettotouring.it\/radiotouring104\/2024\/08\/22\/in-libreria-la-terza-raccolta-piraterie-del-sociologo-siciliano-francesco-pira\/\" \/>\n<meta property=\"og:site_name\" content=\"Radio Touring 104\" \/>\n<meta property=\"article:published_time\" content=\"2024-08-22T09:09:07+00:00\" \/>\n<meta property=\"article:modified_time\" content=\"2024-08-22T09:09:34+00:00\" \/>\n<meta property=\"og:image\" content=\"https:\/\/progettotouring.it\/radiotouring104\/wp-content\/uploads\/sites\/6\/2024\/08\/Piraterie-Francesco-Pira.jpeg\" \/>\n\t<meta property=\"og:image:width\" content=\"1480\" \/>\n\t<meta property=\"og:image:height\" content=\"1432\" \/>\n\t<meta property=\"og:image:type\" content=\"image\/jpeg\" \/>\n<meta name=\"author\" content=\"Sebastiano Plutino\" \/>\n<meta name=\"twitter:card\" content=\"summary_large_image\" \/>\n<meta name=\"twitter:label1\" content=\"Scritto da\" \/>\n\t<meta name=\"twitter:data1\" content=\"Sebastiano Plutino\" \/>\n\t<meta name=\"twitter:label2\" content=\"Tempo di lettura stimato\" \/>\n\t<meta name=\"twitter:data2\" content=\"6 minuti\" \/>\n<script type=\"application\/ld+json\" class=\"yoast-schema-graph\">{\"@context\":\"https:\/\/schema.org\",\"@graph\":[{\"@type\":\"Article\",\"@id\":\"https:\/\/progettotouring.it\/radiotouring104\/2024\/08\/22\/in-libreria-la-terza-raccolta-piraterie-del-sociologo-siciliano-francesco-pira\/#article\",\"isPartOf\":{\"@id\":\"https:\/\/progettotouring.it\/radiotouring104\/2024\/08\/22\/in-libreria-la-terza-raccolta-piraterie-del-sociologo-siciliano-francesco-pira\/\"},\"author\":{\"name\":\"Sebastiano Plutino\",\"@id\":\"https:\/\/progettotouring.it\/radiotouring104\/#\/schema\/person\/78613917f1851f041f7483f5af1d422e\"},\"headline\":\"In libreria la terza raccolta &#8220;PIRAterie&#8221; del sociologo siciliano Francesco Pira\",\"datePublished\":\"2024-08-22T09:09:07+00:00\",\"dateModified\":\"2024-08-22T09:09:34+00:00\",\"mainEntityOfPage\":{\"@id\":\"https:\/\/progettotouring.it\/radiotouring104\/2024\/08\/22\/in-libreria-la-terza-raccolta-piraterie-del-sociologo-siciliano-francesco-pira\/\"},\"wordCount\":1163,\"publisher\":{\"@id\":\"https:\/\/progettotouring.it\/radiotouring104\/#organization\"},\"image\":{\"@id\":\"https:\/\/progettotouring.it\/radiotouring104\/2024\/08\/22\/in-libreria-la-terza-raccolta-piraterie-del-sociologo-siciliano-francesco-pira\/#primaryimage\"},\"thumbnailUrl\":\"https:\/\/progettotouring.it\/radiotouring104\/wp-content\/uploads\/sites\/6\/2024\/08\/Piraterie-Francesco-Pira.jpeg\",\"keywords\":[\"Antonello Piraneo\",\"Antonio Liotta\",\"Metaverso Intelligenza Artificiale.\",\"quotidiano LA SICILIA\",\"sociologo siciliano Francesco Pira\",\"terza raccolta \\\"PIRAterie\\\"\",\"Universit\u00e0 Messina\"],\"articleSection\":[\"Home\",\"News\",\"Reggio Calabria\"],\"inLanguage\":\"it-IT\"},{\"@type\":\"WebPage\",\"@id\":\"https:\/\/progettotouring.it\/radiotouring104\/2024\/08\/22\/in-libreria-la-terza-raccolta-piraterie-del-sociologo-siciliano-francesco-pira\/\",\"url\":\"https:\/\/progettotouring.it\/radiotouring104\/2024\/08\/22\/in-libreria-la-terza-raccolta-piraterie-del-sociologo-siciliano-francesco-pira\/\",\"name\":\"In libreria la terza raccolta \\\"PIRAterie\\\" del sociologo siciliano Francesco Pira - Radio Touring 104\",\"isPartOf\":{\"@id\":\"https:\/\/progettotouring.it\/radiotouring104\/#website\"},\"primaryImageOfPage\":{\"@id\":\"https:\/\/progettotouring.it\/radiotouring104\/2024\/08\/22\/in-libreria-la-terza-raccolta-piraterie-del-sociologo-siciliano-francesco-pira\/#primaryimage\"},\"image\":{\"@id\":\"https:\/\/progettotouring.it\/radiotouring104\/2024\/08\/22\/in-libreria-la-terza-raccolta-piraterie-del-sociologo-siciliano-francesco-pira\/#primaryimage\"},\"thumbnailUrl\":\"https:\/\/progettotouring.it\/radiotouring104\/wp-content\/uploads\/sites\/6\/2024\/08\/Piraterie-Francesco-Pira.jpeg\",\"datePublished\":\"2024-08-22T09:09:07+00:00\",\"dateModified\":\"2024-08-22T09:09:34+00:00\",\"description\":\"Arriva in tutte le librerie italiane e on line la terza edizione del testo \u201cPIRAterie\u201d del sociologo siciliano Francesco Pira\",\"breadcrumb\":{\"@id\":\"https:\/\/progettotouring.it\/radiotouring104\/2024\/08\/22\/in-libreria-la-terza-raccolta-piraterie-del-sociologo-siciliano-francesco-pira\/#breadcrumb\"},\"inLanguage\":\"it-IT\",\"potentialAction\":[{\"@type\":\"ReadAction\",\"target\":[\"https:\/\/progettotouring.it\/radiotouring104\/2024\/08\/22\/in-libreria-la-terza-raccolta-piraterie-del-sociologo-siciliano-francesco-pira\/\"]}]},{\"@type\":\"ImageObject\",\"inLanguage\":\"it-IT\",\"@id\":\"https:\/\/progettotouring.it\/radiotouring104\/2024\/08\/22\/in-libreria-la-terza-raccolta-piraterie-del-sociologo-siciliano-francesco-pira\/#primaryimage\",\"url\":\"https:\/\/progettotouring.it\/radiotouring104\/wp-content\/uploads\/sites\/6\/2024\/08\/Piraterie-Francesco-Pira.jpeg\",\"contentUrl\":\"https:\/\/progettotouring.it\/radiotouring104\/wp-content\/uploads\/sites\/6\/2024\/08\/Piraterie-Francesco-Pira.jpeg\",\"width\":1480,\"height\":1432},{\"@type\":\"BreadcrumbList\",\"@id\":\"https:\/\/progettotouring.it\/radiotouring104\/2024\/08\/22\/in-libreria-la-terza-raccolta-piraterie-del-sociologo-siciliano-francesco-pira\/#breadcrumb\",\"itemListElement\":[{\"@type\":\"ListItem\",\"position\":1,\"name\":\"Home\",\"item\":\"https:\/\/progettotouring.it\/radiotouring104\/\"},{\"@type\":\"ListItem\",\"position\":2,\"name\":\"In libreria la terza raccolta &#8220;PIRAterie&#8221; del sociologo siciliano Francesco Pira\"}]},{\"@type\":\"WebSite\",\"@id\":\"https:\/\/progettotouring.it\/radiotouring104\/#website\",\"url\":\"https:\/\/progettotouring.it\/radiotouring104\/\",\"name\":\"Radio Touring 104\",\"description\":\"La prima radio Reggina\",\"publisher\":{\"@id\":\"https:\/\/progettotouring.it\/radiotouring104\/#organization\"},\"potentialAction\":[{\"@type\":\"SearchAction\",\"target\":{\"@type\":\"EntryPoint\",\"urlTemplate\":\"https:\/\/progettotouring.it\/radiotouring104\/?s={search_term_string}\"},\"query-input\":{\"@type\":\"PropertyValueSpecification\",\"valueRequired\":true,\"valueName\":\"search_term_string\"}}],\"inLanguage\":\"it-IT\"},{\"@type\":\"Organization\",\"@id\":\"https:\/\/progettotouring.it\/radiotouring104\/#organization\",\"name\":\"Radio Touring 104\",\"url\":\"https:\/\/progettotouring.it\/radiotouring104\/\",\"logo\":{\"@type\":\"ImageObject\",\"inLanguage\":\"it-IT\",\"@id\":\"https:\/\/progettotouring.it\/radiotouring104\/#\/schema\/logo\/image\/\",\"url\":\"https:\/\/progettotouring.it\/radiotouring104\/wp-content\/uploads\/sites\/6\/2022\/02\/cropped-logo-radio-touring-104.png\",\"contentUrl\":\"https:\/\/progettotouring.it\/radiotouring104\/wp-content\/uploads\/sites\/6\/2022\/02\/cropped-logo-radio-touring-104.png\",\"width\":377,\"height\":182,\"caption\":\"Radio Touring 104\"},\"image\":{\"@id\":\"https:\/\/progettotouring.it\/radiotouring104\/#\/schema\/logo\/image\/\"}},{\"@type\":\"Person\",\"@id\":\"https:\/\/progettotouring.it\/radiotouring104\/#\/schema\/person\/78613917f1851f041f7483f5af1d422e\",\"name\":\"Sebastiano Plutino\",\"image\":{\"@type\":\"ImageObject\",\"inLanguage\":\"it-IT\",\"@id\":\"https:\/\/secure.gravatar.com\/avatar\/0546ffaa9b79224faf9f2a156b67a529ae861d3287c66c1d8ccfdf909bcba78d?s=96&d=mm&r=g\",\"url\":\"https:\/\/secure.gravatar.com\/avatar\/0546ffaa9b79224faf9f2a156b67a529ae861d3287c66c1d8ccfdf909bcba78d?s=96&d=mm&r=g\",\"contentUrl\":\"https:\/\/secure.gravatar.com\/avatar\/0546ffaa9b79224faf9f2a156b67a529ae861d3287c66c1d8ccfdf909bcba78d?s=96&d=mm&r=g\",\"caption\":\"Sebastiano Plutino\"},\"url\":\"https:\/\/progettotouring.it\/radiotouring104\/author\/sebastiano\/\"}]}<\/script>\n<!-- \/ Yoast SEO plugin. -->","yoast_head_json":{"title":"In libreria la terza raccolta \"PIRAterie\" del sociologo siciliano Francesco Pira - Radio Touring 104","description":"Arriva in tutte le librerie italiane e on line la terza edizione del testo \u201cPIRAterie\u201d del sociologo siciliano Francesco Pira","robots":{"index":"index","follow":"follow","max-snippet":"max-snippet:-1","max-image-preview":"max-image-preview:large","max-video-preview":"max-video-preview:-1"},"canonical":"https:\/\/progettotouring.it\/radiotouring104\/2024\/08\/22\/in-libreria-la-terza-raccolta-piraterie-del-sociologo-siciliano-francesco-pira\/","og_locale":"it_IT","og_type":"article","og_title":"In libreria la terza raccolta \"PIRAterie\" del sociologo siciliano Francesco Pira - Radio Touring 104","og_description":"Arriva in tutte le librerie italiane e on line la terza edizione del testo \u201cPIRAterie\u201d del sociologo siciliano Francesco Pira","og_url":"https:\/\/progettotouring.it\/radiotouring104\/2024\/08\/22\/in-libreria-la-terza-raccolta-piraterie-del-sociologo-siciliano-francesco-pira\/","og_site_name":"Radio Touring 104","article_published_time":"2024-08-22T09:09:07+00:00","article_modified_time":"2024-08-22T09:09:34+00:00","og_image":[{"width":1480,"height":1432,"url":"https:\/\/progettotouring.it\/radiotouring104\/wp-content\/uploads\/sites\/6\/2024\/08\/Piraterie-Francesco-Pira.jpeg","type":"image\/jpeg"}],"author":"Sebastiano Plutino","twitter_card":"summary_large_image","twitter_misc":{"Scritto da":"Sebastiano Plutino","Tempo di lettura stimato":"6 minuti"},"schema":{"@context":"https:\/\/schema.org","@graph":[{"@type":"Article","@id":"https:\/\/progettotouring.it\/radiotouring104\/2024\/08\/22\/in-libreria-la-terza-raccolta-piraterie-del-sociologo-siciliano-francesco-pira\/#article","isPartOf":{"@id":"https:\/\/progettotouring.it\/radiotouring104\/2024\/08\/22\/in-libreria-la-terza-raccolta-piraterie-del-sociologo-siciliano-francesco-pira\/"},"author":{"name":"Sebastiano Plutino","@id":"https:\/\/progettotouring.it\/radiotouring104\/#\/schema\/person\/78613917f1851f041f7483f5af1d422e"},"headline":"In libreria la terza raccolta &#8220;PIRAterie&#8221; del sociologo siciliano Francesco Pira","datePublished":"2024-08-22T09:09:07+00:00","dateModified":"2024-08-22T09:09:34+00:00","mainEntityOfPage":{"@id":"https:\/\/progettotouring.it\/radiotouring104\/2024\/08\/22\/in-libreria-la-terza-raccolta-piraterie-del-sociologo-siciliano-francesco-pira\/"},"wordCount":1163,"publisher":{"@id":"https:\/\/progettotouring.it\/radiotouring104\/#organization"},"image":{"@id":"https:\/\/progettotouring.it\/radiotouring104\/2024\/08\/22\/in-libreria-la-terza-raccolta-piraterie-del-sociologo-siciliano-francesco-pira\/#primaryimage"},"thumbnailUrl":"https:\/\/progettotouring.it\/radiotouring104\/wp-content\/uploads\/sites\/6\/2024\/08\/Piraterie-Francesco-Pira.jpeg","keywords":["Antonello Piraneo","Antonio Liotta","Metaverso Intelligenza Artificiale.","quotidiano LA SICILIA","sociologo siciliano Francesco Pira","terza raccolta \"PIRAterie\"","Universit\u00e0 Messina"],"articleSection":["Home","News","Reggio Calabria"],"inLanguage":"it-IT"},{"@type":"WebPage","@id":"https:\/\/progettotouring.it\/radiotouring104\/2024\/08\/22\/in-libreria-la-terza-raccolta-piraterie-del-sociologo-siciliano-francesco-pira\/","url":"https:\/\/progettotouring.it\/radiotouring104\/2024\/08\/22\/in-libreria-la-terza-raccolta-piraterie-del-sociologo-siciliano-francesco-pira\/","name":"In libreria la terza raccolta \"PIRAterie\" del sociologo siciliano Francesco Pira - Radio Touring 104","isPartOf":{"@id":"https:\/\/progettotouring.it\/radiotouring104\/#website"},"primaryImageOfPage":{"@id":"https:\/\/progettotouring.it\/radiotouring104\/2024\/08\/22\/in-libreria-la-terza-raccolta-piraterie-del-sociologo-siciliano-francesco-pira\/#primaryimage"},"image":{"@id":"https:\/\/progettotouring.it\/radiotouring104\/2024\/08\/22\/in-libreria-la-terza-raccolta-piraterie-del-sociologo-siciliano-francesco-pira\/#primaryimage"},"thumbnailUrl":"https:\/\/progettotouring.it\/radiotouring104\/wp-content\/uploads\/sites\/6\/2024\/08\/Piraterie-Francesco-Pira.jpeg","datePublished":"2024-08-22T09:09:07+00:00","dateModified":"2024-08-22T09:09:34+00:00","description":"Arriva in tutte le librerie italiane e on line la terza edizione del testo \u201cPIRAterie\u201d del sociologo siciliano Francesco Pira","breadcrumb":{"@id":"https:\/\/progettotouring.it\/radiotouring104\/2024\/08\/22\/in-libreria-la-terza-raccolta-piraterie-del-sociologo-siciliano-francesco-pira\/#breadcrumb"},"inLanguage":"it-IT","potentialAction":[{"@type":"ReadAction","target":["https:\/\/progettotouring.it\/radiotouring104\/2024\/08\/22\/in-libreria-la-terza-raccolta-piraterie-del-sociologo-siciliano-francesco-pira\/"]}]},{"@type":"ImageObject","inLanguage":"it-IT","@id":"https:\/\/progettotouring.it\/radiotouring104\/2024\/08\/22\/in-libreria-la-terza-raccolta-piraterie-del-sociologo-siciliano-francesco-pira\/#primaryimage","url":"https:\/\/progettotouring.it\/radiotouring104\/wp-content\/uploads\/sites\/6\/2024\/08\/Piraterie-Francesco-Pira.jpeg","contentUrl":"https:\/\/progettotouring.it\/radiotouring104\/wp-content\/uploads\/sites\/6\/2024\/08\/Piraterie-Francesco-Pira.jpeg","width":1480,"height":1432},{"@type":"BreadcrumbList","@id":"https:\/\/progettotouring.it\/radiotouring104\/2024\/08\/22\/in-libreria-la-terza-raccolta-piraterie-del-sociologo-siciliano-francesco-pira\/#breadcrumb","itemListElement":[{"@type":"ListItem","position":1,"name":"Home","item":"https:\/\/progettotouring.it\/radiotouring104\/"},{"@type":"ListItem","position":2,"name":"In libreria la terza raccolta &#8220;PIRAterie&#8221; del sociologo siciliano Francesco Pira"}]},{"@type":"WebSite","@id":"https:\/\/progettotouring.it\/radiotouring104\/#website","url":"https:\/\/progettotouring.it\/radiotouring104\/","name":"Radio Touring 104","description":"La prima radio Reggina","publisher":{"@id":"https:\/\/progettotouring.it\/radiotouring104\/#organization"},"potentialAction":[{"@type":"SearchAction","target":{"@type":"EntryPoint","urlTemplate":"https:\/\/progettotouring.it\/radiotouring104\/?s={search_term_string}"},"query-input":{"@type":"PropertyValueSpecification","valueRequired":true,"valueName":"search_term_string"}}],"inLanguage":"it-IT"},{"@type":"Organization","@id":"https:\/\/progettotouring.it\/radiotouring104\/#organization","name":"Radio Touring 104","url":"https:\/\/progettotouring.it\/radiotouring104\/","logo":{"@type":"ImageObject","inLanguage":"it-IT","@id":"https:\/\/progettotouring.it\/radiotouring104\/#\/schema\/logo\/image\/","url":"https:\/\/progettotouring.it\/radiotouring104\/wp-content\/uploads\/sites\/6\/2022\/02\/cropped-logo-radio-touring-104.png","contentUrl":"https:\/\/progettotouring.it\/radiotouring104\/wp-content\/uploads\/sites\/6\/2022\/02\/cropped-logo-radio-touring-104.png","width":377,"height":182,"caption":"Radio Touring 104"},"image":{"@id":"https:\/\/progettotouring.it\/radiotouring104\/#\/schema\/logo\/image\/"}},{"@type":"Person","@id":"https:\/\/progettotouring.it\/radiotouring104\/#\/schema\/person\/78613917f1851f041f7483f5af1d422e","name":"Sebastiano Plutino","image":{"@type":"ImageObject","inLanguage":"it-IT","@id":"https:\/\/secure.gravatar.com\/avatar\/0546ffaa9b79224faf9f2a156b67a529ae861d3287c66c1d8ccfdf909bcba78d?s=96&d=mm&r=g","url":"https:\/\/secure.gravatar.com\/avatar\/0546ffaa9b79224faf9f2a156b67a529ae861d3287c66c1d8ccfdf909bcba78d?s=96&d=mm&r=g","contentUrl":"https:\/\/secure.gravatar.com\/avatar\/0546ffaa9b79224faf9f2a156b67a529ae861d3287c66c1d8ccfdf909bcba78d?s=96&d=mm&r=g","caption":"Sebastiano Plutino"},"url":"https:\/\/progettotouring.it\/radiotouring104\/author\/sebastiano\/"}]}},"jetpack_publicize_connections":[],"jetpack_featured_media_url":"https:\/\/progettotouring.it\/radiotouring104\/wp-content\/uploads\/sites\/6\/2024\/08\/Piraterie-Francesco-Pira.jpeg","jetpack_sharing_enabled":true,"_links":{"self":[{"href":"https:\/\/progettotouring.it\/radiotouring104\/wp-json\/wp\/v2\/posts\/56766","targetHints":{"allow":["GET"]}}],"collection":[{"href":"https:\/\/progettotouring.it\/radiotouring104\/wp-json\/wp\/v2\/posts"}],"about":[{"href":"https:\/\/progettotouring.it\/radiotouring104\/wp-json\/wp\/v2\/types\/post"}],"author":[{"embeddable":true,"href":"https:\/\/progettotouring.it\/radiotouring104\/wp-json\/wp\/v2\/users\/12"}],"replies":[{"embeddable":true,"href":"https:\/\/progettotouring.it\/radiotouring104\/wp-json\/wp\/v2\/comments?post=56766"}],"version-history":[{"count":2,"href":"https:\/\/progettotouring.it\/radiotouring104\/wp-json\/wp\/v2\/posts\/56766\/revisions"}],"predecessor-version":[{"id":56769,"href":"https:\/\/progettotouring.it\/radiotouring104\/wp-json\/wp\/v2\/posts\/56766\/revisions\/56769"}],"wp:featuredmedia":[{"embeddable":true,"href":"https:\/\/progettotouring.it\/radiotouring104\/wp-json\/wp\/v2\/media\/56767"}],"wp:attachment":[{"href":"https:\/\/progettotouring.it\/radiotouring104\/wp-json\/wp\/v2\/media?parent=56766"}],"wp:term":[{"taxonomy":"category","embeddable":true,"href":"https:\/\/progettotouring.it\/radiotouring104\/wp-json\/wp\/v2\/categories?post=56766"},{"taxonomy":"post_tag","embeddable":true,"href":"https:\/\/progettotouring.it\/radiotouring104\/wp-json\/wp\/v2\/tags?post=56766"}],"curies":[{"name":"wp","href":"https:\/\/api.w.org\/{rel}","templated":true}]}}