{"id":56780,"date":"2024-08-22T12:00:04","date_gmt":"2024-08-22T10:00:04","guid":{"rendered":"https:\/\/progettotouring.it\/radiotouring104\/?p=56780"},"modified":"2024-08-22T12:00:04","modified_gmt":"2024-08-22T10:00:04","slug":"castrovillari-in-scena-labbraccio-della-pace-allestate-internazionale-folklore","status":"publish","type":"post","link":"https:\/\/progettotouring.it\/radiotouring104\/2024\/08\/22\/castrovillari-in-scena-labbraccio-della-pace-allestate-internazionale-folklore\/","title":{"rendered":"Castrovillari: in scena l&#8217;abbraccio della Pace all&#8217;Estate Internazionale Folklore"},"content":{"rendered":"<p style=\"text-align: justify\"><strong>E&#8217; iniziata<\/strong> all&#8217;insegna di un unico<strong> abbraccio, quello della Pace,<\/strong> la 38\/ma edizione dell&#8217;<strong>Estate internazionale del folklore<\/strong> e del Parco del Pollino di Castrovillari.<\/p>\n<p style=\"text-align: justify\"><strong>Popoli provenienti dalle zone pi\u00f9 remote della terra si sono ritrovati, hanno danzato e cantato<\/strong> assieme dando vita ad un lungo serpentone di colori, usi, costumi e tradizioni che <strong>ha invaso la citt\u00e0 trasformandola nell&#8217;ombelico del mondo.<\/strong><br \/>\nPresenti gruppi provenienti da Bolivia, Bulgaria, Filippine, Kazakistan, Kenya, Romania, Taiwan e naturalmente italia, con il gruppo folklorico &#8220;Citt\u00e0 di Castrovillari&#8221;.<\/p>\n<p style=\"text-align: justify\"><strong>Ancora una volta il &#8220;Popolo del Festiva<\/strong>l<em>&#8221; ha invaso pacificamente piazza Biagio D&#8217;Arienzo diventata un grande teatro all&#8217;aperto per ospitare l&#8217;evento organizzato dall&#8217;associazione culturale E.I.F. per la direzione artistica di Antonio Notaro con il contributo del Comune di Castrovillari, del Parco Nazionale del Pollino, inserito nel brand Castrovillari Citt\u00e0 Festival e sotto l&#8217;egida del Cioff. &#8220;Un festival &#8211; ha detto il direttore Notaro &#8211; che richiama tanta gente, tanta musica, tanti colori e soprattutto tanta integrazione ed \u00e8 questo il messaggio che noi vogliamo lanciare qui da questa piazza, da Castrovillari&#8221;.<\/em><\/p>\n<p style=\"text-align: justify\"><strong>Sul palco le danzatrici del Progetto Cea<\/strong> e alcuni componenti dei gruppi presenti diretti dalla coreografa <strong>Tilde Nocera,<\/strong> hanno danzato aprendo di fatto l&#8217;edizione 2024 presentata dall&#8217;antropologa, Genevi\u00e8ve Makaping. <strong>A portare il saluto il sindaco<\/strong> di Castrovillari, <strong>Domenico Lo Polito<\/strong> <strong>e il console<\/strong> onorario del Marocco per la Calabria,<strong> Domenico Naccari.<\/strong> Il viaggio nel segno dell&#8217;integrazione delle etnie e delle loro culture, si \u00e8 aperto con il con l&#8217; Ensemble Bulgarani proveniente da Sofia,<strong> seguito dal boliviano <em>&#8220;<\/em><\/strong><em>Balletto dell&#8217;Universit\u00e0 Mayor de San Sim\u00f3n<\/em> <strong>e poi dal gruppo<\/strong> &#8220;Tainan Folk Dance Compan<strong>y&#8221; proveniente dall&#8217;isola di Taiwan<\/strong>. E ancora, spazio al gruppo di danza<em> &#8220;TuganZher&#8221;<\/em> proveniente dal Kazakistan e all&#8217;Up Filipiniana Dance Group dalle Filippine.<\/p>\n<p style=\"text-align: justify\">&#8220;Floarea Barc\u0103ului&#8221;, invece, \u00e8 giunto direttamente dalla Romania mentre il viaggio si \u00e8 completato con il Gruppo culturale Tarumbeta Africa di Nairobi (Kenia) .<\/p>\n<p id=\"ob\">\n<div id=\"inArticle\">\n<aside>\n<div class=\"ob-smartfeed-wrapper feedIdx-0\">\n<div id=\"outbrain_widget_0\" class=\"OUTBRAIN\" data-src=\"DROP_PERMALINK_HERE\" data-widget-id=\"AR_4\" data-ob-mark=\"true\" data-browser=\"chrome\" data-os=\"win32\" data-dynload=\"\" data-idx=\"0\">\n<div class=\"ob-widget ob-feed-layout CR_7\">\n<div class=\"ob-widget-header\"><span class=\"ob-widget-text\">\u00a0<\/span><\/div>\n<\/div>\n<\/div>\n<\/div>\n<\/aside>\n<\/div>\n","protected":false},"excerpt":{"rendered":"<p>E&#8217; iniziata all&#8217;insegna di un unico abbraccio, quello della Pace, la 38\/ma edizione dell&#8217;Estate internazionale del folklore e del Parco del Pollino di Castrovillari. Popoli provenienti dalle zone pi\u00f9 remote&hellip;<\/p>\n","protected":false},"author":12,"featured_media":56781,"comment_status":"closed","ping_status":"open","sticky":false,"template":"","format":"standard","meta":{"_jetpack_memberships_contains_paid_content":false,"footnotes":"","jetpack_publicize_message":"","jetpack_publicize_feature_enabled":true,"jetpack_social_post_already_shared":false,"jetpack_social_options":{"image_generator_settings":{"template":"highway","default_image_id":0,"font":"","enabled":false},"version":2}},"categories":[142,921,196],"tags":[34919,5673,34918,34920,13874,34921],"class_list":["post-56780","post","type-post","status-publish","format-standard","has-post-thumbnail","hentry","category-calabria","category-home","category-news","tag-abbraccio-della-pace","tag-castrovillari","tag-estate-internazionale-folklore","tag-parco-del-pollino-di-castrovillari","tag-sindaco-domenico-lo-polito","tag-tilde-npcera"],"yoast_head":"<!-- This site is optimized with the Yoast SEO plugin v27.2 - https:\/\/yoast.com\/product\/yoast-seo-wordpress\/ -->\n<title>Castrovillari: abbraccio della Pace all&#039;Estate Internazionale Folklore<\/title>\n<meta name=\"description\" content=\"Iniziata con un abbraccio, quello della Pace, la 38\/ma edizione dell&#039;Estate del folklore e del Parco del Pollino di Castrovillari.\" \/>\n<meta name=\"robots\" content=\"index, follow, max-snippet:-1, max-image-preview:large, max-video-preview:-1\" \/>\n<link rel=\"canonical\" href=\"https:\/\/progettotouring.it\/radiotouring104\/2024\/08\/22\/castrovillari-in-scena-labbraccio-della-pace-allestate-internazionale-folklore\/\" \/>\n<meta property=\"og:locale\" content=\"it_IT\" \/>\n<meta property=\"og:type\" content=\"article\" \/>\n<meta property=\"og:title\" content=\"Castrovillari: abbraccio della Pace all&#039;Estate Internazionale Folklore\" \/>\n<meta property=\"og:description\" content=\"Iniziata con un abbraccio, quello della Pace, la 38\/ma edizione dell&#039;Estate del folklore e del Parco del Pollino di Castrovillari.\" \/>\n<meta property=\"og:url\" content=\"https:\/\/progettotouring.it\/radiotouring104\/2024\/08\/22\/castrovillari-in-scena-labbraccio-della-pace-allestate-internazionale-folklore\/\" \/>\n<meta property=\"og:site_name\" content=\"Radio Touring 104\" \/>\n<meta property=\"article:published_time\" content=\"2024-08-22T10:00:04+00:00\" \/>\n<meta property=\"og:image\" content=\"https:\/\/progettotouring.it\/radiotouring104\/wp-content\/uploads\/sites\/6\/2024\/08\/bandiera-della-pace.png\" \/>\n\t<meta property=\"og:image:width\" content=\"1024\" \/>\n\t<meta property=\"og:image:height\" content=\"683\" \/>\n\t<meta property=\"og:image:type\" content=\"image\/png\" \/>\n<meta name=\"author\" content=\"Sebastiano Plutino\" \/>\n<meta name=\"twitter:card\" content=\"summary_large_image\" \/>\n<meta name=\"twitter:label1\" content=\"Scritto da\" \/>\n\t<meta name=\"twitter:data1\" content=\"Sebastiano Plutino\" \/>\n\t<meta name=\"twitter:label2\" content=\"Tempo di lettura stimato\" \/>\n\t<meta name=\"twitter:data2\" content=\"2 minuti\" \/>\n<script type=\"application\/ld+json\" class=\"yoast-schema-graph\">{\"@context\":\"https:\/\/schema.org\",\"@graph\":[{\"@type\":\"Article\",\"@id\":\"https:\/\/progettotouring.it\/radiotouring104\/2024\/08\/22\/castrovillari-in-scena-labbraccio-della-pace-allestate-internazionale-folklore\/#article\",\"isPartOf\":{\"@id\":\"https:\/\/progettotouring.it\/radiotouring104\/2024\/08\/22\/castrovillari-in-scena-labbraccio-della-pace-allestate-internazionale-folklore\/\"},\"author\":{\"name\":\"Sebastiano Plutino\",\"@id\":\"https:\/\/progettotouring.it\/radiotouring104\/#\/schema\/person\/78613917f1851f041f7483f5af1d422e\"},\"headline\":\"Castrovillari: in scena l&#8217;abbraccio della Pace all&#8217;Estate Internazionale Folklore\",\"datePublished\":\"2024-08-22T10:00:04+00:00\",\"mainEntityOfPage\":{\"@id\":\"https:\/\/progettotouring.it\/radiotouring104\/2024\/08\/22\/castrovillari-in-scena-labbraccio-della-pace-allestate-internazionale-folklore\/\"},\"wordCount\":318,\"publisher\":{\"@id\":\"https:\/\/progettotouring.it\/radiotouring104\/#organization\"},\"image\":{\"@id\":\"https:\/\/progettotouring.it\/radiotouring104\/2024\/08\/22\/castrovillari-in-scena-labbraccio-della-pace-allestate-internazionale-folklore\/#primaryimage\"},\"thumbnailUrl\":\"https:\/\/progettotouring.it\/radiotouring104\/wp-content\/uploads\/sites\/6\/2024\/08\/bandiera-della-pace.png\",\"keywords\":[\"abbraccio della Pace\",\"castrovillari\",\"Estate Internazionale Folklore\",\"Parco del Pollino di Castrovillari.\",\"sindaco Domenico Lo Polito\",\"Tilde Npcera\"],\"articleSection\":[\"Calabria\",\"Home\",\"News\"],\"inLanguage\":\"it-IT\"},{\"@type\":\"WebPage\",\"@id\":\"https:\/\/progettotouring.it\/radiotouring104\/2024\/08\/22\/castrovillari-in-scena-labbraccio-della-pace-allestate-internazionale-folklore\/\",\"url\":\"https:\/\/progettotouring.it\/radiotouring104\/2024\/08\/22\/castrovillari-in-scena-labbraccio-della-pace-allestate-internazionale-folklore\/\",\"name\":\"Castrovillari: abbraccio della Pace all'Estate Internazionale Folklore\",\"isPartOf\":{\"@id\":\"https:\/\/progettotouring.it\/radiotouring104\/#website\"},\"primaryImageOfPage\":{\"@id\":\"https:\/\/progettotouring.it\/radiotouring104\/2024\/08\/22\/castrovillari-in-scena-labbraccio-della-pace-allestate-internazionale-folklore\/#primaryimage\"},\"image\":{\"@id\":\"https:\/\/progettotouring.it\/radiotouring104\/2024\/08\/22\/castrovillari-in-scena-labbraccio-della-pace-allestate-internazionale-folklore\/#primaryimage\"},\"thumbnailUrl\":\"https:\/\/progettotouring.it\/radiotouring104\/wp-content\/uploads\/sites\/6\/2024\/08\/bandiera-della-pace.png\",\"datePublished\":\"2024-08-22T10:00:04+00:00\",\"description\":\"Iniziata con un abbraccio, quello della Pace, la 38\/ma edizione dell'Estate del folklore e del Parco del Pollino di Castrovillari.\",\"breadcrumb\":{\"@id\":\"https:\/\/progettotouring.it\/radiotouring104\/2024\/08\/22\/castrovillari-in-scena-labbraccio-della-pace-allestate-internazionale-folklore\/#breadcrumb\"},\"inLanguage\":\"it-IT\",\"potentialAction\":[{\"@type\":\"ReadAction\",\"target\":[\"https:\/\/progettotouring.it\/radiotouring104\/2024\/08\/22\/castrovillari-in-scena-labbraccio-della-pace-allestate-internazionale-folklore\/\"]}]},{\"@type\":\"ImageObject\",\"inLanguage\":\"it-IT\",\"@id\":\"https:\/\/progettotouring.it\/radiotouring104\/2024\/08\/22\/castrovillari-in-scena-labbraccio-della-pace-allestate-internazionale-folklore\/#primaryimage\",\"url\":\"https:\/\/progettotouring.it\/radiotouring104\/wp-content\/uploads\/sites\/6\/2024\/08\/bandiera-della-pace.png\",\"contentUrl\":\"https:\/\/progettotouring.it\/radiotouring104\/wp-content\/uploads\/sites\/6\/2024\/08\/bandiera-della-pace.png\",\"width\":1024,\"height\":683},{\"@type\":\"BreadcrumbList\",\"@id\":\"https:\/\/progettotouring.it\/radiotouring104\/2024\/08\/22\/castrovillari-in-scena-labbraccio-della-pace-allestate-internazionale-folklore\/#breadcrumb\",\"itemListElement\":[{\"@type\":\"ListItem\",\"position\":1,\"name\":\"Home\",\"item\":\"https:\/\/progettotouring.it\/radiotouring104\/\"},{\"@type\":\"ListItem\",\"position\":2,\"name\":\"Castrovillari: in scena l&#8217;abbraccio della Pace all&#8217;Estate Internazionale Folklore\"}]},{\"@type\":\"WebSite\",\"@id\":\"https:\/\/progettotouring.it\/radiotouring104\/#website\",\"url\":\"https:\/\/progettotouring.it\/radiotouring104\/\",\"name\":\"Radio Touring 104\",\"description\":\"La prima radio Reggina\",\"publisher\":{\"@id\":\"https:\/\/progettotouring.it\/radiotouring104\/#organization\"},\"potentialAction\":[{\"@type\":\"SearchAction\",\"target\":{\"@type\":\"EntryPoint\",\"urlTemplate\":\"https:\/\/progettotouring.it\/radiotouring104\/?s={search_term_string}\"},\"query-input\":{\"@type\":\"PropertyValueSpecification\",\"valueRequired\":true,\"valueName\":\"search_term_string\"}}],\"inLanguage\":\"it-IT\"},{\"@type\":\"Organization\",\"@id\":\"https:\/\/progettotouring.it\/radiotouring104\/#organization\",\"name\":\"Radio Touring 104\",\"url\":\"https:\/\/progettotouring.it\/radiotouring104\/\",\"logo\":{\"@type\":\"ImageObject\",\"inLanguage\":\"it-IT\",\"@id\":\"https:\/\/progettotouring.it\/radiotouring104\/#\/schema\/logo\/image\/\",\"url\":\"https:\/\/progettotouring.it\/radiotouring104\/wp-content\/uploads\/sites\/6\/2022\/02\/cropped-logo-radio-touring-104.png\",\"contentUrl\":\"https:\/\/progettotouring.it\/radiotouring104\/wp-content\/uploads\/sites\/6\/2022\/02\/cropped-logo-radio-touring-104.png\",\"width\":377,\"height\":182,\"caption\":\"Radio Touring 104\"},\"image\":{\"@id\":\"https:\/\/progettotouring.it\/radiotouring104\/#\/schema\/logo\/image\/\"}},{\"@type\":\"Person\",\"@id\":\"https:\/\/progettotouring.it\/radiotouring104\/#\/schema\/person\/78613917f1851f041f7483f5af1d422e\",\"name\":\"Sebastiano Plutino\",\"image\":{\"@type\":\"ImageObject\",\"inLanguage\":\"it-IT\",\"@id\":\"https:\/\/secure.gravatar.com\/avatar\/0546ffaa9b79224faf9f2a156b67a529ae861d3287c66c1d8ccfdf909bcba78d?s=96&d=mm&r=g\",\"url\":\"https:\/\/secure.gravatar.com\/avatar\/0546ffaa9b79224faf9f2a156b67a529ae861d3287c66c1d8ccfdf909bcba78d?s=96&d=mm&r=g\",\"contentUrl\":\"https:\/\/secure.gravatar.com\/avatar\/0546ffaa9b79224faf9f2a156b67a529ae861d3287c66c1d8ccfdf909bcba78d?s=96&d=mm&r=g\",\"caption\":\"Sebastiano Plutino\"},\"url\":\"https:\/\/progettotouring.it\/radiotouring104\/author\/sebastiano\/\"}]}<\/script>\n<!-- \/ Yoast SEO plugin. -->","yoast_head_json":{"title":"Castrovillari: abbraccio della Pace all'Estate Internazionale Folklore","description":"Iniziata con un abbraccio, quello della Pace, la 38\/ma edizione dell'Estate del folklore e del Parco del Pollino di Castrovillari.","robots":{"index":"index","follow":"follow","max-snippet":"max-snippet:-1","max-image-preview":"max-image-preview:large","max-video-preview":"max-video-preview:-1"},"canonical":"https:\/\/progettotouring.it\/radiotouring104\/2024\/08\/22\/castrovillari-in-scena-labbraccio-della-pace-allestate-internazionale-folklore\/","og_locale":"it_IT","og_type":"article","og_title":"Castrovillari: abbraccio della Pace all'Estate Internazionale Folklore","og_description":"Iniziata con un abbraccio, quello della Pace, la 38\/ma edizione dell'Estate del folklore e del Parco del Pollino di Castrovillari.","og_url":"https:\/\/progettotouring.it\/radiotouring104\/2024\/08\/22\/castrovillari-in-scena-labbraccio-della-pace-allestate-internazionale-folklore\/","og_site_name":"Radio Touring 104","article_published_time":"2024-08-22T10:00:04+00:00","og_image":[{"width":1024,"height":683,"url":"https:\/\/progettotouring.it\/radiotouring104\/wp-content\/uploads\/sites\/6\/2024\/08\/bandiera-della-pace.png","type":"image\/png"}],"author":"Sebastiano Plutino","twitter_card":"summary_large_image","twitter_misc":{"Scritto da":"Sebastiano Plutino","Tempo di lettura stimato":"2 minuti"},"schema":{"@context":"https:\/\/schema.org","@graph":[{"@type":"Article","@id":"https:\/\/progettotouring.it\/radiotouring104\/2024\/08\/22\/castrovillari-in-scena-labbraccio-della-pace-allestate-internazionale-folklore\/#article","isPartOf":{"@id":"https:\/\/progettotouring.it\/radiotouring104\/2024\/08\/22\/castrovillari-in-scena-labbraccio-della-pace-allestate-internazionale-folklore\/"},"author":{"name":"Sebastiano Plutino","@id":"https:\/\/progettotouring.it\/radiotouring104\/#\/schema\/person\/78613917f1851f041f7483f5af1d422e"},"headline":"Castrovillari: in scena l&#8217;abbraccio della Pace all&#8217;Estate Internazionale Folklore","datePublished":"2024-08-22T10:00:04+00:00","mainEntityOfPage":{"@id":"https:\/\/progettotouring.it\/radiotouring104\/2024\/08\/22\/castrovillari-in-scena-labbraccio-della-pace-allestate-internazionale-folklore\/"},"wordCount":318,"publisher":{"@id":"https:\/\/progettotouring.it\/radiotouring104\/#organization"},"image":{"@id":"https:\/\/progettotouring.it\/radiotouring104\/2024\/08\/22\/castrovillari-in-scena-labbraccio-della-pace-allestate-internazionale-folklore\/#primaryimage"},"thumbnailUrl":"https:\/\/progettotouring.it\/radiotouring104\/wp-content\/uploads\/sites\/6\/2024\/08\/bandiera-della-pace.png","keywords":["abbraccio della Pace","castrovillari","Estate Internazionale Folklore","Parco del Pollino di Castrovillari.","sindaco Domenico Lo Polito","Tilde Npcera"],"articleSection":["Calabria","Home","News"],"inLanguage":"it-IT"},{"@type":"WebPage","@id":"https:\/\/progettotouring.it\/radiotouring104\/2024\/08\/22\/castrovillari-in-scena-labbraccio-della-pace-allestate-internazionale-folklore\/","url":"https:\/\/progettotouring.it\/radiotouring104\/2024\/08\/22\/castrovillari-in-scena-labbraccio-della-pace-allestate-internazionale-folklore\/","name":"Castrovillari: abbraccio della Pace all'Estate Internazionale Folklore","isPartOf":{"@id":"https:\/\/progettotouring.it\/radiotouring104\/#website"},"primaryImageOfPage":{"@id":"https:\/\/progettotouring.it\/radiotouring104\/2024\/08\/22\/castrovillari-in-scena-labbraccio-della-pace-allestate-internazionale-folklore\/#primaryimage"},"image":{"@id":"https:\/\/progettotouring.it\/radiotouring104\/2024\/08\/22\/castrovillari-in-scena-labbraccio-della-pace-allestate-internazionale-folklore\/#primaryimage"},"thumbnailUrl":"https:\/\/progettotouring.it\/radiotouring104\/wp-content\/uploads\/sites\/6\/2024\/08\/bandiera-della-pace.png","datePublished":"2024-08-22T10:00:04+00:00","description":"Iniziata con un abbraccio, quello della Pace, la 38\/ma edizione dell'Estate del folklore e del Parco del Pollino di Castrovillari.","breadcrumb":{"@id":"https:\/\/progettotouring.it\/radiotouring104\/2024\/08\/22\/castrovillari-in-scena-labbraccio-della-pace-allestate-internazionale-folklore\/#breadcrumb"},"inLanguage":"it-IT","potentialAction":[{"@type":"ReadAction","target":["https:\/\/progettotouring.it\/radiotouring104\/2024\/08\/22\/castrovillari-in-scena-labbraccio-della-pace-allestate-internazionale-folklore\/"]}]},{"@type":"ImageObject","inLanguage":"it-IT","@id":"https:\/\/progettotouring.it\/radiotouring104\/2024\/08\/22\/castrovillari-in-scena-labbraccio-della-pace-allestate-internazionale-folklore\/#primaryimage","url":"https:\/\/progettotouring.it\/radiotouring104\/wp-content\/uploads\/sites\/6\/2024\/08\/bandiera-della-pace.png","contentUrl":"https:\/\/progettotouring.it\/radiotouring104\/wp-content\/uploads\/sites\/6\/2024\/08\/bandiera-della-pace.png","width":1024,"height":683},{"@type":"BreadcrumbList","@id":"https:\/\/progettotouring.it\/radiotouring104\/2024\/08\/22\/castrovillari-in-scena-labbraccio-della-pace-allestate-internazionale-folklore\/#breadcrumb","itemListElement":[{"@type":"ListItem","position":1,"name":"Home","item":"https:\/\/progettotouring.it\/radiotouring104\/"},{"@type":"ListItem","position":2,"name":"Castrovillari: in scena l&#8217;abbraccio della Pace all&#8217;Estate Internazionale Folklore"}]},{"@type":"WebSite","@id":"https:\/\/progettotouring.it\/radiotouring104\/#website","url":"https:\/\/progettotouring.it\/radiotouring104\/","name":"Radio Touring 104","description":"La prima radio Reggina","publisher":{"@id":"https:\/\/progettotouring.it\/radiotouring104\/#organization"},"potentialAction":[{"@type":"SearchAction","target":{"@type":"EntryPoint","urlTemplate":"https:\/\/progettotouring.it\/radiotouring104\/?s={search_term_string}"},"query-input":{"@type":"PropertyValueSpecification","valueRequired":true,"valueName":"search_term_string"}}],"inLanguage":"it-IT"},{"@type":"Organization","@id":"https:\/\/progettotouring.it\/radiotouring104\/#organization","name":"Radio Touring 104","url":"https:\/\/progettotouring.it\/radiotouring104\/","logo":{"@type":"ImageObject","inLanguage":"it-IT","@id":"https:\/\/progettotouring.it\/radiotouring104\/#\/schema\/logo\/image\/","url":"https:\/\/progettotouring.it\/radiotouring104\/wp-content\/uploads\/sites\/6\/2022\/02\/cropped-logo-radio-touring-104.png","contentUrl":"https:\/\/progettotouring.it\/radiotouring104\/wp-content\/uploads\/sites\/6\/2022\/02\/cropped-logo-radio-touring-104.png","width":377,"height":182,"caption":"Radio Touring 104"},"image":{"@id":"https:\/\/progettotouring.it\/radiotouring104\/#\/schema\/logo\/image\/"}},{"@type":"Person","@id":"https:\/\/progettotouring.it\/radiotouring104\/#\/schema\/person\/78613917f1851f041f7483f5af1d422e","name":"Sebastiano Plutino","image":{"@type":"ImageObject","inLanguage":"it-IT","@id":"https:\/\/secure.gravatar.com\/avatar\/0546ffaa9b79224faf9f2a156b67a529ae861d3287c66c1d8ccfdf909bcba78d?s=96&d=mm&r=g","url":"https:\/\/secure.gravatar.com\/avatar\/0546ffaa9b79224faf9f2a156b67a529ae861d3287c66c1d8ccfdf909bcba78d?s=96&d=mm&r=g","contentUrl":"https:\/\/secure.gravatar.com\/avatar\/0546ffaa9b79224faf9f2a156b67a529ae861d3287c66c1d8ccfdf909bcba78d?s=96&d=mm&r=g","caption":"Sebastiano Plutino"},"url":"https:\/\/progettotouring.it\/radiotouring104\/author\/sebastiano\/"}]}},"jetpack_publicize_connections":[],"jetpack_featured_media_url":"https:\/\/progettotouring.it\/radiotouring104\/wp-content\/uploads\/sites\/6\/2024\/08\/bandiera-della-pace.png","jetpack_sharing_enabled":true,"_links":{"self":[{"href":"https:\/\/progettotouring.it\/radiotouring104\/wp-json\/wp\/v2\/posts\/56780","targetHints":{"allow":["GET"]}}],"collection":[{"href":"https:\/\/progettotouring.it\/radiotouring104\/wp-json\/wp\/v2\/posts"}],"about":[{"href":"https:\/\/progettotouring.it\/radiotouring104\/wp-json\/wp\/v2\/types\/post"}],"author":[{"embeddable":true,"href":"https:\/\/progettotouring.it\/radiotouring104\/wp-json\/wp\/v2\/users\/12"}],"replies":[{"embeddable":true,"href":"https:\/\/progettotouring.it\/radiotouring104\/wp-json\/wp\/v2\/comments?post=56780"}],"version-history":[{"count":2,"href":"https:\/\/progettotouring.it\/radiotouring104\/wp-json\/wp\/v2\/posts\/56780\/revisions"}],"predecessor-version":[{"id":56783,"href":"https:\/\/progettotouring.it\/radiotouring104\/wp-json\/wp\/v2\/posts\/56780\/revisions\/56783"}],"wp:featuredmedia":[{"embeddable":true,"href":"https:\/\/progettotouring.it\/radiotouring104\/wp-json\/wp\/v2\/media\/56781"}],"wp:attachment":[{"href":"https:\/\/progettotouring.it\/radiotouring104\/wp-json\/wp\/v2\/media?parent=56780"}],"wp:term":[{"taxonomy":"category","embeddable":true,"href":"https:\/\/progettotouring.it\/radiotouring104\/wp-json\/wp\/v2\/categories?post=56780"},{"taxonomy":"post_tag","embeddable":true,"href":"https:\/\/progettotouring.it\/radiotouring104\/wp-json\/wp\/v2\/tags?post=56780"}],"curies":[{"name":"wp","href":"https:\/\/api.w.org\/{rel}","templated":true}]}}