{"id":56784,"date":"2024-08-22T12:11:44","date_gmt":"2024-08-22T10:11:44","guid":{"rendered":"https:\/\/progettotouring.it\/radiotouring104\/?p=56784"},"modified":"2024-08-22T12:11:44","modified_gmt":"2024-08-22T10:11:44","slug":"tragedia-del-raganello-celebrato-il-6-anniversario-in-ricordo-delle-10-vittime","status":"publish","type":"post","link":"https:\/\/progettotouring.it\/radiotouring104\/2024\/08\/22\/tragedia-del-raganello-celebrato-il-6-anniversario-in-ricordo-delle-10-vittime\/","title":{"rendered":"Tragedia del Raganello: celebrato il 6\u00b0 anniversario, in ricordo delle 10 vittime"},"content":{"rendered":"<p style=\"text-align: justify\"><strong>A 6 anni da quel 20 agosto<\/strong>, sono state ricordate a Civita, in provincia di Cosenza, <strong>le 10 vittime della tragedia del Raganello.<\/strong><\/p>\n<p style=\"text-align: justify\"><strong>La comunit\u00e0 del comune arbereshe,<\/strong> l&#8217;amministrazione comunale e la Parrocchia<em> &#8220;Santa Maria Assunta&#8221;,<\/em><strong> hanno dato vita ad una celebrazione religiosa nella chiesa parrocchiale<\/strong> <em>&#8220;Santa Maria Assunta&#8221;<\/em> officiata dal vicario dell&#8217;Eparchia di Lungro, Papas Pietro Lanza, e dal parroco, padre Remo Mosneag.<\/p>\n<p style=\"text-align: justify\"><em>&#8220;Oggi \u00e8 stata una giornata di ricordo, di meditazione, di riflessione &#8211;<\/em><strong>ha detto il sindaco di Civita Alessandro Tocci &#8211;<\/strong><em> cos\u00ec come ormai facciamo da pi\u00f9 anni. <\/em><em>Mi lego alle parole che, nell&#8217;omelia, ha pronunciato il nostro vicario Pietro Lanza &#8216;oggi \u00e8 la giornata in cui si prega per loro e con loro, con le vittime che non ci sono pi\u00f9, con i parenti delle vittime a cui va il nostro pi\u00f9 caloroso abbraccio&#8217;. Si tratta di un ricordo indelebile. Questa triste pagina Civita non la dimenticher\u00e0 mai, naturalmente non possiamo nemmeno dimenticare che sono sei anni ormai che le Gole del Raganello, una delle forme di attrazione turistiche di sostentamento economico della comunit\u00e0 civitese, sono chiuse per cui il danno alla comunit\u00e0 civitese \u00e8 evidente&#8221;.<\/em><\/p>\n<p style=\"text-align: justify\">&#8220;Siamo stati dimenticati<strong> &#8211; ha aggiunto Tocci, oggi come allora alla guida del Comune <\/strong><em><strong>&#8211;<\/strong> da tutti e da tutto: si facciano l&#8217;esame di coscienza quei personaggi che vennero a Civita e dissero che sarebbero stati perennemente vicini alla comunit\u00e0.<\/em><\/p>\n<p style=\"text-align: justify\"><em>Io non li ho pi\u00f9 visti, posso soltanto dire che l&#8217;unico appoggio l&#8217;ho avuto all&#8217;epoca dalla compianta presidente Santelli e oggi l&#8217;ho avuto dal presidente Occhiuto dall&#8217;assessore Gallo questo lo posso dire. Vorrei ricordare, sostenendo che oggi forse \u00e8 la giornata meno opportuna, che quello per\u00f2 che \u00e8 successo a Civita \u00e8 veramente assurdo. Casi analoghi hanno avuto trattamento diverso. Adesso stiamo operando di concerto con la Regione Calabria per la messa in sicurezza. Stiamo progettando un&#8217;idea che serve a tutelare l&#8217;esterno delle gole e mettere di sicurezza con radar, pluviometri, videosorveglianza tutto quello che \u00e8 l&#8217;esterno. Noi siamo pronti a ripartire in sicurezza per quanto riguarda esclusivamente il mio territorio. Oggi pensiamo alle vittime da domani &#8211;<\/em><strong> ha detto ancora Tocci &#8211;<\/strong><em> ci rimetteremo in campo con il mio ufficio tecnico con l&#8217;amministrazione per conseguire un risultato che \u00e8 quello della riapertura delle gole del Raganello&#8221;.<\/em><\/p>\n","protected":false},"excerpt":{"rendered":"<p>A 6 anni da quel 20 agosto, sono state ricordate a Civita, in provincia di Cosenza, le 10 vittime della tragedia del Raganello. La comunit\u00e0 del comune arbereshe, l&#8217;amministrazione comunale&hellip;<\/p>\n","protected":false},"author":12,"featured_media":35534,"comment_status":"closed","ping_status":"open","sticky":false,"template":"","format":"standard","meta":{"_jetpack_memberships_contains_paid_content":false,"footnotes":"","jetpack_publicize_message":"","jetpack_publicize_feature_enabled":true,"jetpack_social_post_already_shared":false,"jetpack_social_options":{"image_generator_settings":{"template":"highway","default_image_id":0,"font":"","enabled":false},"version":2}},"categories":[142,921,196],"tags":[34924,34923,34922],"class_list":["post-56784","post","type-post","status-publish","format-standard","has-post-thumbnail","hentry","category-calabria","category-home","category-news","tag-parrocchia-santa-maria-assunta","tag-ricordate-10-vittime","tag-tragedia-del-raganello"],"yoast_head":"<!-- This site is optimized with the Yoast SEO plugin v27.2 - https:\/\/yoast.com\/product\/yoast-seo-wordpress\/ -->\n<title>Civita: celebrato il sesto anniversario della Tragedia del Raganello<\/title>\n<meta name=\"description\" content=\"Ricordate, nella chiesa parrocchiale &quot;Santa Maria Assunta&quot; con una funzione religiosa, le 10 vittime della tragedia del Raganello\" \/>\n<meta name=\"robots\" content=\"index, follow, max-snippet:-1, max-image-preview:large, max-video-preview:-1\" \/>\n<link rel=\"canonical\" href=\"https:\/\/progettotouring.it\/radiotouring104\/2024\/08\/22\/tragedia-del-raganello-celebrato-il-6-anniversario-in-ricordo-delle-10-vittime\/\" \/>\n<meta property=\"og:locale\" content=\"it_IT\" \/>\n<meta property=\"og:type\" content=\"article\" \/>\n<meta property=\"og:title\" content=\"Civita: celebrato il sesto anniversario della Tragedia del Raganello\" \/>\n<meta property=\"og:description\" content=\"Ricordate, nella chiesa parrocchiale &quot;Santa Maria Assunta&quot; con una funzione religiosa, le 10 vittime della tragedia del Raganello\" \/>\n<meta property=\"og:url\" content=\"https:\/\/progettotouring.it\/radiotouring104\/2024\/08\/22\/tragedia-del-raganello-celebrato-il-6-anniversario-in-ricordo-delle-10-vittime\/\" \/>\n<meta property=\"og:site_name\" content=\"Radio Touring 104\" \/>\n<meta property=\"article:published_time\" content=\"2024-08-22T10:11:44+00:00\" \/>\n<meta property=\"og:image\" content=\"https:\/\/progettotouring.it\/radiotouring104\/wp-content\/uploads\/sites\/6\/2023\/10\/Fiocco_nero-lutto-2-e1704219266702.jpg\" \/>\n\t<meta property=\"og:image:width\" content=\"401\" \/>\n\t<meta property=\"og:image:height\" content=\"234\" \/>\n\t<meta property=\"og:image:type\" content=\"image\/jpeg\" \/>\n<meta name=\"author\" content=\"Sebastiano Plutino\" \/>\n<meta name=\"twitter:card\" content=\"summary_large_image\" \/>\n<meta name=\"twitter:label1\" content=\"Scritto da\" \/>\n\t<meta name=\"twitter:data1\" content=\"Sebastiano Plutino\" \/>\n\t<meta name=\"twitter:label2\" content=\"Tempo di lettura stimato\" \/>\n\t<meta name=\"twitter:data2\" content=\"2 minuti\" \/>\n<script type=\"application\/ld+json\" class=\"yoast-schema-graph\">{\"@context\":\"https:\/\/schema.org\",\"@graph\":[{\"@type\":\"Article\",\"@id\":\"https:\/\/progettotouring.it\/radiotouring104\/2024\/08\/22\/tragedia-del-raganello-celebrato-il-6-anniversario-in-ricordo-delle-10-vittime\/#article\",\"isPartOf\":{\"@id\":\"https:\/\/progettotouring.it\/radiotouring104\/2024\/08\/22\/tragedia-del-raganello-celebrato-il-6-anniversario-in-ricordo-delle-10-vittime\/\"},\"author\":{\"name\":\"Sebastiano Plutino\",\"@id\":\"https:\/\/progettotouring.it\/radiotouring104\/#\/schema\/person\/78613917f1851f041f7483f5af1d422e\"},\"headline\":\"Tragedia del Raganello: celebrato il 6\u00b0 anniversario, in ricordo delle 10 vittime\",\"datePublished\":\"2024-08-22T10:11:44+00:00\",\"mainEntityOfPage\":{\"@id\":\"https:\/\/progettotouring.it\/radiotouring104\/2024\/08\/22\/tragedia-del-raganello-celebrato-il-6-anniversario-in-ricordo-delle-10-vittime\/\"},\"wordCount\":377,\"publisher\":{\"@id\":\"https:\/\/progettotouring.it\/radiotouring104\/#organization\"},\"image\":{\"@id\":\"https:\/\/progettotouring.it\/radiotouring104\/2024\/08\/22\/tragedia-del-raganello-celebrato-il-6-anniversario-in-ricordo-delle-10-vittime\/#primaryimage\"},\"thumbnailUrl\":\"https:\/\/progettotouring.it\/radiotouring104\/wp-content\/uploads\/sites\/6\/2023\/10\/Fiocco_nero-lutto-2-e1704219266702.jpg\",\"keywords\":[\"Parrocchia \\\"Santa Maria Assunta\\\"\",\"ricordate 10 vittime\",\"Tragedia del Raganello\"],\"articleSection\":[\"Calabria\",\"Home\",\"News\"],\"inLanguage\":\"it-IT\"},{\"@type\":\"WebPage\",\"@id\":\"https:\/\/progettotouring.it\/radiotouring104\/2024\/08\/22\/tragedia-del-raganello-celebrato-il-6-anniversario-in-ricordo-delle-10-vittime\/\",\"url\":\"https:\/\/progettotouring.it\/radiotouring104\/2024\/08\/22\/tragedia-del-raganello-celebrato-il-6-anniversario-in-ricordo-delle-10-vittime\/\",\"name\":\"Civita: celebrato il sesto anniversario della Tragedia del Raganello\",\"isPartOf\":{\"@id\":\"https:\/\/progettotouring.it\/radiotouring104\/#website\"},\"primaryImageOfPage\":{\"@id\":\"https:\/\/progettotouring.it\/radiotouring104\/2024\/08\/22\/tragedia-del-raganello-celebrato-il-6-anniversario-in-ricordo-delle-10-vittime\/#primaryimage\"},\"image\":{\"@id\":\"https:\/\/progettotouring.it\/radiotouring104\/2024\/08\/22\/tragedia-del-raganello-celebrato-il-6-anniversario-in-ricordo-delle-10-vittime\/#primaryimage\"},\"thumbnailUrl\":\"https:\/\/progettotouring.it\/radiotouring104\/wp-content\/uploads\/sites\/6\/2023\/10\/Fiocco_nero-lutto-2-e1704219266702.jpg\",\"datePublished\":\"2024-08-22T10:11:44+00:00\",\"description\":\"Ricordate, nella chiesa parrocchiale \\\"Santa Maria Assunta\\\" con una funzione religiosa, le 10 vittime della tragedia del Raganello\",\"breadcrumb\":{\"@id\":\"https:\/\/progettotouring.it\/radiotouring104\/2024\/08\/22\/tragedia-del-raganello-celebrato-il-6-anniversario-in-ricordo-delle-10-vittime\/#breadcrumb\"},\"inLanguage\":\"it-IT\",\"potentialAction\":[{\"@type\":\"ReadAction\",\"target\":[\"https:\/\/progettotouring.it\/radiotouring104\/2024\/08\/22\/tragedia-del-raganello-celebrato-il-6-anniversario-in-ricordo-delle-10-vittime\/\"]}]},{\"@type\":\"ImageObject\",\"inLanguage\":\"it-IT\",\"@id\":\"https:\/\/progettotouring.it\/radiotouring104\/2024\/08\/22\/tragedia-del-raganello-celebrato-il-6-anniversario-in-ricordo-delle-10-vittime\/#primaryimage\",\"url\":\"https:\/\/progettotouring.it\/radiotouring104\/wp-content\/uploads\/sites\/6\/2023\/10\/Fiocco_nero-lutto-2-e1704219266702.jpg\",\"contentUrl\":\"https:\/\/progettotouring.it\/radiotouring104\/wp-content\/uploads\/sites\/6\/2023\/10\/Fiocco_nero-lutto-2-e1704219266702.jpg\",\"width\":401,\"height\":234},{\"@type\":\"BreadcrumbList\",\"@id\":\"https:\/\/progettotouring.it\/radiotouring104\/2024\/08\/22\/tragedia-del-raganello-celebrato-il-6-anniversario-in-ricordo-delle-10-vittime\/#breadcrumb\",\"itemListElement\":[{\"@type\":\"ListItem\",\"position\":1,\"name\":\"Home\",\"item\":\"https:\/\/progettotouring.it\/radiotouring104\/\"},{\"@type\":\"ListItem\",\"position\":2,\"name\":\"Tragedia del Raganello: celebrato il 6\u00b0 anniversario, in ricordo delle 10 vittime\"}]},{\"@type\":\"WebSite\",\"@id\":\"https:\/\/progettotouring.it\/radiotouring104\/#website\",\"url\":\"https:\/\/progettotouring.it\/radiotouring104\/\",\"name\":\"Radio Touring 104\",\"description\":\"La prima radio Reggina\",\"publisher\":{\"@id\":\"https:\/\/progettotouring.it\/radiotouring104\/#organization\"},\"potentialAction\":[{\"@type\":\"SearchAction\",\"target\":{\"@type\":\"EntryPoint\",\"urlTemplate\":\"https:\/\/progettotouring.it\/radiotouring104\/?s={search_term_string}\"},\"query-input\":{\"@type\":\"PropertyValueSpecification\",\"valueRequired\":true,\"valueName\":\"search_term_string\"}}],\"inLanguage\":\"it-IT\"},{\"@type\":\"Organization\",\"@id\":\"https:\/\/progettotouring.it\/radiotouring104\/#organization\",\"name\":\"Radio Touring 104\",\"url\":\"https:\/\/progettotouring.it\/radiotouring104\/\",\"logo\":{\"@type\":\"ImageObject\",\"inLanguage\":\"it-IT\",\"@id\":\"https:\/\/progettotouring.it\/radiotouring104\/#\/schema\/logo\/image\/\",\"url\":\"https:\/\/progettotouring.it\/radiotouring104\/wp-content\/uploads\/sites\/6\/2022\/02\/cropped-logo-radio-touring-104.png\",\"contentUrl\":\"https:\/\/progettotouring.it\/radiotouring104\/wp-content\/uploads\/sites\/6\/2022\/02\/cropped-logo-radio-touring-104.png\",\"width\":377,\"height\":182,\"caption\":\"Radio Touring 104\"},\"image\":{\"@id\":\"https:\/\/progettotouring.it\/radiotouring104\/#\/schema\/logo\/image\/\"}},{\"@type\":\"Person\",\"@id\":\"https:\/\/progettotouring.it\/radiotouring104\/#\/schema\/person\/78613917f1851f041f7483f5af1d422e\",\"name\":\"Sebastiano Plutino\",\"image\":{\"@type\":\"ImageObject\",\"inLanguage\":\"it-IT\",\"@id\":\"https:\/\/secure.gravatar.com\/avatar\/0546ffaa9b79224faf9f2a156b67a529ae861d3287c66c1d8ccfdf909bcba78d?s=96&d=mm&r=g\",\"url\":\"https:\/\/secure.gravatar.com\/avatar\/0546ffaa9b79224faf9f2a156b67a529ae861d3287c66c1d8ccfdf909bcba78d?s=96&d=mm&r=g\",\"contentUrl\":\"https:\/\/secure.gravatar.com\/avatar\/0546ffaa9b79224faf9f2a156b67a529ae861d3287c66c1d8ccfdf909bcba78d?s=96&d=mm&r=g\",\"caption\":\"Sebastiano Plutino\"},\"url\":\"https:\/\/progettotouring.it\/radiotouring104\/author\/sebastiano\/\"}]}<\/script>\n<!-- \/ Yoast SEO plugin. -->","yoast_head_json":{"title":"Civita: celebrato il sesto anniversario della Tragedia del Raganello","description":"Ricordate, nella chiesa parrocchiale \"Santa Maria Assunta\" con una funzione religiosa, le 10 vittime della tragedia del Raganello","robots":{"index":"index","follow":"follow","max-snippet":"max-snippet:-1","max-image-preview":"max-image-preview:large","max-video-preview":"max-video-preview:-1"},"canonical":"https:\/\/progettotouring.it\/radiotouring104\/2024\/08\/22\/tragedia-del-raganello-celebrato-il-6-anniversario-in-ricordo-delle-10-vittime\/","og_locale":"it_IT","og_type":"article","og_title":"Civita: celebrato il sesto anniversario della Tragedia del Raganello","og_description":"Ricordate, nella chiesa parrocchiale \"Santa Maria Assunta\" con una funzione religiosa, le 10 vittime della tragedia del Raganello","og_url":"https:\/\/progettotouring.it\/radiotouring104\/2024\/08\/22\/tragedia-del-raganello-celebrato-il-6-anniversario-in-ricordo-delle-10-vittime\/","og_site_name":"Radio Touring 104","article_published_time":"2024-08-22T10:11:44+00:00","og_image":[{"width":401,"height":234,"url":"https:\/\/progettotouring.it\/radiotouring104\/wp-content\/uploads\/sites\/6\/2023\/10\/Fiocco_nero-lutto-2-e1704219266702.jpg","type":"image\/jpeg"}],"author":"Sebastiano Plutino","twitter_card":"summary_large_image","twitter_misc":{"Scritto da":"Sebastiano Plutino","Tempo di lettura stimato":"2 minuti"},"schema":{"@context":"https:\/\/schema.org","@graph":[{"@type":"Article","@id":"https:\/\/progettotouring.it\/radiotouring104\/2024\/08\/22\/tragedia-del-raganello-celebrato-il-6-anniversario-in-ricordo-delle-10-vittime\/#article","isPartOf":{"@id":"https:\/\/progettotouring.it\/radiotouring104\/2024\/08\/22\/tragedia-del-raganello-celebrato-il-6-anniversario-in-ricordo-delle-10-vittime\/"},"author":{"name":"Sebastiano Plutino","@id":"https:\/\/progettotouring.it\/radiotouring104\/#\/schema\/person\/78613917f1851f041f7483f5af1d422e"},"headline":"Tragedia del Raganello: celebrato il 6\u00b0 anniversario, in ricordo delle 10 vittime","datePublished":"2024-08-22T10:11:44+00:00","mainEntityOfPage":{"@id":"https:\/\/progettotouring.it\/radiotouring104\/2024\/08\/22\/tragedia-del-raganello-celebrato-il-6-anniversario-in-ricordo-delle-10-vittime\/"},"wordCount":377,"publisher":{"@id":"https:\/\/progettotouring.it\/radiotouring104\/#organization"},"image":{"@id":"https:\/\/progettotouring.it\/radiotouring104\/2024\/08\/22\/tragedia-del-raganello-celebrato-il-6-anniversario-in-ricordo-delle-10-vittime\/#primaryimage"},"thumbnailUrl":"https:\/\/progettotouring.it\/radiotouring104\/wp-content\/uploads\/sites\/6\/2023\/10\/Fiocco_nero-lutto-2-e1704219266702.jpg","keywords":["Parrocchia \"Santa Maria Assunta\"","ricordate 10 vittime","Tragedia del Raganello"],"articleSection":["Calabria","Home","News"],"inLanguage":"it-IT"},{"@type":"WebPage","@id":"https:\/\/progettotouring.it\/radiotouring104\/2024\/08\/22\/tragedia-del-raganello-celebrato-il-6-anniversario-in-ricordo-delle-10-vittime\/","url":"https:\/\/progettotouring.it\/radiotouring104\/2024\/08\/22\/tragedia-del-raganello-celebrato-il-6-anniversario-in-ricordo-delle-10-vittime\/","name":"Civita: celebrato il sesto anniversario della Tragedia del Raganello","isPartOf":{"@id":"https:\/\/progettotouring.it\/radiotouring104\/#website"},"primaryImageOfPage":{"@id":"https:\/\/progettotouring.it\/radiotouring104\/2024\/08\/22\/tragedia-del-raganello-celebrato-il-6-anniversario-in-ricordo-delle-10-vittime\/#primaryimage"},"image":{"@id":"https:\/\/progettotouring.it\/radiotouring104\/2024\/08\/22\/tragedia-del-raganello-celebrato-il-6-anniversario-in-ricordo-delle-10-vittime\/#primaryimage"},"thumbnailUrl":"https:\/\/progettotouring.it\/radiotouring104\/wp-content\/uploads\/sites\/6\/2023\/10\/Fiocco_nero-lutto-2-e1704219266702.jpg","datePublished":"2024-08-22T10:11:44+00:00","description":"Ricordate, nella chiesa parrocchiale \"Santa Maria Assunta\" con una funzione religiosa, le 10 vittime della tragedia del Raganello","breadcrumb":{"@id":"https:\/\/progettotouring.it\/radiotouring104\/2024\/08\/22\/tragedia-del-raganello-celebrato-il-6-anniversario-in-ricordo-delle-10-vittime\/#breadcrumb"},"inLanguage":"it-IT","potentialAction":[{"@type":"ReadAction","target":["https:\/\/progettotouring.it\/radiotouring104\/2024\/08\/22\/tragedia-del-raganello-celebrato-il-6-anniversario-in-ricordo-delle-10-vittime\/"]}]},{"@type":"ImageObject","inLanguage":"it-IT","@id":"https:\/\/progettotouring.it\/radiotouring104\/2024\/08\/22\/tragedia-del-raganello-celebrato-il-6-anniversario-in-ricordo-delle-10-vittime\/#primaryimage","url":"https:\/\/progettotouring.it\/radiotouring104\/wp-content\/uploads\/sites\/6\/2023\/10\/Fiocco_nero-lutto-2-e1704219266702.jpg","contentUrl":"https:\/\/progettotouring.it\/radiotouring104\/wp-content\/uploads\/sites\/6\/2023\/10\/Fiocco_nero-lutto-2-e1704219266702.jpg","width":401,"height":234},{"@type":"BreadcrumbList","@id":"https:\/\/progettotouring.it\/radiotouring104\/2024\/08\/22\/tragedia-del-raganello-celebrato-il-6-anniversario-in-ricordo-delle-10-vittime\/#breadcrumb","itemListElement":[{"@type":"ListItem","position":1,"name":"Home","item":"https:\/\/progettotouring.it\/radiotouring104\/"},{"@type":"ListItem","position":2,"name":"Tragedia del Raganello: celebrato il 6\u00b0 anniversario, in ricordo delle 10 vittime"}]},{"@type":"WebSite","@id":"https:\/\/progettotouring.it\/radiotouring104\/#website","url":"https:\/\/progettotouring.it\/radiotouring104\/","name":"Radio Touring 104","description":"La prima radio Reggina","publisher":{"@id":"https:\/\/progettotouring.it\/radiotouring104\/#organization"},"potentialAction":[{"@type":"SearchAction","target":{"@type":"EntryPoint","urlTemplate":"https:\/\/progettotouring.it\/radiotouring104\/?s={search_term_string}"},"query-input":{"@type":"PropertyValueSpecification","valueRequired":true,"valueName":"search_term_string"}}],"inLanguage":"it-IT"},{"@type":"Organization","@id":"https:\/\/progettotouring.it\/radiotouring104\/#organization","name":"Radio Touring 104","url":"https:\/\/progettotouring.it\/radiotouring104\/","logo":{"@type":"ImageObject","inLanguage":"it-IT","@id":"https:\/\/progettotouring.it\/radiotouring104\/#\/schema\/logo\/image\/","url":"https:\/\/progettotouring.it\/radiotouring104\/wp-content\/uploads\/sites\/6\/2022\/02\/cropped-logo-radio-touring-104.png","contentUrl":"https:\/\/progettotouring.it\/radiotouring104\/wp-content\/uploads\/sites\/6\/2022\/02\/cropped-logo-radio-touring-104.png","width":377,"height":182,"caption":"Radio Touring 104"},"image":{"@id":"https:\/\/progettotouring.it\/radiotouring104\/#\/schema\/logo\/image\/"}},{"@type":"Person","@id":"https:\/\/progettotouring.it\/radiotouring104\/#\/schema\/person\/78613917f1851f041f7483f5af1d422e","name":"Sebastiano Plutino","image":{"@type":"ImageObject","inLanguage":"it-IT","@id":"https:\/\/secure.gravatar.com\/avatar\/0546ffaa9b79224faf9f2a156b67a529ae861d3287c66c1d8ccfdf909bcba78d?s=96&d=mm&r=g","url":"https:\/\/secure.gravatar.com\/avatar\/0546ffaa9b79224faf9f2a156b67a529ae861d3287c66c1d8ccfdf909bcba78d?s=96&d=mm&r=g","contentUrl":"https:\/\/secure.gravatar.com\/avatar\/0546ffaa9b79224faf9f2a156b67a529ae861d3287c66c1d8ccfdf909bcba78d?s=96&d=mm&r=g","caption":"Sebastiano Plutino"},"url":"https:\/\/progettotouring.it\/radiotouring104\/author\/sebastiano\/"}]}},"jetpack_publicize_connections":[],"jetpack_featured_media_url":"https:\/\/progettotouring.it\/radiotouring104\/wp-content\/uploads\/sites\/6\/2023\/10\/Fiocco_nero-lutto-2-e1704219266702.jpg","jetpack_sharing_enabled":true,"_links":{"self":[{"href":"https:\/\/progettotouring.it\/radiotouring104\/wp-json\/wp\/v2\/posts\/56784","targetHints":{"allow":["GET"]}}],"collection":[{"href":"https:\/\/progettotouring.it\/radiotouring104\/wp-json\/wp\/v2\/posts"}],"about":[{"href":"https:\/\/progettotouring.it\/radiotouring104\/wp-json\/wp\/v2\/types\/post"}],"author":[{"embeddable":true,"href":"https:\/\/progettotouring.it\/radiotouring104\/wp-json\/wp\/v2\/users\/12"}],"replies":[{"embeddable":true,"href":"https:\/\/progettotouring.it\/radiotouring104\/wp-json\/wp\/v2\/comments?post=56784"}],"version-history":[{"count":1,"href":"https:\/\/progettotouring.it\/radiotouring104\/wp-json\/wp\/v2\/posts\/56784\/revisions"}],"predecessor-version":[{"id":56785,"href":"https:\/\/progettotouring.it\/radiotouring104\/wp-json\/wp\/v2\/posts\/56784\/revisions\/56785"}],"wp:featuredmedia":[{"embeddable":true,"href":"https:\/\/progettotouring.it\/radiotouring104\/wp-json\/wp\/v2\/media\/35534"}],"wp:attachment":[{"href":"https:\/\/progettotouring.it\/radiotouring104\/wp-json\/wp\/v2\/media?parent=56784"}],"wp:term":[{"taxonomy":"category","embeddable":true,"href":"https:\/\/progettotouring.it\/radiotouring104\/wp-json\/wp\/v2\/categories?post=56784"},{"taxonomy":"post_tag","embeddable":true,"href":"https:\/\/progettotouring.it\/radiotouring104\/wp-json\/wp\/v2\/tags?post=56784"}],"curies":[{"name":"wp","href":"https:\/\/api.w.org\/{rel}","templated":true}]}}