{"id":56799,"date":"2024-08-22T12:56:20","date_gmt":"2024-08-22T10:56:20","guid":{"rendered":"https:\/\/progettotouring.it\/radiotouring104\/?p=56799"},"modified":"2024-08-22T12:58:02","modified_gmt":"2024-08-22T10:58:02","slug":"reggio-inaugurata-la-piazza-del-divin-soccorso-al-gebbione","status":"publish","type":"post","link":"https:\/\/progettotouring.it\/radiotouring104\/2024\/08\/22\/reggio-inaugurata-la-piazza-del-divin-soccorso-al-gebbione\/","title":{"rendered":"Reggio: inaugurata la piazza del Divin Soccorso al Gebbione"},"content":{"rendered":"<p style=\"text-align: justify\"><em>\u201cUn momento atteso per il quartiere di Gebbione la restituzione della piazza del Divin Soccorso alla storica e tradizionale funzione che ha avuto nella nostra citt\u00e0 di spazio e luogo di socialit\u00e0, educazione, cultura, di scambio di idee e modo di vivere. Siamo orgogliosi di questo risultato perch\u00e9 questo quartiere per la sua tradizione e il suo ruolo determinate in citt\u00e0 aspettava e meritava da tempo questa riqualificazione. La bellezza di questo luogo ci spinge a riconoscere i limiti delle tante cose che bisogna migliorare, ma la bellezza di questa piazza ci stimola a voler fare di pi\u00f9. A partire dagli spazi alle nostra spalle sui quali stiamo gi\u00e0 lavorando\u201d, <\/em><strong>ha dichiarato il sindaco Giuseppe Falcomat\u00e0<\/strong> <strong>salutando un momento di condivisione<\/strong> e di gioia, <strong>iniziato con la santa messa e<\/strong> conclusosi con l\u2019abbraccio in piazza dei<strong> tanti abitanti del rione<\/strong> che dopo tanta attesa hanno potuto <strong>riappropriarsi di uno spazio condiviso per socialit\u00e0<\/strong> e convivialit\u00e0. Un restyling che ha interessato la piazza del Divin Soccorso nella sua struttura progettuale pensata come tante stanze ideali di cui fruire senza alcun ostacolo dal punto di vista materico e visivo, con tre separ\u00e9, spazi verdi, per far coesistere scenari diversi. I fondi fanno riferimento a due lotti che riguardano anche la riqualificazione dell\u2019ex Bocciodromo, finanziati per una somma complessiva di circa 500 mila euro, a valere sui fondi ReactEu.<\/p>\n<p style=\"text-align: justify\"><em>\u201cUno spazio ludico sportivo \u2013<\/em> <strong>ha spiegato Falcomat\u00e0 rivolgendosi ai cittadini<\/strong> &#8211;<em> che, da sempre, sul nostro territorio ha svolto una importantissima necessaria funzione di carattere sociale. Per questo risultato voglio ringraziare la comunit\u00e0 cittadina del quartiere Gebbione, la comunit\u00e0 parrocchiale del Divin soccorso e il parroco don Gaetano e tutti i parroci storici che davvero hanno lavorato su questo territorio. Su tutti penso a Monsignor Salvatore Nunnari, a don Giorgio Costantino che hanno sostenuto questa comunit\u00e0 anche nei momenti pi\u00f9 complicati\u201d.<\/em><\/p>\n<p style=\"text-align: justify\"><em>\u201cSono lavori frutto di una programmazione, non bisogna pensare che accanto a questa piazza non ci siano progetti di sviluppo e recupero dell\u2019intero quartiere<\/em><strong> \u2013 ha aggiunto il primo cittadino<\/strong> \u2013 <em>ma \u00e8 anche di un lavoro di squadra. Per questo ringrazio tutta la macchina amministrativa: a partire dal vicesindaco, gli assessori, i consiglieri, il Rup, l\u2019ufficio tecnico, la ditta e il progettista, l\u2019architetto Villani Conti che ha ascoltato in corso d\u2019opera i suggerimenti posti dalla cittadinanza, frutto di una progettazione condivisa che poi \u00e8 la cosa pi\u00f9 importanza e mi sembra che il risultato sia stato raggiunto se siamo cos\u00ec in tanti qui. Sento sempre insistere sul fatto che per mantenere un bene comunale \u00e8 necessaria la presenza di telecamere. Certo sono presidi di sicurezza importanti che esistono sui beni della citt\u00e0, ma questo non pu\u00f2 essere sufficiente. La miglior sicurezza si ottiene rendendolo vivo e curandolo con la presenza dei cittadini che lo fanno tornare a essere un luogo del cuore e cos\u00ec se ne ha attenzione come fosse casa propria\u201d.<\/em><\/p>\n<p style=\"text-align: justify\"><em>\u201c\u00c8 il regalo pi\u00f9 grande in assoluto perch\u00e9 viene restituito il polmone di vita per tutta la comunit\u00e0 e per tutto il quartiere di Gebbione. Da questa piazza sono passati ed hanno vissuto in tanti, non soltanto la loro esperienza di fede, ma anche di vita attiva della citt\u00e0. Restituire un&#8217;opera cos\u00ec vuol dire anche metterci tutto l&#8217;impegno per far s\u00ec che venga mantenuta nelle condizioni in cui ci viene data. Per mantenerla viva e attiva adesso serve da parte di tutti un senso maggiore di responsabilit\u00e0\u201d<\/em><strong> ha commentato il parroco della Chiesa del Divin Soccorso don Gaetano Galatti.<\/strong><\/p>\n","protected":false},"excerpt":{"rendered":"<p>\u201cUn momento atteso per il quartiere di Gebbione la restituzione della piazza del Divin Soccorso alla storica e tradizionale funzione che ha avuto nella nostra citt\u00e0 di spazio e luogo&hellip;<\/p>\n","protected":false},"author":12,"featured_media":56800,"comment_status":"closed","ping_status":"open","sticky":false,"template":"","format":"standard","meta":{"_jetpack_memberships_contains_paid_content":false,"footnotes":"","jetpack_publicize_message":"","jetpack_publicize_feature_enabled":true,"jetpack_social_post_already_shared":false,"jetpack_social_options":{"image_generator_settings":{"template":"highway","default_image_id":0,"font":"","enabled":false},"version":2}},"categories":[921,150,196,140],"tags":[34930,30465,567,34931],"class_list":["post-56799","post","type-post","status-publish","format-standard","has-post-thumbnail","hentry","category-home","category-in-primo-piano","category-news","category-reggio-calabria","tag-don-gaetano-galatti","tag-falcomata-giuseppe","tag-gebbione","tag-naugurata-la-piazza-del-divin-soccorso"],"yoast_head":"<!-- This site is optimized with the Yoast SEO plugin v27.2 - https:\/\/yoast.com\/product\/yoast-seo-wordpress\/ -->\n<title>Reggio: inaugurata la piazza del Divin Soccorso al Gebbione<\/title>\n<meta name=\"description\" content=\"\u201cLa bellezza di questo luogo ci stimola a voler fare di pi\u00f9\u201d, ha dichiarato Falcomat\u00e0 all&#039;inaugurazione, in presenza di molti cittadini.\" \/>\n<meta name=\"robots\" content=\"index, follow, max-snippet:-1, max-image-preview:large, max-video-preview:-1\" \/>\n<link rel=\"canonical\" href=\"https:\/\/progettotouring.it\/radiotouring104\/2024\/08\/22\/reggio-inaugurata-la-piazza-del-divin-soccorso-al-gebbione\/\" \/>\n<meta property=\"og:locale\" content=\"it_IT\" \/>\n<meta property=\"og:type\" content=\"article\" \/>\n<meta property=\"og:title\" content=\"Reggio: inaugurata la piazza del Divin Soccorso al Gebbione\" \/>\n<meta property=\"og:description\" content=\"\u201cLa bellezza di questo luogo ci stimola a voler fare di pi\u00f9\u201d, ha dichiarato Falcomat\u00e0 all&#039;inaugurazione, in presenza di molti cittadini.\" \/>\n<meta property=\"og:url\" content=\"https:\/\/progettotouring.it\/radiotouring104\/2024\/08\/22\/reggio-inaugurata-la-piazza-del-divin-soccorso-al-gebbione\/\" \/>\n<meta property=\"og:site_name\" content=\"Radio Touring 104\" \/>\n<meta property=\"article:published_time\" content=\"2024-08-22T10:56:20+00:00\" \/>\n<meta property=\"article:modified_time\" content=\"2024-08-22T10:58:02+00:00\" \/>\n<meta property=\"og:image\" content=\"https:\/\/progettotouring.it\/radiotouring104\/wp-content\/uploads\/sites\/6\/2024\/08\/inaugurazione-piazza-divin-soccorso.jpeg\" \/>\n\t<meta property=\"og:image:width\" content=\"1600\" \/>\n\t<meta property=\"og:image:height\" content=\"1066\" \/>\n\t<meta property=\"og:image:type\" content=\"image\/jpeg\" \/>\n<meta name=\"author\" content=\"Sebastiano Plutino\" \/>\n<meta name=\"twitter:card\" content=\"summary_large_image\" \/>\n<meta name=\"twitter:label1\" content=\"Scritto da\" \/>\n\t<meta name=\"twitter:data1\" content=\"Sebastiano Plutino\" \/>\n\t<meta name=\"twitter:label2\" content=\"Tempo di lettura stimato\" \/>\n\t<meta name=\"twitter:data2\" content=\"3 minuti\" \/>\n<script type=\"application\/ld+json\" class=\"yoast-schema-graph\">{\"@context\":\"https:\/\/schema.org\",\"@graph\":[{\"@type\":\"Article\",\"@id\":\"https:\/\/progettotouring.it\/radiotouring104\/2024\/08\/22\/reggio-inaugurata-la-piazza-del-divin-soccorso-al-gebbione\/#article\",\"isPartOf\":{\"@id\":\"https:\/\/progettotouring.it\/radiotouring104\/2024\/08\/22\/reggio-inaugurata-la-piazza-del-divin-soccorso-al-gebbione\/\"},\"author\":{\"name\":\"Sebastiano Plutino\",\"@id\":\"https:\/\/progettotouring.it\/radiotouring104\/#\/schema\/person\/78613917f1851f041f7483f5af1d422e\"},\"headline\":\"Reggio: inaugurata la piazza del Divin Soccorso al Gebbione\",\"datePublished\":\"2024-08-22T10:56:20+00:00\",\"dateModified\":\"2024-08-22T10:58:02+00:00\",\"mainEntityOfPage\":{\"@id\":\"https:\/\/progettotouring.it\/radiotouring104\/2024\/08\/22\/reggio-inaugurata-la-piazza-del-divin-soccorso-al-gebbione\/\"},\"wordCount\":587,\"publisher\":{\"@id\":\"https:\/\/progettotouring.it\/radiotouring104\/#organization\"},\"image\":{\"@id\":\"https:\/\/progettotouring.it\/radiotouring104\/2024\/08\/22\/reggio-inaugurata-la-piazza-del-divin-soccorso-al-gebbione\/#primaryimage\"},\"thumbnailUrl\":\"https:\/\/progettotouring.it\/radiotouring104\/wp-content\/uploads\/sites\/6\/2024\/08\/inaugurazione-piazza-divin-soccorso.jpeg\",\"keywords\":[\"don Gaetano Galatti.\",\"Falcomat\u00e0 Giuseppe\",\"gebbione\",\"naugurata la piazza del Divin Soccorso\"],\"articleSection\":[\"Home\",\"In primo piano\",\"News\",\"Reggio Calabria\"],\"inLanguage\":\"it-IT\"},{\"@type\":\"WebPage\",\"@id\":\"https:\/\/progettotouring.it\/radiotouring104\/2024\/08\/22\/reggio-inaugurata-la-piazza-del-divin-soccorso-al-gebbione\/\",\"url\":\"https:\/\/progettotouring.it\/radiotouring104\/2024\/08\/22\/reggio-inaugurata-la-piazza-del-divin-soccorso-al-gebbione\/\",\"name\":\"Reggio: inaugurata la piazza del Divin Soccorso al Gebbione\",\"isPartOf\":{\"@id\":\"https:\/\/progettotouring.it\/radiotouring104\/#website\"},\"primaryImageOfPage\":{\"@id\":\"https:\/\/progettotouring.it\/radiotouring104\/2024\/08\/22\/reggio-inaugurata-la-piazza-del-divin-soccorso-al-gebbione\/#primaryimage\"},\"image\":{\"@id\":\"https:\/\/progettotouring.it\/radiotouring104\/2024\/08\/22\/reggio-inaugurata-la-piazza-del-divin-soccorso-al-gebbione\/#primaryimage\"},\"thumbnailUrl\":\"https:\/\/progettotouring.it\/radiotouring104\/wp-content\/uploads\/sites\/6\/2024\/08\/inaugurazione-piazza-divin-soccorso.jpeg\",\"datePublished\":\"2024-08-22T10:56:20+00:00\",\"dateModified\":\"2024-08-22T10:58:02+00:00\",\"description\":\"\u201cLa bellezza di questo luogo ci stimola a voler fare di pi\u00f9\u201d, ha dichiarato Falcomat\u00e0 all'inaugurazione, in presenza di molti cittadini.\",\"breadcrumb\":{\"@id\":\"https:\/\/progettotouring.it\/radiotouring104\/2024\/08\/22\/reggio-inaugurata-la-piazza-del-divin-soccorso-al-gebbione\/#breadcrumb\"},\"inLanguage\":\"it-IT\",\"potentialAction\":[{\"@type\":\"ReadAction\",\"target\":[\"https:\/\/progettotouring.it\/radiotouring104\/2024\/08\/22\/reggio-inaugurata-la-piazza-del-divin-soccorso-al-gebbione\/\"]}]},{\"@type\":\"ImageObject\",\"inLanguage\":\"it-IT\",\"@id\":\"https:\/\/progettotouring.it\/radiotouring104\/2024\/08\/22\/reggio-inaugurata-la-piazza-del-divin-soccorso-al-gebbione\/#primaryimage\",\"url\":\"https:\/\/progettotouring.it\/radiotouring104\/wp-content\/uploads\/sites\/6\/2024\/08\/inaugurazione-piazza-divin-soccorso.jpeg\",\"contentUrl\":\"https:\/\/progettotouring.it\/radiotouring104\/wp-content\/uploads\/sites\/6\/2024\/08\/inaugurazione-piazza-divin-soccorso.jpeg\",\"width\":1600,\"height\":1066},{\"@type\":\"BreadcrumbList\",\"@id\":\"https:\/\/progettotouring.it\/radiotouring104\/2024\/08\/22\/reggio-inaugurata-la-piazza-del-divin-soccorso-al-gebbione\/#breadcrumb\",\"itemListElement\":[{\"@type\":\"ListItem\",\"position\":1,\"name\":\"Home\",\"item\":\"https:\/\/progettotouring.it\/radiotouring104\/\"},{\"@type\":\"ListItem\",\"position\":2,\"name\":\"Reggio: inaugurata la piazza del Divin Soccorso al Gebbione\"}]},{\"@type\":\"WebSite\",\"@id\":\"https:\/\/progettotouring.it\/radiotouring104\/#website\",\"url\":\"https:\/\/progettotouring.it\/radiotouring104\/\",\"name\":\"Radio Touring 104\",\"description\":\"La prima radio Reggina\",\"publisher\":{\"@id\":\"https:\/\/progettotouring.it\/radiotouring104\/#organization\"},\"potentialAction\":[{\"@type\":\"SearchAction\",\"target\":{\"@type\":\"EntryPoint\",\"urlTemplate\":\"https:\/\/progettotouring.it\/radiotouring104\/?s={search_term_string}\"},\"query-input\":{\"@type\":\"PropertyValueSpecification\",\"valueRequired\":true,\"valueName\":\"search_term_string\"}}],\"inLanguage\":\"it-IT\"},{\"@type\":\"Organization\",\"@id\":\"https:\/\/progettotouring.it\/radiotouring104\/#organization\",\"name\":\"Radio Touring 104\",\"url\":\"https:\/\/progettotouring.it\/radiotouring104\/\",\"logo\":{\"@type\":\"ImageObject\",\"inLanguage\":\"it-IT\",\"@id\":\"https:\/\/progettotouring.it\/radiotouring104\/#\/schema\/logo\/image\/\",\"url\":\"https:\/\/progettotouring.it\/radiotouring104\/wp-content\/uploads\/sites\/6\/2022\/02\/cropped-logo-radio-touring-104.png\",\"contentUrl\":\"https:\/\/progettotouring.it\/radiotouring104\/wp-content\/uploads\/sites\/6\/2022\/02\/cropped-logo-radio-touring-104.png\",\"width\":377,\"height\":182,\"caption\":\"Radio Touring 104\"},\"image\":{\"@id\":\"https:\/\/progettotouring.it\/radiotouring104\/#\/schema\/logo\/image\/\"}},{\"@type\":\"Person\",\"@id\":\"https:\/\/progettotouring.it\/radiotouring104\/#\/schema\/person\/78613917f1851f041f7483f5af1d422e\",\"name\":\"Sebastiano Plutino\",\"image\":{\"@type\":\"ImageObject\",\"inLanguage\":\"it-IT\",\"@id\":\"https:\/\/secure.gravatar.com\/avatar\/0546ffaa9b79224faf9f2a156b67a529ae861d3287c66c1d8ccfdf909bcba78d?s=96&d=mm&r=g\",\"url\":\"https:\/\/secure.gravatar.com\/avatar\/0546ffaa9b79224faf9f2a156b67a529ae861d3287c66c1d8ccfdf909bcba78d?s=96&d=mm&r=g\",\"contentUrl\":\"https:\/\/secure.gravatar.com\/avatar\/0546ffaa9b79224faf9f2a156b67a529ae861d3287c66c1d8ccfdf909bcba78d?s=96&d=mm&r=g\",\"caption\":\"Sebastiano Plutino\"},\"url\":\"https:\/\/progettotouring.it\/radiotouring104\/author\/sebastiano\/\"}]}<\/script>\n<!-- \/ Yoast SEO plugin. -->","yoast_head_json":{"title":"Reggio: inaugurata la piazza del Divin Soccorso al Gebbione","description":"\u201cLa bellezza di questo luogo ci stimola a voler fare di pi\u00f9\u201d, ha dichiarato Falcomat\u00e0 all'inaugurazione, in presenza di molti cittadini.","robots":{"index":"index","follow":"follow","max-snippet":"max-snippet:-1","max-image-preview":"max-image-preview:large","max-video-preview":"max-video-preview:-1"},"canonical":"https:\/\/progettotouring.it\/radiotouring104\/2024\/08\/22\/reggio-inaugurata-la-piazza-del-divin-soccorso-al-gebbione\/","og_locale":"it_IT","og_type":"article","og_title":"Reggio: inaugurata la piazza del Divin Soccorso al Gebbione","og_description":"\u201cLa bellezza di questo luogo ci stimola a voler fare di pi\u00f9\u201d, ha dichiarato Falcomat\u00e0 all'inaugurazione, in presenza di molti cittadini.","og_url":"https:\/\/progettotouring.it\/radiotouring104\/2024\/08\/22\/reggio-inaugurata-la-piazza-del-divin-soccorso-al-gebbione\/","og_site_name":"Radio Touring 104","article_published_time":"2024-08-22T10:56:20+00:00","article_modified_time":"2024-08-22T10:58:02+00:00","og_image":[{"width":1600,"height":1066,"url":"https:\/\/progettotouring.it\/radiotouring104\/wp-content\/uploads\/sites\/6\/2024\/08\/inaugurazione-piazza-divin-soccorso.jpeg","type":"image\/jpeg"}],"author":"Sebastiano Plutino","twitter_card":"summary_large_image","twitter_misc":{"Scritto da":"Sebastiano Plutino","Tempo di lettura stimato":"3 minuti"},"schema":{"@context":"https:\/\/schema.org","@graph":[{"@type":"Article","@id":"https:\/\/progettotouring.it\/radiotouring104\/2024\/08\/22\/reggio-inaugurata-la-piazza-del-divin-soccorso-al-gebbione\/#article","isPartOf":{"@id":"https:\/\/progettotouring.it\/radiotouring104\/2024\/08\/22\/reggio-inaugurata-la-piazza-del-divin-soccorso-al-gebbione\/"},"author":{"name":"Sebastiano Plutino","@id":"https:\/\/progettotouring.it\/radiotouring104\/#\/schema\/person\/78613917f1851f041f7483f5af1d422e"},"headline":"Reggio: inaugurata la piazza del Divin Soccorso al Gebbione","datePublished":"2024-08-22T10:56:20+00:00","dateModified":"2024-08-22T10:58:02+00:00","mainEntityOfPage":{"@id":"https:\/\/progettotouring.it\/radiotouring104\/2024\/08\/22\/reggio-inaugurata-la-piazza-del-divin-soccorso-al-gebbione\/"},"wordCount":587,"publisher":{"@id":"https:\/\/progettotouring.it\/radiotouring104\/#organization"},"image":{"@id":"https:\/\/progettotouring.it\/radiotouring104\/2024\/08\/22\/reggio-inaugurata-la-piazza-del-divin-soccorso-al-gebbione\/#primaryimage"},"thumbnailUrl":"https:\/\/progettotouring.it\/radiotouring104\/wp-content\/uploads\/sites\/6\/2024\/08\/inaugurazione-piazza-divin-soccorso.jpeg","keywords":["don Gaetano Galatti.","Falcomat\u00e0 Giuseppe","gebbione","naugurata la piazza del Divin Soccorso"],"articleSection":["Home","In primo piano","News","Reggio Calabria"],"inLanguage":"it-IT"},{"@type":"WebPage","@id":"https:\/\/progettotouring.it\/radiotouring104\/2024\/08\/22\/reggio-inaugurata-la-piazza-del-divin-soccorso-al-gebbione\/","url":"https:\/\/progettotouring.it\/radiotouring104\/2024\/08\/22\/reggio-inaugurata-la-piazza-del-divin-soccorso-al-gebbione\/","name":"Reggio: inaugurata la piazza del Divin Soccorso al Gebbione","isPartOf":{"@id":"https:\/\/progettotouring.it\/radiotouring104\/#website"},"primaryImageOfPage":{"@id":"https:\/\/progettotouring.it\/radiotouring104\/2024\/08\/22\/reggio-inaugurata-la-piazza-del-divin-soccorso-al-gebbione\/#primaryimage"},"image":{"@id":"https:\/\/progettotouring.it\/radiotouring104\/2024\/08\/22\/reggio-inaugurata-la-piazza-del-divin-soccorso-al-gebbione\/#primaryimage"},"thumbnailUrl":"https:\/\/progettotouring.it\/radiotouring104\/wp-content\/uploads\/sites\/6\/2024\/08\/inaugurazione-piazza-divin-soccorso.jpeg","datePublished":"2024-08-22T10:56:20+00:00","dateModified":"2024-08-22T10:58:02+00:00","description":"\u201cLa bellezza di questo luogo ci stimola a voler fare di pi\u00f9\u201d, ha dichiarato Falcomat\u00e0 all'inaugurazione, in presenza di molti cittadini.","breadcrumb":{"@id":"https:\/\/progettotouring.it\/radiotouring104\/2024\/08\/22\/reggio-inaugurata-la-piazza-del-divin-soccorso-al-gebbione\/#breadcrumb"},"inLanguage":"it-IT","potentialAction":[{"@type":"ReadAction","target":["https:\/\/progettotouring.it\/radiotouring104\/2024\/08\/22\/reggio-inaugurata-la-piazza-del-divin-soccorso-al-gebbione\/"]}]},{"@type":"ImageObject","inLanguage":"it-IT","@id":"https:\/\/progettotouring.it\/radiotouring104\/2024\/08\/22\/reggio-inaugurata-la-piazza-del-divin-soccorso-al-gebbione\/#primaryimage","url":"https:\/\/progettotouring.it\/radiotouring104\/wp-content\/uploads\/sites\/6\/2024\/08\/inaugurazione-piazza-divin-soccorso.jpeg","contentUrl":"https:\/\/progettotouring.it\/radiotouring104\/wp-content\/uploads\/sites\/6\/2024\/08\/inaugurazione-piazza-divin-soccorso.jpeg","width":1600,"height":1066},{"@type":"BreadcrumbList","@id":"https:\/\/progettotouring.it\/radiotouring104\/2024\/08\/22\/reggio-inaugurata-la-piazza-del-divin-soccorso-al-gebbione\/#breadcrumb","itemListElement":[{"@type":"ListItem","position":1,"name":"Home","item":"https:\/\/progettotouring.it\/radiotouring104\/"},{"@type":"ListItem","position":2,"name":"Reggio: inaugurata la piazza del Divin Soccorso al Gebbione"}]},{"@type":"WebSite","@id":"https:\/\/progettotouring.it\/radiotouring104\/#website","url":"https:\/\/progettotouring.it\/radiotouring104\/","name":"Radio Touring 104","description":"La prima radio Reggina","publisher":{"@id":"https:\/\/progettotouring.it\/radiotouring104\/#organization"},"potentialAction":[{"@type":"SearchAction","target":{"@type":"EntryPoint","urlTemplate":"https:\/\/progettotouring.it\/radiotouring104\/?s={search_term_string}"},"query-input":{"@type":"PropertyValueSpecification","valueRequired":true,"valueName":"search_term_string"}}],"inLanguage":"it-IT"},{"@type":"Organization","@id":"https:\/\/progettotouring.it\/radiotouring104\/#organization","name":"Radio Touring 104","url":"https:\/\/progettotouring.it\/radiotouring104\/","logo":{"@type":"ImageObject","inLanguage":"it-IT","@id":"https:\/\/progettotouring.it\/radiotouring104\/#\/schema\/logo\/image\/","url":"https:\/\/progettotouring.it\/radiotouring104\/wp-content\/uploads\/sites\/6\/2022\/02\/cropped-logo-radio-touring-104.png","contentUrl":"https:\/\/progettotouring.it\/radiotouring104\/wp-content\/uploads\/sites\/6\/2022\/02\/cropped-logo-radio-touring-104.png","width":377,"height":182,"caption":"Radio Touring 104"},"image":{"@id":"https:\/\/progettotouring.it\/radiotouring104\/#\/schema\/logo\/image\/"}},{"@type":"Person","@id":"https:\/\/progettotouring.it\/radiotouring104\/#\/schema\/person\/78613917f1851f041f7483f5af1d422e","name":"Sebastiano Plutino","image":{"@type":"ImageObject","inLanguage":"it-IT","@id":"https:\/\/secure.gravatar.com\/avatar\/0546ffaa9b79224faf9f2a156b67a529ae861d3287c66c1d8ccfdf909bcba78d?s=96&d=mm&r=g","url":"https:\/\/secure.gravatar.com\/avatar\/0546ffaa9b79224faf9f2a156b67a529ae861d3287c66c1d8ccfdf909bcba78d?s=96&d=mm&r=g","contentUrl":"https:\/\/secure.gravatar.com\/avatar\/0546ffaa9b79224faf9f2a156b67a529ae861d3287c66c1d8ccfdf909bcba78d?s=96&d=mm&r=g","caption":"Sebastiano Plutino"},"url":"https:\/\/progettotouring.it\/radiotouring104\/author\/sebastiano\/"}]}},"jetpack_publicize_connections":[],"jetpack_featured_media_url":"https:\/\/progettotouring.it\/radiotouring104\/wp-content\/uploads\/sites\/6\/2024\/08\/inaugurazione-piazza-divin-soccorso.jpeg","jetpack_sharing_enabled":true,"_links":{"self":[{"href":"https:\/\/progettotouring.it\/radiotouring104\/wp-json\/wp\/v2\/posts\/56799","targetHints":{"allow":["GET"]}}],"collection":[{"href":"https:\/\/progettotouring.it\/radiotouring104\/wp-json\/wp\/v2\/posts"}],"about":[{"href":"https:\/\/progettotouring.it\/radiotouring104\/wp-json\/wp\/v2\/types\/post"}],"author":[{"embeddable":true,"href":"https:\/\/progettotouring.it\/radiotouring104\/wp-json\/wp\/v2\/users\/12"}],"replies":[{"embeddable":true,"href":"https:\/\/progettotouring.it\/radiotouring104\/wp-json\/wp\/v2\/comments?post=56799"}],"version-history":[{"count":2,"href":"https:\/\/progettotouring.it\/radiotouring104\/wp-json\/wp\/v2\/posts\/56799\/revisions"}],"predecessor-version":[{"id":56802,"href":"https:\/\/progettotouring.it\/radiotouring104\/wp-json\/wp\/v2\/posts\/56799\/revisions\/56802"}],"wp:featuredmedia":[{"embeddable":true,"href":"https:\/\/progettotouring.it\/radiotouring104\/wp-json\/wp\/v2\/media\/56800"}],"wp:attachment":[{"href":"https:\/\/progettotouring.it\/radiotouring104\/wp-json\/wp\/v2\/media?parent=56799"}],"wp:term":[{"taxonomy":"category","embeddable":true,"href":"https:\/\/progettotouring.it\/radiotouring104\/wp-json\/wp\/v2\/categories?post=56799"},{"taxonomy":"post_tag","embeddable":true,"href":"https:\/\/progettotouring.it\/radiotouring104\/wp-json\/wp\/v2\/tags?post=56799"}],"curies":[{"name":"wp","href":"https:\/\/api.w.org\/{rel}","templated":true}]}}