{"id":56803,"date":"2024-08-22T13:05:35","date_gmt":"2024-08-22T11:05:35","guid":{"rendered":"https:\/\/progettotouring.it\/radiotouring104\/?p=56803"},"modified":"2024-08-22T13:05:35","modified_gmt":"2024-08-22T11:05:35","slug":"reggio-grande-successo-per-eugenio-bennato-il-brigante-della-musica-che-canta-il-meridione-fa-il-pieno-al-festival-radici","status":"publish","type":"post","link":"https:\/\/progettotouring.it\/radiotouring104\/2024\/08\/22\/reggio-grande-successo-per-eugenio-bennato-il-brigante-della-musica-che-canta-il-meridione-fa-il-pieno-al-festival-radici\/","title":{"rendered":"Reggio: grande successo per Eugenio Bennato, il brigante della musica che canta il Meridione fa il pieno al Festival RadiCi"},"content":{"rendered":"<p style=\"text-align: justify\">Che il <strong>festival etno-folk-pop<\/strong> \u201cRadici\u201d<strong> avrebbe chiuso col botto era stato ampiamente preannunciato ma le previsioni sono state finanche superate<\/strong> dalla realt\u00e0:<strong> un\u2019Arena dello Stretto gremita<\/strong> in ogni ordine di posto con migliaia di persone sulle gradinate ma anche in tutta l\u2019area antistante il palco.<\/p>\n<p><strong>Neanche il rischio pioggia,<\/strong> nel nome del famigerato slogan <em>\u201cthe show must go on\u201d<\/em>, i<strong>ntimorisce la passione popolare<\/strong> dei tantissimi residenti e <strong>turisti accorsi in via marina ad ascoltare il maestro Eugenio Bennato:<\/strong> un\u2019icona, ormai, degli inni meridionalisti di riscatto e giustizia sociale.<\/p>\n<p><strong>L\u2019artista napoletano<\/strong>, fondatore della Nuova Compagnia di Canto Popolare, \u00e8 ormai di casa sia in Calabria che nel territorio reggino: tanto che lui stesso a sottolineare pi\u00f9 volte la rilevanza della nostra terra nel suo percorso di ricerca etno-musicale; <strong>arricchitosi nel tempo sia di numerosi musicisti locali, anche adesso con il bassista roccellese Stefano Simonetta,<\/strong> che di strumenti quali la \u201cchitarra battente\u201d cui arriva dallo stesso una \u201cbenedizione\u201d proprio mentre la suona sul palco.<\/p>\n<p>Una Calabria che per Bennato \u00e8 Meridione ed \u00e8 Mediterraneo, un Sud del Sud, crocevia straordinario di culture millenarie.<br \/>\n<strong>Non serve troppo tempo per infiammare un pubblico<\/strong> che conosce a memoria quasi tutti i brani <strong>e non lo lascia un solo attimo<\/strong> senza che vi sia il tipico accompagnamento con le mani impreziosito, puntualmente, da danze tradizionali.<\/p>\n<p>Di briganti, lotte contadine, <strong>ribellione contro gli oppressori ed i padroni parlano pressoch\u00e9 tutti i testi di brani che hanno fatto e continuano a fare la storia;<\/strong> non servono neppure introduzioni o spiegazioni: arrivano dritte all\u2019animo ribelle di chi vuole credere, ancora oggi, nella dignit\u00e0 e nel riscatto di un sud ricco di storia e cultura ma troppo spesso bistrattato.<\/p>\n<p><strong>La<\/strong> \u201cquestione \u00e8 meridionale\u201d;<strong> lo urlano in coro in tantissimi cantando assieme una delle canzoni-simbolo di Bennato<\/strong> sul brigante Ninco Nanco. Si canta e si balla con un\u2019intramontabile \u201cRiturnella\u201d, con \u201cChe il Mediterraneo sia\u201d, \u201cTaranta Power\u201d e tante altre. <strong>Un canto che riecheggia all\u2019unisono con il pubblico all\u2019intonazione del vero inno alla Resistenza del Sud,<\/strong> scritto da Bennato e Carlo D\u2019Angi\u00f2, che \u00e8 \u201cBrigante se more\u201d.<\/p>\n<p>Eugenio ha con s\u00e9 sul palco degli artisti straordinari: tanto i musicisti quanto la corista-danzatrice e gli stessi tecnici; molti brani glieli lascia eseguire in autonomia con ottima risposta da parte del pubblico.<\/p>\n<p><strong>La chiusura \u00e8 un tributo al grandissimo Modugno<\/strong> per un altro inno alla ribellione carico di energia e denso di significato: \u201cMalarazza\u201d; quasi a ricordare ad ognuno di noi che non serve lamentarsi senza poi impegnarsi attivamente a cambiare le cose.<\/p>\n<div style=\"text-align: justify\">\nSullo sfondo di un incantevole serata sullo Stretto le parole che arrivano dal palco sembrano ricollegare i fili pi\u00f9 identitari della poetica di un sud-mediterraneo che \u00e8 stato e vuole essere culla di civilt\u00e0.<\/p>\n<p><strong>A fine concerto Bennato conferma il concetto<\/strong><em><strong> \u201c<\/strong>Sar\u00f2 anche di parte perch\u00e9 in Calabria mi sento a casa ma stasera per me suonare in questo luogo, con lo Stretto alle spalle, \u00e8 stato molto intenso ed emozionante perch\u00e9 ho pensato veramente quanto questo crocevia di culture e questa dimensione geografico-culturale mi abbiano ispirato artisticamente\u201d.<\/em><\/p>\n<p>Il festival \u201cRadici\u201d, finanziato dal Comune grazie ai fondi Pn Plus Plus 21-27 Distretto Culturale e turistico, senza gravare sul bilancio e quindi sui cittadini, giunge alla sua conclusione con l\u2019ultimo appuntamento che vede protagonista un altro autorevole artista come Enrico Capuano e la sua &#8220;Tammurriata Rock\u201d.<\/p><\/div>\n","protected":false},"excerpt":{"rendered":"<p>Che il festival etno-folk-pop \u201cRadici\u201d avrebbe chiuso col botto era stato ampiamente preannunciato ma le previsioni sono state finanche superate dalla realt\u00e0: un\u2019Arena dello Stretto gremita in ogni ordine di&hellip;<\/p>\n","protected":false},"author":12,"featured_media":56804,"comment_status":"closed","ping_status":"open","sticky":false,"template":"","format":"standard","meta":{"_jetpack_memberships_contains_paid_content":false,"footnotes":"","jetpack_publicize_message":"","jetpack_publicize_feature_enabled":true,"jetpack_social_post_already_shared":false,"jetpack_social_options":{"image_generator_settings":{"template":"highway","default_image_id":0,"font":"","enabled":false},"version":2}},"categories":[921,196,140],"tags":[848,34934,34932,34933,34935,236],"class_list":["post-56803","post","type-post","status-publish","format-standard","has-post-thumbnail","hentry","category-home","category-news","category-reggio-calabria","tag-arena-dello-stretto","tag-brigante-del-sud","tag-concerto-di-eugenio-bennato","tag-festival-radici","tag-migliaia-di-spettatori","tag-reggio-calabria"],"yoast_head":"<!-- This site is optimized with the Yoast SEO plugin v27.2 - https:\/\/yoast.com\/product\/yoast-seo-wordpress\/ -->\n<title>Reggio: grande successo per il concerto di Eugenio Bennato<\/title>\n<meta name=\"description\" content=\"Migliaia di cittadini e turisti hanno accolto l&#039;esibizione di uno degli artisti simbolo del panorama musicale del Sud Italia\" \/>\n<meta name=\"robots\" content=\"index, follow, max-snippet:-1, max-image-preview:large, max-video-preview:-1\" \/>\n<link rel=\"canonical\" href=\"https:\/\/progettotouring.it\/radiotouring104\/2024\/08\/22\/reggio-grande-successo-per-eugenio-bennato-il-brigante-della-musica-che-canta-il-meridione-fa-il-pieno-al-festival-radici\/\" \/>\n<meta property=\"og:locale\" content=\"it_IT\" \/>\n<meta property=\"og:type\" content=\"article\" \/>\n<meta property=\"og:title\" content=\"Reggio: grande successo per il concerto di Eugenio Bennato\" \/>\n<meta property=\"og:description\" content=\"Migliaia di cittadini e turisti hanno accolto l&#039;esibizione di uno degli artisti simbolo del panorama musicale del Sud Italia\" \/>\n<meta property=\"og:url\" content=\"https:\/\/progettotouring.it\/radiotouring104\/2024\/08\/22\/reggio-grande-successo-per-eugenio-bennato-il-brigante-della-musica-che-canta-il-meridione-fa-il-pieno-al-festival-radici\/\" \/>\n<meta property=\"og:site_name\" content=\"Radio Touring 104\" \/>\n<meta property=\"article:published_time\" content=\"2024-08-22T11:05:35+00:00\" \/>\n<meta property=\"og:image\" content=\"https:\/\/progettotouring.it\/radiotouring104\/wp-content\/uploads\/sites\/6\/2024\/08\/Eugenio-Bennato.jpeg\" \/>\n\t<meta property=\"og:image:width\" content=\"1530\" \/>\n\t<meta property=\"og:image:height\" content=\"2040\" \/>\n\t<meta property=\"og:image:type\" content=\"image\/jpeg\" \/>\n<meta name=\"author\" content=\"Sebastiano Plutino\" \/>\n<meta name=\"twitter:card\" content=\"summary_large_image\" \/>\n<meta name=\"twitter:label1\" content=\"Scritto da\" \/>\n\t<meta name=\"twitter:data1\" content=\"Sebastiano Plutino\" \/>\n\t<meta name=\"twitter:label2\" content=\"Tempo di lettura stimato\" \/>\n\t<meta name=\"twitter:data2\" content=\"3 minuti\" \/>\n<script type=\"application\/ld+json\" class=\"yoast-schema-graph\">{\"@context\":\"https:\/\/schema.org\",\"@graph\":[{\"@type\":\"Article\",\"@id\":\"https:\/\/progettotouring.it\/radiotouring104\/2024\/08\/22\/reggio-grande-successo-per-eugenio-bennato-il-brigante-della-musica-che-canta-il-meridione-fa-il-pieno-al-festival-radici\/#article\",\"isPartOf\":{\"@id\":\"https:\/\/progettotouring.it\/radiotouring104\/2024\/08\/22\/reggio-grande-successo-per-eugenio-bennato-il-brigante-della-musica-che-canta-il-meridione-fa-il-pieno-al-festival-radici\/\"},\"author\":{\"name\":\"Sebastiano Plutino\",\"@id\":\"https:\/\/progettotouring.it\/radiotouring104\/#\/schema\/person\/78613917f1851f041f7483f5af1d422e\"},\"headline\":\"Reggio: grande successo per Eugenio Bennato, il brigante della musica che canta il Meridione fa il pieno al Festival RadiCi\",\"datePublished\":\"2024-08-22T11:05:35+00:00\",\"mainEntityOfPage\":{\"@id\":\"https:\/\/progettotouring.it\/radiotouring104\/2024\/08\/22\/reggio-grande-successo-per-eugenio-bennato-il-brigante-della-musica-che-canta-il-meridione-fa-il-pieno-al-festival-radici\/\"},\"wordCount\":576,\"publisher\":{\"@id\":\"https:\/\/progettotouring.it\/radiotouring104\/#organization\"},\"image\":{\"@id\":\"https:\/\/progettotouring.it\/radiotouring104\/2024\/08\/22\/reggio-grande-successo-per-eugenio-bennato-il-brigante-della-musica-che-canta-il-meridione-fa-il-pieno-al-festival-radici\/#primaryimage\"},\"thumbnailUrl\":\"https:\/\/progettotouring.it\/radiotouring104\/wp-content\/uploads\/sites\/6\/2024\/08\/Eugenio-Bennato.jpeg\",\"keywords\":[\"Arena dello Stretto\",\"brigante del sud\",\"concerto di Eugenio Bennato\",\"Festival Radici\",\"migliaia di spettatori\",\"reggio calabria\"],\"articleSection\":[\"Home\",\"News\",\"Reggio Calabria\"],\"inLanguage\":\"it-IT\"},{\"@type\":\"WebPage\",\"@id\":\"https:\/\/progettotouring.it\/radiotouring104\/2024\/08\/22\/reggio-grande-successo-per-eugenio-bennato-il-brigante-della-musica-che-canta-il-meridione-fa-il-pieno-al-festival-radici\/\",\"url\":\"https:\/\/progettotouring.it\/radiotouring104\/2024\/08\/22\/reggio-grande-successo-per-eugenio-bennato-il-brigante-della-musica-che-canta-il-meridione-fa-il-pieno-al-festival-radici\/\",\"name\":\"Reggio: grande successo per il concerto di Eugenio Bennato\",\"isPartOf\":{\"@id\":\"https:\/\/progettotouring.it\/radiotouring104\/#website\"},\"primaryImageOfPage\":{\"@id\":\"https:\/\/progettotouring.it\/radiotouring104\/2024\/08\/22\/reggio-grande-successo-per-eugenio-bennato-il-brigante-della-musica-che-canta-il-meridione-fa-il-pieno-al-festival-radici\/#primaryimage\"},\"image\":{\"@id\":\"https:\/\/progettotouring.it\/radiotouring104\/2024\/08\/22\/reggio-grande-successo-per-eugenio-bennato-il-brigante-della-musica-che-canta-il-meridione-fa-il-pieno-al-festival-radici\/#primaryimage\"},\"thumbnailUrl\":\"https:\/\/progettotouring.it\/radiotouring104\/wp-content\/uploads\/sites\/6\/2024\/08\/Eugenio-Bennato.jpeg\",\"datePublished\":\"2024-08-22T11:05:35+00:00\",\"description\":\"Migliaia di cittadini e turisti hanno accolto l'esibizione di uno degli artisti simbolo del panorama musicale del Sud Italia\",\"breadcrumb\":{\"@id\":\"https:\/\/progettotouring.it\/radiotouring104\/2024\/08\/22\/reggio-grande-successo-per-eugenio-bennato-il-brigante-della-musica-che-canta-il-meridione-fa-il-pieno-al-festival-radici\/#breadcrumb\"},\"inLanguage\":\"it-IT\",\"potentialAction\":[{\"@type\":\"ReadAction\",\"target\":[\"https:\/\/progettotouring.it\/radiotouring104\/2024\/08\/22\/reggio-grande-successo-per-eugenio-bennato-il-brigante-della-musica-che-canta-il-meridione-fa-il-pieno-al-festival-radici\/\"]}]},{\"@type\":\"ImageObject\",\"inLanguage\":\"it-IT\",\"@id\":\"https:\/\/progettotouring.it\/radiotouring104\/2024\/08\/22\/reggio-grande-successo-per-eugenio-bennato-il-brigante-della-musica-che-canta-il-meridione-fa-il-pieno-al-festival-radici\/#primaryimage\",\"url\":\"https:\/\/progettotouring.it\/radiotouring104\/wp-content\/uploads\/sites\/6\/2024\/08\/Eugenio-Bennato.jpeg\",\"contentUrl\":\"https:\/\/progettotouring.it\/radiotouring104\/wp-content\/uploads\/sites\/6\/2024\/08\/Eugenio-Bennato.jpeg\",\"width\":1530,\"height\":2040},{\"@type\":\"BreadcrumbList\",\"@id\":\"https:\/\/progettotouring.it\/radiotouring104\/2024\/08\/22\/reggio-grande-successo-per-eugenio-bennato-il-brigante-della-musica-che-canta-il-meridione-fa-il-pieno-al-festival-radici\/#breadcrumb\",\"itemListElement\":[{\"@type\":\"ListItem\",\"position\":1,\"name\":\"Home\",\"item\":\"https:\/\/progettotouring.it\/radiotouring104\/\"},{\"@type\":\"ListItem\",\"position\":2,\"name\":\"Reggio: grande successo per Eugenio Bennato, il brigante della musica che canta il Meridione fa il pieno al Festival RadiCi\"}]},{\"@type\":\"WebSite\",\"@id\":\"https:\/\/progettotouring.it\/radiotouring104\/#website\",\"url\":\"https:\/\/progettotouring.it\/radiotouring104\/\",\"name\":\"Radio Touring 104\",\"description\":\"La prima radio Reggina\",\"publisher\":{\"@id\":\"https:\/\/progettotouring.it\/radiotouring104\/#organization\"},\"potentialAction\":[{\"@type\":\"SearchAction\",\"target\":{\"@type\":\"EntryPoint\",\"urlTemplate\":\"https:\/\/progettotouring.it\/radiotouring104\/?s={search_term_string}\"},\"query-input\":{\"@type\":\"PropertyValueSpecification\",\"valueRequired\":true,\"valueName\":\"search_term_string\"}}],\"inLanguage\":\"it-IT\"},{\"@type\":\"Organization\",\"@id\":\"https:\/\/progettotouring.it\/radiotouring104\/#organization\",\"name\":\"Radio Touring 104\",\"url\":\"https:\/\/progettotouring.it\/radiotouring104\/\",\"logo\":{\"@type\":\"ImageObject\",\"inLanguage\":\"it-IT\",\"@id\":\"https:\/\/progettotouring.it\/radiotouring104\/#\/schema\/logo\/image\/\",\"url\":\"https:\/\/progettotouring.it\/radiotouring104\/wp-content\/uploads\/sites\/6\/2022\/02\/cropped-logo-radio-touring-104.png\",\"contentUrl\":\"https:\/\/progettotouring.it\/radiotouring104\/wp-content\/uploads\/sites\/6\/2022\/02\/cropped-logo-radio-touring-104.png\",\"width\":377,\"height\":182,\"caption\":\"Radio Touring 104\"},\"image\":{\"@id\":\"https:\/\/progettotouring.it\/radiotouring104\/#\/schema\/logo\/image\/\"}},{\"@type\":\"Person\",\"@id\":\"https:\/\/progettotouring.it\/radiotouring104\/#\/schema\/person\/78613917f1851f041f7483f5af1d422e\",\"name\":\"Sebastiano Plutino\",\"image\":{\"@type\":\"ImageObject\",\"inLanguage\":\"it-IT\",\"@id\":\"https:\/\/secure.gravatar.com\/avatar\/0546ffaa9b79224faf9f2a156b67a529ae861d3287c66c1d8ccfdf909bcba78d?s=96&d=mm&r=g\",\"url\":\"https:\/\/secure.gravatar.com\/avatar\/0546ffaa9b79224faf9f2a156b67a529ae861d3287c66c1d8ccfdf909bcba78d?s=96&d=mm&r=g\",\"contentUrl\":\"https:\/\/secure.gravatar.com\/avatar\/0546ffaa9b79224faf9f2a156b67a529ae861d3287c66c1d8ccfdf909bcba78d?s=96&d=mm&r=g\",\"caption\":\"Sebastiano Plutino\"},\"url\":\"https:\/\/progettotouring.it\/radiotouring104\/author\/sebastiano\/\"}]}<\/script>\n<!-- \/ Yoast SEO plugin. -->","yoast_head_json":{"title":"Reggio: grande successo per il concerto di Eugenio Bennato","description":"Migliaia di cittadini e turisti hanno accolto l'esibizione di uno degli artisti simbolo del panorama musicale del Sud Italia","robots":{"index":"index","follow":"follow","max-snippet":"max-snippet:-1","max-image-preview":"max-image-preview:large","max-video-preview":"max-video-preview:-1"},"canonical":"https:\/\/progettotouring.it\/radiotouring104\/2024\/08\/22\/reggio-grande-successo-per-eugenio-bennato-il-brigante-della-musica-che-canta-il-meridione-fa-il-pieno-al-festival-radici\/","og_locale":"it_IT","og_type":"article","og_title":"Reggio: grande successo per il concerto di Eugenio Bennato","og_description":"Migliaia di cittadini e turisti hanno accolto l'esibizione di uno degli artisti simbolo del panorama musicale del Sud Italia","og_url":"https:\/\/progettotouring.it\/radiotouring104\/2024\/08\/22\/reggio-grande-successo-per-eugenio-bennato-il-brigante-della-musica-che-canta-il-meridione-fa-il-pieno-al-festival-radici\/","og_site_name":"Radio Touring 104","article_published_time":"2024-08-22T11:05:35+00:00","og_image":[{"width":1530,"height":2040,"url":"https:\/\/progettotouring.it\/radiotouring104\/wp-content\/uploads\/sites\/6\/2024\/08\/Eugenio-Bennato.jpeg","type":"image\/jpeg"}],"author":"Sebastiano Plutino","twitter_card":"summary_large_image","twitter_misc":{"Scritto da":"Sebastiano Plutino","Tempo di lettura stimato":"3 minuti"},"schema":{"@context":"https:\/\/schema.org","@graph":[{"@type":"Article","@id":"https:\/\/progettotouring.it\/radiotouring104\/2024\/08\/22\/reggio-grande-successo-per-eugenio-bennato-il-brigante-della-musica-che-canta-il-meridione-fa-il-pieno-al-festival-radici\/#article","isPartOf":{"@id":"https:\/\/progettotouring.it\/radiotouring104\/2024\/08\/22\/reggio-grande-successo-per-eugenio-bennato-il-brigante-della-musica-che-canta-il-meridione-fa-il-pieno-al-festival-radici\/"},"author":{"name":"Sebastiano Plutino","@id":"https:\/\/progettotouring.it\/radiotouring104\/#\/schema\/person\/78613917f1851f041f7483f5af1d422e"},"headline":"Reggio: grande successo per Eugenio Bennato, il brigante della musica che canta il Meridione fa il pieno al Festival RadiCi","datePublished":"2024-08-22T11:05:35+00:00","mainEntityOfPage":{"@id":"https:\/\/progettotouring.it\/radiotouring104\/2024\/08\/22\/reggio-grande-successo-per-eugenio-bennato-il-brigante-della-musica-che-canta-il-meridione-fa-il-pieno-al-festival-radici\/"},"wordCount":576,"publisher":{"@id":"https:\/\/progettotouring.it\/radiotouring104\/#organization"},"image":{"@id":"https:\/\/progettotouring.it\/radiotouring104\/2024\/08\/22\/reggio-grande-successo-per-eugenio-bennato-il-brigante-della-musica-che-canta-il-meridione-fa-il-pieno-al-festival-radici\/#primaryimage"},"thumbnailUrl":"https:\/\/progettotouring.it\/radiotouring104\/wp-content\/uploads\/sites\/6\/2024\/08\/Eugenio-Bennato.jpeg","keywords":["Arena dello Stretto","brigante del sud","concerto di Eugenio Bennato","Festival Radici","migliaia di spettatori","reggio calabria"],"articleSection":["Home","News","Reggio Calabria"],"inLanguage":"it-IT"},{"@type":"WebPage","@id":"https:\/\/progettotouring.it\/radiotouring104\/2024\/08\/22\/reggio-grande-successo-per-eugenio-bennato-il-brigante-della-musica-che-canta-il-meridione-fa-il-pieno-al-festival-radici\/","url":"https:\/\/progettotouring.it\/radiotouring104\/2024\/08\/22\/reggio-grande-successo-per-eugenio-bennato-il-brigante-della-musica-che-canta-il-meridione-fa-il-pieno-al-festival-radici\/","name":"Reggio: grande successo per il concerto di Eugenio Bennato","isPartOf":{"@id":"https:\/\/progettotouring.it\/radiotouring104\/#website"},"primaryImageOfPage":{"@id":"https:\/\/progettotouring.it\/radiotouring104\/2024\/08\/22\/reggio-grande-successo-per-eugenio-bennato-il-brigante-della-musica-che-canta-il-meridione-fa-il-pieno-al-festival-radici\/#primaryimage"},"image":{"@id":"https:\/\/progettotouring.it\/radiotouring104\/2024\/08\/22\/reggio-grande-successo-per-eugenio-bennato-il-brigante-della-musica-che-canta-il-meridione-fa-il-pieno-al-festival-radici\/#primaryimage"},"thumbnailUrl":"https:\/\/progettotouring.it\/radiotouring104\/wp-content\/uploads\/sites\/6\/2024\/08\/Eugenio-Bennato.jpeg","datePublished":"2024-08-22T11:05:35+00:00","description":"Migliaia di cittadini e turisti hanno accolto l'esibizione di uno degli artisti simbolo del panorama musicale del Sud Italia","breadcrumb":{"@id":"https:\/\/progettotouring.it\/radiotouring104\/2024\/08\/22\/reggio-grande-successo-per-eugenio-bennato-il-brigante-della-musica-che-canta-il-meridione-fa-il-pieno-al-festival-radici\/#breadcrumb"},"inLanguage":"it-IT","potentialAction":[{"@type":"ReadAction","target":["https:\/\/progettotouring.it\/radiotouring104\/2024\/08\/22\/reggio-grande-successo-per-eugenio-bennato-il-brigante-della-musica-che-canta-il-meridione-fa-il-pieno-al-festival-radici\/"]}]},{"@type":"ImageObject","inLanguage":"it-IT","@id":"https:\/\/progettotouring.it\/radiotouring104\/2024\/08\/22\/reggio-grande-successo-per-eugenio-bennato-il-brigante-della-musica-che-canta-il-meridione-fa-il-pieno-al-festival-radici\/#primaryimage","url":"https:\/\/progettotouring.it\/radiotouring104\/wp-content\/uploads\/sites\/6\/2024\/08\/Eugenio-Bennato.jpeg","contentUrl":"https:\/\/progettotouring.it\/radiotouring104\/wp-content\/uploads\/sites\/6\/2024\/08\/Eugenio-Bennato.jpeg","width":1530,"height":2040},{"@type":"BreadcrumbList","@id":"https:\/\/progettotouring.it\/radiotouring104\/2024\/08\/22\/reggio-grande-successo-per-eugenio-bennato-il-brigante-della-musica-che-canta-il-meridione-fa-il-pieno-al-festival-radici\/#breadcrumb","itemListElement":[{"@type":"ListItem","position":1,"name":"Home","item":"https:\/\/progettotouring.it\/radiotouring104\/"},{"@type":"ListItem","position":2,"name":"Reggio: grande successo per Eugenio Bennato, il brigante della musica che canta il Meridione fa il pieno al Festival RadiCi"}]},{"@type":"WebSite","@id":"https:\/\/progettotouring.it\/radiotouring104\/#website","url":"https:\/\/progettotouring.it\/radiotouring104\/","name":"Radio Touring 104","description":"La prima radio Reggina","publisher":{"@id":"https:\/\/progettotouring.it\/radiotouring104\/#organization"},"potentialAction":[{"@type":"SearchAction","target":{"@type":"EntryPoint","urlTemplate":"https:\/\/progettotouring.it\/radiotouring104\/?s={search_term_string}"},"query-input":{"@type":"PropertyValueSpecification","valueRequired":true,"valueName":"search_term_string"}}],"inLanguage":"it-IT"},{"@type":"Organization","@id":"https:\/\/progettotouring.it\/radiotouring104\/#organization","name":"Radio Touring 104","url":"https:\/\/progettotouring.it\/radiotouring104\/","logo":{"@type":"ImageObject","inLanguage":"it-IT","@id":"https:\/\/progettotouring.it\/radiotouring104\/#\/schema\/logo\/image\/","url":"https:\/\/progettotouring.it\/radiotouring104\/wp-content\/uploads\/sites\/6\/2022\/02\/cropped-logo-radio-touring-104.png","contentUrl":"https:\/\/progettotouring.it\/radiotouring104\/wp-content\/uploads\/sites\/6\/2022\/02\/cropped-logo-radio-touring-104.png","width":377,"height":182,"caption":"Radio Touring 104"},"image":{"@id":"https:\/\/progettotouring.it\/radiotouring104\/#\/schema\/logo\/image\/"}},{"@type":"Person","@id":"https:\/\/progettotouring.it\/radiotouring104\/#\/schema\/person\/78613917f1851f041f7483f5af1d422e","name":"Sebastiano Plutino","image":{"@type":"ImageObject","inLanguage":"it-IT","@id":"https:\/\/secure.gravatar.com\/avatar\/0546ffaa9b79224faf9f2a156b67a529ae861d3287c66c1d8ccfdf909bcba78d?s=96&d=mm&r=g","url":"https:\/\/secure.gravatar.com\/avatar\/0546ffaa9b79224faf9f2a156b67a529ae861d3287c66c1d8ccfdf909bcba78d?s=96&d=mm&r=g","contentUrl":"https:\/\/secure.gravatar.com\/avatar\/0546ffaa9b79224faf9f2a156b67a529ae861d3287c66c1d8ccfdf909bcba78d?s=96&d=mm&r=g","caption":"Sebastiano Plutino"},"url":"https:\/\/progettotouring.it\/radiotouring104\/author\/sebastiano\/"}]}},"jetpack_publicize_connections":[],"jetpack_featured_media_url":"https:\/\/progettotouring.it\/radiotouring104\/wp-content\/uploads\/sites\/6\/2024\/08\/Eugenio-Bennato.jpeg","jetpack_sharing_enabled":true,"_links":{"self":[{"href":"https:\/\/progettotouring.it\/radiotouring104\/wp-json\/wp\/v2\/posts\/56803","targetHints":{"allow":["GET"]}}],"collection":[{"href":"https:\/\/progettotouring.it\/radiotouring104\/wp-json\/wp\/v2\/posts"}],"about":[{"href":"https:\/\/progettotouring.it\/radiotouring104\/wp-json\/wp\/v2\/types\/post"}],"author":[{"embeddable":true,"href":"https:\/\/progettotouring.it\/radiotouring104\/wp-json\/wp\/v2\/users\/12"}],"replies":[{"embeddable":true,"href":"https:\/\/progettotouring.it\/radiotouring104\/wp-json\/wp\/v2\/comments?post=56803"}],"version-history":[{"count":1,"href":"https:\/\/progettotouring.it\/radiotouring104\/wp-json\/wp\/v2\/posts\/56803\/revisions"}],"predecessor-version":[{"id":56805,"href":"https:\/\/progettotouring.it\/radiotouring104\/wp-json\/wp\/v2\/posts\/56803\/revisions\/56805"}],"wp:featuredmedia":[{"embeddable":true,"href":"https:\/\/progettotouring.it\/radiotouring104\/wp-json\/wp\/v2\/media\/56804"}],"wp:attachment":[{"href":"https:\/\/progettotouring.it\/radiotouring104\/wp-json\/wp\/v2\/media?parent=56803"}],"wp:term":[{"taxonomy":"category","embeddable":true,"href":"https:\/\/progettotouring.it\/radiotouring104\/wp-json\/wp\/v2\/categories?post=56803"},{"taxonomy":"post_tag","embeddable":true,"href":"https:\/\/progettotouring.it\/radiotouring104\/wp-json\/wp\/v2\/tags?post=56803"}],"curies":[{"name":"wp","href":"https:\/\/api.w.org\/{rel}","templated":true}]}}