{"id":56816,"date":"2024-08-23T09:48:53","date_gmt":"2024-08-23T07:48:53","guid":{"rendered":"https:\/\/progettotouring.it\/radiotouring104\/?p=56816"},"modified":"2024-08-23T09:48:53","modified_gmt":"2024-08-23T07:48:53","slug":"rifiuti-a-reggio-ripepi-attacca-brunetti-per-lassenza-in-commissione","status":"publish","type":"post","link":"https:\/\/progettotouring.it\/radiotouring104\/2024\/08\/23\/rifiuti-a-reggio-ripepi-attacca-brunetti-per-lassenza-in-commissione\/","title":{"rendered":"Rifiuti a Reggio: Ripepi attacca Brunetti per l&#8217;assenza in Commissione"},"content":{"rendered":"<p class=\"xmprfx_MsoNormal\" style=\"text-align: justify\"><i>&#8220;Sono molto rammaricato della\u00a0<b>diserzione quasi immotivata del Vice Sindaco Paolo Brunetti<\/b>, che ha inviato una modesta giustificazione per la sua assenza dopo 35 minuti dall&#8217;inizio della Commissione, fuori tempo massimo. Tutto questo \u00e8 gravissimo, specie se si tiene conto del delicatissimo tema che si sarebbe dovuto affrontare: la gestione dei rifiuti, in una Reggio Calabria che \u00e8 ricaduta in una profonda emergenza igienico-sanitaria ed ambientale.\u201d<\/i>\u00a0\u2013 a dichiararlo il\u00a0<b>Presidente della Commissione Controllo e Garanzia Massimo Ripepi<\/b>\u00a0che, proprio questa mattina, aveva convocato il Vice Sindaco Paolo Brunetti e il Dirigente del Settore Ambiente Ing. Rechichi per trattare uno dei problemi cardine della Citt\u00e0 \u2013 \u201c<i>Domani alle ore 10.00 \u00e8 stato riconvocato in Commissione con la speranza che non sorgano nuovi importanti impegni inderogabili.\u201d<\/i><\/p>\n<p class=\"xmprfx_MsoNormal\" style=\"text-align: justify\">\u201c<i>Ricordo al collega Brunetti che le Commissioni Consiliari, essendo le propaggini del Consiglio Comunale, e quindi del Senato rappresentativo del popolo reggino, sono il luogo istituzionale pi\u00f9 importante di confronto pubblico tra gli amministratori della Citt\u00e0 e il popolo reggino<\/i>.\u201d \u2013 <strong>ha richiamato all\u2019attenzione Ripepi<\/strong> \u2013 \u201c<i>Spero che i problemi sopraggiunti al buon Paolo Brunetti siano di gran lunga pi\u00f9 importanti della sede istituzionale dove lo stesso sarebbe dovuto venire a relazionare sull&#8217;importante questione della gestione rifiuti. Forse<b>\u00a0preferisce trattare di questa delicata emergenza con i suoi amici di coalizione<\/b>, motivo per il quale probabilmente relazioner\u00e0 nella\u00a0<b>Commissione<\/b><\/i>\u00a0<b><i>Ambiente, presieduta dal compagno di coalizione Giuseppe Nocera, convocata in fretta e furia alle ore 14.00 di oggi con lo stesso ordine del giorno della Commissione Controllo e Garanzia<\/i><\/b><i>\u201d.<\/i><\/p>\n<p class=\"xmprfx_MsoNormal\" style=\"text-align: justify\">Questa mattina, infatti, il Vice Sindaco era stato convocato per un\u2019audizione, alle ore 8.00 in prima convocazione e alle ore 9.00 in seconda convocazione, presso la Commissione Controllo e Garanzia del Comune di Reggio Calabria presieduta da Massimo Ripepi. L\u2019incontro, fissato per affrontare la cruciale questione della gestione dei rifiuti in citt\u00e0, con un focus particolare sulla nuova societ\u00e0 incaricata,\u00a0<i>Ecologica Oggi<\/i>, era stato annunciato anche a mezzo stampa, affinch\u00e9 fosse data la possibilit\u00e0 a cittadini e media di comprendere le cause del degrado ambientale e sanitario che ha colpito Reggio Calabria negli ultimi sei mesi, a seguito del passaggio di gestione da\u00a0<i>Tecnoservice<\/i>\u00a0a\u00a0<i>Ecologica Oggi<\/i>.<\/p>\n<p class=\"xmprfx_MsoNormal\" style=\"text-align: justify\">\u201c<i>Per\u00f2, non sono bastate le 49 ore di anticipo che il Vice Sindaco Paolo Brunetti ha avuto a disposizione per dare comunicazioni di una sua eventuale assenza: assenza che, di fatto, \u00e8 stata comunicata tramite email soltanto dopo 35 minuti (alle ore 8.35) dall\u2019inizio dell\u2019importantissimo incontro. E se al peggio non c\u2019\u00e8 fine, anche il Vice del Dirigente Rechichi, il Dott. Bonocore, si \u00e8 collegato, fuori tempo massimo, soltanto alle 9.30. Un ritardo che \u00e8 poi stato coronato da un blocco totale della linea internet a Palazzo San Giorgio, che ha portato alla conclusione forzata della riunione alle ore 9.40.\u201d<\/i>\u00a0<strong>\u2013 ha spiegato Ripepi<\/strong> \u2013 \u201c<i>Tutto ci\u00f2 \u00e8 di una gravit\u00e0 inaudita e\u00a0<b>dimostra il pressapochismo politico e amministrativo di questa amministrazione che non attribuisce la dovuta importanza neppure a problemi estremamente gravi\u00a0<\/b>e impattanti sulla vita dei cittadini, come la gestione dei rifiuti&#8221;.<\/i><\/p>\n<p class=\"xmprfx_MsoNormal\" style=\"text-align: justify\"><i>\u201cLa situazione assume contorni ancora pi\u00f9 critici, se consideriamo che oggi pomeriggio alle ore 14.00, il Presidente della Commissione Ambiente, Giuseppe Nocera, ha convocato il Vicesindaco Brunetti per discutere degli stessi argomenti all&#8217;ordine del giorno della Commissione Controllo e Garanzia. Questa convocazione, curiosamente, \u00e8 stata fatta in fretta e furia ieri alle ore 17.00<\/i>.\u201d \u2013 <strong>ha sottolineato Massimo Ripepi<\/strong> che, nonostante ci\u00f2, ha tempestivamente provveduto a riconvocare per domani 23 agosto alle ore 10.00, il Vice Sindaco Brunetti per trattare nuovamente il medesimo ordine del giorno.<\/p>\n<p class=\"xmprfx_MsoNormal\" style=\"text-align: justify\">&#8220;<i>Speriamo<\/i>&#8220;-<strong> conclude Ripepi &#8211;<\/strong> &#8220;<i>che domani alle ore 10.00 non emergano per il Vice di Falcomat\u00e0, nuovi imprevisti di carattere personale&#8221;.<\/i><\/p>\n","protected":false},"excerpt":{"rendered":"<p>&#8220;Sono molto rammaricato della\u00a0diserzione quasi immotivata del Vice Sindaco Paolo Brunetti, che ha inviato una modesta giustificazione per la sua assenza dopo 35 minuti dall&#8217;inizio della Commissione, fuori tempo massimo.&hellip;<\/p>\n","protected":false},"author":12,"featured_media":56817,"comment_status":"closed","ping_status":"open","sticky":false,"template":"","format":"standard","meta":{"_jetpack_memberships_contains_paid_content":false,"footnotes":"","jetpack_publicize_message":"","jetpack_publicize_feature_enabled":true,"jetpack_social_post_already_shared":false,"jetpack_social_options":{"image_generator_settings":{"template":"highway","default_image_id":0,"font":"","enabled":false},"version":2}},"categories":[921,196,140],"tags":[34945,29835,808,495,34946],"class_list":["post-56816","post","type-post","status-publish","format-standard","has-post-thumbnail","hentry","category-home","category-news","category-reggio-calabria","tag-brunetti-diserta-commissione-rifiuti","tag-ecologia-oggi","tag-massimo-ripepi","tag-paolo-brunetti","tag-ripepi-attacca-brunetti"],"yoast_head":"<!-- This site is optimized with the Yoast SEO plugin v27.2 - https:\/\/yoast.com\/product\/yoast-seo-wordpress\/ -->\n<title>Rifiuti a Reggio: Ripepi attacca Brunetti per l&#039;assenza in Commissione - Radio Touring 104<\/title>\n<meta name=\"description\" content=\"\u201cBrunetti diserta la Commissione sui rifiuti: preferisce trattare con i suoi amici.&quot;, le parole con cui Ripepi attacca il Vicesindaco\" \/>\n<meta name=\"robots\" content=\"index, follow, max-snippet:-1, max-image-preview:large, max-video-preview:-1\" \/>\n<link rel=\"canonical\" href=\"https:\/\/progettotouring.it\/radiotouring104\/2024\/08\/23\/rifiuti-a-reggio-ripepi-attacca-brunetti-per-lassenza-in-commissione\/\" \/>\n<meta property=\"og:locale\" content=\"it_IT\" \/>\n<meta property=\"og:type\" content=\"article\" \/>\n<meta property=\"og:title\" content=\"Rifiuti a Reggio: Ripepi attacca Brunetti per l&#039;assenza in Commissione - Radio Touring 104\" \/>\n<meta property=\"og:description\" content=\"\u201cBrunetti diserta la Commissione sui rifiuti: preferisce trattare con i suoi amici.&quot;, le parole con cui Ripepi attacca il Vicesindaco\" \/>\n<meta property=\"og:url\" content=\"https:\/\/progettotouring.it\/radiotouring104\/2024\/08\/23\/rifiuti-a-reggio-ripepi-attacca-brunetti-per-lassenza-in-commissione\/\" \/>\n<meta property=\"og:site_name\" content=\"Radio Touring 104\" \/>\n<meta property=\"article:published_time\" content=\"2024-08-23T07:48:53+00:00\" \/>\n<meta property=\"og:image\" content=\"https:\/\/progettotouring.it\/radiotouring104\/wp-content\/uploads\/sites\/6\/2024\/08\/Brunetti-Ripepi.jpeg\" \/>\n\t<meta property=\"og:image:width\" content=\"1600\" \/>\n\t<meta property=\"og:image:height\" content=\"1067\" \/>\n\t<meta property=\"og:image:type\" content=\"image\/jpeg\" \/>\n<meta name=\"author\" content=\"Sebastiano Plutino\" \/>\n<meta name=\"twitter:card\" content=\"summary_large_image\" \/>\n<meta name=\"twitter:label1\" content=\"Scritto da\" \/>\n\t<meta name=\"twitter:data1\" content=\"Sebastiano Plutino\" \/>\n\t<meta name=\"twitter:label2\" content=\"Tempo di lettura stimato\" \/>\n\t<meta name=\"twitter:data2\" content=\"3 minuti\" \/>\n<script type=\"application\/ld+json\" class=\"yoast-schema-graph\">{\"@context\":\"https:\/\/schema.org\",\"@graph\":[{\"@type\":\"Article\",\"@id\":\"https:\/\/progettotouring.it\/radiotouring104\/2024\/08\/23\/rifiuti-a-reggio-ripepi-attacca-brunetti-per-lassenza-in-commissione\/#article\",\"isPartOf\":{\"@id\":\"https:\/\/progettotouring.it\/radiotouring104\/2024\/08\/23\/rifiuti-a-reggio-ripepi-attacca-brunetti-per-lassenza-in-commissione\/\"},\"author\":{\"name\":\"Sebastiano Plutino\",\"@id\":\"https:\/\/progettotouring.it\/radiotouring104\/#\/schema\/person\/78613917f1851f041f7483f5af1d422e\"},\"headline\":\"Rifiuti a Reggio: Ripepi attacca Brunetti per l&#8217;assenza in Commissione\",\"datePublished\":\"2024-08-23T07:48:53+00:00\",\"mainEntityOfPage\":{\"@id\":\"https:\/\/progettotouring.it\/radiotouring104\/2024\/08\/23\/rifiuti-a-reggio-ripepi-attacca-brunetti-per-lassenza-in-commissione\/\"},\"wordCount\":596,\"publisher\":{\"@id\":\"https:\/\/progettotouring.it\/radiotouring104\/#organization\"},\"image\":{\"@id\":\"https:\/\/progettotouring.it\/radiotouring104\/2024\/08\/23\/rifiuti-a-reggio-ripepi-attacca-brunetti-per-lassenza-in-commissione\/#primaryimage\"},\"thumbnailUrl\":\"https:\/\/progettotouring.it\/radiotouring104\/wp-content\/uploads\/sites\/6\/2024\/08\/Brunetti-Ripepi.jpeg\",\"keywords\":[\"Brunetti diserta Commissione Rifiuti\",\"ecologia oggi\",\"Massimo Ripepi\",\"Paolo Brunetti\",\"Ripepi attacca Brunetti\"],\"articleSection\":[\"Home\",\"News\",\"Reggio Calabria\"],\"inLanguage\":\"it-IT\"},{\"@type\":\"WebPage\",\"@id\":\"https:\/\/progettotouring.it\/radiotouring104\/2024\/08\/23\/rifiuti-a-reggio-ripepi-attacca-brunetti-per-lassenza-in-commissione\/\",\"url\":\"https:\/\/progettotouring.it\/radiotouring104\/2024\/08\/23\/rifiuti-a-reggio-ripepi-attacca-brunetti-per-lassenza-in-commissione\/\",\"name\":\"Rifiuti a Reggio: Ripepi attacca Brunetti per l'assenza in Commissione - Radio Touring 104\",\"isPartOf\":{\"@id\":\"https:\/\/progettotouring.it\/radiotouring104\/#website\"},\"primaryImageOfPage\":{\"@id\":\"https:\/\/progettotouring.it\/radiotouring104\/2024\/08\/23\/rifiuti-a-reggio-ripepi-attacca-brunetti-per-lassenza-in-commissione\/#primaryimage\"},\"image\":{\"@id\":\"https:\/\/progettotouring.it\/radiotouring104\/2024\/08\/23\/rifiuti-a-reggio-ripepi-attacca-brunetti-per-lassenza-in-commissione\/#primaryimage\"},\"thumbnailUrl\":\"https:\/\/progettotouring.it\/radiotouring104\/wp-content\/uploads\/sites\/6\/2024\/08\/Brunetti-Ripepi.jpeg\",\"datePublished\":\"2024-08-23T07:48:53+00:00\",\"description\":\"\u201cBrunetti diserta la Commissione sui rifiuti: preferisce trattare con i suoi amici.\\\", le parole con cui Ripepi attacca il Vicesindaco\",\"breadcrumb\":{\"@id\":\"https:\/\/progettotouring.it\/radiotouring104\/2024\/08\/23\/rifiuti-a-reggio-ripepi-attacca-brunetti-per-lassenza-in-commissione\/#breadcrumb\"},\"inLanguage\":\"it-IT\",\"potentialAction\":[{\"@type\":\"ReadAction\",\"target\":[\"https:\/\/progettotouring.it\/radiotouring104\/2024\/08\/23\/rifiuti-a-reggio-ripepi-attacca-brunetti-per-lassenza-in-commissione\/\"]}]},{\"@type\":\"ImageObject\",\"inLanguage\":\"it-IT\",\"@id\":\"https:\/\/progettotouring.it\/radiotouring104\/2024\/08\/23\/rifiuti-a-reggio-ripepi-attacca-brunetti-per-lassenza-in-commissione\/#primaryimage\",\"url\":\"https:\/\/progettotouring.it\/radiotouring104\/wp-content\/uploads\/sites\/6\/2024\/08\/Brunetti-Ripepi.jpeg\",\"contentUrl\":\"https:\/\/progettotouring.it\/radiotouring104\/wp-content\/uploads\/sites\/6\/2024\/08\/Brunetti-Ripepi.jpeg\",\"width\":1600,\"height\":1067},{\"@type\":\"BreadcrumbList\",\"@id\":\"https:\/\/progettotouring.it\/radiotouring104\/2024\/08\/23\/rifiuti-a-reggio-ripepi-attacca-brunetti-per-lassenza-in-commissione\/#breadcrumb\",\"itemListElement\":[{\"@type\":\"ListItem\",\"position\":1,\"name\":\"Home\",\"item\":\"https:\/\/progettotouring.it\/radiotouring104\/\"},{\"@type\":\"ListItem\",\"position\":2,\"name\":\"Rifiuti a Reggio: Ripepi attacca Brunetti per l&#8217;assenza in Commissione\"}]},{\"@type\":\"WebSite\",\"@id\":\"https:\/\/progettotouring.it\/radiotouring104\/#website\",\"url\":\"https:\/\/progettotouring.it\/radiotouring104\/\",\"name\":\"Radio Touring 104\",\"description\":\"La prima radio Reggina\",\"publisher\":{\"@id\":\"https:\/\/progettotouring.it\/radiotouring104\/#organization\"},\"potentialAction\":[{\"@type\":\"SearchAction\",\"target\":{\"@type\":\"EntryPoint\",\"urlTemplate\":\"https:\/\/progettotouring.it\/radiotouring104\/?s={search_term_string}\"},\"query-input\":{\"@type\":\"PropertyValueSpecification\",\"valueRequired\":true,\"valueName\":\"search_term_string\"}}],\"inLanguage\":\"it-IT\"},{\"@type\":\"Organization\",\"@id\":\"https:\/\/progettotouring.it\/radiotouring104\/#organization\",\"name\":\"Radio Touring 104\",\"url\":\"https:\/\/progettotouring.it\/radiotouring104\/\",\"logo\":{\"@type\":\"ImageObject\",\"inLanguage\":\"it-IT\",\"@id\":\"https:\/\/progettotouring.it\/radiotouring104\/#\/schema\/logo\/image\/\",\"url\":\"https:\/\/progettotouring.it\/radiotouring104\/wp-content\/uploads\/sites\/6\/2022\/02\/cropped-logo-radio-touring-104.png\",\"contentUrl\":\"https:\/\/progettotouring.it\/radiotouring104\/wp-content\/uploads\/sites\/6\/2022\/02\/cropped-logo-radio-touring-104.png\",\"width\":377,\"height\":182,\"caption\":\"Radio Touring 104\"},\"image\":{\"@id\":\"https:\/\/progettotouring.it\/radiotouring104\/#\/schema\/logo\/image\/\"}},{\"@type\":\"Person\",\"@id\":\"https:\/\/progettotouring.it\/radiotouring104\/#\/schema\/person\/78613917f1851f041f7483f5af1d422e\",\"name\":\"Sebastiano Plutino\",\"image\":{\"@type\":\"ImageObject\",\"inLanguage\":\"it-IT\",\"@id\":\"https:\/\/secure.gravatar.com\/avatar\/0546ffaa9b79224faf9f2a156b67a529ae861d3287c66c1d8ccfdf909bcba78d?s=96&d=mm&r=g\",\"url\":\"https:\/\/secure.gravatar.com\/avatar\/0546ffaa9b79224faf9f2a156b67a529ae861d3287c66c1d8ccfdf909bcba78d?s=96&d=mm&r=g\",\"contentUrl\":\"https:\/\/secure.gravatar.com\/avatar\/0546ffaa9b79224faf9f2a156b67a529ae861d3287c66c1d8ccfdf909bcba78d?s=96&d=mm&r=g\",\"caption\":\"Sebastiano Plutino\"},\"url\":\"https:\/\/progettotouring.it\/radiotouring104\/author\/sebastiano\/\"}]}<\/script>\n<!-- \/ Yoast SEO plugin. -->","yoast_head_json":{"title":"Rifiuti a Reggio: Ripepi attacca Brunetti per l'assenza in Commissione - Radio Touring 104","description":"\u201cBrunetti diserta la Commissione sui rifiuti: preferisce trattare con i suoi amici.\", le parole con cui Ripepi attacca il Vicesindaco","robots":{"index":"index","follow":"follow","max-snippet":"max-snippet:-1","max-image-preview":"max-image-preview:large","max-video-preview":"max-video-preview:-1"},"canonical":"https:\/\/progettotouring.it\/radiotouring104\/2024\/08\/23\/rifiuti-a-reggio-ripepi-attacca-brunetti-per-lassenza-in-commissione\/","og_locale":"it_IT","og_type":"article","og_title":"Rifiuti a Reggio: Ripepi attacca Brunetti per l'assenza in Commissione - Radio Touring 104","og_description":"\u201cBrunetti diserta la Commissione sui rifiuti: preferisce trattare con i suoi amici.\", le parole con cui Ripepi attacca il Vicesindaco","og_url":"https:\/\/progettotouring.it\/radiotouring104\/2024\/08\/23\/rifiuti-a-reggio-ripepi-attacca-brunetti-per-lassenza-in-commissione\/","og_site_name":"Radio Touring 104","article_published_time":"2024-08-23T07:48:53+00:00","og_image":[{"width":1600,"height":1067,"url":"https:\/\/progettotouring.it\/radiotouring104\/wp-content\/uploads\/sites\/6\/2024\/08\/Brunetti-Ripepi.jpeg","type":"image\/jpeg"}],"author":"Sebastiano Plutino","twitter_card":"summary_large_image","twitter_misc":{"Scritto da":"Sebastiano Plutino","Tempo di lettura stimato":"3 minuti"},"schema":{"@context":"https:\/\/schema.org","@graph":[{"@type":"Article","@id":"https:\/\/progettotouring.it\/radiotouring104\/2024\/08\/23\/rifiuti-a-reggio-ripepi-attacca-brunetti-per-lassenza-in-commissione\/#article","isPartOf":{"@id":"https:\/\/progettotouring.it\/radiotouring104\/2024\/08\/23\/rifiuti-a-reggio-ripepi-attacca-brunetti-per-lassenza-in-commissione\/"},"author":{"name":"Sebastiano Plutino","@id":"https:\/\/progettotouring.it\/radiotouring104\/#\/schema\/person\/78613917f1851f041f7483f5af1d422e"},"headline":"Rifiuti a Reggio: Ripepi attacca Brunetti per l&#8217;assenza in Commissione","datePublished":"2024-08-23T07:48:53+00:00","mainEntityOfPage":{"@id":"https:\/\/progettotouring.it\/radiotouring104\/2024\/08\/23\/rifiuti-a-reggio-ripepi-attacca-brunetti-per-lassenza-in-commissione\/"},"wordCount":596,"publisher":{"@id":"https:\/\/progettotouring.it\/radiotouring104\/#organization"},"image":{"@id":"https:\/\/progettotouring.it\/radiotouring104\/2024\/08\/23\/rifiuti-a-reggio-ripepi-attacca-brunetti-per-lassenza-in-commissione\/#primaryimage"},"thumbnailUrl":"https:\/\/progettotouring.it\/radiotouring104\/wp-content\/uploads\/sites\/6\/2024\/08\/Brunetti-Ripepi.jpeg","keywords":["Brunetti diserta Commissione Rifiuti","ecologia oggi","Massimo Ripepi","Paolo Brunetti","Ripepi attacca Brunetti"],"articleSection":["Home","News","Reggio Calabria"],"inLanguage":"it-IT"},{"@type":"WebPage","@id":"https:\/\/progettotouring.it\/radiotouring104\/2024\/08\/23\/rifiuti-a-reggio-ripepi-attacca-brunetti-per-lassenza-in-commissione\/","url":"https:\/\/progettotouring.it\/radiotouring104\/2024\/08\/23\/rifiuti-a-reggio-ripepi-attacca-brunetti-per-lassenza-in-commissione\/","name":"Rifiuti a Reggio: Ripepi attacca Brunetti per l'assenza in Commissione - Radio Touring 104","isPartOf":{"@id":"https:\/\/progettotouring.it\/radiotouring104\/#website"},"primaryImageOfPage":{"@id":"https:\/\/progettotouring.it\/radiotouring104\/2024\/08\/23\/rifiuti-a-reggio-ripepi-attacca-brunetti-per-lassenza-in-commissione\/#primaryimage"},"image":{"@id":"https:\/\/progettotouring.it\/radiotouring104\/2024\/08\/23\/rifiuti-a-reggio-ripepi-attacca-brunetti-per-lassenza-in-commissione\/#primaryimage"},"thumbnailUrl":"https:\/\/progettotouring.it\/radiotouring104\/wp-content\/uploads\/sites\/6\/2024\/08\/Brunetti-Ripepi.jpeg","datePublished":"2024-08-23T07:48:53+00:00","description":"\u201cBrunetti diserta la Commissione sui rifiuti: preferisce trattare con i suoi amici.\", le parole con cui Ripepi attacca il Vicesindaco","breadcrumb":{"@id":"https:\/\/progettotouring.it\/radiotouring104\/2024\/08\/23\/rifiuti-a-reggio-ripepi-attacca-brunetti-per-lassenza-in-commissione\/#breadcrumb"},"inLanguage":"it-IT","potentialAction":[{"@type":"ReadAction","target":["https:\/\/progettotouring.it\/radiotouring104\/2024\/08\/23\/rifiuti-a-reggio-ripepi-attacca-brunetti-per-lassenza-in-commissione\/"]}]},{"@type":"ImageObject","inLanguage":"it-IT","@id":"https:\/\/progettotouring.it\/radiotouring104\/2024\/08\/23\/rifiuti-a-reggio-ripepi-attacca-brunetti-per-lassenza-in-commissione\/#primaryimage","url":"https:\/\/progettotouring.it\/radiotouring104\/wp-content\/uploads\/sites\/6\/2024\/08\/Brunetti-Ripepi.jpeg","contentUrl":"https:\/\/progettotouring.it\/radiotouring104\/wp-content\/uploads\/sites\/6\/2024\/08\/Brunetti-Ripepi.jpeg","width":1600,"height":1067},{"@type":"BreadcrumbList","@id":"https:\/\/progettotouring.it\/radiotouring104\/2024\/08\/23\/rifiuti-a-reggio-ripepi-attacca-brunetti-per-lassenza-in-commissione\/#breadcrumb","itemListElement":[{"@type":"ListItem","position":1,"name":"Home","item":"https:\/\/progettotouring.it\/radiotouring104\/"},{"@type":"ListItem","position":2,"name":"Rifiuti a Reggio: Ripepi attacca Brunetti per l&#8217;assenza in Commissione"}]},{"@type":"WebSite","@id":"https:\/\/progettotouring.it\/radiotouring104\/#website","url":"https:\/\/progettotouring.it\/radiotouring104\/","name":"Radio Touring 104","description":"La prima radio Reggina","publisher":{"@id":"https:\/\/progettotouring.it\/radiotouring104\/#organization"},"potentialAction":[{"@type":"SearchAction","target":{"@type":"EntryPoint","urlTemplate":"https:\/\/progettotouring.it\/radiotouring104\/?s={search_term_string}"},"query-input":{"@type":"PropertyValueSpecification","valueRequired":true,"valueName":"search_term_string"}}],"inLanguage":"it-IT"},{"@type":"Organization","@id":"https:\/\/progettotouring.it\/radiotouring104\/#organization","name":"Radio Touring 104","url":"https:\/\/progettotouring.it\/radiotouring104\/","logo":{"@type":"ImageObject","inLanguage":"it-IT","@id":"https:\/\/progettotouring.it\/radiotouring104\/#\/schema\/logo\/image\/","url":"https:\/\/progettotouring.it\/radiotouring104\/wp-content\/uploads\/sites\/6\/2022\/02\/cropped-logo-radio-touring-104.png","contentUrl":"https:\/\/progettotouring.it\/radiotouring104\/wp-content\/uploads\/sites\/6\/2022\/02\/cropped-logo-radio-touring-104.png","width":377,"height":182,"caption":"Radio Touring 104"},"image":{"@id":"https:\/\/progettotouring.it\/radiotouring104\/#\/schema\/logo\/image\/"}},{"@type":"Person","@id":"https:\/\/progettotouring.it\/radiotouring104\/#\/schema\/person\/78613917f1851f041f7483f5af1d422e","name":"Sebastiano Plutino","image":{"@type":"ImageObject","inLanguage":"it-IT","@id":"https:\/\/secure.gravatar.com\/avatar\/0546ffaa9b79224faf9f2a156b67a529ae861d3287c66c1d8ccfdf909bcba78d?s=96&d=mm&r=g","url":"https:\/\/secure.gravatar.com\/avatar\/0546ffaa9b79224faf9f2a156b67a529ae861d3287c66c1d8ccfdf909bcba78d?s=96&d=mm&r=g","contentUrl":"https:\/\/secure.gravatar.com\/avatar\/0546ffaa9b79224faf9f2a156b67a529ae861d3287c66c1d8ccfdf909bcba78d?s=96&d=mm&r=g","caption":"Sebastiano Plutino"},"url":"https:\/\/progettotouring.it\/radiotouring104\/author\/sebastiano\/"}]}},"jetpack_publicize_connections":[],"jetpack_featured_media_url":"https:\/\/progettotouring.it\/radiotouring104\/wp-content\/uploads\/sites\/6\/2024\/08\/Brunetti-Ripepi.jpeg","jetpack_sharing_enabled":true,"_links":{"self":[{"href":"https:\/\/progettotouring.it\/radiotouring104\/wp-json\/wp\/v2\/posts\/56816","targetHints":{"allow":["GET"]}}],"collection":[{"href":"https:\/\/progettotouring.it\/radiotouring104\/wp-json\/wp\/v2\/posts"}],"about":[{"href":"https:\/\/progettotouring.it\/radiotouring104\/wp-json\/wp\/v2\/types\/post"}],"author":[{"embeddable":true,"href":"https:\/\/progettotouring.it\/radiotouring104\/wp-json\/wp\/v2\/users\/12"}],"replies":[{"embeddable":true,"href":"https:\/\/progettotouring.it\/radiotouring104\/wp-json\/wp\/v2\/comments?post=56816"}],"version-history":[{"count":1,"href":"https:\/\/progettotouring.it\/radiotouring104\/wp-json\/wp\/v2\/posts\/56816\/revisions"}],"predecessor-version":[{"id":56818,"href":"https:\/\/progettotouring.it\/radiotouring104\/wp-json\/wp\/v2\/posts\/56816\/revisions\/56818"}],"wp:featuredmedia":[{"embeddable":true,"href":"https:\/\/progettotouring.it\/radiotouring104\/wp-json\/wp\/v2\/media\/56817"}],"wp:attachment":[{"href":"https:\/\/progettotouring.it\/radiotouring104\/wp-json\/wp\/v2\/media?parent=56816"}],"wp:term":[{"taxonomy":"category","embeddable":true,"href":"https:\/\/progettotouring.it\/radiotouring104\/wp-json\/wp\/v2\/categories?post=56816"},{"taxonomy":"post_tag","embeddable":true,"href":"https:\/\/progettotouring.it\/radiotouring104\/wp-json\/wp\/v2\/tags?post=56816"}],"curies":[{"name":"wp","href":"https:\/\/api.w.org\/{rel}","templated":true}]}}