{"id":56819,"date":"2024-08-23T10:03:08","date_gmt":"2024-08-23T08:03:08","guid":{"rendered":"https:\/\/progettotouring.it\/radiotouring104\/?p=56819"},"modified":"2024-08-23T12:15:24","modified_gmt":"2024-08-23T10:15:24","slug":"locri-morto-a-causa-di-un-malore-il-garante-nazionale-dei-detenuti-felice-maurizio-dettore","status":"publish","type":"post","link":"https:\/\/progettotouring.it\/radiotouring104\/2024\/08\/23\/locri-morto-a-causa-di-un-malore-il-garante-nazionale-dei-detenuti-felice-maurizio-dettore\/","title":{"rendered":"Locri: morto a causa di un malore il Garante Nazionale dei Detenuti, Felice Maurizio D&#8217;Ettore"},"content":{"rendered":"<p style=\"text-align: justify\">Sarebbe stato <strong>causato da un infarto il decesso di Felice Maurizio D&#8217;Ettore, Garante nazionale dei detenuti<\/strong> ed ex deputato di Fratelli d&#8217;Italia. D&#8217;Ettore. <strong>Era in vacanza con la famiglia a Locri<\/strong>, dove risiede la madre<strong>, ed \u00e8 morto nell&#8217;ospedale<\/strong> della cittadina<strong>, dov&#8217;era stato portato con un&#8217;ambulanza<\/strong> dopo avere accusato un malore. <strong>I tentativi di rianimarlo<\/strong> da parte dei medici dell&#8217;ospedale locrese <strong>si sono rivelati inutili. D&#8217;Ettore,<\/strong> dopo avere perso i sensi, <strong>non si \u00e8 pi\u00f9 ripreso.<\/strong> Il Garante nazionale dei detenuti, pur essendosi trasferito da molti anni a Roma, era rimasto molto legato alla Calabria ed a Locri, dove vivono, oltre all&#8217;anziana madre, molti suoi familiari.<\/p>\n<p style=\"text-align: justify\"><strong>Il ministro della Giustizia, Carlo Nordio, con tutti i suoi collaboratori,<\/strong><em> &#8220;manifesta il pi\u00f9 profondo cordoglio per la perdita incolmabile di D&#8217;Ettore. Ne ricorda con commozione l&#8217;integrit\u00e0 morale e la grande preparazione intellettuale, manifestata anche nella sua ultima funzione quale Garante nazionale dei diritti delle persone private della libert\u00e0 personale<\/em> &#8211;<strong> afferma in una nota -.<\/strong> <em>Tutti ci stringiamo commossi attorno alla famiglia con l&#8217;affetto pi\u00f9 profondo e la gratitudine per tutto quello che ci ha dato&#8221;<\/em>.<\/p>\n<p>&nbsp;<\/p>\n<h3>il cordoglio del Garante dei detenuti calabrese, Luca Muglia<\/h3>\n<p><em>\u201cTristezza e sconforto per la prematura scomparsa del presidente del collegio del Garante nazionale dei diritti delle persone private della libert\u00e0 personale, Felice Maurizio D\u2019Ettore. Porgo le mie condoglianze pi\u00f9 sentite alla famiglia ed esprimo la mia personale vicinanza ai due componenti del collegio, Irma Conti e Mario Serio. Il professor Maurizio D\u2019Ettore, avvocato e docente universitario di spessore, in soli 8 mesi di mandato aveva gi\u00e0 dato prova delle sue indiscusse qualit\u00e0. In questi giorni stava svolgendo un ruolo centrale ed importante sull\u2019emergenza carcere, il dramma dei suicidi e il sovraffollamento, con proposte ed interlocuzioni con il Ministro Nordio circa le nuove misure da adottare nei prossimi mesi. In Calabria, oltre a concludere i lavori del Convegno nazionale tenutosi lo scorso giugno presso la Cittadella regionale, era venuto pi\u00f9 volte al fine di effettuare visite presso gli istituti penitenziari di Catanzaro, Castrovillari, Rossano e Paola, incontrando nell\u2019occasione i detenuti, i direttori e tutti gli operatori. Mi preme sottolineare che D\u2019Ettore, figura istituzionale di elevato valore, era anche una persona onesta, ironica e di grande umanit\u00e0. Si tratta di una grave perdita per l\u2019Italia e per la Calabria, la sua amata terra d\u2019origine. Un abbraccio sincero ed affettuoso ai suoi familiari in questo momento di profondo dolore\u201d, <strong>cos\u00ec il Garante regionale dei detenuti calabrese, Luca Muglia sulla morte di Felice Maurizio D&#8217;Ettore.<\/strong><\/em><\/p>\n<h4 style=\"text-align: justify\">Il cordoglio del Presidente Mancuso<\/h4>\n<p style=\"text-align: justify\">\u201cProfondo dolore e sconcerto per l\u2019improvvisa scomparsa del Garante nazionale dei diritti delle persone private della libert\u00e0 personale, Felice Maurizio D\u2019Ettore. Prima dell\u2019ultimo prestigioso incarico, ha dimostrato di essere un riconosciuto giurista, un politico sensibile e una persona di indubbia integrit\u00e0 morale legato alla Calabria e ai calabresi. A nome del Consiglio regionale esprimo profonda vicinanza alla famiglia e gratitudine per il suo contributo\u201d,<strong> queste le parole del Presidente Mancuso<\/strong> per la scomparsa del Garante Nazionale dei Detenuti, <strong> di Felice Maurizio D&#8217;Ettore<\/strong><\/p>\n<h4><\/h4>\n<h4><\/h4>\n<h5 style=\"text-align: justify\">Il cordoglio del SAPPE<\/h5>\n<p class=\"xmprfx_MsoNoSpacing\" style=\"text-align: justify\"><em>&#8220;Il Sindacato Autonomo Polizia Penitenziaria SAPPE piange la scomparsa di <b>Felice Maurizio D&#8217;Ettore<\/b>, professore universitario e gi\u00e0 parlamentare, presidente del Collegio di Garante Nazionale ei diritti delle persone private della libert\u00e0 personale. Il Presidente D\u2019Ettore, durante il suo pur breve incarico, \u00e8 sempre stato attento e sensibile alle criticit\u00e0 diffuse delle carceri italiane e del personale di Polizia Penitenziaria che in esse lavorano. \u00c8 per questo che abbiamo avuto modo di apprezzarlo.<\/em><\/p>\n<p class=\"xmprfx_MsoNoSpacing\" style=\"text-align: justify\"><em>La Segreteria Generale del Sindacato Autonomo Polizia Penitenziaria SAPPE e gli iscritti tutti esprimono sincero cordoglio ai familiari e ricordano in\u00a0<b>Felice Maurizio D&#8217;Ettore<\/b> la tenacia e la caparbiet\u00e0 di un uomo delle Istituzioni che alle chiacchere, rispetto ai problemi delle carceri, ha preferito i fatti e gli atti concreti., cos\u00ec<\/em><strong>\u00a0Donato CAPECE, segretario generale del SAPPE<\/strong><\/p>\n<p style=\"text-align: justify\">\n","protected":false},"excerpt":{"rendered":"<p>Sarebbe stato causato da un infarto il decesso di Felice Maurizio D&#8217;Ettore, Garante nazionale dei detenuti ed ex deputato di Fratelli d&#8217;Italia. D&#8217;Ettore. Era in vacanza con la famiglia a&hellip;<\/p>\n","protected":false},"author":12,"featured_media":24988,"comment_status":"closed","ping_status":"open","sticky":false,"template":"","format":"standard","meta":{"_jetpack_memberships_contains_paid_content":false,"footnotes":"","jetpack_publicize_message":"","jetpack_publicize_feature_enabled":true,"jetpack_social_post_already_shared":false,"jetpack_social_options":{"image_generator_settings":{"template":"highway","default_image_id":0,"font":"","enabled":false},"version":2}},"categories":[196],"tags":[34947,594,4432,5688,34948,14461,18191],"class_list":["post-56819","post","type-post","status-publish","format-standard","has-post-thumbnail","hentry","category-news","tag-felice-maurizio-dettore","tag-filippo-mancuso","tag-infarto","tag-luca-muglia","tag-morto-garante-nazionale-dei-detenuti","tag-ospedale-di-locri","tag-sappe"],"yoast_head":"<!-- This site is optimized with the Yoast SEO plugin v27.2 - https:\/\/yoast.com\/product\/yoast-seo-wordpress\/ -->\n<title>Locri: morto per un malore il Garante dei Detenuti, D&#039;Ettore<\/title>\n<meta name=\"description\" content=\"Il Garante Nazionale dei Detenuti, D&#039;Ettore, \u00e8 morto all&#039;ospedale di Locri, colto da un infarto. Era in vacanza con la famiglia\" \/>\n<meta name=\"robots\" content=\"index, follow, max-snippet:-1, max-image-preview:large, max-video-preview:-1\" \/>\n<link rel=\"canonical\" href=\"https:\/\/progettotouring.it\/radiotouring104\/2024\/08\/23\/locri-morto-a-causa-di-un-malore-il-garante-nazionale-dei-detenuti-felice-maurizio-dettore\/\" \/>\n<meta property=\"og:locale\" content=\"it_IT\" \/>\n<meta property=\"og:type\" content=\"article\" \/>\n<meta property=\"og:title\" content=\"Locri: morto per un malore il Garante dei Detenuti, D&#039;Ettore\" \/>\n<meta property=\"og:description\" content=\"Il Garante Nazionale dei Detenuti, D&#039;Ettore, \u00e8 morto all&#039;ospedale di Locri, colto da un infarto. Era in vacanza con la famiglia\" \/>\n<meta property=\"og:url\" content=\"https:\/\/progettotouring.it\/radiotouring104\/2024\/08\/23\/locri-morto-a-causa-di-un-malore-il-garante-nazionale-dei-detenuti-felice-maurizio-dettore\/\" \/>\n<meta property=\"og:site_name\" content=\"Radio Touring 104\" \/>\n<meta property=\"article:published_time\" content=\"2024-08-23T08:03:08+00:00\" \/>\n<meta property=\"article:modified_time\" content=\"2024-08-23T10:15:24+00:00\" \/>\n<meta property=\"og:image\" content=\"https:\/\/progettotouring.it\/radiotouring104\/wp-content\/uploads\/sites\/6\/2023\/05\/Ospedale_di_Locri.jpg\" \/>\n\t<meta property=\"og:image:width\" content=\"800\" \/>\n\t<meta property=\"og:image:height\" content=\"597\" \/>\n\t<meta property=\"og:image:type\" content=\"image\/jpeg\" \/>\n<meta name=\"author\" content=\"Sebastiano Plutino\" \/>\n<meta name=\"twitter:card\" content=\"summary_large_image\" \/>\n<meta name=\"twitter:label1\" content=\"Scritto da\" \/>\n\t<meta name=\"twitter:data1\" content=\"Sebastiano Plutino\" \/>\n\t<meta name=\"twitter:label2\" content=\"Tempo di lettura stimato\" \/>\n\t<meta name=\"twitter:data2\" content=\"3 minuti\" \/>\n<script type=\"application\/ld+json\" class=\"yoast-schema-graph\">{\"@context\":\"https:\/\/schema.org\",\"@graph\":[{\"@type\":\"Article\",\"@id\":\"https:\/\/progettotouring.it\/radiotouring104\/2024\/08\/23\/locri-morto-a-causa-di-un-malore-il-garante-nazionale-dei-detenuti-felice-maurizio-dettore\/#article\",\"isPartOf\":{\"@id\":\"https:\/\/progettotouring.it\/radiotouring104\/2024\/08\/23\/locri-morto-a-causa-di-un-malore-il-garante-nazionale-dei-detenuti-felice-maurizio-dettore\/\"},\"author\":{\"name\":\"Sebastiano Plutino\",\"@id\":\"https:\/\/progettotouring.it\/radiotouring104\/#\/schema\/person\/78613917f1851f041f7483f5af1d422e\"},\"headline\":\"Locri: morto a causa di un malore il Garante Nazionale dei Detenuti, Felice Maurizio D&#8217;Ettore\",\"datePublished\":\"2024-08-23T08:03:08+00:00\",\"dateModified\":\"2024-08-23T10:15:24+00:00\",\"mainEntityOfPage\":{\"@id\":\"https:\/\/progettotouring.it\/radiotouring104\/2024\/08\/23\/locri-morto-a-causa-di-un-malore-il-garante-nazionale-dei-detenuti-felice-maurizio-dettore\/\"},\"wordCount\":656,\"publisher\":{\"@id\":\"https:\/\/progettotouring.it\/radiotouring104\/#organization\"},\"image\":{\"@id\":\"https:\/\/progettotouring.it\/radiotouring104\/2024\/08\/23\/locri-morto-a-causa-di-un-malore-il-garante-nazionale-dei-detenuti-felice-maurizio-dettore\/#primaryimage\"},\"thumbnailUrl\":\"https:\/\/progettotouring.it\/radiotouring104\/wp-content\/uploads\/sites\/6\/2023\/05\/Ospedale_di_Locri.jpg\",\"keywords\":[\"Felice Maurizio D'Ettore\",\"Filippo Mancuso\",\"infarto\",\"luca muglia\",\"morto Garante Nazionale dei Detenuti\",\"ospedale di Locri\",\"Sappe\"],\"articleSection\":[\"News\"],\"inLanguage\":\"it-IT\"},{\"@type\":\"WebPage\",\"@id\":\"https:\/\/progettotouring.it\/radiotouring104\/2024\/08\/23\/locri-morto-a-causa-di-un-malore-il-garante-nazionale-dei-detenuti-felice-maurizio-dettore\/\",\"url\":\"https:\/\/progettotouring.it\/radiotouring104\/2024\/08\/23\/locri-morto-a-causa-di-un-malore-il-garante-nazionale-dei-detenuti-felice-maurizio-dettore\/\",\"name\":\"Locri: morto per un malore il Garante dei Detenuti, D'Ettore\",\"isPartOf\":{\"@id\":\"https:\/\/progettotouring.it\/radiotouring104\/#website\"},\"primaryImageOfPage\":{\"@id\":\"https:\/\/progettotouring.it\/radiotouring104\/2024\/08\/23\/locri-morto-a-causa-di-un-malore-il-garante-nazionale-dei-detenuti-felice-maurizio-dettore\/#primaryimage\"},\"image\":{\"@id\":\"https:\/\/progettotouring.it\/radiotouring104\/2024\/08\/23\/locri-morto-a-causa-di-un-malore-il-garante-nazionale-dei-detenuti-felice-maurizio-dettore\/#primaryimage\"},\"thumbnailUrl\":\"https:\/\/progettotouring.it\/radiotouring104\/wp-content\/uploads\/sites\/6\/2023\/05\/Ospedale_di_Locri.jpg\",\"datePublished\":\"2024-08-23T08:03:08+00:00\",\"dateModified\":\"2024-08-23T10:15:24+00:00\",\"description\":\"Il Garante Nazionale dei Detenuti, D'Ettore, \u00e8 morto all'ospedale di Locri, colto da un infarto. Era in vacanza con la famiglia\",\"breadcrumb\":{\"@id\":\"https:\/\/progettotouring.it\/radiotouring104\/2024\/08\/23\/locri-morto-a-causa-di-un-malore-il-garante-nazionale-dei-detenuti-felice-maurizio-dettore\/#breadcrumb\"},\"inLanguage\":\"it-IT\",\"potentialAction\":[{\"@type\":\"ReadAction\",\"target\":[\"https:\/\/progettotouring.it\/radiotouring104\/2024\/08\/23\/locri-morto-a-causa-di-un-malore-il-garante-nazionale-dei-detenuti-felice-maurizio-dettore\/\"]}]},{\"@type\":\"ImageObject\",\"inLanguage\":\"it-IT\",\"@id\":\"https:\/\/progettotouring.it\/radiotouring104\/2024\/08\/23\/locri-morto-a-causa-di-un-malore-il-garante-nazionale-dei-detenuti-felice-maurizio-dettore\/#primaryimage\",\"url\":\"https:\/\/progettotouring.it\/radiotouring104\/wp-content\/uploads\/sites\/6\/2023\/05\/Ospedale_di_Locri.jpg\",\"contentUrl\":\"https:\/\/progettotouring.it\/radiotouring104\/wp-content\/uploads\/sites\/6\/2023\/05\/Ospedale_di_Locri.jpg\",\"width\":800,\"height\":597},{\"@type\":\"BreadcrumbList\",\"@id\":\"https:\/\/progettotouring.it\/radiotouring104\/2024\/08\/23\/locri-morto-a-causa-di-un-malore-il-garante-nazionale-dei-detenuti-felice-maurizio-dettore\/#breadcrumb\",\"itemListElement\":[{\"@type\":\"ListItem\",\"position\":1,\"name\":\"Home\",\"item\":\"https:\/\/progettotouring.it\/radiotouring104\/\"},{\"@type\":\"ListItem\",\"position\":2,\"name\":\"Locri: morto a causa di un malore il Garante Nazionale dei Detenuti, Felice Maurizio D&#8217;Ettore\"}]},{\"@type\":\"WebSite\",\"@id\":\"https:\/\/progettotouring.it\/radiotouring104\/#website\",\"url\":\"https:\/\/progettotouring.it\/radiotouring104\/\",\"name\":\"Radio Touring 104\",\"description\":\"La prima radio Reggina\",\"publisher\":{\"@id\":\"https:\/\/progettotouring.it\/radiotouring104\/#organization\"},\"potentialAction\":[{\"@type\":\"SearchAction\",\"target\":{\"@type\":\"EntryPoint\",\"urlTemplate\":\"https:\/\/progettotouring.it\/radiotouring104\/?s={search_term_string}\"},\"query-input\":{\"@type\":\"PropertyValueSpecification\",\"valueRequired\":true,\"valueName\":\"search_term_string\"}}],\"inLanguage\":\"it-IT\"},{\"@type\":\"Organization\",\"@id\":\"https:\/\/progettotouring.it\/radiotouring104\/#organization\",\"name\":\"Radio Touring 104\",\"url\":\"https:\/\/progettotouring.it\/radiotouring104\/\",\"logo\":{\"@type\":\"ImageObject\",\"inLanguage\":\"it-IT\",\"@id\":\"https:\/\/progettotouring.it\/radiotouring104\/#\/schema\/logo\/image\/\",\"url\":\"https:\/\/progettotouring.it\/radiotouring104\/wp-content\/uploads\/sites\/6\/2022\/02\/cropped-logo-radio-touring-104.png\",\"contentUrl\":\"https:\/\/progettotouring.it\/radiotouring104\/wp-content\/uploads\/sites\/6\/2022\/02\/cropped-logo-radio-touring-104.png\",\"width\":377,\"height\":182,\"caption\":\"Radio Touring 104\"},\"image\":{\"@id\":\"https:\/\/progettotouring.it\/radiotouring104\/#\/schema\/logo\/image\/\"}},{\"@type\":\"Person\",\"@id\":\"https:\/\/progettotouring.it\/radiotouring104\/#\/schema\/person\/78613917f1851f041f7483f5af1d422e\",\"name\":\"Sebastiano Plutino\",\"image\":{\"@type\":\"ImageObject\",\"inLanguage\":\"it-IT\",\"@id\":\"https:\/\/secure.gravatar.com\/avatar\/0546ffaa9b79224faf9f2a156b67a529ae861d3287c66c1d8ccfdf909bcba78d?s=96&d=mm&r=g\",\"url\":\"https:\/\/secure.gravatar.com\/avatar\/0546ffaa9b79224faf9f2a156b67a529ae861d3287c66c1d8ccfdf909bcba78d?s=96&d=mm&r=g\",\"contentUrl\":\"https:\/\/secure.gravatar.com\/avatar\/0546ffaa9b79224faf9f2a156b67a529ae861d3287c66c1d8ccfdf909bcba78d?s=96&d=mm&r=g\",\"caption\":\"Sebastiano Plutino\"},\"url\":\"https:\/\/progettotouring.it\/radiotouring104\/author\/sebastiano\/\"}]}<\/script>\n<!-- \/ Yoast SEO plugin. -->","yoast_head_json":{"title":"Locri: morto per un malore il Garante dei Detenuti, D'Ettore","description":"Il Garante Nazionale dei Detenuti, D'Ettore, \u00e8 morto all'ospedale di Locri, colto da un infarto. Era in vacanza con la famiglia","robots":{"index":"index","follow":"follow","max-snippet":"max-snippet:-1","max-image-preview":"max-image-preview:large","max-video-preview":"max-video-preview:-1"},"canonical":"https:\/\/progettotouring.it\/radiotouring104\/2024\/08\/23\/locri-morto-a-causa-di-un-malore-il-garante-nazionale-dei-detenuti-felice-maurizio-dettore\/","og_locale":"it_IT","og_type":"article","og_title":"Locri: morto per un malore il Garante dei Detenuti, D'Ettore","og_description":"Il Garante Nazionale dei Detenuti, D'Ettore, \u00e8 morto all'ospedale di Locri, colto da un infarto. Era in vacanza con la famiglia","og_url":"https:\/\/progettotouring.it\/radiotouring104\/2024\/08\/23\/locri-morto-a-causa-di-un-malore-il-garante-nazionale-dei-detenuti-felice-maurizio-dettore\/","og_site_name":"Radio Touring 104","article_published_time":"2024-08-23T08:03:08+00:00","article_modified_time":"2024-08-23T10:15:24+00:00","og_image":[{"width":800,"height":597,"url":"https:\/\/progettotouring.it\/radiotouring104\/wp-content\/uploads\/sites\/6\/2023\/05\/Ospedale_di_Locri.jpg","type":"image\/jpeg"}],"author":"Sebastiano Plutino","twitter_card":"summary_large_image","twitter_misc":{"Scritto da":"Sebastiano Plutino","Tempo di lettura stimato":"3 minuti"},"schema":{"@context":"https:\/\/schema.org","@graph":[{"@type":"Article","@id":"https:\/\/progettotouring.it\/radiotouring104\/2024\/08\/23\/locri-morto-a-causa-di-un-malore-il-garante-nazionale-dei-detenuti-felice-maurizio-dettore\/#article","isPartOf":{"@id":"https:\/\/progettotouring.it\/radiotouring104\/2024\/08\/23\/locri-morto-a-causa-di-un-malore-il-garante-nazionale-dei-detenuti-felice-maurizio-dettore\/"},"author":{"name":"Sebastiano Plutino","@id":"https:\/\/progettotouring.it\/radiotouring104\/#\/schema\/person\/78613917f1851f041f7483f5af1d422e"},"headline":"Locri: morto a causa di un malore il Garante Nazionale dei Detenuti, Felice Maurizio D&#8217;Ettore","datePublished":"2024-08-23T08:03:08+00:00","dateModified":"2024-08-23T10:15:24+00:00","mainEntityOfPage":{"@id":"https:\/\/progettotouring.it\/radiotouring104\/2024\/08\/23\/locri-morto-a-causa-di-un-malore-il-garante-nazionale-dei-detenuti-felice-maurizio-dettore\/"},"wordCount":656,"publisher":{"@id":"https:\/\/progettotouring.it\/radiotouring104\/#organization"},"image":{"@id":"https:\/\/progettotouring.it\/radiotouring104\/2024\/08\/23\/locri-morto-a-causa-di-un-malore-il-garante-nazionale-dei-detenuti-felice-maurizio-dettore\/#primaryimage"},"thumbnailUrl":"https:\/\/progettotouring.it\/radiotouring104\/wp-content\/uploads\/sites\/6\/2023\/05\/Ospedale_di_Locri.jpg","keywords":["Felice Maurizio D'Ettore","Filippo Mancuso","infarto","luca muglia","morto Garante Nazionale dei Detenuti","ospedale di Locri","Sappe"],"articleSection":["News"],"inLanguage":"it-IT"},{"@type":"WebPage","@id":"https:\/\/progettotouring.it\/radiotouring104\/2024\/08\/23\/locri-morto-a-causa-di-un-malore-il-garante-nazionale-dei-detenuti-felice-maurizio-dettore\/","url":"https:\/\/progettotouring.it\/radiotouring104\/2024\/08\/23\/locri-morto-a-causa-di-un-malore-il-garante-nazionale-dei-detenuti-felice-maurizio-dettore\/","name":"Locri: morto per un malore il Garante dei Detenuti, D'Ettore","isPartOf":{"@id":"https:\/\/progettotouring.it\/radiotouring104\/#website"},"primaryImageOfPage":{"@id":"https:\/\/progettotouring.it\/radiotouring104\/2024\/08\/23\/locri-morto-a-causa-di-un-malore-il-garante-nazionale-dei-detenuti-felice-maurizio-dettore\/#primaryimage"},"image":{"@id":"https:\/\/progettotouring.it\/radiotouring104\/2024\/08\/23\/locri-morto-a-causa-di-un-malore-il-garante-nazionale-dei-detenuti-felice-maurizio-dettore\/#primaryimage"},"thumbnailUrl":"https:\/\/progettotouring.it\/radiotouring104\/wp-content\/uploads\/sites\/6\/2023\/05\/Ospedale_di_Locri.jpg","datePublished":"2024-08-23T08:03:08+00:00","dateModified":"2024-08-23T10:15:24+00:00","description":"Il Garante Nazionale dei Detenuti, D'Ettore, \u00e8 morto all'ospedale di Locri, colto da un infarto. Era in vacanza con la famiglia","breadcrumb":{"@id":"https:\/\/progettotouring.it\/radiotouring104\/2024\/08\/23\/locri-morto-a-causa-di-un-malore-il-garante-nazionale-dei-detenuti-felice-maurizio-dettore\/#breadcrumb"},"inLanguage":"it-IT","potentialAction":[{"@type":"ReadAction","target":["https:\/\/progettotouring.it\/radiotouring104\/2024\/08\/23\/locri-morto-a-causa-di-un-malore-il-garante-nazionale-dei-detenuti-felice-maurizio-dettore\/"]}]},{"@type":"ImageObject","inLanguage":"it-IT","@id":"https:\/\/progettotouring.it\/radiotouring104\/2024\/08\/23\/locri-morto-a-causa-di-un-malore-il-garante-nazionale-dei-detenuti-felice-maurizio-dettore\/#primaryimage","url":"https:\/\/progettotouring.it\/radiotouring104\/wp-content\/uploads\/sites\/6\/2023\/05\/Ospedale_di_Locri.jpg","contentUrl":"https:\/\/progettotouring.it\/radiotouring104\/wp-content\/uploads\/sites\/6\/2023\/05\/Ospedale_di_Locri.jpg","width":800,"height":597},{"@type":"BreadcrumbList","@id":"https:\/\/progettotouring.it\/radiotouring104\/2024\/08\/23\/locri-morto-a-causa-di-un-malore-il-garante-nazionale-dei-detenuti-felice-maurizio-dettore\/#breadcrumb","itemListElement":[{"@type":"ListItem","position":1,"name":"Home","item":"https:\/\/progettotouring.it\/radiotouring104\/"},{"@type":"ListItem","position":2,"name":"Locri: morto a causa di un malore il Garante Nazionale dei Detenuti, Felice Maurizio D&#8217;Ettore"}]},{"@type":"WebSite","@id":"https:\/\/progettotouring.it\/radiotouring104\/#website","url":"https:\/\/progettotouring.it\/radiotouring104\/","name":"Radio Touring 104","description":"La prima radio Reggina","publisher":{"@id":"https:\/\/progettotouring.it\/radiotouring104\/#organization"},"potentialAction":[{"@type":"SearchAction","target":{"@type":"EntryPoint","urlTemplate":"https:\/\/progettotouring.it\/radiotouring104\/?s={search_term_string}"},"query-input":{"@type":"PropertyValueSpecification","valueRequired":true,"valueName":"search_term_string"}}],"inLanguage":"it-IT"},{"@type":"Organization","@id":"https:\/\/progettotouring.it\/radiotouring104\/#organization","name":"Radio Touring 104","url":"https:\/\/progettotouring.it\/radiotouring104\/","logo":{"@type":"ImageObject","inLanguage":"it-IT","@id":"https:\/\/progettotouring.it\/radiotouring104\/#\/schema\/logo\/image\/","url":"https:\/\/progettotouring.it\/radiotouring104\/wp-content\/uploads\/sites\/6\/2022\/02\/cropped-logo-radio-touring-104.png","contentUrl":"https:\/\/progettotouring.it\/radiotouring104\/wp-content\/uploads\/sites\/6\/2022\/02\/cropped-logo-radio-touring-104.png","width":377,"height":182,"caption":"Radio Touring 104"},"image":{"@id":"https:\/\/progettotouring.it\/radiotouring104\/#\/schema\/logo\/image\/"}},{"@type":"Person","@id":"https:\/\/progettotouring.it\/radiotouring104\/#\/schema\/person\/78613917f1851f041f7483f5af1d422e","name":"Sebastiano Plutino","image":{"@type":"ImageObject","inLanguage":"it-IT","@id":"https:\/\/secure.gravatar.com\/avatar\/0546ffaa9b79224faf9f2a156b67a529ae861d3287c66c1d8ccfdf909bcba78d?s=96&d=mm&r=g","url":"https:\/\/secure.gravatar.com\/avatar\/0546ffaa9b79224faf9f2a156b67a529ae861d3287c66c1d8ccfdf909bcba78d?s=96&d=mm&r=g","contentUrl":"https:\/\/secure.gravatar.com\/avatar\/0546ffaa9b79224faf9f2a156b67a529ae861d3287c66c1d8ccfdf909bcba78d?s=96&d=mm&r=g","caption":"Sebastiano Plutino"},"url":"https:\/\/progettotouring.it\/radiotouring104\/author\/sebastiano\/"}]}},"jetpack_publicize_connections":[],"jetpack_featured_media_url":"https:\/\/progettotouring.it\/radiotouring104\/wp-content\/uploads\/sites\/6\/2023\/05\/Ospedale_di_Locri.jpg","jetpack_sharing_enabled":true,"_links":{"self":[{"href":"https:\/\/progettotouring.it\/radiotouring104\/wp-json\/wp\/v2\/posts\/56819","targetHints":{"allow":["GET"]}}],"collection":[{"href":"https:\/\/progettotouring.it\/radiotouring104\/wp-json\/wp\/v2\/posts"}],"about":[{"href":"https:\/\/progettotouring.it\/radiotouring104\/wp-json\/wp\/v2\/types\/post"}],"author":[{"embeddable":true,"href":"https:\/\/progettotouring.it\/radiotouring104\/wp-json\/wp\/v2\/users\/12"}],"replies":[{"embeddable":true,"href":"https:\/\/progettotouring.it\/radiotouring104\/wp-json\/wp\/v2\/comments?post=56819"}],"version-history":[{"count":5,"href":"https:\/\/progettotouring.it\/radiotouring104\/wp-json\/wp\/v2\/posts\/56819\/revisions"}],"predecessor-version":[{"id":56854,"href":"https:\/\/progettotouring.it\/radiotouring104\/wp-json\/wp\/v2\/posts\/56819\/revisions\/56854"}],"wp:featuredmedia":[{"embeddable":true,"href":"https:\/\/progettotouring.it\/radiotouring104\/wp-json\/wp\/v2\/media\/24988"}],"wp:attachment":[{"href":"https:\/\/progettotouring.it\/radiotouring104\/wp-json\/wp\/v2\/media?parent=56819"}],"wp:term":[{"taxonomy":"category","embeddable":true,"href":"https:\/\/progettotouring.it\/radiotouring104\/wp-json\/wp\/v2\/categories?post=56819"},{"taxonomy":"post_tag","embeddable":true,"href":"https:\/\/progettotouring.it\/radiotouring104\/wp-json\/wp\/v2\/tags?post=56819"}],"curies":[{"name":"wp","href":"https:\/\/api.w.org\/{rel}","templated":true}]}}