{"id":56831,"date":"2024-08-23T10:54:28","date_gmt":"2024-08-23T08:54:28","guid":{"rendered":"https:\/\/progettotouring.it\/radiotouring104\/?p=56831"},"modified":"2024-08-23T10:54:28","modified_gmt":"2024-08-23T08:54:28","slug":"kaulonia-tarantella-festival-ecco-gli-eventi-conclusivi","status":"publish","type":"post","link":"https:\/\/progettotouring.it\/radiotouring104\/2024\/08\/23\/kaulonia-tarantella-festival-ecco-gli-eventi-conclusivi\/","title":{"rendered":"Kaulonia Tarantella Festival: ecco gli eventi conclusivi."},"content":{"rendered":"<p class=\"xmprfx_MsoNormal\" style=\"text-align: justify\">Il titolo di questa edizione,<b>\u00a0con la direzione artistica di Mimmo Cavallaro<\/b>,<b>\u00a0\u00e8 \u201c<\/b><b><i>GENERATION TARANTELLA<\/i><\/b><b>\u201d. Grazie soprattutto a questo festival<\/b>,<b>\u00a0<\/b>che negli anni ha saputo valorizzare il patrimonio musicale e tradizionale arricchendolo con contaminazioni culturali di altri luoghi,\u00a0<b>oggi ci sono persone di tutte le et\u00e0 che abbracciano con entusiasmo la musica popolare e l\u2019importanza dell\u2019identit\u00e0 culturale che essa rappresenta<\/b>.\u00a0<b>\u201c<\/b><b><i>Generation Tarantella<\/i><\/b><b>\u201d \u00e8 un titolo che sottolinea con orgoglio quanto<\/b>\u00a0<b>in un mondo sempre pi\u00f9 globalizzato<\/b>, dove le culture e le tradizioni locali rischiano di essere sopraffatte dalla crescente omogeneizzazione e uniformit\u00e0 culturale,\u00a0<b>sia fondamentale preservare e valorizzare le culture periferiche.<\/b><\/p>\n<p class=\"xmprfx_MsoNormal\" style=\"text-align: justify\"><b>Domani<\/b>, venerd\u00ec 23 agosto,<b>\u00a0alle ore 20.00 in Piazza Mese<\/b>,<b>\u00a0\u00e8 atteso il concerto di\u00a0<\/b><b>SERENA BRANCALE<\/b><b>. Dopo il successo del tour 2023 e del nuovo singolo\u00a0<\/b><i>\u201c<b>Baccala<\/b>\u201d<\/i><b>\u00a0che \u00e8 tra i brani pi\u00f9 virali in Europa<\/b>, Serena<b>\u00a0<\/b>Brancale ritorna in quintetto con il\u00a0<b>finger Drummer Dropkick<\/b>.\u00a0<b>Lo show propone come repertorio i brani pi\u00f9 rappresentativi di Serena<\/b>, l\u2019album \u201cJe so accuss\u00ec\u201d e i suoi ultimi singoli diventati virali in poco tempo nel mondo. Per l\u2019occasione,\u00a0<b>l\u2019artista sar\u00e0 accompagnata da Marco Bottoni<\/b>\u00a0(chitarra, basso e piano),\u00a0<b>Nausica<\/b>\u00a0(voce),\u00a0<b>Corinne<\/b>\u00a0(voce) e\u00a0<b>Dropkick<\/b>\u00a0(finger drumming).<b><\/b><\/p>\n<p class=\"xmprfx_MsoNormal\" style=\"text-align: justify\"><b>Sempre domani, si esibiranno in Piazza Mese i SENDUKI e ALL\u2019USU ANTICU. La band Senduki rielabora tracce folk<\/b>,\u00a0<b>roots<\/b>,\u00a0<b>etno dalla Calabria e dal Sud del Mondo<\/b>. Il progetto vuole fare emozionare attraverso canzoni e melodie antichissime arrangiate su tracce e ritmi contemporanei.\u00a0<b>All\u2019Usu Anticu<\/b>,\u00a0<b>sono un gruppo musicale tradizionale del Cosentino che si dedica a riportare in vita l&#8217;autentica musica popolare della loro terra<\/b>. Con l&#8217;obiettivo di riscoprire e valorizzare i suoni tramandati attraverso generazioni, vogliono preservare questa eredit\u00e0 culturale assicurandosi che la &#8220;vera&#8221; musica di tramandazione continui a vivere.<b><\/b><\/p>\n<p class=\"xmprfx_MsoNormal\" style=\"text-align: justify\"><b>Nell\u2019edizione 2024 del festival,\u00a0che si svolge sotto la direzione artistica di Mimmo Cavallaro, ad essere protagonista non \u00e8 soltanto la musica, ma anche numerosi appuntamenti speciali che arricchiscono ulteriormente la line-up del festival.<\/b><\/p>\n<p class=\"xmprfx_MsoNormal\" style=\"text-align: justify\"><b>Fino a sabato 24 agosto, alle ore 20.00 presso l\u2019Affresco Bizantino\u00a0<\/b>(via Principe Amedeo, 71),\u00a0<b>si tengono incontri ed approfondimenti sulla musica popolare<\/b>, con particolar attenzione alla Tarantella come strumento di conservazione e innovazione culturale in grado di mantenere viva l\u2019identit\u00e0 musicale coinvolgendo nuove generazioni.<\/p>\n<p class=\"xmprfx_MsoNormal\" style=\"text-align: justify\"><b>Domani<\/b>, venerd\u00ec 23 agosto,<b>\u00a0Il chitarrista e compositore calabrese Renato Caruso racconter\u00e0 di Pitagora e del suo universo filosofico-matematico che ha rivoluzionato la musica ed il suo linguaggio<\/b>. Un incontro divulgativo tra scienza e musica nel quale il chitarrista eseguir\u00e0 alcuni brani del suo repertorio, tra cui \u201c<i>Pitagora Pensaci Tu<\/i>\u201d, \u201c<i>Aladin Samba<\/i>\u201d e \u201c<i>Antonio\u2019s\u00a0Choro<\/i>\u201d.<\/p>\n<p class=\"xmprfx_MsoNormal\" style=\"text-align: justify\"><b>Sempre fino a sabato 24 agosto<\/b>,\u00a0<b>alle ore 18.00 in<\/b>\u00a0<b>piazza Seggio<\/b>, si terranno ogni giorno i consueti\u00a0<b>corsi gratuiti di ballo tradizionale, tamburello, chitarra battente, organetto e lira<\/b>. Gli appuntamenti sono coordinati dal\u00a0<b>M\u00b0 Mimmo Giovinazzo.<\/b><\/p>\n<p class=\"xmprfx_MsoNormal\" style=\"text-align: justify\"><b>A fare da protagonista del Kaulonia Tarantella Festival non \u00e8 semplicemente il cartellone degli artisti, bens\u00ec il paese stesso, che da sempre \u00e8 coreografia attiva e fondamentale di tutto l\u2019evento<\/b>.<\/p>\n","protected":false},"excerpt":{"rendered":"<p>Il titolo di questa edizione,\u00a0con la direzione artistica di Mimmo Cavallaro,\u00a0\u00e8 \u201cGENERATION TARANTELLA\u201d. Grazie soprattutto a questo festival,\u00a0che negli anni ha saputo valorizzare il patrimonio musicale e tradizionale arricchendolo con&hellip;<\/p>\n","protected":false},"author":12,"featured_media":56833,"comment_status":"closed","ping_status":"open","sticky":false,"template":"","format":"standard","meta":{"_jetpack_memberships_contains_paid_content":false,"footnotes":"","jetpack_publicize_message":"","jetpack_publicize_feature_enabled":true,"jetpack_social_post_already_shared":false,"jetpack_social_options":{"image_generator_settings":{"template":"highway","default_image_id":0,"font":"","enabled":false},"version":2}},"categories":[921,196,140],"tags":[34957,18120,11671,34958,34959],"class_list":["post-56831","post","type-post","status-publish","format-standard","has-post-thumbnail","hentry","category-home","category-news","category-reggio-calabria","tag-eventi-conclusivi","tag-kaulonia-tarantella-festival","tag-mimmo-cavallaro","tag-piazza-mese","tag-serena-brancale"],"yoast_head":"<!-- This site is optimized with the Yoast SEO plugin v27.2 - https:\/\/yoast.com\/product\/yoast-seo-wordpress\/ -->\n<title>Kaulonia Tarantella Festival: ecco gli eventi conclusivi.<\/title>\n<meta name=\"description\" content=\"Ecco gli eventi conclusivi della 26\u00aa edizione del KAULONIA TARANTELLA FESTIVAL che terminer\u00e0 domani con il concerto di Serena Bancale.\" \/>\n<meta name=\"robots\" content=\"index, follow, max-snippet:-1, max-image-preview:large, max-video-preview:-1\" \/>\n<link rel=\"canonical\" href=\"https:\/\/progettotouring.it\/radiotouring104\/2024\/08\/23\/kaulonia-tarantella-festival-ecco-gli-eventi-conclusivi\/\" \/>\n<meta property=\"og:locale\" content=\"it_IT\" \/>\n<meta property=\"og:type\" content=\"article\" \/>\n<meta property=\"og:title\" content=\"Kaulonia Tarantella Festival: ecco gli eventi conclusivi.\" \/>\n<meta property=\"og:description\" content=\"Ecco gli eventi conclusivi della 26\u00aa edizione del KAULONIA TARANTELLA FESTIVAL che terminer\u00e0 domani con il concerto di Serena Bancale.\" \/>\n<meta property=\"og:url\" content=\"https:\/\/progettotouring.it\/radiotouring104\/2024\/08\/23\/kaulonia-tarantella-festival-ecco-gli-eventi-conclusivi\/\" \/>\n<meta property=\"og:site_name\" content=\"Radio Touring 104\" \/>\n<meta property=\"article:published_time\" content=\"2024-08-23T08:54:28+00:00\" \/>\n<meta property=\"og:image\" content=\"https:\/\/progettotouring.it\/radiotouring104\/wp-content\/uploads\/sites\/6\/2024\/08\/Kaulonia-Tarantella-Festival.jpeg\" \/>\n\t<meta property=\"og:image:width\" content=\"1423\" \/>\n\t<meta property=\"og:image:height\" content=\"2048\" \/>\n\t<meta property=\"og:image:type\" content=\"image\/jpeg\" \/>\n<meta name=\"author\" content=\"Sebastiano Plutino\" \/>\n<meta name=\"twitter:card\" content=\"summary_large_image\" \/>\n<meta name=\"twitter:label1\" content=\"Scritto da\" \/>\n\t<meta name=\"twitter:data1\" content=\"Sebastiano Plutino\" \/>\n\t<meta name=\"twitter:label2\" content=\"Tempo di lettura stimato\" \/>\n\t<meta name=\"twitter:data2\" content=\"2 minuti\" \/>\n<script type=\"application\/ld+json\" class=\"yoast-schema-graph\">{\"@context\":\"https:\/\/schema.org\",\"@graph\":[{\"@type\":\"Article\",\"@id\":\"https:\/\/progettotouring.it\/radiotouring104\/2024\/08\/23\/kaulonia-tarantella-festival-ecco-gli-eventi-conclusivi\/#article\",\"isPartOf\":{\"@id\":\"https:\/\/progettotouring.it\/radiotouring104\/2024\/08\/23\/kaulonia-tarantella-festival-ecco-gli-eventi-conclusivi\/\"},\"author\":{\"name\":\"Sebastiano Plutino\",\"@id\":\"https:\/\/progettotouring.it\/radiotouring104\/#\/schema\/person\/78613917f1851f041f7483f5af1d422e\"},\"headline\":\"Kaulonia Tarantella Festival: ecco gli eventi conclusivi.\",\"datePublished\":\"2024-08-23T08:54:28+00:00\",\"mainEntityOfPage\":{\"@id\":\"https:\/\/progettotouring.it\/radiotouring104\/2024\/08\/23\/kaulonia-tarantella-festival-ecco-gli-eventi-conclusivi\/\"},\"wordCount\":489,\"publisher\":{\"@id\":\"https:\/\/progettotouring.it\/radiotouring104\/#organization\"},\"image\":{\"@id\":\"https:\/\/progettotouring.it\/radiotouring104\/2024\/08\/23\/kaulonia-tarantella-festival-ecco-gli-eventi-conclusivi\/#primaryimage\"},\"thumbnailUrl\":\"https:\/\/progettotouring.it\/radiotouring104\/wp-content\/uploads\/sites\/6\/2024\/08\/Kaulonia-Tarantella-Festival.jpeg\",\"keywords\":[\"eventi conclusivi\",\"Kaulonia Tarantella Festival.\",\"Mimmo Cavallaro\",\"Piazza Mese\",\"Serena Brancale\"],\"articleSection\":[\"Home\",\"News\",\"Reggio Calabria\"],\"inLanguage\":\"it-IT\"},{\"@type\":\"WebPage\",\"@id\":\"https:\/\/progettotouring.it\/radiotouring104\/2024\/08\/23\/kaulonia-tarantella-festival-ecco-gli-eventi-conclusivi\/\",\"url\":\"https:\/\/progettotouring.it\/radiotouring104\/2024\/08\/23\/kaulonia-tarantella-festival-ecco-gli-eventi-conclusivi\/\",\"name\":\"Kaulonia Tarantella Festival: ecco gli eventi conclusivi.\",\"isPartOf\":{\"@id\":\"https:\/\/progettotouring.it\/radiotouring104\/#website\"},\"primaryImageOfPage\":{\"@id\":\"https:\/\/progettotouring.it\/radiotouring104\/2024\/08\/23\/kaulonia-tarantella-festival-ecco-gli-eventi-conclusivi\/#primaryimage\"},\"image\":{\"@id\":\"https:\/\/progettotouring.it\/radiotouring104\/2024\/08\/23\/kaulonia-tarantella-festival-ecco-gli-eventi-conclusivi\/#primaryimage\"},\"thumbnailUrl\":\"https:\/\/progettotouring.it\/radiotouring104\/wp-content\/uploads\/sites\/6\/2024\/08\/Kaulonia-Tarantella-Festival.jpeg\",\"datePublished\":\"2024-08-23T08:54:28+00:00\",\"description\":\"Ecco gli eventi conclusivi della 26\u00aa edizione del KAULONIA TARANTELLA FESTIVAL che terminer\u00e0 domani con il concerto di Serena Bancale.\",\"breadcrumb\":{\"@id\":\"https:\/\/progettotouring.it\/radiotouring104\/2024\/08\/23\/kaulonia-tarantella-festival-ecco-gli-eventi-conclusivi\/#breadcrumb\"},\"inLanguage\":\"it-IT\",\"potentialAction\":[{\"@type\":\"ReadAction\",\"target\":[\"https:\/\/progettotouring.it\/radiotouring104\/2024\/08\/23\/kaulonia-tarantella-festival-ecco-gli-eventi-conclusivi\/\"]}]},{\"@type\":\"ImageObject\",\"inLanguage\":\"it-IT\",\"@id\":\"https:\/\/progettotouring.it\/radiotouring104\/2024\/08\/23\/kaulonia-tarantella-festival-ecco-gli-eventi-conclusivi\/#primaryimage\",\"url\":\"https:\/\/progettotouring.it\/radiotouring104\/wp-content\/uploads\/sites\/6\/2024\/08\/Kaulonia-Tarantella-Festival.jpeg\",\"contentUrl\":\"https:\/\/progettotouring.it\/radiotouring104\/wp-content\/uploads\/sites\/6\/2024\/08\/Kaulonia-Tarantella-Festival.jpeg\",\"width\":1423,\"height\":2048},{\"@type\":\"BreadcrumbList\",\"@id\":\"https:\/\/progettotouring.it\/radiotouring104\/2024\/08\/23\/kaulonia-tarantella-festival-ecco-gli-eventi-conclusivi\/#breadcrumb\",\"itemListElement\":[{\"@type\":\"ListItem\",\"position\":1,\"name\":\"Home\",\"item\":\"https:\/\/progettotouring.it\/radiotouring104\/\"},{\"@type\":\"ListItem\",\"position\":2,\"name\":\"Kaulonia Tarantella Festival: ecco gli eventi conclusivi.\"}]},{\"@type\":\"WebSite\",\"@id\":\"https:\/\/progettotouring.it\/radiotouring104\/#website\",\"url\":\"https:\/\/progettotouring.it\/radiotouring104\/\",\"name\":\"Radio Touring 104\",\"description\":\"La prima radio Reggina\",\"publisher\":{\"@id\":\"https:\/\/progettotouring.it\/radiotouring104\/#organization\"},\"potentialAction\":[{\"@type\":\"SearchAction\",\"target\":{\"@type\":\"EntryPoint\",\"urlTemplate\":\"https:\/\/progettotouring.it\/radiotouring104\/?s={search_term_string}\"},\"query-input\":{\"@type\":\"PropertyValueSpecification\",\"valueRequired\":true,\"valueName\":\"search_term_string\"}}],\"inLanguage\":\"it-IT\"},{\"@type\":\"Organization\",\"@id\":\"https:\/\/progettotouring.it\/radiotouring104\/#organization\",\"name\":\"Radio Touring 104\",\"url\":\"https:\/\/progettotouring.it\/radiotouring104\/\",\"logo\":{\"@type\":\"ImageObject\",\"inLanguage\":\"it-IT\",\"@id\":\"https:\/\/progettotouring.it\/radiotouring104\/#\/schema\/logo\/image\/\",\"url\":\"https:\/\/progettotouring.it\/radiotouring104\/wp-content\/uploads\/sites\/6\/2022\/02\/cropped-logo-radio-touring-104.png\",\"contentUrl\":\"https:\/\/progettotouring.it\/radiotouring104\/wp-content\/uploads\/sites\/6\/2022\/02\/cropped-logo-radio-touring-104.png\",\"width\":377,\"height\":182,\"caption\":\"Radio Touring 104\"},\"image\":{\"@id\":\"https:\/\/progettotouring.it\/radiotouring104\/#\/schema\/logo\/image\/\"}},{\"@type\":\"Person\",\"@id\":\"https:\/\/progettotouring.it\/radiotouring104\/#\/schema\/person\/78613917f1851f041f7483f5af1d422e\",\"name\":\"Sebastiano Plutino\",\"image\":{\"@type\":\"ImageObject\",\"inLanguage\":\"it-IT\",\"@id\":\"https:\/\/secure.gravatar.com\/avatar\/0546ffaa9b79224faf9f2a156b67a529ae861d3287c66c1d8ccfdf909bcba78d?s=96&d=mm&r=g\",\"url\":\"https:\/\/secure.gravatar.com\/avatar\/0546ffaa9b79224faf9f2a156b67a529ae861d3287c66c1d8ccfdf909bcba78d?s=96&d=mm&r=g\",\"contentUrl\":\"https:\/\/secure.gravatar.com\/avatar\/0546ffaa9b79224faf9f2a156b67a529ae861d3287c66c1d8ccfdf909bcba78d?s=96&d=mm&r=g\",\"caption\":\"Sebastiano Plutino\"},\"url\":\"https:\/\/progettotouring.it\/radiotouring104\/author\/sebastiano\/\"}]}<\/script>\n<!-- \/ Yoast SEO plugin. -->","yoast_head_json":{"title":"Kaulonia Tarantella Festival: ecco gli eventi conclusivi.","description":"Ecco gli eventi conclusivi della 26\u00aa edizione del KAULONIA TARANTELLA FESTIVAL che terminer\u00e0 domani con il concerto di Serena Bancale.","robots":{"index":"index","follow":"follow","max-snippet":"max-snippet:-1","max-image-preview":"max-image-preview:large","max-video-preview":"max-video-preview:-1"},"canonical":"https:\/\/progettotouring.it\/radiotouring104\/2024\/08\/23\/kaulonia-tarantella-festival-ecco-gli-eventi-conclusivi\/","og_locale":"it_IT","og_type":"article","og_title":"Kaulonia Tarantella Festival: ecco gli eventi conclusivi.","og_description":"Ecco gli eventi conclusivi della 26\u00aa edizione del KAULONIA TARANTELLA FESTIVAL che terminer\u00e0 domani con il concerto di Serena Bancale.","og_url":"https:\/\/progettotouring.it\/radiotouring104\/2024\/08\/23\/kaulonia-tarantella-festival-ecco-gli-eventi-conclusivi\/","og_site_name":"Radio Touring 104","article_published_time":"2024-08-23T08:54:28+00:00","og_image":[{"width":1423,"height":2048,"url":"https:\/\/progettotouring.it\/radiotouring104\/wp-content\/uploads\/sites\/6\/2024\/08\/Kaulonia-Tarantella-Festival.jpeg","type":"image\/jpeg"}],"author":"Sebastiano Plutino","twitter_card":"summary_large_image","twitter_misc":{"Scritto da":"Sebastiano Plutino","Tempo di lettura stimato":"2 minuti"},"schema":{"@context":"https:\/\/schema.org","@graph":[{"@type":"Article","@id":"https:\/\/progettotouring.it\/radiotouring104\/2024\/08\/23\/kaulonia-tarantella-festival-ecco-gli-eventi-conclusivi\/#article","isPartOf":{"@id":"https:\/\/progettotouring.it\/radiotouring104\/2024\/08\/23\/kaulonia-tarantella-festival-ecco-gli-eventi-conclusivi\/"},"author":{"name":"Sebastiano Plutino","@id":"https:\/\/progettotouring.it\/radiotouring104\/#\/schema\/person\/78613917f1851f041f7483f5af1d422e"},"headline":"Kaulonia Tarantella Festival: ecco gli eventi conclusivi.","datePublished":"2024-08-23T08:54:28+00:00","mainEntityOfPage":{"@id":"https:\/\/progettotouring.it\/radiotouring104\/2024\/08\/23\/kaulonia-tarantella-festival-ecco-gli-eventi-conclusivi\/"},"wordCount":489,"publisher":{"@id":"https:\/\/progettotouring.it\/radiotouring104\/#organization"},"image":{"@id":"https:\/\/progettotouring.it\/radiotouring104\/2024\/08\/23\/kaulonia-tarantella-festival-ecco-gli-eventi-conclusivi\/#primaryimage"},"thumbnailUrl":"https:\/\/progettotouring.it\/radiotouring104\/wp-content\/uploads\/sites\/6\/2024\/08\/Kaulonia-Tarantella-Festival.jpeg","keywords":["eventi conclusivi","Kaulonia Tarantella Festival.","Mimmo Cavallaro","Piazza Mese","Serena Brancale"],"articleSection":["Home","News","Reggio Calabria"],"inLanguage":"it-IT"},{"@type":"WebPage","@id":"https:\/\/progettotouring.it\/radiotouring104\/2024\/08\/23\/kaulonia-tarantella-festival-ecco-gli-eventi-conclusivi\/","url":"https:\/\/progettotouring.it\/radiotouring104\/2024\/08\/23\/kaulonia-tarantella-festival-ecco-gli-eventi-conclusivi\/","name":"Kaulonia Tarantella Festival: ecco gli eventi conclusivi.","isPartOf":{"@id":"https:\/\/progettotouring.it\/radiotouring104\/#website"},"primaryImageOfPage":{"@id":"https:\/\/progettotouring.it\/radiotouring104\/2024\/08\/23\/kaulonia-tarantella-festival-ecco-gli-eventi-conclusivi\/#primaryimage"},"image":{"@id":"https:\/\/progettotouring.it\/radiotouring104\/2024\/08\/23\/kaulonia-tarantella-festival-ecco-gli-eventi-conclusivi\/#primaryimage"},"thumbnailUrl":"https:\/\/progettotouring.it\/radiotouring104\/wp-content\/uploads\/sites\/6\/2024\/08\/Kaulonia-Tarantella-Festival.jpeg","datePublished":"2024-08-23T08:54:28+00:00","description":"Ecco gli eventi conclusivi della 26\u00aa edizione del KAULONIA TARANTELLA FESTIVAL che terminer\u00e0 domani con il concerto di Serena Bancale.","breadcrumb":{"@id":"https:\/\/progettotouring.it\/radiotouring104\/2024\/08\/23\/kaulonia-tarantella-festival-ecco-gli-eventi-conclusivi\/#breadcrumb"},"inLanguage":"it-IT","potentialAction":[{"@type":"ReadAction","target":["https:\/\/progettotouring.it\/radiotouring104\/2024\/08\/23\/kaulonia-tarantella-festival-ecco-gli-eventi-conclusivi\/"]}]},{"@type":"ImageObject","inLanguage":"it-IT","@id":"https:\/\/progettotouring.it\/radiotouring104\/2024\/08\/23\/kaulonia-tarantella-festival-ecco-gli-eventi-conclusivi\/#primaryimage","url":"https:\/\/progettotouring.it\/radiotouring104\/wp-content\/uploads\/sites\/6\/2024\/08\/Kaulonia-Tarantella-Festival.jpeg","contentUrl":"https:\/\/progettotouring.it\/radiotouring104\/wp-content\/uploads\/sites\/6\/2024\/08\/Kaulonia-Tarantella-Festival.jpeg","width":1423,"height":2048},{"@type":"BreadcrumbList","@id":"https:\/\/progettotouring.it\/radiotouring104\/2024\/08\/23\/kaulonia-tarantella-festival-ecco-gli-eventi-conclusivi\/#breadcrumb","itemListElement":[{"@type":"ListItem","position":1,"name":"Home","item":"https:\/\/progettotouring.it\/radiotouring104\/"},{"@type":"ListItem","position":2,"name":"Kaulonia Tarantella Festival: ecco gli eventi conclusivi."}]},{"@type":"WebSite","@id":"https:\/\/progettotouring.it\/radiotouring104\/#website","url":"https:\/\/progettotouring.it\/radiotouring104\/","name":"Radio Touring 104","description":"La prima radio Reggina","publisher":{"@id":"https:\/\/progettotouring.it\/radiotouring104\/#organization"},"potentialAction":[{"@type":"SearchAction","target":{"@type":"EntryPoint","urlTemplate":"https:\/\/progettotouring.it\/radiotouring104\/?s={search_term_string}"},"query-input":{"@type":"PropertyValueSpecification","valueRequired":true,"valueName":"search_term_string"}}],"inLanguage":"it-IT"},{"@type":"Organization","@id":"https:\/\/progettotouring.it\/radiotouring104\/#organization","name":"Radio Touring 104","url":"https:\/\/progettotouring.it\/radiotouring104\/","logo":{"@type":"ImageObject","inLanguage":"it-IT","@id":"https:\/\/progettotouring.it\/radiotouring104\/#\/schema\/logo\/image\/","url":"https:\/\/progettotouring.it\/radiotouring104\/wp-content\/uploads\/sites\/6\/2022\/02\/cropped-logo-radio-touring-104.png","contentUrl":"https:\/\/progettotouring.it\/radiotouring104\/wp-content\/uploads\/sites\/6\/2022\/02\/cropped-logo-radio-touring-104.png","width":377,"height":182,"caption":"Radio Touring 104"},"image":{"@id":"https:\/\/progettotouring.it\/radiotouring104\/#\/schema\/logo\/image\/"}},{"@type":"Person","@id":"https:\/\/progettotouring.it\/radiotouring104\/#\/schema\/person\/78613917f1851f041f7483f5af1d422e","name":"Sebastiano Plutino","image":{"@type":"ImageObject","inLanguage":"it-IT","@id":"https:\/\/secure.gravatar.com\/avatar\/0546ffaa9b79224faf9f2a156b67a529ae861d3287c66c1d8ccfdf909bcba78d?s=96&d=mm&r=g","url":"https:\/\/secure.gravatar.com\/avatar\/0546ffaa9b79224faf9f2a156b67a529ae861d3287c66c1d8ccfdf909bcba78d?s=96&d=mm&r=g","contentUrl":"https:\/\/secure.gravatar.com\/avatar\/0546ffaa9b79224faf9f2a156b67a529ae861d3287c66c1d8ccfdf909bcba78d?s=96&d=mm&r=g","caption":"Sebastiano Plutino"},"url":"https:\/\/progettotouring.it\/radiotouring104\/author\/sebastiano\/"}]}},"jetpack_publicize_connections":[],"jetpack_featured_media_url":"https:\/\/progettotouring.it\/radiotouring104\/wp-content\/uploads\/sites\/6\/2024\/08\/Kaulonia-Tarantella-Festival.jpeg","jetpack_sharing_enabled":true,"_links":{"self":[{"href":"https:\/\/progettotouring.it\/radiotouring104\/wp-json\/wp\/v2\/posts\/56831","targetHints":{"allow":["GET"]}}],"collection":[{"href":"https:\/\/progettotouring.it\/radiotouring104\/wp-json\/wp\/v2\/posts"}],"about":[{"href":"https:\/\/progettotouring.it\/radiotouring104\/wp-json\/wp\/v2\/types\/post"}],"author":[{"embeddable":true,"href":"https:\/\/progettotouring.it\/radiotouring104\/wp-json\/wp\/v2\/users\/12"}],"replies":[{"embeddable":true,"href":"https:\/\/progettotouring.it\/radiotouring104\/wp-json\/wp\/v2\/comments?post=56831"}],"version-history":[{"count":1,"href":"https:\/\/progettotouring.it\/radiotouring104\/wp-json\/wp\/v2\/posts\/56831\/revisions"}],"predecessor-version":[{"id":56834,"href":"https:\/\/progettotouring.it\/radiotouring104\/wp-json\/wp\/v2\/posts\/56831\/revisions\/56834"}],"wp:featuredmedia":[{"embeddable":true,"href":"https:\/\/progettotouring.it\/radiotouring104\/wp-json\/wp\/v2\/media\/56833"}],"wp:attachment":[{"href":"https:\/\/progettotouring.it\/radiotouring104\/wp-json\/wp\/v2\/media?parent=56831"}],"wp:term":[{"taxonomy":"category","embeddable":true,"href":"https:\/\/progettotouring.it\/radiotouring104\/wp-json\/wp\/v2\/categories?post=56831"},{"taxonomy":"post_tag","embeddable":true,"href":"https:\/\/progettotouring.it\/radiotouring104\/wp-json\/wp\/v2\/tags?post=56831"}],"curies":[{"name":"wp","href":"https:\/\/api.w.org\/{rel}","templated":true}]}}