{"id":56845,"date":"2024-08-23T11:53:06","date_gmt":"2024-08-23T09:53:06","guid":{"rendered":"https:\/\/progettotouring.it\/radiotouring104\/?p=56845"},"modified":"2024-08-23T11:53:06","modified_gmt":"2024-08-23T09:53:06","slug":"basta-vittime-sulla-106-pronta-a-costituirsi-parte-civile-nel-processo-per-la-morte-del-giovane-varano","status":"publish","type":"post","link":"https:\/\/progettotouring.it\/radiotouring104\/2024\/08\/23\/basta-vittime-sulla-106-pronta-a-costituirsi-parte-civile-nel-processo-per-la-morte-del-giovane-varano\/","title":{"rendered":"&#8220;Basta Vittime sulla 106&#8221; pronta a costituirsi parte civile nel processo per la morte del giovane Varano"},"content":{"rendered":"<p class=\"xmprfx_Normale1\" style=\"text-align: justify\"><span class=\"xmprfx_Nessuno\"><b><u>La morte di Raffale Varano, il giovane di 29 anni che ha perso la vita nell\u2019ultimo tragico scontro avvenuto sulla Statale 106 a\u00a0<\/u><\/b><\/span><span class=\"xmprfx_Nessuno\"><b><u>Sant&#8217;Andrea Aposto dello Jonio<\/u><\/b><\/span><span class=\"xmprfx_Nessuno\"><b><u>\u00a0ieri 21 agosto<\/u><\/b><\/span><span class=\"xmprfx_Nessuno\">, in un pomeriggio in cui, a qualche decina di chilometri pi\u00f9 a sud, a Melito di Porto Salvo in provincia di Reggio Calabria,\u00a0<\/span><span class=\"xmprfx_Nessuno\"><b><u>si stavano celebrando i funerali di\u00a0<\/u><\/b><\/span><span class=\"xmprfx_Nessuno\"><b><u>Domenico Orlando<\/u><\/b><\/span><span class=\"xmprfx_Nessuno\"><b><u>,<\/u><\/b><\/span><span class=\"xmprfx_Nessuno\"><b><u>\u00a0<\/u><\/b><\/span><span class=\"xmprfx_Nessuno\"><b><u>il\u00a0<\/u><\/b><\/span><span class=\"xmprfx_Nessuno\"><b><u>26<\/u><\/b><\/span><span class=\"xmprfx_Nessuno\"><b><u>enne<\/u><\/b><\/span><span class=\"xmprfx_Nessuno\"><b><u>\u00a0<\/u><\/b><\/span><span class=\"xmprfx_Nessuno\"><b><u>deceduto sulla Statale 106 a<\/u><\/b><\/span><span class=\"xmprfx_Nessuno\"><b><u>\u00a0Pellaro<\/u><\/b><\/span><span class=\"xmprfx_Nessuno\"><b><u>, frazione<\/u><\/b><\/span><span class=\"xmprfx_Nessuno\"><b><u>\u00a0di Reggio Calabria<\/u><\/b><\/span><span class=\"xmprfx_Nessuno\"><b><u>\u00a0il<\/u><\/b><\/span><span class=\"xmprfx_Nessuno\"><b><u>\u00a015 agosto\u00a0<\/u><\/b><\/span><span class=\"xmprfx_Nessuno\"><b><u>scorso<\/u><\/b><\/span><span class=\"xmprfx_Nessuno\">\u00a0non lascia indifferenti i componenti del Consiglio Direttivo dell\u2019 Organizzazione di Volontariato \u201cBasta Vittime Sulla Strada Statale 106\u201d.<\/span><\/p>\n<p class=\"xmprfx_Normale1\" style=\"text-align: justify\"><span class=\"xmprfx_Nessuno\">Raffaele Varano, infatti, ha perso la vita a seguito di un impatto avvenuto con un\u2019auto che, da una strada adiacente, si era immessa sulla Statale 106.\u00a0<\/span><span class=\"xmprfx_Nessuno\"><b><u>Ci\u00f2 che colpisce \u00e8 che la visuale sulla strada di chi si \u00e8 immesso sulla Statale 106 non era certamente buona in quanto in quel tratto \u00e8 presente una folta vegetazione<\/u><\/b><\/span><span class=\"xmprfx_Nessuno\">.<\/span><\/p>\n<p class=\"xmprfx_Normale1\" style=\"text-align: justify\"><span class=\"xmprfx_Nessuno\"><b><u>Teniamo a precisare che a seguito della morte di Raffaele l\u2019Organizzazione di Volontariato \u201cBasta Vittime Sulla Strada Statale 106\u201d \u00e8 stata letteralmente invasa da messaggi di cittadini che, attraverso l\u2019invio di foto e video, hanno segnalato il problema.<\/u><\/b><\/span><\/p>\n<p class=\"xmprfx_Normale1\" style=\"text-align: justify\"><span class=\"xmprfx_Nessuno\">Proprio per questa ragione \u2013 dopo aver sentito il legale della Famiglia di Raffaele Varano \u2013\u00a0<\/span><span class=\"xmprfx_Nessuno\"><b><u>il Consiglio Direttivo dell\u2019Organizzazione di Volontariato \u201cBasta Vittime Sulla Strada Statale 106\u201d comunica la ferma volont\u00e0 di costituirsi parte civile nel processo penale<\/u><\/b><\/span><span class=\"xmprfx_Nessuno\">\u00a0al fine di far evidenziare le responsabilit\u00e0 dell\u2019<\/span><span class=\"xmprfx_Nessuno\"><b><u>Ente proprietario e gestore della strada che avrebbe dovuto garantire un perfetto stato della visibilit\u00e0 sulla Statale 106 e non l\u2019ha fatto.<\/u><\/b><\/span><\/p>\n<p class=\"xmprfx_Normale1\" style=\"text-align: justify\"><span class=\"xmprfx_Nessuno\"><b><u>Ricordiamo, inoltre, che nel 2024 sono ad oggi 23 le vittime della famigerata e tristemente nota \u201cstrada della morte\u201d in Calabria<\/u><\/b><\/span><span class=\"xmprfx_Nessuno\">: 10 vittime in provincia di Catanzaro; 8 vittime in provincia di Reggio Calabria; 5 vittime in provincia di Cosenza. Inoltre, 8 sono donne e 15 maschi mentre il dato, in assoluto pi\u00f9 scoraggiane riguarda l\u2019et\u00e0 delle vittime: 9 vittime hanno meno di 30 anni; 6 vittime tra 31 e 45 anni; 4 vittime hanno meno di 55 anni; e 4 vittime hanno pi\u00f9 di 56 anni.<\/span><\/p>\n<p class=\"xmprfx_Normale1\" style=\"text-align: justify\"><span class=\"xmprfx_Nessuno\"><b><u>Ribadiamo, infine, la necessit\u00f2 di rimuovere i dirigenti dell\u2019Anas Spa in Calabria per manifesta e conclamata incapacit\u00e0<\/u><\/b><\/span><span class=\"xmprfx_Nessuno\">\u00a0e confidiamo che la politica calabrese possa, in tal senso, intervenire al pi\u00f9 presto, atteso che ormai da anni\u00a0<\/span><span class=\"xmprfx_Nessuno\"><b><u>denunciamo lo stato comatoso in cui versa la Statale 106 che, per inciso, necessit\u00e0 di un piano urgente ed immediato di investimenti in termini di manutenzione ordinaria e straordinaria e di interventi di messa in sicurezza urgente.<\/u><\/b><\/span><\/p>\n<p style=\"text-align: justify\">Il Consiglio Direttivo dell\u2019Organizzazione di Volontariato \u201cBasta Vittime Sulla Strada Statale 106\u201d\u00a0nel rivolgere il proprio\u00a0<b><u>sincero e profondo cordoglio alla Famiglia Varano<\/u><\/b>\u00a0coglie l\u2019occasione per sottolineare che noi\u00a0<b><u>non resteremo indifferenti ed in silenzio davanti alle tragedie di una strada sempre pi\u00f9 serial killer in Calabria ed in Italia<\/u><\/b>. La \u201cstrada della morte\u201d in Calabria, non ci stancheremo mai di ripeterlo, rappresenta\u00a0<b><u>la pi\u00f9 grande Strage di Stato della storia della Repubblica italiana<\/u><\/b>.<\/p>\n<p class=\"xmprfx_Normale1\"><span class=\"xmprfx_Nessuno\">\u00a0<\/span><\/p>\n","protected":false},"excerpt":{"rendered":"<p>La morte di Raffale Varano, il giovane di 29 anni che ha perso la vita nell\u2019ultimo tragico scontro avvenuto sulla Statale 106 a\u00a0Sant&#8217;Andrea Aposto dello Jonio\u00a0ieri 21 agosto, in un&hellip;<\/p>\n","protected":false},"author":12,"featured_media":56846,"comment_status":"closed","ping_status":"open","sticky":false,"template":"","format":"standard","meta":{"_jetpack_memberships_contains_paid_content":false,"footnotes":"","jetpack_publicize_message":"","jetpack_publicize_feature_enabled":true,"jetpack_social_post_already_shared":false,"jetpack_social_options":{"image_generator_settings":{"template":"highway","default_image_id":0,"font":"","enabled":false},"version":2}},"categories":[921,196,140],"tags":[8135,34969,6683,34968],"class_list":["post-56845","post","type-post","status-publish","format-standard","has-post-thumbnail","hentry","category-home","category-news","category-reggio-calabria","tag-basta-vittime-sulla-s-s-106","tag-costituzione-parte-civile-nel-processo-penale","tag-incidente-stradale","tag-morte-del-giovane-varano"],"yoast_head":"<!-- This site is optimized with the Yoast SEO plugin v27.2 - https:\/\/yoast.com\/product\/yoast-seo-wordpress\/ -->\n<title>&quot;Basta Vittime sulla 106&quot; pronta a costituirsi parte civile nel processo per la morte del giovane Varano - Radio Touring 104<\/title>\n<meta name=\"description\" content=\"L&#039;Associazione pronta a costituirsi parte civile nel processo penale sull&#039;incidente in cui ha perso la vita il 29enne Raffale Varano\" \/>\n<meta name=\"robots\" content=\"index, follow, max-snippet:-1, max-image-preview:large, max-video-preview:-1\" \/>\n<link rel=\"canonical\" href=\"https:\/\/progettotouring.it\/radiotouring104\/2024\/08\/23\/basta-vittime-sulla-106-pronta-a-costituirsi-parte-civile-nel-processo-per-la-morte-del-giovane-varano\/\" \/>\n<meta property=\"og:locale\" content=\"it_IT\" \/>\n<meta property=\"og:type\" content=\"article\" \/>\n<meta property=\"og:title\" content=\"&quot;Basta Vittime sulla 106&quot; pronta a costituirsi parte civile nel processo per la morte del giovane Varano - Radio Touring 104\" \/>\n<meta property=\"og:description\" content=\"L&#039;Associazione pronta a costituirsi parte civile nel processo penale sull&#039;incidente in cui ha perso la vita il 29enne Raffale Varano\" \/>\n<meta property=\"og:url\" content=\"https:\/\/progettotouring.it\/radiotouring104\/2024\/08\/23\/basta-vittime-sulla-106-pronta-a-costituirsi-parte-civile-nel-processo-per-la-morte-del-giovane-varano\/\" \/>\n<meta property=\"og:site_name\" content=\"Radio Touring 104\" \/>\n<meta property=\"article:published_time\" content=\"2024-08-23T09:53:06+00:00\" \/>\n<meta property=\"og:image\" content=\"https:\/\/progettotouring.it\/radiotouring104\/wp-content\/uploads\/sites\/6\/2024\/08\/Strada-statale-106.jpg\" \/>\n\t<meta property=\"og:image:width\" content=\"943\" \/>\n\t<meta property=\"og:image:height\" content=\"638\" \/>\n\t<meta property=\"og:image:type\" content=\"image\/jpeg\" \/>\n<meta name=\"author\" content=\"Sebastiano Plutino\" \/>\n<meta name=\"twitter:card\" content=\"summary_large_image\" \/>\n<meta name=\"twitter:label1\" content=\"Scritto da\" \/>\n\t<meta name=\"twitter:data1\" content=\"Sebastiano Plutino\" \/>\n\t<meta name=\"twitter:label2\" content=\"Tempo di lettura stimato\" \/>\n\t<meta name=\"twitter:data2\" content=\"2 minuti\" \/>\n<script type=\"application\/ld+json\" class=\"yoast-schema-graph\">{\"@context\":\"https:\/\/schema.org\",\"@graph\":[{\"@type\":\"Article\",\"@id\":\"https:\/\/progettotouring.it\/radiotouring104\/2024\/08\/23\/basta-vittime-sulla-106-pronta-a-costituirsi-parte-civile-nel-processo-per-la-morte-del-giovane-varano\/#article\",\"isPartOf\":{\"@id\":\"https:\/\/progettotouring.it\/radiotouring104\/2024\/08\/23\/basta-vittime-sulla-106-pronta-a-costituirsi-parte-civile-nel-processo-per-la-morte-del-giovane-varano\/\"},\"author\":{\"name\":\"Sebastiano Plutino\",\"@id\":\"https:\/\/progettotouring.it\/radiotouring104\/#\/schema\/person\/78613917f1851f041f7483f5af1d422e\"},\"headline\":\"&#8220;Basta Vittime sulla 106&#8221; pronta a costituirsi parte civile nel processo per la morte del giovane Varano\",\"datePublished\":\"2024-08-23T09:53:06+00:00\",\"mainEntityOfPage\":{\"@id\":\"https:\/\/progettotouring.it\/radiotouring104\/2024\/08\/23\/basta-vittime-sulla-106-pronta-a-costituirsi-parte-civile-nel-processo-per-la-morte-del-giovane-varano\/\"},\"wordCount\":484,\"publisher\":{\"@id\":\"https:\/\/progettotouring.it\/radiotouring104\/#organization\"},\"image\":{\"@id\":\"https:\/\/progettotouring.it\/radiotouring104\/2024\/08\/23\/basta-vittime-sulla-106-pronta-a-costituirsi-parte-civile-nel-processo-per-la-morte-del-giovane-varano\/#primaryimage\"},\"thumbnailUrl\":\"https:\/\/progettotouring.it\/radiotouring104\/wp-content\/uploads\/sites\/6\/2024\/08\/Strada-statale-106.jpg\",\"keywords\":[\"\\\"Basta vittime sulla S.S. 106\\\"\",\"costituzione parte civile nel processo penale\",\"incidente stradale\",\"morte del giovane Varano\"],\"articleSection\":[\"Home\",\"News\",\"Reggio Calabria\"],\"inLanguage\":\"it-IT\"},{\"@type\":\"WebPage\",\"@id\":\"https:\/\/progettotouring.it\/radiotouring104\/2024\/08\/23\/basta-vittime-sulla-106-pronta-a-costituirsi-parte-civile-nel-processo-per-la-morte-del-giovane-varano\/\",\"url\":\"https:\/\/progettotouring.it\/radiotouring104\/2024\/08\/23\/basta-vittime-sulla-106-pronta-a-costituirsi-parte-civile-nel-processo-per-la-morte-del-giovane-varano\/\",\"name\":\"\\\"Basta Vittime sulla 106\\\" pronta a costituirsi parte civile nel processo per la morte del giovane Varano - Radio Touring 104\",\"isPartOf\":{\"@id\":\"https:\/\/progettotouring.it\/radiotouring104\/#website\"},\"primaryImageOfPage\":{\"@id\":\"https:\/\/progettotouring.it\/radiotouring104\/2024\/08\/23\/basta-vittime-sulla-106-pronta-a-costituirsi-parte-civile-nel-processo-per-la-morte-del-giovane-varano\/#primaryimage\"},\"image\":{\"@id\":\"https:\/\/progettotouring.it\/radiotouring104\/2024\/08\/23\/basta-vittime-sulla-106-pronta-a-costituirsi-parte-civile-nel-processo-per-la-morte-del-giovane-varano\/#primaryimage\"},\"thumbnailUrl\":\"https:\/\/progettotouring.it\/radiotouring104\/wp-content\/uploads\/sites\/6\/2024\/08\/Strada-statale-106.jpg\",\"datePublished\":\"2024-08-23T09:53:06+00:00\",\"description\":\"L'Associazione pronta a costituirsi parte civile nel processo penale sull'incidente in cui ha perso la vita il 29enne Raffale Varano\",\"breadcrumb\":{\"@id\":\"https:\/\/progettotouring.it\/radiotouring104\/2024\/08\/23\/basta-vittime-sulla-106-pronta-a-costituirsi-parte-civile-nel-processo-per-la-morte-del-giovane-varano\/#breadcrumb\"},\"inLanguage\":\"it-IT\",\"potentialAction\":[{\"@type\":\"ReadAction\",\"target\":[\"https:\/\/progettotouring.it\/radiotouring104\/2024\/08\/23\/basta-vittime-sulla-106-pronta-a-costituirsi-parte-civile-nel-processo-per-la-morte-del-giovane-varano\/\"]}]},{\"@type\":\"ImageObject\",\"inLanguage\":\"it-IT\",\"@id\":\"https:\/\/progettotouring.it\/radiotouring104\/2024\/08\/23\/basta-vittime-sulla-106-pronta-a-costituirsi-parte-civile-nel-processo-per-la-morte-del-giovane-varano\/#primaryimage\",\"url\":\"https:\/\/progettotouring.it\/radiotouring104\/wp-content\/uploads\/sites\/6\/2024\/08\/Strada-statale-106.jpg\",\"contentUrl\":\"https:\/\/progettotouring.it\/radiotouring104\/wp-content\/uploads\/sites\/6\/2024\/08\/Strada-statale-106.jpg\",\"width\":943,\"height\":638},{\"@type\":\"BreadcrumbList\",\"@id\":\"https:\/\/progettotouring.it\/radiotouring104\/2024\/08\/23\/basta-vittime-sulla-106-pronta-a-costituirsi-parte-civile-nel-processo-per-la-morte-del-giovane-varano\/#breadcrumb\",\"itemListElement\":[{\"@type\":\"ListItem\",\"position\":1,\"name\":\"Home\",\"item\":\"https:\/\/progettotouring.it\/radiotouring104\/\"},{\"@type\":\"ListItem\",\"position\":2,\"name\":\"&#8220;Basta Vittime sulla 106&#8221; pronta a costituirsi parte civile nel processo per la morte del giovane Varano\"}]},{\"@type\":\"WebSite\",\"@id\":\"https:\/\/progettotouring.it\/radiotouring104\/#website\",\"url\":\"https:\/\/progettotouring.it\/radiotouring104\/\",\"name\":\"Radio Touring 104\",\"description\":\"La prima radio Reggina\",\"publisher\":{\"@id\":\"https:\/\/progettotouring.it\/radiotouring104\/#organization\"},\"potentialAction\":[{\"@type\":\"SearchAction\",\"target\":{\"@type\":\"EntryPoint\",\"urlTemplate\":\"https:\/\/progettotouring.it\/radiotouring104\/?s={search_term_string}\"},\"query-input\":{\"@type\":\"PropertyValueSpecification\",\"valueRequired\":true,\"valueName\":\"search_term_string\"}}],\"inLanguage\":\"it-IT\"},{\"@type\":\"Organization\",\"@id\":\"https:\/\/progettotouring.it\/radiotouring104\/#organization\",\"name\":\"Radio Touring 104\",\"url\":\"https:\/\/progettotouring.it\/radiotouring104\/\",\"logo\":{\"@type\":\"ImageObject\",\"inLanguage\":\"it-IT\",\"@id\":\"https:\/\/progettotouring.it\/radiotouring104\/#\/schema\/logo\/image\/\",\"url\":\"https:\/\/progettotouring.it\/radiotouring104\/wp-content\/uploads\/sites\/6\/2022\/02\/cropped-logo-radio-touring-104.png\",\"contentUrl\":\"https:\/\/progettotouring.it\/radiotouring104\/wp-content\/uploads\/sites\/6\/2022\/02\/cropped-logo-radio-touring-104.png\",\"width\":377,\"height\":182,\"caption\":\"Radio Touring 104\"},\"image\":{\"@id\":\"https:\/\/progettotouring.it\/radiotouring104\/#\/schema\/logo\/image\/\"}},{\"@type\":\"Person\",\"@id\":\"https:\/\/progettotouring.it\/radiotouring104\/#\/schema\/person\/78613917f1851f041f7483f5af1d422e\",\"name\":\"Sebastiano Plutino\",\"image\":{\"@type\":\"ImageObject\",\"inLanguage\":\"it-IT\",\"@id\":\"https:\/\/secure.gravatar.com\/avatar\/0546ffaa9b79224faf9f2a156b67a529ae861d3287c66c1d8ccfdf909bcba78d?s=96&d=mm&r=g\",\"url\":\"https:\/\/secure.gravatar.com\/avatar\/0546ffaa9b79224faf9f2a156b67a529ae861d3287c66c1d8ccfdf909bcba78d?s=96&d=mm&r=g\",\"contentUrl\":\"https:\/\/secure.gravatar.com\/avatar\/0546ffaa9b79224faf9f2a156b67a529ae861d3287c66c1d8ccfdf909bcba78d?s=96&d=mm&r=g\",\"caption\":\"Sebastiano Plutino\"},\"url\":\"https:\/\/progettotouring.it\/radiotouring104\/author\/sebastiano\/\"}]}<\/script>\n<!-- \/ Yoast SEO plugin. -->","yoast_head_json":{"title":"\"Basta Vittime sulla 106\" pronta a costituirsi parte civile nel processo per la morte del giovane Varano - Radio Touring 104","description":"L'Associazione pronta a costituirsi parte civile nel processo penale sull'incidente in cui ha perso la vita il 29enne Raffale Varano","robots":{"index":"index","follow":"follow","max-snippet":"max-snippet:-1","max-image-preview":"max-image-preview:large","max-video-preview":"max-video-preview:-1"},"canonical":"https:\/\/progettotouring.it\/radiotouring104\/2024\/08\/23\/basta-vittime-sulla-106-pronta-a-costituirsi-parte-civile-nel-processo-per-la-morte-del-giovane-varano\/","og_locale":"it_IT","og_type":"article","og_title":"\"Basta Vittime sulla 106\" pronta a costituirsi parte civile nel processo per la morte del giovane Varano - Radio Touring 104","og_description":"L'Associazione pronta a costituirsi parte civile nel processo penale sull'incidente in cui ha perso la vita il 29enne Raffale Varano","og_url":"https:\/\/progettotouring.it\/radiotouring104\/2024\/08\/23\/basta-vittime-sulla-106-pronta-a-costituirsi-parte-civile-nel-processo-per-la-morte-del-giovane-varano\/","og_site_name":"Radio Touring 104","article_published_time":"2024-08-23T09:53:06+00:00","og_image":[{"width":943,"height":638,"url":"https:\/\/progettotouring.it\/radiotouring104\/wp-content\/uploads\/sites\/6\/2024\/08\/Strada-statale-106.jpg","type":"image\/jpeg"}],"author":"Sebastiano Plutino","twitter_card":"summary_large_image","twitter_misc":{"Scritto da":"Sebastiano Plutino","Tempo di lettura stimato":"2 minuti"},"schema":{"@context":"https:\/\/schema.org","@graph":[{"@type":"Article","@id":"https:\/\/progettotouring.it\/radiotouring104\/2024\/08\/23\/basta-vittime-sulla-106-pronta-a-costituirsi-parte-civile-nel-processo-per-la-morte-del-giovane-varano\/#article","isPartOf":{"@id":"https:\/\/progettotouring.it\/radiotouring104\/2024\/08\/23\/basta-vittime-sulla-106-pronta-a-costituirsi-parte-civile-nel-processo-per-la-morte-del-giovane-varano\/"},"author":{"name":"Sebastiano Plutino","@id":"https:\/\/progettotouring.it\/radiotouring104\/#\/schema\/person\/78613917f1851f041f7483f5af1d422e"},"headline":"&#8220;Basta Vittime sulla 106&#8221; pronta a costituirsi parte civile nel processo per la morte del giovane Varano","datePublished":"2024-08-23T09:53:06+00:00","mainEntityOfPage":{"@id":"https:\/\/progettotouring.it\/radiotouring104\/2024\/08\/23\/basta-vittime-sulla-106-pronta-a-costituirsi-parte-civile-nel-processo-per-la-morte-del-giovane-varano\/"},"wordCount":484,"publisher":{"@id":"https:\/\/progettotouring.it\/radiotouring104\/#organization"},"image":{"@id":"https:\/\/progettotouring.it\/radiotouring104\/2024\/08\/23\/basta-vittime-sulla-106-pronta-a-costituirsi-parte-civile-nel-processo-per-la-morte-del-giovane-varano\/#primaryimage"},"thumbnailUrl":"https:\/\/progettotouring.it\/radiotouring104\/wp-content\/uploads\/sites\/6\/2024\/08\/Strada-statale-106.jpg","keywords":["\"Basta vittime sulla S.S. 106\"","costituzione parte civile nel processo penale","incidente stradale","morte del giovane Varano"],"articleSection":["Home","News","Reggio Calabria"],"inLanguage":"it-IT"},{"@type":"WebPage","@id":"https:\/\/progettotouring.it\/radiotouring104\/2024\/08\/23\/basta-vittime-sulla-106-pronta-a-costituirsi-parte-civile-nel-processo-per-la-morte-del-giovane-varano\/","url":"https:\/\/progettotouring.it\/radiotouring104\/2024\/08\/23\/basta-vittime-sulla-106-pronta-a-costituirsi-parte-civile-nel-processo-per-la-morte-del-giovane-varano\/","name":"\"Basta Vittime sulla 106\" pronta a costituirsi parte civile nel processo per la morte del giovane Varano - Radio Touring 104","isPartOf":{"@id":"https:\/\/progettotouring.it\/radiotouring104\/#website"},"primaryImageOfPage":{"@id":"https:\/\/progettotouring.it\/radiotouring104\/2024\/08\/23\/basta-vittime-sulla-106-pronta-a-costituirsi-parte-civile-nel-processo-per-la-morte-del-giovane-varano\/#primaryimage"},"image":{"@id":"https:\/\/progettotouring.it\/radiotouring104\/2024\/08\/23\/basta-vittime-sulla-106-pronta-a-costituirsi-parte-civile-nel-processo-per-la-morte-del-giovane-varano\/#primaryimage"},"thumbnailUrl":"https:\/\/progettotouring.it\/radiotouring104\/wp-content\/uploads\/sites\/6\/2024\/08\/Strada-statale-106.jpg","datePublished":"2024-08-23T09:53:06+00:00","description":"L'Associazione pronta a costituirsi parte civile nel processo penale sull'incidente in cui ha perso la vita il 29enne Raffale Varano","breadcrumb":{"@id":"https:\/\/progettotouring.it\/radiotouring104\/2024\/08\/23\/basta-vittime-sulla-106-pronta-a-costituirsi-parte-civile-nel-processo-per-la-morte-del-giovane-varano\/#breadcrumb"},"inLanguage":"it-IT","potentialAction":[{"@type":"ReadAction","target":["https:\/\/progettotouring.it\/radiotouring104\/2024\/08\/23\/basta-vittime-sulla-106-pronta-a-costituirsi-parte-civile-nel-processo-per-la-morte-del-giovane-varano\/"]}]},{"@type":"ImageObject","inLanguage":"it-IT","@id":"https:\/\/progettotouring.it\/radiotouring104\/2024\/08\/23\/basta-vittime-sulla-106-pronta-a-costituirsi-parte-civile-nel-processo-per-la-morte-del-giovane-varano\/#primaryimage","url":"https:\/\/progettotouring.it\/radiotouring104\/wp-content\/uploads\/sites\/6\/2024\/08\/Strada-statale-106.jpg","contentUrl":"https:\/\/progettotouring.it\/radiotouring104\/wp-content\/uploads\/sites\/6\/2024\/08\/Strada-statale-106.jpg","width":943,"height":638},{"@type":"BreadcrumbList","@id":"https:\/\/progettotouring.it\/radiotouring104\/2024\/08\/23\/basta-vittime-sulla-106-pronta-a-costituirsi-parte-civile-nel-processo-per-la-morte-del-giovane-varano\/#breadcrumb","itemListElement":[{"@type":"ListItem","position":1,"name":"Home","item":"https:\/\/progettotouring.it\/radiotouring104\/"},{"@type":"ListItem","position":2,"name":"&#8220;Basta Vittime sulla 106&#8221; pronta a costituirsi parte civile nel processo per la morte del giovane Varano"}]},{"@type":"WebSite","@id":"https:\/\/progettotouring.it\/radiotouring104\/#website","url":"https:\/\/progettotouring.it\/radiotouring104\/","name":"Radio Touring 104","description":"La prima radio Reggina","publisher":{"@id":"https:\/\/progettotouring.it\/radiotouring104\/#organization"},"potentialAction":[{"@type":"SearchAction","target":{"@type":"EntryPoint","urlTemplate":"https:\/\/progettotouring.it\/radiotouring104\/?s={search_term_string}"},"query-input":{"@type":"PropertyValueSpecification","valueRequired":true,"valueName":"search_term_string"}}],"inLanguage":"it-IT"},{"@type":"Organization","@id":"https:\/\/progettotouring.it\/radiotouring104\/#organization","name":"Radio Touring 104","url":"https:\/\/progettotouring.it\/radiotouring104\/","logo":{"@type":"ImageObject","inLanguage":"it-IT","@id":"https:\/\/progettotouring.it\/radiotouring104\/#\/schema\/logo\/image\/","url":"https:\/\/progettotouring.it\/radiotouring104\/wp-content\/uploads\/sites\/6\/2022\/02\/cropped-logo-radio-touring-104.png","contentUrl":"https:\/\/progettotouring.it\/radiotouring104\/wp-content\/uploads\/sites\/6\/2022\/02\/cropped-logo-radio-touring-104.png","width":377,"height":182,"caption":"Radio Touring 104"},"image":{"@id":"https:\/\/progettotouring.it\/radiotouring104\/#\/schema\/logo\/image\/"}},{"@type":"Person","@id":"https:\/\/progettotouring.it\/radiotouring104\/#\/schema\/person\/78613917f1851f041f7483f5af1d422e","name":"Sebastiano Plutino","image":{"@type":"ImageObject","inLanguage":"it-IT","@id":"https:\/\/secure.gravatar.com\/avatar\/0546ffaa9b79224faf9f2a156b67a529ae861d3287c66c1d8ccfdf909bcba78d?s=96&d=mm&r=g","url":"https:\/\/secure.gravatar.com\/avatar\/0546ffaa9b79224faf9f2a156b67a529ae861d3287c66c1d8ccfdf909bcba78d?s=96&d=mm&r=g","contentUrl":"https:\/\/secure.gravatar.com\/avatar\/0546ffaa9b79224faf9f2a156b67a529ae861d3287c66c1d8ccfdf909bcba78d?s=96&d=mm&r=g","caption":"Sebastiano Plutino"},"url":"https:\/\/progettotouring.it\/radiotouring104\/author\/sebastiano\/"}]}},"jetpack_publicize_connections":[],"jetpack_featured_media_url":"https:\/\/progettotouring.it\/radiotouring104\/wp-content\/uploads\/sites\/6\/2024\/08\/Strada-statale-106.jpg","jetpack_sharing_enabled":true,"_links":{"self":[{"href":"https:\/\/progettotouring.it\/radiotouring104\/wp-json\/wp\/v2\/posts\/56845","targetHints":{"allow":["GET"]}}],"collection":[{"href":"https:\/\/progettotouring.it\/radiotouring104\/wp-json\/wp\/v2\/posts"}],"about":[{"href":"https:\/\/progettotouring.it\/radiotouring104\/wp-json\/wp\/v2\/types\/post"}],"author":[{"embeddable":true,"href":"https:\/\/progettotouring.it\/radiotouring104\/wp-json\/wp\/v2\/users\/12"}],"replies":[{"embeddable":true,"href":"https:\/\/progettotouring.it\/radiotouring104\/wp-json\/wp\/v2\/comments?post=56845"}],"version-history":[{"count":2,"href":"https:\/\/progettotouring.it\/radiotouring104\/wp-json\/wp\/v2\/posts\/56845\/revisions"}],"predecessor-version":[{"id":56848,"href":"https:\/\/progettotouring.it\/radiotouring104\/wp-json\/wp\/v2\/posts\/56845\/revisions\/56848"}],"wp:featuredmedia":[{"embeddable":true,"href":"https:\/\/progettotouring.it\/radiotouring104\/wp-json\/wp\/v2\/media\/56846"}],"wp:attachment":[{"href":"https:\/\/progettotouring.it\/radiotouring104\/wp-json\/wp\/v2\/media?parent=56845"}],"wp:term":[{"taxonomy":"category","embeddable":true,"href":"https:\/\/progettotouring.it\/radiotouring104\/wp-json\/wp\/v2\/categories?post=56845"},{"taxonomy":"post_tag","embeddable":true,"href":"https:\/\/progettotouring.it\/radiotouring104\/wp-json\/wp\/v2\/tags?post=56845"}],"curies":[{"name":"wp","href":"https:\/\/api.w.org\/{rel}","templated":true}]}}