{"id":56856,"date":"2024-08-23T12:21:18","date_gmt":"2024-08-23T10:21:18","guid":{"rendered":"https:\/\/progettotouring.it\/radiotouring104\/?p=56856"},"modified":"2024-08-23T12:21:18","modified_gmt":"2024-08-23T10:21:18","slug":"comune-rc-gruppo-red-deposita-mozione-a-sostegno-dello-ius-scholae","status":"publish","type":"post","link":"https:\/\/progettotouring.it\/radiotouring104\/2024\/08\/23\/comune-rc-gruppo-red-deposita-mozione-a-sostegno-dello-ius-scholae\/","title":{"rendered":"Comune Rc: Gruppo RED deposita mozione a sostegno dello Ius Scholae"},"content":{"rendered":"<p style=\"text-align: justify\">Il gruppo consiliare R.E.D ha depositato questa mattina all\u2019attenzione del Sindaco e del Consiglio Comunale<strong> la mozione a sostegno dell\u2019introduzione dello ius scholae<\/strong> \u2013 queste l\u2019annuncio dei Consiglieri Comunali del Gruppo Consiliare R.E.D <strong>Filippo Burrone,<\/strong> Capogruppo, <strong>Carmelo Versace<\/strong> Vice Sindaco della Citt\u00e0 Metropolitana ed <strong>Antonino Castorina.<\/strong><\/p>\n<p style=\"text-align: justify\">Il nostro ruolo spiegano i Consiglieri del Gruppo R.E.D. sar\u00e0 quello di <strong>stimolare un dibattito pubblico <\/strong>e nazionale che veda l\u2019amministrazione comunale di Giuseppe Falcomat\u00e0 alla guida di un percorso su un tema cruciale <strong>che riguarda la vita di migliaia di bambini<\/strong> e attorno al quale la societ\u00e0 appare ancora una volta pi\u00f9 avanti di chi governa.<\/p>\n<p style=\"text-align: justify\"><strong>Sono tantissimi gli studenti con cittadinanza straniera solo nella nostra citt\u00e0 spiegano i consiglieri comunali<\/strong> \u201c<em> una realt\u00e0 ampia, che richiama alla necessit\u00e0 di riconoscere diritti e uguaglianza a chi ha gi\u00e0 un legame forte e duraturo con il territorio\u201d.<\/em><\/p>\n<p style=\"text-align: justify\">Il nostro obiettivo concludono i consiglieri R.E.D. \u00a0\u00e8 quello di portare la voce di Reggio Calabria forte e coesa su un tema cos\u00ec importante cos\u00ec come stanno gi\u00e0 facendo anche altre amministrazioni comunali in tutta Italia.<\/p>\n<p style=\"text-align: justify\">Per questi motivi, proseguono i consiglieri comunali R.E.D., \u00a0nei prossimi giorni proveremo a condividere il testo con le forze politiche che rappresentano la maggioranza consiliare e nell\u2019auspicio che le nostre idee possano essere portate in sede di Anci e nelle varie amministrazioni che compongono l\u2019area Metropolitana di Reggio Calabra.<\/p>\n<p>&nbsp;<\/p>\n","protected":false},"excerpt":{"rendered":"<p>Il gruppo consiliare R.E.D ha depositato questa mattina all\u2019attenzione del Sindaco e del Consiglio Comunale la mozione a sostegno dell\u2019introduzione dello ius scholae \u2013 queste l\u2019annuncio dei Consiglieri Comunali del&hellip;<\/p>\n","protected":false},"author":12,"featured_media":12408,"comment_status":"closed","ping_status":"open","sticky":false,"template":"","format":"standard","meta":{"_jetpack_memberships_contains_paid_content":false,"footnotes":"","jetpack_publicize_message":"","jetpack_publicize_feature_enabled":true,"jetpack_social_post_already_shared":false,"jetpack_social_options":{"image_generator_settings":{"template":"highway","default_image_id":0,"font":"","enabled":false},"version":2}},"categories":[921,196,140],"tags":[3230,30309,34972,30465,34973,34971],"class_list":["post-56856","post","type-post","status-publish","format-standard","has-post-thumbnail","hentry","category-home","category-news","category-reggio-calabria","tag-antonino-castorina","tag-consiglio-comunale-di-reggio-calabria","tag-depositata-mozione","tag-falcomata-giuseppe","tag-gruppo-red","tag-ius-scholae"],"yoast_head":"<!-- This site is optimized with the Yoast SEO plugin v27.2 - https:\/\/yoast.com\/product\/yoast-seo-wordpress\/ -->\n<title>Comune Rc: Gruppo RED deposita mozione per lo Ius Scholae<\/title>\n<meta name=\"description\" content=\"Il gruppo consiliare R.E.D ha depositato questa mattina la mozione a sostegno dell\u2019introduzione dello ius scholae\" \/>\n<meta name=\"robots\" content=\"index, follow, max-snippet:-1, max-image-preview:large, max-video-preview:-1\" \/>\n<link rel=\"canonical\" href=\"https:\/\/progettotouring.it\/radiotouring104\/2024\/08\/23\/comune-rc-gruppo-red-deposita-mozione-a-sostegno-dello-ius-scholae\/\" \/>\n<meta property=\"og:locale\" content=\"it_IT\" \/>\n<meta property=\"og:type\" content=\"article\" \/>\n<meta property=\"og:title\" content=\"Comune Rc: Gruppo RED deposita mozione per lo Ius Scholae\" \/>\n<meta property=\"og:description\" content=\"Il gruppo consiliare R.E.D ha depositato questa mattina la mozione a sostegno dell\u2019introduzione dello ius scholae\" \/>\n<meta property=\"og:url\" content=\"https:\/\/progettotouring.it\/radiotouring104\/2024\/08\/23\/comune-rc-gruppo-red-deposita-mozione-a-sostegno-dello-ius-scholae\/\" \/>\n<meta property=\"og:site_name\" content=\"Radio Touring 104\" \/>\n<meta property=\"article:published_time\" content=\"2024-08-23T10:21:18+00:00\" \/>\n<meta property=\"og:image\" content=\"https:\/\/progettotouring.it\/radiotouring104\/wp-content\/uploads\/sites\/6\/2022\/11\/Antonio-Castorina.jpg\" \/>\n\t<meta property=\"og:image:width\" content=\"634\" \/>\n\t<meta property=\"og:image:height\" content=\"427\" \/>\n\t<meta property=\"og:image:type\" content=\"image\/jpeg\" \/>\n<meta name=\"author\" content=\"Sebastiano Plutino\" \/>\n<meta name=\"twitter:card\" content=\"summary_large_image\" \/>\n<meta name=\"twitter:label1\" content=\"Scritto da\" \/>\n\t<meta name=\"twitter:data1\" content=\"Sebastiano Plutino\" \/>\n\t<meta name=\"twitter:label2\" content=\"Tempo di lettura stimato\" \/>\n\t<meta name=\"twitter:data2\" content=\"1 minuto\" \/>\n<script type=\"application\/ld+json\" class=\"yoast-schema-graph\">{\"@context\":\"https:\/\/schema.org\",\"@graph\":[{\"@type\":\"Article\",\"@id\":\"https:\/\/progettotouring.it\/radiotouring104\/2024\/08\/23\/comune-rc-gruppo-red-deposita-mozione-a-sostegno-dello-ius-scholae\/#article\",\"isPartOf\":{\"@id\":\"https:\/\/progettotouring.it\/radiotouring104\/2024\/08\/23\/comune-rc-gruppo-red-deposita-mozione-a-sostegno-dello-ius-scholae\/\"},\"author\":{\"name\":\"Sebastiano Plutino\",\"@id\":\"https:\/\/progettotouring.it\/radiotouring104\/#\/schema\/person\/78613917f1851f041f7483f5af1d422e\"},\"headline\":\"Comune Rc: Gruppo RED deposita mozione a sostegno dello Ius Scholae\",\"datePublished\":\"2024-08-23T10:21:18+00:00\",\"mainEntityOfPage\":{\"@id\":\"https:\/\/progettotouring.it\/radiotouring104\/2024\/08\/23\/comune-rc-gruppo-red-deposita-mozione-a-sostegno-dello-ius-scholae\/\"},\"wordCount\":253,\"publisher\":{\"@id\":\"https:\/\/progettotouring.it\/radiotouring104\/#organization\"},\"image\":{\"@id\":\"https:\/\/progettotouring.it\/radiotouring104\/2024\/08\/23\/comune-rc-gruppo-red-deposita-mozione-a-sostegno-dello-ius-scholae\/#primaryimage\"},\"thumbnailUrl\":\"https:\/\/progettotouring.it\/radiotouring104\/wp-content\/uploads\/sites\/6\/2022\/11\/Antonio-Castorina.jpg\",\"keywords\":[\"Antonino Castorina\",\"Consiglio Comunale di Reggio Calabria\",\"depositata mozione\",\"Falcomat\u00e0 Giuseppe\",\"gruppo RED\",\"Ius Scholae\"],\"articleSection\":[\"Home\",\"News\",\"Reggio Calabria\"],\"inLanguage\":\"it-IT\"},{\"@type\":\"WebPage\",\"@id\":\"https:\/\/progettotouring.it\/radiotouring104\/2024\/08\/23\/comune-rc-gruppo-red-deposita-mozione-a-sostegno-dello-ius-scholae\/\",\"url\":\"https:\/\/progettotouring.it\/radiotouring104\/2024\/08\/23\/comune-rc-gruppo-red-deposita-mozione-a-sostegno-dello-ius-scholae\/\",\"name\":\"Comune Rc: Gruppo RED deposita mozione per lo Ius Scholae\",\"isPartOf\":{\"@id\":\"https:\/\/progettotouring.it\/radiotouring104\/#website\"},\"primaryImageOfPage\":{\"@id\":\"https:\/\/progettotouring.it\/radiotouring104\/2024\/08\/23\/comune-rc-gruppo-red-deposita-mozione-a-sostegno-dello-ius-scholae\/#primaryimage\"},\"image\":{\"@id\":\"https:\/\/progettotouring.it\/radiotouring104\/2024\/08\/23\/comune-rc-gruppo-red-deposita-mozione-a-sostegno-dello-ius-scholae\/#primaryimage\"},\"thumbnailUrl\":\"https:\/\/progettotouring.it\/radiotouring104\/wp-content\/uploads\/sites\/6\/2022\/11\/Antonio-Castorina.jpg\",\"datePublished\":\"2024-08-23T10:21:18+00:00\",\"description\":\"Il gruppo consiliare R.E.D ha depositato questa mattina la mozione a sostegno dell\u2019introduzione dello ius scholae\",\"breadcrumb\":{\"@id\":\"https:\/\/progettotouring.it\/radiotouring104\/2024\/08\/23\/comune-rc-gruppo-red-deposita-mozione-a-sostegno-dello-ius-scholae\/#breadcrumb\"},\"inLanguage\":\"it-IT\",\"potentialAction\":[{\"@type\":\"ReadAction\",\"target\":[\"https:\/\/progettotouring.it\/radiotouring104\/2024\/08\/23\/comune-rc-gruppo-red-deposita-mozione-a-sostegno-dello-ius-scholae\/\"]}]},{\"@type\":\"ImageObject\",\"inLanguage\":\"it-IT\",\"@id\":\"https:\/\/progettotouring.it\/radiotouring104\/2024\/08\/23\/comune-rc-gruppo-red-deposita-mozione-a-sostegno-dello-ius-scholae\/#primaryimage\",\"url\":\"https:\/\/progettotouring.it\/radiotouring104\/wp-content\/uploads\/sites\/6\/2022\/11\/Antonio-Castorina.jpg\",\"contentUrl\":\"https:\/\/progettotouring.it\/radiotouring104\/wp-content\/uploads\/sites\/6\/2022\/11\/Antonio-Castorina.jpg\",\"width\":634,\"height\":427},{\"@type\":\"BreadcrumbList\",\"@id\":\"https:\/\/progettotouring.it\/radiotouring104\/2024\/08\/23\/comune-rc-gruppo-red-deposita-mozione-a-sostegno-dello-ius-scholae\/#breadcrumb\",\"itemListElement\":[{\"@type\":\"ListItem\",\"position\":1,\"name\":\"Home\",\"item\":\"https:\/\/progettotouring.it\/radiotouring104\/\"},{\"@type\":\"ListItem\",\"position\":2,\"name\":\"Comune Rc: Gruppo RED deposita mozione a sostegno dello Ius Scholae\"}]},{\"@type\":\"WebSite\",\"@id\":\"https:\/\/progettotouring.it\/radiotouring104\/#website\",\"url\":\"https:\/\/progettotouring.it\/radiotouring104\/\",\"name\":\"Radio Touring 104\",\"description\":\"La prima radio Reggina\",\"publisher\":{\"@id\":\"https:\/\/progettotouring.it\/radiotouring104\/#organization\"},\"potentialAction\":[{\"@type\":\"SearchAction\",\"target\":{\"@type\":\"EntryPoint\",\"urlTemplate\":\"https:\/\/progettotouring.it\/radiotouring104\/?s={search_term_string}\"},\"query-input\":{\"@type\":\"PropertyValueSpecification\",\"valueRequired\":true,\"valueName\":\"search_term_string\"}}],\"inLanguage\":\"it-IT\"},{\"@type\":\"Organization\",\"@id\":\"https:\/\/progettotouring.it\/radiotouring104\/#organization\",\"name\":\"Radio Touring 104\",\"url\":\"https:\/\/progettotouring.it\/radiotouring104\/\",\"logo\":{\"@type\":\"ImageObject\",\"inLanguage\":\"it-IT\",\"@id\":\"https:\/\/progettotouring.it\/radiotouring104\/#\/schema\/logo\/image\/\",\"url\":\"https:\/\/progettotouring.it\/radiotouring104\/wp-content\/uploads\/sites\/6\/2022\/02\/cropped-logo-radio-touring-104.png\",\"contentUrl\":\"https:\/\/progettotouring.it\/radiotouring104\/wp-content\/uploads\/sites\/6\/2022\/02\/cropped-logo-radio-touring-104.png\",\"width\":377,\"height\":182,\"caption\":\"Radio Touring 104\"},\"image\":{\"@id\":\"https:\/\/progettotouring.it\/radiotouring104\/#\/schema\/logo\/image\/\"}},{\"@type\":\"Person\",\"@id\":\"https:\/\/progettotouring.it\/radiotouring104\/#\/schema\/person\/78613917f1851f041f7483f5af1d422e\",\"name\":\"Sebastiano Plutino\",\"image\":{\"@type\":\"ImageObject\",\"inLanguage\":\"it-IT\",\"@id\":\"https:\/\/secure.gravatar.com\/avatar\/0546ffaa9b79224faf9f2a156b67a529ae861d3287c66c1d8ccfdf909bcba78d?s=96&d=mm&r=g\",\"url\":\"https:\/\/secure.gravatar.com\/avatar\/0546ffaa9b79224faf9f2a156b67a529ae861d3287c66c1d8ccfdf909bcba78d?s=96&d=mm&r=g\",\"contentUrl\":\"https:\/\/secure.gravatar.com\/avatar\/0546ffaa9b79224faf9f2a156b67a529ae861d3287c66c1d8ccfdf909bcba78d?s=96&d=mm&r=g\",\"caption\":\"Sebastiano Plutino\"},\"url\":\"https:\/\/progettotouring.it\/radiotouring104\/author\/sebastiano\/\"}]}<\/script>\n<!-- \/ Yoast SEO plugin. -->","yoast_head_json":{"title":"Comune Rc: Gruppo RED deposita mozione per lo Ius Scholae","description":"Il gruppo consiliare R.E.D ha depositato questa mattina la mozione a sostegno dell\u2019introduzione dello ius scholae","robots":{"index":"index","follow":"follow","max-snippet":"max-snippet:-1","max-image-preview":"max-image-preview:large","max-video-preview":"max-video-preview:-1"},"canonical":"https:\/\/progettotouring.it\/radiotouring104\/2024\/08\/23\/comune-rc-gruppo-red-deposita-mozione-a-sostegno-dello-ius-scholae\/","og_locale":"it_IT","og_type":"article","og_title":"Comune Rc: Gruppo RED deposita mozione per lo Ius Scholae","og_description":"Il gruppo consiliare R.E.D ha depositato questa mattina la mozione a sostegno dell\u2019introduzione dello ius scholae","og_url":"https:\/\/progettotouring.it\/radiotouring104\/2024\/08\/23\/comune-rc-gruppo-red-deposita-mozione-a-sostegno-dello-ius-scholae\/","og_site_name":"Radio Touring 104","article_published_time":"2024-08-23T10:21:18+00:00","og_image":[{"width":634,"height":427,"url":"https:\/\/progettotouring.it\/radiotouring104\/wp-content\/uploads\/sites\/6\/2022\/11\/Antonio-Castorina.jpg","type":"image\/jpeg"}],"author":"Sebastiano Plutino","twitter_card":"summary_large_image","twitter_misc":{"Scritto da":"Sebastiano Plutino","Tempo di lettura stimato":"1 minuto"},"schema":{"@context":"https:\/\/schema.org","@graph":[{"@type":"Article","@id":"https:\/\/progettotouring.it\/radiotouring104\/2024\/08\/23\/comune-rc-gruppo-red-deposita-mozione-a-sostegno-dello-ius-scholae\/#article","isPartOf":{"@id":"https:\/\/progettotouring.it\/radiotouring104\/2024\/08\/23\/comune-rc-gruppo-red-deposita-mozione-a-sostegno-dello-ius-scholae\/"},"author":{"name":"Sebastiano Plutino","@id":"https:\/\/progettotouring.it\/radiotouring104\/#\/schema\/person\/78613917f1851f041f7483f5af1d422e"},"headline":"Comune Rc: Gruppo RED deposita mozione a sostegno dello Ius Scholae","datePublished":"2024-08-23T10:21:18+00:00","mainEntityOfPage":{"@id":"https:\/\/progettotouring.it\/radiotouring104\/2024\/08\/23\/comune-rc-gruppo-red-deposita-mozione-a-sostegno-dello-ius-scholae\/"},"wordCount":253,"publisher":{"@id":"https:\/\/progettotouring.it\/radiotouring104\/#organization"},"image":{"@id":"https:\/\/progettotouring.it\/radiotouring104\/2024\/08\/23\/comune-rc-gruppo-red-deposita-mozione-a-sostegno-dello-ius-scholae\/#primaryimage"},"thumbnailUrl":"https:\/\/progettotouring.it\/radiotouring104\/wp-content\/uploads\/sites\/6\/2022\/11\/Antonio-Castorina.jpg","keywords":["Antonino Castorina","Consiglio Comunale di Reggio Calabria","depositata mozione","Falcomat\u00e0 Giuseppe","gruppo RED","Ius Scholae"],"articleSection":["Home","News","Reggio Calabria"],"inLanguage":"it-IT"},{"@type":"WebPage","@id":"https:\/\/progettotouring.it\/radiotouring104\/2024\/08\/23\/comune-rc-gruppo-red-deposita-mozione-a-sostegno-dello-ius-scholae\/","url":"https:\/\/progettotouring.it\/radiotouring104\/2024\/08\/23\/comune-rc-gruppo-red-deposita-mozione-a-sostegno-dello-ius-scholae\/","name":"Comune Rc: Gruppo RED deposita mozione per lo Ius Scholae","isPartOf":{"@id":"https:\/\/progettotouring.it\/radiotouring104\/#website"},"primaryImageOfPage":{"@id":"https:\/\/progettotouring.it\/radiotouring104\/2024\/08\/23\/comune-rc-gruppo-red-deposita-mozione-a-sostegno-dello-ius-scholae\/#primaryimage"},"image":{"@id":"https:\/\/progettotouring.it\/radiotouring104\/2024\/08\/23\/comune-rc-gruppo-red-deposita-mozione-a-sostegno-dello-ius-scholae\/#primaryimage"},"thumbnailUrl":"https:\/\/progettotouring.it\/radiotouring104\/wp-content\/uploads\/sites\/6\/2022\/11\/Antonio-Castorina.jpg","datePublished":"2024-08-23T10:21:18+00:00","description":"Il gruppo consiliare R.E.D ha depositato questa mattina la mozione a sostegno dell\u2019introduzione dello ius scholae","breadcrumb":{"@id":"https:\/\/progettotouring.it\/radiotouring104\/2024\/08\/23\/comune-rc-gruppo-red-deposita-mozione-a-sostegno-dello-ius-scholae\/#breadcrumb"},"inLanguage":"it-IT","potentialAction":[{"@type":"ReadAction","target":["https:\/\/progettotouring.it\/radiotouring104\/2024\/08\/23\/comune-rc-gruppo-red-deposita-mozione-a-sostegno-dello-ius-scholae\/"]}]},{"@type":"ImageObject","inLanguage":"it-IT","@id":"https:\/\/progettotouring.it\/radiotouring104\/2024\/08\/23\/comune-rc-gruppo-red-deposita-mozione-a-sostegno-dello-ius-scholae\/#primaryimage","url":"https:\/\/progettotouring.it\/radiotouring104\/wp-content\/uploads\/sites\/6\/2022\/11\/Antonio-Castorina.jpg","contentUrl":"https:\/\/progettotouring.it\/radiotouring104\/wp-content\/uploads\/sites\/6\/2022\/11\/Antonio-Castorina.jpg","width":634,"height":427},{"@type":"BreadcrumbList","@id":"https:\/\/progettotouring.it\/radiotouring104\/2024\/08\/23\/comune-rc-gruppo-red-deposita-mozione-a-sostegno-dello-ius-scholae\/#breadcrumb","itemListElement":[{"@type":"ListItem","position":1,"name":"Home","item":"https:\/\/progettotouring.it\/radiotouring104\/"},{"@type":"ListItem","position":2,"name":"Comune Rc: Gruppo RED deposita mozione a sostegno dello Ius Scholae"}]},{"@type":"WebSite","@id":"https:\/\/progettotouring.it\/radiotouring104\/#website","url":"https:\/\/progettotouring.it\/radiotouring104\/","name":"Radio Touring 104","description":"La prima radio Reggina","publisher":{"@id":"https:\/\/progettotouring.it\/radiotouring104\/#organization"},"potentialAction":[{"@type":"SearchAction","target":{"@type":"EntryPoint","urlTemplate":"https:\/\/progettotouring.it\/radiotouring104\/?s={search_term_string}"},"query-input":{"@type":"PropertyValueSpecification","valueRequired":true,"valueName":"search_term_string"}}],"inLanguage":"it-IT"},{"@type":"Organization","@id":"https:\/\/progettotouring.it\/radiotouring104\/#organization","name":"Radio Touring 104","url":"https:\/\/progettotouring.it\/radiotouring104\/","logo":{"@type":"ImageObject","inLanguage":"it-IT","@id":"https:\/\/progettotouring.it\/radiotouring104\/#\/schema\/logo\/image\/","url":"https:\/\/progettotouring.it\/radiotouring104\/wp-content\/uploads\/sites\/6\/2022\/02\/cropped-logo-radio-touring-104.png","contentUrl":"https:\/\/progettotouring.it\/radiotouring104\/wp-content\/uploads\/sites\/6\/2022\/02\/cropped-logo-radio-touring-104.png","width":377,"height":182,"caption":"Radio Touring 104"},"image":{"@id":"https:\/\/progettotouring.it\/radiotouring104\/#\/schema\/logo\/image\/"}},{"@type":"Person","@id":"https:\/\/progettotouring.it\/radiotouring104\/#\/schema\/person\/78613917f1851f041f7483f5af1d422e","name":"Sebastiano Plutino","image":{"@type":"ImageObject","inLanguage":"it-IT","@id":"https:\/\/secure.gravatar.com\/avatar\/0546ffaa9b79224faf9f2a156b67a529ae861d3287c66c1d8ccfdf909bcba78d?s=96&d=mm&r=g","url":"https:\/\/secure.gravatar.com\/avatar\/0546ffaa9b79224faf9f2a156b67a529ae861d3287c66c1d8ccfdf909bcba78d?s=96&d=mm&r=g","contentUrl":"https:\/\/secure.gravatar.com\/avatar\/0546ffaa9b79224faf9f2a156b67a529ae861d3287c66c1d8ccfdf909bcba78d?s=96&d=mm&r=g","caption":"Sebastiano Plutino"},"url":"https:\/\/progettotouring.it\/radiotouring104\/author\/sebastiano\/"}]}},"jetpack_publicize_connections":[],"jetpack_featured_media_url":"https:\/\/progettotouring.it\/radiotouring104\/wp-content\/uploads\/sites\/6\/2022\/11\/Antonio-Castorina.jpg","jetpack_sharing_enabled":true,"_links":{"self":[{"href":"https:\/\/progettotouring.it\/radiotouring104\/wp-json\/wp\/v2\/posts\/56856","targetHints":{"allow":["GET"]}}],"collection":[{"href":"https:\/\/progettotouring.it\/radiotouring104\/wp-json\/wp\/v2\/posts"}],"about":[{"href":"https:\/\/progettotouring.it\/radiotouring104\/wp-json\/wp\/v2\/types\/post"}],"author":[{"embeddable":true,"href":"https:\/\/progettotouring.it\/radiotouring104\/wp-json\/wp\/v2\/users\/12"}],"replies":[{"embeddable":true,"href":"https:\/\/progettotouring.it\/radiotouring104\/wp-json\/wp\/v2\/comments?post=56856"}],"version-history":[{"count":1,"href":"https:\/\/progettotouring.it\/radiotouring104\/wp-json\/wp\/v2\/posts\/56856\/revisions"}],"predecessor-version":[{"id":56857,"href":"https:\/\/progettotouring.it\/radiotouring104\/wp-json\/wp\/v2\/posts\/56856\/revisions\/56857"}],"wp:featuredmedia":[{"embeddable":true,"href":"https:\/\/progettotouring.it\/radiotouring104\/wp-json\/wp\/v2\/media\/12408"}],"wp:attachment":[{"href":"https:\/\/progettotouring.it\/radiotouring104\/wp-json\/wp\/v2\/media?parent=56856"}],"wp:term":[{"taxonomy":"category","embeddable":true,"href":"https:\/\/progettotouring.it\/radiotouring104\/wp-json\/wp\/v2\/categories?post=56856"},{"taxonomy":"post_tag","embeddable":true,"href":"https:\/\/progettotouring.it\/radiotouring104\/wp-json\/wp\/v2\/tags?post=56856"}],"curies":[{"name":"wp","href":"https:\/\/api.w.org\/{rel}","templated":true}]}}