{"id":56875,"date":"2024-08-23T13:07:34","date_gmt":"2024-08-23T11:07:34","guid":{"rendered":"https:\/\/progettotouring.it\/radiotouring104\/?p=56875"},"modified":"2024-08-23T13:07:34","modified_gmt":"2024-08-23T11:07:34","slug":"miss-italia-calabria-ha-incoronato-miss-framesi-calabria-2024-decima-prefinalista-nazionale","status":"publish","type":"post","link":"https:\/\/progettotouring.it\/radiotouring104\/2024\/08\/23\/miss-italia-calabria-ha-incoronato-miss-framesi-calabria-2024-decima-prefinalista-nazionale\/","title":{"rendered":"Miss Italia Calabria ha incoronato\u00a0Miss Framesi Calabria 2024, decima prefinalista nazionale"},"content":{"rendered":"<p class=\"xmprfx_MsoNormal\"><span style=\"font-family: times new roman, serif\">Miss Framesi Calabria 2024 \u00e8 Demetra Anna Romano di Montalto Uffugo. Grazie a questo titolo rappresenter\u00e0 la Calabria alle prefinali nazionali di Miss Italia, che si svolgeranno dal 4 al 7 settembre presso il Centro Vacanze De Angelis, nel cuore della Riviera del Conero, nelle Marche.<\/span><\/p>\n<p class=\"xmprfx_MsoNormal\"><span style=\"font-family: times new roman, serif\">La trentaduesima tappa di Miss Italia Calabria, decima selezione regionale, \u00e8 stata ospitata dal Comune di Belvedere Marittimo. L\u2019evento ha saputo fondere bellezza, cultura e intrattenimento. Promossa dall&#8217;associazione &#8220;Impegno Comune Calabria&#8221;, la kermesse \u00e8 stata parte integrante della seconda edizione di &#8220;Oltre la Bellezza&#8221;, un&#8217;iniziativa volta a valorizzare il territorio calabrese attraverso manifestazioni che esaltano non solo l&#8217;estetica, ma anche i valori culturali e sociali locali. Il concorso di bellezza pi\u00f9 longevo e amato d\u2019Italia ha messo in risalto il talento e il fascino delle concorrenti, offrendo uno spettacolo che ha contribuito a rafforzare l&#8217;identit\u00e0 e la coesione del territorio, rendendo la serata un momento di festa e orgoglio per Belvedere Marittimo e tutta la Calabria.<\/span><\/p>\n<p class=\"xmprfx_MsoNormal\"><span style=\"font-family: times new roman, serif\">Linda Suriano e Carmelo Ambrogio, esclusivisti di Miss Italia Calabria e titolari della Carli Fashion Agency: \u00abRingraziamo di cuore l\u2019associazione Impegno Comune Calabria per aver voluto fortemente ospitare questa manifestazione nella meravigliosa localit\u00e0 di Belvedere Marittimo. A tutti i soci ci teniamo a dire che sono un gruppo fantastico ben amalgamato che si spende per il proprio territorio. Un grazie particolare al mio amico fraterno, l\u2019avvocato Ugo Massimilla. Un ringraziamento va anche al Comune per il patrocinio. La collaborazione e il supporto di tutti sono stati fondamentali per il successo dell&#8217;evento. Ringraziamo il pubblico che, in questa serata, \u00e8 accorso numeroso e ha regalato lunghi applausi alle nostre aspiranti miss. Ringraziamo chi ci segue da casa. In questa tappa, la diretta trasmessa sulla nostra pagina Facebook ha registrato il pi\u00f9 alto numero di visualizzazioni e commenti della stagione. Venite a visitare Belvedere Marittimo. Venite in Calabria! Un ringraziamento speciale, come sempre, va alla nostra instancabile squadra di professionisti, alla giuria, alle aspiranti miss e alle loro famiglie\u00bb.<\/span><\/p>\n<p class=\"xmprfx_MsoNormal\"><span style=\"font-family: times new roman, serif\">Roberta Petrungaro, vicepresidente dell&#8217;associazione Impegno Comune Calabria: \u00abPer noi, \u00e8 un onore aver ospitato Miss Italia Calabria, soprattutto perch\u00e9 questa manifestazione punta alla valorizzazione e alla promozione del territorio. Gi\u00e0 con l\u2019evento dello scorso anno, organizzato nel centro storico di Belvedere, partendo dalla tradizione e dal vissuto della realt\u00e0 belvederese, abbiamo dato un imprinting diverso al concetto di bellezza. Il format di questa nuova edizione di Miss Italia Calabria accende i riflettori non solo sulla bellezza estetica delle concorrenti ma anche sulle ricchezze della nostra terra. Auguro alle aspiranti miss di raggiungere i propri obiettivi, di divertirsi e ricordarsi che il vero sorriso e la vera bellezza provengono dal cuore\u00bb.<\/span><\/p>\n<p class=\"xmprfx_MsoNormal\"><span style=\"font-family: times new roman, serif\">Sandro Donato Grosso, giornalista e volto di Sky Sport\u00a0ha lanciato un messaggio di incoraggiamento alle aspiranti miss spronandole a credere nei loro sogni:\u00a0\u00abIndipendentemente dalla vittoria, \u00e8 importante avere un obiettivo nella vita, impegnarsi, lavorare su s\u00e9 stessi. Il talento e il lavoro premiano sempre\u00bb.<\/span><\/p>\n<p class=\"xmprfx_MsoNormal\"><span style=\"font-family: times new roman, serif\">Ugo Massimilla (avvocato, consigliere comunale, gi\u00e0 dirigente Regione Calabria, membro associazione Impegno Comune Calabria, amico di Miss Italia Calabria): \u00abSiamo felici che questa kermesse abbia toccato anche le coste della nostra Belvedere Marittimo. Ringrazio tutti coloro che hanno lavorato incessantemente affinch\u00e9 questo evento potesse realizzarsi. L\u2019organizzazione di Miss Italia Calabria ha consegnato alla comunit\u00e0 uno spettacolo completo, che d\u00e0 anche spazio alla promozione della nostra Regione. Abbiamo voluto sostenere questa manifestazione come Impegno Comune Calabria e unirla alla seconda edizione del nostro evento \u201cOltre la bellezza\u201d che racchiude gli stessi principi e valori della vostra iniziativa. Vincitrice della prima edizione della nostra kermesse \u00e8 stata Sofia Lenti, che quest\u2019anno \u00e8 emersa anche a Miss Italia Calabria aggiudicandosi la fascia di Miss Sorriso Calabria 2024. Ci\u00f2 significa che la nostra manifestazione \u00e8 foriera di nuovi talenti e offre la possibilit\u00e0 di esprimere le proprie inclinazioni e potenzialit\u00e0\u00bb.<\/span><\/p>\n<p class=\"xmprfx_MsoNormal\"><span style=\"font-family: times new roman, serif\">La trentunesima tappa di Miss Italia Calabria ha avvolto in una magica atmosfera il Comune di Belvedere Marittimo, situato lungo la suggestiva Riviera dei Cedri. Una perla incastonata tra le acque cristalline del Mar Tirreno e le maestose montagne del Parco Nazionale del Pollino. Questo pittoresco borgo della provincia di Cosenza non \u00e8 solo una meta turistica, ma una destinazione che offre un\u2019esperienza immersiva, dove ogni vicolo, ogni chiesa, ogni angolo di natura racconta una storia. Un microcosmo che riflette l\u2019anima della Calabria, una terra che non smette mai di sorprendere e che in Belvedere trova la sua espressione pi\u00f9 autentica e affascinante.<\/span><\/p>\n<p class=\"xmprfx_MsoNormal\"><span style=\"font-family: times new roman, serif\">Dominato dall&#8217;imponente Castello Normanno, costruito nell&#8217;XI secolo, il centro storico \u00e8 un labirinto di vicoli stretti e tortuosi, fiancheggiati da palazzi secolari e antiche porte medievali che un tempo proteggevano la citt\u00e0 dalle invasioni. Tra queste, la Porta di Mare, la Porta degli Orti, la Porta della Piazza e la Porta del Fosso. Belvedere Marittimo \u00e8 un luogo dove la fede e la tradizione si respirano a ogni passo. Il Convento dei Padri Cappuccini custodisce da oltre tre secoli un&#8217;ampolla con il sangue e frammenti di ossa di San Valentino. Non \u00e8 un caso che Belvedere venga chiamata la \u201cCitt\u00e0 dell\u2019Amore\u201d. Ogni anno, infatti, coppie da tutta Italia si recano qui per rinnovare le loro promesse matrimoniali, rendendo omaggio al santo patrono degli innamorati. La Chiesa del Crocifisso, con la sua maestosa scultura lignea del Cristo, e la Chiesa di Santa Maria del Popolo, con i suoi altari barocchi, rappresentano solo alcune delle tappe imperdibili di un viaggio spirituale che affonda le radici nel passato. Il territorio\u00a0offre anche spettacoli naturali di rara bellezza. I Calanchi, affascinanti sculture naturali modellate dall&#8217;erosione delle acque su rocce argillose, sono una testimonianza dell&#8217;incredibile forza della natura. Il lungomare di Belvedere, con i mosaici artistici che adornano il percorso, \u00e8 il luogo ideale per rilassarsi e godere della bellezza del mare, soprattutto durante i mesi estivi, quando il paese si anima di vita e colori. Chi visita questo borgo non pu\u00f2 che rimanere affascinato dal suo carattere autentico, dalla sua bellezza senza tempo e dall&#8217;energia che pervade ogni sua pietra.<\/span><\/p>\n<p class=\"xmprfx_MsoNormal\"><span style=\"font-family: times new roman, serif\">L\u2019edizione di quest\u2019anno di Miss Italia Calabria, intitolata \u201cCalabria tra storia e tradizioni \u2013 un viaggio d\u2019incanto\u201d \u00e8 un omaggio all&#8217;eredit\u00e0 culturale e storica di una delle Regioni pi\u00f9 affascinanti d&#8217;Italia. L&#8217;evento, con la direzione artistica di Linda Suriano, i testi di Francesca Marchese, le coreografie di Lia Molinaro, gli abiti tradizionali calabresi realizzati dall\u2019Accademia New Style &#8211; Scuola di Moda e Design di Franca Trozzo, ha saputo catturare l&#8217;essenza stessa della Calabria.<\/span><\/p>\n<p class=\"xmprfx_MsoNormal\"><span style=\"font-family: times new roman, serif\">La serata \u00e8 stata accompagnata dalla sigla ufficiale, \u201cImmagina la bellezza\u201d, ideata e arrangiata dall&#8217;artista Roberto Bozzo. Katya Giannini, esperta in dinamiche dell&#8217;inconscio e mental coach, ha guidato le concorrenti in un percorso di crescita interiore che ha consentito loro di calcare il palcoscenico con maggiore sicurezza in s\u00e9 stesse e disinvoltura.<\/span><\/p>\n<p class=\"xmprfx_MsoNormal\"><span style=\"font-family: times new roman, serif\">La conduzione della serata \u00e8 stata affidata a Larissa Volpentesta e Linda Suriano. Le esibizioni del cantante Giovanni Segreti Bruno e dell\u2019illusionista Giandomenico Morello hanno aggiunto un tocco di magia e spettacolarit\u00e0 all\u2019evento.<\/span><\/p>\n<p class=\"xmprfx_MsoNormal\"><span style=\"font-family: times new roman, serif\">A proclamare la vincitrice della trentaduesima tappa di Miss Italia Calabria \u00e8 stata la giuria composta da: Sandro Donato Grosso (giornalista, volto di Sky Sport), Francesca Pecora (giornalista), Antonio Procopio (giornalista), Stefano Vecchioni (scrittore), Livia Cascarano (attrice), Maria Letizia De Bellis (dottoressa), Giuseppe Pirillo (Framesi), Salvatore Garbato (make-up artist delle dive), Giangabriele Quintieri (Elite Gioielli Belvedere Marittimo -Miluna).<\/span><\/p>\n<p class=\"xmprfx_MsoNormal\"><span style=\"font-family: times new roman, serif\">Al momento della proclamazione, Miss Framesi Calabria 2024 ha confessato: \u00abSono contentissima. Miss Italia Calabria \u00e8 un importante percorso di crescita. Non mi sarei mai aspettata di partecipare a un concorso del genere e arrivare fino a questo punto. Ringrazio chi mi ha spronata. Dedico questa fascia alla mia famiglia. Il mio sogno \u00e8 continuare a ballare, completare gli studi e realizzarmi personalmente e professionalmente\u00bb.<\/span><\/p>\n<p class=\"xmprfx_MsoNormal\"><span style=\"font-family: times new roman, serif\">Prossimi appuntamenti con Miss Italia Calabria del mese di agosto: il 23 a Rocca di Neto, il 24 a Soriano Calabro, il 25 a Cerchiara di Calabria, il 26 a Marano Principato, il 27 a Corigliano-Rossano e il 28 a Falerna. Prosegue cos\u00ec il viaggio di Miss Italia Calabria, portando con s\u00e9 la magia di una Regione ricca di storia e meraviglie, in cui ogni tappa diventa un\u2019occasione unica per celebrare la bellezza, la cultura e le sue tradizioni.<\/span><\/p>\n","protected":false},"excerpt":{"rendered":"<p>Miss Framesi Calabria 2024 \u00e8 Demetra Anna Romano di Montalto Uffugo. Grazie a questo titolo rappresenter\u00e0 la Calabria alle prefinali nazionali di Miss Italia, che si svolgeranno dal 4 al&hellip;<\/p>\n","protected":false},"author":12,"featured_media":56876,"comment_status":"closed","ping_status":"open","sticky":false,"template":"","format":"standard","meta":{"_jetpack_memberships_contains_paid_content":false,"footnotes":"","jetpack_publicize_message":"","jetpack_publicize_feature_enabled":true,"jetpack_social_post_already_shared":false,"jetpack_social_options":{"image_generator_settings":{"template":"highway","default_image_id":0,"font":"","enabled":false},"version":2}},"categories":[142,921,196],"tags":[34984,34985,2341],"class_list":["post-56875","post","type-post","status-publish","format-standard","has-post-thumbnail","hentry","category-calabria","category-home","category-news","tag-demetra-anna-romano","tag-miss-framesi-calabria-2024","tag-miss-italia-calabria"],"yoast_head":"<!-- This site is optimized with the Yoast SEO plugin v27.2 - https:\/\/yoast.com\/product\/yoast-seo-wordpress\/ -->\n<title>Miss Italia Calabria ha incoronato\u00a0Miss Framesi Calabria 2024<\/title>\n<meta name=\"description\" content=\"Demetra Anna Romano, di Montalto Uffugo, \u00e8 stata incoronata come\u00a0Miss Framesi Calabria 2024. Rappresenter\u00e0 la Calabria alle prefinali.\" \/>\n<meta name=\"robots\" content=\"index, follow, max-snippet:-1, max-image-preview:large, max-video-preview:-1\" \/>\n<link rel=\"canonical\" href=\"https:\/\/progettotouring.it\/radiotouring104\/2024\/08\/23\/miss-italia-calabria-ha-incoronato-miss-framesi-calabria-2024-decima-prefinalista-nazionale\/\" \/>\n<meta property=\"og:locale\" content=\"it_IT\" \/>\n<meta property=\"og:type\" content=\"article\" \/>\n<meta property=\"og:title\" content=\"Miss Italia Calabria ha incoronato\u00a0Miss Framesi Calabria 2024\" \/>\n<meta property=\"og:description\" content=\"Demetra Anna Romano, di Montalto Uffugo, \u00e8 stata incoronata come\u00a0Miss Framesi Calabria 2024. Rappresenter\u00e0 la Calabria alle prefinali.\" \/>\n<meta property=\"og:url\" content=\"https:\/\/progettotouring.it\/radiotouring104\/2024\/08\/23\/miss-italia-calabria-ha-incoronato-miss-framesi-calabria-2024-decima-prefinalista-nazionale\/\" \/>\n<meta property=\"og:site_name\" content=\"Radio Touring 104\" \/>\n<meta property=\"article:published_time\" content=\"2024-08-23T11:07:34+00:00\" \/>\n<meta property=\"og:image\" content=\"https:\/\/progettotouring.it\/radiotouring104\/wp-content\/uploads\/sites\/6\/2024\/08\/Miss-Calabria-Framesi.jpg\" \/>\n\t<meta property=\"og:image:width\" content=\"2082\" \/>\n\t<meta property=\"og:image:height\" content=\"1903\" \/>\n\t<meta property=\"og:image:type\" content=\"image\/jpeg\" \/>\n<meta name=\"author\" content=\"Sebastiano Plutino\" \/>\n<meta name=\"twitter:card\" content=\"summary_large_image\" \/>\n<meta name=\"twitter:label1\" content=\"Scritto da\" \/>\n\t<meta name=\"twitter:data1\" content=\"Sebastiano Plutino\" \/>\n\t<meta name=\"twitter:label2\" content=\"Tempo di lettura stimato\" \/>\n\t<meta name=\"twitter:data2\" content=\"7 minuti\" \/>\n<script type=\"application\/ld+json\" class=\"yoast-schema-graph\">{\"@context\":\"https:\/\/schema.org\",\"@graph\":[{\"@type\":\"Article\",\"@id\":\"https:\/\/progettotouring.it\/radiotouring104\/2024\/08\/23\/miss-italia-calabria-ha-incoronato-miss-framesi-calabria-2024-decima-prefinalista-nazionale\/#article\",\"isPartOf\":{\"@id\":\"https:\/\/progettotouring.it\/radiotouring104\/2024\/08\/23\/miss-italia-calabria-ha-incoronato-miss-framesi-calabria-2024-decima-prefinalista-nazionale\/\"},\"author\":{\"name\":\"Sebastiano Plutino\",\"@id\":\"https:\/\/progettotouring.it\/radiotouring104\/#\/schema\/person\/78613917f1851f041f7483f5af1d422e\"},\"headline\":\"Miss Italia Calabria ha incoronato\u00a0Miss Framesi Calabria 2024, decima prefinalista nazionale\",\"datePublished\":\"2024-08-23T11:07:34+00:00\",\"mainEntityOfPage\":{\"@id\":\"https:\/\/progettotouring.it\/radiotouring104\/2024\/08\/23\/miss-italia-calabria-ha-incoronato-miss-framesi-calabria-2024-decima-prefinalista-nazionale\/\"},\"wordCount\":1346,\"publisher\":{\"@id\":\"https:\/\/progettotouring.it\/radiotouring104\/#organization\"},\"image\":{\"@id\":\"https:\/\/progettotouring.it\/radiotouring104\/2024\/08\/23\/miss-italia-calabria-ha-incoronato-miss-framesi-calabria-2024-decima-prefinalista-nazionale\/#primaryimage\"},\"thumbnailUrl\":\"https:\/\/progettotouring.it\/radiotouring104\/wp-content\/uploads\/sites\/6\/2024\/08\/Miss-Calabria-Framesi.jpg\",\"keywords\":[\"Demetra Anna Romano\",\"Miss Framesi Calabria 2024\",\"Miss Italia Calabria\"],\"articleSection\":[\"Calabria\",\"Home\",\"News\"],\"inLanguage\":\"it-IT\"},{\"@type\":\"WebPage\",\"@id\":\"https:\/\/progettotouring.it\/radiotouring104\/2024\/08\/23\/miss-italia-calabria-ha-incoronato-miss-framesi-calabria-2024-decima-prefinalista-nazionale\/\",\"url\":\"https:\/\/progettotouring.it\/radiotouring104\/2024\/08\/23\/miss-italia-calabria-ha-incoronato-miss-framesi-calabria-2024-decima-prefinalista-nazionale\/\",\"name\":\"Miss Italia Calabria ha incoronato\u00a0Miss Framesi Calabria 2024\",\"isPartOf\":{\"@id\":\"https:\/\/progettotouring.it\/radiotouring104\/#website\"},\"primaryImageOfPage\":{\"@id\":\"https:\/\/progettotouring.it\/radiotouring104\/2024\/08\/23\/miss-italia-calabria-ha-incoronato-miss-framesi-calabria-2024-decima-prefinalista-nazionale\/#primaryimage\"},\"image\":{\"@id\":\"https:\/\/progettotouring.it\/radiotouring104\/2024\/08\/23\/miss-italia-calabria-ha-incoronato-miss-framesi-calabria-2024-decima-prefinalista-nazionale\/#primaryimage\"},\"thumbnailUrl\":\"https:\/\/progettotouring.it\/radiotouring104\/wp-content\/uploads\/sites\/6\/2024\/08\/Miss-Calabria-Framesi.jpg\",\"datePublished\":\"2024-08-23T11:07:34+00:00\",\"description\":\"Demetra Anna Romano, di Montalto Uffugo, \u00e8 stata incoronata come\u00a0Miss Framesi Calabria 2024. Rappresenter\u00e0 la Calabria alle prefinali.\",\"breadcrumb\":{\"@id\":\"https:\/\/progettotouring.it\/radiotouring104\/2024\/08\/23\/miss-italia-calabria-ha-incoronato-miss-framesi-calabria-2024-decima-prefinalista-nazionale\/#breadcrumb\"},\"inLanguage\":\"it-IT\",\"potentialAction\":[{\"@type\":\"ReadAction\",\"target\":[\"https:\/\/progettotouring.it\/radiotouring104\/2024\/08\/23\/miss-italia-calabria-ha-incoronato-miss-framesi-calabria-2024-decima-prefinalista-nazionale\/\"]}]},{\"@type\":\"ImageObject\",\"inLanguage\":\"it-IT\",\"@id\":\"https:\/\/progettotouring.it\/radiotouring104\/2024\/08\/23\/miss-italia-calabria-ha-incoronato-miss-framesi-calabria-2024-decima-prefinalista-nazionale\/#primaryimage\",\"url\":\"https:\/\/progettotouring.it\/radiotouring104\/wp-content\/uploads\/sites\/6\/2024\/08\/Miss-Calabria-Framesi.jpg\",\"contentUrl\":\"https:\/\/progettotouring.it\/radiotouring104\/wp-content\/uploads\/sites\/6\/2024\/08\/Miss-Calabria-Framesi.jpg\",\"width\":2082,\"height\":1903},{\"@type\":\"BreadcrumbList\",\"@id\":\"https:\/\/progettotouring.it\/radiotouring104\/2024\/08\/23\/miss-italia-calabria-ha-incoronato-miss-framesi-calabria-2024-decima-prefinalista-nazionale\/#breadcrumb\",\"itemListElement\":[{\"@type\":\"ListItem\",\"position\":1,\"name\":\"Home\",\"item\":\"https:\/\/progettotouring.it\/radiotouring104\/\"},{\"@type\":\"ListItem\",\"position\":2,\"name\":\"Miss Italia Calabria ha incoronato\u00a0Miss Framesi Calabria 2024, decima prefinalista nazionale\"}]},{\"@type\":\"WebSite\",\"@id\":\"https:\/\/progettotouring.it\/radiotouring104\/#website\",\"url\":\"https:\/\/progettotouring.it\/radiotouring104\/\",\"name\":\"Radio Touring 104\",\"description\":\"La prima radio Reggina\",\"publisher\":{\"@id\":\"https:\/\/progettotouring.it\/radiotouring104\/#organization\"},\"potentialAction\":[{\"@type\":\"SearchAction\",\"target\":{\"@type\":\"EntryPoint\",\"urlTemplate\":\"https:\/\/progettotouring.it\/radiotouring104\/?s={search_term_string}\"},\"query-input\":{\"@type\":\"PropertyValueSpecification\",\"valueRequired\":true,\"valueName\":\"search_term_string\"}}],\"inLanguage\":\"it-IT\"},{\"@type\":\"Organization\",\"@id\":\"https:\/\/progettotouring.it\/radiotouring104\/#organization\",\"name\":\"Radio Touring 104\",\"url\":\"https:\/\/progettotouring.it\/radiotouring104\/\",\"logo\":{\"@type\":\"ImageObject\",\"inLanguage\":\"it-IT\",\"@id\":\"https:\/\/progettotouring.it\/radiotouring104\/#\/schema\/logo\/image\/\",\"url\":\"https:\/\/progettotouring.it\/radiotouring104\/wp-content\/uploads\/sites\/6\/2022\/02\/cropped-logo-radio-touring-104.png\",\"contentUrl\":\"https:\/\/progettotouring.it\/radiotouring104\/wp-content\/uploads\/sites\/6\/2022\/02\/cropped-logo-radio-touring-104.png\",\"width\":377,\"height\":182,\"caption\":\"Radio Touring 104\"},\"image\":{\"@id\":\"https:\/\/progettotouring.it\/radiotouring104\/#\/schema\/logo\/image\/\"}},{\"@type\":\"Person\",\"@id\":\"https:\/\/progettotouring.it\/radiotouring104\/#\/schema\/person\/78613917f1851f041f7483f5af1d422e\",\"name\":\"Sebastiano Plutino\",\"image\":{\"@type\":\"ImageObject\",\"inLanguage\":\"it-IT\",\"@id\":\"https:\/\/secure.gravatar.com\/avatar\/0546ffaa9b79224faf9f2a156b67a529ae861d3287c66c1d8ccfdf909bcba78d?s=96&d=mm&r=g\",\"url\":\"https:\/\/secure.gravatar.com\/avatar\/0546ffaa9b79224faf9f2a156b67a529ae861d3287c66c1d8ccfdf909bcba78d?s=96&d=mm&r=g\",\"contentUrl\":\"https:\/\/secure.gravatar.com\/avatar\/0546ffaa9b79224faf9f2a156b67a529ae861d3287c66c1d8ccfdf909bcba78d?s=96&d=mm&r=g\",\"caption\":\"Sebastiano Plutino\"},\"url\":\"https:\/\/progettotouring.it\/radiotouring104\/author\/sebastiano\/\"}]}<\/script>\n<!-- \/ Yoast SEO plugin. -->","yoast_head_json":{"title":"Miss Italia Calabria ha incoronato\u00a0Miss Framesi Calabria 2024","description":"Demetra Anna Romano, di Montalto Uffugo, \u00e8 stata incoronata come\u00a0Miss Framesi Calabria 2024. Rappresenter\u00e0 la Calabria alle prefinali.","robots":{"index":"index","follow":"follow","max-snippet":"max-snippet:-1","max-image-preview":"max-image-preview:large","max-video-preview":"max-video-preview:-1"},"canonical":"https:\/\/progettotouring.it\/radiotouring104\/2024\/08\/23\/miss-italia-calabria-ha-incoronato-miss-framesi-calabria-2024-decima-prefinalista-nazionale\/","og_locale":"it_IT","og_type":"article","og_title":"Miss Italia Calabria ha incoronato\u00a0Miss Framesi Calabria 2024","og_description":"Demetra Anna Romano, di Montalto Uffugo, \u00e8 stata incoronata come\u00a0Miss Framesi Calabria 2024. Rappresenter\u00e0 la Calabria alle prefinali.","og_url":"https:\/\/progettotouring.it\/radiotouring104\/2024\/08\/23\/miss-italia-calabria-ha-incoronato-miss-framesi-calabria-2024-decima-prefinalista-nazionale\/","og_site_name":"Radio Touring 104","article_published_time":"2024-08-23T11:07:34+00:00","og_image":[{"width":2082,"height":1903,"url":"https:\/\/progettotouring.it\/radiotouring104\/wp-content\/uploads\/sites\/6\/2024\/08\/Miss-Calabria-Framesi.jpg","type":"image\/jpeg"}],"author":"Sebastiano Plutino","twitter_card":"summary_large_image","twitter_misc":{"Scritto da":"Sebastiano Plutino","Tempo di lettura stimato":"7 minuti"},"schema":{"@context":"https:\/\/schema.org","@graph":[{"@type":"Article","@id":"https:\/\/progettotouring.it\/radiotouring104\/2024\/08\/23\/miss-italia-calabria-ha-incoronato-miss-framesi-calabria-2024-decima-prefinalista-nazionale\/#article","isPartOf":{"@id":"https:\/\/progettotouring.it\/radiotouring104\/2024\/08\/23\/miss-italia-calabria-ha-incoronato-miss-framesi-calabria-2024-decima-prefinalista-nazionale\/"},"author":{"name":"Sebastiano Plutino","@id":"https:\/\/progettotouring.it\/radiotouring104\/#\/schema\/person\/78613917f1851f041f7483f5af1d422e"},"headline":"Miss Italia Calabria ha incoronato\u00a0Miss Framesi Calabria 2024, decima prefinalista nazionale","datePublished":"2024-08-23T11:07:34+00:00","mainEntityOfPage":{"@id":"https:\/\/progettotouring.it\/radiotouring104\/2024\/08\/23\/miss-italia-calabria-ha-incoronato-miss-framesi-calabria-2024-decima-prefinalista-nazionale\/"},"wordCount":1346,"publisher":{"@id":"https:\/\/progettotouring.it\/radiotouring104\/#organization"},"image":{"@id":"https:\/\/progettotouring.it\/radiotouring104\/2024\/08\/23\/miss-italia-calabria-ha-incoronato-miss-framesi-calabria-2024-decima-prefinalista-nazionale\/#primaryimage"},"thumbnailUrl":"https:\/\/progettotouring.it\/radiotouring104\/wp-content\/uploads\/sites\/6\/2024\/08\/Miss-Calabria-Framesi.jpg","keywords":["Demetra Anna Romano","Miss Framesi Calabria 2024","Miss Italia Calabria"],"articleSection":["Calabria","Home","News"],"inLanguage":"it-IT"},{"@type":"WebPage","@id":"https:\/\/progettotouring.it\/radiotouring104\/2024\/08\/23\/miss-italia-calabria-ha-incoronato-miss-framesi-calabria-2024-decima-prefinalista-nazionale\/","url":"https:\/\/progettotouring.it\/radiotouring104\/2024\/08\/23\/miss-italia-calabria-ha-incoronato-miss-framesi-calabria-2024-decima-prefinalista-nazionale\/","name":"Miss Italia Calabria ha incoronato\u00a0Miss Framesi Calabria 2024","isPartOf":{"@id":"https:\/\/progettotouring.it\/radiotouring104\/#website"},"primaryImageOfPage":{"@id":"https:\/\/progettotouring.it\/radiotouring104\/2024\/08\/23\/miss-italia-calabria-ha-incoronato-miss-framesi-calabria-2024-decima-prefinalista-nazionale\/#primaryimage"},"image":{"@id":"https:\/\/progettotouring.it\/radiotouring104\/2024\/08\/23\/miss-italia-calabria-ha-incoronato-miss-framesi-calabria-2024-decima-prefinalista-nazionale\/#primaryimage"},"thumbnailUrl":"https:\/\/progettotouring.it\/radiotouring104\/wp-content\/uploads\/sites\/6\/2024\/08\/Miss-Calabria-Framesi.jpg","datePublished":"2024-08-23T11:07:34+00:00","description":"Demetra Anna Romano, di Montalto Uffugo, \u00e8 stata incoronata come\u00a0Miss Framesi Calabria 2024. Rappresenter\u00e0 la Calabria alle prefinali.","breadcrumb":{"@id":"https:\/\/progettotouring.it\/radiotouring104\/2024\/08\/23\/miss-italia-calabria-ha-incoronato-miss-framesi-calabria-2024-decima-prefinalista-nazionale\/#breadcrumb"},"inLanguage":"it-IT","potentialAction":[{"@type":"ReadAction","target":["https:\/\/progettotouring.it\/radiotouring104\/2024\/08\/23\/miss-italia-calabria-ha-incoronato-miss-framesi-calabria-2024-decima-prefinalista-nazionale\/"]}]},{"@type":"ImageObject","inLanguage":"it-IT","@id":"https:\/\/progettotouring.it\/radiotouring104\/2024\/08\/23\/miss-italia-calabria-ha-incoronato-miss-framesi-calabria-2024-decima-prefinalista-nazionale\/#primaryimage","url":"https:\/\/progettotouring.it\/radiotouring104\/wp-content\/uploads\/sites\/6\/2024\/08\/Miss-Calabria-Framesi.jpg","contentUrl":"https:\/\/progettotouring.it\/radiotouring104\/wp-content\/uploads\/sites\/6\/2024\/08\/Miss-Calabria-Framesi.jpg","width":2082,"height":1903},{"@type":"BreadcrumbList","@id":"https:\/\/progettotouring.it\/radiotouring104\/2024\/08\/23\/miss-italia-calabria-ha-incoronato-miss-framesi-calabria-2024-decima-prefinalista-nazionale\/#breadcrumb","itemListElement":[{"@type":"ListItem","position":1,"name":"Home","item":"https:\/\/progettotouring.it\/radiotouring104\/"},{"@type":"ListItem","position":2,"name":"Miss Italia Calabria ha incoronato\u00a0Miss Framesi Calabria 2024, decima prefinalista nazionale"}]},{"@type":"WebSite","@id":"https:\/\/progettotouring.it\/radiotouring104\/#website","url":"https:\/\/progettotouring.it\/radiotouring104\/","name":"Radio Touring 104","description":"La prima radio Reggina","publisher":{"@id":"https:\/\/progettotouring.it\/radiotouring104\/#organization"},"potentialAction":[{"@type":"SearchAction","target":{"@type":"EntryPoint","urlTemplate":"https:\/\/progettotouring.it\/radiotouring104\/?s={search_term_string}"},"query-input":{"@type":"PropertyValueSpecification","valueRequired":true,"valueName":"search_term_string"}}],"inLanguage":"it-IT"},{"@type":"Organization","@id":"https:\/\/progettotouring.it\/radiotouring104\/#organization","name":"Radio Touring 104","url":"https:\/\/progettotouring.it\/radiotouring104\/","logo":{"@type":"ImageObject","inLanguage":"it-IT","@id":"https:\/\/progettotouring.it\/radiotouring104\/#\/schema\/logo\/image\/","url":"https:\/\/progettotouring.it\/radiotouring104\/wp-content\/uploads\/sites\/6\/2022\/02\/cropped-logo-radio-touring-104.png","contentUrl":"https:\/\/progettotouring.it\/radiotouring104\/wp-content\/uploads\/sites\/6\/2022\/02\/cropped-logo-radio-touring-104.png","width":377,"height":182,"caption":"Radio Touring 104"},"image":{"@id":"https:\/\/progettotouring.it\/radiotouring104\/#\/schema\/logo\/image\/"}},{"@type":"Person","@id":"https:\/\/progettotouring.it\/radiotouring104\/#\/schema\/person\/78613917f1851f041f7483f5af1d422e","name":"Sebastiano Plutino","image":{"@type":"ImageObject","inLanguage":"it-IT","@id":"https:\/\/secure.gravatar.com\/avatar\/0546ffaa9b79224faf9f2a156b67a529ae861d3287c66c1d8ccfdf909bcba78d?s=96&d=mm&r=g","url":"https:\/\/secure.gravatar.com\/avatar\/0546ffaa9b79224faf9f2a156b67a529ae861d3287c66c1d8ccfdf909bcba78d?s=96&d=mm&r=g","contentUrl":"https:\/\/secure.gravatar.com\/avatar\/0546ffaa9b79224faf9f2a156b67a529ae861d3287c66c1d8ccfdf909bcba78d?s=96&d=mm&r=g","caption":"Sebastiano Plutino"},"url":"https:\/\/progettotouring.it\/radiotouring104\/author\/sebastiano\/"}]}},"jetpack_publicize_connections":[],"jetpack_featured_media_url":"https:\/\/progettotouring.it\/radiotouring104\/wp-content\/uploads\/sites\/6\/2024\/08\/Miss-Calabria-Framesi.jpg","jetpack_sharing_enabled":true,"_links":{"self":[{"href":"https:\/\/progettotouring.it\/radiotouring104\/wp-json\/wp\/v2\/posts\/56875","targetHints":{"allow":["GET"]}}],"collection":[{"href":"https:\/\/progettotouring.it\/radiotouring104\/wp-json\/wp\/v2\/posts"}],"about":[{"href":"https:\/\/progettotouring.it\/radiotouring104\/wp-json\/wp\/v2\/types\/post"}],"author":[{"embeddable":true,"href":"https:\/\/progettotouring.it\/radiotouring104\/wp-json\/wp\/v2\/users\/12"}],"replies":[{"embeddable":true,"href":"https:\/\/progettotouring.it\/radiotouring104\/wp-json\/wp\/v2\/comments?post=56875"}],"version-history":[{"count":1,"href":"https:\/\/progettotouring.it\/radiotouring104\/wp-json\/wp\/v2\/posts\/56875\/revisions"}],"predecessor-version":[{"id":56877,"href":"https:\/\/progettotouring.it\/radiotouring104\/wp-json\/wp\/v2\/posts\/56875\/revisions\/56877"}],"wp:featuredmedia":[{"embeddable":true,"href":"https:\/\/progettotouring.it\/radiotouring104\/wp-json\/wp\/v2\/media\/56876"}],"wp:attachment":[{"href":"https:\/\/progettotouring.it\/radiotouring104\/wp-json\/wp\/v2\/media?parent=56875"}],"wp:term":[{"taxonomy":"category","embeddable":true,"href":"https:\/\/progettotouring.it\/radiotouring104\/wp-json\/wp\/v2\/categories?post=56875"},{"taxonomy":"post_tag","embeddable":true,"href":"https:\/\/progettotouring.it\/radiotouring104\/wp-json\/wp\/v2\/tags?post=56875"}],"curies":[{"name":"wp","href":"https:\/\/api.w.org\/{rel}","templated":true}]}}