{"id":56878,"date":"2024-08-26T09:20:51","date_gmt":"2024-08-26T07:20:51","guid":{"rendered":"https:\/\/progettotouring.it\/radiotouring104\/?p=56878"},"modified":"2024-08-26T09:20:51","modified_gmt":"2024-08-26T07:20:51","slug":"roccella-sbarcati-59-migranti","status":"publish","type":"post","link":"https:\/\/progettotouring.it\/radiotouring104\/2024\/08\/26\/roccella-sbarcati-59-migranti\/","title":{"rendered":"Roccella: sbarcati 59 migranti"},"content":{"rendered":"<p style=\"text-align: justify\"><strong>Sono 59 i migranti<\/strong>, in prevalenza di nazionalit\u00e0 iraniana, irachena e afgana,<strong> giunti nel porto di Roccella Ionica<\/strong> a seguito di un&#8217;operazione di soccorso in mareM condotta al largo del mare Ionio da parte dei militari della Guardia Costiera.<\/p>\n<p style=\"text-align: justify\"><strong>Tra i profughi anche otto donne<\/strong>,<strong> una decina di minori tra cui alcuni bambini<\/strong> con meno di quattro anni e un cittadino afgano disabile per via di problemi, in prevalenza, agli arti inferiori.<\/p>\n<p style=\"text-align: justify\">Al momento dell&#8217;individuazione in mare e dell&#8217;attivit\u00e0 di soccorso che ne \u00e8 seguita, <strong>i migranti si trovavano a bordo di una barca a vela<\/strong> di circa 10 metri localizzata <strong>a circa 40 miglia di distanza dalla costa calabrese.<\/strong><\/p>\n<p style=\"text-align: justify\"><strong>Il veliero,<\/strong> stando a quanto raccontato dopo lo sbarco da alcuni migranti alle forze dell&#8217;ordine<strong>, sarebbe partito dalle coste della Turchia domenica scorsa.\u00a0Dopo lo sbarco, i profughi,<\/strong> su disposizione della Prefettura di Reggio Calabria, <strong>sono stati momentaneamente sistemati nella tensostruttura portuale di prima assistenza<\/strong> gestita da alcuni associazioni di volontariato del comprensorio. Al Porto di Roccella Jonica, dove solo negli ultimi tre mesi si sono gi\u00e0 verificati altri quindici &#8220;arrivi&#8221; di profughi (pi\u00f9 di mille persone giunte nel reggino), nel pomeriggio di oggi si \u00e8 verificato l&#8217;ennesimo sbarco di profughi di varie nazionalit\u00e0, il sedicesimo.\n<\/p>\n<p>&nbsp;<\/p>\n<p>&nbsp;<\/p>\n","protected":false},"excerpt":{"rendered":"<p>Sono 59 i migranti, in prevalenza di nazionalit\u00e0 iraniana, irachena e afgana, giunti nel porto di Roccella Ionica a seguito di un&#8217;operazione di soccorso in mareM condotta al largo del&hellip;<\/p>\n","protected":false},"author":12,"featured_media":33508,"comment_status":"closed","ping_status":"open","sticky":false,"template":"","format":"standard","meta":{"_jetpack_memberships_contains_paid_content":false,"footnotes":"","jetpack_publicize_message":"","jetpack_publicize_feature_enabled":true,"jetpack_social_post_already_shared":false,"jetpack_social_options":{"image_generator_settings":{"template":"highway","default_image_id":0,"font":"","enabled":false},"version":2}},"categories":[921,150,196,140],"tags":[34986,14707,11662,9546,18287],"class_list":["post-56878","post","type-post","status-publish","format-standard","has-post-thumbnail","hentry","category-home","category-in-primo-piano","category-news","category-reggio-calabria","tag-59-migranti-arrivati-a-roccella","tag-guardia-costiera-di-roccella-ionica","tag-porto-di-roccella-ionica","tag-prefettura-di-reggio-calabria","tag-sbarco-migranti"],"yoast_head":"<!-- This site is optimized with the Yoast SEO plugin v27.2 - https:\/\/yoast.com\/product\/yoast-seo-wordpress\/ -->\n<title>Roccella: sbarcati 59 migranti<\/title>\n<meta name=\"description\" content=\"Tra i migranti arrivati a Roccella Jonica sabato pomeriggio, ci sono 8 donne e 10 minori, tra cui bambini con meno di 4 anni ed un disabile.\" \/>\n<meta name=\"robots\" content=\"index, follow, max-snippet:-1, max-image-preview:large, max-video-preview:-1\" \/>\n<link rel=\"canonical\" href=\"https:\/\/progettotouring.it\/radiotouring104\/2024\/08\/26\/roccella-sbarcati-59-migranti\/\" \/>\n<meta property=\"og:locale\" content=\"it_IT\" \/>\n<meta property=\"og:type\" content=\"article\" \/>\n<meta property=\"og:title\" content=\"Roccella: sbarcati 59 migranti\" \/>\n<meta property=\"og:description\" content=\"Tra i migranti arrivati a Roccella Jonica sabato pomeriggio, ci sono 8 donne e 10 minori, tra cui bambini con meno di 4 anni ed un disabile.\" \/>\n<meta property=\"og:url\" content=\"https:\/\/progettotouring.it\/radiotouring104\/2024\/08\/26\/roccella-sbarcati-59-migranti\/\" \/>\n<meta property=\"og:site_name\" content=\"Radio Touring 104\" \/>\n<meta property=\"article:published_time\" content=\"2024-08-26T07:20:51+00:00\" \/>\n<meta property=\"og:image\" content=\"https:\/\/progettotouring.it\/radiotouring104\/wp-content\/uploads\/sites\/6\/2023\/08\/Roccella-migranti-Guardia-Costiera.jpg\" \/>\n\t<meta property=\"og:image:width\" content=\"774\" \/>\n\t<meta property=\"og:image:height\" content=\"516\" \/>\n\t<meta property=\"og:image:type\" content=\"image\/jpeg\" \/>\n<meta name=\"author\" content=\"Sebastiano Plutino\" \/>\n<meta name=\"twitter:card\" content=\"summary_large_image\" \/>\n<meta name=\"twitter:label1\" content=\"Scritto da\" \/>\n\t<meta name=\"twitter:data1\" content=\"Sebastiano Plutino\" \/>\n\t<meta name=\"twitter:label2\" content=\"Tempo di lettura stimato\" \/>\n\t<meta name=\"twitter:data2\" content=\"1 minuto\" \/>\n<script type=\"application\/ld+json\" class=\"yoast-schema-graph\">{\"@context\":\"https:\/\/schema.org\",\"@graph\":[{\"@type\":\"Article\",\"@id\":\"https:\/\/progettotouring.it\/radiotouring104\/2024\/08\/26\/roccella-sbarcati-59-migranti\/#article\",\"isPartOf\":{\"@id\":\"https:\/\/progettotouring.it\/radiotouring104\/2024\/08\/26\/roccella-sbarcati-59-migranti\/\"},\"author\":{\"name\":\"Sebastiano Plutino\",\"@id\":\"https:\/\/progettotouring.it\/radiotouring104\/#\/schema\/person\/78613917f1851f041f7483f5af1d422e\"},\"headline\":\"Roccella: sbarcati 59 migranti\",\"datePublished\":\"2024-08-26T07:20:51+00:00\",\"mainEntityOfPage\":{\"@id\":\"https:\/\/progettotouring.it\/radiotouring104\/2024\/08\/26\/roccella-sbarcati-59-migranti\/\"},\"wordCount\":206,\"publisher\":{\"@id\":\"https:\/\/progettotouring.it\/radiotouring104\/#organization\"},\"image\":{\"@id\":\"https:\/\/progettotouring.it\/radiotouring104\/2024\/08\/26\/roccella-sbarcati-59-migranti\/#primaryimage\"},\"thumbnailUrl\":\"https:\/\/progettotouring.it\/radiotouring104\/wp-content\/uploads\/sites\/6\/2023\/08\/Roccella-migranti-Guardia-Costiera.jpg\",\"keywords\":[\"59 migranti arrivati a roccella\",\"Guardia Costiera di Roccella Ionica\",\"Porto di Roccella Ionica\",\"Prefettura di Reggio Calabria\",\"Sbarco migranti\"],\"articleSection\":[\"Home\",\"In primo piano\",\"News\",\"Reggio Calabria\"],\"inLanguage\":\"it-IT\"},{\"@type\":\"WebPage\",\"@id\":\"https:\/\/progettotouring.it\/radiotouring104\/2024\/08\/26\/roccella-sbarcati-59-migranti\/\",\"url\":\"https:\/\/progettotouring.it\/radiotouring104\/2024\/08\/26\/roccella-sbarcati-59-migranti\/\",\"name\":\"Roccella: sbarcati 59 migranti\",\"isPartOf\":{\"@id\":\"https:\/\/progettotouring.it\/radiotouring104\/#website\"},\"primaryImageOfPage\":{\"@id\":\"https:\/\/progettotouring.it\/radiotouring104\/2024\/08\/26\/roccella-sbarcati-59-migranti\/#primaryimage\"},\"image\":{\"@id\":\"https:\/\/progettotouring.it\/radiotouring104\/2024\/08\/26\/roccella-sbarcati-59-migranti\/#primaryimage\"},\"thumbnailUrl\":\"https:\/\/progettotouring.it\/radiotouring104\/wp-content\/uploads\/sites\/6\/2023\/08\/Roccella-migranti-Guardia-Costiera.jpg\",\"datePublished\":\"2024-08-26T07:20:51+00:00\",\"description\":\"Tra i migranti arrivati a Roccella Jonica sabato pomeriggio, ci sono 8 donne e 10 minori, tra cui bambini con meno di 4 anni ed un disabile.\",\"breadcrumb\":{\"@id\":\"https:\/\/progettotouring.it\/radiotouring104\/2024\/08\/26\/roccella-sbarcati-59-migranti\/#breadcrumb\"},\"inLanguage\":\"it-IT\",\"potentialAction\":[{\"@type\":\"ReadAction\",\"target\":[\"https:\/\/progettotouring.it\/radiotouring104\/2024\/08\/26\/roccella-sbarcati-59-migranti\/\"]}]},{\"@type\":\"ImageObject\",\"inLanguage\":\"it-IT\",\"@id\":\"https:\/\/progettotouring.it\/radiotouring104\/2024\/08\/26\/roccella-sbarcati-59-migranti\/#primaryimage\",\"url\":\"https:\/\/progettotouring.it\/radiotouring104\/wp-content\/uploads\/sites\/6\/2023\/08\/Roccella-migranti-Guardia-Costiera.jpg\",\"contentUrl\":\"https:\/\/progettotouring.it\/radiotouring104\/wp-content\/uploads\/sites\/6\/2023\/08\/Roccella-migranti-Guardia-Costiera.jpg\",\"width\":774,\"height\":516},{\"@type\":\"BreadcrumbList\",\"@id\":\"https:\/\/progettotouring.it\/radiotouring104\/2024\/08\/26\/roccella-sbarcati-59-migranti\/#breadcrumb\",\"itemListElement\":[{\"@type\":\"ListItem\",\"position\":1,\"name\":\"Home\",\"item\":\"https:\/\/progettotouring.it\/radiotouring104\/\"},{\"@type\":\"ListItem\",\"position\":2,\"name\":\"Roccella: sbarcati 59 migranti\"}]},{\"@type\":\"WebSite\",\"@id\":\"https:\/\/progettotouring.it\/radiotouring104\/#website\",\"url\":\"https:\/\/progettotouring.it\/radiotouring104\/\",\"name\":\"Radio Touring 104\",\"description\":\"La prima radio Reggina\",\"publisher\":{\"@id\":\"https:\/\/progettotouring.it\/radiotouring104\/#organization\"},\"potentialAction\":[{\"@type\":\"SearchAction\",\"target\":{\"@type\":\"EntryPoint\",\"urlTemplate\":\"https:\/\/progettotouring.it\/radiotouring104\/?s={search_term_string}\"},\"query-input\":{\"@type\":\"PropertyValueSpecification\",\"valueRequired\":true,\"valueName\":\"search_term_string\"}}],\"inLanguage\":\"it-IT\"},{\"@type\":\"Organization\",\"@id\":\"https:\/\/progettotouring.it\/radiotouring104\/#organization\",\"name\":\"Radio Touring 104\",\"url\":\"https:\/\/progettotouring.it\/radiotouring104\/\",\"logo\":{\"@type\":\"ImageObject\",\"inLanguage\":\"it-IT\",\"@id\":\"https:\/\/progettotouring.it\/radiotouring104\/#\/schema\/logo\/image\/\",\"url\":\"https:\/\/progettotouring.it\/radiotouring104\/wp-content\/uploads\/sites\/6\/2022\/02\/cropped-logo-radio-touring-104.png\",\"contentUrl\":\"https:\/\/progettotouring.it\/radiotouring104\/wp-content\/uploads\/sites\/6\/2022\/02\/cropped-logo-radio-touring-104.png\",\"width\":377,\"height\":182,\"caption\":\"Radio Touring 104\"},\"image\":{\"@id\":\"https:\/\/progettotouring.it\/radiotouring104\/#\/schema\/logo\/image\/\"}},{\"@type\":\"Person\",\"@id\":\"https:\/\/progettotouring.it\/radiotouring104\/#\/schema\/person\/78613917f1851f041f7483f5af1d422e\",\"name\":\"Sebastiano Plutino\",\"image\":{\"@type\":\"ImageObject\",\"inLanguage\":\"it-IT\",\"@id\":\"https:\/\/secure.gravatar.com\/avatar\/0546ffaa9b79224faf9f2a156b67a529ae861d3287c66c1d8ccfdf909bcba78d?s=96&d=mm&r=g\",\"url\":\"https:\/\/secure.gravatar.com\/avatar\/0546ffaa9b79224faf9f2a156b67a529ae861d3287c66c1d8ccfdf909bcba78d?s=96&d=mm&r=g\",\"contentUrl\":\"https:\/\/secure.gravatar.com\/avatar\/0546ffaa9b79224faf9f2a156b67a529ae861d3287c66c1d8ccfdf909bcba78d?s=96&d=mm&r=g\",\"caption\":\"Sebastiano Plutino\"},\"url\":\"https:\/\/progettotouring.it\/radiotouring104\/author\/sebastiano\/\"}]}<\/script>\n<!-- \/ Yoast SEO plugin. -->","yoast_head_json":{"title":"Roccella: sbarcati 59 migranti","description":"Tra i migranti arrivati a Roccella Jonica sabato pomeriggio, ci sono 8 donne e 10 minori, tra cui bambini con meno di 4 anni ed un disabile.","robots":{"index":"index","follow":"follow","max-snippet":"max-snippet:-1","max-image-preview":"max-image-preview:large","max-video-preview":"max-video-preview:-1"},"canonical":"https:\/\/progettotouring.it\/radiotouring104\/2024\/08\/26\/roccella-sbarcati-59-migranti\/","og_locale":"it_IT","og_type":"article","og_title":"Roccella: sbarcati 59 migranti","og_description":"Tra i migranti arrivati a Roccella Jonica sabato pomeriggio, ci sono 8 donne e 10 minori, tra cui bambini con meno di 4 anni ed un disabile.","og_url":"https:\/\/progettotouring.it\/radiotouring104\/2024\/08\/26\/roccella-sbarcati-59-migranti\/","og_site_name":"Radio Touring 104","article_published_time":"2024-08-26T07:20:51+00:00","og_image":[{"width":774,"height":516,"url":"https:\/\/progettotouring.it\/radiotouring104\/wp-content\/uploads\/sites\/6\/2023\/08\/Roccella-migranti-Guardia-Costiera.jpg","type":"image\/jpeg"}],"author":"Sebastiano Plutino","twitter_card":"summary_large_image","twitter_misc":{"Scritto da":"Sebastiano Plutino","Tempo di lettura stimato":"1 minuto"},"schema":{"@context":"https:\/\/schema.org","@graph":[{"@type":"Article","@id":"https:\/\/progettotouring.it\/radiotouring104\/2024\/08\/26\/roccella-sbarcati-59-migranti\/#article","isPartOf":{"@id":"https:\/\/progettotouring.it\/radiotouring104\/2024\/08\/26\/roccella-sbarcati-59-migranti\/"},"author":{"name":"Sebastiano Plutino","@id":"https:\/\/progettotouring.it\/radiotouring104\/#\/schema\/person\/78613917f1851f041f7483f5af1d422e"},"headline":"Roccella: sbarcati 59 migranti","datePublished":"2024-08-26T07:20:51+00:00","mainEntityOfPage":{"@id":"https:\/\/progettotouring.it\/radiotouring104\/2024\/08\/26\/roccella-sbarcati-59-migranti\/"},"wordCount":206,"publisher":{"@id":"https:\/\/progettotouring.it\/radiotouring104\/#organization"},"image":{"@id":"https:\/\/progettotouring.it\/radiotouring104\/2024\/08\/26\/roccella-sbarcati-59-migranti\/#primaryimage"},"thumbnailUrl":"https:\/\/progettotouring.it\/radiotouring104\/wp-content\/uploads\/sites\/6\/2023\/08\/Roccella-migranti-Guardia-Costiera.jpg","keywords":["59 migranti arrivati a roccella","Guardia Costiera di Roccella Ionica","Porto di Roccella Ionica","Prefettura di Reggio Calabria","Sbarco migranti"],"articleSection":["Home","In primo piano","News","Reggio Calabria"],"inLanguage":"it-IT"},{"@type":"WebPage","@id":"https:\/\/progettotouring.it\/radiotouring104\/2024\/08\/26\/roccella-sbarcati-59-migranti\/","url":"https:\/\/progettotouring.it\/radiotouring104\/2024\/08\/26\/roccella-sbarcati-59-migranti\/","name":"Roccella: sbarcati 59 migranti","isPartOf":{"@id":"https:\/\/progettotouring.it\/radiotouring104\/#website"},"primaryImageOfPage":{"@id":"https:\/\/progettotouring.it\/radiotouring104\/2024\/08\/26\/roccella-sbarcati-59-migranti\/#primaryimage"},"image":{"@id":"https:\/\/progettotouring.it\/radiotouring104\/2024\/08\/26\/roccella-sbarcati-59-migranti\/#primaryimage"},"thumbnailUrl":"https:\/\/progettotouring.it\/radiotouring104\/wp-content\/uploads\/sites\/6\/2023\/08\/Roccella-migranti-Guardia-Costiera.jpg","datePublished":"2024-08-26T07:20:51+00:00","description":"Tra i migranti arrivati a Roccella Jonica sabato pomeriggio, ci sono 8 donne e 10 minori, tra cui bambini con meno di 4 anni ed un disabile.","breadcrumb":{"@id":"https:\/\/progettotouring.it\/radiotouring104\/2024\/08\/26\/roccella-sbarcati-59-migranti\/#breadcrumb"},"inLanguage":"it-IT","potentialAction":[{"@type":"ReadAction","target":["https:\/\/progettotouring.it\/radiotouring104\/2024\/08\/26\/roccella-sbarcati-59-migranti\/"]}]},{"@type":"ImageObject","inLanguage":"it-IT","@id":"https:\/\/progettotouring.it\/radiotouring104\/2024\/08\/26\/roccella-sbarcati-59-migranti\/#primaryimage","url":"https:\/\/progettotouring.it\/radiotouring104\/wp-content\/uploads\/sites\/6\/2023\/08\/Roccella-migranti-Guardia-Costiera.jpg","contentUrl":"https:\/\/progettotouring.it\/radiotouring104\/wp-content\/uploads\/sites\/6\/2023\/08\/Roccella-migranti-Guardia-Costiera.jpg","width":774,"height":516},{"@type":"BreadcrumbList","@id":"https:\/\/progettotouring.it\/radiotouring104\/2024\/08\/26\/roccella-sbarcati-59-migranti\/#breadcrumb","itemListElement":[{"@type":"ListItem","position":1,"name":"Home","item":"https:\/\/progettotouring.it\/radiotouring104\/"},{"@type":"ListItem","position":2,"name":"Roccella: sbarcati 59 migranti"}]},{"@type":"WebSite","@id":"https:\/\/progettotouring.it\/radiotouring104\/#website","url":"https:\/\/progettotouring.it\/radiotouring104\/","name":"Radio Touring 104","description":"La prima radio Reggina","publisher":{"@id":"https:\/\/progettotouring.it\/radiotouring104\/#organization"},"potentialAction":[{"@type":"SearchAction","target":{"@type":"EntryPoint","urlTemplate":"https:\/\/progettotouring.it\/radiotouring104\/?s={search_term_string}"},"query-input":{"@type":"PropertyValueSpecification","valueRequired":true,"valueName":"search_term_string"}}],"inLanguage":"it-IT"},{"@type":"Organization","@id":"https:\/\/progettotouring.it\/radiotouring104\/#organization","name":"Radio Touring 104","url":"https:\/\/progettotouring.it\/radiotouring104\/","logo":{"@type":"ImageObject","inLanguage":"it-IT","@id":"https:\/\/progettotouring.it\/radiotouring104\/#\/schema\/logo\/image\/","url":"https:\/\/progettotouring.it\/radiotouring104\/wp-content\/uploads\/sites\/6\/2022\/02\/cropped-logo-radio-touring-104.png","contentUrl":"https:\/\/progettotouring.it\/radiotouring104\/wp-content\/uploads\/sites\/6\/2022\/02\/cropped-logo-radio-touring-104.png","width":377,"height":182,"caption":"Radio Touring 104"},"image":{"@id":"https:\/\/progettotouring.it\/radiotouring104\/#\/schema\/logo\/image\/"}},{"@type":"Person","@id":"https:\/\/progettotouring.it\/radiotouring104\/#\/schema\/person\/78613917f1851f041f7483f5af1d422e","name":"Sebastiano Plutino","image":{"@type":"ImageObject","inLanguage":"it-IT","@id":"https:\/\/secure.gravatar.com\/avatar\/0546ffaa9b79224faf9f2a156b67a529ae861d3287c66c1d8ccfdf909bcba78d?s=96&d=mm&r=g","url":"https:\/\/secure.gravatar.com\/avatar\/0546ffaa9b79224faf9f2a156b67a529ae861d3287c66c1d8ccfdf909bcba78d?s=96&d=mm&r=g","contentUrl":"https:\/\/secure.gravatar.com\/avatar\/0546ffaa9b79224faf9f2a156b67a529ae861d3287c66c1d8ccfdf909bcba78d?s=96&d=mm&r=g","caption":"Sebastiano Plutino"},"url":"https:\/\/progettotouring.it\/radiotouring104\/author\/sebastiano\/"}]}},"jetpack_publicize_connections":[],"jetpack_featured_media_url":"https:\/\/progettotouring.it\/radiotouring104\/wp-content\/uploads\/sites\/6\/2023\/08\/Roccella-migranti-Guardia-Costiera.jpg","jetpack_sharing_enabled":true,"_links":{"self":[{"href":"https:\/\/progettotouring.it\/radiotouring104\/wp-json\/wp\/v2\/posts\/56878","targetHints":{"allow":["GET"]}}],"collection":[{"href":"https:\/\/progettotouring.it\/radiotouring104\/wp-json\/wp\/v2\/posts"}],"about":[{"href":"https:\/\/progettotouring.it\/radiotouring104\/wp-json\/wp\/v2\/types\/post"}],"author":[{"embeddable":true,"href":"https:\/\/progettotouring.it\/radiotouring104\/wp-json\/wp\/v2\/users\/12"}],"replies":[{"embeddable":true,"href":"https:\/\/progettotouring.it\/radiotouring104\/wp-json\/wp\/v2\/comments?post=56878"}],"version-history":[{"count":1,"href":"https:\/\/progettotouring.it\/radiotouring104\/wp-json\/wp\/v2\/posts\/56878\/revisions"}],"predecessor-version":[{"id":56879,"href":"https:\/\/progettotouring.it\/radiotouring104\/wp-json\/wp\/v2\/posts\/56878\/revisions\/56879"}],"wp:featuredmedia":[{"embeddable":true,"href":"https:\/\/progettotouring.it\/radiotouring104\/wp-json\/wp\/v2\/media\/33508"}],"wp:attachment":[{"href":"https:\/\/progettotouring.it\/radiotouring104\/wp-json\/wp\/v2\/media?parent=56878"}],"wp:term":[{"taxonomy":"category","embeddable":true,"href":"https:\/\/progettotouring.it\/radiotouring104\/wp-json\/wp\/v2\/categories?post=56878"},{"taxonomy":"post_tag","embeddable":true,"href":"https:\/\/progettotouring.it\/radiotouring104\/wp-json\/wp\/v2\/tags?post=56878"}],"curies":[{"name":"wp","href":"https:\/\/api.w.org\/{rel}","templated":true}]}}