{"id":56957,"date":"2024-08-27T12:14:57","date_gmt":"2024-08-27T10:14:57","guid":{"rendered":"https:\/\/progettotouring.it\/radiotouring104\/?p=56957"},"modified":"2024-08-27T12:14:57","modified_gmt":"2024-08-27T10:14:57","slug":"ponte-calopinace-svolta-stamattina-la-seduta-commissione-controllo-e-garanzia","status":"publish","type":"post","link":"https:\/\/progettotouring.it\/radiotouring104\/2024\/08\/27\/ponte-calopinace-svolta-stamattina-la-seduta-commissione-controllo-e-garanzia\/","title":{"rendered":"Ponte Calopinace: svolta stamattina la seduta Commissione Controllo e Garanzia"},"content":{"rendered":"<p class=\"xmprfx_MsoNormal\" style=\"text-align: justify\">&#8220;<i>Trenta metri e milletrecento giorni di ritardi e bugie. \u00c8 assurdo che l&#8217;amministrazione pi\u00f9 inefficiente e fallace della storia possa generare per tutta la popolazione un danno cos\u00ec grave, con la mancata realizzazione di un micro-ponte di soli 30 metri&#8221;<\/i>\u00a0\u2013 a dichiararlo Massimo Ripepi, Presidente della Commissione Controllo e Garanzia<b>\u00a0<\/b>del Comune di Reggio Calabria &#8211;\u00a0<i>&#8220;La cosa pi\u00f9 grave \u00e8 che il Sindaco Falcomat\u00e0 e i suoi Assessori, in questi 4 anni,\u00a0<b>hanno finto reiteratamente di affrontare la questione<\/b>, cercando perfino di scaricare la responsabilit\u00e0 alla Regione, per poi giungere oggi a recidere il contratto. La Commissione Controllo e Garanzia far\u00e0 il possibile per\u00a0<b>circoscrivere le responsabilit\u00e0<\/b>\u00a0di tutti coloro che hanno governato questa incompiuta del secolo.&#8221;<\/i><\/p>\n<p class=\"xmprfx_MsoNormal\" style=\"text-align: justify\">Ha annunciato cos\u00ec Ripepi, la convocazione dell\u2019ennesima riunione della Commissione Controllo e Garanzia, a pochi giorni di distanza dall\u2019ultima, e svolta stamattina la Sala Commissioni del Comune di Reggio Calabria e avr\u00e0 come oggetto il ritardo nella realizzazione del ponticello sul torrente Calopinace, un&#8217;opera fondamentale che avrebbe dovuto collegare il Parco Lineare Sud alla Via Marina.<\/p>\n<p class=\"xmprfx_MsoNormal\" style=\"text-align: justify\">\u201c<i>Checch\u00e9 ne dicano i NO-Ponte, certamente sembra che la costruzione di questo ponticello sia diventata una sfida ingegneristica che supera di gran lunga quella relativa al Ponte sullo Stretto. Ma si sa: nulla \u00e8 impossibile per l\u2019Amministrazione Falcomat\u00e0, che riesce a rendere irrealizzabili anche le cose semplici!\u201d<\/i>\u00a0\u2013 ha ironizzato Ripepi, che poi ha spiegato \u2013 \u201c<i>La realizzazione di quest\u2019opera, lunga 30 metri e progettata per consentire il transito sia di veicoli che di pedoni e ciclisti,\u00a0<b>avrebbe dovuto essere completata quattro anni fa, ma ad oggi i lavori sono ancora fermi<\/b>. Il progetto, approvato nel 2016 e aggiudicato all&#8217;impresa Torchia Cataldo nel 2020, ha subito innumerevoli ritardi. Per giunta, recentemente, il Comune ha avviato la rescissione del contratto con l&#8217;impresa per inadempienze contrattuali, aprendo cos\u00ec un nuovo capitolo nella ricerca di soluzioni per il completamento dell\u2019opera.\u201d<\/i><\/p>\n<p class=\"xmprfx_MsoNormal\" style=\"text-align: justify\">\u201c<i>Durante la seduta della Commissione, saranno auditi l\u2019Assessore ai Lavori Pubblici, Ing. Franco Costantino, e il Dirigente del Settore Grandi Opere Programmazione Lavori Pubblici, Arch. Bruno Doldo, per chiarire le motivazioni che hanno portato a questo stallo e per illustrare i prossimi passi per superare la situazione di blocco.\u201d<\/i>\u00a0<strong>\u2013 ha concluso il Presidente Massimo Ripep<\/strong>i che ha poi invitato calorosamente tutti i cittadini e i rappresentanti dei comitati di quartiere a partecipare alla riunione, in un momento in cui \u00e8 necessario tenere alta l\u2019attenzione su questo tema e dare un contributo per trovare una via d\u2019uscita da questa impasse che sta danneggiando tutta la comunit\u00e0 reggina.<\/p>\n","protected":false},"excerpt":{"rendered":"<p>&#8220;Trenta metri e milletrecento giorni di ritardi e bugie. \u00c8 assurdo che l&#8217;amministrazione pi\u00f9 inefficiente e fallace della storia possa generare per tutta la popolazione un danno cos\u00ec grave, con&hellip;<\/p>\n","protected":false},"author":12,"featured_media":14817,"comment_status":"closed","ping_status":"open","sticky":false,"template":"","format":"standard","meta":{"_jetpack_memberships_contains_paid_content":false,"footnotes":"","jetpack_publicize_message":"","jetpack_publicize_feature_enabled":true,"jetpack_social_post_already_shared":false,"jetpack_social_options":{"image_generator_settings":{"template":"highway","default_image_id":0,"font":"","enabled":false},"version":2}},"categories":[921,196,140],"tags":[26095,35020,9778,808,23860],"class_list":["post-56957","post","type-post","status-publish","format-standard","has-post-thumbnail","hentry","category-home","category-news","category-reggio-calabria","tag-assessore-francesco-costantino","tag-commissione-controllo-e-garanzia","tag-comune-di-reggio","tag-massimo-ripepi","tag-ponte-calopinace"],"yoast_head":"<!-- This site is optimized with the Yoast SEO plugin v27.2 - https:\/\/yoast.com\/product\/yoast-seo-wordpress\/ -->\n<title>Ponte Calopinace: svolta stamattina la seduta Commissione Controllo e Garanzia - Radio Touring 104<\/title>\n<meta name=\"description\" content=\"La seduta, convocata dal Presidente Ripepi e a cui audiranno l&#039;assessore Costantino e il dirigente Doldo, si \u00e8 tenuta stamattina\" \/>\n<meta name=\"robots\" content=\"index, follow, max-snippet:-1, max-image-preview:large, max-video-preview:-1\" \/>\n<link rel=\"canonical\" href=\"https:\/\/progettotouring.it\/radiotouring104\/2024\/08\/27\/ponte-calopinace-svolta-stamattina-la-seduta-commissione-controllo-e-garanzia\/\" \/>\n<meta property=\"og:locale\" content=\"it_IT\" \/>\n<meta property=\"og:type\" content=\"article\" \/>\n<meta property=\"og:title\" content=\"Ponte Calopinace: svolta stamattina la seduta Commissione Controllo e Garanzia - Radio Touring 104\" \/>\n<meta property=\"og:description\" content=\"La seduta, convocata dal Presidente Ripepi e a cui audiranno l&#039;assessore Costantino e il dirigente Doldo, si \u00e8 tenuta stamattina\" \/>\n<meta property=\"og:url\" content=\"https:\/\/progettotouring.it\/radiotouring104\/2024\/08\/27\/ponte-calopinace-svolta-stamattina-la-seduta-commissione-controllo-e-garanzia\/\" \/>\n<meta property=\"og:site_name\" content=\"Radio Touring 104\" \/>\n<meta property=\"article:published_time\" content=\"2024-08-27T10:14:57+00:00\" \/>\n<meta property=\"og:image\" content=\"https:\/\/progettotouring.it\/radiotouring104\/wp-content\/uploads\/sites\/6\/2022\/12\/Foto-Massimo-RIPEPI.jpg\" \/>\n\t<meta property=\"og:image:width\" content=\"645\" \/>\n\t<meta property=\"og:image:height\" content=\"874\" \/>\n\t<meta property=\"og:image:type\" content=\"image\/jpeg\" \/>\n<meta name=\"author\" content=\"Sebastiano Plutino\" \/>\n<meta name=\"twitter:card\" content=\"summary_large_image\" \/>\n<meta name=\"twitter:label1\" content=\"Scritto da\" \/>\n\t<meta name=\"twitter:data1\" content=\"Sebastiano Plutino\" \/>\n\t<meta name=\"twitter:label2\" content=\"Tempo di lettura stimato\" \/>\n\t<meta name=\"twitter:data2\" content=\"2 minuti\" \/>\n<script type=\"application\/ld+json\" class=\"yoast-schema-graph\">{\"@context\":\"https:\/\/schema.org\",\"@graph\":[{\"@type\":\"Article\",\"@id\":\"https:\/\/progettotouring.it\/radiotouring104\/2024\/08\/27\/ponte-calopinace-svolta-stamattina-la-seduta-commissione-controllo-e-garanzia\/#article\",\"isPartOf\":{\"@id\":\"https:\/\/progettotouring.it\/radiotouring104\/2024\/08\/27\/ponte-calopinace-svolta-stamattina-la-seduta-commissione-controllo-e-garanzia\/\"},\"author\":{\"name\":\"Sebastiano Plutino\",\"@id\":\"https:\/\/progettotouring.it\/radiotouring104\/#\/schema\/person\/78613917f1851f041f7483f5af1d422e\"},\"headline\":\"Ponte Calopinace: svolta stamattina la seduta Commissione Controllo e Garanzia\",\"datePublished\":\"2024-08-27T10:14:57+00:00\",\"mainEntityOfPage\":{\"@id\":\"https:\/\/progettotouring.it\/radiotouring104\/2024\/08\/27\/ponte-calopinace-svolta-stamattina-la-seduta-commissione-controllo-e-garanzia\/\"},\"wordCount\":424,\"publisher\":{\"@id\":\"https:\/\/progettotouring.it\/radiotouring104\/#organization\"},\"image\":{\"@id\":\"https:\/\/progettotouring.it\/radiotouring104\/2024\/08\/27\/ponte-calopinace-svolta-stamattina-la-seduta-commissione-controllo-e-garanzia\/#primaryimage\"},\"thumbnailUrl\":\"https:\/\/progettotouring.it\/radiotouring104\/wp-content\/uploads\/sites\/6\/2022\/12\/Foto-Massimo-RIPEPI.jpg\",\"keywords\":[\"Assessore Francesco Costantino\",\"Commissione Controllo e Garanzia\",\"Comune di Reggio\",\"Massimo Ripepi\",\"Ponte Calopinace\"],\"articleSection\":[\"Home\",\"News\",\"Reggio Calabria\"],\"inLanguage\":\"it-IT\"},{\"@type\":\"WebPage\",\"@id\":\"https:\/\/progettotouring.it\/radiotouring104\/2024\/08\/27\/ponte-calopinace-svolta-stamattina-la-seduta-commissione-controllo-e-garanzia\/\",\"url\":\"https:\/\/progettotouring.it\/radiotouring104\/2024\/08\/27\/ponte-calopinace-svolta-stamattina-la-seduta-commissione-controllo-e-garanzia\/\",\"name\":\"Ponte Calopinace: svolta stamattina la seduta Commissione Controllo e Garanzia - Radio Touring 104\",\"isPartOf\":{\"@id\":\"https:\/\/progettotouring.it\/radiotouring104\/#website\"},\"primaryImageOfPage\":{\"@id\":\"https:\/\/progettotouring.it\/radiotouring104\/2024\/08\/27\/ponte-calopinace-svolta-stamattina-la-seduta-commissione-controllo-e-garanzia\/#primaryimage\"},\"image\":{\"@id\":\"https:\/\/progettotouring.it\/radiotouring104\/2024\/08\/27\/ponte-calopinace-svolta-stamattina-la-seduta-commissione-controllo-e-garanzia\/#primaryimage\"},\"thumbnailUrl\":\"https:\/\/progettotouring.it\/radiotouring104\/wp-content\/uploads\/sites\/6\/2022\/12\/Foto-Massimo-RIPEPI.jpg\",\"datePublished\":\"2024-08-27T10:14:57+00:00\",\"description\":\"La seduta, convocata dal Presidente Ripepi e a cui audiranno l'assessore Costantino e il dirigente Doldo, si \u00e8 tenuta stamattina\",\"breadcrumb\":{\"@id\":\"https:\/\/progettotouring.it\/radiotouring104\/2024\/08\/27\/ponte-calopinace-svolta-stamattina-la-seduta-commissione-controllo-e-garanzia\/#breadcrumb\"},\"inLanguage\":\"it-IT\",\"potentialAction\":[{\"@type\":\"ReadAction\",\"target\":[\"https:\/\/progettotouring.it\/radiotouring104\/2024\/08\/27\/ponte-calopinace-svolta-stamattina-la-seduta-commissione-controllo-e-garanzia\/\"]}]},{\"@type\":\"ImageObject\",\"inLanguage\":\"it-IT\",\"@id\":\"https:\/\/progettotouring.it\/radiotouring104\/2024\/08\/27\/ponte-calopinace-svolta-stamattina-la-seduta-commissione-controllo-e-garanzia\/#primaryimage\",\"url\":\"https:\/\/progettotouring.it\/radiotouring104\/wp-content\/uploads\/sites\/6\/2022\/12\/Foto-Massimo-RIPEPI.jpg\",\"contentUrl\":\"https:\/\/progettotouring.it\/radiotouring104\/wp-content\/uploads\/sites\/6\/2022\/12\/Foto-Massimo-RIPEPI.jpg\",\"width\":645,\"height\":874},{\"@type\":\"BreadcrumbList\",\"@id\":\"https:\/\/progettotouring.it\/radiotouring104\/2024\/08\/27\/ponte-calopinace-svolta-stamattina-la-seduta-commissione-controllo-e-garanzia\/#breadcrumb\",\"itemListElement\":[{\"@type\":\"ListItem\",\"position\":1,\"name\":\"Home\",\"item\":\"https:\/\/progettotouring.it\/radiotouring104\/\"},{\"@type\":\"ListItem\",\"position\":2,\"name\":\"Ponte Calopinace: svolta stamattina la seduta Commissione Controllo e Garanzia\"}]},{\"@type\":\"WebSite\",\"@id\":\"https:\/\/progettotouring.it\/radiotouring104\/#website\",\"url\":\"https:\/\/progettotouring.it\/radiotouring104\/\",\"name\":\"Radio Touring 104\",\"description\":\"La prima radio Reggina\",\"publisher\":{\"@id\":\"https:\/\/progettotouring.it\/radiotouring104\/#organization\"},\"potentialAction\":[{\"@type\":\"SearchAction\",\"target\":{\"@type\":\"EntryPoint\",\"urlTemplate\":\"https:\/\/progettotouring.it\/radiotouring104\/?s={search_term_string}\"},\"query-input\":{\"@type\":\"PropertyValueSpecification\",\"valueRequired\":true,\"valueName\":\"search_term_string\"}}],\"inLanguage\":\"it-IT\"},{\"@type\":\"Organization\",\"@id\":\"https:\/\/progettotouring.it\/radiotouring104\/#organization\",\"name\":\"Radio Touring 104\",\"url\":\"https:\/\/progettotouring.it\/radiotouring104\/\",\"logo\":{\"@type\":\"ImageObject\",\"inLanguage\":\"it-IT\",\"@id\":\"https:\/\/progettotouring.it\/radiotouring104\/#\/schema\/logo\/image\/\",\"url\":\"https:\/\/progettotouring.it\/radiotouring104\/wp-content\/uploads\/sites\/6\/2022\/02\/cropped-logo-radio-touring-104.png\",\"contentUrl\":\"https:\/\/progettotouring.it\/radiotouring104\/wp-content\/uploads\/sites\/6\/2022\/02\/cropped-logo-radio-touring-104.png\",\"width\":377,\"height\":182,\"caption\":\"Radio Touring 104\"},\"image\":{\"@id\":\"https:\/\/progettotouring.it\/radiotouring104\/#\/schema\/logo\/image\/\"}},{\"@type\":\"Person\",\"@id\":\"https:\/\/progettotouring.it\/radiotouring104\/#\/schema\/person\/78613917f1851f041f7483f5af1d422e\",\"name\":\"Sebastiano Plutino\",\"image\":{\"@type\":\"ImageObject\",\"inLanguage\":\"it-IT\",\"@id\":\"https:\/\/secure.gravatar.com\/avatar\/0546ffaa9b79224faf9f2a156b67a529ae861d3287c66c1d8ccfdf909bcba78d?s=96&d=mm&r=g\",\"url\":\"https:\/\/secure.gravatar.com\/avatar\/0546ffaa9b79224faf9f2a156b67a529ae861d3287c66c1d8ccfdf909bcba78d?s=96&d=mm&r=g\",\"contentUrl\":\"https:\/\/secure.gravatar.com\/avatar\/0546ffaa9b79224faf9f2a156b67a529ae861d3287c66c1d8ccfdf909bcba78d?s=96&d=mm&r=g\",\"caption\":\"Sebastiano Plutino\"},\"url\":\"https:\/\/progettotouring.it\/radiotouring104\/author\/sebastiano\/\"}]}<\/script>\n<!-- \/ Yoast SEO plugin. -->","yoast_head_json":{"title":"Ponte Calopinace: svolta stamattina la seduta Commissione Controllo e Garanzia - Radio Touring 104","description":"La seduta, convocata dal Presidente Ripepi e a cui audiranno l'assessore Costantino e il dirigente Doldo, si \u00e8 tenuta stamattina","robots":{"index":"index","follow":"follow","max-snippet":"max-snippet:-1","max-image-preview":"max-image-preview:large","max-video-preview":"max-video-preview:-1"},"canonical":"https:\/\/progettotouring.it\/radiotouring104\/2024\/08\/27\/ponte-calopinace-svolta-stamattina-la-seduta-commissione-controllo-e-garanzia\/","og_locale":"it_IT","og_type":"article","og_title":"Ponte Calopinace: svolta stamattina la seduta Commissione Controllo e Garanzia - Radio Touring 104","og_description":"La seduta, convocata dal Presidente Ripepi e a cui audiranno l'assessore Costantino e il dirigente Doldo, si \u00e8 tenuta stamattina","og_url":"https:\/\/progettotouring.it\/radiotouring104\/2024\/08\/27\/ponte-calopinace-svolta-stamattina-la-seduta-commissione-controllo-e-garanzia\/","og_site_name":"Radio Touring 104","article_published_time":"2024-08-27T10:14:57+00:00","og_image":[{"width":645,"height":874,"url":"https:\/\/progettotouring.it\/radiotouring104\/wp-content\/uploads\/sites\/6\/2022\/12\/Foto-Massimo-RIPEPI.jpg","type":"image\/jpeg"}],"author":"Sebastiano Plutino","twitter_card":"summary_large_image","twitter_misc":{"Scritto da":"Sebastiano Plutino","Tempo di lettura stimato":"2 minuti"},"schema":{"@context":"https:\/\/schema.org","@graph":[{"@type":"Article","@id":"https:\/\/progettotouring.it\/radiotouring104\/2024\/08\/27\/ponte-calopinace-svolta-stamattina-la-seduta-commissione-controllo-e-garanzia\/#article","isPartOf":{"@id":"https:\/\/progettotouring.it\/radiotouring104\/2024\/08\/27\/ponte-calopinace-svolta-stamattina-la-seduta-commissione-controllo-e-garanzia\/"},"author":{"name":"Sebastiano Plutino","@id":"https:\/\/progettotouring.it\/radiotouring104\/#\/schema\/person\/78613917f1851f041f7483f5af1d422e"},"headline":"Ponte Calopinace: svolta stamattina la seduta Commissione Controllo e Garanzia","datePublished":"2024-08-27T10:14:57+00:00","mainEntityOfPage":{"@id":"https:\/\/progettotouring.it\/radiotouring104\/2024\/08\/27\/ponte-calopinace-svolta-stamattina-la-seduta-commissione-controllo-e-garanzia\/"},"wordCount":424,"publisher":{"@id":"https:\/\/progettotouring.it\/radiotouring104\/#organization"},"image":{"@id":"https:\/\/progettotouring.it\/radiotouring104\/2024\/08\/27\/ponte-calopinace-svolta-stamattina-la-seduta-commissione-controllo-e-garanzia\/#primaryimage"},"thumbnailUrl":"https:\/\/progettotouring.it\/radiotouring104\/wp-content\/uploads\/sites\/6\/2022\/12\/Foto-Massimo-RIPEPI.jpg","keywords":["Assessore Francesco Costantino","Commissione Controllo e Garanzia","Comune di Reggio","Massimo Ripepi","Ponte Calopinace"],"articleSection":["Home","News","Reggio Calabria"],"inLanguage":"it-IT"},{"@type":"WebPage","@id":"https:\/\/progettotouring.it\/radiotouring104\/2024\/08\/27\/ponte-calopinace-svolta-stamattina-la-seduta-commissione-controllo-e-garanzia\/","url":"https:\/\/progettotouring.it\/radiotouring104\/2024\/08\/27\/ponte-calopinace-svolta-stamattina-la-seduta-commissione-controllo-e-garanzia\/","name":"Ponte Calopinace: svolta stamattina la seduta Commissione Controllo e Garanzia - Radio Touring 104","isPartOf":{"@id":"https:\/\/progettotouring.it\/radiotouring104\/#website"},"primaryImageOfPage":{"@id":"https:\/\/progettotouring.it\/radiotouring104\/2024\/08\/27\/ponte-calopinace-svolta-stamattina-la-seduta-commissione-controllo-e-garanzia\/#primaryimage"},"image":{"@id":"https:\/\/progettotouring.it\/radiotouring104\/2024\/08\/27\/ponte-calopinace-svolta-stamattina-la-seduta-commissione-controllo-e-garanzia\/#primaryimage"},"thumbnailUrl":"https:\/\/progettotouring.it\/radiotouring104\/wp-content\/uploads\/sites\/6\/2022\/12\/Foto-Massimo-RIPEPI.jpg","datePublished":"2024-08-27T10:14:57+00:00","description":"La seduta, convocata dal Presidente Ripepi e a cui audiranno l'assessore Costantino e il dirigente Doldo, si \u00e8 tenuta stamattina","breadcrumb":{"@id":"https:\/\/progettotouring.it\/radiotouring104\/2024\/08\/27\/ponte-calopinace-svolta-stamattina-la-seduta-commissione-controllo-e-garanzia\/#breadcrumb"},"inLanguage":"it-IT","potentialAction":[{"@type":"ReadAction","target":["https:\/\/progettotouring.it\/radiotouring104\/2024\/08\/27\/ponte-calopinace-svolta-stamattina-la-seduta-commissione-controllo-e-garanzia\/"]}]},{"@type":"ImageObject","inLanguage":"it-IT","@id":"https:\/\/progettotouring.it\/radiotouring104\/2024\/08\/27\/ponte-calopinace-svolta-stamattina-la-seduta-commissione-controllo-e-garanzia\/#primaryimage","url":"https:\/\/progettotouring.it\/radiotouring104\/wp-content\/uploads\/sites\/6\/2022\/12\/Foto-Massimo-RIPEPI.jpg","contentUrl":"https:\/\/progettotouring.it\/radiotouring104\/wp-content\/uploads\/sites\/6\/2022\/12\/Foto-Massimo-RIPEPI.jpg","width":645,"height":874},{"@type":"BreadcrumbList","@id":"https:\/\/progettotouring.it\/radiotouring104\/2024\/08\/27\/ponte-calopinace-svolta-stamattina-la-seduta-commissione-controllo-e-garanzia\/#breadcrumb","itemListElement":[{"@type":"ListItem","position":1,"name":"Home","item":"https:\/\/progettotouring.it\/radiotouring104\/"},{"@type":"ListItem","position":2,"name":"Ponte Calopinace: svolta stamattina la seduta Commissione Controllo e Garanzia"}]},{"@type":"WebSite","@id":"https:\/\/progettotouring.it\/radiotouring104\/#website","url":"https:\/\/progettotouring.it\/radiotouring104\/","name":"Radio Touring 104","description":"La prima radio Reggina","publisher":{"@id":"https:\/\/progettotouring.it\/radiotouring104\/#organization"},"potentialAction":[{"@type":"SearchAction","target":{"@type":"EntryPoint","urlTemplate":"https:\/\/progettotouring.it\/radiotouring104\/?s={search_term_string}"},"query-input":{"@type":"PropertyValueSpecification","valueRequired":true,"valueName":"search_term_string"}}],"inLanguage":"it-IT"},{"@type":"Organization","@id":"https:\/\/progettotouring.it\/radiotouring104\/#organization","name":"Radio Touring 104","url":"https:\/\/progettotouring.it\/radiotouring104\/","logo":{"@type":"ImageObject","inLanguage":"it-IT","@id":"https:\/\/progettotouring.it\/radiotouring104\/#\/schema\/logo\/image\/","url":"https:\/\/progettotouring.it\/radiotouring104\/wp-content\/uploads\/sites\/6\/2022\/02\/cropped-logo-radio-touring-104.png","contentUrl":"https:\/\/progettotouring.it\/radiotouring104\/wp-content\/uploads\/sites\/6\/2022\/02\/cropped-logo-radio-touring-104.png","width":377,"height":182,"caption":"Radio Touring 104"},"image":{"@id":"https:\/\/progettotouring.it\/radiotouring104\/#\/schema\/logo\/image\/"}},{"@type":"Person","@id":"https:\/\/progettotouring.it\/radiotouring104\/#\/schema\/person\/78613917f1851f041f7483f5af1d422e","name":"Sebastiano Plutino","image":{"@type":"ImageObject","inLanguage":"it-IT","@id":"https:\/\/secure.gravatar.com\/avatar\/0546ffaa9b79224faf9f2a156b67a529ae861d3287c66c1d8ccfdf909bcba78d?s=96&d=mm&r=g","url":"https:\/\/secure.gravatar.com\/avatar\/0546ffaa9b79224faf9f2a156b67a529ae861d3287c66c1d8ccfdf909bcba78d?s=96&d=mm&r=g","contentUrl":"https:\/\/secure.gravatar.com\/avatar\/0546ffaa9b79224faf9f2a156b67a529ae861d3287c66c1d8ccfdf909bcba78d?s=96&d=mm&r=g","caption":"Sebastiano Plutino"},"url":"https:\/\/progettotouring.it\/radiotouring104\/author\/sebastiano\/"}]}},"jetpack_publicize_connections":[],"jetpack_featured_media_url":"https:\/\/progettotouring.it\/radiotouring104\/wp-content\/uploads\/sites\/6\/2022\/12\/Foto-Massimo-RIPEPI.jpg","jetpack_sharing_enabled":true,"_links":{"self":[{"href":"https:\/\/progettotouring.it\/radiotouring104\/wp-json\/wp\/v2\/posts\/56957","targetHints":{"allow":["GET"]}}],"collection":[{"href":"https:\/\/progettotouring.it\/radiotouring104\/wp-json\/wp\/v2\/posts"}],"about":[{"href":"https:\/\/progettotouring.it\/radiotouring104\/wp-json\/wp\/v2\/types\/post"}],"author":[{"embeddable":true,"href":"https:\/\/progettotouring.it\/radiotouring104\/wp-json\/wp\/v2\/users\/12"}],"replies":[{"embeddable":true,"href":"https:\/\/progettotouring.it\/radiotouring104\/wp-json\/wp\/v2\/comments?post=56957"}],"version-history":[{"count":1,"href":"https:\/\/progettotouring.it\/radiotouring104\/wp-json\/wp\/v2\/posts\/56957\/revisions"}],"predecessor-version":[{"id":56958,"href":"https:\/\/progettotouring.it\/radiotouring104\/wp-json\/wp\/v2\/posts\/56957\/revisions\/56958"}],"wp:featuredmedia":[{"embeddable":true,"href":"https:\/\/progettotouring.it\/radiotouring104\/wp-json\/wp\/v2\/media\/14817"}],"wp:attachment":[{"href":"https:\/\/progettotouring.it\/radiotouring104\/wp-json\/wp\/v2\/media?parent=56957"}],"wp:term":[{"taxonomy":"category","embeddable":true,"href":"https:\/\/progettotouring.it\/radiotouring104\/wp-json\/wp\/v2\/categories?post=56957"},{"taxonomy":"post_tag","embeddable":true,"href":"https:\/\/progettotouring.it\/radiotouring104\/wp-json\/wp\/v2\/tags?post=56957"}],"curies":[{"name":"wp","href":"https:\/\/api.w.org\/{rel}","templated":true}]}}