{"id":56959,"date":"2024-08-27T12:21:22","date_gmt":"2024-08-27T10:21:22","guid":{"rendered":"https:\/\/progettotouring.it\/radiotouring104\/?p=56959"},"modified":"2024-08-27T12:41:22","modified_gmt":"2024-08-27T10:41:22","slug":"rhegium-julii-falcomata-elogia-il-premio","status":"publish","type":"post","link":"https:\/\/progettotouring.it\/radiotouring104\/2024\/08\/27\/rhegium-julii-falcomata-elogia-il-premio\/","title":{"rendered":"Rhegium Julii: Falcomat\u00e0 elogia il Premio"},"content":{"rendered":"<p style=\"text-align: justify\"><em>\u201cQuesta per me \u00e8 la decima edizione del Premio Rhegium Julii alla quale partecipo come primo cittadino di Reggio Calabria. Ricordo molto bene le prime riunioni quando si andava incontro anche a interrogativi abbastanza seri sulla possibilit\u00e0 di poter continuare a realizzare questo tipo di evento in quanto non vi erano le risorse necessarie a portare avanti il Premio che \u00e8 di straordinaria qualit\u00e0 a livello nazione. Le cose con il tempo sono cambiate, abbiamo avuto l\u2019opportunit\u00e0 di partecipare oltre che col sentimento, anche in maniera concreta, attraverso atti amministrativi che oggi mettono il premio Rhegium Julii ed in generale le attivit\u00e0 dell\u2019associazione, in qualche modo al sicuro, consentendo una programmazione che ha un orizzonte un po\u2019 pi\u00f9 ampio\u201d.<\/em> <strong>Cos\u00ec il Sindaco<\/strong> metropolitano di Reggio Calabria, <strong>Giuseppe Falcomat\u00e0, partecipando alla cerimonia di consegna del 56esimo<\/strong><em> \u2018Premio inedito Rhegium Julii 2024\u2019<\/em>, svoltasi al Circolo Tennis Rocco Polimeni di Reggio Calabria.<\/p>\n<p style=\"text-align: justify\"><em>\u201cLa qualit\u00e0 di questa attivit\u00e0 culturale prodotta dal Rhegium Julii<\/em> \u2013 <strong>ha aggiunto Falcomat\u00e0<\/strong> &#8211;<em> ci dice che dobbiamo fare ancora di pi\u00f9 se non ci vogliamo adagiare su quanto gi\u00e0 fatto, perch\u00e9 il Premio ormai \u00e8 ai primi posti nel settore della letteratura, nulla ci vieta che possa raggiungere il primo. Questa citt\u00e0 deve avere l\u2019ambizione, perch\u00e9 \u00e8 anche grazie alla resistenza, alla residenza, alla qualit\u00e0 dei premiati, all\u2019attivit\u00e0 culturale sul territorio, che oggi Reggio Calabria \u00e8 tra le 20 finaliste per essere Capitale italiana della Cultura 2027\u201d.<\/em> \u201c<em>E\u2019 una grandissima sfida<\/em> <strong>\u2013 ha evidenziato il primo cittadino<\/strong> &#8211; <em>che supera l\u2019orizzonte di un ciclo politico amministrativo, ma \u00e8 una sfida che ci deve vedere tutti i protagonisti, con uno spirito collaborativo e concreto. Dobbiamo essere chiaramente consapevoli che questa citt\u00e0 ha tutte le caratteristiche, le qualit\u00e0 per via del patrimonio storico, artistico, culturale, archeologico e naturale, non solo per arrivare in fondo a questa candidatura, ma per essere Capitale italiana della Cultura 2027. Si tratta di uno sforzo collettivo \u2013<\/em><strong> ha concluso<\/strong> &#8211;<em> al quale saremo chiamati tutti, con orgoglio e passione\u201d.<\/em><\/p>\n","protected":false},"excerpt":{"rendered":"<p>\u201cQuesta per me \u00e8 la decima edizione del Premio Rhegium Julii alla quale partecipo come primo cittadino di Reggio Calabria. Ricordo molto bene le prime riunioni quando si andava incontro&hellip;<\/p>\n","protected":false},"author":12,"featured_media":56960,"comment_status":"closed","ping_status":"open","sticky":false,"template":"","format":"standard","meta":{"_jetpack_memberships_contains_paid_content":false,"footnotes":"","jetpack_publicize_message":"","jetpack_publicize_feature_enabled":true,"jetpack_social_post_already_shared":false,"jetpack_social_options":{"image_generator_settings":{"template":"highway","default_image_id":0,"font":"","enabled":false},"version":2}},"categories":[921,150,196,140],"tags":[18012,30465,749,325],"class_list":["post-56959","post","type-post","status-publish","format-standard","has-post-thumbnail","hentry","category-home","category-in-primo-piano","category-news","category-reggio-calabria","tag-circolo-tennis-rocco-polimeni","tag-falcomata-giuseppe","tag-premio","tag-rhegium-julii"],"yoast_head":"<!-- This site is optimized with the Yoast SEO plugin v27.2 - https:\/\/yoast.com\/product\/yoast-seo-wordpress\/ -->\n<title>Rhegium Julii: Falcomat\u00e0 elogia il Premio<\/title>\n<meta name=\"description\" content=\"Il Sindaco alla consegna del Premio inedito 2024: \u201cPremio \u00e8 di straordinaria qualit\u00e0. Vogliamo diventi il primo a livello nazionale\u201d\" \/>\n<meta name=\"robots\" content=\"index, follow, max-snippet:-1, max-image-preview:large, max-video-preview:-1\" \/>\n<link rel=\"canonical\" href=\"https:\/\/progettotouring.it\/radiotouring104\/2024\/08\/27\/rhegium-julii-falcomata-elogia-il-premio\/\" \/>\n<meta property=\"og:locale\" content=\"it_IT\" \/>\n<meta property=\"og:type\" content=\"article\" \/>\n<meta property=\"og:title\" content=\"Rhegium Julii: Falcomat\u00e0 elogia il Premio\" \/>\n<meta property=\"og:description\" content=\"Il Sindaco alla consegna del Premio inedito 2024: \u201cPremio \u00e8 di straordinaria qualit\u00e0. Vogliamo diventi il primo a livello nazionale\u201d\" \/>\n<meta property=\"og:url\" content=\"https:\/\/progettotouring.it\/radiotouring104\/2024\/08\/27\/rhegium-julii-falcomata-elogia-il-premio\/\" \/>\n<meta property=\"og:site_name\" content=\"Radio Touring 104\" \/>\n<meta property=\"article:published_time\" content=\"2024-08-27T10:21:22+00:00\" \/>\n<meta property=\"article:modified_time\" content=\"2024-08-27T10:41:22+00:00\" \/>\n<meta property=\"og:image\" content=\"https:\/\/progettotouring.it\/radiotouring104\/wp-content\/uploads\/sites\/6\/2024\/08\/rhegium-julii-2024-1.jpeg\" \/>\n\t<meta property=\"og:image:width\" content=\"1600\" \/>\n\t<meta property=\"og:image:height\" content=\"1200\" \/>\n\t<meta property=\"og:image:type\" content=\"image\/jpeg\" \/>\n<meta name=\"author\" content=\"Sebastiano Plutino\" \/>\n<meta name=\"twitter:card\" content=\"summary_large_image\" \/>\n<meta name=\"twitter:label1\" content=\"Scritto da\" \/>\n\t<meta name=\"twitter:data1\" content=\"Sebastiano Plutino\" \/>\n\t<meta name=\"twitter:label2\" content=\"Tempo di lettura stimato\" \/>\n\t<meta name=\"twitter:data2\" content=\"2 minuti\" \/>\n<script type=\"application\/ld+json\" class=\"yoast-schema-graph\">{\"@context\":\"https:\/\/schema.org\",\"@graph\":[{\"@type\":\"Article\",\"@id\":\"https:\/\/progettotouring.it\/radiotouring104\/2024\/08\/27\/rhegium-julii-falcomata-elogia-il-premio\/#article\",\"isPartOf\":{\"@id\":\"https:\/\/progettotouring.it\/radiotouring104\/2024\/08\/27\/rhegium-julii-falcomata-elogia-il-premio\/\"},\"author\":{\"name\":\"Sebastiano Plutino\",\"@id\":\"https:\/\/progettotouring.it\/radiotouring104\/#\/schema\/person\/78613917f1851f041f7483f5af1d422e\"},\"headline\":\"Rhegium Julii: Falcomat\u00e0 elogia il Premio\",\"datePublished\":\"2024-08-27T10:21:22+00:00\",\"dateModified\":\"2024-08-27T10:41:22+00:00\",\"mainEntityOfPage\":{\"@id\":\"https:\/\/progettotouring.it\/radiotouring104\/2024\/08\/27\/rhegium-julii-falcomata-elogia-il-premio\/\"},\"wordCount\":331,\"publisher\":{\"@id\":\"https:\/\/progettotouring.it\/radiotouring104\/#organization\"},\"image\":{\"@id\":\"https:\/\/progettotouring.it\/radiotouring104\/2024\/08\/27\/rhegium-julii-falcomata-elogia-il-premio\/#primaryimage\"},\"thumbnailUrl\":\"https:\/\/progettotouring.it\/radiotouring104\/wp-content\/uploads\/sites\/6\/2024\/08\/rhegium-julii-2024-1.jpeg\",\"keywords\":[\"Circolo tennis 'Rocco Polimeni'\",\"Falcomat\u00e0 Giuseppe\",\"premio\",\"Rhegium Julii\"],\"articleSection\":[\"Home\",\"In primo piano\",\"News\",\"Reggio Calabria\"],\"inLanguage\":\"it-IT\"},{\"@type\":\"WebPage\",\"@id\":\"https:\/\/progettotouring.it\/radiotouring104\/2024\/08\/27\/rhegium-julii-falcomata-elogia-il-premio\/\",\"url\":\"https:\/\/progettotouring.it\/radiotouring104\/2024\/08\/27\/rhegium-julii-falcomata-elogia-il-premio\/\",\"name\":\"Rhegium Julii: Falcomat\u00e0 elogia il Premio\",\"isPartOf\":{\"@id\":\"https:\/\/progettotouring.it\/radiotouring104\/#website\"},\"primaryImageOfPage\":{\"@id\":\"https:\/\/progettotouring.it\/radiotouring104\/2024\/08\/27\/rhegium-julii-falcomata-elogia-il-premio\/#primaryimage\"},\"image\":{\"@id\":\"https:\/\/progettotouring.it\/radiotouring104\/2024\/08\/27\/rhegium-julii-falcomata-elogia-il-premio\/#primaryimage\"},\"thumbnailUrl\":\"https:\/\/progettotouring.it\/radiotouring104\/wp-content\/uploads\/sites\/6\/2024\/08\/rhegium-julii-2024-1.jpeg\",\"datePublished\":\"2024-08-27T10:21:22+00:00\",\"dateModified\":\"2024-08-27T10:41:22+00:00\",\"description\":\"Il Sindaco alla consegna del Premio inedito 2024: \u201cPremio \u00e8 di straordinaria qualit\u00e0. Vogliamo diventi il primo a livello nazionale\u201d\",\"breadcrumb\":{\"@id\":\"https:\/\/progettotouring.it\/radiotouring104\/2024\/08\/27\/rhegium-julii-falcomata-elogia-il-premio\/#breadcrumb\"},\"inLanguage\":\"it-IT\",\"potentialAction\":[{\"@type\":\"ReadAction\",\"target\":[\"https:\/\/progettotouring.it\/radiotouring104\/2024\/08\/27\/rhegium-julii-falcomata-elogia-il-premio\/\"]}]},{\"@type\":\"ImageObject\",\"inLanguage\":\"it-IT\",\"@id\":\"https:\/\/progettotouring.it\/radiotouring104\/2024\/08\/27\/rhegium-julii-falcomata-elogia-il-premio\/#primaryimage\",\"url\":\"https:\/\/progettotouring.it\/radiotouring104\/wp-content\/uploads\/sites\/6\/2024\/08\/rhegium-julii-2024-1.jpeg\",\"contentUrl\":\"https:\/\/progettotouring.it\/radiotouring104\/wp-content\/uploads\/sites\/6\/2024\/08\/rhegium-julii-2024-1.jpeg\",\"width\":1600,\"height\":1200},{\"@type\":\"BreadcrumbList\",\"@id\":\"https:\/\/progettotouring.it\/radiotouring104\/2024\/08\/27\/rhegium-julii-falcomata-elogia-il-premio\/#breadcrumb\",\"itemListElement\":[{\"@type\":\"ListItem\",\"position\":1,\"name\":\"Home\",\"item\":\"https:\/\/progettotouring.it\/radiotouring104\/\"},{\"@type\":\"ListItem\",\"position\":2,\"name\":\"Rhegium Julii: Falcomat\u00e0 elogia il Premio\"}]},{\"@type\":\"WebSite\",\"@id\":\"https:\/\/progettotouring.it\/radiotouring104\/#website\",\"url\":\"https:\/\/progettotouring.it\/radiotouring104\/\",\"name\":\"Radio Touring 104\",\"description\":\"La prima radio Reggina\",\"publisher\":{\"@id\":\"https:\/\/progettotouring.it\/radiotouring104\/#organization\"},\"potentialAction\":[{\"@type\":\"SearchAction\",\"target\":{\"@type\":\"EntryPoint\",\"urlTemplate\":\"https:\/\/progettotouring.it\/radiotouring104\/?s={search_term_string}\"},\"query-input\":{\"@type\":\"PropertyValueSpecification\",\"valueRequired\":true,\"valueName\":\"search_term_string\"}}],\"inLanguage\":\"it-IT\"},{\"@type\":\"Organization\",\"@id\":\"https:\/\/progettotouring.it\/radiotouring104\/#organization\",\"name\":\"Radio Touring 104\",\"url\":\"https:\/\/progettotouring.it\/radiotouring104\/\",\"logo\":{\"@type\":\"ImageObject\",\"inLanguage\":\"it-IT\",\"@id\":\"https:\/\/progettotouring.it\/radiotouring104\/#\/schema\/logo\/image\/\",\"url\":\"https:\/\/progettotouring.it\/radiotouring104\/wp-content\/uploads\/sites\/6\/2022\/02\/cropped-logo-radio-touring-104.png\",\"contentUrl\":\"https:\/\/progettotouring.it\/radiotouring104\/wp-content\/uploads\/sites\/6\/2022\/02\/cropped-logo-radio-touring-104.png\",\"width\":377,\"height\":182,\"caption\":\"Radio Touring 104\"},\"image\":{\"@id\":\"https:\/\/progettotouring.it\/radiotouring104\/#\/schema\/logo\/image\/\"}},{\"@type\":\"Person\",\"@id\":\"https:\/\/progettotouring.it\/radiotouring104\/#\/schema\/person\/78613917f1851f041f7483f5af1d422e\",\"name\":\"Sebastiano Plutino\",\"image\":{\"@type\":\"ImageObject\",\"inLanguage\":\"it-IT\",\"@id\":\"https:\/\/secure.gravatar.com\/avatar\/0546ffaa9b79224faf9f2a156b67a529ae861d3287c66c1d8ccfdf909bcba78d?s=96&d=mm&r=g\",\"url\":\"https:\/\/secure.gravatar.com\/avatar\/0546ffaa9b79224faf9f2a156b67a529ae861d3287c66c1d8ccfdf909bcba78d?s=96&d=mm&r=g\",\"contentUrl\":\"https:\/\/secure.gravatar.com\/avatar\/0546ffaa9b79224faf9f2a156b67a529ae861d3287c66c1d8ccfdf909bcba78d?s=96&d=mm&r=g\",\"caption\":\"Sebastiano Plutino\"},\"url\":\"https:\/\/progettotouring.it\/radiotouring104\/author\/sebastiano\/\"}]}<\/script>\n<!-- \/ Yoast SEO plugin. -->","yoast_head_json":{"title":"Rhegium Julii: Falcomat\u00e0 elogia il Premio","description":"Il Sindaco alla consegna del Premio inedito 2024: \u201cPremio \u00e8 di straordinaria qualit\u00e0. Vogliamo diventi il primo a livello nazionale\u201d","robots":{"index":"index","follow":"follow","max-snippet":"max-snippet:-1","max-image-preview":"max-image-preview:large","max-video-preview":"max-video-preview:-1"},"canonical":"https:\/\/progettotouring.it\/radiotouring104\/2024\/08\/27\/rhegium-julii-falcomata-elogia-il-premio\/","og_locale":"it_IT","og_type":"article","og_title":"Rhegium Julii: Falcomat\u00e0 elogia il Premio","og_description":"Il Sindaco alla consegna del Premio inedito 2024: \u201cPremio \u00e8 di straordinaria qualit\u00e0. Vogliamo diventi il primo a livello nazionale\u201d","og_url":"https:\/\/progettotouring.it\/radiotouring104\/2024\/08\/27\/rhegium-julii-falcomata-elogia-il-premio\/","og_site_name":"Radio Touring 104","article_published_time":"2024-08-27T10:21:22+00:00","article_modified_time":"2024-08-27T10:41:22+00:00","og_image":[{"width":1600,"height":1200,"url":"https:\/\/progettotouring.it\/radiotouring104\/wp-content\/uploads\/sites\/6\/2024\/08\/rhegium-julii-2024-1.jpeg","type":"image\/jpeg"}],"author":"Sebastiano Plutino","twitter_card":"summary_large_image","twitter_misc":{"Scritto da":"Sebastiano Plutino","Tempo di lettura stimato":"2 minuti"},"schema":{"@context":"https:\/\/schema.org","@graph":[{"@type":"Article","@id":"https:\/\/progettotouring.it\/radiotouring104\/2024\/08\/27\/rhegium-julii-falcomata-elogia-il-premio\/#article","isPartOf":{"@id":"https:\/\/progettotouring.it\/radiotouring104\/2024\/08\/27\/rhegium-julii-falcomata-elogia-il-premio\/"},"author":{"name":"Sebastiano Plutino","@id":"https:\/\/progettotouring.it\/radiotouring104\/#\/schema\/person\/78613917f1851f041f7483f5af1d422e"},"headline":"Rhegium Julii: Falcomat\u00e0 elogia il Premio","datePublished":"2024-08-27T10:21:22+00:00","dateModified":"2024-08-27T10:41:22+00:00","mainEntityOfPage":{"@id":"https:\/\/progettotouring.it\/radiotouring104\/2024\/08\/27\/rhegium-julii-falcomata-elogia-il-premio\/"},"wordCount":331,"publisher":{"@id":"https:\/\/progettotouring.it\/radiotouring104\/#organization"},"image":{"@id":"https:\/\/progettotouring.it\/radiotouring104\/2024\/08\/27\/rhegium-julii-falcomata-elogia-il-premio\/#primaryimage"},"thumbnailUrl":"https:\/\/progettotouring.it\/radiotouring104\/wp-content\/uploads\/sites\/6\/2024\/08\/rhegium-julii-2024-1.jpeg","keywords":["Circolo tennis 'Rocco Polimeni'","Falcomat\u00e0 Giuseppe","premio","Rhegium Julii"],"articleSection":["Home","In primo piano","News","Reggio Calabria"],"inLanguage":"it-IT"},{"@type":"WebPage","@id":"https:\/\/progettotouring.it\/radiotouring104\/2024\/08\/27\/rhegium-julii-falcomata-elogia-il-premio\/","url":"https:\/\/progettotouring.it\/radiotouring104\/2024\/08\/27\/rhegium-julii-falcomata-elogia-il-premio\/","name":"Rhegium Julii: Falcomat\u00e0 elogia il Premio","isPartOf":{"@id":"https:\/\/progettotouring.it\/radiotouring104\/#website"},"primaryImageOfPage":{"@id":"https:\/\/progettotouring.it\/radiotouring104\/2024\/08\/27\/rhegium-julii-falcomata-elogia-il-premio\/#primaryimage"},"image":{"@id":"https:\/\/progettotouring.it\/radiotouring104\/2024\/08\/27\/rhegium-julii-falcomata-elogia-il-premio\/#primaryimage"},"thumbnailUrl":"https:\/\/progettotouring.it\/radiotouring104\/wp-content\/uploads\/sites\/6\/2024\/08\/rhegium-julii-2024-1.jpeg","datePublished":"2024-08-27T10:21:22+00:00","dateModified":"2024-08-27T10:41:22+00:00","description":"Il Sindaco alla consegna del Premio inedito 2024: \u201cPremio \u00e8 di straordinaria qualit\u00e0. Vogliamo diventi il primo a livello nazionale\u201d","breadcrumb":{"@id":"https:\/\/progettotouring.it\/radiotouring104\/2024\/08\/27\/rhegium-julii-falcomata-elogia-il-premio\/#breadcrumb"},"inLanguage":"it-IT","potentialAction":[{"@type":"ReadAction","target":["https:\/\/progettotouring.it\/radiotouring104\/2024\/08\/27\/rhegium-julii-falcomata-elogia-il-premio\/"]}]},{"@type":"ImageObject","inLanguage":"it-IT","@id":"https:\/\/progettotouring.it\/radiotouring104\/2024\/08\/27\/rhegium-julii-falcomata-elogia-il-premio\/#primaryimage","url":"https:\/\/progettotouring.it\/radiotouring104\/wp-content\/uploads\/sites\/6\/2024\/08\/rhegium-julii-2024-1.jpeg","contentUrl":"https:\/\/progettotouring.it\/radiotouring104\/wp-content\/uploads\/sites\/6\/2024\/08\/rhegium-julii-2024-1.jpeg","width":1600,"height":1200},{"@type":"BreadcrumbList","@id":"https:\/\/progettotouring.it\/radiotouring104\/2024\/08\/27\/rhegium-julii-falcomata-elogia-il-premio\/#breadcrumb","itemListElement":[{"@type":"ListItem","position":1,"name":"Home","item":"https:\/\/progettotouring.it\/radiotouring104\/"},{"@type":"ListItem","position":2,"name":"Rhegium Julii: Falcomat\u00e0 elogia il Premio"}]},{"@type":"WebSite","@id":"https:\/\/progettotouring.it\/radiotouring104\/#website","url":"https:\/\/progettotouring.it\/radiotouring104\/","name":"Radio Touring 104","description":"La prima radio Reggina","publisher":{"@id":"https:\/\/progettotouring.it\/radiotouring104\/#organization"},"potentialAction":[{"@type":"SearchAction","target":{"@type":"EntryPoint","urlTemplate":"https:\/\/progettotouring.it\/radiotouring104\/?s={search_term_string}"},"query-input":{"@type":"PropertyValueSpecification","valueRequired":true,"valueName":"search_term_string"}}],"inLanguage":"it-IT"},{"@type":"Organization","@id":"https:\/\/progettotouring.it\/radiotouring104\/#organization","name":"Radio Touring 104","url":"https:\/\/progettotouring.it\/radiotouring104\/","logo":{"@type":"ImageObject","inLanguage":"it-IT","@id":"https:\/\/progettotouring.it\/radiotouring104\/#\/schema\/logo\/image\/","url":"https:\/\/progettotouring.it\/radiotouring104\/wp-content\/uploads\/sites\/6\/2022\/02\/cropped-logo-radio-touring-104.png","contentUrl":"https:\/\/progettotouring.it\/radiotouring104\/wp-content\/uploads\/sites\/6\/2022\/02\/cropped-logo-radio-touring-104.png","width":377,"height":182,"caption":"Radio Touring 104"},"image":{"@id":"https:\/\/progettotouring.it\/radiotouring104\/#\/schema\/logo\/image\/"}},{"@type":"Person","@id":"https:\/\/progettotouring.it\/radiotouring104\/#\/schema\/person\/78613917f1851f041f7483f5af1d422e","name":"Sebastiano Plutino","image":{"@type":"ImageObject","inLanguage":"it-IT","@id":"https:\/\/secure.gravatar.com\/avatar\/0546ffaa9b79224faf9f2a156b67a529ae861d3287c66c1d8ccfdf909bcba78d?s=96&d=mm&r=g","url":"https:\/\/secure.gravatar.com\/avatar\/0546ffaa9b79224faf9f2a156b67a529ae861d3287c66c1d8ccfdf909bcba78d?s=96&d=mm&r=g","contentUrl":"https:\/\/secure.gravatar.com\/avatar\/0546ffaa9b79224faf9f2a156b67a529ae861d3287c66c1d8ccfdf909bcba78d?s=96&d=mm&r=g","caption":"Sebastiano Plutino"},"url":"https:\/\/progettotouring.it\/radiotouring104\/author\/sebastiano\/"}]}},"jetpack_publicize_connections":[],"jetpack_featured_media_url":"https:\/\/progettotouring.it\/radiotouring104\/wp-content\/uploads\/sites\/6\/2024\/08\/rhegium-julii-2024-1.jpeg","jetpack_sharing_enabled":true,"_links":{"self":[{"href":"https:\/\/progettotouring.it\/radiotouring104\/wp-json\/wp\/v2\/posts\/56959","targetHints":{"allow":["GET"]}}],"collection":[{"href":"https:\/\/progettotouring.it\/radiotouring104\/wp-json\/wp\/v2\/posts"}],"about":[{"href":"https:\/\/progettotouring.it\/radiotouring104\/wp-json\/wp\/v2\/types\/post"}],"author":[{"embeddable":true,"href":"https:\/\/progettotouring.it\/radiotouring104\/wp-json\/wp\/v2\/users\/12"}],"replies":[{"embeddable":true,"href":"https:\/\/progettotouring.it\/radiotouring104\/wp-json\/wp\/v2\/comments?post=56959"}],"version-history":[{"count":1,"href":"https:\/\/progettotouring.it\/radiotouring104\/wp-json\/wp\/v2\/posts\/56959\/revisions"}],"predecessor-version":[{"id":56961,"href":"https:\/\/progettotouring.it\/radiotouring104\/wp-json\/wp\/v2\/posts\/56959\/revisions\/56961"}],"wp:featuredmedia":[{"embeddable":true,"href":"https:\/\/progettotouring.it\/radiotouring104\/wp-json\/wp\/v2\/media\/56960"}],"wp:attachment":[{"href":"https:\/\/progettotouring.it\/radiotouring104\/wp-json\/wp\/v2\/media?parent=56959"}],"wp:term":[{"taxonomy":"category","embeddable":true,"href":"https:\/\/progettotouring.it\/radiotouring104\/wp-json\/wp\/v2\/categories?post=56959"},{"taxonomy":"post_tag","embeddable":true,"href":"https:\/\/progettotouring.it\/radiotouring104\/wp-json\/wp\/v2\/tags?post=56959"}],"curies":[{"name":"wp","href":"https:\/\/api.w.org\/{rel}","templated":true}]}}