{"id":56965,"date":"2024-08-27T12:30:58","date_gmt":"2024-08-27T10:30:58","guid":{"rendered":"https:\/\/progettotouring.it\/radiotouring104\/?p=56965"},"modified":"2024-08-27T13:05:08","modified_gmt":"2024-08-27T11:05:08","slug":"palazzo-san-giorgio-lopera-dal-balcone-affascina-reggini-e-turisti","status":"publish","type":"post","link":"https:\/\/progettotouring.it\/radiotouring104\/2024\/08\/27\/palazzo-san-giorgio-lopera-dal-balcone-affascina-reggini-e-turisti\/","title":{"rendered":"Palazzo San Giorgio: L\u2019Opera dal balcone affascina reggini e turisti"},"content":{"rendered":"<p style=\"text-align: justify\">Era stato un <strong>successo<\/strong> gi\u00e0 alla prima ma il<strong> secondo appuntamento sotto il balcone di Palazzo San Giorgio<\/strong> ha confermato ampiamente il gradimento del programma, di assoluto rilievo, delle <strong>Serenate e dell\u2019Opera<\/strong> cantate da questo suggestivo affaccio che d\u00e0 sul Corso e, soprattutto, sul <strong>Teatro Cilea.<\/strong><\/p>\n<p>Un esperimento posto in essere per la prima volta a Reggio Calabria ed utilizzato in alcune capitali europee che ha incrociato il favore non solo di melomani o di professionisti della musica ma anche di moltissimi cittadini, perch\u00e9, alla fine, il valore concreto della cultura si misura rispetto a ci\u00f2 che lascia, in senso immateriale, nell\u2019animo dei suoi fruitori.<\/p>\n<p>Non sar\u00e0 sfuggito, da questo punto di vista, il viso commosso di molti che hanno assistito a questa due giorni. Aspetto che vale pi\u00f9 di un ordinario coinvolgimento o entusiasmo.<\/p>\n<p>Una scaletta articolata e ricchissima, in questo secondo appuntamento, che ha infilato (una dietro l\u2019altra) delle vere e proprie \u201cperle\u201d. Tra queste i capolavori di Mozart, <em>&#8220;Tutto ancor non ho perso&#8230; Via resti servita&#8221;<\/em> &#8211; Le nozze di Figaro, &#8220;Cosa mi narri&#8230; Sull&#8217;aria&#8221; &#8211; Le nozze di Figaro, &#8220;Prender\u00f2 quel brunettino&#8221; &#8211; Cos\u00ec fan tutte, ed ancora &#8220;Sous le d\u00f4mes epais&#8221; &#8211; Lakm\u00e9 &#8211; di Delibes,\u00a0&#8220;Sono pochi fiori&#8221; &#8211; L&#8217;amico Fritz di Mascagni, ed alcuni tra i principali successi di Puccini,\u00a0&#8220;Ch&#8217;il bel sogno&#8221; &#8211; La Rondine,\u00a0&#8220;Un bel d\u00ec vedremo&#8221; &#8211; Madama Butterfly,\u00a0&#8220;O mio Babbino caro&#8221; &#8211; Gianni Schicchi,\u00a0&#8220;Donde lieta&#8221; &#8211; La Boh\u00e8me,\u00a0&#8220;Quando m&#8217;en vo&#8221; &#8211; La Boh\u00e8me,\u00a0&#8220;Scorri, fiume eterno&#8221; &#8211; Tabarro, ed ancora Donizetti con\u00a0&#8220;Udite o rustici&#8221; &#8211; L&#8217;elisir d&#8217;amore,\u00a0&#8220;Vien Leonora&#8221; &#8211; La favorita,\u00a0&#8220;Come s&#8217;en va contento&#8230; Quanto amor&#8221; &#8211; L&#8217;elisir d&#8217;amore.\u00a0Grande spazio a Puccini, nel suo centenario, che, sempre nell&#8217;ambito del Festival &#8220;Cilea&#8221;, all\u2019Arena dello Stretto, avr\u00e0 un tributo tutto suo con \u201cLe donne di Puccini\u201d.<\/p>\n<p>Ad interpretare le<strong> soavi note dal balcone di Palazzo San Giorgio,<\/strong> in modo apprezzato ed impeccabile, le voci ed i nostri musicisti del Conservatorio: una scelta precisa che il direttore artistico Alessandro Tirotta ha voluto sottolineare non solo in occasione della presentazione del \u201cCilea Lyric &amp; Classic Music Festival\u201d ma anche prima di ogni evento.<\/p>\n<p>Le due soprano<strong> Chiara Pirr\u00f2 e Roberta Panuccio,<\/strong> il baritono <strong>Domenico Cagliuso<\/strong> e, al pianoforte, <strong>Francesco Rosaniti.<\/strong>\u00a0L\u2019immagine della citt\u00e0 che \u201calza gli occhi ed il cuore\u201d la suggerisce sia la scelta dell\u2019esperimento della musica dai balconi che quella di produrre lo spettacolo interamente con professionisti locali.\u00a0Una Reggio culturale e musicale che piace, che diverte e che, non solo metaforicamente, guarda in alto. Non \u00e8 solo una suggestione, perch\u00e9 chi \u00e8 passato in questi giorni tra il Teatro Cilea e Palazzo San Giorgio ha vissuto un&#8217;esperienza che propone una Reggio in gran stile.<\/p>\n<p>Le immagini ed i suoni diventano un patrimonio collettivo e, attraverso la memoria, rigenerano bellezza e cultura.\u00a0E&#8217; possibile affermare, anche senza alcuna enfasi, che un festival come questo pu\u00f2 veramente trasformare un sentire ed una sensibilit\u00e0; ricollegando la citt\u00e0 alle sue espressioni pi\u00f9 elevate. Per ora ci si gusta il riecheggiare di queste suggestioni sui muri e sulle scale del Teatro Cilea; e passando sotto Palazzo San Giorgio si pu\u00f2 guardare ancora a quel balcone aspettandosi che da quelle finestre tiri un vento carico di emozioni.<\/p>\n<p>L\u2019appuntamento per i prossimi eventi del festival \u00e8 all\u2019Arena dello Stretto con \u201cLe donne di Puccini\u201d, \u201cPierino e il lupo\u201d e \u201cMusica e Cinema\u201d.<\/p>\n","protected":false},"excerpt":{"rendered":"<p>Era stato un successo gi\u00e0 alla prima ma il secondo appuntamento sotto il balcone di Palazzo San Giorgio ha confermato ampiamente il gradimento del programma, di assoluto rilievo, delle Serenate&hellip;<\/p>\n","protected":false},"author":12,"featured_media":56966,"comment_status":"closed","ping_status":"open","sticky":false,"template":"","format":"standard","meta":{"_jetpack_memberships_contains_paid_content":false,"footnotes":"","jetpack_publicize_message":"","jetpack_publicize_feature_enabled":true,"jetpack_social_post_already_shared":false,"jetpack_social_options":{"image_generator_settings":{"template":"highway","default_image_id":0,"font":"","enabled":false},"version":2}},"categories":[921,150,196,140],"tags":[35021,659,35022,273],"class_list":["post-56965","post","type-post","status-publish","format-standard","has-post-thumbnail","hentry","category-home","category-in-primo-piano","category-news","category-reggio-calabria","tag-lopera-dal-balcone","tag-palazzo-san-giorgio","tag-secondo-appuntamento","tag-teatro-cilea"],"yoast_head":"<!-- This site is optimized with the Yoast SEO plugin v27.2 - https:\/\/yoast.com\/product\/yoast-seo-wordpress\/ -->\n<title>Palazzo San Giorgio: L\u2019Opera dal balcone affascina reggini e turisti - Radio Touring 104<\/title>\n<meta name=\"description\" content=\"Grande successo per il secondo appuntamento del Festival Cilea. Il programma torna all&#039;Arena dello Stretto con l&#039;omaggio a Puccini\" \/>\n<meta name=\"robots\" content=\"index, follow, max-snippet:-1, max-image-preview:large, max-video-preview:-1\" \/>\n<link rel=\"canonical\" href=\"https:\/\/progettotouring.it\/radiotouring104\/2024\/08\/27\/palazzo-san-giorgio-lopera-dal-balcone-affascina-reggini-e-turisti\/\" \/>\n<meta property=\"og:locale\" content=\"it_IT\" \/>\n<meta property=\"og:type\" content=\"article\" \/>\n<meta property=\"og:title\" content=\"Palazzo San Giorgio: L\u2019Opera dal balcone affascina reggini e turisti - Radio Touring 104\" \/>\n<meta property=\"og:description\" content=\"Grande successo per il secondo appuntamento del Festival Cilea. Il programma torna all&#039;Arena dello Stretto con l&#039;omaggio a Puccini\" \/>\n<meta property=\"og:url\" content=\"https:\/\/progettotouring.it\/radiotouring104\/2024\/08\/27\/palazzo-san-giorgio-lopera-dal-balcone-affascina-reggini-e-turisti\/\" \/>\n<meta property=\"og:site_name\" content=\"Radio Touring 104\" \/>\n<meta property=\"article:published_time\" content=\"2024-08-27T10:30:58+00:00\" \/>\n<meta property=\"article:modified_time\" content=\"2024-08-27T11:05:08+00:00\" \/>\n<meta property=\"og:image\" content=\"https:\/\/progettotouring.it\/radiotouring104\/wp-content\/uploads\/sites\/6\/2024\/08\/cilea-balcone-bis-4.jpeg\" \/>\n\t<meta property=\"og:image:width\" content=\"1600\" \/>\n\t<meta property=\"og:image:height\" content=\"900\" \/>\n\t<meta property=\"og:image:type\" content=\"image\/jpeg\" \/>\n<meta name=\"author\" content=\"Sebastiano Plutino\" \/>\n<meta name=\"twitter:card\" content=\"summary_large_image\" \/>\n<meta name=\"twitter:label1\" content=\"Scritto da\" \/>\n\t<meta name=\"twitter:data1\" content=\"Sebastiano Plutino\" \/>\n\t<meta name=\"twitter:label2\" content=\"Tempo di lettura stimato\" \/>\n\t<meta name=\"twitter:data2\" content=\"3 minuti\" \/>\n<script type=\"application\/ld+json\" class=\"yoast-schema-graph\">{\"@context\":\"https:\/\/schema.org\",\"@graph\":[{\"@type\":\"Article\",\"@id\":\"https:\/\/progettotouring.it\/radiotouring104\/2024\/08\/27\/palazzo-san-giorgio-lopera-dal-balcone-affascina-reggini-e-turisti\/#article\",\"isPartOf\":{\"@id\":\"https:\/\/progettotouring.it\/radiotouring104\/2024\/08\/27\/palazzo-san-giorgio-lopera-dal-balcone-affascina-reggini-e-turisti\/\"},\"author\":{\"name\":\"Sebastiano Plutino\",\"@id\":\"https:\/\/progettotouring.it\/radiotouring104\/#\/schema\/person\/78613917f1851f041f7483f5af1d422e\"},\"headline\":\"Palazzo San Giorgio: L\u2019Opera dal balcone affascina reggini e turisti\",\"datePublished\":\"2024-08-27T10:30:58+00:00\",\"dateModified\":\"2024-08-27T11:05:08+00:00\",\"mainEntityOfPage\":{\"@id\":\"https:\/\/progettotouring.it\/radiotouring104\/2024\/08\/27\/palazzo-san-giorgio-lopera-dal-balcone-affascina-reggini-e-turisti\/\"},\"wordCount\":582,\"publisher\":{\"@id\":\"https:\/\/progettotouring.it\/radiotouring104\/#organization\"},\"image\":{\"@id\":\"https:\/\/progettotouring.it\/radiotouring104\/2024\/08\/27\/palazzo-san-giorgio-lopera-dal-balcone-affascina-reggini-e-turisti\/#primaryimage\"},\"thumbnailUrl\":\"https:\/\/progettotouring.it\/radiotouring104\/wp-content\/uploads\/sites\/6\/2024\/08\/cilea-balcone-bis-4.jpeg\",\"keywords\":[\"L\u2019Opera dal balcone\",\"palazzo san giorgio\",\"secondo appuntamento\",\"Teatro Cilea\"],\"articleSection\":[\"Home\",\"In primo piano\",\"News\",\"Reggio Calabria\"],\"inLanguage\":\"it-IT\"},{\"@type\":\"WebPage\",\"@id\":\"https:\/\/progettotouring.it\/radiotouring104\/2024\/08\/27\/palazzo-san-giorgio-lopera-dal-balcone-affascina-reggini-e-turisti\/\",\"url\":\"https:\/\/progettotouring.it\/radiotouring104\/2024\/08\/27\/palazzo-san-giorgio-lopera-dal-balcone-affascina-reggini-e-turisti\/\",\"name\":\"Palazzo San Giorgio: L\u2019Opera dal balcone affascina reggini e turisti - Radio Touring 104\",\"isPartOf\":{\"@id\":\"https:\/\/progettotouring.it\/radiotouring104\/#website\"},\"primaryImageOfPage\":{\"@id\":\"https:\/\/progettotouring.it\/radiotouring104\/2024\/08\/27\/palazzo-san-giorgio-lopera-dal-balcone-affascina-reggini-e-turisti\/#primaryimage\"},\"image\":{\"@id\":\"https:\/\/progettotouring.it\/radiotouring104\/2024\/08\/27\/palazzo-san-giorgio-lopera-dal-balcone-affascina-reggini-e-turisti\/#primaryimage\"},\"thumbnailUrl\":\"https:\/\/progettotouring.it\/radiotouring104\/wp-content\/uploads\/sites\/6\/2024\/08\/cilea-balcone-bis-4.jpeg\",\"datePublished\":\"2024-08-27T10:30:58+00:00\",\"dateModified\":\"2024-08-27T11:05:08+00:00\",\"description\":\"Grande successo per il secondo appuntamento del Festival Cilea. Il programma torna all'Arena dello Stretto con l'omaggio a Puccini\",\"breadcrumb\":{\"@id\":\"https:\/\/progettotouring.it\/radiotouring104\/2024\/08\/27\/palazzo-san-giorgio-lopera-dal-balcone-affascina-reggini-e-turisti\/#breadcrumb\"},\"inLanguage\":\"it-IT\",\"potentialAction\":[{\"@type\":\"ReadAction\",\"target\":[\"https:\/\/progettotouring.it\/radiotouring104\/2024\/08\/27\/palazzo-san-giorgio-lopera-dal-balcone-affascina-reggini-e-turisti\/\"]}]},{\"@type\":\"ImageObject\",\"inLanguage\":\"it-IT\",\"@id\":\"https:\/\/progettotouring.it\/radiotouring104\/2024\/08\/27\/palazzo-san-giorgio-lopera-dal-balcone-affascina-reggini-e-turisti\/#primaryimage\",\"url\":\"https:\/\/progettotouring.it\/radiotouring104\/wp-content\/uploads\/sites\/6\/2024\/08\/cilea-balcone-bis-4.jpeg\",\"contentUrl\":\"https:\/\/progettotouring.it\/radiotouring104\/wp-content\/uploads\/sites\/6\/2024\/08\/cilea-balcone-bis-4.jpeg\",\"width\":1600,\"height\":900},{\"@type\":\"BreadcrumbList\",\"@id\":\"https:\/\/progettotouring.it\/radiotouring104\/2024\/08\/27\/palazzo-san-giorgio-lopera-dal-balcone-affascina-reggini-e-turisti\/#breadcrumb\",\"itemListElement\":[{\"@type\":\"ListItem\",\"position\":1,\"name\":\"Home\",\"item\":\"https:\/\/progettotouring.it\/radiotouring104\/\"},{\"@type\":\"ListItem\",\"position\":2,\"name\":\"Palazzo San Giorgio: L\u2019Opera dal balcone affascina reggini e turisti\"}]},{\"@type\":\"WebSite\",\"@id\":\"https:\/\/progettotouring.it\/radiotouring104\/#website\",\"url\":\"https:\/\/progettotouring.it\/radiotouring104\/\",\"name\":\"Radio Touring 104\",\"description\":\"La prima radio Reggina\",\"publisher\":{\"@id\":\"https:\/\/progettotouring.it\/radiotouring104\/#organization\"},\"potentialAction\":[{\"@type\":\"SearchAction\",\"target\":{\"@type\":\"EntryPoint\",\"urlTemplate\":\"https:\/\/progettotouring.it\/radiotouring104\/?s={search_term_string}\"},\"query-input\":{\"@type\":\"PropertyValueSpecification\",\"valueRequired\":true,\"valueName\":\"search_term_string\"}}],\"inLanguage\":\"it-IT\"},{\"@type\":\"Organization\",\"@id\":\"https:\/\/progettotouring.it\/radiotouring104\/#organization\",\"name\":\"Radio Touring 104\",\"url\":\"https:\/\/progettotouring.it\/radiotouring104\/\",\"logo\":{\"@type\":\"ImageObject\",\"inLanguage\":\"it-IT\",\"@id\":\"https:\/\/progettotouring.it\/radiotouring104\/#\/schema\/logo\/image\/\",\"url\":\"https:\/\/progettotouring.it\/radiotouring104\/wp-content\/uploads\/sites\/6\/2022\/02\/cropped-logo-radio-touring-104.png\",\"contentUrl\":\"https:\/\/progettotouring.it\/radiotouring104\/wp-content\/uploads\/sites\/6\/2022\/02\/cropped-logo-radio-touring-104.png\",\"width\":377,\"height\":182,\"caption\":\"Radio Touring 104\"},\"image\":{\"@id\":\"https:\/\/progettotouring.it\/radiotouring104\/#\/schema\/logo\/image\/\"}},{\"@type\":\"Person\",\"@id\":\"https:\/\/progettotouring.it\/radiotouring104\/#\/schema\/person\/78613917f1851f041f7483f5af1d422e\",\"name\":\"Sebastiano Plutino\",\"image\":{\"@type\":\"ImageObject\",\"inLanguage\":\"it-IT\",\"@id\":\"https:\/\/secure.gravatar.com\/avatar\/0546ffaa9b79224faf9f2a156b67a529ae861d3287c66c1d8ccfdf909bcba78d?s=96&d=mm&r=g\",\"url\":\"https:\/\/secure.gravatar.com\/avatar\/0546ffaa9b79224faf9f2a156b67a529ae861d3287c66c1d8ccfdf909bcba78d?s=96&d=mm&r=g\",\"contentUrl\":\"https:\/\/secure.gravatar.com\/avatar\/0546ffaa9b79224faf9f2a156b67a529ae861d3287c66c1d8ccfdf909bcba78d?s=96&d=mm&r=g\",\"caption\":\"Sebastiano Plutino\"},\"url\":\"https:\/\/progettotouring.it\/radiotouring104\/author\/sebastiano\/\"}]}<\/script>\n<!-- \/ Yoast SEO plugin. -->","yoast_head_json":{"title":"Palazzo San Giorgio: L\u2019Opera dal balcone affascina reggini e turisti - Radio Touring 104","description":"Grande successo per il secondo appuntamento del Festival Cilea. Il programma torna all'Arena dello Stretto con l'omaggio a Puccini","robots":{"index":"index","follow":"follow","max-snippet":"max-snippet:-1","max-image-preview":"max-image-preview:large","max-video-preview":"max-video-preview:-1"},"canonical":"https:\/\/progettotouring.it\/radiotouring104\/2024\/08\/27\/palazzo-san-giorgio-lopera-dal-balcone-affascina-reggini-e-turisti\/","og_locale":"it_IT","og_type":"article","og_title":"Palazzo San Giorgio: L\u2019Opera dal balcone affascina reggini e turisti - Radio Touring 104","og_description":"Grande successo per il secondo appuntamento del Festival Cilea. Il programma torna all'Arena dello Stretto con l'omaggio a Puccini","og_url":"https:\/\/progettotouring.it\/radiotouring104\/2024\/08\/27\/palazzo-san-giorgio-lopera-dal-balcone-affascina-reggini-e-turisti\/","og_site_name":"Radio Touring 104","article_published_time":"2024-08-27T10:30:58+00:00","article_modified_time":"2024-08-27T11:05:08+00:00","og_image":[{"width":1600,"height":900,"url":"https:\/\/progettotouring.it\/radiotouring104\/wp-content\/uploads\/sites\/6\/2024\/08\/cilea-balcone-bis-4.jpeg","type":"image\/jpeg"}],"author":"Sebastiano Plutino","twitter_card":"summary_large_image","twitter_misc":{"Scritto da":"Sebastiano Plutino","Tempo di lettura stimato":"3 minuti"},"schema":{"@context":"https:\/\/schema.org","@graph":[{"@type":"Article","@id":"https:\/\/progettotouring.it\/radiotouring104\/2024\/08\/27\/palazzo-san-giorgio-lopera-dal-balcone-affascina-reggini-e-turisti\/#article","isPartOf":{"@id":"https:\/\/progettotouring.it\/radiotouring104\/2024\/08\/27\/palazzo-san-giorgio-lopera-dal-balcone-affascina-reggini-e-turisti\/"},"author":{"name":"Sebastiano Plutino","@id":"https:\/\/progettotouring.it\/radiotouring104\/#\/schema\/person\/78613917f1851f041f7483f5af1d422e"},"headline":"Palazzo San Giorgio: L\u2019Opera dal balcone affascina reggini e turisti","datePublished":"2024-08-27T10:30:58+00:00","dateModified":"2024-08-27T11:05:08+00:00","mainEntityOfPage":{"@id":"https:\/\/progettotouring.it\/radiotouring104\/2024\/08\/27\/palazzo-san-giorgio-lopera-dal-balcone-affascina-reggini-e-turisti\/"},"wordCount":582,"publisher":{"@id":"https:\/\/progettotouring.it\/radiotouring104\/#organization"},"image":{"@id":"https:\/\/progettotouring.it\/radiotouring104\/2024\/08\/27\/palazzo-san-giorgio-lopera-dal-balcone-affascina-reggini-e-turisti\/#primaryimage"},"thumbnailUrl":"https:\/\/progettotouring.it\/radiotouring104\/wp-content\/uploads\/sites\/6\/2024\/08\/cilea-balcone-bis-4.jpeg","keywords":["L\u2019Opera dal balcone","palazzo san giorgio","secondo appuntamento","Teatro Cilea"],"articleSection":["Home","In primo piano","News","Reggio Calabria"],"inLanguage":"it-IT"},{"@type":"WebPage","@id":"https:\/\/progettotouring.it\/radiotouring104\/2024\/08\/27\/palazzo-san-giorgio-lopera-dal-balcone-affascina-reggini-e-turisti\/","url":"https:\/\/progettotouring.it\/radiotouring104\/2024\/08\/27\/palazzo-san-giorgio-lopera-dal-balcone-affascina-reggini-e-turisti\/","name":"Palazzo San Giorgio: L\u2019Opera dal balcone affascina reggini e turisti - Radio Touring 104","isPartOf":{"@id":"https:\/\/progettotouring.it\/radiotouring104\/#website"},"primaryImageOfPage":{"@id":"https:\/\/progettotouring.it\/radiotouring104\/2024\/08\/27\/palazzo-san-giorgio-lopera-dal-balcone-affascina-reggini-e-turisti\/#primaryimage"},"image":{"@id":"https:\/\/progettotouring.it\/radiotouring104\/2024\/08\/27\/palazzo-san-giorgio-lopera-dal-balcone-affascina-reggini-e-turisti\/#primaryimage"},"thumbnailUrl":"https:\/\/progettotouring.it\/radiotouring104\/wp-content\/uploads\/sites\/6\/2024\/08\/cilea-balcone-bis-4.jpeg","datePublished":"2024-08-27T10:30:58+00:00","dateModified":"2024-08-27T11:05:08+00:00","description":"Grande successo per il secondo appuntamento del Festival Cilea. Il programma torna all'Arena dello Stretto con l'omaggio a Puccini","breadcrumb":{"@id":"https:\/\/progettotouring.it\/radiotouring104\/2024\/08\/27\/palazzo-san-giorgio-lopera-dal-balcone-affascina-reggini-e-turisti\/#breadcrumb"},"inLanguage":"it-IT","potentialAction":[{"@type":"ReadAction","target":["https:\/\/progettotouring.it\/radiotouring104\/2024\/08\/27\/palazzo-san-giorgio-lopera-dal-balcone-affascina-reggini-e-turisti\/"]}]},{"@type":"ImageObject","inLanguage":"it-IT","@id":"https:\/\/progettotouring.it\/radiotouring104\/2024\/08\/27\/palazzo-san-giorgio-lopera-dal-balcone-affascina-reggini-e-turisti\/#primaryimage","url":"https:\/\/progettotouring.it\/radiotouring104\/wp-content\/uploads\/sites\/6\/2024\/08\/cilea-balcone-bis-4.jpeg","contentUrl":"https:\/\/progettotouring.it\/radiotouring104\/wp-content\/uploads\/sites\/6\/2024\/08\/cilea-balcone-bis-4.jpeg","width":1600,"height":900},{"@type":"BreadcrumbList","@id":"https:\/\/progettotouring.it\/radiotouring104\/2024\/08\/27\/palazzo-san-giorgio-lopera-dal-balcone-affascina-reggini-e-turisti\/#breadcrumb","itemListElement":[{"@type":"ListItem","position":1,"name":"Home","item":"https:\/\/progettotouring.it\/radiotouring104\/"},{"@type":"ListItem","position":2,"name":"Palazzo San Giorgio: L\u2019Opera dal balcone affascina reggini e turisti"}]},{"@type":"WebSite","@id":"https:\/\/progettotouring.it\/radiotouring104\/#website","url":"https:\/\/progettotouring.it\/radiotouring104\/","name":"Radio Touring 104","description":"La prima radio Reggina","publisher":{"@id":"https:\/\/progettotouring.it\/radiotouring104\/#organization"},"potentialAction":[{"@type":"SearchAction","target":{"@type":"EntryPoint","urlTemplate":"https:\/\/progettotouring.it\/radiotouring104\/?s={search_term_string}"},"query-input":{"@type":"PropertyValueSpecification","valueRequired":true,"valueName":"search_term_string"}}],"inLanguage":"it-IT"},{"@type":"Organization","@id":"https:\/\/progettotouring.it\/radiotouring104\/#organization","name":"Radio Touring 104","url":"https:\/\/progettotouring.it\/radiotouring104\/","logo":{"@type":"ImageObject","inLanguage":"it-IT","@id":"https:\/\/progettotouring.it\/radiotouring104\/#\/schema\/logo\/image\/","url":"https:\/\/progettotouring.it\/radiotouring104\/wp-content\/uploads\/sites\/6\/2022\/02\/cropped-logo-radio-touring-104.png","contentUrl":"https:\/\/progettotouring.it\/radiotouring104\/wp-content\/uploads\/sites\/6\/2022\/02\/cropped-logo-radio-touring-104.png","width":377,"height":182,"caption":"Radio Touring 104"},"image":{"@id":"https:\/\/progettotouring.it\/radiotouring104\/#\/schema\/logo\/image\/"}},{"@type":"Person","@id":"https:\/\/progettotouring.it\/radiotouring104\/#\/schema\/person\/78613917f1851f041f7483f5af1d422e","name":"Sebastiano Plutino","image":{"@type":"ImageObject","inLanguage":"it-IT","@id":"https:\/\/secure.gravatar.com\/avatar\/0546ffaa9b79224faf9f2a156b67a529ae861d3287c66c1d8ccfdf909bcba78d?s=96&d=mm&r=g","url":"https:\/\/secure.gravatar.com\/avatar\/0546ffaa9b79224faf9f2a156b67a529ae861d3287c66c1d8ccfdf909bcba78d?s=96&d=mm&r=g","contentUrl":"https:\/\/secure.gravatar.com\/avatar\/0546ffaa9b79224faf9f2a156b67a529ae861d3287c66c1d8ccfdf909bcba78d?s=96&d=mm&r=g","caption":"Sebastiano Plutino"},"url":"https:\/\/progettotouring.it\/radiotouring104\/author\/sebastiano\/"}]}},"jetpack_publicize_connections":[],"jetpack_featured_media_url":"https:\/\/progettotouring.it\/radiotouring104\/wp-content\/uploads\/sites\/6\/2024\/08\/cilea-balcone-bis-4.jpeg","jetpack_sharing_enabled":true,"_links":{"self":[{"href":"https:\/\/progettotouring.it\/radiotouring104\/wp-json\/wp\/v2\/posts\/56965","targetHints":{"allow":["GET"]}}],"collection":[{"href":"https:\/\/progettotouring.it\/radiotouring104\/wp-json\/wp\/v2\/posts"}],"about":[{"href":"https:\/\/progettotouring.it\/radiotouring104\/wp-json\/wp\/v2\/types\/post"}],"author":[{"embeddable":true,"href":"https:\/\/progettotouring.it\/radiotouring104\/wp-json\/wp\/v2\/users\/12"}],"replies":[{"embeddable":true,"href":"https:\/\/progettotouring.it\/radiotouring104\/wp-json\/wp\/v2\/comments?post=56965"}],"version-history":[{"count":2,"href":"https:\/\/progettotouring.it\/radiotouring104\/wp-json\/wp\/v2\/posts\/56965\/revisions"}],"predecessor-version":[{"id":56992,"href":"https:\/\/progettotouring.it\/radiotouring104\/wp-json\/wp\/v2\/posts\/56965\/revisions\/56992"}],"wp:featuredmedia":[{"embeddable":true,"href":"https:\/\/progettotouring.it\/radiotouring104\/wp-json\/wp\/v2\/media\/56966"}],"wp:attachment":[{"href":"https:\/\/progettotouring.it\/radiotouring104\/wp-json\/wp\/v2\/media?parent=56965"}],"wp:term":[{"taxonomy":"category","embeddable":true,"href":"https:\/\/progettotouring.it\/radiotouring104\/wp-json\/wp\/v2\/categories?post=56965"},{"taxonomy":"post_tag","embeddable":true,"href":"https:\/\/progettotouring.it\/radiotouring104\/wp-json\/wp\/v2\/tags?post=56965"}],"curies":[{"name":"wp","href":"https:\/\/api.w.org\/{rel}","templated":true}]}}