{"id":56968,"date":"2024-08-27T12:35:30","date_gmt":"2024-08-27T10:35:30","guid":{"rendered":"https:\/\/progettotouring.it\/radiotouring104\/?p=56968"},"modified":"2024-08-27T12:40:51","modified_gmt":"2024-08-27T10:40:51","slug":"parco-urbano-tempietto-merenda-un-altro-luogo-del-cuore-che-merita-cura-e-rispetto-da-parte-dei-cittadini","status":"publish","type":"post","link":"https:\/\/progettotouring.it\/radiotouring104\/2024\/08\/27\/parco-urbano-tempietto-merenda-un-altro-luogo-del-cuore-che-merita-cura-e-rispetto-da-parte-dei-cittadini\/","title":{"rendered":"Parco urbano Tempietto, Merenda: \u00abUn altro luogo del cuore che merita cura e rispetto da parte dei cittadini\u00bb"},"content":{"rendered":"<div class=\"application-pane\">\n<div class=\"main-pane\">\n<div id=\"application-stack\" class=\"dijitContainer dijitStackContainer dijitLayoutContainer\" dir=\"ltr\" role=\"tabpanel\">\n<div id=\"webmail-page\" class=\"main-page dijitContentPane dijitStackContainer-child dijitStackContainer-dijitContentPane dijitVisible menu-not-pinned is-next main-menu-collapsed is-previous\" role=\"group\">\n<div class=\"main-page-center-pane\">\n<div class=\"main-page-pane-with-toolbar\">\n<div class=\"main-content\">\n<div id=\"uiLogic_util_StackContainer_0\" class=\"content-stack-container dijitContainer dijitStackContainer dijitLayoutContainer leading-active componentVisible\" dir=\"ltr\" role=\"tabpanel\">\n<div id=\"uiLogic_webmail_WebmailFoldersManager_0\" class=\"webmailfoldersmanager messages-compose-compofeedback-stack dijitContainer dijitStackContainer dijitLayoutContainer dijitStackContainer-child dijitStackContainer-dijitStackContainer dijitVisible componentVisible\" dir=\"ltr\" role=\"tabpanel\">\n<div id=\"dijit_layout_BorderContainer_0\" class=\"trailing-1 messages-container dijitContainer dijitBorderContainer dijitStackContainer-child dijitStackContainer-dijitBorderContainer dijitVisible componentVisible center-active trailing-active\" dir=\"ltr\" lang=\"\">\n<div id=\"dijit_layout_ContentPane_0\" class=\"dijitContentPane dijitBorderContainer-child dijitBorderContainer-dijitContentPane dijitBorderContainerPane dijitContentPaneSingleChild\" dir=\"ltr\" lang=\"\" role=\"group\">\n<div id=\"xandmail_widget_layout_RelativeBorderContainer_0\" class=\"dijitContainer dijitBorderContainer\" dir=\"ltr\" lang=\"\">\n<div id=\"dijit_layout_StackContainer_0\" class=\"dijitContainer dijitStackContainer dijitLayoutContainer dijitBorderContainer-child dijitBorderContainer-dijitStackContainer dijitBorderContainerPane\" dir=\"ltr\" lang=\"\" role=\"tabpanel\">\n<div id=\"dijit_layout_ContentPane_4\" class=\"component-page item-view webmail-view trailing-1 webmail-view-page dijitContentPane dijitStackContainer-child dijitStackContainer-dijitContentPane dijitVisible dijitContentPaneSingleChild\" dir=\"ltr\" lang=\"\" role=\"group\">\n<div id=\"dijit_layout_BorderContainer_4\" class=\"message dijitContainer dijitBorderContainer\" dir=\"ltr\">\n<div id=\"dijit_layout_ContentPane_15\" class=\"content dijitContentPane dijitBorderContainer-child dijitBorderContainer-dijitContentPane dijitBorderContainerPane\" dir=\"ltr\" role=\"group\">\n<div class=\"message-section\">\n<div class=\"content-message\">\n<div class=\"text msg-view-text\" role=\"text\">\n<div class=\"msg-view-text-cnt\">\n<div class=\"xam_msg_class\">\n<div dir=\"auto\">\n<p dir=\"ltr\" style=\"text-align: justify\"><em>\u00abL\u2019Amministrazione comunale ha mantenuto la promessa e ha fatto la sua parte nel riqualificare una zona vitale per la citt\u00e0, adesso tocca ai cittadini mostrare amore e rispetto dei luoghi, prendendosene cura cos\u00ec come di tutti i beni comuni\u00bb.<\/em> <strong>Con queste parole il consigliere<\/strong> comunale con delega ai Parchi e Giardini<strong>, Massimiliano Merenda ha commentato la festa dell\u2019inaugurazione del nuovo Parco urbano Tempietto<\/strong> sul Lungomare Falcomat\u00e0.<\/p>\n<p dir=\"ltr\" style=\"text-align: justify\"><em>\u00abSabato pomeriggio abbiamo visto con quanto entusiasmo la citt\u00e0 ha accolto la restituzione della nuova area. Un momento atteso per tanti reggini, e non solo, che hanno mostrato di avere fame di luoghi di socialit\u00e0, di luoghi per lo sport ma anche adibiti al verde pubblico. In questo senso il Parco del Tempietto, per come \u00e8 stato pensato, \u00e8 in grado di rispondere, in maniera funzionale a tutta una serie di esigenze grazie alla sistemazione di arredi di verde pubblico, arredi urbani per lo sport e il tempo libero, giochi e attrezzi per le aree di agility dog\u00bb.<\/em><\/p>\n<p dir=\"ltr\" style=\"text-align: justify\"><strong>Il consigliere delegato ha ricordato la precisa suddivisione in<\/strong><em> \u00abAree gioco per bambini gi\u00e0 delimitate e sistemate, un parco inclusivo con strutture sensoriali adatte alle esigenze di tutti i bimbi. E poi ancora panchine e cestini per la raccolta differenziata.\u00a0 Oltre al playground per il basket, c\u2019\u00e8 un ampio settore attrezzato come palestra all\u2019aperto che consente un allenamento completo e gratuito\u00a0 tutto le ore del giorno\u00bb.\u00a0<\/em><\/p>\n<p dir=\"ltr\" style=\"text-align: justify\"><strong>Come aggiunge il consigliere:<\/strong> <em>\u00abParticolare attenzione \u00e8 stata riservata alla piantumazione di alberi e siepi compreso il sistema di irrigazione puntuale, creando,\u00a0grazie alle diverse tipologie di essenze presenti, un vero e proprio giardino della biodiversit\u00e0. Inoltre le varie aree attrezzate sono intervallate con ampi spazi verdi, dotati di sedute e tavoli con scacchiere per i giochi di dama e scacchi. In particolare nella zona confinante con la piastra d\u2019acqua, \u00e8 stato realizzato uno spazio di socialit\u00e0 e sosta, dal nome evocativo i \u201cgiardino dell\u2019Alzheimer\u201d, costituito da siepi basse di essenze odorose opportunamente collocate con finalit\u00e0 terapeutiche e l\u2019ubicazione di un salotto (sedute in cemento colorato di forma irregolare) che, insieme alla gi\u00e0 presente panchina ad onda, arreda e rende fruibile lo spazio-giardino dedicato principalmente a persone colpite dalla malattia, che possono cos\u00ec godere dei benefici delle essenze piantumate\u00bb.<\/em><\/p>\n<p dir=\"ltr\" style=\"text-align: justify\"><em>\u00abConsegniamo questo gioiello alla citt\u00e0<\/em><strong> \u2013 ha concluso Merenda<\/strong> &#8211;<em> nella speranza che tutti noi possiamo esserne fedeli custodi per possiamo contribuire a potarlo come fiore all\u2019occhiello della nostra Reggio\u00bb.<\/em><\/p>\n<\/div>\n<\/div>\n<\/div>\n<div class=\"msg-view-attach-preview\"><\/div>\n<\/div>\n<\/div>\n<\/div>\n<div id=\"uiLogic_webmail__view_ListReceipt_0\" class=\"pec-receipts-section light-list spaced-view webmail-inbox-list\" dir=\"ltr\">\n<div><\/div>\n<\/div>\n<\/div>\n<div id=\"dijit_layout_ContentPane_15_splitter\" class=\"dijitGutter dijitGutterV\" role=\"presentation\"><\/div>\n<\/div>\n<\/div>\n<\/div>\n<div id=\"dijit_layout_StackContainer_0_splitter\" class=\"dijitSplitter dijitSplitterV\" role=\"separator\">\n<div class=\"dijitSplitterThumb\"><\/div>\n<\/div>\n<\/div>\n<\/div>\n<div id=\"dijit_layout_ContentPane_0_splitter\" class=\"dijitGutter dijitGutterV\" role=\"presentation\"><\/div>\n<\/div>\n<\/div>\n<\/div>\n<\/div>\n<\/div>\n<\/div>\n<\/div>\n<\/div>\n<\/div>\n<div id=\"xamGlobalDock\" class=\"xamDock\" dir=\"ltr\">\n<div class=\"docking-pane-container\"><\/div>\n<div class=\"summary-pane-container\"><\/div>\n<\/div>\n<\/div>\n<div class=\"dijitPopup\" role=\"presentation\">\n<div id=\"dijit_TooltipDialog_0\" class=\"user-ffn-tooltip-dialog dijitTooltipABRight dijitTooltipDialog\" dir=\"ltr\" lang=\"\" role=\"presentation\">\n<div class=\"dijitTooltipContainer\" role=\"presentation\">\n<div class=\"dijitTooltipContents dijitTooltipFocusNode\" role=\"dialog\">\n<div class=\"user-menu\">\n<div class=\"user-menu-title\">\n<div id=\"uiLogic_util_UserAvatarPicker_0\" class=\"avatar-picker-cnt avatar-picker default-avatar avatar-picker-text\" dir=\"ltr\" lang=\"\">\n<div class=\"avatar-picker-photo-cnt\">\n<div class=\"avatar-picker-photo\">\n<div><\/div>\n<\/div>\n<\/div>\n<\/div>\n<div class=\"user-menu-title-cnt flex-column\">\n<div class=\"flex\">\n<div class=\"user-menu-emailffn-cnt flex-column\">\n<div class=\"user-menu-ffn\"><\/div>\n<div class=\"user-menu-email-cnt\">\n<div class=\"user-menu-email\"><\/div>\n<div class=\"user-pecplus\"><\/div>\n<\/div>\n<\/div>\n<div class=\"user-menu-link link\" data-monitoring-name=\"pe_profile_logout\"><\/div>\n<\/div>\n<\/div>\n<\/div>\n<\/div>\n<\/div>\n<\/div>\n<\/div>\n<\/div>\n<div class=\"dijitPopup\" role=\"presentation\">\n<table id=\"uiLogic_webmail_selection_MessageMenu_0\" class=\"dijit dijitMenu dijitMenuPassive dijitReset dijitMenuTable\" role=\"menu\" cellspacing=\"0\">\n<tbody class=\"dijitReset\">\n<tr id=\"dijit_MenuItem_37\" class=\"dijitReset dijitMenuItem\" role=\"menuitem\" aria-labelledby=\"dijit_MenuItem_37_text dijit_MenuItem_37_accel\">\n<td class=\"dijitReset dijitMenuItemIconCell\" role=\"presentation\"><img decoding=\"async\" class=\"dijitIcon dijitMenuItemIcon\" src=\"https:\/\/webmail.aruba.it\/smart\/javascript\/release\/dojo\/dojo\/resources\/blank.gif\" alt=\"\" \/><\/td>\n<td id=\"dijit_MenuItem_37_text\" class=\"dijitReset dijitMenuItemLabel\" colspan=\"2\"><\/td>\n<td class=\"dijitReset dijitMenuArrowCell\" role=\"presentation\">\n<div><img decoding=\"async\" class=\"dijitMenuExpand\" src=\"https:\/\/webmail.aruba.it\/smart\/javascript\/release\/dojo\/dojo\/resources\/blank.gif\" alt=\"\" \/><\/div>\n<\/td>\n<\/tr>\n<tr id=\"dijit_MenuItem_38\" class=\"dijitReset dijitMenuItem\" role=\"menuitem\" aria-labelledby=\"dijit_MenuItem_38_text dijit_MenuItem_38_accel\">\n<td class=\"dijitReset dijitMenuItemIconCell\" role=\"presentation\"><img decoding=\"async\" class=\"dijitIcon dijitMenuItemIcon\" src=\"https:\/\/webmail.aruba.it\/smart\/javascript\/release\/dojo\/dojo\/resources\/blank.gif\" alt=\"\" \/><\/td>\n<td id=\"dijit_MenuItem_38_text\" class=\"dijitReset dijitMenuItemLabel\" colspan=\"2\"><\/td>\n<td class=\"dijitReset dijitMenuArrowCell\" role=\"presentation\">\n<div><img decoding=\"async\" class=\"dijitMenuExpand\" src=\"https:\/\/webmail.aruba.it\/smart\/javascript\/release\/dojo\/dojo\/resources\/blank.gif\" alt=\"\" \/><\/div>\n<\/td>\n<\/tr>\n<tr id=\"dijit_MenuItem_39\" class=\"dijitReset dijitMenuItem\" role=\"menuitem\" aria-labelledby=\"dijit_MenuItem_39_text dijit_MenuItem_39_accel\">\n<td class=\"dijitReset dijitMenuItemIconCell\" role=\"presentation\"><img decoding=\"async\" class=\"dijitIcon dijitMenuItemIcon\" src=\"https:\/\/webmail.aruba.it\/smart\/javascript\/release\/dojo\/dojo\/resources\/blank.gif\" alt=\"\" \/><\/td>\n<td id=\"dijit_MenuItem_39_text\" class=\"dijitReset dijitMenuItemLabel\" colspan=\"2\"><\/td>\n<td class=\"dijitReset dijitMenuArrowCell\" role=\"presentation\">\n<div><img decoding=\"async\" class=\"dijitMenuExpand\" src=\"https:\/\/webmail.aruba.it\/smart\/javascript\/release\/dojo\/dojo\/resources\/blank.gif\" alt=\"\" \/><\/div>\n<\/td>\n<\/tr>\n<tr id=\"dijit_MenuItem_40\" class=\"dijitReset dijitMenuItem\" role=\"menuitem\" aria-labelledby=\"dijit_MenuItem_40_text dijit_MenuItem_40_accel\">\n<td class=\"dijitReset dijitMenuItemIconCell\" role=\"presentation\"><img decoding=\"async\" class=\"dijitIcon dijitMenuItemIcon\" src=\"https:\/\/webmail.aruba.it\/smart\/javascript\/release\/dojo\/dojo\/resources\/blank.gif\" alt=\"\" \/><\/td>\n<td id=\"dijit_MenuItem_40_text\" class=\"dijitReset dijitMenuItemLabel\" colspan=\"2\"><\/td>\n<td class=\"dijitReset dijitMenuArrowCell\" role=\"presentation\">\n<div><img decoding=\"async\" class=\"dijitMenuExpand\" src=\"https:\/\/webmail.aruba.it\/smart\/javascript\/release\/dojo\/dojo\/resources\/blank.gif\" alt=\"\" \/><\/div>\n<\/td>\n<\/tr>\n<tr id=\"dijit_MenuSeparator_5\" class=\"dijitMenuSeparator\">\n<td class=\"dijitMenuSeparatorIconCell\">\n<div class=\"dijitMenuSeparatorTop\"><\/div>\n<div class=\"dijitMenuSeparatorBottom\"><\/div>\n<\/td>\n<td class=\"dijitMenuSeparatorLabelCell\" colspan=\"3\">\n<div class=\"dijitMenuSeparatorTop dijitMenuSeparatorLabel\"><\/div>\n<div class=\"dijitMenuSeparatorBottom\"><\/div>\n<\/td>\n<\/tr>\n<tr id=\"dijit_MenuItem_41\" class=\"dijitReset dijitMenuItem\" role=\"menuitem\" aria-labelledby=\"dijit_MenuItem_41_text dijit_MenuItem_41_accel\">\n<td class=\"dijitReset dijitMenuItemIconCell\" role=\"presentation\"><img decoding=\"async\" class=\"dijitIcon dijitMenuItemIcon\" src=\"https:\/\/webmail.aruba.it\/smart\/javascript\/release\/dojo\/dojo\/resources\/blank.gif\" alt=\"\" \/><\/td>\n<td id=\"dijit_MenuItem_41_text\" class=\"dijitReset dijitMenuItemLabel\" colspan=\"2\"><\/td>\n<td class=\"dijitReset dijitMenuArrowCell\" role=\"presentation\">\n<div><img decoding=\"async\" class=\"dijitMenuExpand\" src=\"https:\/\/webmail.aruba.it\/smart\/javascript\/release\/dojo\/dojo\/resources\/blank.gif\" alt=\"\" \/><\/div>\n<\/td>\n<\/tr>\n<tr id=\"dijit_PopupMenuItem_1\" class=\"dijitReset dijitMenuItem\" role=\"menuitem\" aria-labelledby=\"dijit_PopupMenuItem_1_text dijit_PopupMenuItem_1_accel\">\n<td class=\"dijitReset dijitMenuItemIconCell\" role=\"presentation\"><img decoding=\"async\" class=\"dijitIcon dijitMenuItemIcon\" src=\"https:\/\/webmail.aruba.it\/smart\/javascript\/release\/dojo\/dojo\/resources\/blank.gif\" alt=\"\" \/><\/td>\n<td id=\"dijit_PopupMenuItem_1_text\" class=\"dijitReset dijitMenuItemLabel\" colspan=\"2\"><\/td>\n<td class=\"dijitReset dijitMenuArrowCell\" role=\"presentation\">\n<div><img decoding=\"async\" class=\"dijitMenuExpand\" src=\"https:\/\/webmail.aruba.it\/smart\/javascript\/release\/dojo\/dojo\/resources\/blank.gif\" alt=\"\" \/><\/div>\n<\/td>\n<\/tr>\n<tr id=\"dijit_MenuItem_48\" class=\"dijitReset dijitMenuItem\" role=\"menuitem\" aria-labelledby=\"dijit_MenuItem_48_text dijit_MenuItem_48_accel\">\n<td class=\"dijitReset dijitMenuItemIconCell\" role=\"presentation\"><img decoding=\"async\" class=\"dijitIcon dijitMenuItemIcon\" src=\"https:\/\/webmail.aruba.it\/smart\/javascript\/release\/dojo\/dojo\/resources\/blank.gif\" alt=\"\" \/><\/td>\n<td id=\"dijit_MenuItem_48_text\" class=\"dijitReset dijitMenuItemLabel\" colspan=\"2\"><\/td>\n<td class=\"dijitReset dijitMenuArrowCell\" role=\"presentation\">\n<div><img decoding=\"async\" class=\"dijitMenuExpand\" src=\"https:\/\/webmail.aruba.it\/smart\/javascript\/release\/dojo\/dojo\/resources\/blank.gif\" alt=\"\" \/><\/div>\n<\/td>\n<\/tr>\n<tr id=\"dijit_MenuItem_49\" class=\"dijitReset dijitMenuItem\" role=\"menuitem\" aria-labelledby=\"dijit_MenuItem_49_text dijit_MenuItem_49_accel\">\n<td class=\"dijitReset dijitMenuItemIconCell\" role=\"presentation\"><img decoding=\"async\" class=\"dijitIcon dijitMenuItemIcon\" src=\"https:\/\/webmail.aruba.it\/smart\/javascript\/release\/dojo\/dojo\/resources\/blank.gif\" alt=\"\" \/><\/td>\n<td id=\"dijit_MenuItem_49_text\" class=\"dijitReset dijitMenuItemLabel\" colspan=\"2\"><\/td>\n<td class=\"dijitReset dijitMenuArrowCell\" role=\"presentation\">\n<div><img decoding=\"async\" class=\"dijitMenuExpand\" src=\"https:\/\/webmail.aruba.it\/smart\/javascript\/release\/dojo\/dojo\/resources\/blank.gif\" alt=\"\" \/><\/div>\n<\/td>\n<\/tr>\n<tr id=\"dijit_MenuItem_50\" class=\"dijitReset dijitMenuItem\" role=\"menuitem\" aria-labelledby=\"dijit_MenuItem_50_text dijit_MenuItem_50_accel\">\n<td class=\"dijitReset dijitMenuItemIconCell\" role=\"presentation\"><img decoding=\"async\" class=\"dijitIcon dijitMenuItemIcon\" src=\"https:\/\/webmail.aruba.it\/smart\/javascript\/release\/dojo\/dojo\/resources\/blank.gif\" alt=\"\" \/><\/td>\n<td id=\"dijit_MenuItem_50_text\" class=\"dijitReset dijitMenuItemLabel\" colspan=\"2\"><\/td>\n<td class=\"dijitReset dijitMenuArrowCell\" role=\"presentation\">\n<div><img decoding=\"async\" class=\"dijitMenuExpand\" src=\"https:\/\/webmail.aruba.it\/smart\/javascript\/release\/dojo\/dojo\/resources\/blank.gif\" alt=\"\" \/><\/div>\n<\/td>\n<\/tr>\n<tr id=\"dijit_MenuItem_51\" class=\"dijitReset dijitMenuItem\" role=\"menuitem\" aria-labelledby=\"dijit_MenuItem_51_text dijit_MenuItem_51_accel\">\n<td class=\"dijitReset dijitMenuItemIconCell\" role=\"presentation\"><img decoding=\"async\" class=\"dijitIcon dijitMenuItemIcon\" src=\"https:\/\/webmail.aruba.it\/smart\/javascript\/release\/dojo\/dojo\/resources\/blank.gif\" alt=\"\" \/><\/td>\n<td id=\"dijit_MenuItem_51_text\" class=\"dijitReset dijitMenuItemLabel\" colspan=\"2\"><\/td>\n<td class=\"dijitReset dijitMenuArrowCell\" role=\"presentation\">\n<div><img decoding=\"async\" class=\"dijitMenuExpand\" src=\"https:\/\/webmail.aruba.it\/smart\/javascript\/release\/dojo\/dojo\/resources\/blank.gif\" alt=\"\" \/><\/div>\n<\/td>\n<\/tr>\n<tr id=\"dijit_MenuSeparator_7\" class=\"dijitMenuSeparator\">\n<td class=\"dijitMenuSeparatorIconCell\">\n<div class=\"dijitMenuSeparatorTop\"><\/div>\n<div class=\"dijitMenuSeparatorBottom\"><\/div>\n<\/td>\n<td class=\"dijitMenuSeparatorLabelCell\" colspan=\"3\">\n<div class=\"dijitMenuSeparatorTop dijitMenuSeparatorLabel\"><\/div>\n<div class=\"dijitMenuSeparatorBottom\"><\/div>\n<\/td>\n<\/tr>\n<tr id=\"dijit_PopupMenuItem_2\" class=\"dijitReset dijitMenuItem\" role=\"menuitem\" aria-labelledby=\"dijit_PopupMenuItem_2_text dijit_PopupMenuItem_2_accel\">\n<td class=\"dijitReset dijitMenuItemIconCell\" role=\"presentation\"><img decoding=\"async\" class=\"dijitIcon dijitMenuItemIcon\" src=\"https:\/\/webmail.aruba.it\/smart\/javascript\/release\/dojo\/dojo\/resources\/blank.gif\" alt=\"\" \/><\/td>\n<td id=\"dijit_PopupMenuItem_2_text\" class=\"dijitReset dijitMenuItemLabel\" colspan=\"2\"><\/td>\n<td class=\"dijitReset dijitMenuArrowCell\" role=\"presentation\">\n<div><img decoding=\"async\" class=\"dijitMenuExpand\" src=\"https:\/\/webmail.aruba.it\/smart\/javascript\/release\/dojo\/dojo\/resources\/blank.gif\" alt=\"\" \/><\/div>\n<\/td>\n<\/tr>\n<tr id=\"dijit_MenuItem_56\" class=\"dijitReset dijitMenuItem\" role=\"menuitem\" aria-labelledby=\"dijit_MenuItem_56_text dijit_MenuItem_56_accel\">\n<td class=\"dijitReset dijitMenuItemIconCell\" role=\"presentation\"><img decoding=\"async\" class=\"dijitIcon dijitMenuItemIcon\" src=\"https:\/\/webmail.aruba.it\/smart\/javascript\/release\/dojo\/dojo\/resources\/blank.gif\" alt=\"\" \/><\/td>\n<td id=\"dijit_MenuItem_56_text\" class=\"dijitReset dijitMenuItemLabel\" colspan=\"2\"><\/td>\n<td class=\"dijitReset dijitMenuArrowCell\" role=\"presentation\">\n<div><img decoding=\"async\" class=\"dijitMenuExpand\" src=\"https:\/\/webmail.aruba.it\/smart\/javascript\/release\/dojo\/dojo\/resources\/blank.gif\" alt=\"\" \/><\/div>\n<\/td>\n<\/tr>\n<tr id=\"dijit_MenuSeparator_8\" class=\"dijitMenuSeparator\">\n<td class=\"dijitMenuSeparatorIconCell\">\n<div class=\"dijitMenuSeparatorTop\"><\/div>\n<div class=\"dijitMenuSeparatorBottom\"><\/div>\n<\/td>\n<td class=\"dijitMenuSeparatorLabelCell\" colspan=\"3\">\n<div class=\"dijitMenuSeparatorTop dijitMenuSeparatorLabel\"><\/div>\n<div class=\"dijitMenuSeparatorBottom\"><\/div>\n<\/td>\n<\/tr>\n<tr id=\"dijit_MenuItem_57\" class=\"dijitReset dijitMenuItem\" role=\"menuitem\" aria-labelledby=\"dijit_MenuItem_57_text dijit_MenuItem_57_accel\">\n<td class=\"dijitReset dijitMenuItemIconCell\" role=\"presentation\"><img decoding=\"async\" class=\"dijitIcon dijitMenuItemIcon\" src=\"https:\/\/webmail.aruba.it\/smart\/javascript\/release\/dojo\/dojo\/resources\/blank.gif\" alt=\"\" \/><\/td>\n<td id=\"dijit_MenuItem_57_text\" class=\"dijitReset dijitMenuItemLabel\" colspan=\"2\"><\/td>\n<td class=\"dijitReset dijitMenuArrowCell\" role=\"presentation\">\n<div><img decoding=\"async\" class=\"dijitMenuExpand\" src=\"https:\/\/webmail.aruba.it\/smart\/javascript\/release\/dojo\/dojo\/resources\/blank.gif\" alt=\"\" \/><\/div>\n<\/td>\n<\/tr>\n<tr id=\"dijit_MenuItem_58\" class=\"dijitReset dijitMenuItem\" role=\"menuitem\" aria-labelledby=\"dijit_MenuItem_58_text dijit_MenuItem_58_accel\">\n<td class=\"dijitReset dijitMenuItemIconCell\" role=\"presentation\"><img decoding=\"async\" class=\"dijitIcon dijitMenuItemIcon\" src=\"https:\/\/webmail.aruba.it\/smart\/javascript\/release\/dojo\/dojo\/resources\/blank.gif\" alt=\"\" \/><\/td>\n<td id=\"dijit_MenuItem_58_text\" class=\"dijitReset dijitMenuItemLabel\" colspan=\"2\"><\/td>\n<td class=\"dijitReset dijitMenuArrowCell\" role=\"presentation\">\n<div><img decoding=\"async\" class=\"dijitMenuExpand\" src=\"https:\/\/webmail.aruba.it\/smart\/javascript\/release\/dojo\/dojo\/resources\/blank.gif\" alt=\"\" \/><\/div>\n<\/td>\n<\/tr>\n<\/tbody>\n<\/table>\n<\/div>\n<div id=\"usabilla_live_button_container_625569891\" class=\"usabilla_live_button_container\" role=\"button\" aria-label=\"Usabilla Feedback Button\"><\/div>\n","protected":false},"excerpt":{"rendered":"<p>\u00abL\u2019Amministrazione comunale ha mantenuto la promessa e ha fatto la sua parte nel riqualificare una zona vitale per la citt\u00e0, adesso tocca ai cittadini mostrare amore e rispetto dei luoghi,&hellip;<\/p>\n","protected":false},"author":12,"featured_media":56884,"comment_status":"closed","ping_status":"open","sticky":false,"template":"","format":"standard","meta":{"_jetpack_memberships_contains_paid_content":false,"footnotes":"","jetpack_publicize_message":"","jetpack_publicize_feature_enabled":true,"jetpack_social_post_already_shared":false,"jetpack_social_options":{"image_generator_settings":{"template":"highway","default_image_id":0,"font":"","enabled":false},"version":2}},"categories":[921,196,140],"tags":[3121,35024,3639,35023],"class_list":["post-56968","post","type-post","status-publish","format-standard","has-post-thumbnail","hentry","category-home","category-news","category-reggio-calabria","tag-inaugurazione","tag-luogo-che-merita-cura","tag-massimiliano-merenda","tag-parco-al-tempietto"],"yoast_head":"<!-- This site is optimized with the Yoast SEO plugin v27.2 - https:\/\/yoast.com\/product\/yoast-seo-wordpress\/ -->\n<title>Parco al Tempietto, Merenda: &quot;Luogo che merita cura&quot;<\/title>\n<meta name=\"description\" content=\"Il consigliere comunale con delega ai Parchi e Giardini ha commentato la festa dell\u2019inaugurazione del nuovo spazio sul Lungomare Falcomat\u00e0\" \/>\n<meta name=\"robots\" content=\"index, follow, max-snippet:-1, max-image-preview:large, max-video-preview:-1\" \/>\n<link rel=\"canonical\" href=\"https:\/\/progettotouring.it\/radiotouring104\/2024\/08\/27\/parco-urbano-tempietto-merenda-un-altro-luogo-del-cuore-che-merita-cura-e-rispetto-da-parte-dei-cittadini\/\" \/>\n<meta property=\"og:locale\" content=\"it_IT\" \/>\n<meta property=\"og:type\" content=\"article\" \/>\n<meta property=\"og:title\" content=\"Parco al Tempietto, Merenda: &quot;Luogo che merita cura&quot;\" \/>\n<meta property=\"og:description\" content=\"Il consigliere comunale con delega ai Parchi e Giardini ha commentato la festa dell\u2019inaugurazione del nuovo spazio sul Lungomare Falcomat\u00e0\" \/>\n<meta property=\"og:url\" content=\"https:\/\/progettotouring.it\/radiotouring104\/2024\/08\/27\/parco-urbano-tempietto-merenda-un-altro-luogo-del-cuore-che-merita-cura-e-rispetto-da-parte-dei-cittadini\/\" \/>\n<meta property=\"og:site_name\" content=\"Radio Touring 104\" \/>\n<meta property=\"article:published_time\" content=\"2024-08-27T10:35:30+00:00\" \/>\n<meta property=\"article:modified_time\" content=\"2024-08-27T10:40:51+00:00\" \/>\n<meta property=\"og:image\" content=\"https:\/\/progettotouring.it\/radiotouring104\/wp-content\/uploads\/sites\/6\/2024\/08\/Parco-Urbano-Tempietto.jpg\" \/>\n\t<meta property=\"og:image:width\" content=\"2560\" \/>\n\t<meta property=\"og:image:height\" content=\"1703\" \/>\n\t<meta property=\"og:image:type\" content=\"image\/jpeg\" \/>\n<meta name=\"author\" content=\"Sebastiano Plutino\" \/>\n<meta name=\"twitter:card\" content=\"summary_large_image\" \/>\n<meta name=\"twitter:label1\" content=\"Scritto da\" \/>\n\t<meta name=\"twitter:data1\" content=\"Sebastiano Plutino\" \/>\n\t<meta name=\"twitter:label2\" content=\"Tempo di lettura stimato\" \/>\n\t<meta name=\"twitter:data2\" content=\"2 minuti\" \/>\n<script type=\"application\/ld+json\" class=\"yoast-schema-graph\">{\"@context\":\"https:\/\/schema.org\",\"@graph\":[{\"@type\":\"Article\",\"@id\":\"https:\/\/progettotouring.it\/radiotouring104\/2024\/08\/27\/parco-urbano-tempietto-merenda-un-altro-luogo-del-cuore-che-merita-cura-e-rispetto-da-parte-dei-cittadini\/#article\",\"isPartOf\":{\"@id\":\"https:\/\/progettotouring.it\/radiotouring104\/2024\/08\/27\/parco-urbano-tempietto-merenda-un-altro-luogo-del-cuore-che-merita-cura-e-rispetto-da-parte-dei-cittadini\/\"},\"author\":{\"name\":\"Sebastiano Plutino\",\"@id\":\"https:\/\/progettotouring.it\/radiotouring104\/#\/schema\/person\/78613917f1851f041f7483f5af1d422e\"},\"headline\":\"Parco urbano Tempietto, Merenda: \u00abUn altro luogo del cuore che merita cura e rispetto da parte dei cittadini\u00bb\",\"datePublished\":\"2024-08-27T10:35:30+00:00\",\"dateModified\":\"2024-08-27T10:40:51+00:00\",\"mainEntityOfPage\":{\"@id\":\"https:\/\/progettotouring.it\/radiotouring104\/2024\/08\/27\/parco-urbano-tempietto-merenda-un-altro-luogo-del-cuore-che-merita-cura-e-rispetto-da-parte-dei-cittadini\/\"},\"wordCount\":419,\"publisher\":{\"@id\":\"https:\/\/progettotouring.it\/radiotouring104\/#organization\"},\"image\":{\"@id\":\"https:\/\/progettotouring.it\/radiotouring104\/2024\/08\/27\/parco-urbano-tempietto-merenda-un-altro-luogo-del-cuore-che-merita-cura-e-rispetto-da-parte-dei-cittadini\/#primaryimage\"},\"thumbnailUrl\":\"https:\/\/progettotouring.it\/radiotouring104\/wp-content\/uploads\/sites\/6\/2024\/08\/Parco-Urbano-Tempietto.jpg\",\"keywords\":[\"inaugurazione\",\"luogo che merita cura\",\"Massimiliano Merenda\",\"Parco al Tempietto\"],\"articleSection\":[\"Home\",\"News\",\"Reggio Calabria\"],\"inLanguage\":\"it-IT\"},{\"@type\":\"WebPage\",\"@id\":\"https:\/\/progettotouring.it\/radiotouring104\/2024\/08\/27\/parco-urbano-tempietto-merenda-un-altro-luogo-del-cuore-che-merita-cura-e-rispetto-da-parte-dei-cittadini\/\",\"url\":\"https:\/\/progettotouring.it\/radiotouring104\/2024\/08\/27\/parco-urbano-tempietto-merenda-un-altro-luogo-del-cuore-che-merita-cura-e-rispetto-da-parte-dei-cittadini\/\",\"name\":\"Parco al Tempietto, Merenda: \\\"Luogo che merita cura\\\"\",\"isPartOf\":{\"@id\":\"https:\/\/progettotouring.it\/radiotouring104\/#website\"},\"primaryImageOfPage\":{\"@id\":\"https:\/\/progettotouring.it\/radiotouring104\/2024\/08\/27\/parco-urbano-tempietto-merenda-un-altro-luogo-del-cuore-che-merita-cura-e-rispetto-da-parte-dei-cittadini\/#primaryimage\"},\"image\":{\"@id\":\"https:\/\/progettotouring.it\/radiotouring104\/2024\/08\/27\/parco-urbano-tempietto-merenda-un-altro-luogo-del-cuore-che-merita-cura-e-rispetto-da-parte-dei-cittadini\/#primaryimage\"},\"thumbnailUrl\":\"https:\/\/progettotouring.it\/radiotouring104\/wp-content\/uploads\/sites\/6\/2024\/08\/Parco-Urbano-Tempietto.jpg\",\"datePublished\":\"2024-08-27T10:35:30+00:00\",\"dateModified\":\"2024-08-27T10:40:51+00:00\",\"description\":\"Il consigliere comunale con delega ai Parchi e Giardini ha commentato la festa dell\u2019inaugurazione del nuovo spazio sul Lungomare Falcomat\u00e0\",\"breadcrumb\":{\"@id\":\"https:\/\/progettotouring.it\/radiotouring104\/2024\/08\/27\/parco-urbano-tempietto-merenda-un-altro-luogo-del-cuore-che-merita-cura-e-rispetto-da-parte-dei-cittadini\/#breadcrumb\"},\"inLanguage\":\"it-IT\",\"potentialAction\":[{\"@type\":\"ReadAction\",\"target\":[\"https:\/\/progettotouring.it\/radiotouring104\/2024\/08\/27\/parco-urbano-tempietto-merenda-un-altro-luogo-del-cuore-che-merita-cura-e-rispetto-da-parte-dei-cittadini\/\"]}]},{\"@type\":\"ImageObject\",\"inLanguage\":\"it-IT\",\"@id\":\"https:\/\/progettotouring.it\/radiotouring104\/2024\/08\/27\/parco-urbano-tempietto-merenda-un-altro-luogo-del-cuore-che-merita-cura-e-rispetto-da-parte-dei-cittadini\/#primaryimage\",\"url\":\"https:\/\/progettotouring.it\/radiotouring104\/wp-content\/uploads\/sites\/6\/2024\/08\/Parco-Urbano-Tempietto.jpg\",\"contentUrl\":\"https:\/\/progettotouring.it\/radiotouring104\/wp-content\/uploads\/sites\/6\/2024\/08\/Parco-Urbano-Tempietto.jpg\",\"width\":2560,\"height\":1703},{\"@type\":\"BreadcrumbList\",\"@id\":\"https:\/\/progettotouring.it\/radiotouring104\/2024\/08\/27\/parco-urbano-tempietto-merenda-un-altro-luogo-del-cuore-che-merita-cura-e-rispetto-da-parte-dei-cittadini\/#breadcrumb\",\"itemListElement\":[{\"@type\":\"ListItem\",\"position\":1,\"name\":\"Home\",\"item\":\"https:\/\/progettotouring.it\/radiotouring104\/\"},{\"@type\":\"ListItem\",\"position\":2,\"name\":\"Parco urbano Tempietto, Merenda: \u00abUn altro luogo del cuore che merita cura e rispetto da parte dei cittadini\u00bb\"}]},{\"@type\":\"WebSite\",\"@id\":\"https:\/\/progettotouring.it\/radiotouring104\/#website\",\"url\":\"https:\/\/progettotouring.it\/radiotouring104\/\",\"name\":\"Radio Touring 104\",\"description\":\"La prima radio Reggina\",\"publisher\":{\"@id\":\"https:\/\/progettotouring.it\/radiotouring104\/#organization\"},\"potentialAction\":[{\"@type\":\"SearchAction\",\"target\":{\"@type\":\"EntryPoint\",\"urlTemplate\":\"https:\/\/progettotouring.it\/radiotouring104\/?s={search_term_string}\"},\"query-input\":{\"@type\":\"PropertyValueSpecification\",\"valueRequired\":true,\"valueName\":\"search_term_string\"}}],\"inLanguage\":\"it-IT\"},{\"@type\":\"Organization\",\"@id\":\"https:\/\/progettotouring.it\/radiotouring104\/#organization\",\"name\":\"Radio Touring 104\",\"url\":\"https:\/\/progettotouring.it\/radiotouring104\/\",\"logo\":{\"@type\":\"ImageObject\",\"inLanguage\":\"it-IT\",\"@id\":\"https:\/\/progettotouring.it\/radiotouring104\/#\/schema\/logo\/image\/\",\"url\":\"https:\/\/progettotouring.it\/radiotouring104\/wp-content\/uploads\/sites\/6\/2022\/02\/cropped-logo-radio-touring-104.png\",\"contentUrl\":\"https:\/\/progettotouring.it\/radiotouring104\/wp-content\/uploads\/sites\/6\/2022\/02\/cropped-logo-radio-touring-104.png\",\"width\":377,\"height\":182,\"caption\":\"Radio Touring 104\"},\"image\":{\"@id\":\"https:\/\/progettotouring.it\/radiotouring104\/#\/schema\/logo\/image\/\"}},{\"@type\":\"Person\",\"@id\":\"https:\/\/progettotouring.it\/radiotouring104\/#\/schema\/person\/78613917f1851f041f7483f5af1d422e\",\"name\":\"Sebastiano Plutino\",\"image\":{\"@type\":\"ImageObject\",\"inLanguage\":\"it-IT\",\"@id\":\"https:\/\/secure.gravatar.com\/avatar\/0546ffaa9b79224faf9f2a156b67a529ae861d3287c66c1d8ccfdf909bcba78d?s=96&d=mm&r=g\",\"url\":\"https:\/\/secure.gravatar.com\/avatar\/0546ffaa9b79224faf9f2a156b67a529ae861d3287c66c1d8ccfdf909bcba78d?s=96&d=mm&r=g\",\"contentUrl\":\"https:\/\/secure.gravatar.com\/avatar\/0546ffaa9b79224faf9f2a156b67a529ae861d3287c66c1d8ccfdf909bcba78d?s=96&d=mm&r=g\",\"caption\":\"Sebastiano Plutino\"},\"url\":\"https:\/\/progettotouring.it\/radiotouring104\/author\/sebastiano\/\"}]}<\/script>\n<!-- \/ Yoast SEO plugin. -->","yoast_head_json":{"title":"Parco al Tempietto, Merenda: \"Luogo che merita cura\"","description":"Il consigliere comunale con delega ai Parchi e Giardini ha commentato la festa dell\u2019inaugurazione del nuovo spazio sul Lungomare Falcomat\u00e0","robots":{"index":"index","follow":"follow","max-snippet":"max-snippet:-1","max-image-preview":"max-image-preview:large","max-video-preview":"max-video-preview:-1"},"canonical":"https:\/\/progettotouring.it\/radiotouring104\/2024\/08\/27\/parco-urbano-tempietto-merenda-un-altro-luogo-del-cuore-che-merita-cura-e-rispetto-da-parte-dei-cittadini\/","og_locale":"it_IT","og_type":"article","og_title":"Parco al Tempietto, Merenda: \"Luogo che merita cura\"","og_description":"Il consigliere comunale con delega ai Parchi e Giardini ha commentato la festa dell\u2019inaugurazione del nuovo spazio sul Lungomare Falcomat\u00e0","og_url":"https:\/\/progettotouring.it\/radiotouring104\/2024\/08\/27\/parco-urbano-tempietto-merenda-un-altro-luogo-del-cuore-che-merita-cura-e-rispetto-da-parte-dei-cittadini\/","og_site_name":"Radio Touring 104","article_published_time":"2024-08-27T10:35:30+00:00","article_modified_time":"2024-08-27T10:40:51+00:00","og_image":[{"width":2560,"height":1703,"url":"https:\/\/progettotouring.it\/radiotouring104\/wp-content\/uploads\/sites\/6\/2024\/08\/Parco-Urbano-Tempietto.jpg","type":"image\/jpeg"}],"author":"Sebastiano Plutino","twitter_card":"summary_large_image","twitter_misc":{"Scritto da":"Sebastiano Plutino","Tempo di lettura stimato":"2 minuti"},"schema":{"@context":"https:\/\/schema.org","@graph":[{"@type":"Article","@id":"https:\/\/progettotouring.it\/radiotouring104\/2024\/08\/27\/parco-urbano-tempietto-merenda-un-altro-luogo-del-cuore-che-merita-cura-e-rispetto-da-parte-dei-cittadini\/#article","isPartOf":{"@id":"https:\/\/progettotouring.it\/radiotouring104\/2024\/08\/27\/parco-urbano-tempietto-merenda-un-altro-luogo-del-cuore-che-merita-cura-e-rispetto-da-parte-dei-cittadini\/"},"author":{"name":"Sebastiano Plutino","@id":"https:\/\/progettotouring.it\/radiotouring104\/#\/schema\/person\/78613917f1851f041f7483f5af1d422e"},"headline":"Parco urbano Tempietto, Merenda: \u00abUn altro luogo del cuore che merita cura e rispetto da parte dei cittadini\u00bb","datePublished":"2024-08-27T10:35:30+00:00","dateModified":"2024-08-27T10:40:51+00:00","mainEntityOfPage":{"@id":"https:\/\/progettotouring.it\/radiotouring104\/2024\/08\/27\/parco-urbano-tempietto-merenda-un-altro-luogo-del-cuore-che-merita-cura-e-rispetto-da-parte-dei-cittadini\/"},"wordCount":419,"publisher":{"@id":"https:\/\/progettotouring.it\/radiotouring104\/#organization"},"image":{"@id":"https:\/\/progettotouring.it\/radiotouring104\/2024\/08\/27\/parco-urbano-tempietto-merenda-un-altro-luogo-del-cuore-che-merita-cura-e-rispetto-da-parte-dei-cittadini\/#primaryimage"},"thumbnailUrl":"https:\/\/progettotouring.it\/radiotouring104\/wp-content\/uploads\/sites\/6\/2024\/08\/Parco-Urbano-Tempietto.jpg","keywords":["inaugurazione","luogo che merita cura","Massimiliano Merenda","Parco al Tempietto"],"articleSection":["Home","News","Reggio Calabria"],"inLanguage":"it-IT"},{"@type":"WebPage","@id":"https:\/\/progettotouring.it\/radiotouring104\/2024\/08\/27\/parco-urbano-tempietto-merenda-un-altro-luogo-del-cuore-che-merita-cura-e-rispetto-da-parte-dei-cittadini\/","url":"https:\/\/progettotouring.it\/radiotouring104\/2024\/08\/27\/parco-urbano-tempietto-merenda-un-altro-luogo-del-cuore-che-merita-cura-e-rispetto-da-parte-dei-cittadini\/","name":"Parco al Tempietto, Merenda: \"Luogo che merita cura\"","isPartOf":{"@id":"https:\/\/progettotouring.it\/radiotouring104\/#website"},"primaryImageOfPage":{"@id":"https:\/\/progettotouring.it\/radiotouring104\/2024\/08\/27\/parco-urbano-tempietto-merenda-un-altro-luogo-del-cuore-che-merita-cura-e-rispetto-da-parte-dei-cittadini\/#primaryimage"},"image":{"@id":"https:\/\/progettotouring.it\/radiotouring104\/2024\/08\/27\/parco-urbano-tempietto-merenda-un-altro-luogo-del-cuore-che-merita-cura-e-rispetto-da-parte-dei-cittadini\/#primaryimage"},"thumbnailUrl":"https:\/\/progettotouring.it\/radiotouring104\/wp-content\/uploads\/sites\/6\/2024\/08\/Parco-Urbano-Tempietto.jpg","datePublished":"2024-08-27T10:35:30+00:00","dateModified":"2024-08-27T10:40:51+00:00","description":"Il consigliere comunale con delega ai Parchi e Giardini ha commentato la festa dell\u2019inaugurazione del nuovo spazio sul Lungomare Falcomat\u00e0","breadcrumb":{"@id":"https:\/\/progettotouring.it\/radiotouring104\/2024\/08\/27\/parco-urbano-tempietto-merenda-un-altro-luogo-del-cuore-che-merita-cura-e-rispetto-da-parte-dei-cittadini\/#breadcrumb"},"inLanguage":"it-IT","potentialAction":[{"@type":"ReadAction","target":["https:\/\/progettotouring.it\/radiotouring104\/2024\/08\/27\/parco-urbano-tempietto-merenda-un-altro-luogo-del-cuore-che-merita-cura-e-rispetto-da-parte-dei-cittadini\/"]}]},{"@type":"ImageObject","inLanguage":"it-IT","@id":"https:\/\/progettotouring.it\/radiotouring104\/2024\/08\/27\/parco-urbano-tempietto-merenda-un-altro-luogo-del-cuore-che-merita-cura-e-rispetto-da-parte-dei-cittadini\/#primaryimage","url":"https:\/\/progettotouring.it\/radiotouring104\/wp-content\/uploads\/sites\/6\/2024\/08\/Parco-Urbano-Tempietto.jpg","contentUrl":"https:\/\/progettotouring.it\/radiotouring104\/wp-content\/uploads\/sites\/6\/2024\/08\/Parco-Urbano-Tempietto.jpg","width":2560,"height":1703},{"@type":"BreadcrumbList","@id":"https:\/\/progettotouring.it\/radiotouring104\/2024\/08\/27\/parco-urbano-tempietto-merenda-un-altro-luogo-del-cuore-che-merita-cura-e-rispetto-da-parte-dei-cittadini\/#breadcrumb","itemListElement":[{"@type":"ListItem","position":1,"name":"Home","item":"https:\/\/progettotouring.it\/radiotouring104\/"},{"@type":"ListItem","position":2,"name":"Parco urbano Tempietto, Merenda: \u00abUn altro luogo del cuore che merita cura e rispetto da parte dei cittadini\u00bb"}]},{"@type":"WebSite","@id":"https:\/\/progettotouring.it\/radiotouring104\/#website","url":"https:\/\/progettotouring.it\/radiotouring104\/","name":"Radio Touring 104","description":"La prima radio Reggina","publisher":{"@id":"https:\/\/progettotouring.it\/radiotouring104\/#organization"},"potentialAction":[{"@type":"SearchAction","target":{"@type":"EntryPoint","urlTemplate":"https:\/\/progettotouring.it\/radiotouring104\/?s={search_term_string}"},"query-input":{"@type":"PropertyValueSpecification","valueRequired":true,"valueName":"search_term_string"}}],"inLanguage":"it-IT"},{"@type":"Organization","@id":"https:\/\/progettotouring.it\/radiotouring104\/#organization","name":"Radio Touring 104","url":"https:\/\/progettotouring.it\/radiotouring104\/","logo":{"@type":"ImageObject","inLanguage":"it-IT","@id":"https:\/\/progettotouring.it\/radiotouring104\/#\/schema\/logo\/image\/","url":"https:\/\/progettotouring.it\/radiotouring104\/wp-content\/uploads\/sites\/6\/2022\/02\/cropped-logo-radio-touring-104.png","contentUrl":"https:\/\/progettotouring.it\/radiotouring104\/wp-content\/uploads\/sites\/6\/2022\/02\/cropped-logo-radio-touring-104.png","width":377,"height":182,"caption":"Radio Touring 104"},"image":{"@id":"https:\/\/progettotouring.it\/radiotouring104\/#\/schema\/logo\/image\/"}},{"@type":"Person","@id":"https:\/\/progettotouring.it\/radiotouring104\/#\/schema\/person\/78613917f1851f041f7483f5af1d422e","name":"Sebastiano Plutino","image":{"@type":"ImageObject","inLanguage":"it-IT","@id":"https:\/\/secure.gravatar.com\/avatar\/0546ffaa9b79224faf9f2a156b67a529ae861d3287c66c1d8ccfdf909bcba78d?s=96&d=mm&r=g","url":"https:\/\/secure.gravatar.com\/avatar\/0546ffaa9b79224faf9f2a156b67a529ae861d3287c66c1d8ccfdf909bcba78d?s=96&d=mm&r=g","contentUrl":"https:\/\/secure.gravatar.com\/avatar\/0546ffaa9b79224faf9f2a156b67a529ae861d3287c66c1d8ccfdf909bcba78d?s=96&d=mm&r=g","caption":"Sebastiano Plutino"},"url":"https:\/\/progettotouring.it\/radiotouring104\/author\/sebastiano\/"}]}},"jetpack_publicize_connections":[],"jetpack_featured_media_url":"https:\/\/progettotouring.it\/radiotouring104\/wp-content\/uploads\/sites\/6\/2024\/08\/Parco-Urbano-Tempietto.jpg","jetpack_sharing_enabled":true,"_links":{"self":[{"href":"https:\/\/progettotouring.it\/radiotouring104\/wp-json\/wp\/v2\/posts\/56968","targetHints":{"allow":["GET"]}}],"collection":[{"href":"https:\/\/progettotouring.it\/radiotouring104\/wp-json\/wp\/v2\/posts"}],"about":[{"href":"https:\/\/progettotouring.it\/radiotouring104\/wp-json\/wp\/v2\/types\/post"}],"author":[{"embeddable":true,"href":"https:\/\/progettotouring.it\/radiotouring104\/wp-json\/wp\/v2\/users\/12"}],"replies":[{"embeddable":true,"href":"https:\/\/progettotouring.it\/radiotouring104\/wp-json\/wp\/v2\/comments?post=56968"}],"version-history":[{"count":2,"href":"https:\/\/progettotouring.it\/radiotouring104\/wp-json\/wp\/v2\/posts\/56968\/revisions"}],"predecessor-version":[{"id":56973,"href":"https:\/\/progettotouring.it\/radiotouring104\/wp-json\/wp\/v2\/posts\/56968\/revisions\/56973"}],"wp:featuredmedia":[{"embeddable":true,"href":"https:\/\/progettotouring.it\/radiotouring104\/wp-json\/wp\/v2\/media\/56884"}],"wp:attachment":[{"href":"https:\/\/progettotouring.it\/radiotouring104\/wp-json\/wp\/v2\/media?parent=56968"}],"wp:term":[{"taxonomy":"category","embeddable":true,"href":"https:\/\/progettotouring.it\/radiotouring104\/wp-json\/wp\/v2\/categories?post=56968"},{"taxonomy":"post_tag","embeddable":true,"href":"https:\/\/progettotouring.it\/radiotouring104\/wp-json\/wp\/v2\/tags?post=56968"}],"curies":[{"name":"wp","href":"https:\/\/api.w.org\/{rel}","templated":true}]}}