{"id":56970,"date":"2024-08-27T12:40:26","date_gmt":"2024-08-27T10:40:26","guid":{"rendered":"https:\/\/progettotouring.it\/radiotouring104\/?p=56970"},"modified":"2024-08-27T12:40:26","modified_gmt":"2024-08-27T10:40:26","slug":"reggio-successo-per-le-prime-serate-del-cinema-allaperto","status":"publish","type":"post","link":"https:\/\/progettotouring.it\/radiotouring104\/2024\/08\/27\/reggio-successo-per-le-prime-serate-del-cinema-allaperto\/","title":{"rendered":"Reggio: successo per le prime serate del Cinema all&#8217;aperto"},"content":{"rendered":"<p style=\"text-align: justify\">Con<em> &#8220;Lo specchio dipinto &#8211; Uno schermo sul mare&#8221;<\/em> \u00e8 <strong>tornato nella citt\u00e0 dello Stretto<\/strong> l&#8217;appuntamento con la<strong> storica rassegna del cinema all&#8217;aperto,<\/strong> ospitato nello spazio di fronte al Waterfront. Un progetto finanziato dalla Citt\u00e0 Metropolitana, in collaborazione con il Comune di Reggio Calabria, realizzato dalla Baobei Film, in collaborazione con Dm Entertainment e ShowLike e presentato a palazzo San Giorgio alla presenza del Sindaco Giuseppe Falcomat\u00e0, del Delegato alla Cultura Filippo Quartuccio, del Delegato al Turismo Giovanni Latella e del Direttore artistico Michele Geria.<\/p>\n<p><strong>Un successo di pubblico gi\u00e0 dalle prime serate,<\/strong> grazie al gradimento mostrato dai reggini e dai turisti che hanno riempito le postazioni predisposte nello splendido scenario della parte nord del lungomare Italo Falcomat\u00e0. Luned\u00ec sera, alla proiezione &#8220;Lass\u00f9 qualcuno mi ama&#8221;, un documentario del 2023 diretto da Mario Martone sulla vita artistica di Massimo Troisi, era presente il sindaco Giuseppe Falcomat\u00e0 che ha potuto constatare l&#8217;idea vincente di uno dei tanti festival che negli ultimi due mesi hanno contribuito ad impreziosire il variegato cartellone dell&#8217;Estate reggina.<\/p>\n<p><em>&#8220;Quello che avevamo immaginato &#8211;<\/em> <strong>ha spiegato il primo cittadino <\/strong>&#8211;<em> \u00e8 che location come il watertfront, come gi\u00e0 era accaduto per il Castello Aragonese, potessero con la loro bellezza naturale valorizzare spettacoli culturali, musicali e cos\u00ec \u00e8 stato. Stiamo assistendo a una rinascita che passa attraverso la narrazione dei nostri luoghi pi\u00f9 belli: anche il cinema, con le sue produzioni e soprattutto con le tante pellicole ambientate in Calabria, pu\u00f2 raccontare la parte positiva del nostro territorio. Sono tante le localit\u00e0 nostrane che in questi anni, grazie a film e fiction di successo, sono state conosciute e amate in Italia e all&#8217;estero. Da qui l&#8217;importanza degli investimenti che si sono fatti, e che si continueranno a fare, sul cinema perch\u00e9 diviene veicolo di diffusione e conoscenza dei nostri luoghi del cuore. Anche da qui nasce l&#8217;idea di riportare un&#8217;antica tradizione come il cinema all&#8217;aperto nell&#8217;estate reggina, per consentire a cittadini e turisti di godere di vere e proprie opere d&#8217;arte del grande schermo, cullati dalla brezza estiva ed in un contesto di bellezza come la nuova scalinata del waterfront&#8221;.<\/em><\/p>\n","protected":false},"excerpt":{"rendered":"<p>Con &#8220;Lo specchio dipinto &#8211; Uno schermo sul mare&#8221; \u00e8 tornato nella citt\u00e0 dello Stretto l&#8217;appuntamento con la storica rassegna del cinema all&#8217;aperto, ospitato nello spazio di fronte al Waterfront.&hellip;<\/p>\n","protected":false},"author":12,"featured_media":56971,"comment_status":"closed","ping_status":"open","sticky":false,"template":"","format":"standard","meta":{"_jetpack_memberships_contains_paid_content":false,"footnotes":"","jetpack_publicize_message":"","jetpack_publicize_feature_enabled":true,"jetpack_social_post_already_shared":false,"jetpack_social_options":{"image_generator_settings":{"template":"highway","default_image_id":0,"font":"","enabled":false},"version":2}},"categories":[921,150,196,140],"tags":[34996,34997,30465,304],"class_list":["post-56970","post","type-post","status-publish","format-standard","has-post-thumbnail","hentry","category-home","category-in-primo-piano","category-news","category-reggio-calabria","tag-lo-specchio-dipinto","tag-cinema-allaperto","tag-falcomata-giuseppe","tag-lungomare-falcomata"],"yoast_head":"<!-- This site is optimized with the Yoast SEO plugin v27.2 - https:\/\/yoast.com\/product\/yoast-seo-wordpress\/ -->\n<title>Reggio: successo per le prime serate del Cinema all&#039;aperto<\/title>\n<meta name=\"description\" content=\"&quot;Il cinema all&#039;aperto veicolo di diffusione e conoscenza dei nostri luoghi del cuore&quot;, dichiara il Sindaco Metropolitano, Falcomat\u00e0\" \/>\n<meta name=\"robots\" content=\"index, follow, max-snippet:-1, max-image-preview:large, max-video-preview:-1\" \/>\n<link rel=\"canonical\" href=\"https:\/\/progettotouring.it\/radiotouring104\/2024\/08\/27\/reggio-successo-per-le-prime-serate-del-cinema-allaperto\/\" \/>\n<meta property=\"og:locale\" content=\"it_IT\" \/>\n<meta property=\"og:type\" content=\"article\" \/>\n<meta property=\"og:title\" content=\"Reggio: successo per le prime serate del Cinema all&#039;aperto\" \/>\n<meta property=\"og:description\" content=\"&quot;Il cinema all&#039;aperto veicolo di diffusione e conoscenza dei nostri luoghi del cuore&quot;, dichiara il Sindaco Metropolitano, Falcomat\u00e0\" \/>\n<meta property=\"og:url\" content=\"https:\/\/progettotouring.it\/radiotouring104\/2024\/08\/27\/reggio-successo-per-le-prime-serate-del-cinema-allaperto\/\" \/>\n<meta property=\"og:site_name\" content=\"Radio Touring 104\" \/>\n<meta property=\"article:published_time\" content=\"2024-08-27T10:40:26+00:00\" \/>\n<meta property=\"og:image\" content=\"https:\/\/progettotouring.it\/radiotouring104\/wp-content\/uploads\/sites\/6\/2024\/08\/Cinema-allaperto-reggio.jpeg\" \/>\n\t<meta property=\"og:image:width\" content=\"1600\" \/>\n\t<meta property=\"og:image:height\" content=\"900\" \/>\n\t<meta property=\"og:image:type\" content=\"image\/jpeg\" \/>\n<meta name=\"author\" content=\"Sebastiano Plutino\" \/>\n<meta name=\"twitter:card\" content=\"summary_large_image\" \/>\n<meta name=\"twitter:label1\" content=\"Scritto da\" \/>\n\t<meta name=\"twitter:data1\" content=\"Sebastiano Plutino\" \/>\n\t<meta name=\"twitter:label2\" content=\"Tempo di lettura stimato\" \/>\n\t<meta name=\"twitter:data2\" content=\"2 minuti\" \/>\n<script type=\"application\/ld+json\" class=\"yoast-schema-graph\">{\"@context\":\"https:\/\/schema.org\",\"@graph\":[{\"@type\":\"Article\",\"@id\":\"https:\/\/progettotouring.it\/radiotouring104\/2024\/08\/27\/reggio-successo-per-le-prime-serate-del-cinema-allaperto\/#article\",\"isPartOf\":{\"@id\":\"https:\/\/progettotouring.it\/radiotouring104\/2024\/08\/27\/reggio-successo-per-le-prime-serate-del-cinema-allaperto\/\"},\"author\":{\"name\":\"Sebastiano Plutino\",\"@id\":\"https:\/\/progettotouring.it\/radiotouring104\/#\/schema\/person\/78613917f1851f041f7483f5af1d422e\"},\"headline\":\"Reggio: successo per le prime serate del Cinema all&#8217;aperto\",\"datePublished\":\"2024-08-27T10:40:26+00:00\",\"mainEntityOfPage\":{\"@id\":\"https:\/\/progettotouring.it\/radiotouring104\/2024\/08\/27\/reggio-successo-per-le-prime-serate-del-cinema-allaperto\/\"},\"wordCount\":356,\"publisher\":{\"@id\":\"https:\/\/progettotouring.it\/radiotouring104\/#organization\"},\"image\":{\"@id\":\"https:\/\/progettotouring.it\/radiotouring104\/2024\/08\/27\/reggio-successo-per-le-prime-serate-del-cinema-allaperto\/#primaryimage\"},\"thumbnailUrl\":\"https:\/\/progettotouring.it\/radiotouring104\/wp-content\/uploads\/sites\/6\/2024\/08\/Cinema-allaperto-reggio.jpeg\",\"keywords\":[\"\u201cLo specchio dipinto\\\"\",\"cinema all'aperto\",\"Falcomat\u00e0 Giuseppe\",\"lungomare falcomat\u00e0\"],\"articleSection\":[\"Home\",\"In primo piano\",\"News\",\"Reggio Calabria\"],\"inLanguage\":\"it-IT\"},{\"@type\":\"WebPage\",\"@id\":\"https:\/\/progettotouring.it\/radiotouring104\/2024\/08\/27\/reggio-successo-per-le-prime-serate-del-cinema-allaperto\/\",\"url\":\"https:\/\/progettotouring.it\/radiotouring104\/2024\/08\/27\/reggio-successo-per-le-prime-serate-del-cinema-allaperto\/\",\"name\":\"Reggio: successo per le prime serate del Cinema all'aperto\",\"isPartOf\":{\"@id\":\"https:\/\/progettotouring.it\/radiotouring104\/#website\"},\"primaryImageOfPage\":{\"@id\":\"https:\/\/progettotouring.it\/radiotouring104\/2024\/08\/27\/reggio-successo-per-le-prime-serate-del-cinema-allaperto\/#primaryimage\"},\"image\":{\"@id\":\"https:\/\/progettotouring.it\/radiotouring104\/2024\/08\/27\/reggio-successo-per-le-prime-serate-del-cinema-allaperto\/#primaryimage\"},\"thumbnailUrl\":\"https:\/\/progettotouring.it\/radiotouring104\/wp-content\/uploads\/sites\/6\/2024\/08\/Cinema-allaperto-reggio.jpeg\",\"datePublished\":\"2024-08-27T10:40:26+00:00\",\"description\":\"\\\"Il cinema all'aperto veicolo di diffusione e conoscenza dei nostri luoghi del cuore\\\", dichiara il Sindaco Metropolitano, Falcomat\u00e0\",\"breadcrumb\":{\"@id\":\"https:\/\/progettotouring.it\/radiotouring104\/2024\/08\/27\/reggio-successo-per-le-prime-serate-del-cinema-allaperto\/#breadcrumb\"},\"inLanguage\":\"it-IT\",\"potentialAction\":[{\"@type\":\"ReadAction\",\"target\":[\"https:\/\/progettotouring.it\/radiotouring104\/2024\/08\/27\/reggio-successo-per-le-prime-serate-del-cinema-allaperto\/\"]}]},{\"@type\":\"ImageObject\",\"inLanguage\":\"it-IT\",\"@id\":\"https:\/\/progettotouring.it\/radiotouring104\/2024\/08\/27\/reggio-successo-per-le-prime-serate-del-cinema-allaperto\/#primaryimage\",\"url\":\"https:\/\/progettotouring.it\/radiotouring104\/wp-content\/uploads\/sites\/6\/2024\/08\/Cinema-allaperto-reggio.jpeg\",\"contentUrl\":\"https:\/\/progettotouring.it\/radiotouring104\/wp-content\/uploads\/sites\/6\/2024\/08\/Cinema-allaperto-reggio.jpeg\",\"width\":1600,\"height\":900},{\"@type\":\"BreadcrumbList\",\"@id\":\"https:\/\/progettotouring.it\/radiotouring104\/2024\/08\/27\/reggio-successo-per-le-prime-serate-del-cinema-allaperto\/#breadcrumb\",\"itemListElement\":[{\"@type\":\"ListItem\",\"position\":1,\"name\":\"Home\",\"item\":\"https:\/\/progettotouring.it\/radiotouring104\/\"},{\"@type\":\"ListItem\",\"position\":2,\"name\":\"Reggio: successo per le prime serate del Cinema all&#8217;aperto\"}]},{\"@type\":\"WebSite\",\"@id\":\"https:\/\/progettotouring.it\/radiotouring104\/#website\",\"url\":\"https:\/\/progettotouring.it\/radiotouring104\/\",\"name\":\"Radio Touring 104\",\"description\":\"La prima radio Reggina\",\"publisher\":{\"@id\":\"https:\/\/progettotouring.it\/radiotouring104\/#organization\"},\"potentialAction\":[{\"@type\":\"SearchAction\",\"target\":{\"@type\":\"EntryPoint\",\"urlTemplate\":\"https:\/\/progettotouring.it\/radiotouring104\/?s={search_term_string}\"},\"query-input\":{\"@type\":\"PropertyValueSpecification\",\"valueRequired\":true,\"valueName\":\"search_term_string\"}}],\"inLanguage\":\"it-IT\"},{\"@type\":\"Organization\",\"@id\":\"https:\/\/progettotouring.it\/radiotouring104\/#organization\",\"name\":\"Radio Touring 104\",\"url\":\"https:\/\/progettotouring.it\/radiotouring104\/\",\"logo\":{\"@type\":\"ImageObject\",\"inLanguage\":\"it-IT\",\"@id\":\"https:\/\/progettotouring.it\/radiotouring104\/#\/schema\/logo\/image\/\",\"url\":\"https:\/\/progettotouring.it\/radiotouring104\/wp-content\/uploads\/sites\/6\/2022\/02\/cropped-logo-radio-touring-104.png\",\"contentUrl\":\"https:\/\/progettotouring.it\/radiotouring104\/wp-content\/uploads\/sites\/6\/2022\/02\/cropped-logo-radio-touring-104.png\",\"width\":377,\"height\":182,\"caption\":\"Radio Touring 104\"},\"image\":{\"@id\":\"https:\/\/progettotouring.it\/radiotouring104\/#\/schema\/logo\/image\/\"}},{\"@type\":\"Person\",\"@id\":\"https:\/\/progettotouring.it\/radiotouring104\/#\/schema\/person\/78613917f1851f041f7483f5af1d422e\",\"name\":\"Sebastiano Plutino\",\"image\":{\"@type\":\"ImageObject\",\"inLanguage\":\"it-IT\",\"@id\":\"https:\/\/secure.gravatar.com\/avatar\/0546ffaa9b79224faf9f2a156b67a529ae861d3287c66c1d8ccfdf909bcba78d?s=96&d=mm&r=g\",\"url\":\"https:\/\/secure.gravatar.com\/avatar\/0546ffaa9b79224faf9f2a156b67a529ae861d3287c66c1d8ccfdf909bcba78d?s=96&d=mm&r=g\",\"contentUrl\":\"https:\/\/secure.gravatar.com\/avatar\/0546ffaa9b79224faf9f2a156b67a529ae861d3287c66c1d8ccfdf909bcba78d?s=96&d=mm&r=g\",\"caption\":\"Sebastiano Plutino\"},\"url\":\"https:\/\/progettotouring.it\/radiotouring104\/author\/sebastiano\/\"}]}<\/script>\n<!-- \/ Yoast SEO plugin. -->","yoast_head_json":{"title":"Reggio: successo per le prime serate del Cinema all'aperto","description":"\"Il cinema all'aperto veicolo di diffusione e conoscenza dei nostri luoghi del cuore\", dichiara il Sindaco Metropolitano, Falcomat\u00e0","robots":{"index":"index","follow":"follow","max-snippet":"max-snippet:-1","max-image-preview":"max-image-preview:large","max-video-preview":"max-video-preview:-1"},"canonical":"https:\/\/progettotouring.it\/radiotouring104\/2024\/08\/27\/reggio-successo-per-le-prime-serate-del-cinema-allaperto\/","og_locale":"it_IT","og_type":"article","og_title":"Reggio: successo per le prime serate del Cinema all'aperto","og_description":"\"Il cinema all'aperto veicolo di diffusione e conoscenza dei nostri luoghi del cuore\", dichiara il Sindaco Metropolitano, Falcomat\u00e0","og_url":"https:\/\/progettotouring.it\/radiotouring104\/2024\/08\/27\/reggio-successo-per-le-prime-serate-del-cinema-allaperto\/","og_site_name":"Radio Touring 104","article_published_time":"2024-08-27T10:40:26+00:00","og_image":[{"width":1600,"height":900,"url":"https:\/\/progettotouring.it\/radiotouring104\/wp-content\/uploads\/sites\/6\/2024\/08\/Cinema-allaperto-reggio.jpeg","type":"image\/jpeg"}],"author":"Sebastiano Plutino","twitter_card":"summary_large_image","twitter_misc":{"Scritto da":"Sebastiano Plutino","Tempo di lettura stimato":"2 minuti"},"schema":{"@context":"https:\/\/schema.org","@graph":[{"@type":"Article","@id":"https:\/\/progettotouring.it\/radiotouring104\/2024\/08\/27\/reggio-successo-per-le-prime-serate-del-cinema-allaperto\/#article","isPartOf":{"@id":"https:\/\/progettotouring.it\/radiotouring104\/2024\/08\/27\/reggio-successo-per-le-prime-serate-del-cinema-allaperto\/"},"author":{"name":"Sebastiano Plutino","@id":"https:\/\/progettotouring.it\/radiotouring104\/#\/schema\/person\/78613917f1851f041f7483f5af1d422e"},"headline":"Reggio: successo per le prime serate del Cinema all&#8217;aperto","datePublished":"2024-08-27T10:40:26+00:00","mainEntityOfPage":{"@id":"https:\/\/progettotouring.it\/radiotouring104\/2024\/08\/27\/reggio-successo-per-le-prime-serate-del-cinema-allaperto\/"},"wordCount":356,"publisher":{"@id":"https:\/\/progettotouring.it\/radiotouring104\/#organization"},"image":{"@id":"https:\/\/progettotouring.it\/radiotouring104\/2024\/08\/27\/reggio-successo-per-le-prime-serate-del-cinema-allaperto\/#primaryimage"},"thumbnailUrl":"https:\/\/progettotouring.it\/radiotouring104\/wp-content\/uploads\/sites\/6\/2024\/08\/Cinema-allaperto-reggio.jpeg","keywords":["\u201cLo specchio dipinto\"","cinema all'aperto","Falcomat\u00e0 Giuseppe","lungomare falcomat\u00e0"],"articleSection":["Home","In primo piano","News","Reggio Calabria"],"inLanguage":"it-IT"},{"@type":"WebPage","@id":"https:\/\/progettotouring.it\/radiotouring104\/2024\/08\/27\/reggio-successo-per-le-prime-serate-del-cinema-allaperto\/","url":"https:\/\/progettotouring.it\/radiotouring104\/2024\/08\/27\/reggio-successo-per-le-prime-serate-del-cinema-allaperto\/","name":"Reggio: successo per le prime serate del Cinema all'aperto","isPartOf":{"@id":"https:\/\/progettotouring.it\/radiotouring104\/#website"},"primaryImageOfPage":{"@id":"https:\/\/progettotouring.it\/radiotouring104\/2024\/08\/27\/reggio-successo-per-le-prime-serate-del-cinema-allaperto\/#primaryimage"},"image":{"@id":"https:\/\/progettotouring.it\/radiotouring104\/2024\/08\/27\/reggio-successo-per-le-prime-serate-del-cinema-allaperto\/#primaryimage"},"thumbnailUrl":"https:\/\/progettotouring.it\/radiotouring104\/wp-content\/uploads\/sites\/6\/2024\/08\/Cinema-allaperto-reggio.jpeg","datePublished":"2024-08-27T10:40:26+00:00","description":"\"Il cinema all'aperto veicolo di diffusione e conoscenza dei nostri luoghi del cuore\", dichiara il Sindaco Metropolitano, Falcomat\u00e0","breadcrumb":{"@id":"https:\/\/progettotouring.it\/radiotouring104\/2024\/08\/27\/reggio-successo-per-le-prime-serate-del-cinema-allaperto\/#breadcrumb"},"inLanguage":"it-IT","potentialAction":[{"@type":"ReadAction","target":["https:\/\/progettotouring.it\/radiotouring104\/2024\/08\/27\/reggio-successo-per-le-prime-serate-del-cinema-allaperto\/"]}]},{"@type":"ImageObject","inLanguage":"it-IT","@id":"https:\/\/progettotouring.it\/radiotouring104\/2024\/08\/27\/reggio-successo-per-le-prime-serate-del-cinema-allaperto\/#primaryimage","url":"https:\/\/progettotouring.it\/radiotouring104\/wp-content\/uploads\/sites\/6\/2024\/08\/Cinema-allaperto-reggio.jpeg","contentUrl":"https:\/\/progettotouring.it\/radiotouring104\/wp-content\/uploads\/sites\/6\/2024\/08\/Cinema-allaperto-reggio.jpeg","width":1600,"height":900},{"@type":"BreadcrumbList","@id":"https:\/\/progettotouring.it\/radiotouring104\/2024\/08\/27\/reggio-successo-per-le-prime-serate-del-cinema-allaperto\/#breadcrumb","itemListElement":[{"@type":"ListItem","position":1,"name":"Home","item":"https:\/\/progettotouring.it\/radiotouring104\/"},{"@type":"ListItem","position":2,"name":"Reggio: successo per le prime serate del Cinema all&#8217;aperto"}]},{"@type":"WebSite","@id":"https:\/\/progettotouring.it\/radiotouring104\/#website","url":"https:\/\/progettotouring.it\/radiotouring104\/","name":"Radio Touring 104","description":"La prima radio Reggina","publisher":{"@id":"https:\/\/progettotouring.it\/radiotouring104\/#organization"},"potentialAction":[{"@type":"SearchAction","target":{"@type":"EntryPoint","urlTemplate":"https:\/\/progettotouring.it\/radiotouring104\/?s={search_term_string}"},"query-input":{"@type":"PropertyValueSpecification","valueRequired":true,"valueName":"search_term_string"}}],"inLanguage":"it-IT"},{"@type":"Organization","@id":"https:\/\/progettotouring.it\/radiotouring104\/#organization","name":"Radio Touring 104","url":"https:\/\/progettotouring.it\/radiotouring104\/","logo":{"@type":"ImageObject","inLanguage":"it-IT","@id":"https:\/\/progettotouring.it\/radiotouring104\/#\/schema\/logo\/image\/","url":"https:\/\/progettotouring.it\/radiotouring104\/wp-content\/uploads\/sites\/6\/2022\/02\/cropped-logo-radio-touring-104.png","contentUrl":"https:\/\/progettotouring.it\/radiotouring104\/wp-content\/uploads\/sites\/6\/2022\/02\/cropped-logo-radio-touring-104.png","width":377,"height":182,"caption":"Radio Touring 104"},"image":{"@id":"https:\/\/progettotouring.it\/radiotouring104\/#\/schema\/logo\/image\/"}},{"@type":"Person","@id":"https:\/\/progettotouring.it\/radiotouring104\/#\/schema\/person\/78613917f1851f041f7483f5af1d422e","name":"Sebastiano Plutino","image":{"@type":"ImageObject","inLanguage":"it-IT","@id":"https:\/\/secure.gravatar.com\/avatar\/0546ffaa9b79224faf9f2a156b67a529ae861d3287c66c1d8ccfdf909bcba78d?s=96&d=mm&r=g","url":"https:\/\/secure.gravatar.com\/avatar\/0546ffaa9b79224faf9f2a156b67a529ae861d3287c66c1d8ccfdf909bcba78d?s=96&d=mm&r=g","contentUrl":"https:\/\/secure.gravatar.com\/avatar\/0546ffaa9b79224faf9f2a156b67a529ae861d3287c66c1d8ccfdf909bcba78d?s=96&d=mm&r=g","caption":"Sebastiano Plutino"},"url":"https:\/\/progettotouring.it\/radiotouring104\/author\/sebastiano\/"}]}},"jetpack_publicize_connections":[],"jetpack_featured_media_url":"https:\/\/progettotouring.it\/radiotouring104\/wp-content\/uploads\/sites\/6\/2024\/08\/Cinema-allaperto-reggio.jpeg","jetpack_sharing_enabled":true,"_links":{"self":[{"href":"https:\/\/progettotouring.it\/radiotouring104\/wp-json\/wp\/v2\/posts\/56970","targetHints":{"allow":["GET"]}}],"collection":[{"href":"https:\/\/progettotouring.it\/radiotouring104\/wp-json\/wp\/v2\/posts"}],"about":[{"href":"https:\/\/progettotouring.it\/radiotouring104\/wp-json\/wp\/v2\/types\/post"}],"author":[{"embeddable":true,"href":"https:\/\/progettotouring.it\/radiotouring104\/wp-json\/wp\/v2\/users\/12"}],"replies":[{"embeddable":true,"href":"https:\/\/progettotouring.it\/radiotouring104\/wp-json\/wp\/v2\/comments?post=56970"}],"version-history":[{"count":1,"href":"https:\/\/progettotouring.it\/radiotouring104\/wp-json\/wp\/v2\/posts\/56970\/revisions"}],"predecessor-version":[{"id":56972,"href":"https:\/\/progettotouring.it\/radiotouring104\/wp-json\/wp\/v2\/posts\/56970\/revisions\/56972"}],"wp:featuredmedia":[{"embeddable":true,"href":"https:\/\/progettotouring.it\/radiotouring104\/wp-json\/wp\/v2\/media\/56971"}],"wp:attachment":[{"href":"https:\/\/progettotouring.it\/radiotouring104\/wp-json\/wp\/v2\/media?parent=56970"}],"wp:term":[{"taxonomy":"category","embeddable":true,"href":"https:\/\/progettotouring.it\/radiotouring104\/wp-json\/wp\/v2\/categories?post=56970"},{"taxonomy":"post_tag","embeddable":true,"href":"https:\/\/progettotouring.it\/radiotouring104\/wp-json\/wp\/v2\/tags?post=56970"}],"curies":[{"name":"wp","href":"https:\/\/api.w.org\/{rel}","templated":true}]}}