{"id":56988,"date":"2024-08-27T13:04:33","date_gmt":"2024-08-27T11:04:33","guid":{"rendered":"https:\/\/progettotouring.it\/radiotouring104\/?p=56988"},"modified":"2024-08-27T13:04:33","modified_gmt":"2024-08-27T11:04:33","slug":"coach-stefano-scarpa-qui-per-far-bene-con-la-redel","status":"publish","type":"post","link":"https:\/\/progettotouring.it\/radiotouring104\/2024\/08\/27\/coach-stefano-scarpa-qui-per-far-bene-con-la-redel\/","title":{"rendered":"Coach Stefano Scarpa: \u201cQui per far bene con la Redel\u201d"},"content":{"rendered":"<p style=\"text-align: justify\">Allenatore da oltre 35 anni, Stefano Scarpa ha allenato sia in ambito maschile che femminile. Ha disputato campionati maschili di Serie C e Serie D e in ambito femminile ha fatto l\u2019Assistente Allenatore in Serie A.\u00a0 Con le giovanili ha partecipato a molte finali nazionali sia maschili che femminili. Ha un\u2019 ottima conoscenza delle dinamiche di un settore giovanile ed allena giovani generazioni con competenza seriet\u00e0 e dedizione.<br \/>\nOggi \u00e8 un perno della societ\u00e0 neroarancio.<br \/>\nEcco le sue considerazioni<\/p>\n<p style=\"text-align: justify\">\u201cSta andando tutto bene.<br \/>\nStiamo lavorando sodo sia con la serie B, che con i ragazzi pi\u00f9 giovani.<br \/>\nL\u2019atmosfera \u00e8 molto stimolante.<br \/>\nL\u2019ambiente \u00e8 super.<br \/>\nI ragazzi, inoltre, ci stanno dando dentro\u201d.<\/p>\n<p style=\"text-align: justify\">La nuova esperienza?<\/p>\n<p style=\"text-align: justify\">\u201cE\u2019 la mia prima esperienza al sud, negli ultimi 7 anni ho lavorato in Orange One Bassano, uno dei club di punta in Italia e non solo per quanto concerne il settore giovanile.<br \/>\nLa Viola \u00e8 un\u2019esperienza molto stimolante.<br \/>\nNuovo ambiente, dove occorrer\u00e0 lavorare \u201ca testa bassa\u201d giorno dopo giorno per un progetto interessante ed ambizioso.<br \/>\nServir\u00e0 del tempo per svilupparlo come si deve, per\u00f2 le persone ci sono, la volont\u00e0 c\u2019\u00e8, il progetto c\u2019\u00e8, quindi c\u2019\u00e8 solo da lavorare pi\u00f9 intensamente.<\/p>\n<p style=\"text-align: justify\">Come procede il lavoro in compagnia del capo allenatore Giulio Cadeo e di Seby D\u2019Agostino, altro perno dello staff?<\/p>\n<p style=\"text-align: justify\">\u201cStiamo stiamo lavorando bene, mettendo insieme tante idee.<br \/>\nCoach Giulio Cadeo \u00e8 una persona che ha un\u2019esperienza infinita e le sue direttive sono chiare per i ragazzi .<br \/>\nEntrambi sono estremamente disponibili e di conseguenza procediamo spediti\u201d.<\/p>\n<p style=\"text-align: justify\">Il mio ambientamento?<\/p>\n<p style=\"text-align: justify\">\u201cLa citt\u00e0 \u00e8 meravigliosa e sono riuscito ad ambientarmi anche al caldo.<br \/>\nHo gi\u00e0 visitato diversi posti, in special modo la nuova e bellissima Area Urbana Tempietto in occasione della nostra prima uscita stagionale, insieme, nel Playground dedicato a Kobe e Gianna Bryant\u201d.<\/p>\n<p style=\"text-align: justify\">L\u2019obiettivo?<\/p>\n<p style=\"text-align: justify\">\u201cAumentiamo la base.<br \/>\nL\u2019auspicio \u00e8 che i nostri ragazzi mantengano il loro entusiasmo e ritorniamo ad essere quello che vorremmo ci fosse in una piazza del genere.<br \/>\nUna Viola presente sul territorio, ambiziosa e concreta\u201d<\/p>\n","protected":false},"excerpt":{"rendered":"<p>Allenatore da oltre 35 anni, Stefano Scarpa ha allenato sia in ambito maschile che femminile. Ha disputato campionati maschili di Serie C e Serie D e in ambito femminile ha&hellip;<\/p>\n","protected":false},"author":12,"featured_media":56989,"comment_status":"closed","ping_status":"open","sticky":false,"template":"","format":"standard","meta":{"_jetpack_memberships_contains_paid_content":false,"footnotes":"","jetpack_publicize_message":"","jetpack_publicize_feature_enabled":true,"jetpack_social_post_already_shared":false,"jetpack_social_options":{"image_generator_settings":{"template":"highway","default_image_id":0,"font":"","enabled":false},"version":2}},"categories":[196,140,144],"tags":[35033,34365,35032],"class_list":["post-56988","post","type-post","status-publish","format-standard","has-post-thumbnail","hentry","category-news","category-reggio-calabria","category-sport","tag-qui-per-far-bene-con-la-redel","tag-redel-viola","tag-stefano-scarpa"],"yoast_head":"<!-- This site is optimized with the Yoast SEO plugin v27.2 - https:\/\/yoast.com\/product\/yoast-seo-wordpress\/ -->\n<title>Coach Stefano Scarpa: \u201cQui per far bene con la Redel\u201d - Radio Touring 104<\/title>\n<meta name=\"description\" content=\"Ecco le sue considerazioni di coach Stefano Scarpa, con esperienze in ambito sia maschile che femminile, oggi perno della societ\u00e0 neroarancio\" \/>\n<meta name=\"robots\" content=\"index, follow, max-snippet:-1, max-image-preview:large, max-video-preview:-1\" \/>\n<link rel=\"canonical\" href=\"https:\/\/progettotouring.it\/radiotouring104\/2024\/08\/27\/coach-stefano-scarpa-qui-per-far-bene-con-la-redel\/\" \/>\n<meta property=\"og:locale\" content=\"it_IT\" \/>\n<meta property=\"og:type\" content=\"article\" \/>\n<meta property=\"og:title\" content=\"Coach Stefano Scarpa: \u201cQui per far bene con la Redel\u201d - Radio Touring 104\" \/>\n<meta property=\"og:description\" content=\"Ecco le sue considerazioni di coach Stefano Scarpa, con esperienze in ambito sia maschile che femminile, oggi perno della societ\u00e0 neroarancio\" \/>\n<meta property=\"og:url\" content=\"https:\/\/progettotouring.it\/radiotouring104\/2024\/08\/27\/coach-stefano-scarpa-qui-per-far-bene-con-la-redel\/\" \/>\n<meta property=\"og:site_name\" content=\"Radio Touring 104\" \/>\n<meta property=\"article:published_time\" content=\"2024-08-27T11:04:33+00:00\" \/>\n<meta property=\"og:image\" content=\"https:\/\/progettotouring.it\/radiotouring104\/wp-content\/uploads\/sites\/6\/2024\/08\/Stefano-Scarpa-Redel.jpeg\" \/>\n\t<meta property=\"og:image:width\" content=\"300\" \/>\n\t<meta property=\"og:image:height\" content=\"300\" \/>\n\t<meta property=\"og:image:type\" content=\"image\/jpeg\" \/>\n<meta name=\"author\" content=\"Sebastiano Plutino\" \/>\n<meta name=\"twitter:card\" content=\"summary_large_image\" \/>\n<meta name=\"twitter:label1\" content=\"Scritto da\" \/>\n\t<meta name=\"twitter:data1\" content=\"Sebastiano Plutino\" \/>\n\t<meta name=\"twitter:label2\" content=\"Tempo di lettura stimato\" \/>\n\t<meta name=\"twitter:data2\" content=\"2 minuti\" \/>\n<script type=\"application\/ld+json\" class=\"yoast-schema-graph\">{\"@context\":\"https:\/\/schema.org\",\"@graph\":[{\"@type\":\"Article\",\"@id\":\"https:\/\/progettotouring.it\/radiotouring104\/2024\/08\/27\/coach-stefano-scarpa-qui-per-far-bene-con-la-redel\/#article\",\"isPartOf\":{\"@id\":\"https:\/\/progettotouring.it\/radiotouring104\/2024\/08\/27\/coach-stefano-scarpa-qui-per-far-bene-con-la-redel\/\"},\"author\":{\"name\":\"Sebastiano Plutino\",\"@id\":\"https:\/\/progettotouring.it\/radiotouring104\/#\/schema\/person\/78613917f1851f041f7483f5af1d422e\"},\"headline\":\"Coach Stefano Scarpa: \u201cQui per far bene con la Redel\u201d\",\"datePublished\":\"2024-08-27T11:04:33+00:00\",\"mainEntityOfPage\":{\"@id\":\"https:\/\/progettotouring.it\/radiotouring104\/2024\/08\/27\/coach-stefano-scarpa-qui-per-far-bene-con-la-redel\/\"},\"wordCount\":342,\"publisher\":{\"@id\":\"https:\/\/progettotouring.it\/radiotouring104\/#organization\"},\"image\":{\"@id\":\"https:\/\/progettotouring.it\/radiotouring104\/2024\/08\/27\/coach-stefano-scarpa-qui-per-far-bene-con-la-redel\/#primaryimage\"},\"thumbnailUrl\":\"https:\/\/progettotouring.it\/radiotouring104\/wp-content\/uploads\/sites\/6\/2024\/08\/Stefano-Scarpa-Redel.jpeg\",\"keywords\":[\"\u201cQui per far bene con la Redel\u201d\",\"Redel Viola\",\"Stefano Scarpa\"],\"articleSection\":[\"News\",\"Reggio Calabria\",\"Sport\"],\"inLanguage\":\"it-IT\"},{\"@type\":\"WebPage\",\"@id\":\"https:\/\/progettotouring.it\/radiotouring104\/2024\/08\/27\/coach-stefano-scarpa-qui-per-far-bene-con-la-redel\/\",\"url\":\"https:\/\/progettotouring.it\/radiotouring104\/2024\/08\/27\/coach-stefano-scarpa-qui-per-far-bene-con-la-redel\/\",\"name\":\"Coach Stefano Scarpa: \u201cQui per far bene con la Redel\u201d - Radio Touring 104\",\"isPartOf\":{\"@id\":\"https:\/\/progettotouring.it\/radiotouring104\/#website\"},\"primaryImageOfPage\":{\"@id\":\"https:\/\/progettotouring.it\/radiotouring104\/2024\/08\/27\/coach-stefano-scarpa-qui-per-far-bene-con-la-redel\/#primaryimage\"},\"image\":{\"@id\":\"https:\/\/progettotouring.it\/radiotouring104\/2024\/08\/27\/coach-stefano-scarpa-qui-per-far-bene-con-la-redel\/#primaryimage\"},\"thumbnailUrl\":\"https:\/\/progettotouring.it\/radiotouring104\/wp-content\/uploads\/sites\/6\/2024\/08\/Stefano-Scarpa-Redel.jpeg\",\"datePublished\":\"2024-08-27T11:04:33+00:00\",\"description\":\"Ecco le sue considerazioni di coach Stefano Scarpa, con esperienze in ambito sia maschile che femminile, oggi perno della societ\u00e0 neroarancio\",\"breadcrumb\":{\"@id\":\"https:\/\/progettotouring.it\/radiotouring104\/2024\/08\/27\/coach-stefano-scarpa-qui-per-far-bene-con-la-redel\/#breadcrumb\"},\"inLanguage\":\"it-IT\",\"potentialAction\":[{\"@type\":\"ReadAction\",\"target\":[\"https:\/\/progettotouring.it\/radiotouring104\/2024\/08\/27\/coach-stefano-scarpa-qui-per-far-bene-con-la-redel\/\"]}]},{\"@type\":\"ImageObject\",\"inLanguage\":\"it-IT\",\"@id\":\"https:\/\/progettotouring.it\/radiotouring104\/2024\/08\/27\/coach-stefano-scarpa-qui-per-far-bene-con-la-redel\/#primaryimage\",\"url\":\"https:\/\/progettotouring.it\/radiotouring104\/wp-content\/uploads\/sites\/6\/2024\/08\/Stefano-Scarpa-Redel.jpeg\",\"contentUrl\":\"https:\/\/progettotouring.it\/radiotouring104\/wp-content\/uploads\/sites\/6\/2024\/08\/Stefano-Scarpa-Redel.jpeg\",\"width\":300,\"height\":300},{\"@type\":\"BreadcrumbList\",\"@id\":\"https:\/\/progettotouring.it\/radiotouring104\/2024\/08\/27\/coach-stefano-scarpa-qui-per-far-bene-con-la-redel\/#breadcrumb\",\"itemListElement\":[{\"@type\":\"ListItem\",\"position\":1,\"name\":\"Home\",\"item\":\"https:\/\/progettotouring.it\/radiotouring104\/\"},{\"@type\":\"ListItem\",\"position\":2,\"name\":\"Coach Stefano Scarpa: \u201cQui per far bene con la Redel\u201d\"}]},{\"@type\":\"WebSite\",\"@id\":\"https:\/\/progettotouring.it\/radiotouring104\/#website\",\"url\":\"https:\/\/progettotouring.it\/radiotouring104\/\",\"name\":\"Radio Touring 104\",\"description\":\"La prima radio Reggina\",\"publisher\":{\"@id\":\"https:\/\/progettotouring.it\/radiotouring104\/#organization\"},\"potentialAction\":[{\"@type\":\"SearchAction\",\"target\":{\"@type\":\"EntryPoint\",\"urlTemplate\":\"https:\/\/progettotouring.it\/radiotouring104\/?s={search_term_string}\"},\"query-input\":{\"@type\":\"PropertyValueSpecification\",\"valueRequired\":true,\"valueName\":\"search_term_string\"}}],\"inLanguage\":\"it-IT\"},{\"@type\":\"Organization\",\"@id\":\"https:\/\/progettotouring.it\/radiotouring104\/#organization\",\"name\":\"Radio Touring 104\",\"url\":\"https:\/\/progettotouring.it\/radiotouring104\/\",\"logo\":{\"@type\":\"ImageObject\",\"inLanguage\":\"it-IT\",\"@id\":\"https:\/\/progettotouring.it\/radiotouring104\/#\/schema\/logo\/image\/\",\"url\":\"https:\/\/progettotouring.it\/radiotouring104\/wp-content\/uploads\/sites\/6\/2022\/02\/cropped-logo-radio-touring-104.png\",\"contentUrl\":\"https:\/\/progettotouring.it\/radiotouring104\/wp-content\/uploads\/sites\/6\/2022\/02\/cropped-logo-radio-touring-104.png\",\"width\":377,\"height\":182,\"caption\":\"Radio Touring 104\"},\"image\":{\"@id\":\"https:\/\/progettotouring.it\/radiotouring104\/#\/schema\/logo\/image\/\"}},{\"@type\":\"Person\",\"@id\":\"https:\/\/progettotouring.it\/radiotouring104\/#\/schema\/person\/78613917f1851f041f7483f5af1d422e\",\"name\":\"Sebastiano Plutino\",\"image\":{\"@type\":\"ImageObject\",\"inLanguage\":\"it-IT\",\"@id\":\"https:\/\/secure.gravatar.com\/avatar\/0546ffaa9b79224faf9f2a156b67a529ae861d3287c66c1d8ccfdf909bcba78d?s=96&d=mm&r=g\",\"url\":\"https:\/\/secure.gravatar.com\/avatar\/0546ffaa9b79224faf9f2a156b67a529ae861d3287c66c1d8ccfdf909bcba78d?s=96&d=mm&r=g\",\"contentUrl\":\"https:\/\/secure.gravatar.com\/avatar\/0546ffaa9b79224faf9f2a156b67a529ae861d3287c66c1d8ccfdf909bcba78d?s=96&d=mm&r=g\",\"caption\":\"Sebastiano Plutino\"},\"url\":\"https:\/\/progettotouring.it\/radiotouring104\/author\/sebastiano\/\"}]}<\/script>\n<!-- \/ Yoast SEO plugin. -->","yoast_head_json":{"title":"Coach Stefano Scarpa: \u201cQui per far bene con la Redel\u201d - Radio Touring 104","description":"Ecco le sue considerazioni di coach Stefano Scarpa, con esperienze in ambito sia maschile che femminile, oggi perno della societ\u00e0 neroarancio","robots":{"index":"index","follow":"follow","max-snippet":"max-snippet:-1","max-image-preview":"max-image-preview:large","max-video-preview":"max-video-preview:-1"},"canonical":"https:\/\/progettotouring.it\/radiotouring104\/2024\/08\/27\/coach-stefano-scarpa-qui-per-far-bene-con-la-redel\/","og_locale":"it_IT","og_type":"article","og_title":"Coach Stefano Scarpa: \u201cQui per far bene con la Redel\u201d - Radio Touring 104","og_description":"Ecco le sue considerazioni di coach Stefano Scarpa, con esperienze in ambito sia maschile che femminile, oggi perno della societ\u00e0 neroarancio","og_url":"https:\/\/progettotouring.it\/radiotouring104\/2024\/08\/27\/coach-stefano-scarpa-qui-per-far-bene-con-la-redel\/","og_site_name":"Radio Touring 104","article_published_time":"2024-08-27T11:04:33+00:00","og_image":[{"width":300,"height":300,"url":"https:\/\/progettotouring.it\/radiotouring104\/wp-content\/uploads\/sites\/6\/2024\/08\/Stefano-Scarpa-Redel.jpeg","type":"image\/jpeg"}],"author":"Sebastiano Plutino","twitter_card":"summary_large_image","twitter_misc":{"Scritto da":"Sebastiano Plutino","Tempo di lettura stimato":"2 minuti"},"schema":{"@context":"https:\/\/schema.org","@graph":[{"@type":"Article","@id":"https:\/\/progettotouring.it\/radiotouring104\/2024\/08\/27\/coach-stefano-scarpa-qui-per-far-bene-con-la-redel\/#article","isPartOf":{"@id":"https:\/\/progettotouring.it\/radiotouring104\/2024\/08\/27\/coach-stefano-scarpa-qui-per-far-bene-con-la-redel\/"},"author":{"name":"Sebastiano Plutino","@id":"https:\/\/progettotouring.it\/radiotouring104\/#\/schema\/person\/78613917f1851f041f7483f5af1d422e"},"headline":"Coach Stefano Scarpa: \u201cQui per far bene con la Redel\u201d","datePublished":"2024-08-27T11:04:33+00:00","mainEntityOfPage":{"@id":"https:\/\/progettotouring.it\/radiotouring104\/2024\/08\/27\/coach-stefano-scarpa-qui-per-far-bene-con-la-redel\/"},"wordCount":342,"publisher":{"@id":"https:\/\/progettotouring.it\/radiotouring104\/#organization"},"image":{"@id":"https:\/\/progettotouring.it\/radiotouring104\/2024\/08\/27\/coach-stefano-scarpa-qui-per-far-bene-con-la-redel\/#primaryimage"},"thumbnailUrl":"https:\/\/progettotouring.it\/radiotouring104\/wp-content\/uploads\/sites\/6\/2024\/08\/Stefano-Scarpa-Redel.jpeg","keywords":["\u201cQui per far bene con la Redel\u201d","Redel Viola","Stefano Scarpa"],"articleSection":["News","Reggio Calabria","Sport"],"inLanguage":"it-IT"},{"@type":"WebPage","@id":"https:\/\/progettotouring.it\/radiotouring104\/2024\/08\/27\/coach-stefano-scarpa-qui-per-far-bene-con-la-redel\/","url":"https:\/\/progettotouring.it\/radiotouring104\/2024\/08\/27\/coach-stefano-scarpa-qui-per-far-bene-con-la-redel\/","name":"Coach Stefano Scarpa: \u201cQui per far bene con la Redel\u201d - Radio Touring 104","isPartOf":{"@id":"https:\/\/progettotouring.it\/radiotouring104\/#website"},"primaryImageOfPage":{"@id":"https:\/\/progettotouring.it\/radiotouring104\/2024\/08\/27\/coach-stefano-scarpa-qui-per-far-bene-con-la-redel\/#primaryimage"},"image":{"@id":"https:\/\/progettotouring.it\/radiotouring104\/2024\/08\/27\/coach-stefano-scarpa-qui-per-far-bene-con-la-redel\/#primaryimage"},"thumbnailUrl":"https:\/\/progettotouring.it\/radiotouring104\/wp-content\/uploads\/sites\/6\/2024\/08\/Stefano-Scarpa-Redel.jpeg","datePublished":"2024-08-27T11:04:33+00:00","description":"Ecco le sue considerazioni di coach Stefano Scarpa, con esperienze in ambito sia maschile che femminile, oggi perno della societ\u00e0 neroarancio","breadcrumb":{"@id":"https:\/\/progettotouring.it\/radiotouring104\/2024\/08\/27\/coach-stefano-scarpa-qui-per-far-bene-con-la-redel\/#breadcrumb"},"inLanguage":"it-IT","potentialAction":[{"@type":"ReadAction","target":["https:\/\/progettotouring.it\/radiotouring104\/2024\/08\/27\/coach-stefano-scarpa-qui-per-far-bene-con-la-redel\/"]}]},{"@type":"ImageObject","inLanguage":"it-IT","@id":"https:\/\/progettotouring.it\/radiotouring104\/2024\/08\/27\/coach-stefano-scarpa-qui-per-far-bene-con-la-redel\/#primaryimage","url":"https:\/\/progettotouring.it\/radiotouring104\/wp-content\/uploads\/sites\/6\/2024\/08\/Stefano-Scarpa-Redel.jpeg","contentUrl":"https:\/\/progettotouring.it\/radiotouring104\/wp-content\/uploads\/sites\/6\/2024\/08\/Stefano-Scarpa-Redel.jpeg","width":300,"height":300},{"@type":"BreadcrumbList","@id":"https:\/\/progettotouring.it\/radiotouring104\/2024\/08\/27\/coach-stefano-scarpa-qui-per-far-bene-con-la-redel\/#breadcrumb","itemListElement":[{"@type":"ListItem","position":1,"name":"Home","item":"https:\/\/progettotouring.it\/radiotouring104\/"},{"@type":"ListItem","position":2,"name":"Coach Stefano Scarpa: \u201cQui per far bene con la Redel\u201d"}]},{"@type":"WebSite","@id":"https:\/\/progettotouring.it\/radiotouring104\/#website","url":"https:\/\/progettotouring.it\/radiotouring104\/","name":"Radio Touring 104","description":"La prima radio Reggina","publisher":{"@id":"https:\/\/progettotouring.it\/radiotouring104\/#organization"},"potentialAction":[{"@type":"SearchAction","target":{"@type":"EntryPoint","urlTemplate":"https:\/\/progettotouring.it\/radiotouring104\/?s={search_term_string}"},"query-input":{"@type":"PropertyValueSpecification","valueRequired":true,"valueName":"search_term_string"}}],"inLanguage":"it-IT"},{"@type":"Organization","@id":"https:\/\/progettotouring.it\/radiotouring104\/#organization","name":"Radio Touring 104","url":"https:\/\/progettotouring.it\/radiotouring104\/","logo":{"@type":"ImageObject","inLanguage":"it-IT","@id":"https:\/\/progettotouring.it\/radiotouring104\/#\/schema\/logo\/image\/","url":"https:\/\/progettotouring.it\/radiotouring104\/wp-content\/uploads\/sites\/6\/2022\/02\/cropped-logo-radio-touring-104.png","contentUrl":"https:\/\/progettotouring.it\/radiotouring104\/wp-content\/uploads\/sites\/6\/2022\/02\/cropped-logo-radio-touring-104.png","width":377,"height":182,"caption":"Radio Touring 104"},"image":{"@id":"https:\/\/progettotouring.it\/radiotouring104\/#\/schema\/logo\/image\/"}},{"@type":"Person","@id":"https:\/\/progettotouring.it\/radiotouring104\/#\/schema\/person\/78613917f1851f041f7483f5af1d422e","name":"Sebastiano Plutino","image":{"@type":"ImageObject","inLanguage":"it-IT","@id":"https:\/\/secure.gravatar.com\/avatar\/0546ffaa9b79224faf9f2a156b67a529ae861d3287c66c1d8ccfdf909bcba78d?s=96&d=mm&r=g","url":"https:\/\/secure.gravatar.com\/avatar\/0546ffaa9b79224faf9f2a156b67a529ae861d3287c66c1d8ccfdf909bcba78d?s=96&d=mm&r=g","contentUrl":"https:\/\/secure.gravatar.com\/avatar\/0546ffaa9b79224faf9f2a156b67a529ae861d3287c66c1d8ccfdf909bcba78d?s=96&d=mm&r=g","caption":"Sebastiano Plutino"},"url":"https:\/\/progettotouring.it\/radiotouring104\/author\/sebastiano\/"}]}},"jetpack_publicize_connections":[],"jetpack_featured_media_url":"https:\/\/progettotouring.it\/radiotouring104\/wp-content\/uploads\/sites\/6\/2024\/08\/Stefano-Scarpa-Redel.jpeg","jetpack_sharing_enabled":true,"_links":{"self":[{"href":"https:\/\/progettotouring.it\/radiotouring104\/wp-json\/wp\/v2\/posts\/56988","targetHints":{"allow":["GET"]}}],"collection":[{"href":"https:\/\/progettotouring.it\/radiotouring104\/wp-json\/wp\/v2\/posts"}],"about":[{"href":"https:\/\/progettotouring.it\/radiotouring104\/wp-json\/wp\/v2\/types\/post"}],"author":[{"embeddable":true,"href":"https:\/\/progettotouring.it\/radiotouring104\/wp-json\/wp\/v2\/users\/12"}],"replies":[{"embeddable":true,"href":"https:\/\/progettotouring.it\/radiotouring104\/wp-json\/wp\/v2\/comments?post=56988"}],"version-history":[{"count":1,"href":"https:\/\/progettotouring.it\/radiotouring104\/wp-json\/wp\/v2\/posts\/56988\/revisions"}],"predecessor-version":[{"id":56990,"href":"https:\/\/progettotouring.it\/radiotouring104\/wp-json\/wp\/v2\/posts\/56988\/revisions\/56990"}],"wp:featuredmedia":[{"embeddable":true,"href":"https:\/\/progettotouring.it\/radiotouring104\/wp-json\/wp\/v2\/media\/56989"}],"wp:attachment":[{"href":"https:\/\/progettotouring.it\/radiotouring104\/wp-json\/wp\/v2\/media?parent=56988"}],"wp:term":[{"taxonomy":"category","embeddable":true,"href":"https:\/\/progettotouring.it\/radiotouring104\/wp-json\/wp\/v2\/categories?post=56988"},{"taxonomy":"post_tag","embeddable":true,"href":"https:\/\/progettotouring.it\/radiotouring104\/wp-json\/wp\/v2\/tags?post=56988"}],"curies":[{"name":"wp","href":"https:\/\/api.w.org\/{rel}","templated":true}]}}